{"id":10565,"date":"2014-08-07T14:01:00","date_gmt":"2014-08-07T14:01:00","guid":{"rendered":"https:\/\/www.joventaoista.org\/?p=10565"},"modified":"2014-08-14T17:52:16","modified_gmt":"2014-08-14T17:52:16","slug":"versoteo-en-memoria-a-los-veneravles-maestros","status":"publish","type":"post","link":"https:\/\/www.joventaoista.org\/eo\/versoteo-en-memoria-a-los-veneravles-maestros\/","title":{"rendered":"Versoteo en Memoria a los Veneravles Maestros"},"content":{"rendered":"<p style=\"text-align: center;\"><strong><span style=\"color: #ff6600;\">LEO 27 DE EL 2020 LUNIHELIOKRON 2020 DIA MARTES<\/span><\/strong><\/p>\n<p style=\"text-align: center;\"><strong><span style=\"color: #0000ff;\">DESPU\u00c9S DE EL NASISIERTO DE EL GRAN SHILHOH<\/span><\/strong><\/p>\n<p style=\"text-align: center;\"><strong><span style=\"color: #ff0000;\">Ke seg\u00fan Sat\u00e1n es Agosto 07 de el a\u00f1o 2014 d\u00eda Jueves.<\/span><\/strong><\/p>\n<p style=\"text-align: left;\">Presiado Puevlo de DIOS, Esmerados \u00a0kaminantes del sendero de la liverasel hoy un d\u00eda de livertad \u00a0donde \u00a0se perpetua \u00a0la gran Vatalla del Puente de \u00a0Vo\u00fdaca, d\u00eda \u00a0de \u00a0Livertadores \u00a0ke sois todos vosotros \u00a0pues sois portadores de la mas grande \u00a0espada livertaria ke es la gran Doktrina <strong><span style=\"color: #008000;\">TAO JUDIA DE VERDAD<\/span><\/strong> entregada\u00a0por nuestros \u00a0Veneravles Patriarkas <strong><span style=\"color: #ff6600;\">JAH KELIUM ZEUS INDUZEUS<\/span><span style=\"color: #ff6600;\"> <span style=\"color: #008000;\">y<\/span><span style=\"color: #0000ff;\">\u00a0SAMAEL JOAV VATHOR WEOR<\/span><\/span><\/strong>, \u00a0resivamos ante nuestros \u00a0ojos \u00a0un hermoso eskrito ke nos ense\u00f1ara lo ke se ha logrado de la magdu de los Elohims y lo ke podemos kontinuar perpetuando en honor a nuestros livertadores ke es la mejor forma de dar una gratitud hasiendo lo ke ellos nos ense\u00f1aron, ke es\u00a0servir a la humagdidad ense\u00f1ando las leyes de DIOS ke \u00a0sostienen la vida y dan la vida etervia a kienes las konosen y praktikan.<\/p>\n<p><a href=\"https:\/\/www.joventaoista.org\/wp-content\/uploads\/2014\/08\/En-memoria-a-nuestros-MAESTROS1_P\u00e1gina_1.png\"><img loading=\"lazy\" decoding=\"async\" class=\"size-large wp-image-10570 aligncenter\" src=\"https:\/\/www.joventaoista.org\/wp-content\/uploads\/2014\/08\/En-memoria-a-nuestros-MAESTROS1_P\u00e1gina_1-662x1024.png\" alt=\"En memoria a nuestros MAESTROS1_P\u00e1gina_1\" width=\"662\" height=\"1024\" srcset=\"https:\/\/www.joventaoista.org\/wp-content\/uploads\/2014\/08\/En-memoria-a-nuestros-MAESTROS1_P\u00e1gina_1-662x1024.png 662w, https:\/\/www.joventaoista.org\/wp-content\/uploads\/2014\/08\/En-memoria-a-nuestros-MAESTROS1_P\u00e1gina_1-600x927.png 600w, https:\/\/www.joventaoista.org\/wp-content\/uploads\/2014\/08\/En-memoria-a-nuestros-MAESTROS1_P\u00e1gina_1-194x300.png 194w\" sizes=\"(max-width: 662px) 100vw, 662px\" \/><\/a><\/p>\n<p>&nbsp;<\/p>\n<p><a href=\"https:\/\/www.joventaoista.org\/wp-content\/uploads\/2014\/08\/En-memoria-a-nuestros-MAESTROS1_P\u00e1gina_2.jpg\"><img loading=\"lazy\" decoding=\"async\" class=\"size-large wp-image-10571 aligncenter\" src=\"https:\/\/www.joventaoista.org\/wp-content\/uploads\/2014\/08\/En-memoria-a-nuestros-MAESTROS1_P\u00e1gina_2-662x1024.jpg\" alt=\"En memoria a nuestros MAESTROS1_P\u00e1gina_2\" width=\"662\" height=\"1024\" srcset=\"https:\/\/www.joventaoista.org\/wp-content\/uploads\/2014\/08\/En-memoria-a-nuestros-MAESTROS1_P\u00e1gina_2-662x1024.jpg 662w, https:\/\/www.joventaoista.org\/wp-content\/uploads\/2014\/08\/En-memoria-a-nuestros-MAESTROS1_P\u00e1gina_2-600x927.jpg 600w, https:\/\/www.joventaoista.org\/wp-content\/uploads\/2014\/08\/En-memoria-a-nuestros-MAESTROS1_P\u00e1gina_2-194x300.jpg 194w, https:\/\/www.joventaoista.org\/wp-content\/uploads\/2014\/08\/En-memoria-a-nuestros-MAESTROS1_P\u00e1gina_2.jpg 800w\" sizes=\"(max-width: 662px) 100vw, 662px\" \/><\/a><\/p>\n<p><a href=\"https:\/\/www.joventaoista.org\/wp-content\/uploads\/2014\/08\/En-memoria-a-nuestros-MAESTROS1_P\u00e1gina_3.jpg\"><img loading=\"lazy\" decoding=\"async\" class=\"size-large wp-image-10573 aligncenter\" src=\"https:\/\/www.joventaoista.org\/wp-content\/uploads\/2014\/08\/En-memoria-a-nuestros-MAESTROS1_P\u00e1gina_3-662x1024.jpg\" alt=\"En memoria a nuestros MAESTROS1_P\u00e1gina_3\" width=\"662\" height=\"1024\" srcset=\"https:\/\/www.joventaoista.org\/wp-content\/uploads\/2014\/08\/En-memoria-a-nuestros-MAESTROS1_P\u00e1gina_3-662x1024.jpg 662w, https:\/\/www.joventaoista.org\/wp-content\/uploads\/2014\/08\/En-memoria-a-nuestros-MAESTROS1_P\u00e1gina_3-600x927.jpg 600w, https:\/\/www.joventaoista.org\/wp-content\/uploads\/2014\/08\/En-memoria-a-nuestros-MAESTROS1_P\u00e1gina_3-194x300.jpg 194w, https:\/\/www.joventaoista.org\/wp-content\/uploads\/2014\/08\/En-memoria-a-nuestros-MAESTROS1_P\u00e1gina_3.jpg 800w\" sizes=\"(max-width: 662px) 100vw, 662px\" \/><\/a><\/p>\n<p><a href=\"https:\/\/www.joventaoista.org\/wp-content\/uploads\/2014\/08\/En-memoria-a-nuestros-MAESTROS1_P\u00e1gina_4.jpg\"><img loading=\"lazy\" decoding=\"async\" class=\"size-large wp-image-10575 aligncenter\" src=\"https:\/\/www.joventaoista.org\/wp-content\/uploads\/2014\/08\/En-memoria-a-nuestros-MAESTROS1_P\u00e1gina_4-662x1024.jpg\" alt=\"En memoria a nuestros MAESTROS1_P\u00e1gina_4\" width=\"662\" height=\"1024\" srcset=\"https:\/\/www.joventaoista.org\/wp-content\/uploads\/2014\/08\/En-memoria-a-nuestros-MAESTROS1_P\u00e1gina_4-662x1024.jpg 662w, https:\/\/www.joventaoista.org\/wp-content\/uploads\/2014\/08\/En-memoria-a-nuestros-MAESTROS1_P\u00e1gina_4-600x927.jpg 600w, https:\/\/www.joventaoista.org\/wp-content\/uploads\/2014\/08\/En-memoria-a-nuestros-MAESTROS1_P\u00e1gina_4-194x300.jpg 194w, https:\/\/www.joventaoista.org\/wp-content\/uploads\/2014\/08\/En-memoria-a-nuestros-MAESTROS1_P\u00e1gina_4-scaled.jpg 1656w\" sizes=\"(max-width: 662px) 100vw, 662px\" \/><\/a><\/p>\n<h3 style=\"text-align: center;\"><span style=\"color: #ff0000;\">\u00a0Audio de la deklamasel de este Poema<\/span><\/h3>\n<audio class=\"wp-audio-shortcode\" id=\"audio-10565-1\" preload=\"none\" style=\"width: 100%;\" controls=\"controls\"><source type=\"audio\/mpeg\" src=\"https:\/\/www.joventaoista.org\/wp-content\/uploads\/2014\/08\/VERSOTEO.-En-Memoria-a-los-Veneravles-MAESTROS.mp3?_=1\" \/><a href=\"https:\/\/www.joventaoista.org\/wp-content\/uploads\/2014\/08\/VERSOTEO.-En-Memoria-a-los-Veneravles-MAESTROS.mp3\">https:\/\/www.joventaoista.org\/wp-content\/uploads\/2014\/08\/VERSOTEO.-En-Memoria-a-los-Veneravles-MAESTROS.mp3<\/a><\/audio>\n<p>&nbsp;<\/p>\n<h2><span style=\"color: #0000ff;\">Enlases referidos:<\/span><\/h2>\n<p><span style=\"color: #ff0000;\">1.\u00a0<\/span><a href=\"https:\/\/www.joventaoista.org\/convocatoria-levantasierto-juvenil-tao\/\">https:\/\/www.joventaoista.org\/convocatoria-levantasierto-juvenil-tao\/<\/a><\/p>\n<p><span style=\"color: #ff0000;\">2.<\/span>\u00a0<a href=\"https:\/\/www.joventaoista.org\/puevlo-del-ekuador-agrega-salud-y-poder-a-tu-vida\/\">https:\/\/www.joventaoista.org\/puevlo-del-ekuador-agrega-salud-y-poder-a-tu-vida\/<\/a><\/p>\n<p><a href=\"https:\/\/www.joventaoista.org\/la-musica-y-el-demonio-cor\/\">https:\/\/www.joventaoista.org\/la-musica-y-el-demonio-cor\/<\/a><\/p>\n<p><a href=\"https:\/\/www.joventaoista.org\/gran-evento-la-siensia-tao-la-musika-y-sus-efektos-en-la-salud\/\">https:\/\/www.joventaoista.org\/gran-evento-la-siensia-tao-la-musika-y-sus-efektos-en-la-salud\/<\/a>\u00a0\u00a0\u00a0 <a href=\"https:\/\/www.joventaoista.org\/gran-mantroterapia-en-medellin-antiokia-forhando-el-arte\/\">https:\/\/www.joventaoista.org\/gran-mantroterapia-en-medellin-antiokia-forhando-el-arte\/<\/a><\/p>\n<p><a href=\"https:\/\/www.joventaoista.org\/gran-mantroterapia-en-vakata-elohim-kumido-10-de-agosto-del-2014\/\">https:\/\/www.joventaoista.org\/gran-mantroterapia-en-vakata-elohim-kumido-10-de-agosto-del-2014\/<\/a><\/p>\n<p><span style=\"color: #ff0000;\">3.<\/span>\u00a0<a href=\"http:\/\/www.semenessemilla.org\/la-remisel\/\">http:\/\/www.semenessemilla.org\/la-remisel\/<\/a><\/p>\n<p><span style=\"color: #ff0000;\">4.<\/span>\u00a0<a href=\"https:\/\/www.joventaoista.org\/las-runas-silfidikas-pada-los-mandalas\/\">https:\/\/www.joventaoista.org\/las-runas-silfidikas-pada-los-mandalas\/<\/a><\/p>\n<p><a href=\"http:\/\/www.semenessemilla.org\/las-runas-silfidikas\/\">http:\/\/www.semenessemilla.org\/las-runas-silfidikas\/<\/a><\/p>\n<p><span style=\"color: #ff0000;\">5.\u00a0<\/span><a href=\"http:\/\/www.semenessemilla.org\/la-nueva-era\/\">http:\/\/www.semenessemilla.org\/la-nueva-era\/<\/a><br \/>\n<span style=\"color: #ff0000;\">6.<\/span>\u00a0<a href=\"https:\/\/www.joventaoista.org\/remisel-de-los-delitos-contra-el-padre\/\">https:\/\/www.joventaoista.org\/remisel-de-los-delitos-contra-el-padre\/<\/a><\/p>\n<p><a href=\"http:\/\/taoporelmundo.org\/kelium\/2013\/03\/25\/remisel-de-los-delitos-contra-el-padre\/\">http:\/\/taoporelmundo.org\/kelium\/2013\/03\/25\/remisel-de-los-delitos-contra-el-padre\/<\/a><\/p>\n<p><span style=\"color: #ff0000;\">7.\u00a0<\/span><a href=\"https:\/\/www.joventaoista.org\/gran-remisel-en-el-evento-konsiensia-2\/\">https:\/\/www.joventaoista.org\/gran-remisel-en-el-evento-konsiensia-2\/<\/a><\/p>\n<p><strong>\u00a0\u00a0\u00a0\u00a0\u00a0 <span style=\"color: #ff6600;\">SEGUNDO ENKUENTRO INTERNASELAL KONSIENSIA<\/span><\/strong><span style=\"color: #ff6600;\">\u00a0<\/span><\/p>\n<p><span style=\"color: #ff0000;\">8.\u00a0<\/span><a href=\"http:\/\/www.youtube.com\/watch?feature=player_embedded&amp;v=X9fsv9VKM9U\">http:\/\/www.youtube.com\/watch?feature=player_embedded&amp;v=X9fsv9VKM9U<\/a><\/p>\n<p><a href=\"https:\/\/www.joventaoista.org\/pais-de-el-salvador-resibe-una-gran-vendisel\/\">https:\/\/www.joventaoista.org\/pais-de-el-salvador-resibe-una-gran-vendisel\/<\/a><\/p>\n","protected":false},"excerpt":{"rendered":"<p>LEO 27 DE EL 2020 LUNIHELIOKRON 2020 DIA MARTES DESPU\u00c9S DE EL NASISIERTO DE EL GRAN SHILHOH Ke seg\u00fan Sat\u00e1n es Agosto 07 de el a\u00f1o 2014 d\u00eda Jueves. Presiado Puevlo de DIOS, Esmerados \u00a0kaminantes del sendero de la liverasel hoy un d\u00eda de livertad \u00a0donde \u00a0se perpetua \u00a0la gran Vatalla del Puente de \u00a0Vo\u00fdaca, [&hellip;]<\/p>\n","protected":false},"author":6,"featured_media":10603,"comment_status":"open","ping_status":"open","sticky":false,"template":"","format":"standard","meta":{"_et_pb_use_builder":"","_et_pb_old_content":"","_et_gb_content_width":"","footnotes":""},"categories":[461],"tags":[1895,1650],"class_list":["post-10565","post","type-post","status-publish","format-standard","has-post-thumbnail","hentry","category-grupos-juveniles-eo","tag-homenaje-versoteo-eo","tag-maestros-eo"],"_links":{"self":[{"href":"https:\/\/www.joventaoista.org\/eo\/wp-json\/wp\/v2\/posts\/10565","targetHints":{"allow":["GET"]}}],"collection":[{"href":"https:\/\/www.joventaoista.org\/eo\/wp-json\/wp\/v2\/posts"}],"about":[{"href":"https:\/\/www.joventaoista.org\/eo\/wp-json\/wp\/v2\/types\/post"}],"author":[{"embeddable":true,"href":"https:\/\/www.joventaoista.org\/eo\/wp-json\/wp\/v2\/users\/6"}],"replies":[{"embeddable":true,"href":"https:\/\/www.joventaoista.org\/eo\/wp-json\/wp\/v2\/comments?post=10565"}],"version-history":[{"count":0,"href":"https:\/\/www.joventaoista.org\/eo\/wp-json\/wp\/v2\/posts\/10565\/revisions"}],"wp:featuredmedia":[{"embeddable":true,"href":"https:\/\/www.joventaoista.org\/eo\/wp-json\/wp\/v2\/media\/10603"}],"wp:attachment":[{"href":"https:\/\/www.joventaoista.org\/eo\/wp-json\/wp\/v2\/media?parent=10565"}],"wp:term":[{"taxonomy":"category","embeddable":true,"href":"https:\/\/www.joventaoista.org\/eo\/wp-json\/wp\/v2\/categories?post=10565"},{"taxonomy":"post_tag","embeddable":true,"href":"https:\/\/www.joventaoista.org\/eo\/wp-json\/wp\/v2\/tags?post=10565"}],"curies":[{"name":"wp","href":"https:\/\/api.w.org\/{rel}","templated":true}]}}