{"id":10846,"date":"2015-08-18T23:28:32","date_gmt":"2015-08-18T23:28:32","guid":{"rendered":"https:\/\/www.joventaoista.org\/?p=10846"},"modified":"2014-09-05T00:41:19","modified_gmt":"2014-09-05T00:41:19","slug":"pruebas-cientificas-alertan-sobre-severos-riesgos-de-la-vacuna-del-virus-papiloma-humano","status":"publish","type":"post","link":"https:\/\/www.joventaoista.org\/eo\/pruebas-cientificas-alertan-sobre-severos-riesgos-de-la-vacuna-del-virus-papiloma-humano\/","title":{"rendered":"pruebas cient\u00edficas alertan sobre severos riesgos de la vacuna del virus Papiloma humano"},"content":{"rendered":"<p><span style=\"color: #000000;\">Los riesgos de la vacuna del papiloma humano<\/span><\/p>\n<p><span style=\"color: #000000;\">En gran parte del mundo se comienzan a conocer los efectos o reacciones adversos de la vacuna contra el papiloma humano en ni\u00f1as de nueve a diecis\u00e9is a\u00f1os y que se hizo obligatoria en las instituciones educativas de Colombia.\u00a0 Lo m\u00e1s grave es que el sistema de salud evade su responsabilidad ignorando y ocultando estos efectos imputando sus consecuencias a otros diagn\u00f3sticos o cuadros m\u00e9dicos. En muchas ni\u00f1as que recibieron alguna dosis de esta vacuna contra el papiloma humano\u00a0 \u00a0se manifiestan par\u00e1lisis faciales, temblores, depresiones, suicidios, sordera, ansiedad o perdida de las capacidades cognitivas y motrices, \u00a0entre otros s\u00edntomas que ha llevado en muchos pa\u00edses \u2013Estados Unidos, Argentina, Espa\u00f1a, Nueva Zelanda- al surgimiento de asociaciones de padres de familia contra la vacuna del papiloma humano.<\/span><\/p>\n<p><span style=\"color: #000000;\">Existen testimonios dram\u00e1ticos en la red y f\u00e1cilmente se encuentran videos en YouTube que dejan en claro que no se trata simplemente de especulaciones sino que son evidencias y certezas de que esta vacuna se ha constituido en una especie de \u201cepidemia\u201d que ya empieza a mostrar sus primeros efectos en Colombia. \u00a0Hace menos de un a\u00f1o se empez\u00f3 a obligar en los centros educativos, con propaganda falsa y manipulada, sobre la obligatoriedad que ni\u00f1as en edad escolar entre los nueve y diez a\u00f1os reciban su primera dosis. En esto el Estado colombiano invirti\u00f3 aproximadamente trescientos millones de d\u00f3lares siendo los beneficiados dos grandes multinacionales de la industria farmac\u00e9utica.<\/span><\/p>\n<p><a href=\"http:\/\/www.las2orillas.co\/los-riesgos-de-la-vacuna-del-papiloma-humano\/\">http:\/\/www.las2orillas.co\/los-riesgos-de-la-vacuna-del-papiloma-humano\/<\/a><\/p>\n<h1><span style=\"color: #000000;\">M\u00e1s pruebas cient\u00edficas alertan sobre severos riesgos de la vacuna del virus Papiloma humano<\/span><\/h1>\n<p><span style=\"color: #000000;\"><a href=\"https:\/\/www.joventaoista.org\/wp-content\/uploads\/2014\/09\/179798767.jpg\"><img loading=\"lazy\" decoding=\"async\" class=\"wp-image-10850 alignright\" src=\"https:\/\/www.joventaoista.org\/wp-content\/uploads\/2014\/09\/179798767.jpg\" alt=\"179798767\" width=\"345\" height=\"187\" srcset=\"https:\/\/www.joventaoista.org\/wp-content\/uploads\/2014\/09\/179798767.jpg 646w, https:\/\/www.joventaoista.org\/wp-content\/uploads\/2014\/09\/179798767-600x325.jpg 600w, https:\/\/www.joventaoista.org\/wp-content\/uploads\/2014\/09\/179798767-300x162.jpg 300w\" sizes=\"(max-width: 345px) 100vw, 345px\" \/><\/a>Investigadores evidencian ADN viral en todas las muestras de la vacuna, posibilitando efectos como ceguera, inflamaci\u00f3n del cerebro, desmielinizaci\u00f3n e incluso la muerte<\/span><\/p>\n<p><span style=\"color: #000000;\">Desde que se est\u00e1 aplicando la vacuna\u00a0Gardasil, del fabricante,\u00a0Merck &amp; Co., Inc, contra el\u00a0Virus Papiloma Humano\u00a0 (VPH), surgieron reclamos de adolescentes afectadas, m\u00e9dicos e investigadores de distintos sectores del mundo por los riesgos y efectos colaterales.<\/span><\/p>\n<p><span style=\"color: #000000;\">En Tokio se desarroll\u00f3 en febrero de 2014 un simposio internacional de reacciones adversas experimentadas por las ni\u00f1as vacunadas y recientes estudios de tres investigadores franceses confirman afirmaciones previas que Gardasil contiene ADN viral, el mismo que podr\u00eda estar formando de compuestos qu\u00edmicos de alto riesgo por causar mutaciones y numerosas enfermedades.<\/span><\/p>\n<p><span style=\"color: #000000;\">La Administraci\u00f3n estadounidense de Alimentos y Drogas \u201cFood and Drug Administration\u201d (FDA) aprob\u00f3 Gardasil para el mercado americano en 2006, y en febrero de 2009, m\u00e1s de 40 millones de dosis se hab\u00edan distribuido en todo el mundo, seg\u00fan cifras recogidas por la\u00a0<a href=\"http:\/\/www.aavp.es\/inicio\/index.php?option=com_content&amp;view=article&amp;id=289:los-padres-advierten-sobre-peligros-de-la-vacuna-contra-el-vph&amp;catid=42:articulos&amp;Itemid=56\"><span style=\"color: #000000;\">Asociaci\u00f3n de Padres que Advierten los Peligros de la Vacuna contra el VPH (AAVP)<\/span><\/a>. Hoy la vacuna es obligatoria en las adolescentes por decreto en algunos pa\u00edses del mundo y mueve un negocio de millones de d\u00f3lares.<\/span><\/p>\n<p><span style=\"color: #000000;\">\u201cA pesar de miles de cuentas de las j\u00f3venes de graves efectos secundarios de las inyecciones de Gardasil, el fabricante, Merck &amp; Co., Inc., contin\u00faa fabricando y vendiendo la vacuna, que se supone debe proteger contra el c\u00e1ncer de cuello uterino\u201d, comenta en su portal la Asociaci\u00f3n AAVP.<\/span><\/p>\n<p><span style=\"color: #000000;\">&#8220;Convulsiones, accidentes cerebrovasculares, enfermedades autoinmunes, fatiga cr\u00f3nica, p\u00e9rdida de cabello, dolores en el pecho, debilidad muscular, cambios del ciclo\u00a0menstrual, visi\u00f3n temporal, p\u00e9rdida de la audici\u00f3n, y par\u00e1lisis, adem\u00e1s de la muerte, son algunos de los efectos reportados por AAVP, muchos de los cuales, fueron analizados\u00a0a su vez\u00a0en febrero.<\/span><\/p>\n<p><span style=\"color: #000000;\">En el Congreso de Tokio el investigador y\u00a0<a href=\"http:\/\/www.omsj.org\/blogs\/sin-hang-lee-md-why-ethics-don%E2%80%99t-pay\"><span style=\"color: #000000;\">Dr. Sin Hang Lee<\/span><\/a>mostr\u00f3 im\u00e1genes de resonancia magn\u00e9tica de una inflamaci\u00f3n de cerebro en una ni\u00f1a de 16 a\u00f1os que en Connecticut, EE.UU. hab\u00eda perdido su visi\u00f3n al d\u00e9cimo d\u00eda de recibir la segunda vacuna Gardasil, inform\u00f3\u00a0<a href=\"http:\/\/sanevax.org\/japan-medical-experts-warning-hpv-vaccine-side-effects\/\"><span style=\"color: #000000;\">SANE Vax<\/span><\/a>en su informe del 19 de marzo.<\/span><\/p>\n<p><span style=\"color: #000000;\">Uno de los presentes, el pat\u00f3logo Dr. Hajjar Ha vio las microfotograf\u00edas de las biopsias cerebrales que demostraron una evidente desmielinizaci\u00f3n. \u00c9l destac\u00f3 que como pat\u00f3logo era su deber buscar una &#8220;explicaci\u00f3n plausible&#8221; a los casos post-vacunaci\u00f3n. Durante su intervenci\u00f3n propuso que las enfermedades causadas por la vacuna contra el virus del papiloma humano (VPH) pod\u00edan deberse a un mecanismo de transfecci\u00f3n de ADN, de part\u00edculas de aluminio con complejos ADN de la vacuna.<\/span><\/p>\n<p><span style=\"color: #000000;\">\u201cLa opini\u00f3n contraria (contra mi posici\u00f3n) es que todos los s\u00edntomas y signos que se manifiestan en las chicas post- vacuna VPH fueron los resultados de las reacciones psicosom\u00e1ticas\u201d, dijo el pat\u00f3logo. \u201cNo creo que las reacciones psicosom\u00e1ticas puedan causar la muerte s\u00fabita inesperada en el sue\u00f1o, o lesiones inflamatorias en el cerebro como lo demuestra la imagen de resonancia magn\u00e9tica y la histopatolog\u00eda de biopsia cerebral con linfocitos perivasculares y macr\u00f3fagos y la desmielinizaci\u00f3n\u201d, concluy\u00f3 el Dr. Ha, seg\u00fan SANE Vax.<\/span><\/p>\n<p><span style=\"color: #000000;\">Se pidi\u00f3 entonces a los cient\u00edficos presentes en el Congreso de Tokio, si alguno pensaba en que reacciones psicosom\u00e1ticas hab\u00edan causado esos efectos, pero ninguno levant\u00f3 la mano, agreg\u00f3 el informe.<\/span><\/p>\n<p><span style=\"color: #000000;\">SANE Vax destac\u00f3 el hecho que la FDA inicialmente ten\u00eda informado al p\u00fablico que la vacuna Gardasil del laboratorio Merck, \u201cno ten\u00eda ADN Viral\u201d, sin embargo en 2011 un estudio del Dr. Sin Hang Lee descubri\u00f3 fragmentos de HPV-11, HPV-16 y HPV-18 L1 &#8211; que algunos de los diferentes virus de papiloma existente &#8211; y estos estaban apegados al componente de aluminio agregado a la vacuna, en el 100 por ciento de los frascos investigados.<\/span><\/p>\n<p><span style=\"color: #000000;\">Antes las acusaciones la FDA respondi\u00f3 que hab\u00eda efectivamente ADN residual sin efectos de riesgo para la salud.<\/span><\/p>\n<p><span style=\"color: #000000;\">En Dr. Lee continu\u00f3 con sus estudios y en 2012 descubri\u00f3 que esta uni\u00f3n de ADN de los virus y el aluminio hab\u00edan formado en las vacunas un compuesto qu\u00edmico nuevo de \u201ctoxicidad desconocida\u201d de un tipo de formaci\u00f3n descrita como ADN n\u00ba B, agrega el informe de<\/span>\u00a0<a href=\"http:\/\/sanevax.org\/japan-medical-experts-warning-hpv-vaccine-side-effects\/\">SANE Vax<\/a>.<\/p>\n<p><span style=\"color: #000000;\">\u201cLas conformaciones ADN n\u00ba B se sabe que est\u00e1n asociados con mutaciones gen\u00e9ticas vinculadas a\u00a0m\u00e1s de 70 enfermedades graves en los seres humanos, incluyendo la enfermedad poliqu\u00edstica del ri\u00f1\u00f3n adrenoleucodistrofia, linfomas foliculares, y el fracaso de la espermatog\u00e9nesis, s\u00f3lo para nombrar unos pocos\u201d, escribe SANE Vax.<\/span><\/p>\n<p><span style=\"color: #000000;\">\u201cEn lugar de investigar los posibles problemas que puedan ser provocados por las inyecciones de estos nuevos compuestos qu\u00edmicos, los defensores de la vacuna contra el VPH y los funcionarios de salud del gobierno (EE.UU.) piensan que hay que tratar de minimizar el impacto que los descubrimiento del Dr. Lee podr\u00edan hacer a los programas de vacunaci\u00f3n contra el VPH en todo el mundo. SANE Vax explic\u00f3 que la postura oficial a favor de las vacunas Gardasil era de atacar los estudios existentes. Para ello cit\u00f3 la\u00a0<\/span><a href=\"http:\/\/www.mhlw.go.jp\/file\/05-Shingikai-10901000-Kenkoukyoku-Soumuka\/0000038474.pdf\">presentaci\u00f3n de Helen Petousis-Harris<\/a>, <span style=\"color: #000000;\">Director de Investigaciones de Inmunizaci\u00f3n y Vacunaci\u00f3n de la Universidad de Auckland.<\/span><\/p>\n<p><span style=\"color: #000000;\">Sin embargo Laurent B\u00e9lec y dos colegas franceses en el noveno<\/span>\u00a0<a href=\"http:\/\/www2.kenes.com\/Autoimmunity\/Pages\/Home.aspx\">Congreso Internacional de Autoinmunidad del 26 a 30 de marzo\u00a0<\/a><span style=\"color: #000000;\">en Nice, Francia, confirm\u00f3 los previos estudios del Dr. Lee. \u201cNuestras observaciones confirman y ampl\u00edan de forma independiente las observaciones anteriores de Lee SH, sin necesidad de utilizar la detecci\u00f3n por PCR (m\u00e9todo criticado por los sostenedores de la vacuna)\u201d.<\/span><\/p>\n<p><span style=\"color: #000000;\">SANE Vax destaca que no solo se comprobaron c\u00f3mo ciertas las afirmaciones del Dr. Lee, sino que se hicieron usando una metodolog\u00eda diferente.<\/span><\/p>\n<p><span style=\"color: #000000;\">\u201cEs interesante anotar: tanto el Dr. Lee y el Prof. B\u00e9lec simplemente indicaron la necesidad de una mayor investigaci\u00f3n para la seguridad de la vacuna\u201d, comunic\u00f3.<\/span><\/p>\n<p><span style=\"color: #000000;\">\u201cConsumidores y M\u00e9dicos merec\u00edan pruebas antes de instituir el programa masivo de vacunaci\u00f3n contra el VPH\u201d, concluy\u00f3 SANE Vax.<\/span><\/p>\n<p><a href=\"http:\/\/www.lagranepoca.com\/31878-mas-pruebas-cientificas-alertan-severos-riesgos-vacuna-del-virus-papiloma-humano\">http:\/\/www.lagranepoca.com\/31878-mas-pruebas-cientificas-alertan-severos-riesgos-vacuna-del-virus-papiloma-humano<\/a><\/p>\n<p>&nbsp;<\/p>\n<h1><span style=\"color: #ff0000;\"><strong>ASOCIACI\u00d3N DE AFECTADAS POR LA VACUNA DEL PAPILOMA<\/strong><\/span><\/h1>\n<p><strong><span style=\"color: #000000;\">P\u00e1gina<\/span>: <a href=\"http:\/\/inicio.aavp.es\/\">http:\/\/inicio.aavp.es\/<\/a> <\/strong><\/p>\n<p><strong><a href=\"mailto:asociaci\u00f3n@aavp.es\">asociaci\u00f3n@aavp.es<\/a> <\/strong><\/p>\n<h1><span style=\"color: #000000;\">La investigadora l\u00edder en desarrollar vacunas del papiloma humano (VPH) confiesa para \u201cpoder dormir de noche\u201d:<\/span><\/h1>\n<h1><span style=\"color: #000000;\">Gardasil y Cervarix\u00a0NO FUNCIONAN, SON PELIGROSAS y NO FUERON PROBADAS<\/span><\/h1>\n<p><span style=\"color: #000000;\">La Dra. Diane Harper fue la principal investigadora en el desarrollo de las vacunas contra el virus del papiloma humano, Gardasil y Cervarix. Ella es la \u00faltima en presentarse y cuestionar la seguridad y la eficacia de estas vacunas. Ella hizo el sorpresivo anuncio en la 4 \u00aa Conferencia Internacional P\u00fablica sobre la vacunaci\u00f3n, que tuvo lugar en Reston, Virginia, el 02 de octubre hasta el 4 de 2009. Su discurso iba a promover el Gardasil y Cervarix, pero en lugar de eso se volvi\u00f3 contra sus jefes corporativos de una manera muy p\u00fablica. Cuando se le pregunt\u00f3 acerca de la presentaci\u00f3n, los miembros del p\u00fablico destacaron que quedaron con la sensaci\u00f3n de que las vacunas no se deber\u00edan utilizar.<\/span><\/p>\n<p><span style=\"color: #000000;\"><a href=\"https:\/\/www.joventaoista.org\/wp-content\/uploads\/2014\/09\/harper.png\"><img loading=\"lazy\" decoding=\"async\" class=\"wp-image-10851 alignright\" src=\"https:\/\/www.joventaoista.org\/wp-content\/uploads\/2014\/09\/harper.png\" alt=\"harper\" width=\"298\" height=\"238\" srcset=\"https:\/\/www.joventaoista.org\/wp-content\/uploads\/2014\/09\/harper.png 595w, https:\/\/www.joventaoista.org\/wp-content\/uploads\/2014\/09\/harper-300x240.png 300w\" sizes=\"(max-width: 298px) 100vw, 298px\" \/><\/a>\u201cSal\u00ed de la charla con la percepci\u00f3n de que el riesgo de efectos secundarios adversos es much\u00edsimo mayor que el riesgo de c\u00e1ncer de cuello de \u00fatero, yo no pod\u00eda dejar de preguntarme por qu\u00e9 necesitamos la vacuna.\u201d \u2013 Joan Robinson<\/span><\/p>\n<p><span style=\"color: #000000;\">La Dra. Harper explic\u00f3 en su presentaci\u00f3n que el riesgo de c\u00e1ncer cervical en los\u00a0EE.UU. ya es extremadamente bajo, y que es poco probable que las vacunas tengan alg\u00fan efecto sobre la tasa de c\u00e1ncer de cuello uterino en los Estados Unidos. De hecho, el 70% de todos las infecciones de VPH se resuelven solas, sin tratamiento, en un a\u00f1o, y el n\u00famero se eleva a m\u00e1s del 90% en dos a\u00f1os. Harper tambi\u00e9n mencion\u00f3 el \u00e1ngulo de seguridad. Todos los ensayos de las vacunas se realizaron en ni\u00f1os de 15 a\u00f1os o m\u00e1s, a pesar de ellos se comercializan actualmente de 9 a\u00f1os de edad. Hasta el momento, en 15.037 ni\u00f1as se han reportado efectos secundarios adversos s\u00f3lo con Gardasil al Sistema de Informe de Efectos Adversos por Vacunas (VAERS), y este n\u00famero s\u00f3lo refleja los padres que se sometieron a los obst\u00e1culos necesarios para la notificaci\u00f3n de reacciones adversas.<\/span><\/p>\n<p><span style=\"color: #000000;\">Al momento de escribir esto, se conoce oficialmente que 44 chicas han muerto a causa de estas vacunas. Los efectos secundarios reportados incluyen Guillian Barr\u00e9 (par\u00e1lisis que dura a\u00f1os, o permanentemente \u2013 a veces causando finalmente la asfixia), lupus, convulsiones, co\u00e1gulos de sangre, y la inflamaci\u00f3n del cerebro. Los padres no suelen ser conscientes de estos riesgos. La Dra. Harper, la desarrolladora de la vacuna, dijo que ella estaba hablando, por lo que ella podr\u00eda finalmente ser capaz de dormir por la noche.<\/span><\/p>\n<p><span style=\"color: #000000;\">\u201cAlrededor de 8 de cada 10 mujeres que han sido sexualmente activas tendr\u00e1n VPH en alg\u00fan momento de su vida. Normalmente no hay s\u00edntomas, y en el 98 por ciento de los casos se borra a s\u00ed mismo. Pero en aquellos casos en los que no, y en que no se trata, puede conducir a las c\u00e9lulas pre-cancerosas a que pudieran convertirse en c\u00e1ncer cervical \u201c-. Dra. Diane Harper<\/span><\/p>\n<p><strong>\u2026\u2026\u2026\u2026<\/strong><\/p>\n<p><strong><a href=\"http:\/\/detenganlavacuna.wordpress.com\/2013\/06\/26\/confesion\/\">http:\/\/detenganlavacuna.wordpress.com\/2013\/06\/26\/confesion\/<\/a> <\/strong><\/p>\n<h2>\u00a8Santos: raros s\u00edntomas en m\u00e1s de 200 ni\u00f1as podr\u00edan ser por &#8220;sugesti\u00f3n colectiva&#8221;.<\/h2>\n<p><span style=\"color: #000000;\"><a href=\"https:\/\/www.joventaoista.org\/wp-content\/uploads\/2014\/09\/santos_34.jpg\"><img loading=\"lazy\" decoding=\"async\" class=\"wp-image-10852 alignleft\" src=\"https:\/\/www.joventaoista.org\/wp-content\/uploads\/2014\/09\/santos_34-1024x681.jpg\" alt=\"santos_34\" width=\"333\" height=\"222\" srcset=\"https:\/\/www.joventaoista.org\/wp-content\/uploads\/2014\/09\/santos_34-1024x681.jpg 1024w, https:\/\/www.joventaoista.org\/wp-content\/uploads\/2014\/09\/santos_34-600x399.jpg 600w, https:\/\/www.joventaoista.org\/wp-content\/uploads\/2014\/09\/santos_34-300x199.jpg 300w, https:\/\/www.joventaoista.org\/wp-content\/uploads\/2014\/09\/santos_34.jpg 2000w\" sizes=\"(max-width: 333px) 100vw, 333px\" \/><\/a>El presidente colombiano, Juan Manuel Santos, sugiri\u00f3 este domingo que los extra\u00f1os s\u00edntomas presentados por m\u00e1s de 200 ni\u00f1as en un poblado del norte del pa\u00eds podr\u00edan responder a un fen\u00f3meno de &#8220;sugesti\u00f3n colectiva&#8221; y no a la vacuna contra el VPH, como denuncian familiares.<\/span><br \/>\n<span style=\"color: #000000;\"> &#8220;Todas las ni\u00f1as afectadas en (el poblado de) Carmen de Bol\u00edvar, que son (&#8230;) 243 exactamente, han sido evaluadas en forma exhaustiva y no hay, no se ha encontrado evidencia alguna de una conexi\u00f3n entre los s\u00edntomas de estas ni\u00f1as y la vacuna del virus del papiloma humano (VPH)&#8221;, dijo Santos.<\/span><br \/>\n<span style=\"color: #000000;\"> &#8220;\u00bfQu\u00e9 est\u00e1 pasando? Todos nos preguntamos. Hay varias hip\u00f3tesis: se dice que estamos, muy probablemente (&#8230;) ante un fen\u00f3meno de sugesti\u00f3n colectiva. Fen\u00f3menos similares se han presentado en Espa\u00f1a, en Australia, en Taiw\u00e1n, en\u00a0medio de campa\u00f1as masivas de vacunaci\u00f3n a adolescentes&#8221;, explic\u00f3 el mandatario.<\/span><br \/>\n<span style=\"color: #000000;\"> En los \u00faltimos d\u00edas, 243 menores han presentado desmayos, dolores de cabeza intensos, movimientos anormales y alteraci\u00f3n de sus patrones de respiraci\u00f3n, que las autoridades sanitarias han catalogado como &#8220;s\u00edntomas bizarros&#8221; y hasta el momento no asocian a ninguna enfermedad espec\u00edfica.<\/span><br \/>\n<span style=\"color: #000000;\"> Las ni\u00f1as, de entre nueve y 16 a\u00f1os, en su mayor\u00eda ya han sido dadas de alta y reciben tratamiento para atacar los s\u00edntomas que han presentado.<\/span><br \/>\n<span style=\"color: #000000;\"> Santos insisti\u00f3 este domingo en que &#8220;la vacuna contra el virus del papiloma humano es segura&#8221; y pidi\u00f3 al ministro de Salud, Alejandro Gaviria, desplazarse el lunes a Carmen de Bol\u00edvar para explicar a las familias que lo que est\u00e1 sucediendo con las menores no tiene que ver con la vacuna.<\/span><\/p>\n<p><span style=\"color: #000000;\">Igualmente, un equipo multidisiplinario fue destinado a la localidad para evaluar si hay alguna causa ambiental o psicosocial en las afecciones de salud en las menores.<\/span><\/p>\n<p align=\"center\"><iframe loading=\"lazy\" src=\"\/\/www.youtube.com\/embed\/xr_dsmeoCSM\" width=\"420\" height=\"315\" frameborder=\"0\" allowfullscreen=\"allowfullscreen\"><\/iframe><\/p>\n","protected":false},"excerpt":{"rendered":"<p>Los riesgos de la vacuna del papiloma humano En gran parte del mundo se comienzan a conocer los efectos o reacciones adversos de la vacuna contra el papiloma humano en ni\u00f1as de nueve a diecis\u00e9is a\u00f1os y que se hizo obligatoria en las instituciones educativas de Colombia.\u00a0 Lo m\u00e1s grave es que el sistema de [&hellip;]<\/p>\n","protected":false},"author":6,"featured_media":10849,"comment_status":"open","ping_status":"open","sticky":false,"template":"","format":"standard","meta":{"_et_pb_use_builder":"","_et_pb_old_content":"","_et_gb_content_width":"","footnotes":""},"categories":[29],"tags":[1929],"class_list":["post-10846","post","type-post","status-publish","format-standard","has-post-thumbnail","hentry","category-ciencia","tag-vacunas-papiloma-riesgos"],"_links":{"self":[{"href":"https:\/\/www.joventaoista.org\/eo\/wp-json\/wp\/v2\/posts\/10846","targetHints":{"allow":["GET"]}}],"collection":[{"href":"https:\/\/www.joventaoista.org\/eo\/wp-json\/wp\/v2\/posts"}],"about":[{"href":"https:\/\/www.joventaoista.org\/eo\/wp-json\/wp\/v2\/types\/post"}],"author":[{"embeddable":true,"href":"https:\/\/www.joventaoista.org\/eo\/wp-json\/wp\/v2\/users\/6"}],"replies":[{"embeddable":true,"href":"https:\/\/www.joventaoista.org\/eo\/wp-json\/wp\/v2\/comments?post=10846"}],"version-history":[{"count":0,"href":"https:\/\/www.joventaoista.org\/eo\/wp-json\/wp\/v2\/posts\/10846\/revisions"}],"wp:featuredmedia":[{"embeddable":true,"href":"https:\/\/www.joventaoista.org\/eo\/wp-json\/wp\/v2\/media\/10849"}],"wp:attachment":[{"href":"https:\/\/www.joventaoista.org\/eo\/wp-json\/wp\/v2\/media?parent=10846"}],"wp:term":[{"taxonomy":"category","embeddable":true,"href":"https:\/\/www.joventaoista.org\/eo\/wp-json\/wp\/v2\/categories?post=10846"},{"taxonomy":"post_tag","embeddable":true,"href":"https:\/\/www.joventaoista.org\/eo\/wp-json\/wp\/v2\/tags?post=10846"}],"curies":[{"name":"wp","href":"https:\/\/api.w.org\/{rel}","templated":true}]}}