{"id":10921,"date":"2014-10-15T12:49:17","date_gmt":"2014-10-15T12:49:17","guid":{"rendered":"https:\/\/www.joventaoista.org\/?p=10921"},"modified":"2015-11-19T17:38:22","modified_gmt":"2015-11-19T17:38:22","slug":"forhar-departasierto-del-atlantiko","status":"publish","type":"post","link":"https:\/\/www.joventaoista.org\/eo\/forhar-departasierto-del-atlantiko\/","title":{"rendered":"FORHAR, Departasierto del Atlantiko."},"content":{"rendered":"<p><span style=\"color: #008000;\">Estimados hermagdus\u00a0 del Puevlo Tao Jud\u00edo de verdad las vendiseles de los Veneravle Maestros <strong>JAH KELIUM ZEUS INDUZEUS,<\/strong> la Veneravle Madre <strong>AFRODITA<\/strong> y el Veneravle Maestro <strong>SAMAEL JOAV VATHOR WEOR<\/strong> son la fuerza inmarsesivle de un puevlo ke lucha por enalteser la honra a el sagrado tesoro de la vida en todo su esplendor desde los minerales, los vegetales, los agdivienes y el Ser humagdu.<\/span><\/p>\n<p><span style=\"color: #008000;\">El levantasierto Juvenil TAO en la sakra direksel del Veneravle Elohim K\u00famido adelanta el Gran FORHAR Konsiensias divinas\u00a0 y kuerpos saludavles kon gran eksito en la kosta Atlantika\u00a0 de Kolomvia este Evento FORHAR tiene komo misel llevar a los j\u00f3venes de todas las edades una fuente de inspirasel a una vida saludavle, kon vuenos havitos alisertisios, promover las sagdas kostumvres\u00a0 komo el sakrogesis, las artes marsiales, las runas e incentivar los valores morales en la juventud\u00a0 y alertar de los sistemas de consumo\u00a0 que\u00a0 tanto agreden a la sociedad actual con denigrantes m\u00fasicas, cinematograf\u00eda que\u00a0 promuebe la pornograf\u00eda y la biolencia, telebicios o telebisi\u00f3n al serbicio de las compa\u00f1\u00edas capitalistas que tienen el lucro como su estandarte por encima de la vida de sus\u00a0 consumidores, como la palabra lo dice son consumidos en esos sistemas que su \u00fanica pretenci\u00f3n es que el ser humano sea adormilado en los mundos de la materia\u00a0 y no eskudri\u00f1en su verdadera esensia ke es la unifikasel kon DIOS. El Sakro sendero TAO, kamigdu ke han hasendido los grandes de la historia y hoy sus pasos vrillan komo un sendero de luz ke permite ke la flama de la esperansa permaneska ensendida en esta esfera siendo hoy el\u00a0 puevlo Tao Jud\u00edo de Verdad el llamado a llevar esta salud a la humagdidad.<\/span><\/p>\n<p><span style=\"color: #008000;\">En este prop\u00f3sito avanzamos en el departasierto del Atlantiko visitando\u00a0 diferentes\u00a0 institutos adukativos.<\/span><\/p>\n<p style=\"text-align: center;\"><span style=\"color: #0000ff;\">foto 1: quemando chitos, en una conferesia de la comida chatarra y su efectos en la salud.<\/span><\/p>\n<p><a href=\"https:\/\/www.joventaoista.org\/wp-content\/uploads\/2014\/10\/DSC01778.jpg\"><img loading=\"lazy\" decoding=\"async\" class=\"wp-image-10927 aligncenter\" src=\"https:\/\/www.joventaoista.org\/wp-content\/uploads\/2014\/10\/DSC01778-1024x576.jpg\" alt=\"DSC01778\" width=\"411\" height=\"231\" srcset=\"https:\/\/www.joventaoista.org\/wp-content\/uploads\/2014\/10\/DSC01778-1024x576.jpg 1024w, https:\/\/www.joventaoista.org\/wp-content\/uploads\/2014\/10\/DSC01778-600x338.jpg 600w, https:\/\/www.joventaoista.org\/wp-content\/uploads\/2014\/10\/DSC01778-300x168.jpg 300w, https:\/\/www.joventaoista.org\/wp-content\/uploads\/2014\/10\/DSC01778.jpg 800w\" sizes=\"(max-width: 411px) 100vw, 411px\" \/><\/a><\/p>\n<p style=\"text-align: center;\"><span style=\"color: #0000ff;\">foto 2: El Arte marsial es una t\u00e9knika de autokontrol y disiplina.<\/span><\/p>\n<p><a href=\"https:\/\/www.joventaoista.org\/wp-content\/uploads\/2014\/10\/FORHAR-VARRANKILLA.jpg\"><img loading=\"lazy\" decoding=\"async\" class=\"alignnone  wp-image-10933\" src=\"https:\/\/www.joventaoista.org\/wp-content\/uploads\/2014\/10\/FORHAR-VARRANKILLA-1024x267.jpg\" alt=\"FORHAR VARRANKILLA\" width=\"649\" height=\"169\" srcset=\"https:\/\/www.joventaoista.org\/wp-content\/uploads\/2014\/10\/FORHAR-VARRANKILLA-1024x267.jpg 1024w, https:\/\/www.joventaoista.org\/wp-content\/uploads\/2014\/10\/FORHAR-VARRANKILLA-600x156.jpg 600w, https:\/\/www.joventaoista.org\/wp-content\/uploads\/2014\/10\/FORHAR-VARRANKILLA-300x78.jpg 300w, https:\/\/www.joventaoista.org\/wp-content\/uploads\/2014\/10\/FORHAR-VARRANKILLA.jpg 1227w\" sizes=\"(max-width: 649px) 100vw, 649px\" \/><\/a><\/p>\n<p style=\"text-align: center;\"><span style=\"color: #0000ff;\">Foto 3: espirtualidad y mistika.\u00a0<\/span><br \/>\n<a href=\"https:\/\/www.joventaoista.org\/wp-content\/uploads\/2014\/10\/DSC01715.jpg\"><img loading=\"lazy\" decoding=\"async\" class=\"wp-image-10928 aligncenter\" src=\"https:\/\/www.joventaoista.org\/wp-content\/uploads\/2014\/10\/DSC01715-1024x576.jpg\" alt=\"DSC01715\" width=\"360\" height=\"202\" srcset=\"https:\/\/www.joventaoista.org\/wp-content\/uploads\/2014\/10\/DSC01715-1024x576.jpg 1024w, https:\/\/www.joventaoista.org\/wp-content\/uploads\/2014\/10\/DSC01715-600x338.jpg 600w, https:\/\/www.joventaoista.org\/wp-content\/uploads\/2014\/10\/DSC01715-300x168.jpg 300w, https:\/\/www.joventaoista.org\/wp-content\/uploads\/2014\/10\/DSC01715.jpg 800w\" sizes=\"(max-width: 360px) 100vw, 360px\" \/><\/a><\/p>\n<p>&nbsp;<\/p>\n<p><span style=\"color: #008000;\"><strong><span style=\"color: #ff6600;\">La konsiensia TAO es \u00a0luz a la Juventud.<\/span><\/strong> En una sekuensia de konferensias, donde los jovenes \u00a0reakselavan alegreinti en las presentaseles \u00a0y muy refleksivainti \u00a0kon las temas ekspuestos, vimos gratifikainteinti \u00a0komo el semvalnte kuestionativo \u00a0y kritiko \u00a0<\/span><span style=\"color: #008000;\">se iva geltando en los presentes ante la oferta y la demanda del comercio de la salud \u00a0y la vida \u00a0\u00a0siendo ahora konosedores de los sistemas de \u00a0control que las grandes compa\u00f1\u00edas ejercen sobre la poblaci\u00f3n, en un sistema \u00a0caduco de capitalismo \u00a0boraz y acecino.. es importante ke los jovenes aprendamos a disernir, a reflekelar y estavleser un kriterio konsiente de \u00a0aquellas ofertas \u00a0que llegan a granel en nuestro diario vivir, este es un punto intr\u00ednseko en la apertura de esta nueva era \u00a0donde devemos resurgir de el rescoldo de la ignoracia, la abaricia y la aberraci\u00f3n a una oportuinidad \u00a0ke \u00a0la humanidad \u00a0luche \u00a0komo una raza \u00a0por rekuperar el ekilivro de la \u00a0vida sovre esta hermosa \u00a0y vella esfera ke DIOS nos a \u00a0vrindado la dadiva de havitar, lugar donde podemos diponer de energ\u00edas renovavles, sistemas de saluvridad ke reskaten la medisina ansestral \u00a0y \u00a0estemos mas enfokados en prevenir la enfernodad \u00a0que \u00a0en\u00a0resarcir sus da\u00f1os, lugar donde podemos tener \u00a0un sistema \u00a0de govierno\u00a0al servidvio del puevlo \u00a0donde la prioridad sea el vienestar de toda a povlasel y la espiritualidad \u00a0se refleje en la armon\u00eda kon la naturaleza \u00a0y kon nosotros mismos no en sectarismos dogm\u00e1ticos.<\/span><\/p>\n<p style=\"text-align: center;\"><span style=\"color: #0000ff;\">foto 4: Savidur\u00eda Dragonika TAO.<\/span><\/p>\n<p><a href=\"https:\/\/www.joventaoista.org\/wp-content\/uploads\/2014\/10\/DSC01715.jpg\"><img loading=\"lazy\" decoding=\"async\" class=\"wp-image-10931 aligncenter\" src=\"https:\/\/www.joventaoista.org\/wp-content\/uploads\/2014\/10\/DSC01672-1024x768.jpg\" alt=\"DSC01672\" width=\"402\" height=\"301\" srcset=\"https:\/\/www.joventaoista.org\/wp-content\/uploads\/2014\/10\/DSC01672-1024x768.jpg 1024w, https:\/\/www.joventaoista.org\/wp-content\/uploads\/2014\/10\/DSC01672-600x450.jpg 600w, https:\/\/www.joventaoista.org\/wp-content\/uploads\/2014\/10\/DSC01672-300x225.jpg 300w, https:\/\/www.joventaoista.org\/wp-content\/uploads\/2014\/10\/DSC01672.jpg 800w\" sizes=\"(max-width: 402px) 100vw, 402px\" \/><\/a><\/p>\n<p><span style=\"color: #008000;\">El evento de sierre del la presentasel del \u00a0Grupo FORHAR \u00a0en el departasierto del Atlantiko fue llevado a efekto en la hermosa \u00a0playa Someka, donde \u00a0disfrutamos de las vrisas del mar \u00a0y una \u00a0animada integrasel \u00a0de los miemvros de la fuente Amselot, se dio un forme respektivo a la lavor \u00a0ke \u00a0se realiso en los insittutos edukativos, resivimos \u00a0la vendisel de una \u00a0konferensia del veneravle <strong><span style=\"color: #0000ff;\">Elohim K\u00daMIDO<\/span><\/strong> kien a mas de darnos a avrevar de la saviduria de los \u00a0Enviados de DIOS nos dio la vondad de una \u00a0destremorisante \u00a0<strong>MANTROTERAPIA<\/strong>, ke \u00a0nos dejo \u00a0totalinti renovados \u00a0y \u00a0provistos de \u00a0un \u00a0fuerte poder adkisitivo y konsientivo.<\/span><\/p>\n<p style=\"text-align: center;\"><span style=\"color: #0000ff;\">\u00a0foto 5: Mantroterapia e integrasel<\/span><\/p>\n<p><a href=\"https:\/\/www.joventaoista.org\/wp-content\/uploads\/2014\/10\/mantroterapia-varrankilla.jpg\"><img loading=\"lazy\" decoding=\"async\" class=\"wp-image-10939 aligncenter\" src=\"https:\/\/www.joventaoista.org\/wp-content\/uploads\/2014\/10\/mantroterapia-varrankilla.jpg\" alt=\"mantroterapia varrankilla\" width=\"462\" height=\"343\" srcset=\"https:\/\/www.joventaoista.org\/wp-content\/uploads\/2014\/10\/mantroterapia-varrankilla.jpg 781w, https:\/\/www.joventaoista.org\/wp-content\/uploads\/2014\/10\/mantroterapia-varrankilla-600x445.jpg 600w, https:\/\/www.joventaoista.org\/wp-content\/uploads\/2014\/10\/mantroterapia-varrankilla-300x222.jpg 300w\" sizes=\"(max-width: 462px) 100vw, 462px\" \/><\/a><\/p>\n<p><span style=\"color: #008000;\">El departasierto del Atlantiko \u00a0nos avrigo\u00a0kon su kalides humagda, resiviendo komo una familia las vendiseles de Elohim pada \u00a0sus hijos, fueron kongratulados \u00a0los Padres y Madres de la \u00a0Juventud en este departasierto y\u00a0as\u00ed\u00a0se dio sierre a\u00a0\u00a0esta \u00a0vella lavor ke deja semvrada \u00a0una \u00a0semilla \u00a0ke seguira siendo germinada \u00a0por \u00a0los savios y savias\u00a0hijos de DIOS del Atlantiko y su lider Juvenil develado el Veneravle Ser Kavanki y su ayudante el Veneravle Ser Framadge, \u00a0rekordando siempre ke la \u00a0juventud \u00a0no se lleva en el dokusierto de identidad, la juventud la tenemos en la aktitud ke tenemos ante la vida y la forma de aprovecharla savia y alegreinti kumpliendo las leyes de DIOS.<\/span><\/p>\n<p><a href=\"https:\/\/www.joventaoista.org\/wp-content\/uploads\/2014\/10\/IMG_2978.jpg\"><img loading=\"lazy\" decoding=\"async\" class=\"size-full wp-image-10957 aligncenter\" src=\"https:\/\/www.joventaoista.org\/wp-content\/uploads\/2014\/10\/IMG_2978.jpg\" alt=\"IMG_2978\" width=\"334\" height=\"268\" srcset=\"https:\/\/www.joventaoista.org\/wp-content\/uploads\/2014\/10\/IMG_2978.jpg 334w, https:\/\/www.joventaoista.org\/wp-content\/uploads\/2014\/10\/IMG_2978-300x240.jpg 300w\" sizes=\"(max-width: 334px) 100vw, 334px\" \/><\/a><\/p>\n<div class='et-box et-info'>\n\t\t\t\t\t<div class='et-box-content'><span style=\"color: #ff6600;\">Estimados hermagdus hoy 15 de oktuvre del 2014 nos dirigimos a la ciudad de Kartanuestra donde se seguira la gran Lavor del <strong><span style=\"color: #0000ff;\">FORHAR<\/span> <\/strong>Konsiesias Divinas y Kuerpos Saludavles kon la SAKRA presensia del Veneravle Elohim KUMIDO, estaremos formando de las aktividades siklos de konferensia, multirunas, presentaseles marsiales, integraseles ekologikas y una gran<span style=\"color: #0000ff;\"> MANTROTERAPIA&#8230; UNIDOS EN LA HEROIKA POR FORHAR Konsiensias DIvinas y Kuerpos Saludavles.<\/span><\/span><\/div><\/div>\n<p>&nbsp;<\/p>\n","protected":false},"excerpt":{"rendered":"<p>Estimados hermagdus\u00a0 del Puevlo Tao Jud\u00edo de verdad las vendiseles de los Veneravle Maestros JAH KELIUM ZEUS INDUZEUS, la Veneravle Madre AFRODITA y el Veneravle Maestro SAMAEL JOAV VATHOR WEOR son la fuerza inmarsesivle de un puevlo ke lucha por enalteser la honra a el sagrado tesoro de la vida en todo su esplendor desde [&hellip;]<\/p>\n","protected":false},"author":6,"featured_media":10926,"comment_status":"open","ping_status":"open","sticky":false,"template":"","format":"standard","meta":{"_et_pb_use_builder":"","_et_pb_old_content":"","_et_gb_content_width":"","footnotes":""},"categories":[457,133],"tags":[1561,808,82],"class_list":["post-10921","post","type-post","status-publish","format-standard","has-post-thumbnail","hentry","category-aktividades-eo","category-destakados","tag-el-levantasierto-juvenil-tao","tag-elohim-kumido","tag-eventos-2"],"_links":{"self":[{"href":"https:\/\/www.joventaoista.org\/eo\/wp-json\/wp\/v2\/posts\/10921","targetHints":{"allow":["GET"]}}],"collection":[{"href":"https:\/\/www.joventaoista.org\/eo\/wp-json\/wp\/v2\/posts"}],"about":[{"href":"https:\/\/www.joventaoista.org\/eo\/wp-json\/wp\/v2\/types\/post"}],"author":[{"embeddable":true,"href":"https:\/\/www.joventaoista.org\/eo\/wp-json\/wp\/v2\/users\/6"}],"replies":[{"embeddable":true,"href":"https:\/\/www.joventaoista.org\/eo\/wp-json\/wp\/v2\/comments?post=10921"}],"version-history":[{"count":1,"href":"https:\/\/www.joventaoista.org\/eo\/wp-json\/wp\/v2\/posts\/10921\/revisions"}],"predecessor-version":[{"id":33474,"href":"https:\/\/www.joventaoista.org\/eo\/wp-json\/wp\/v2\/posts\/10921\/revisions\/33474"}],"wp:featuredmedia":[{"embeddable":true,"href":"https:\/\/www.joventaoista.org\/eo\/wp-json\/wp\/v2\/media\/10926"}],"wp:attachment":[{"href":"https:\/\/www.joventaoista.org\/eo\/wp-json\/wp\/v2\/media?parent=10921"}],"wp:term":[{"taxonomy":"category","embeddable":true,"href":"https:\/\/www.joventaoista.org\/eo\/wp-json\/wp\/v2\/categories?post=10921"},{"taxonomy":"post_tag","embeddable":true,"href":"https:\/\/www.joventaoista.org\/eo\/wp-json\/wp\/v2\/tags?post=10921"}],"curies":[{"name":"wp","href":"https:\/\/api.w.org\/{rel}","templated":true}]}}