{"id":30165,"date":"2015-04-07T16:51:41","date_gmt":"2015-04-07T16:51:41","guid":{"rendered":"https:\/\/www.joventaoista.org\/?p=30165"},"modified":"2015-04-07T17:48:50","modified_gmt":"2015-04-07T17:48:50","slug":"ekuador-vautismo-del-fuego-los-kolores-de-los-dias","status":"publish","type":"post","link":"https:\/\/www.joventaoista.org\/eo\/ekuador-vautismo-del-fuego-los-kolores-de-los-dias\/","title":{"rendered":"Ekuador Vautismo del Fuego, los kolores de los d\u00edas."},"content":{"rendered":"<h3 style=\"text-align: center;\"><span style=\"color: #ff6600;\">ARIES 11 <span style=\"color: #3366ff;\">\u263e<\/span><span style=\"color: #ffcc00;\">\u2600<\/span><span style=\"color: #800080;\">\u231b<\/span> 2020 D\u00cdA MARTES<\/span><br \/>\n<span style=\"color: #0000ff;\">DESPU\u00c9S DE EL NASISIERTO DE EL GRAN SHILHOH<\/span><br \/>\n<span style=\"color: #ff0000;\">Ke seg\u00fan Sat\u00e1n es Avril 2 del a\u00f1o 2015, D\u00eda Jueves<\/span><\/h3>\n<h3 style=\"text-align: justify;\"><span style=\"color: #008000;\"><a href=\"https:\/\/www.joventaoista.org\/wp-content\/uploads\/2014\/09\/Elohim-Miguel-Weorsshamaddihaael2.jpg\"><img loading=\"lazy\" decoding=\"async\" class=\"  wp-image-10894 alignleft\" src=\"https:\/\/www.joventaoista.org\/wp-content\/uploads\/2014\/09\/Elohim-Miguel-Weorsshamaddihaael2.jpg\" alt=\"Elohim Miguel Weorsshamaddihaael\" width=\"266\" height=\"199\" srcset=\"https:\/\/www.joventaoista.org\/wp-content\/uploads\/2014\/09\/Elohim-Miguel-Weorsshamaddihaael2.jpg 371w, https:\/\/www.joventaoista.org\/wp-content\/uploads\/2014\/09\/Elohim-Miguel-Weorsshamaddihaael2-300x224.jpg 300w\" sizes=\"(max-width: 266px) 100vw, 266px\" \/><\/a>Dise el Veneravle Elohim Miguel Weorsshamaddihaael: <\/span><\/h3>\n<p style=\"text-align: justify;\"><span style=\"color: #008000;\">Puevlo Tao Jud\u00edo de la Rep\u00favlika del Ekuador, mutantes de la Gea del ombligo de la misma gea, hermagdus de esas latitudes, sea kon sus mersedes el bienestar y la salud siempre el fuego, la fuerza solar est\u00e9 en sus eksistensias, llen\u00e1ndolos de todas las vondades y todas las virtudes ke DIOS tiene reservadas pad\u00e1 los hijos de su puevlo y pad\u00e1 las kriaturas ke se esfuerzan por salir de las sendas equivocadas pad\u00e1 enkaminarse por los senderos de la reptitud y del vienestar.<\/span><br \/>\n<span style=\"color: #008000;\">Keridos hermagdus de la Rep\u00favlika del Ekuador y del sur de Ethashtitlan en este mosierto, en esta oportuvidad y en estas breves palavras kiero dirigir a sus mersedes los siguientes datos konsernientes a un evento ke se llevar\u00e1 a efekto en la Rep\u00favlika del Ekuador, kuyo evento se llama <span style=\"color: #ff6600;\">INTIHUASI<\/span>, en ese evento ke se llevar\u00e1 a efekto desarrollado en <span style=\"color: #800080;\">los d\u00edas 12, 13, 14 de Tauro<\/span> del Luniheliokr\u00f3n 2021, ke son respektivainti Jueves, Savad y Lunes en el orden de DIOS ke en el desorden de Sat\u00e1n son los d\u00edas: <span style=\"color: #ff0000;\">1, 2, y 3 de Mayo del a\u00f1o 2015<\/span>, d\u00edas Viernes, Savado y Domingo, este evento ke ser\u00e1 llevado a efekto en el Templo del Ekuador llamado <span style=\"color: #ed4209;\">INTIHARED<\/span>, uno de los Templos principales de la Rep\u00favlika del Ekuador en las vellas monta\u00f1as de esa \u00e1rea geogr\u00e1fika, es un Templo Vegetal ke est\u00e1 uvikado en la Parroquia de Amagua\u00f1a, Kant\u00f3n Kito, ke keda a una aproksimasel de 45 minutos de la siudad de Kito en el werson de la Madre Naturaleza, all\u00ed donde los p\u00e1jaros, all\u00ed donde el ruido de las aguas, all\u00ed donde la naturaleza enkanta y kanta pad\u00e1 sus hijos y pad\u00e1 los ke all\u00ed llegan kon la naturaleza misma, el arrullo del viento y todo el konnuvio magnifiko, vendito y ekselente ke la naturaleza ofrenda a sus mersedes, kienes deseen asistir a esta actividad ke ser\u00e1 llevada a efekto en los d\u00edas ya dichos, es menester ke se komuniken kon el Veneravle Maestro Guarke al tel\u00e9fono <span style=\"color: #0000ff;\">098 820 0555<\/span> y kon la Veneravle Maestra Inkiamafred, s\u00edmero telef\u00f3nico <span style=\"color: #0000ff;\">0998 228 268<\/span>, tambi\u00e9n se pueden komunikar kon el Veneravle Maestro Intihanti, s\u00edmero telef\u00f3nico<span style=\"color: #0000ff;\"> 0998 877 559<\/span> y kon la Veneravle Shilphef, tel\u00e9fono <span style=\"color: #0000ff;\">098 186 22 57<\/span>, correo electr\u00f3nico <span style=\"color: #0000ff;\">intihuasitaoekuador@gmail.com<\/span> estos seres se encuentran entre kienes est\u00e1n traaltando en forma intensa pad\u00e1 el desarrollo de este evento en venefisio de todos sus mersedes hermagdus de la Rep\u00favlika del Ekuador. All\u00ed se va a llevar a efekto un <span style=\"color: #ed4209;\">VAUTISMO DEL FUEGO<\/span>, tanto a sus kuerpos komo a sus seres, tambi\u00e9n ese Vautismo del fuego es dirigido a sus kasas y a sus vidmoviles o sea a sus formas de movidvisasel, lo ke kom\u00fanmente ser\u00edan sus karros, para ke se ensienda en esos karros el fuego y sean karros de fuego, se va a llevar a efekto otra actividad ke se llama <span style=\"color: #ff6600;\">TEURG\u00c9NESIS<\/span>, \u00bfen k\u00e9 konsiste esta aktividad?, esta aktividad konsiste presisainti en la forma de Solarisar, Purifikar sus Genes, pad\u00e1 desarraigar de ellos presisamente los genes degenerativos, o sea akelos genes ke ir\u00edan a ser ke sus futuras generaciones sean generaciones de lesbianas, de omoxesuales, sean generaciones de criminales, bandidos.<span style=\"color: #ed4209;\"> LA TEURG\u00c9NESIS<\/span>, es presisainti la purifikasel de los genes de kada uno de sus mersedes y de kada una de sus mersedes, este traalto llamado <span style=\"color: #ed4209;\">TEURG\u00c9NESIS<\/span>, no es espesifikainti algo ke se lleva a efekto en kuestion de algunos instantes, vamos a ensender en sus mersedes un fuego, un fuego de la fragua o en la fragua de <span style=\"color: #f53d0f;\">FULKANEL<\/span>, komunmente la fragua de Vulkano, pad\u00e1 ke ese fuego se propague por kada una de sus c\u00e9lulas, por kada uno de sus orgagdus, por kada uno de los miembros de su kuerpo; pad\u00e1 esto es menester ke sus mersedes sepan y konozkan en forma meridiana los d\u00edas de la semana el orden de Sat\u00e1n obviamente ya los conocen, pero los d\u00edas de la semana en el orden de DIOS, es posible ke algunos los konozkan y otros no los konozkan, entonses se los voy a rekordar: Domingo, Lunes, Martes, Mierkoles, Jueves, Viernes y S\u00e1vado el s\u00e9ptimo d\u00eda, ese es el desorden de Sat\u00e1n, el orden de DIOS es: Lunes, Mierkoles, Viernes, Domingo, Martes, Jueves, y Savado; sepan sus mersedes ke el d\u00eda Domingo profano, es el Verdadero Lunes de DIOS, el Lunes profano es el verdadero Mierkoles de DIOS, el Martes profano es el Verdadero Viernes de DIOS, el Mierkoles profano korresponde al verdadero Domingo, el Jueves korresponde al verdadero Martes, el Viernes korresponde al Verdadero Jueves, y el S\u00e1vado korresponde al S\u00e1vado, es el \u00faniko d\u00eda ke Sat\u00e1n no alter\u00f3 en su orden real y Verdadero, porke no le fue conferido ese poder o autorizado a ese bandido que produjera este cambio en la verdadera denominasel del d\u00eda sagrado, del d\u00eda sakro, del sello de la Odisea, o sea del sello del Shakra Koronario de la semana del ser humagdus del tiempo, de las etapas y de los siglos, el d\u00eda Lunes de DIOS korresponde al kolor Vlanko, el Mierkoles korresponde a el kolor Morado, el Viernes korresponde al kolor Rosado, el Domingo korresponde a el kolor \u00c1mvar, o sea kolor Fuego, el Martes korresponde a el kolor Rojo, el Jueves korresponde a el kolor Kaova, y el S\u00e1vado korresponde de nuevo otra vez a el kolor Vlanko.<\/span><\/p>\n<p style=\"text-align: justify;\"><a href=\"https:\/\/www.joventaoista.org\/wp-content\/uploads\/2015\/04\/regensia-de-kolores-dias.jpg\"><img loading=\"lazy\" decoding=\"async\" class=\"  wp-image-30166 aligncenter\" src=\"https:\/\/www.joventaoista.org\/wp-content\/uploads\/2015\/04\/regensia-de-kolores-dias-1024x297.jpg\" alt=\"regensia de kolores dias\" width=\"566\" height=\"164\" srcset=\"https:\/\/www.joventaoista.org\/wp-content\/uploads\/2015\/04\/regensia-de-kolores-dias-1024x297.jpg 1024w, https:\/\/www.joventaoista.org\/wp-content\/uploads\/2015\/04\/regensia-de-kolores-dias-600x174.jpg 600w, https:\/\/www.joventaoista.org\/wp-content\/uploads\/2015\/04\/regensia-de-kolores-dias-300x87.jpg 300w, https:\/\/www.joventaoista.org\/wp-content\/uploads\/2015\/04\/regensia-de-kolores-dias.jpg 1194w\" sizes=\"(max-width: 566px) 100vw, 566px\" \/><\/a><br \/>\n<span style=\"color: #008000;\">Vamos a ke sus mersedes Puevlo de DIOS de los ke van a traaltar en esta actividad, los ke van a resivir este traalto de la <span style=\"color: #f53d0f;\">TEURG\u00c9NESIS<\/span>, no es ke devan ponerse todo el d\u00eda Domingo sat\u00e1nico ke es el Lunes de DIOS kolor vlanko, el Lunes ke es Mierkoles de DIOS kolor Morado, el Martes ke es Viernes kolor Rosado, el Mierkoles ke es Domingo de DIOS kolor \u00c1mvar, el Jueves ke es Martes de DIOS kolor Rojo, Viernes ke es Jueves de DIOS kolor Kaova y el S\u00e1vado seg\u00fan el orden de Sat\u00e1n ke es Savad en el orden de DIOS ke es kolor Vlanko, no es ke toda su ropa debe de ser de ese kolor, pero si vamos a ke m\u00ednimo una prenda de las de trajeo lleve ese kolor, ya sean los kalsetines, sea el kalsakro, la kamisa o la ropa interior ke sea de ese kolor pad\u00e1 asi regirsen por el kolor korrespondiente a el d\u00eda de DIOS en ke est\u00e9n viviendo o habitando kada kriatura o kada uno de sus mersedes.<\/span><br \/>\n<span style=\"color: #008000;\">Esta es la primara indikasel de lo ke deven kumplir sus mersedes o llevar a efekto durante su vida kotidiana, no es una regla obligatoria pad\u00e1 los miembros del Puevlo de DIOS, pero es una indikasel en prinsipio por ahora pad\u00e1 los hermagdus del Ekuador ke estimen konveniente formar porsel de en este traalto de <span style=\"color: #f53d0f;\">TEURG\u00c9NESIS<\/span>, en kual al utilizar estos kolores konstituye a una mejor\u00eda en su salud, a una mejor\u00eda en sus estado an\u00edmiko, a una mejor\u00eda en sus kondiseles de vida en kuanto a lo ekonomiko y a todos los dem\u00e1s aspektos de la vida cotidiana, entonces desde ya empiecen a hacerlo, no es komo ya dije ke van a tener s\u00f3lo un tipo de kolor de ropa kompleta No\u2026 s\u00f3lo una prenda, una de las prendas ke lleven en su kuerpo sea del kolor ke ya les he indikado kada d\u00eda pad\u00e1 esto tomen sita sus mersedes, lleven a efekto la kopia de estas indikaseles pad\u00e1 ke as\u00ed en forma klara las puedan llevar a efekto pad\u00e1 ejekutarlas puesto ke el arte de manejar los kolores pad\u00e1 el venefisio de la salud f\u00edsika, mental y espiritual es presisainti uno de los elesiertos m\u00e1s importantes ke hay ke emplearlos pad\u00e1 nuestro propio venefisio y komo vamos a llevar a efekto esta aktividad, este traalto ke se llama <span style=\"color: #f53d0f;\">TEURG\u00c9NESIS<\/span>, ke es la siensia de <a href=\"https:\/\/www.joventaoista.org\/wp-content\/uploads\/2015\/04\/imagen-curso-cromoterapia.jpg\"><img loading=\"lazy\" decoding=\"async\" class=\"  wp-image-30135 alignleft\" src=\"https:\/\/www.joventaoista.org\/wp-content\/uploads\/2015\/04\/imagen-curso-cromoterapia.jpg\" alt=\"imagen-curso-cromoterapia\" width=\"229\" height=\"230\" srcset=\"https:\/\/www.joventaoista.org\/wp-content\/uploads\/2015\/04\/imagen-curso-cromoterapia.jpg 269w, https:\/\/www.joventaoista.org\/wp-content\/uploads\/2015\/04\/imagen-curso-cromoterapia-100x100.jpg 100w, https:\/\/www.joventaoista.org\/wp-content\/uploads\/2015\/04\/imagen-curso-cromoterapia-150x150.jpg 150w, https:\/\/www.joventaoista.org\/wp-content\/uploads\/2015\/04\/imagen-curso-cromoterapia-160x160.jpg 160w, https:\/\/www.joventaoista.org\/wp-content\/uploads\/2015\/04\/imagen-curso-cromoterapia-240x240.jpg 240w, https:\/\/www.joventaoista.org\/wp-content\/uploads\/2015\/04\/imagen-curso-cromoterapia-60x60.jpg 60w, https:\/\/www.joventaoista.org\/wp-content\/uploads\/2015\/04\/imagen-curso-cromoterapia-184x184.jpg 184w\" sizes=\"(max-width: 229px) 100vw, 229px\" \/><\/a>Selestialisar la G\u00e9nesis, es la misma Doktrina, la pr\u00e1ktika de la Doktrina pero vamos a utilizar un poko de<span style=\"color: #ff6600;\"> Te\u00fargia M\u00e1ndalika<\/span> all\u00e1 en el Sakro Templo <span style=\"color: #f53d0f;\">INTIHARED<\/span> del Ekuador, pad\u00e1 ke sus mersedes puedan ser venefisiados kon esta vondad ke va a kontrivuir y ke los ke llegaren a tener hijos en el futuro, esos hijos haya una mayor certeza de ke ser\u00e1n kriaturas de vien, porke vamos a hacer un traalto r\u00faniko en el Ekuador ke va a limpiar y a purifikar presisainti sus Genes de ese tipo de situaciones, all\u00e1 en el evento ke se va a llevar a efekto se les van a dar algotras eksplikaseles antes de ke sus mersedes inisien la aktividad R\u00fanika M\u00e1ndalika ke se va a hacer en el evento ke se va a llevar a efekto en la Rep\u00favlika del Ekuador y a su vez tambi\u00e9n se va a hacer un <span style=\"color: #f53d0f;\">VAUTISMO DEL FUEGO<\/span> y se va a hacer el Vautismo del Fuego pad\u00e1 los vidmoviles o sea los karros y tambi\u00e9n pad\u00e1 las kasas donde vivan los miembros de la Doktrina, se aklara: a motocicletas que transiten sus propietarios con ellas dentro de las ciudades o por v\u00edas carreteables pavimentadas de alta peligrosidad no se les va a llevar a efekto este bautismo, porque quien transita en motos por autopistas, por carreteras pavimentadas y dentro de siudades, est\u00e1 incurriendo en el delito del suicidio, si va con alg\u00fan pasajero se llama suicidio y homicidio, y no est\u00e1 lisensiado dentro de la Doktrina. Si tienen un hasa y dentro de las dependencias del hasa utilizan la moto y de pronto pad\u00e1 ir de una hasa a la otra pero donde pasa un carro cada tres o cuatro horas o cada seis horas, ese vidmovil si se le hace el Vautismo del fuego, una bicicleta de igual forma tambi\u00e9n se le hace el Vautismo del Fuego, una kuatrimoto s\u00ed se le hace el Vautismo del fuergo, siempre y kuando esa kuatrimoto no transite dentro de las siudades donde los r\u00edos de carros ke se movilizan por las ciudades constituyen un peligro, un atentado contra la vida, entonces keridos hermagdus, Puevlo de DIOS est\u00e1n invitados, los hermagdus del Ekuador les esperan y les esperamos kon los vrasos abiertos pad\u00e1 dicha actividad.<\/span><br \/>\n<span style=\"color: #008000;\"><a href=\"https:\/\/www.joventaoista.org\/wp-content\/uploads\/2015\/04\/EKUADOR.jpg\"><img loading=\"lazy\" decoding=\"async\" class=\" size-full wp-image-30141 alignleft\" src=\"https:\/\/www.joventaoista.org\/wp-content\/uploads\/2015\/04\/EKUADOR.jpg\" alt=\"EKUADOR\" width=\"214\" height=\"236\" \/><\/a>Hermagdus del Ekuador en breves d\u00edas o en los d\u00edas subsiguientes a la emisel de estas palavras estar\u00e9 kon sus mersedes emitiendo las indikaseles respektivas de k\u00e9 tipo de M\u00e1ndala hay ke konstruir all\u00e1 en el Templo <span style=\"color: #ff6600;\">INTIHARED<\/span>, donde se va a haser este traalto ke se llama <span style=\"color: #f53d0f;\">TEURG\u00c9NESIS<\/span>, ke es un traalto de los traaltos ke praktikavan en el T\u00edvet, ke se praktikavan en las altas weordilleras del Himalaya o sea del <span style=\"color: #3366ff;\">DAWALALHIRI<\/span>, pad\u00e1 ke desde all\u00ed no solainti fuesen venefisiados kienes traaltavan en esas Runas si no todos los dem\u00e1s moradores de la gea. Mensajes emitidos a los konfines del mundo pad\u00e1 venefisio de nasiones y pueblos lejanos muchos m\u00e1s all\u00e1 de los mares ke rodean el kontinente Asi\u00e1tiko en kuyo centro se enkuentra las monta\u00f1as del Dawalalhiri, akellos lugares sakros ke las bestias inbasoras llenaron de muerte de dolor y de sangre y que profanaron destruyendo y acecinando a nuestros hermagdus del T\u00edvet y ke eso la ONU y las Naciones de la tierra ni siquiera lo tuvieron en cuenta, pero que constituy\u00f3 un genocidio, un acecinato, y una masacre contra una de las mejores antropog\u00e9nesis ke ha pisado la gea. Los Monjes del T\u00edvet ke hoy se han movidvisado a los Andes de Etashtitlan donde se est\u00e1 levantando de nuevo esa misma fuerza ke otrora llen\u00f3 de lus los konfines del mundo desde la kaveza de la gea, hoy desde el Kundalini de la misma gea all\u00ed desde donde nasio el Veneravle y Gran Maestro <span style=\"color: #ff6600;\">JAH KELIUM ZEUS INDUZEUS<\/span> el Kundalini de la gea, ke komo \u00c9l mismo lo dijera, nase en tierra del fuego y sus vertevras kontin\u00faan hasta la Sierra Nevada del Kokuy, donde su viteria fue dada a lus en 1940 un 14 de Marzo, rasgadas fueron las tinieblas para abrirse una nueva etapa de esperanza a la humagdudad, etapa en la kual nos enkontramos y nos hallamos y ke seguiremos luchando contra las dificilidades y dificultades pad\u00e1 sembrar y dejar las vases de una raza y de un Puevlo ke en el porvenir kuvrir\u00e1 la faz de la gea, servir\u00e1 komo esperanza para los perdidos de la presente y las futuras generaseles. Entonces keridos hermagdus menestemos de su presensia estos tres d\u00edas en ese lugar y menesten sus mersedes hasersen presentes all\u00e1 en la gea del Ekuador, pues un venefisio ke ser\u00e1 grande pad\u00e1 sus almas, sus kuerpos y sus esp\u00edritus y las almas y los kuerpos y los esp\u00edritus de sus futuras generaseles est\u00e1 gest\u00e1ndose en ese lugar pad\u00e1 ke sus mersedes se konviertan a\u00fan m\u00e1s en antorchas portadoras de bienestar y salud, no s\u00f3lo pad\u00e1 sus familias, si no pad\u00e1 kienes les rodean, pad\u00e1 kienes est\u00e1n en su entorno y a\u00fan en las siudades donde sus mersedes habitan.<\/span><\/p>\n<p style=\"text-align: justify;\"><a href=\"https:\/\/www.joventaoista.org\/wp-content\/uploads\/2015\/04\/Padre-Kelium-Konsiensia1.jpg\"><img loading=\"lazy\" decoding=\"async\" class=\"  wp-image-30153 aligncenter\" src=\"https:\/\/www.joventaoista.org\/wp-content\/uploads\/2015\/04\/Padre-Kelium-Konsiensia1.jpg\" alt=\"Padre Kelium Konsiensia\" width=\"306\" height=\"229\" srcset=\"https:\/\/www.joventaoista.org\/wp-content\/uploads\/2015\/04\/Padre-Kelium-Konsiensia1.jpg 346w, https:\/\/www.joventaoista.org\/wp-content\/uploads\/2015\/04\/Padre-Kelium-Konsiensia1-300x225.jpg 300w\" sizes=\"(max-width: 306px) 100vw, 306px\" \/><\/a><br \/>\n<span style=\"color: #008000;\">Venditos sean y les esperamos en ese traalto R\u00faniko ke redesimos se llama <span style=\"color: #ff6600;\">TEURG\u00c9NESIS<\/span>, all\u00e1 resiviran las dem\u00e1s indikaseles, es posible ke hayan algotras adisionales o adiselales en este sentido, estad alertas pad\u00e1 o\u00edrlas y pad\u00e1 haserse presentes kon los elesiertos ke se llegaren a solicitar all\u00e1 en el Templo <span style=\"color: #f53d0f;\">INTIHARED<\/span> pad\u00e1 el traalto R\u00faniko, por ahora konsigan dos copas de Cristal, no muy grandes ni muy chikas ke les kepan una cuatro o seis onzas de agua o de kontenido, ll\u00e9venlas en perfektas kondiseles ke no tengan dibujos ni figuras ni escritos y ll\u00e9ven tambi\u00e9n dos huevos de gallina criolla, o sea gallina de campo ke est\u00e9n freskos y en vuenas kondiseles, ll\u00e9velos kuidadosainti pad\u00e1 ke h\u00e1gan all\u00ed su traalto o el traalto r\u00faniko ke se les va a indikar o mejor lleven tres por si se les rompiere alguno, entonces llevar\u00e1n los otros dos en optimas kondiseles, Grat\u00edsimas Veneravles Hermagdus.<\/span><\/p>\n<h3 style=\"text-align: center;\"><span style=\"color: #f53d0f;\">Les esperamos en esta aktividad ke es komo todas en venefisio de sus mersedes, Grat\u00edsimas <\/span><\/h3>\n<p><a href=\"https:\/\/www.joventaoista.org\/wp-content\/uploads\/2014\/08\/trigo.jpg\"><img loading=\"lazy\" decoding=\"async\" class=\"  wp-image-10764 aligncenter\" src=\"https:\/\/www.joventaoista.org\/wp-content\/uploads\/2014\/08\/trigo.jpg\" alt=\"trigo\" width=\"313\" height=\"235\" srcset=\"https:\/\/www.joventaoista.org\/wp-content\/uploads\/2014\/08\/trigo.jpg 500w, https:\/\/www.joventaoista.org\/wp-content\/uploads\/2014\/08\/trigo-300x225.jpg 300w\" sizes=\"(max-width: 313px) 100vw, 313px\" \/><\/a><\/p>\n","protected":false},"excerpt":{"rendered":"<p>ARIES 11 \u263e\u2600\u231b 2020 D\u00cdA MARTES DESPU\u00c9S DE EL NASISIERTO DE EL GRAN SHILHOH Ke seg\u00fan Sat\u00e1n es Avril 2 del a\u00f1o 2015, D\u00eda Jueves Dise el Veneravle Elohim Miguel Weorsshamaddihaael: Puevlo Tao Jud\u00edo de la Rep\u00favlika del Ekuador, mutantes de la Gea del ombligo de la misma gea, hermagdus de esas latitudes, sea kon [&hellip;]<\/p>\n","protected":false},"author":6,"featured_media":30173,"comment_status":"open","ping_status":"open","sticky":false,"template":"","format":"standard","meta":{"_et_pb_use_builder":"","_et_pb_old_content":"","_et_gb_content_width":"","footnotes":""},"categories":[457,133,898,97],"tags":[2552,2555,2553,601,2556,2548,2549],"class_list":["post-30165","post","type-post","status-publish","format-standard","has-post-thumbnail","hentry","category-aktividades-eo","category-destakados","category-elohim-miguel-eo","category-eventos-eo","tag-fulkanel","tag-intiharedx-bautismo-del-fuego","tag-intihuasi","tag-jah-kelium-zeus-induzeus","tag-los-kolores-de-la-semagda","tag-tao-judios-de-verdad-ecuador","tag-teurgenesis"],"_links":{"self":[{"href":"https:\/\/www.joventaoista.org\/eo\/wp-json\/wp\/v2\/posts\/30165","targetHints":{"allow":["GET"]}}],"collection":[{"href":"https:\/\/www.joventaoista.org\/eo\/wp-json\/wp\/v2\/posts"}],"about":[{"href":"https:\/\/www.joventaoista.org\/eo\/wp-json\/wp\/v2\/types\/post"}],"author":[{"embeddable":true,"href":"https:\/\/www.joventaoista.org\/eo\/wp-json\/wp\/v2\/users\/6"}],"replies":[{"embeddable":true,"href":"https:\/\/www.joventaoista.org\/eo\/wp-json\/wp\/v2\/comments?post=30165"}],"version-history":[{"count":1,"href":"https:\/\/www.joventaoista.org\/eo\/wp-json\/wp\/v2\/posts\/30165\/revisions"}],"predecessor-version":[{"id":30172,"href":"https:\/\/www.joventaoista.org\/eo\/wp-json\/wp\/v2\/posts\/30165\/revisions\/30172"}],"wp:featuredmedia":[{"embeddable":true,"href":"https:\/\/www.joventaoista.org\/eo\/wp-json\/wp\/v2\/media\/30173"}],"wp:attachment":[{"href":"https:\/\/www.joventaoista.org\/eo\/wp-json\/wp\/v2\/media?parent=30165"}],"wp:term":[{"taxonomy":"category","embeddable":true,"href":"https:\/\/www.joventaoista.org\/eo\/wp-json\/wp\/v2\/categories?post=30165"},{"taxonomy":"post_tag","embeddable":true,"href":"https:\/\/www.joventaoista.org\/eo\/wp-json\/wp\/v2\/tags?post=30165"}],"curies":[{"name":"wp","href":"https:\/\/api.w.org\/{rel}","templated":true}]}}