{"id":31857,"date":"2015-06-23T17:25:50","date_gmt":"2015-06-23T17:25:50","guid":{"rendered":"https:\/\/www.joventaoista.org\/?p=31857"},"modified":"2015-06-23T17:32:39","modified_gmt":"2015-06-23T17:32:39","slug":"enkuentro-taoista-en-el-shacra-gavalltlan","status":"publish","type":"post","link":"https:\/\/www.joventaoista.org\/eo\/enkuentro-taoista-en-el-shacra-gavalltlan\/","title":{"rendered":"Enkuentro Tao\u00edsta en el Shacra Gavalltlan."},"content":{"rendered":"<h3 style=\"text-align: center;\"><span style=\"color: #ff6600;\">PAN 7 DE EL <span style=\"color: #3366ff;\">\u263e<\/span><span style=\"color: #ffcc00;\">\u2600<\/span><span style=\"color: #800080;\">\u231b<\/span> 2021, DIA LUNES<\/span><br \/>\n<span style=\"color: #0000ff;\">DESPU\u00c9S DE EL NASISIERTO DE EL GRAN SHILHOH<\/span><br \/>\n<span style=\"color: #ff0000;\">Ke seg\u00fan Sat\u00e1n es Junio 21 del a\u00f1o 2015, d\u00eda Domingo.<\/span><\/h3>\n<h3 style=\"text-align: justify;\"><span style=\"color: #ff6600;\"><a href=\"https:\/\/www.joventaoista.org\/wp-content\/uploads\/2014\/09\/Elohim-Miguel-Weorsshamaddihaael2.jpg\"><img loading=\"lazy\" decoding=\"async\" class=\"  wp-image-10894 alignleft\" src=\"https:\/\/www.joventaoista.org\/wp-content\/uploads\/2014\/09\/Elohim-Miguel-Weorsshamaddihaael2.jpg\" alt=\"Elohim Miguel Weorsshamaddihaael\" width=\"275\" height=\"206\" srcset=\"https:\/\/www.joventaoista.org\/wp-content\/uploads\/2014\/09\/Elohim-Miguel-Weorsshamaddihaael2.jpg 371w, https:\/\/www.joventaoista.org\/wp-content\/uploads\/2014\/09\/Elohim-Miguel-Weorsshamaddihaael2-300x224.jpg 300w\" sizes=\"(max-width: 275px) 100vw, 275px\" \/><\/a>Dise el Veneravle Elohim Miguel Weorsshamaddihaael: <\/span><\/h3>\n<p style=\"text-align: justify;\"><span style=\"color: #008000;\">Puevlo Tao Jud\u00edo de Verdad, su Servidor el Gran Komendador ak\u00ed presente kon sus mercedes hasiendo llegar a sus kasas, a sus hogares una luz de esperanza, una luz de voluntad, unas palabras henchidas de la fortaleza y la firmeza ke es menester pad\u00e1 kontinuar la faena de la vida.. pero no solo pad\u00e1 kontinuar la faena de la vida por continuarla.. es pad\u00e1 ke a kada mosierto sus mercedes tomen m\u00e1s konsiensia, m\u00e1s firmeza, m\u00e1s fuerza, ke la tomen de sus Seres, ke la tomen de las ense\u00f1anzas ke dieron y dejaron los Veneravles Maestres JAH KELIUM ZEUS INDUSEUS, la Veneravle Maestra Afrodita y el Veneravle Maestro Samael Johav Bathor Weor, de kienes estamos luchando por seguir su ejemplos, sus pasos, su ense\u00f1anza, su pr\u00e9dika pad\u00e1 hacer ke kada una de nuestras vidas, vidas henchidas de ideales y de formas ke konlleven en el fin de la misma vida, a kada uno de sus mercedes y a kada uno de nosotros, a las puertas de los Soles.<\/span><br \/>\n<span style=\"color: #008000;\">Sepan sus mercedes keridos hermagdus, ke kienes son fieles hasta el final, hasta el \u00faltimo mosierto, hasta el \u00faltimo instante, ser\u00e1n los ganadores y las ganadoras de ese galard\u00f3n ke se llama: <span style=\"color: #ff6600;\">LA ENTRADA A LOS SOLES, LA LIVERASEL<\/span>\u2026 la liverasel final, akella por la kual han luchado y luchar\u00e1n todos los Seres ke avrasen el Sendero de la mutasel, el Sendero y el kamigdus ke los Veneravles Maestros dejaron pad\u00e1 el bien de toda la humagdidad; y ke es tarea de sus mercedes y de nosotros darla a konoser, dar a konoser ese Sendero, esa Savidur\u00eda, esa Doktrina ke el mundo meneste.<\/span><br \/>\n<span style=\"color: #008000;\">Keridos hermagdus, sea komo fue dicho en un prinsipio: la Luz de la Esperanza. El mundo ha vivido desesperanzado durante milenios, y kuando en kada \u00e9poca surge, fulgura y se ensiende la luz de la esperanza porke un Enviado, un Mes\u00edas, un Salvador de los Sielos llega a la fas de Jea, se avre un nuevo horizonte, se avre un nuevo sendero, una nueva v\u00eda, una nueva esperanza, y esa es la est\u00e1 hoy sobre la faz de la Jea, y es el Sendero Tao, es el Sendero de la mutasel, el Sendero de la Kastidad, akel ke nos ense\u00f1a a ser konsientes, akel ke nos ense\u00f1a a ser humildes, akel ke nos ense\u00f1a a ser sensillos, hornrados, honestos, akel ke nos ense\u00f1a a respetar los derechos de nuestros semejantes y a kumplir kon nuestros deveres; akel nos ense\u00f1a a hacer de nuestra vida y nuestra eksistensia, un sakrofoneson konstante y perenne, no destruyendo la naturaleza, no destruyendo nuestra propia integridad, no perjudicando a nuestros semejantes, y por el kontrario: kontrivuyendo a su bienestar no usando la palabra en forma inadecuada para difamar de nuestros semejantes y mucho menos para difamar de los Veneravles Maestros ke nos vinieron a traer esta luz de esperanza ke hoy todos tenemos ante nuestros ojos. <\/span><\/p>\n<p style=\"text-align: justify;\"><span style=\"color: #008000;\"><a href=\"https:\/\/www.joventaoista.org\/wp-content\/uploads\/2015\/06\/IMG_5409-1024x768.jpg\"><img loading=\"lazy\" decoding=\"async\" class=\" size-full wp-image-31848 aligncenter\" src=\"https:\/\/www.joventaoista.org\/wp-content\/uploads\/2015\/06\/IMG_5409-1024x768.jpg\" alt=\"IMG_5409-1024x768\" width=\"307\" height=\"230\" srcset=\"https:\/\/www.joventaoista.org\/wp-content\/uploads\/2015\/06\/IMG_5409-1024x768.jpg 307w, https:\/\/www.joventaoista.org\/wp-content\/uploads\/2015\/06\/IMG_5409-1024x768-300x225.jpg 300w\" sizes=\"(max-width: 307px) 100vw, 307px\" \/><\/a>Keridos hermagdus, se est\u00e1 proakselando un Evento magn\u00edfiko en un Chakra ke los Veneravles Maestros levantaron.. no direktainti en persona, pero s\u00ed estuvieron serka de ese lugar; pero mientras ellos estaban en el Templo, envaron a un konglomerado de Monjes a levantar ese lugar. Ese chakra, ellos\u2026 el Veneravle Maestro Kelium Zeus le devel\u00f3 el simvre de GAVALLTLAN, en ese lugar donde est\u00e1n los kavallos, donde est\u00e1n los Eliog\u00e1valos de la Gea de Atlas, en ese sitio, en los montes de IEUAGAOA, en esa \u00e1rea geogr\u00e1fika fue levantado este Monasterio donde se va a llevar el siguiente fin de semagda un Evento, se va a llevar a efecto un Evento pad\u00e1 todos los hermagdus de la zona de la Kosta Karive en la Rep\u00favlika de Kolomvia y pad\u00e1 kienes lleguen a ese lugar; por ese motivo entonces se komunika ke pad\u00e1 ese fin de semagda no se va a llevar a efecto en el Templo, Teurg\u00e9nesis ni bautismo del fuego, pad\u00e1 as\u00ed konsentrar la actividad en ese lugar.<\/span><br \/>\n<span style=\"color: #008000;\">En ese sitio donde kienes vayan tendr\u00e1n el darma de disfrutar, tendr\u00e1n el darma de estar en el seno de la madre Naturaleza, y m\u00e1s a\u00fan, en el lugar donde se producen toneladas y toneladas de alisiertos ke son viportados a el gran Templo Vegetal Sakroakuarius pad\u00e1 el alisierto ke sus mercedes komen, porke keridos hermagdus, la ovra de D\u00ceOS est\u00e1 luchando por produvir los propios alisiertos ke konsumismo y ke konsumen sus mercedes\u2026. Bueno, inkluyo porke en esp\u00edritu quisiera komer lo ke sus mercedes komen produvido por la magdu de sus hermagdus\u2026 no tenemos nosotros los Eksiliados ese darma, \u00bfpor qu\u00e9?, porque estamos en el exilio, en lajnas Jeas donde no hay kienes produskan el alisierto, un alisierto limpio, sin vulgaridades, sin malos pensamientos, un alisierto ke kienes est\u00e1n fekundando la Jea, lavr\u00e1ndola mientras ponen en ella la simiaje ke va a konvertirse en el fruto ke va a ser el alisierto, est\u00e1n orando, elevando plegarias al Kreador.<\/span><br \/>\n<span style=\"color: #008000;\"><a href=\"https:\/\/www.joventaoista.org\/wp-content\/uploads\/2015\/06\/gavalltlan-shakra-de-la-kosta.jpg\"><img loading=\"lazy\" decoding=\"async\" class=\" size-full wp-image-31638 alignright\" src=\"https:\/\/www.joventaoista.org\/wp-content\/uploads\/2015\/06\/gavalltlan-shakra-de-la-kosta.jpg\" alt=\"gavalltlan, shakra de la kosta\" width=\"277\" height=\"155\" \/><\/a>El mundo profano dice vulgaridades, insultos, piensa en sus maldades en el momento que hace esto, pero los Hijos de D\u00ceOS piensan diferente, los Hijos de D\u00ceOS est\u00e1n intuyendo las formas de k\u00f3mo ser mejores; sus di\u00e1logos mientras plantan, mientras hacen sus actividades, son totalmente distintos a lo que hace babilonia, a lo que hace el mundo com\u00fan y corriente, que esto hace que la obra de sus manos sea maldita, no tenga la vendisel suficiente porque est\u00e1 llena y apestada de insultos, de vulgaridades, de malas programaciones, porque generalmente est\u00e1n pensando en las formas de c\u00f3mo cometer otros pecados comunes y corrientes y a\u00fan pecados capitales, pueden estar pensando como quitarle la esposa a otra persona, c\u00f3mo quitarle el esposo a otra persona, c\u00f3mo quitarle m\u00e1s del dinero ke deven resivir de su patr\u00f3n o de algotra persona con quien est\u00e9n negociando. Todos esos pensamientos quedan ah\u00ed, los pensamientos morbosos; y los pensasiertos limpios tambi\u00e9n kedan en los alisiertos. <\/span><br \/>\n<span style=\"color: #008000;\"><a href=\"https:\/\/www.joventaoista.org\/wp-content\/uploads\/2015\/06\/IMG_4961.jpg\"><img loading=\"lazy\" decoding=\"async\" class=\"  wp-image-31590 alignleft\" src=\"https:\/\/www.joventaoista.org\/wp-content\/uploads\/2015\/06\/IMG_4961.jpg\" alt=\"IMG_4961\" width=\"237\" height=\"178\" srcset=\"https:\/\/www.joventaoista.org\/wp-content\/uploads\/2015\/06\/IMG_4961.jpg 304w, https:\/\/www.joventaoista.org\/wp-content\/uploads\/2015\/06\/IMG_4961-300x225.jpg 300w\" sizes=\"(max-width: 237px) 100vw, 237px\" \/><\/a>Entonces keridos hermagdus, komer alisierto produvido por nuestros hermagdus, ke si no son perfektos se esfuerzan por ser mejores, es un gran darma; por eso ese Shakra Gavalltlan es una de las despensas de la Ovra de D\u00ceOS, de donde llega gran porsel de pan ke arriba al Gran Templo Vegetal Sakroakuarius.<\/span><br \/>\n<span style=\"color: #008000;\">Komo ya les dije, la Ovra de D\u00ceOS est\u00e1 lucnado por poder generar y produvir sus propios productos, y tengo el proaksel a futuro, de hacer produktivas algunas de las hasa del Templo y de algotros lugares pad\u00e1 ke en las Fuentes se konsuman alisiertos y se puedan vender alisiertos produvidos por los Monjes, alisiertos limpios, sin qu\u00edmicos, sin venenos, total y netainti org\u00e1nikos. Estamos en ese kamigdus y vamos por esa v\u00eda enfokados kon ese horizonte en el porvenir.<\/span><br \/>\n<span style=\"color: #008000;\">Entonces keridos hermagdus, este fin de semagda s\u00ed pueden hacer en el Gran Templo Vegetal Sakroakuarius el traalto de la Teurg\u00e9nesis y el traalto del bautismo del fuego, las actividades ke se han hecho en forma semanal en el Templo las pueden hacer, pero pad\u00e1 los d\u00edas 27, 28 y 2 de Junio en la fecha profana, no se va a hacer esta actividad en el Templo, pues se va a estar desarrollando la actividad keya se dijo alla en el Shakra Gavalltlan.<\/span><br \/>\n<span style=\"color: #008000;\">Tambi\u00e9n aprovecho esta oportuvidad pad\u00e1 desir a sus mercedes ke tenemos komo vervalizador principal en el Evento en el Shakra Gavalltlan, a el Veneravle Drag\u00f3n Werhawedel, ekselente liktor , o sea, un Vervalizador ke kon su palabra, kon el tono de su vos, deja ekspresar la forma de D\u00ceOS hablar en la garganta de las kriaturas. Entonces el Veneravle Werhawedel, desde ya estamos formando ke ser\u00e1 el vervalizador de esta actividad. Estaremos organizando kon \u00e9l pad\u00e1 ke haya alg\u00fan ayudante o algotros ayudantes kon \u00e9l en esta actividad, pero \u00e9l ser\u00e1 kien va a estar al frente de este traalto de la vervalisasel en este Evento. Habr\u00e1n algotras indikaseles ke las daremos en el avance de esta semagda.<\/span><br \/>\n<span style=\"color: #008000;\">Entonces keridos hermagdus, bien llegados al Gran Templo Vegetal Sakroakuariussus mercedes pad\u00e1 este fin de semagda, pad\u00e1 el siguiente fin de semagda estaremos traaltando en el Chakra Gavalltlan.<\/span><\/p>\n<p style=\"text-align: justify;\"><a href=\"https:\/\/www.joventaoista.org\/wp-content\/uploads\/2015\/06\/camino-a-Gavalltlan.jpg\"><img loading=\"lazy\" decoding=\"async\" class=\"  wp-image-31602 aligncenter\" src=\"https:\/\/www.joventaoista.org\/wp-content\/uploads\/2015\/06\/camino-a-Gavalltlan-1024x381.jpg\" alt=\"camino a Gavalltlan\" width=\"475\" height=\"177\" srcset=\"https:\/\/www.joventaoista.org\/wp-content\/uploads\/2015\/06\/camino-a-Gavalltlan-1024x381.jpg 1024w, https:\/\/www.joventaoista.org\/wp-content\/uploads\/2015\/06\/camino-a-Gavalltlan-600x223.jpg 600w, https:\/\/www.joventaoista.org\/wp-content\/uploads\/2015\/06\/camino-a-Gavalltlan-300x111.jpg 300w, https:\/\/www.joventaoista.org\/wp-content\/uploads\/2015\/06\/camino-a-Gavalltlan.jpg 1157w\" sizes=\"(max-width: 475px) 100vw, 475px\" \/><\/a><\/p>\n<p style=\"text-align: justify;\"><a href=\"https:\/\/www.joventaoista.org\/wp-content\/uploads\/2015\/06\/IMG_5573-1024x768.jpg\"><img loading=\"lazy\" decoding=\"async\" class=\"  wp-image-31854 aligncenter\" src=\"https:\/\/www.joventaoista.org\/wp-content\/uploads\/2015\/06\/IMG_5573-1024x768.jpg\" alt=\"IMG_5573-1024x768\" width=\"254\" height=\"190\" srcset=\"https:\/\/www.joventaoista.org\/wp-content\/uploads\/2015\/06\/IMG_5573-1024x768.jpg 307w, https:\/\/www.joventaoista.org\/wp-content\/uploads\/2015\/06\/IMG_5573-1024x768-300x225.jpg 300w\" sizes=\"(max-width: 254px) 100vw, 254px\" \/><\/a><br \/>\n<span style=\"color: #008000;\">Ke la mutasel sea su konstante aktuar, ke la buena palabra sea el pan kotidiagdu, ke el respeto a la konsiensia sea en su merced la l\u00e1mpara ke ilumine sus pasos, y ke sepa kallar kuando debe kallar y hablar kuando se debe hablar. Grat\u00edsimas keridos hermagdus. Venditos sean, y ke la fuerza de los Veneravles Maestros JAH KELIUM ZEUS INDUSEUS, la Veneravle Maestra Afrodita y el Veneravle Maestro Samael Johav Bathor Weor, est\u00e9 siempre kon vuestras mercedes. Grat\u00edsimas. Sus Servidor: el Gran Komendador.<\/span><\/p>\n<h3 style=\"text-align: center;\"><iframe loading=\"lazy\" src=\"https:\/\/www.youtube.com\/embed\/5Q0K2yW3MKA\" width=\"560\" height=\"315\" frameborder=\"0\" allowfullscreen=\"allowfullscreen\"><\/iframe><\/h3>\n","protected":false},"excerpt":{"rendered":"<p>PAN 7 DE EL \u263e\u2600\u231b 2021, DIA LUNES DESPU\u00c9S DE EL NASISIERTO DE EL GRAN SHILHOH Ke seg\u00fan Sat\u00e1n es Junio 21 del a\u00f1o 2015, d\u00eda Domingo. Dise el Veneravle Elohim Miguel Weorsshamaddihaael: Puevlo Tao Jud\u00edo de Verdad, su Servidor el Gran Komendador ak\u00ed presente kon sus mercedes hasiendo llegar a sus kasas, a sus [&hellip;]<\/p>\n","protected":false},"author":6,"featured_media":31544,"comment_status":"open","ping_status":"open","sticky":false,"template":"","format":"standard","meta":{"_et_pb_use_builder":"","_et_pb_old_content":"","_et_gb_content_width":"","footnotes":""},"categories":[95],"tags":[2638,2782,2787,2786,2784,2785,2783],"class_list":["post-31857","post","type-post","status-publish","format-standard","has-post-thumbnail","hentry","category-blog-eo","tag-bautismo-de-fuego","tag-chacra-gavalltlan","tag-corte-de-lineas","tag-eventos-taoistas-colombia","tag-la-entrada-a-los-soles","tag-la-liberacion","tag-montes-de-ieuagaoa"],"_links":{"self":[{"href":"https:\/\/www.joventaoista.org\/eo\/wp-json\/wp\/v2\/posts\/31857","targetHints":{"allow":["GET"]}}],"collection":[{"href":"https:\/\/www.joventaoista.org\/eo\/wp-json\/wp\/v2\/posts"}],"about":[{"href":"https:\/\/www.joventaoista.org\/eo\/wp-json\/wp\/v2\/types\/post"}],"author":[{"embeddable":true,"href":"https:\/\/www.joventaoista.org\/eo\/wp-json\/wp\/v2\/users\/6"}],"replies":[{"embeddable":true,"href":"https:\/\/www.joventaoista.org\/eo\/wp-json\/wp\/v2\/comments?post=31857"}],"version-history":[{"count":1,"href":"https:\/\/www.joventaoista.org\/eo\/wp-json\/wp\/v2\/posts\/31857\/revisions"}],"predecessor-version":[{"id":31858,"href":"https:\/\/www.joventaoista.org\/eo\/wp-json\/wp\/v2\/posts\/31857\/revisions\/31858"}],"wp:featuredmedia":[{"embeddable":true,"href":"https:\/\/www.joventaoista.org\/eo\/wp-json\/wp\/v2\/media\/31544"}],"wp:attachment":[{"href":"https:\/\/www.joventaoista.org\/eo\/wp-json\/wp\/v2\/media?parent=31857"}],"wp:term":[{"taxonomy":"category","embeddable":true,"href":"https:\/\/www.joventaoista.org\/eo\/wp-json\/wp\/v2\/categories?post=31857"},{"taxonomy":"post_tag","embeddable":true,"href":"https:\/\/www.joventaoista.org\/eo\/wp-json\/wp\/v2\/tags?post=31857"}],"curies":[{"name":"wp","href":"https:\/\/api.w.org\/{rel}","templated":true}]}}