{"id":31865,"date":"2015-06-26T20:45:21","date_gmt":"2015-06-26T20:45:21","guid":{"rendered":"https:\/\/www.joventaoista.org\/?p=31865"},"modified":"2015-06-26T21:02:17","modified_gmt":"2015-06-26T21:02:17","slug":"anekdota-del-maestro-adriel-kon-el-maestro-samael","status":"publish","type":"post","link":"https:\/\/www.joventaoista.org\/eo\/anekdota-del-maestro-adriel-kon-el-maestro-samael\/","title":{"rendered":"An\u00e9kdota del Maestro Adriel kon el Maestro Samael."},"content":{"rendered":"<h3 style=\"text-align: center;\"><span style=\"color: #ff6600;\">LEO 23 DE EL <span style=\"color: #3366ff;\">\u263e<\/span><span style=\"color: #ffcc00;\">\u2600<\/span><span style=\"color: #800080;\">\u231b<\/span> 2018 DIA SAVATH<\/span><br \/>\n<span style=\"color: #0000ff;\">Despu\u00e9s de el Nasisierto de el Gran Shilhoh<\/span><br \/>\n<span style=\"color: #ff0000;\">Ke seg\u00fan Sat\u00e1n es Agosto 03 del a\u00f1o 2013 d\u00eda Savado<\/span><\/h3>\n<h3 style=\"text-align: justify;\"><span style=\"color: #800080;\">Dise la Maestra Inkujuvik: <\/span><\/h3>\n<p style=\"text-align: justify;\"><span style=\"color: #800080;\">El tiempo ke estoy en la doktrina es 15 heliokrones, Veneravle Maestro do estoy aki presente pada ke vuestra mersed tenga la vondad y la vendisel y le pido ke por favor su mersed me de el simvre del ni\u00f1o, ke tengo 7 meses de gestasel y tamvien me gustaria ke vuestra mersed nos kuente la historia del Maestro Samael, ke tuvo en los anteriores retornos y en estos retornos pada ke aki podamos oir y mi hija ke esta en el vientre tamvien las pueda oir. gratisimas Veneravle Senior<\/span><\/p>\n<h3 style=\"text-align: justify;\"><span style=\"color: #0000ff;\"><a href=\"https:\/\/www.joventaoista.org\/wp-content\/uploads\/2014\/03\/mAESTRO-aDRIEL-Y-pADRE-kELIUM.jpg\"><img loading=\"lazy\" decoding=\"async\" class=\"  wp-image-8690 alignleft\" src=\"https:\/\/www.joventaoista.org\/wp-content\/uploads\/2014\/03\/mAESTRO-aDRIEL-Y-pADRE-kELIUM.jpg\" alt=\"mAESTRO aDRIEL Y pADRE kELIUM\" width=\"345\" height=\"230\" srcset=\"https:\/\/www.joventaoista.org\/wp-content\/uploads\/2014\/03\/mAESTRO-aDRIEL-Y-pADRE-kELIUM.jpg 630w, https:\/\/www.joventaoista.org\/wp-content\/uploads\/2014\/03\/mAESTRO-aDRIEL-Y-pADRE-kELIUM-600x400.jpg 600w, https:\/\/www.joventaoista.org\/wp-content\/uploads\/2014\/03\/mAESTRO-aDRIEL-Y-pADRE-kELIUM-300x200.jpg 300w\" sizes=\"(max-width: 345px) 100vw, 345px\" \/><\/a>Dise el Veneravle Maestro Adriel: <\/span><\/h3>\n<p style=\"text-align: justify;\"><span style=\"color: #0000ff;\">Muy Vuen dia mi Kerida hermanita me alegra mucho poderla o\u00edr y saludar, su solisitud es muy importante&#8230; Le voy a kontar algo hermanita ke viene a mis rekuerdos. En el Kilometro 8 el Veneravle Maestro KELIUM ZEUS tenia una bodeguita donde guardava las kositas, las mieles ke produsia de las avejitas, me acuerdo ke en esta piesa mi Padre gravo alla solo en esa piesa la himnopedia ke alguno de Vuestras mersedes ha tenido la d\u00e1diva de tener y ke kada uno de sus mersedes dever\u00eda tener una de ellas y aveses kienes la tienen una ves la oyeron y ya no la han vuelto a o\u00edr sepan mis keridos hermanos ke estas ense\u00f1ansas son vivas, ke aparentemente disiendo lo mismo no es asi porke es komo las Sagradas eskrituras kada ves ke las leemos aprendemos kosas nuevas de akuerdo a Nuestro estado espiritual, asi komo un ni\u00f1o ke oiga una difisil ekuasion matematika, entender\u00e1 de akuerdo a su entender y kuando sea mayor mas a\u00fan. Vueno mi kerida hermanita en esos dias aunke antes heliokrones antes a lo ke le kuento&#8230; un dia en esa vodeguita ke se komponia de dos piesitas, all\u00e1 en la piesa del fondo el Maestro SAMAEL siendo un muy joven, muchacho tenia una vateita de esas de sakar oro ke son de madera, por esos dias JOAV, hiso kon esa vatea un varkito kon su kuvierta sus gruas, komo si fuese un varko de karga , \u00e9l siempre tuvo gran destresa para la karpinteria porke mi Padre siempre fue kalfarero porke la Apidologia siempre lo rekiere&#8230; Vueno \u00e9l hiso este varkito kon esta vateita y este tenia sus gruas kon kuerdas y \u00e9l hiso de tela unos kostalitos a semejansa real y los llenava kon tamo de arros ke mi Padre tenia para unas gallinitas ke havian en la kasa, El Maestro Samel me mostrava ese dia el varko ke havia hecho tan vonito y kon ingenio y me kont\u00f3 ese dia una historia de un varko de un var\u00f3n ke se havia llamado VEN HUR, \u00e9l tenia kisas 14 a\u00f1os me kontava toda la historia de este var\u00f3n y \u00e9l me desia ke este Var\u00f3n Ven Hur havia sido esclavo en un varco <a href=\"https:\/\/www.joventaoista.org\/wp-content\/uploads\/2014\/07\/Maestro-Samael.jpg\"><img loading=\"lazy\" decoding=\"async\" class=\" size-full wp-image-10465 alignright\" src=\"https:\/\/www.joventaoista.org\/wp-content\/uploads\/2014\/07\/Maestro-Samael.jpg\" alt=\"Maestro-Samael\" width=\"205\" height=\"265\" \/><\/a>romano y ke \u00e9l se havia enkontrado kon KRISTO y Vueno me konto esa historia&#8230; ke yo me iva imaginando a medida ke me lo iva kontando y as\u00ed \u00e9l me kontava much\u00edsimas historias ke yo no savia de donde las sakava. Vueno yo no me preokupava de donde las sacar\u00eda porke \u00e9l tenia kosas raras a mi entender pero vuenas y una de ellas era esa ke no se de donde sakava tantas historias ke me kontava Una Ves kuando llegavamos del kolegio los tres hermanos llegamos a la kasa y la piesa de nosotros estava serrada kon kandado, porke mis Padres no estavan, havian salido y keriamos kamviarnos y alistarnos para estar en la kasa, pero no podiamos y vueno kedamos ah\u00ed en la kasa, pero kon la ropa del kolegio y \u00e9l de un momento a otro result\u00f3 kamviado y todo y nos ekstra\u00f1\u00f3 porke la piesa estava serrada y \u00e9l se re\u00eda no mas y uno en la kosa de saver k\u00f3mo havia hecho, AVNER y yo le preguntamos ke por d\u00f3nde se hav\u00eda metido y \u00e9l se re\u00eda y komo nosotros ke sav\u00edamos y konos\u00edamos no hav\u00eda por d\u00f3nde entrar a la piesa, tan solo por las puertas serradas y la ventana ke estava trankada y le dijimos ke le ivamos a desir a mi Pap\u00e1 ke no se sav\u00eda por d\u00f3nde \u00e9l se havia metido a la piesa a kamviarse, pero \u00e9l se re\u00eda y nos dijo&#8230; si kieren les sako la ropa del kolegio y \u00e9l la fue a sakar, pero nosotros nos pusimos kada uno en una puerta y mirando a la ventana para ver k\u00f3mo has\u00eda, pero \u00e9l korri\u00f3 atras de la piesa y ya nos kontestava era adentro de la piesa y nos result\u00f3 afuera kon la ropa ke ten\u00edamos adentro. Vueno eso pas\u00f3 un d\u00eda y le dijimos a mi Padre y \u00e9l s\u00f3lo se re\u00eda, Kisas algunos de los hermanos ak\u00ed presentes ke en akellos a\u00f1os maravillosos estuvieron, kisas el Maestro Charrajael o Petfah se akuerdan de estas kosas. Le kuento esto hermanita porke me ha preguntado ke le kuente retornos de el Maestro SAMAEL, y \u00c9l ese dia de el varkito ke dijo ke \u00e9l hav\u00eda sido ese Ven hur porke yo le pregunt\u00e9 ke \u00e9l de d\u00f3nde sakava esas historias <\/span><br \/>\n<span style=\"color: #0000ff;\">Kerida hermanita pudiera kontarle tantas kosas ke en este mosierto se me desvordan mis pensamientos de rekuerdos, pero estos rekuerdos me han hecho llorar\u2026 Kerida hermanita el Simvre de su Vev\u00e9 es el Veneravle Ser INKUIKAV<\/span><\/p>\n<h3 style=\"text-align: justify;\"><span style=\"color: #800080;\">Dise la Maestra Inkujuvik: <\/span><\/h3>\n<p style=\"text-align: justify;\"><span style=\"color: #800080;\">Veneravle Padre Gratisimas por esa miseriweordia, y esta vendisel pada kon mi ni\u00f1o, donde kiera ke se enkuentre vuestra mersed, kuando do lavorava kon las avejitas kon la Maestra Chindimok, kuando do iva al Templo el Maestro Kelium Zeus y me veia y me desia llego la gordita del Ekuador, entonses do solo reia y el me savia preguntar ke komo estavan las avejitas alla en el Ekuador.<\/span><\/p>\n<p style=\"text-align: justify;\"><a href=\"https:\/\/www.joventaoista.org\/wp-content\/uploads\/2014\/04\/SAMAEL-VIVLIA1.jpg\"><img loading=\"lazy\" decoding=\"async\" class=\"  wp-image-25503 aligncenter\" src=\"https:\/\/www.joventaoista.org\/wp-content\/uploads\/2014\/04\/SAMAEL-VIVLIA1.jpg\" alt=\"SAMAEL-VIVLIA1\" width=\"339\" height=\"442\" srcset=\"https:\/\/www.joventaoista.org\/wp-content\/uploads\/2014\/04\/SAMAEL-VIVLIA1.jpg 400w, https:\/\/www.joventaoista.org\/wp-content\/uploads\/2014\/04\/SAMAEL-VIVLIA1-229x300.jpg 229w\" sizes=\"(max-width: 339px) 100vw, 339px\" \/><\/a><\/p>\n","protected":false},"excerpt":{"rendered":"<p>LEO 23 DE EL \u263e\u2600\u231b 2018 DIA SAVATH Despu\u00e9s de el Nasisierto de el Gran Shilhoh Ke seg\u00fan Sat\u00e1n es Agosto 03 del a\u00f1o 2013 d\u00eda Savado Dise la Maestra Inkujuvik: El tiempo ke estoy en la doktrina es 15 heliokrones, Veneravle Maestro do estoy aki presente pada ke vuestra mersed tenga la vondad y [&hellip;]<\/p>\n","protected":false},"author":6,"featured_media":8690,"comment_status":"open","ping_status":"open","sticky":false,"template":"","format":"standard","meta":{"_et_pb_use_builder":"","_et_pb_old_content":"","_et_gb_content_width":"","footnotes":""},"categories":[133,915],"tags":[2789,2788,930],"class_list":["post-31865","post","type-post","status-publish","format-standard","has-post-thumbnail","hentry","category-destakados","category-maestro-samael-eo","tag-enviados-de-dios","tag-maestro-adriel-eliodous","tag-maestro-samael-joav-bathor-weor"],"_links":{"self":[{"href":"https:\/\/www.joventaoista.org\/eo\/wp-json\/wp\/v2\/posts\/31865","targetHints":{"allow":["GET"]}}],"collection":[{"href":"https:\/\/www.joventaoista.org\/eo\/wp-json\/wp\/v2\/posts"}],"about":[{"href":"https:\/\/www.joventaoista.org\/eo\/wp-json\/wp\/v2\/types\/post"}],"author":[{"embeddable":true,"href":"https:\/\/www.joventaoista.org\/eo\/wp-json\/wp\/v2\/users\/6"}],"replies":[{"embeddable":true,"href":"https:\/\/www.joventaoista.org\/eo\/wp-json\/wp\/v2\/comments?post=31865"}],"version-history":[{"count":2,"href":"https:\/\/www.joventaoista.org\/eo\/wp-json\/wp\/v2\/posts\/31865\/revisions"}],"predecessor-version":[{"id":31867,"href":"https:\/\/www.joventaoista.org\/eo\/wp-json\/wp\/v2\/posts\/31865\/revisions\/31867"}],"wp:featuredmedia":[{"embeddable":true,"href":"https:\/\/www.joventaoista.org\/eo\/wp-json\/wp\/v2\/media\/8690"}],"wp:attachment":[{"href":"https:\/\/www.joventaoista.org\/eo\/wp-json\/wp\/v2\/media?parent=31865"}],"wp:term":[{"taxonomy":"category","embeddable":true,"href":"https:\/\/www.joventaoista.org\/eo\/wp-json\/wp\/v2\/categories?post=31865"},{"taxonomy":"post_tag","embeddable":true,"href":"https:\/\/www.joventaoista.org\/eo\/wp-json\/wp\/v2\/tags?post=31865"}],"curies":[{"name":"wp","href":"https:\/\/api.w.org\/{rel}","templated":true}]}}