{"id":32182,"date":"2015-07-10T00:08:23","date_gmt":"2015-07-10T00:08:23","guid":{"rendered":"https:\/\/www.joventaoista.org\/?p=32182"},"modified":"2015-11-19T17:32:33","modified_gmt":"2015-11-19T17:32:33","slug":"forhar-boyaca-levantasierto-juvenil-tao","status":"publish","type":"post","link":"https:\/\/www.joventaoista.org\/eo\/forhar-boyaca-levantasierto-juvenil-tao\/","title":{"rendered":"FORHAR  Boyac\u00e1. Levantasierto Juvenil TAO."},"content":{"rendered":"<h3 class=\"yt watch-title-container\" style=\"text-align: center;\"><span id=\"eow-title\" class=\"watch-title \" dir=\"ltr\" style=\"color: #ed5418;\" title=\"Levantasierto Juvenil Tao en Boyac\u00e1 - Taoisando las Instituciones Educativas\">Levantasierto Juvenil Tao en Boyac\u00e1, Taoisando las Instituciones Educativas<\/span><\/h3>\n<p style=\"text-align: justify;\"><span style=\"color: #008000;\"><img loading=\"lazy\" decoding=\"async\" class=\"  wp-image-32078 alignleft\" src=\"https:\/\/www.joventaoista.org\/wp-content\/uploads\/2015\/07\/bandera.jpg\" alt=\"bandera\" width=\"226\" height=\"165\" srcset=\"https:\/\/www.joventaoista.org\/wp-content\/uploads\/2015\/07\/bandera.jpg 475w, https:\/\/www.joventaoista.org\/wp-content\/uploads\/2015\/07\/bandera-300x219.jpg 300w, https:\/\/www.joventaoista.org\/wp-content\/uploads\/2015\/07\/bandera-287x208.jpg 287w\" sizes=\"(max-width: 226px) 100vw, 226px\" \/>Durante el mes de Agosto del a\u00f1o 2014 el Levantasierto Juvenil Tao, desarroll\u00f3 con \u00e9xito en los diferentes municipios de la provincia de Guti\u00e9rrez del departamento de Boyac\u00e1: Chiscas, El Espino, Guacamayas, Panqueba, G\u00fcic\u00e1n y El Cocuy, as\u00ed como en las ciudades de Tunja, Duitama y el municipio de Moniquir\u00e1, una destacada actividad de acercamiento a las instituciones educativas, en el que algunos de nuestros j\u00f3venes representantes a trav\u00e9s de conferencias, talleres y salidas ecol\u00f3gicas. Promovieron espacios de sensibilizaci\u00f3n ambiental, amor a la naturaleza, buscando que la comunidad de estos lugares, en especial la juventud conociera la riqueza natural de su departamento. <\/span><\/p>\n<p style=\"text-align: justify;\"><span style=\"color: #008000;\">Tambi\u00e9n se promovieron otros aspectos que son importantes en la vida del ser humano, integrando la ecolog\u00eda humana, una expresi\u00f3n del cuidado del cuerpo humano como un todo en el ambiente que le rodea, con procesos de formaci\u00f3n integral, f\u00edsica, psicol\u00f3gica, intelectual, moral, espiritual, social, afectiva, \u00e9tica y dem\u00e1s aspectos que integran a los seres humanos, en los valores \u00e9ticos, los derechos humanos, la salud integral, el buen aprovechamiento del tiempo libre, como una forma de hallar soluci\u00f3n a los problemas que enfrenta la sociedad en la actualidad, esto teniendo en cuenta el estado de vulnerabilidad que presenta esta poblaci\u00f3n de menores, frente a situaciones como la drogadicci\u00f3n, el alcoholismo, la violencia, la p\u00e9rdida de valores, la sexualidad irresponsable, la desorientaci\u00f3n y la carencia de un proyecto de vida, la falta de disciplina, entre otros. Contamos con gran acogida por parte de los j\u00f3venes, los docentes, las alcald\u00edas locales y la poblaci\u00f3n en general estableciendo canales de di\u00e1logo y participaci\u00f3n en torno a dichas tem\u00e1ticas<\/span><\/p>\n<p style=\"text-align: justify;\"><a href=\"https:\/\/www.joventaoista.org\/wp-content\/uploads\/2015\/07\/grupo-Forhar-Boayac\u00e1.jpg\"><img loading=\"lazy\" decoding=\"async\" class=\"  wp-image-32084 aligncenter\" src=\"https:\/\/www.joventaoista.org\/wp-content\/uploads\/2015\/07\/grupo-Forhar-Boayac\u00e1-1024x739.jpg\" alt=\"grupo Forhar Boayac\u00e1\" width=\"337\" height=\"243\" srcset=\"https:\/\/www.joventaoista.org\/wp-content\/uploads\/2015\/07\/grupo-Forhar-Boayac\u00e1-1024x739.jpg 1024w, https:\/\/www.joventaoista.org\/wp-content\/uploads\/2015\/07\/grupo-Forhar-Boayac\u00e1-300x216.jpg 300w, https:\/\/www.joventaoista.org\/wp-content\/uploads\/2015\/07\/grupo-Forhar-Boayac\u00e1-287x208.jpg 287w, https:\/\/www.joventaoista.org\/wp-content\/uploads\/2015\/07\/grupo-Forhar-Boayac\u00e1.jpg 1044w\" sizes=\"(max-width: 337px) 100vw, 337px\" \/><\/a><\/p>\n<h3 style=\"text-align: center;\"><span style=\"color: #ed5418;\">1 DE AGOSTO DEL 2014 CONFERENCIA EN EL MUNICIPIO DE CHISKAS: TEMA CONSERVACION DEL MEDIO NATURAL.<\/span><\/h3>\n<p style=\"text-align: justify;\"><span style=\"color: #008000;\">Nuestra primera conferencia se desarroll\u00f3 en el INSTITUTO EDUCATIVO DE CHISKAS un colegio rural a la entrada de la cabecera municipal, esta presentaci\u00f3n estuvo dedicada a descubrir en la juventud la importancia de la conservaci\u00f3n del medio que nos rodea, cabe destacar que el municipio de chiscas dentro de la provincia de Guti\u00e9rrez y a lo largo de Boyac\u00e1 es uno de los municipios con mayor extensi\u00f3n de paramos y super\u00e1ramos aptos para conservaci\u00f3n y de una belleza natural inigualable.<\/span><\/p>\n<p style=\"text-align: justify;\"><a href=\"https:\/\/www.joventaoista.org\/wp-content\/uploads\/2015\/07\/Forhar-Boyac\u00e12.png.gif\"><img loading=\"lazy\" decoding=\"async\" class=\"  wp-image-32090 aligncenter\" src=\"https:\/\/www.joventaoista.org\/wp-content\/uploads\/2015\/07\/Forhar-Boyac\u00e12.png.gif\" alt=\"Forhar  Boyac\u00e12.png\" width=\"304\" height=\"171\" \/><\/a><\/p>\n<p style=\"text-align: justify;\"><span style=\"color: #008000;\">la sensibilizaci\u00f3n es un proceso lento, pero en el temario desarrollado logramos que los estudiantes se sensibilizaran de la labor de conservaci\u00f3n del medio natural.<\/span><\/p>\n<p><a href=\"https:\/\/www.joventaoista.org\/wp-content\/uploads\/2015\/07\/paramo.jpg\"><img loading=\"lazy\" decoding=\"async\" class=\"  wp-image-32096 aligncenter\" src=\"https:\/\/www.joventaoista.org\/wp-content\/uploads\/2015\/07\/paramo.jpg\" alt=\"paramo\" width=\"323\" height=\"180\" srcset=\"https:\/\/www.joventaoista.org\/wp-content\/uploads\/2015\/07\/paramo.jpg 960w, https:\/\/www.joventaoista.org\/wp-content\/uploads\/2015\/07\/paramo-600x334.jpg 600w, https:\/\/www.joventaoista.org\/wp-content\/uploads\/2015\/07\/paramo-300x167.jpg 300w\" sizes=\"(max-width: 323px) 100vw, 323px\" \/><\/a><\/p>\n<h3 style=\"text-align: justify;\"><span style=\"color: #ed5418;\">4 DE AGOSTO DEL 2014 CONFERENCIA TALLER EN EL MUNICIPIO DEL ESPINO.<\/span><\/h3>\n<p style=\"text-align: justify;\"><span style=\"color: #008000;\">Dentro de los factores de conservaci\u00f3n esta la educaci\u00f3n ambiental y es por eso que el INSTITUTO EDUCATIVO EL CASCAJAL Y EL INSTITUTO EDUCATIVO EL ESPINO, dieron la acogida a un tema relevante no solo para la provincia de Guti\u00e9rrez, sino para todo el departamento de Boyac\u00e1. Es as\u00ed como se desarroll\u00f3 esta conferencia taller con los j\u00f3venes de todas las edades, se tuvo el apoyo audio visual, presentaciones musicales y lo m\u00e1s importante, lograr que el estudiantado identificara las malas pr\u00e1cticas que desencadenan incendios forestales.<\/span><\/p>\n<p><span style=\"color: #008000;\">Con muestras l\u00fadicas, se cerr\u00f3 el taller en aras de dar la mayor claridad y despejar las dudas acerca del peligro de los incendios forestales en donde la mano del hombre genera el 70% de los mismos y Boyac\u00e1 ocupa el tercer lugar del pa\u00eds en la cantidad de incendios forestales provocados.<\/span> <a href=\"https:\/\/www.joventaoista.org\/wp-content\/uploads\/2015\/07\/dajamlaker.jpg\"><img loading=\"lazy\" decoding=\"async\" class=\"  wp-image-32102 aligncenter\" src=\"https:\/\/www.joventaoista.org\/wp-content\/uploads\/2015\/07\/dajamlaker.jpg\" alt=\"dajamlaker\" width=\"340\" height=\"191\" srcset=\"https:\/\/www.joventaoista.org\/wp-content\/uploads\/2015\/07\/dajamlaker.jpg 832w, https:\/\/www.joventaoista.org\/wp-content\/uploads\/2015\/07\/dajamlaker-600x338.jpg 600w, https:\/\/www.joventaoista.org\/wp-content\/uploads\/2015\/07\/dajamlaker-300x169.jpg 300w\" sizes=\"(max-width: 340px) 100vw, 340px\" \/><\/a><\/p>\n<h3 style=\"text-align: justify;\"><span style=\"color: #ed5418;\">5 DE AGOSTO DEL 2014 CONFERENCIA EN EL MUNICIPIO DE GUACAMAYAS.<\/span><\/h3>\n<p style=\"text-align: justify;\"><span style=\"color: #008000;\">La comunidad del municipio de Guacamayas abri\u00f3 sus puertas en la casa de la cultura a una conferencia publica no solo para estudiantes si no para los habitantes en general, con un tema trascendental como lo son los sistemas agroforestales, nuestro grupo t\u00e9cnico estuvo al frente de la conferencia donde no solo tratamos este tema si no la importancia del huerto casero y el huerto medicinal, la protecci\u00f3n del medio ambiente y una amplia sensibilizaci\u00f3n en la forma de cuidar la tierra y algo muy interesante el desarrollo tem\u00e1tico de la ecolog\u00eda humana como una parte del todo es asi como se intruye a el alumnado en artes marciales y \u00a0practicas de auto disciplina en aras del aprovechamiento \u00a0del tiempo libre dentro de los asistentes a la conferencia estaban alumnos del INSTITUTO EDUCATIVO SAN DIEGO DE ALCALA del municipio de Guacamayas.<\/span><\/p>\n<p style=\"text-align: justify;\"><a href=\"https:\/\/www.joventaoista.org\/wp-content\/uploads\/2015\/07\/DSC_0010_2.jpg\"><img loading=\"lazy\" decoding=\"async\" class=\"  wp-image-32108 aligncenter\" src=\"https:\/\/www.joventaoista.org\/wp-content\/uploads\/2015\/07\/DSC_0010_2.jpg\" alt=\"DSC_0010_2\" width=\"334\" height=\"251\" srcset=\"https:\/\/www.joventaoista.org\/wp-content\/uploads\/2015\/07\/DSC_0010_2.jpg 310w, https:\/\/www.joventaoista.org\/wp-content\/uploads\/2015\/07\/DSC_0010_2-300x225.jpg 300w\" sizes=\"(max-width: 334px) 100vw, 334px\" \/><\/a><\/p>\n<h3 style=\"text-align: justify;\"><span style=\"color: #ed5418;\">6 DE AGOSTO DEL 2014 CONFERENCIA EN EL MUNICIPIO DE PANQUEBA<\/span><\/h3>\n<p style=\"text-align: justify;\"><span style=\"color: #008000;\">En el hermoso municipio de Panqueba en la INSTITUCION EDUCATIVA TEKNIKA DE PANKEVA, ubicado en la plaza municipal, se dio apertura a un tema muy interesante como lo es la ecolog\u00eda humana, aqu\u00ed tuvimos en pleno todo el estudiantado profesores y directivas. El tema se enfoc\u00f3 no solo a la ecolog\u00eda a trav\u00e9s de la historia m\u00e1s aun entender los procesos en los cuales el ser humano es una r\u00e9plica del ambiente que lo rodea y en el cuidado de su cuerpo y sus aptitudes como persona se puede armonizar con la naturaleza y el entorno que lo rodea.<\/span><\/p>\n<p style=\"text-align: justify;\"><a href=\"https:\/\/www.joventaoista.org\/wp-content\/uploads\/2015\/07\/Forhar-Boyac\u00e14.png.gif.jpg\"><img loading=\"lazy\" decoding=\"async\" class=\" size-full wp-image-32114 aligncenter\" src=\"https:\/\/www.joventaoista.org\/wp-content\/uploads\/2015\/07\/Forhar-Boyac\u00e14.png.gif.jpg\" alt=\"Forhar  Boyac\u00e14.png.gif\" width=\"300\" height=\"193\" \/><\/a><\/p>\n<p><span style=\"color: #008000;\">Estuvimos tambi\u00e9n en la vereda mostazales, en una salida ecol\u00f3gica reconociendo el hermoso paisaje de esta zona de Boyac\u00e1 y hablando con los campesinos acerca de la forma en que a trav\u00e9s del tiempo han mantenido las tradiciones agr\u00edcolas y el cuidado del medio ambiente, concientizamos la comunidad, direccion\u00e1ndolos a sistemas productivos, encaminados a la conservaci\u00f3n del medio ambiente, diversificaci\u00f3n de productos agr\u00edcolas y protecci\u00f3n de la flora local.<\/span><\/p>\n<h3 style=\"text-align: justify;\"><span style=\"color: #ed5418;\">7 DE AGOSTO DEL 2014 CHARLA CON LOS JOVENES EN EL MUNICIPIO DEL COCUY.<\/span><\/h3>\n<p style=\"text-align: justify;\"><span style=\"color: #008000;\">El municipio m\u00e1s grande de la provincia de Guti\u00e9rrez, la puerta a el parque nacional natural del cocuy, nos abri\u00f3 la puerta para dar una conferencia sobre un tema de debate mundial, como lo es el CAMBIO CLIMATICO, y el lugar destinado fue el INSTITUTO EDUCATIVO JOSE SANTOS GUTIERREZ, en donde los j\u00f3venes de todas las edades maestros y educadores nos dieron una calurosa bienvenida, en el desarrollo del tema se interactu\u00f3 con j\u00f3venes, ni\u00f1os y educadores.<\/span><\/p>\n<p style=\"text-align: justify;\"><a href=\"https:\/\/www.joventaoista.org\/wp-content\/uploads\/2015\/07\/ego-vs-eco1.jpg\"><img loading=\"lazy\" decoding=\"async\" class=\"  wp-image-32126 aligncenter\" src=\"https:\/\/www.joventaoista.org\/wp-content\/uploads\/2015\/07\/ego-vs-eco1.jpg\" alt=\"ego-vs-eco1\" width=\"278\" height=\"378\" srcset=\"https:\/\/www.joventaoista.org\/wp-content\/uploads\/2015\/07\/ego-vs-eco1.jpg 502w, https:\/\/www.joventaoista.org\/wp-content\/uploads\/2015\/07\/ego-vs-eco1-221x300.jpg 221w\" sizes=\"(max-width: 278px) 100vw, 278px\" \/><\/a><\/p>\n<p style=\"text-align: justify;\"><span style=\"color: #008000;\">Se lograron objetivos b\u00e1sicos y fueron: identificar la problem\u00e1tica del cambio clim\u00e1tico en el mundo, conocer los peligros que representa el cambio clim\u00e1tico para Colombia y Boyac\u00e1, estructurar herramientas de soporte para afrontar en la medida de lo posible los efectos producidos en el clima, y sensibilizar a la comunidad en general acerca de estos cambios. Tambi\u00e9n interactuamos en otros aspectos que lleva con sigo los cambios ambientales en todo nivel y c\u00f3mo influyen en el comportamiento humano, de tal forma que se abarcaron temas tan delicados como la violencia intrafamiliar la migraci\u00f3n de la poblaci\u00f3n y el crecimiento de la pobreza y sus efectos colaterales. Fue una experiencia muy alentadora y fruct\u00edfera.<\/span><\/p>\n<p><a href=\"https:\/\/www.joventaoista.org\/wp-content\/uploads\/2015\/07\/cocuy-tao.jpg\"><img loading=\"lazy\" decoding=\"async\" class=\"  wp-image-32120 aligncenter\" src=\"https:\/\/www.joventaoista.org\/wp-content\/uploads\/2015\/07\/cocuy-tao.jpg\" alt=\"cocuy tao\" width=\"309\" height=\"232\" srcset=\"https:\/\/www.joventaoista.org\/wp-content\/uploads\/2015\/07\/cocuy-tao.jpg 661w, https:\/\/www.joventaoista.org\/wp-content\/uploads\/2015\/07\/cocuy-tao-600x450.jpg 600w, https:\/\/www.joventaoista.org\/wp-content\/uploads\/2015\/07\/cocuy-tao-300x225.jpg 300w\" sizes=\"(max-width: 309px) 100vw, 309px\" \/><\/a><\/p>\n<h3 style=\"text-align: center;\"><span style=\"color: #ed5418;\">8 DE AGOSTO DEL 2014 CONFERENCIA EN EL MUNICIPIO DE GUICAN<\/span><\/h3>\n<p style=\"text-align: justify;\"><span style=\"color: #008000;\">En Guican un municipio frio de la provincia de Guti\u00e9rrez y hermoso con paisajes espectaculares, estuvimos con un tema trascendental como lo es la biodiversidad, ya considerada por estos d\u00edas como mega diversidad, m\u00e1s aun en nuestro pa\u00eds que es considerado el pa\u00eds con mayor biodiversidad en el mundo. En esta ocasi\u00f3n el turno de llevar esta hermosa presentaci\u00f3n fue el INSTITUTO ESTUDIANTIL ESCUELA NORMAL SUPERIOR, donde estuvimos desarrollando la tem\u00e1tica de forma variada y se hizo una presentaci\u00f3n folkl\u00f3rica juvenil para amenizar el temario.<\/span><\/p>\n<p style=\"text-align: justify;\"><a href=\"https:\/\/www.joventaoista.org\/wp-content\/uploads\/2015\/07\/Forhar-Boyac\u00e15.jpg\"><img loading=\"lazy\" decoding=\"async\" class=\"  wp-image-32132 aligncenter\" src=\"https:\/\/www.joventaoista.org\/wp-content\/uploads\/2015\/07\/Forhar-Boyac\u00e15.jpg\" alt=\"Forhar  Boyac\u00e15\" width=\"329\" height=\"185\" srcset=\"https:\/\/www.joventaoista.org\/wp-content\/uploads\/2015\/07\/Forhar-Boyac\u00e15.jpg 683w, https:\/\/www.joventaoista.org\/wp-content\/uploads\/2015\/07\/Forhar-Boyac\u00e15-300x169.jpg 300w\" sizes=\"(max-width: 329px) 100vw, 329px\" \/><\/a><\/p>\n<p style=\"text-align: justify;\"><span style=\"color: #008000;\">En la presentaci\u00f3n estuvieron varios t\u00e9cnicos de la fundaci\u00f3n adem\u00e1s se hiso participativo con los ni\u00f1os j\u00f3venes y profesores, la percepci\u00f3n que nos dej\u00f3 esta actividad fue muy grata ya que descubrimos muchos valores en los estudiantes y ya una amplia conciencia de la importancia de su municipio no solo como eje tur\u00edstico adem\u00e1s como un municipio de vocaci\u00f3n agraria, donde la juventud se puede direccionar a que conozca y estudie m\u00e1s el medio ambiente que les rodea y as\u00ed sean profesionales en la protecci\u00f3n de la biodiversidad no solo de guican si no a dem\u00e1s de Colombia.<\/span><\/p>\n<h3 style=\"text-align: justify;\"><span style=\"color: #ed5418;\">9 y 10 DE AGOSTO DEL 2014 SALIDAS ECOLOGICAS PNN NEVADO DEL COCUY Y SALIDA A CASCADA EL ESPINO.<\/span><\/h3>\n<p><a href=\"https:\/\/www.joventaoista.org\/wp-content\/uploads\/2015\/07\/20140809_095540.jpg\"><img loading=\"lazy\" decoding=\"async\" class=\"  wp-image-32144 aligncenter\" src=\"https:\/\/www.joventaoista.org\/wp-content\/uploads\/2015\/07\/20140809_095540.jpg\" alt=\"20140809_095540\" width=\"248\" height=\"186\" srcset=\"https:\/\/www.joventaoista.org\/wp-content\/uploads\/2015\/07\/20140809_095540.jpg 307w, https:\/\/www.joventaoista.org\/wp-content\/uploads\/2015\/07\/20140809_095540-300x225.jpg 300w\" sizes=\"(max-width: 248px) 100vw, 248px\" \/><\/a><\/p>\n<p style=\"text-align: justify;\"><span style=\"color: #008000;\">As\u00ed mismo, el d\u00eda 9 de agosto se llev\u00f3 a efecto una campa\u00f1a de formaci\u00f3n para la preservaci\u00f3n del medio ambiente, por medio de una salida ecol\u00f3gica al parque natural de Cocuy, cerro pan de az\u00facar, con el fin de promover la toma de conciencia ecol\u00f3gica y la valoraci\u00f3n de los recursos de la regi\u00f3n entre los j\u00f3venes del Departamento, contamos con la participaci\u00f3n de 50 caminantes entre estudiantes, profesores, personas provenientes de Tunja, Duitama y miembros de la fundaci\u00f3n. La caminata logro su objetivo era lograr conciencia en todos los asistentes especialmente en los j\u00f3venes, nos trazamos el objetivo inisal de conocer el entramado sistema de los p\u00e1ramos de Colombia, y conocer la flora t\u00edpica del lugar a alturas mayores a los 4000 msnm, una adaptaci\u00f3n hist\u00f3rica del nacimiento del parque como tal.<img loading=\"lazy\" decoding=\"async\" class=\"  wp-image-32138 aligncenter\" src=\"https:\/\/www.joventaoista.org\/wp-content\/uploads\/2015\/07\/paramo1.jpg\" alt=\"paramo\" width=\"323\" height=\"180\" srcset=\"https:\/\/www.joventaoista.org\/wp-content\/uploads\/2015\/07\/paramo1.jpg 960w, https:\/\/www.joventaoista.org\/wp-content\/uploads\/2015\/07\/paramo1-600x334.jpg 600w, https:\/\/www.joventaoista.org\/wp-content\/uploads\/2015\/07\/paramo1-300x167.jpg 300w\" sizes=\"(max-width: 323px) 100vw, 323px\" \/><\/span> <span style=\"color: #008000;\">Tambi\u00e9n conocimos los peligros a los que se ve sometido el entorno natural por mano del hombre, y algo muy importante los estragos del cambio clim\u00e1tico sobre las nieves perpetuas y la acelerada p\u00e9rdida de masa glacial que ubica a el parque natural nevado del cocuy como el de mayor p\u00e9rdida de masa glacial en toda Colombia. Nuestro ascenso estuvo marcado por una deliciosa ca\u00edda de nieve, en la mayor parte del recorrido, algo que le dio un toque muy especial a una caminata hermosa llena atracciones naturales sin igual.<\/span><\/p>\n<p style=\"text-align: justify;\"><a href=\"https:\/\/www.joventaoista.org\/wp-content\/uploads\/2015\/07\/U.N.-NEVADO-DEL-COCUY.jpg\"><img loading=\"lazy\" decoding=\"async\" class=\" size-full wp-image-32150 aligncenter\" src=\"https:\/\/www.joventaoista.org\/wp-content\/uploads\/2015\/07\/U.N.-NEVADO-DEL-COCUY.jpg\" alt=\"U.N.-NEVADO-DEL-COCUY\" width=\"304\" height=\"228\" srcset=\"https:\/\/www.joventaoista.org\/wp-content\/uploads\/2015\/07\/U.N.-NEVADO-DEL-COCUY.jpg 304w, https:\/\/www.joventaoista.org\/wp-content\/uploads\/2015\/07\/U.N.-NEVADO-DEL-COCUY-300x225.jpg 300w\" sizes=\"(max-width: 304px) 100vw, 304px\" \/><\/a><\/p>\n<p style=\"text-align: justify;\"><span style=\"color: #008000;\">a conservaci\u00f3n, el respeto por la naturaleza y una vis\u00f3n m\u00e1s espiritual de la vida fue la ense\u00f1anza que nos dej\u00f3 esta caminata, logrando captar la atenci\u00f3n de todos los j\u00f3venes que muy interesados contaron sus experiencias al paso por los hermosos lugares que mostro la naturaleza, los miembros de la fundaci\u00f3n quisimos que los j\u00f3venes y asistentes en general vieran y sintieran las hermosas maravillas de la naturaleza que DIOS nos ha dado y el papel fundamental que como sociedad tenemos para resguardar este patrimonio no solo de Colombia si no de la humanidad, LA SIERRA NEVADA DEL COCUY , una escultura hermosa de la naturaleza de belleza inigualable.<\/span><\/p>\n<h3 style=\"text-align: center;\"><span style=\"color: #ed5418;\"> 10 DE AGOSTO: CAMINATA A UNA CASCADA DEL ESPINO\u2026<\/span><\/h3>\n<p style=\"text-align: justify;\"><span style=\"color: #008000;\">Al d\u00eda siguiente de la hermosa visita al PNN EL COCUY, iniciamos la segunda caminata salida ecol\u00f3gica con los j\u00f3venes y miembros de la fundaci\u00f3n a una hermosa cascada a solo una hora y media caminado desde el espino hacia las afueras del municipio donde aprovechamos para practicar yoga ecotur\u00edstica fomentanto la Espritualiad como una comunion entre el ser humano con la Naturaleza en su cuidado y su resciprocidad.<\/span><\/p>\n<p style=\"text-align: justify;\"><a href=\"https:\/\/www.joventaoista.org\/wp-content\/uploads\/2015\/07\/DSC_0203_1.jpg\"><img loading=\"lazy\" decoding=\"async\" class=\" size-full wp-image-32156 aligncenter\" src=\"https:\/\/www.joventaoista.org\/wp-content\/uploads\/2015\/07\/DSC_0203_1.jpg\" alt=\"DSC_0203_1\" width=\"310\" height=\"233\" srcset=\"https:\/\/www.joventaoista.org\/wp-content\/uploads\/2015\/07\/DSC_0203_1.jpg 310w, https:\/\/www.joventaoista.org\/wp-content\/uploads\/2015\/07\/DSC_0203_1-300x225.jpg 300w\" sizes=\"(max-width: 310px) 100vw, 310px\" \/><\/a><\/p>\n<p style=\"text-align: justify;\"><span style=\"color: #008000;\">Ya en plena ascensi\u00f3n identificamos algunos procesos erosivos muy comunes en zona de ladera donde el sobrepastoreo de ganado es s\u00faper com\u00fan, despu\u00e9s estuvimos revisando las caracter\u00edsticas del bosque, y practicando algo de yoga con miembros de la fundaci\u00f3n, d\u00e1ndole un toque m\u00e1s espiritual y no solo ecol\u00f3gico, fue una caminata ecol\u00f3gica constructiva desde todo punto de vista, la bionenerg\u00eda por los m\u00e9dicos de medicina universal entregan a quien la recibe una regeneraci\u00f3n de su cuerpo vital.<\/span><\/p>\n<p style=\"text-align: justify;\"><a href=\"https:\/\/www.joventaoista.org\/wp-content\/uploads\/2015\/07\/DSC_0295.jpg\"><img loading=\"lazy\" decoding=\"async\" class=\"  wp-image-32162 aligncenter\" src=\"https:\/\/www.joventaoista.org\/wp-content\/uploads\/2015\/07\/DSC_0295.jpg\" alt=\"DSC_0295\" width=\"237\" height=\"316\" \/><\/a> <span style=\"color: #008000;\">De esta forma Levantasierto Juvenil TAO, terminaba su ciclo educativo para la provincia de Guti\u00e9rrez, una labor edificante, donde nos trazamos nuestros objetivos propuestos de tal forma que se logr\u00f3 interactuar con la comunidad de una de las zonas m\u00e1s lejanas del departamento de Boyac\u00e1 dando como resultado el cambio de la visi\u00f3n de miles de j\u00f3venes que recibieron las conferencias, \u00a0llevaron a efecto las practicas d\u00e1ndose cuenta \u00a0que fuera de un mundo vicios y consumismo \u00a0hay un mundo amable, natural saludable con miles de cosas por aprender y escudri\u00f1ar de las diferentes ciencias que DIO a dispuesto a el ser humano para su crecimiento y desarrollo\u00a0.<\/span><\/p>\n<h3 style=\"text-align: justify;\"><span style=\"color: #ed5418;\">12 al 18 DE AGOSTO DEL 2014 CONFERENCIAS, TALLERES EN DUITAMA TUNJA Y MONIQUIRA.<\/span><\/h3>\n<p style=\"text-align: justify;\"><span style=\"color: #008000;\">LA FUNDACION AGUAS NATURALEZA Y HUMANIDAD, en aras de llevar el conocimiento de la ecolog\u00eda continuo su labor en la zona centro de Boyac\u00e1, incluyendo la capital y algunas ciudades de importancia estrat\u00e9gica y de desarrollo comercial.<\/span> <span style=\"color: #008000;\">Las actividades a desarrollar fueron:<\/span><\/p>\n<p style=\"text-align: justify;\"><span style=\"color: #008000;\">1. Conferencias sobre cambio clim\u00e1tico.<\/span> <span style=\"color: #008000;\">2. Taller conferencia biodiversidad y mega diversidad.<\/span> <span style=\"color: #008000;\">3. Ecolog\u00eda humana base de la ecolog\u00eda natural.<\/span> <span style=\"color: #008000;\">4. El humano en v\u00eda de extinci\u00f3n, una visi\u00f3n moderna del hombre.<\/span> <span style=\"color: #008000;\">5. Belleza natural y paisajismo, el compromiso de cuidar lo natural.<\/span> <span style=\"color: #008000;\">6. Yoga ecol\u00f3gico el sistema de unirnos a nuestro entorno natural.<\/span><\/p>\n<p style=\"text-align: justify;\"><a href=\"https:\/\/www.joventaoista.org\/wp-content\/uploads\/2015\/07\/20140813_114545.jpg\"><img loading=\"lazy\" decoding=\"async\" class=\" size-full wp-image-32168 aligncenter\" src=\"https:\/\/www.joventaoista.org\/wp-content\/uploads\/2015\/07\/20140813_114545.jpg\" alt=\"20140813_114545\" width=\"307\" height=\"230\" \/><\/a><\/p>\n<p style=\"text-align: justify;\"><span style=\"color: #008000;\">las conferencias se llevaron a cabo en la ciudad de Duitama en el colegio de se\u00f1oritas y en otros establecimientos educativos de la ciudad, en Tunja estuvimos en el colegio INEM, de esta ciudad, adem\u00e1s estuvimos llevando a efecto conferencias p\u00fablicas para la comunidad en el sal\u00f3n m\u00faltiple de Tunja frente a COMFABOY, logrando cumplir nuestro objetivos de trabajar con estudiantado j\u00f3venes, maestros educadores y gente del com\u00fan que carece del conocimiento b\u00e1sico sobre el medio ambiente y otros temas.<\/span><\/p>\n<p style=\"text-align: justify;\"><span style=\"color: #008000;\">En Moniquira se desarroll\u00f3 un ciclo de conferencias de un d\u00eda a la comunidad de esta ciudad, el objetivo del mismo sensibilizar a la comunidad, sobre la importancia de la conservaci\u00f3n del medio ambiente en un departamento tan rico como el de Boyac\u00e1 , las labores se complementaron con presentaciones art\u00edsticas y una invitaci\u00f3n a desarrollar ciclos de siembra forestal y limpies de afluentes h\u00eddricos de las zonas aleda\u00f1as a Moniquira, mucha acogida tuvieron las labores en donde se presentaron m\u00e1s de 100 personas por conferencia los d\u00edas que estuvimos en la zona centro de Boyac\u00e1.<\/span><\/p>\n<p style=\"text-align: justify;\"><a href=\"https:\/\/www.joventaoista.org\/wp-content\/uploads\/2015\/07\/DSC_0003_3.jpg\"><img loading=\"lazy\" decoding=\"async\" class=\"  wp-image-32175 aligncenter\" src=\"https:\/\/www.joventaoista.org\/wp-content\/uploads\/2015\/07\/DSC_0003_3.jpg\" alt=\"DSC_0003_3\" width=\"283\" height=\"213\" srcset=\"https:\/\/www.joventaoista.org\/wp-content\/uploads\/2015\/07\/DSC_0003_3.jpg 310w, https:\/\/www.joventaoista.org\/wp-content\/uploads\/2015\/07\/DSC_0003_3-300x225.jpg 300w\" sizes=\"(max-width: 283px) 100vw, 283px\" \/><\/a> <span style=\"color: #008000;\">Durante todo el proceso de educaci\u00f3n y formaci\u00f3n que llevo a efecto se lograron los objetivos trazados tanto en la concientizaci\u00f3n de la comunidad, como en el proceso de educaci\u00f3n y reeducaci\u00f3n de la comunidad. <\/span> <span style=\"color: #008000;\">Concluimos nuestra labor con una cara de alegr\u00eda y felicidad ante el compromiso que tenemos como fundaci\u00f3n de educar y ayudar a conservar el medio ambiente en nuestro pa\u00eds y en el mundo, d\u00e1ndonos cuenta que nuestro hechos en una mayor o menor proporci\u00f3n no solo afectan nuestra vida, adem\u00e1s la vida de nuestra madre tierra.<\/span><\/p>\n<p align=\"center\"><iframe loading=\"lazy\" src=\"https:\/\/www.youtube.com\/embed\/EkcJTsKu5L8?list=PLYK3teogVTuOBZAr6vyKtpsf_8HLDoEqx\" width=\"560\" height=\"315\" frameborder=\"0\" allowfullscreen=\"allowfullscreen\"><\/iframe><\/p>\n","protected":false},"excerpt":{"rendered":"<p>Levantasierto Juvenil Tao en Boyac\u00e1, Taoisando las Instituciones Educativas Durante el mes de Agosto del a\u00f1o 2014 el Levantasierto Juvenil Tao, desarroll\u00f3 con \u00e9xito en los diferentes municipios de la provincia de Guti\u00e9rrez del departamento de Boyac\u00e1: Chiscas, El Espino, Guacamayas, Panqueba, G\u00fcic\u00e1n y El Cocuy, as\u00ed como en las ciudades de Tunja, Duitama y [&hellip;]<\/p>\n","protected":false},"author":6,"featured_media":31975,"comment_status":"open","ping_status":"open","sticky":false,"template":"","format":"standard","meta":{"_et_pb_use_builder":"","_et_pb_old_content":"","_et_gb_content_width":"","footnotes":""},"categories":[133,97],"tags":[2820,2818,2819,422,596,2813],"class_list":["post-32182","post","type-post","status-publish","format-standard","has-post-thumbnail","hentry","category-destakados","category-eventos-eo","tag-avangeles","tag-eavageles","tag-evangeles","tag-forhar","tag-gran-templo-vegetal-sakroakuarius","tag-taoisando-las-instituciones-educativas"],"_links":{"self":[{"href":"https:\/\/www.joventaoista.org\/eo\/wp-json\/wp\/v2\/posts\/32182","targetHints":{"allow":["GET"]}}],"collection":[{"href":"https:\/\/www.joventaoista.org\/eo\/wp-json\/wp\/v2\/posts"}],"about":[{"href":"https:\/\/www.joventaoista.org\/eo\/wp-json\/wp\/v2\/types\/post"}],"author":[{"embeddable":true,"href":"https:\/\/www.joventaoista.org\/eo\/wp-json\/wp\/v2\/users\/6"}],"replies":[{"embeddable":true,"href":"https:\/\/www.joventaoista.org\/eo\/wp-json\/wp\/v2\/comments?post=32182"}],"version-history":[{"count":1,"href":"https:\/\/www.joventaoista.org\/eo\/wp-json\/wp\/v2\/posts\/32182\/revisions"}],"predecessor-version":[{"id":32183,"href":"https:\/\/www.joventaoista.org\/eo\/wp-json\/wp\/v2\/posts\/32182\/revisions\/32183"}],"wp:featuredmedia":[{"embeddable":true,"href":"https:\/\/www.joventaoista.org\/eo\/wp-json\/wp\/v2\/media\/31975"}],"wp:attachment":[{"href":"https:\/\/www.joventaoista.org\/eo\/wp-json\/wp\/v2\/media?parent=32182"}],"wp:term":[{"taxonomy":"category","embeddable":true,"href":"https:\/\/www.joventaoista.org\/eo\/wp-json\/wp\/v2\/categories?post=32182"},{"taxonomy":"post_tag","embeddable":true,"href":"https:\/\/www.joventaoista.org\/eo\/wp-json\/wp\/v2\/tags?post=32182"}],"curies":[{"name":"wp","href":"https:\/\/api.w.org\/{rel}","templated":true}]}}