{"id":33071,"date":"2015-09-22T16:42:16","date_gmt":"2015-09-22T16:42:16","guid":{"rendered":"https:\/\/www.joventaoista.org\/?p=33071"},"modified":"2015-09-22T17:03:45","modified_gmt":"2015-09-22T17:03:45","slug":"primer-encuentro-internacional-de-artes-marciales-tao-ecuador","status":"publish","type":"post","link":"https:\/\/www.joventaoista.org\/eo\/primer-encuentro-internacional-de-artes-marciales-tao-ecuador\/","title":{"rendered":"Primer Encuentro Internacional de Artes Marciales Tao Ecuador"},"content":{"rendered":"<h3 style=\"text-align: center;\"><span style=\"color: #ff4d00;\">INVITACION GRAN EVENTO ALHARSER<\/span><\/h3>\n<p style=\"text-align: justify;\"><span style=\"color: #0000ff;\">Desde tiempos inmemoriales, el ser humano desde que existe en las esferas de dolor y muerte ha tenido que luchar pada su supervivencia, en los siglos pasados en el lejano oriente, el gran VODHIDHARMA trajo las artes marciales desde Arturo pada ayudar a el crecimiento espiritual y f\u00edsico de las antiguas etnias, culturas y clanes, adem\u00e1s por las feroces guerras que av\u00edan en estos tiempos entre estas culturas, era la \u00fanica forma de sobrevivir aprendiendo a manejar sus cuerpos y energ\u00eda vital con las artes marciales , tambi\u00e9n en el pasar del tiempo grandes maestros enviados de DIOS han tra\u00eddo los movimientos r\u00fanicos, RUNAS palabra que significa hombre Perfecto, movimientos Pada el engrandecimiento de nuestros seres, para cambiar la gen\u00e9tica, Pada conseguir lo que parece imposible, pada poder luchar contra los enemigos m\u00e1s grandes del ser humano, LOS DEFECTOS. As\u00ed queridos hermanos del pueblo de DIOS, por estos d\u00edas ELOHIM trae el <span style=\"color: #ff4d00;\">GRAN EVENTO ALHARSER<\/span><\/span><\/p>\n<p style=\"text-align: justify;\">\u00a0<a href=\"https:\/\/www.joventaoista.org\/wp-content\/uploads\/2015\/09\/7pecados_capitales.jpg\"><img loading=\"lazy\" decoding=\"async\" class=\"  wp-image-33043 aligncenter\" src=\"https:\/\/www.joventaoista.org\/wp-content\/uploads\/2015\/09\/7pecados_capitales.jpg\" alt=\"7pecados_capitales\" width=\"362\" height=\"222\" srcset=\"https:\/\/www.joventaoista.org\/wp-content\/uploads\/2015\/09\/7pecados_capitales.jpg 694w, https:\/\/www.joventaoista.org\/wp-content\/uploads\/2015\/09\/7pecados_capitales-600x368.jpg 600w, https:\/\/www.joventaoista.org\/wp-content\/uploads\/2015\/09\/7pecados_capitales-300x184.jpg 300w\" sizes=\"(max-width: 362px) 100vw, 362px\" \/><\/a><\/p>\n<p style=\"text-align: justify;\"><span style=\"color: #0000ff;\">F\u00f3rjate como un guerreo c\u00f3smico, como un guerrero HAR, con las t\u00e9cnicas de diferentes modalidades de artes marciales como ser el TAOKIANDA \u00a8Taekuondo\u00a8, KARATE DO, KUNG FU \u00a8wushu\u00a8, TAICHI , CHIKUN, WIMISHIN, con los sacros movimientos r\u00fanicos que nuestros Venerables Maestros JAH KELUM ZEUS INDUZEUZ y el Venerable maestro SAMAEL JHOAV BHATOR WEORH entregaron y con los sones sagrados de cada zona del cuerpo y de los elementos de la naturaleza, combate y muta en una ceremonia \u00fanica los enemigos legendarios de todo iniciado en el sendero de la luz, los 7 DEFECTOS CAPITALES.<\/span><\/p>\n<p><span style=\"color: #0000ff;\">ALHARSER es una labor mutatoria de una semana, donde d\u00eda a d\u00eda combatir\u00e1s y mutaras los defectos en virtudes, donde limpiaras cada uno de tus shakras y cuerpos existenciales, donde engrandecer\u00e1s tus seres y les brindaras la ALTURA HAR del cosmos y donde como gran galard\u00f3n de triunfo, recibir\u00e1s por primera vez una bendici\u00f3n \u00fanica del SAVIO DEL TIVED el venerable DIOS KUMIDO quien a su vez le solicitara al gran comandante de los ej\u00e9rcitos de la luz, del se\u00f1or JEHOVA, el gran ARKANGEL MIGUEL WEORSSHAMADDIHAAEL una sublime y grandiosa bendici\u00f3n para todos los que se esforzaron por limpiar sus cuerpos f\u00edsicos y asistenciales torn\u00e1ndose en el templo de DIOS en este gran evento.<\/span><\/p>\n<h3 style=\"text-align: center;\"><span style=\"color: #008000;\">ALTURA HAR DEL SER<\/span><\/h3>\n<p style=\"text-align: justify;\"><a href=\"https:\/\/www.joventaoista.org\/wp-content\/uploads\/2015\/09\/Primer-Encuentro-Internacional-de-Artes-Marciales-Tao-Ecuador1.jpg\"><img loading=\"lazy\" decoding=\"async\" class=\"  wp-image-33037 aligncenter\" src=\"https:\/\/www.joventaoista.org\/wp-content\/uploads\/2015\/09\/Primer-Encuentro-Internacional-de-Artes-Marciales-Tao-Ecuador1-1024x249.jpg\" alt=\"Primer Encuentro Internacional de Artes Marciales Tao Ecuador\" width=\"768\" height=\"187\" srcset=\"https:\/\/www.joventaoista.org\/wp-content\/uploads\/2015\/09\/Primer-Encuentro-Internacional-de-Artes-Marciales-Tao-Ecuador1-1024x249.jpg 1024w, https:\/\/www.joventaoista.org\/wp-content\/uploads\/2015\/09\/Primer-Encuentro-Internacional-de-Artes-Marciales-Tao-Ecuador1-600x146.jpg 600w, https:\/\/www.joventaoista.org\/wp-content\/uploads\/2015\/09\/Primer-Encuentro-Internacional-de-Artes-Marciales-Tao-Ecuador1-300x73.jpg 300w, https:\/\/www.joventaoista.org\/wp-content\/uploads\/2015\/09\/Primer-Encuentro-Internacional-de-Artes-Marciales-Tao-Ecuador1.jpg 1400w\" sizes=\"(max-width: 768px) 100vw, 768px\" \/><\/a><\/p>\n<h3 style=\"text-align: center;\"><span style=\"color: #ff0000;\">Inscripciones abiertas hasta el 3 de octubre del 2015<\/span><\/h3>\n<p style=\"text-align: justify;\"><span style=\"color: #0000ff;\">Pueblo del alt\u00edsimo y simpatizantes Tao Jud\u00edos de verdad, los esperamos en el primer encuentro internacional de Artes Marciales Tao, donde con tu apoyo estar\u00e1s contribuyendo en la construcci\u00f3n del gran Sal\u00f3n pada el Levantasierto Juvenil Tao en el Templo Vegetal Sakroakuarius que albergara miles de j\u00f3venes que se preparan como los futuros misioneros, paladines del pueblo de DIOS, prop\u00f3sito del venerable GRAN KOMENDADOR ELOHIM\u00a0<\/span><span style=\"color: #0000ff;\">WEORSSHAMADDIHAAEL, del venerable DIOS KUMIDO, del Conjunto ELOHINIKO y de nuestros venerables Maestros JAH KELIUM ZEUS INDUZEUZ, del Venerable Maestro SAMAEL JHOAV BHATOR WEORH y la familia real<\/span><\/p>\n<h3 style=\"text-align: center;\"><span style=\"color: #0000ff;\">ALHARSER<\/span> <span style=\"color: #0000ff;\">ALTURA HAR DEL SER<\/span><\/h3>\n<p><a href=\"https:\/\/www.joventaoista.org\/wp-content\/uploads\/2015\/09\/kelium_samael_ying_yang.png\"><img loading=\"lazy\" decoding=\"async\" class=\"  wp-image-33055 aligncenter\" src=\"https:\/\/www.joventaoista.org\/wp-content\/uploads\/2015\/09\/kelium_samael_ying_yang-1024x1000.png\" alt=\"kelium_samael_ying_yang\" width=\"224\" height=\"219\" srcset=\"https:\/\/www.joventaoista.org\/wp-content\/uploads\/2015\/09\/kelium_samael_ying_yang-1024x1000.png 1024w, https:\/\/www.joventaoista.org\/wp-content\/uploads\/2015\/09\/kelium_samael_ying_yang-600x586.png 600w, https:\/\/www.joventaoista.org\/wp-content\/uploads\/2015\/09\/kelium_samael_ying_yang-300x293.png 300w, https:\/\/www.joventaoista.org\/wp-content\/uploads\/2015\/09\/kelium_samael_ying_yang-60x60.png 60w, https:\/\/www.joventaoista.org\/wp-content\/uploads\/2015\/09\/kelium_samael_ying_yang.png 1233w\" sizes=\"(max-width: 224px) 100vw, 224px\" \/><\/a><\/p>\n<h3 style=\"text-align: center;\"><span style=\"color: #ff4d00;\">Del 5 al 11 de octubre del 2015 Quito Ecuador<\/span><\/h3>\n<div id=\"attachment_33062\" style=\"width: 810px\" class=\"wp-caption aligncenter\"><a href=\"https:\/\/www.joventaoista.org\/wp-content\/uploads\/2015\/09\/OLIMPIADAS-CONTRA-LOS-DEFECTOS1.jpg\"><img loading=\"lazy\" decoding=\"async\" aria-describedby=\"caption-attachment-33062\" class=\"size-full wp-image-33062\" src=\"https:\/\/www.joventaoista.org\/wp-content\/uploads\/2015\/09\/OLIMPIADAS-CONTRA-LOS-DEFECTOS1.jpg\" alt=\"LEAD Technologies Inc. V1.01\" width=\"800\" height=\"121\" srcset=\"https:\/\/www.joventaoista.org\/wp-content\/uploads\/2015\/09\/OLIMPIADAS-CONTRA-LOS-DEFECTOS1.jpg 800w, https:\/\/www.joventaoista.org\/wp-content\/uploads\/2015\/09\/OLIMPIADAS-CONTRA-LOS-DEFECTOS1-600x91.jpg 600w, https:\/\/www.joventaoista.org\/wp-content\/uploads\/2015\/09\/OLIMPIADAS-CONTRA-LOS-DEFECTOS1-300x45.jpg 300w\" sizes=\"(max-width: 800px) 100vw, 800px\" \/><\/a><p id=\"caption-attachment-33062\" class=\"wp-caption-text\">V.M. Kelium Zeus<\/p><\/div>\n<p style=\"text-align: center;\"><span style=\"color: #008080;\">alharser@hotmail.com<\/span><\/p>\n<h3 style=\"text-align: center;\"><span style=\"color: #ff0000;\">PROMOCI\u00d3N PRECIO ESPECIAL<\/span><\/h3>\n<h3><span style=\"color: #0000ff;\">Inscr\u00edbete pronto hay una promoci\u00f3n con un precio \u00fanico hasta el 25 de septiembre del 2015<\/span><\/h3>\n<p style=\"text-align: center;\"><span style=\"color: #0000ff;\">Para los grupos de artes marciales kon 10 o mas integrantes<\/span> <span style=\"color: #008080;\">para los ni\u00f1os y ni\u00f1as hasta los 12 eliokrones<\/span> <span style=\"color: #0000ff;\">para los participantes individuales<\/span> <span style=\"color: #008080;\">para los pa\u00edses extranjeros<\/span> <span style=\"color: #0000ff;\">y pada los monjes.<\/span><\/p>\n<h3 style=\"text-align: center;\"><span style=\"color: #0000ff;\">\u00a1 \u00a1No te puedes perder esta promoci\u00f3n!!<\/span><\/h3>\n<p style=\"text-align: justify;\"><span style=\"color: #0000ff;\">Con tu apoyo estar\u00e1s contribuyendo en la construcci\u00f3n del gran Sal\u00f3n pada el Levantasierto Juvenil Tao en el Templo Vegetal Sakroakuarius que albergar\u00e1 miles de j\u00f3venes que se preparan como los futuros eavangeles, paladines del pueblo de DIOS, Seres de Per\u00fa, Bolivia, Argentina, Ecuador, Venezuela, Colombia, Centro de Etashtitlan o Am\u00e9rica, Estados Unidos, Espa\u00f1a y de todos los lugares de la esfera los invitamos al gran evento <span style=\"color: #ff4d00;\">ALHARSER, ALTURA HAR DEL SER.<\/span><\/span><\/p>\n<p style=\"text-align: justify;\"><a href=\"https:\/\/www.joventaoista.org\/wp-content\/uploads\/2015\/04\/EKUADOR.jpg\"><img loading=\"lazy\" decoding=\"async\" class=\" size-full wp-image-30137 aligncenter\" src=\"https:\/\/www.joventaoista.org\/wp-content\/uploads\/2015\/04\/EKUADOR.jpg\" alt=\"EKUADOR\" width=\"214\" height=\"236\" \/><\/a><\/p>\n<p><span style=\"color: #0000ff;\">Para mayor informaci\u00f3n en el pa\u00eds de Ecuador cont\u00e1ctanos a los siguientes tel\u00e9fonos:<\/span><\/p>\n<p style=\"text-align: center;\"><span style=\"color: #008080;\">1.Venearvle Maestro Galzaphit 0998664946<\/span> <span style=\"color: #008080;\">2.Veneravle Ser Inkuveldo &#8211; 0998843451<\/span> <span style=\"color: #008080;\">3.Dragon Urinti &#8211; 0984600629<\/span> <span style=\"color: #008080;\">4.Veneravle Ser Awitem 0983262417 &#8211; 39187190 ext 27652<\/span> <span style=\"color: #008080;\">5.Veneravle Maestra Isadora &#8211; 0982805605<\/span> <span style=\"color: #008080;\">6. Venearavle Sultai &#8211; 096 830-0622<\/span> <span style=\"color: #008080;\">7. Veneravle Mahatma Ovoedsi &#8211; 098 7 28 64 66<\/span><\/p>\n<p style=\"text-align: center;\"><span style=\"color: #0000ff;\">tambi\u00e9n puedes tener mas formasel kon el Mahatma AVALORPOL<\/span> <span style=\"color: #0000ff;\">con el Maestro Hacho<\/span> <span style=\"color: #0000ff;\">con la Maestra Makveh<\/span> <span style=\"color: #0000ff;\">con la Mahatma \u00c1ngevraki<\/span> <span style=\"color: #0000ff;\">con la Maestra Frankesel<\/span> <span style=\"color: #0000ff;\">con el Mahatma Ridovlad<\/span><\/p>\n<p style=\"text-align: justify;\"><span style=\"color: #0000ff;\">Y los diferentes l\u00edderes doctrinarios en el pa\u00eds de Ecuador pada otros pa\u00edses cont\u00e1ctanos en el correo electr\u00f3nico <span style=\"color: #ff4d00;\">alharser@hotmail.com<\/span> y te enviaremos el formato de inscripci\u00f3n adem\u00e1s de kontestar tus preguntas<\/span><\/p>\n<h3 style=\"text-align: center;\"><span style=\"color: #ff4d00;\">ALHARSER<\/span> <span style=\"color: #0000ff;\">ALTURA HAR DEL SER<\/span> <span style=\"color: #008000;\">GRAN ARKANGEL MIGUEL, VENERABLE ELOHIM KUMIDO, VENERABLE ELOHIM REGENTE TALGEAVER<\/span><\/h3>\n<p><a href=\"https:\/\/www.joventaoista.org\/wp-content\/uploads\/2014\/06\/joven-Taoista21.jpg\"><img loading=\"lazy\" decoding=\"async\" class=\"  wp-image-27058 aligncenter\" src=\"https:\/\/www.joventaoista.org\/wp-content\/uploads\/2014\/06\/joven-Taoista21.jpg\" alt=\"joven Taoista2\" width=\"515\" height=\"666\" srcset=\"https:\/\/www.joventaoista.org\/wp-content\/uploads\/2014\/06\/joven-Taoista21.jpg 742w, https:\/\/www.joventaoista.org\/wp-content\/uploads\/2014\/06\/joven-Taoista21-600x776.jpg 600w, https:\/\/www.joventaoista.org\/wp-content\/uploads\/2014\/06\/joven-Taoista21-231x300.jpg 231w\" sizes=\"(max-width: 515px) 100vw, 515px\" \/><\/a><\/p>\n","protected":false},"excerpt":{"rendered":"<p>INVITACION GRAN EVENTO ALHARSER Desde tiempos inmemoriales, el ser humano desde que existe en las esferas de dolor y muerte ha tenido que luchar pada su supervivencia, en los siglos pasados en el lejano oriente, el gran VODHIDHARMA trajo las artes marciales desde Arturo pada ayudar a el crecimiento espiritual y f\u00edsico de las antiguas [&hellip;]<\/p>\n","protected":false},"author":6,"featured_media":33053,"comment_status":"open","ping_status":"open","sticky":false,"template":"","format":"standard","meta":{"_et_pb_use_builder":"","_et_pb_old_content":"","_et_gb_content_width":"","footnotes":""},"categories":[95,97],"tags":[2950,2948,2955,2949,2952,2953,2954,2639,2951,2956],"class_list":["post-33071","post","type-post","status-publish","format-standard","has-post-thumbnail","hentry","category-blog-eo","category-eventos-eo","tag-altura-har-del-ser","tag-artes-marciales-tao","tag-chikun","tag-gran-evento-alharser","tag-karate-do","tag-kung-fu-wushu","tag-taichi","tag-taoistas-ecuador","tag-taokianda-taekuondo","tag-wimishin"],"_links":{"self":[{"href":"https:\/\/www.joventaoista.org\/eo\/wp-json\/wp\/v2\/posts\/33071","targetHints":{"allow":["GET"]}}],"collection":[{"href":"https:\/\/www.joventaoista.org\/eo\/wp-json\/wp\/v2\/posts"}],"about":[{"href":"https:\/\/www.joventaoista.org\/eo\/wp-json\/wp\/v2\/types\/post"}],"author":[{"embeddable":true,"href":"https:\/\/www.joventaoista.org\/eo\/wp-json\/wp\/v2\/users\/6"}],"replies":[{"embeddable":true,"href":"https:\/\/www.joventaoista.org\/eo\/wp-json\/wp\/v2\/comments?post=33071"}],"version-history":[{"count":1,"href":"https:\/\/www.joventaoista.org\/eo\/wp-json\/wp\/v2\/posts\/33071\/revisions"}],"predecessor-version":[{"id":33072,"href":"https:\/\/www.joventaoista.org\/eo\/wp-json\/wp\/v2\/posts\/33071\/revisions\/33072"}],"wp:featuredmedia":[{"embeddable":true,"href":"https:\/\/www.joventaoista.org\/eo\/wp-json\/wp\/v2\/media\/33053"}],"wp:attachment":[{"href":"https:\/\/www.joventaoista.org\/eo\/wp-json\/wp\/v2\/media?parent=33071"}],"wp:term":[{"taxonomy":"category","embeddable":true,"href":"https:\/\/www.joventaoista.org\/eo\/wp-json\/wp\/v2\/categories?post=33071"},{"taxonomy":"post_tag","embeddable":true,"href":"https:\/\/www.joventaoista.org\/eo\/wp-json\/wp\/v2\/tags?post=33071"}],"curies":[{"name":"wp","href":"https:\/\/api.w.org\/{rel}","templated":true}]}}