{"id":33553,"date":"2015-11-20T23:13:46","date_gmt":"2015-11-20T23:13:46","guid":{"rendered":"https:\/\/www.joventaoista.org\/?p=33553"},"modified":"2015-11-23T15:55:17","modified_gmt":"2015-11-23T15:55:17","slug":"dia-internacional-del-exiliado-taoista-3","status":"publish","type":"post","link":"https:\/\/www.joventaoista.org\/eo\/dia-internacional-del-exiliado-taoista-3\/","title":{"rendered":"D\u00eda Internacional del Exiliado Tao\u00edsta"},"content":{"rendered":"<h2 style=\"text-align: center;\"><span style=\"color: #ff0000;\">UNIDOS POR LA VIDA<\/span><\/h2>\n<p style=\"text-align: justify;\"><span style=\"color: #ff0000;\"><a href=\"https:\/\/www.joventaoista.org\/wp-content\/uploads\/2015\/11\/Foto11.jpg\"><img loading=\"lazy\" decoding=\"async\" class=\"wp-image-33543 aligncenter\" src=\"https:\/\/www.joventaoista.org\/wp-content\/uploads\/2015\/11\/Foto11.jpg\" alt=\"Foto1\" width=\"377\" height=\"235\" srcset=\"https:\/\/www.joventaoista.org\/wp-content\/uploads\/2015\/11\/Foto11.jpg 841w, https:\/\/www.joventaoista.org\/wp-content\/uploads\/2015\/11\/Foto11-600x374.jpg 600w, https:\/\/www.joventaoista.org\/wp-content\/uploads\/2015\/11\/Foto11-300x187.jpg 300w\" sizes=\"(max-width: 377px) 100vw, 377px\" \/><\/a><\/span><span style=\"color: #0000ff;\">El 25\u00a0de noviembre del 2014, es una fecha que el pueblo Tao\u00edsta no olvidara jam\u00e1s\u2026 quien podr\u00e1 olvidar el d\u00eda en que fue saqueada, violentada, quemada, envenenada, nuestra medina, nuestra meca, nuestro altar, la casa que DIOS dispuso en una monta\u00f1a sagrada de la cordillera Andina entre los municipios de Duitama Boyac\u00e1 y Charal\u00e1 Santander, lugar que es nuestro hogar y con amor lo llamamos y llamaremos por simvre que es el nombre que DIOS le dio a ese lugar EL GRAN TEMPLO VEGETAL SAKROAKUARIUS.<\/span><\/p>\n<p style=\"text-align: justify;\"><a href=\"https:\/\/www.joventaoista.org\/wp-content\/uploads\/2015\/11\/F20.jpg\"><img loading=\"lazy\" decoding=\"async\" class=\"wp-image-33510 aligncenter\" src=\"https:\/\/www.joventaoista.org\/wp-content\/uploads\/2015\/11\/F20-1024x666.jpg\" alt=\"F20\" width=\"401\" height=\"261\" srcset=\"https:\/\/www.joventaoista.org\/wp-content\/uploads\/2015\/11\/F20-1024x666.jpg 1024w, https:\/\/www.joventaoista.org\/wp-content\/uploads\/2015\/11\/F20-600x390.jpg 600w, https:\/\/www.joventaoista.org\/wp-content\/uploads\/2015\/11\/F20-300x195.jpg 300w, https:\/\/www.joventaoista.org\/wp-content\/uploads\/2015\/11\/F20-207x136.jpg 207w, https:\/\/www.joventaoista.org\/wp-content\/uploads\/2015\/11\/F20-260x170.jpg 260w, https:\/\/www.joventaoista.org\/wp-content\/uploads\/2015\/11\/F20.jpg 1217w\" sizes=\"(max-width: 401px) 100vw, 401px\" \/><\/a> <span style=\"color: #0000ff;\">Los funestos hechos suscitados aquel d\u00eda una mezcla de intereses para-pol\u00edticos de un gobierno influenciado por la cortina negra y espesa de un clero mafioso y resentido contra una comunidad que su voz se levanta desde las 3:30 am a elevar cantos al DIOS de la vida y honrarlo con el ejercicio y la pr\u00e1ctica de artes Marciales, donde el respeto por la vida es una proclama constante y nuestra alimentaci\u00f3n vegetariana y todos nuestros procederes van en el sentido de cuidar la vida en todas sus formas, donde la fauna y la flora han sido respetadas y resguardadas en la forma m\u00e1s amorosa posible y jam\u00e1s una mano se levanta en detrimento de la vida, m\u00e1s si se levantan miles de voces <a href=\"https:\/\/www.joventaoista.org\/wp-content\/uploads\/2015\/11\/Foto18.jpg\"><img loading=\"lazy\" decoding=\"async\" class=\"wp-image-33516 alignright\" src=\"https:\/\/www.joventaoista.org\/wp-content\/uploads\/2015\/11\/Foto18.jpg\" alt=\"Foto18\" width=\"385\" height=\"290\" srcset=\"https:\/\/www.joventaoista.org\/wp-content\/uploads\/2015\/11\/Foto18.jpg 935w, https:\/\/www.joventaoista.org\/wp-content\/uploads\/2015\/11\/Foto18-600x451.jpg 600w, https:\/\/www.joventaoista.org\/wp-content\/uploads\/2015\/11\/Foto18-300x226.jpg 300w\" sizes=\"(max-width: 385px) 100vw, 385px\" \/><\/a>que llegan de todo el mundo; una comunidad internacional que nos enfilamos en el aprendizaje del Evangelio del Venerable y respetado Anciano de los d\u00edas Maestro Jah Kelium Zeus Induzeus y su hijo f\u00edsico y Espiritual el Venerable Maestro Samael Joav Bathor Wehor pregoneros de la sagrada y antiqu\u00edsima Doctrina Tao\u00edsta, doctrina del Equilibrio de la paz consigo mismo y nuestro entorno, doctrina del despertar de la conciencia y es ah\u00ed donde las funestos poderes que someten los pueblos han encontrado un contraste a sus intereses con estas ense\u00f1anzas, ya que activamente estamos en contra del consumo de estupefacientes tanto legales como ilegales, no estamos a favor del comercio de la fe y la idolatr\u00eda moderna, que ha pasado de las trogloditas estatuas en los altares de la ignominia, las pr\u00e1cticas de espiritismo y santer\u00eda a modelos de vida en un mundo de consumo, que ense\u00f1a sus \u00eddolos a una aturdida sociedad v\u00edctima de un esclavismo exacerbado, que entre la lucha por el centavo y el terrorismo de los medios de comunicaci\u00f3n que d\u00eda a d\u00eda sucumben en la desconfianza, la angustia y el corrupto\u00a0deseo de tener al ser humano alejado de indagar las verdades de su existencia, el proceder de su chispa divinal en el espacio y el tiempo, en la transmigraci\u00f3n de las almas en los ciclos de vidas que venimos viajando de un cuerpo a otro, con el \u00fanico inter\u00e9s de encontrar el TAO en nuestro interior y as\u00ed unificarnos a la unidad m\u00faltiple perfecta llamada DIOS. Por no estar de acuerdo con los intereses crueles de los sistemas de salubridad gobernados por las grandes farmac\u00e9uticas que hacen de la salud y de la vida el m\u00e1s lucrativo de sus negocios, siendo la naturaleza nuestra m\u00e1s grande y completa botica herbolaria y que con un sinf\u00edn de <a href=\"https:\/\/www.joventaoista.org\/wp-content\/uploads\/2015\/11\/Foto25.jpg\"><img loading=\"lazy\" decoding=\"async\" class=\"wp-image-33522 alignleft\" src=\"https:\/\/www.joventaoista.org\/wp-content\/uploads\/2015\/11\/Foto25.jpg\" alt=\"Foto25\" width=\"378\" height=\"285\" srcset=\"https:\/\/www.joventaoista.org\/wp-content\/uploads\/2015\/11\/Foto25.jpg 857w, https:\/\/www.joventaoista.org\/wp-content\/uploads\/2015\/11\/Foto25-600x452.jpg 600w, https:\/\/www.joventaoista.org\/wp-content\/uploads\/2015\/11\/Foto25-300x226.jpg 300w\" sizes=\"(max-width: 378px) 100vw, 378px\" \/><\/a>t\u00e9cnicas ancestrales se han logrado superar las m\u00e1s cruentas enfermedades que la humanidad padece y la ciencia farmacopea denomina como \u201cincurables\u201d c\u00e1ncer, hepatitis, sida, asma, lupus eritematoso, diabetes, etc\u2026 han sido doblegadas con la medicina universal ense\u00f1ada por los Venerables Maestros y cient\u00edficos del Tao el Maestro Jah Kelium Zeus Induzeus y el Maestro Samael Joav Bathor Weor, quienes dedicaron su vida a dejar un legado del cual nos hemos beneficiado miles de personas en la actualidad y hemos regenerado nuestras vidas f\u00edsicas, mentales y espirituales, reconstruido nuestros h\u00e1bitos al servicio del consumo, por h\u00e1bitos en servicio de la vida que es DIOS. Estos dos grandes sabios fueron calumniados de las formas m\u00e1s viles y se\u00f1alados de las m\u00e1s desatinadas acusaciones las cuales en la actualidad han sido demostrada su total falsedad ante los estamentos judiciales de la Republica de Colombia y los tribunales competentes a dichas acusaciones han dado la ver\u00e1s sentencia a dichas difamaciones; aun as\u00ed esto no puede recuperar su presencia f\u00edsica con nos sus disc\u00edpulos y aprendices del TAO, ya que aquel funesto d\u00eda 25\u00a0de noviembre del 2014 fueron desaparecidos junto con un centenar de monjes que a despu\u00e9s de 11 a\u00f1os no parecen y muchos desterrados sufren en el exilio la angustia de estar vivos, pero enterrados en el olvido de una sociedad que olvida los m\u00e1rtires de la ignominia de los gobiernos, pero nos el Pueblo Tao\u00edsta no los hemos olvidado y aqu\u00ed estamos y estaremos haciendo acto de presencia en las diferentes embajadas en los pa\u00edses donde nos encontramos la Comunidad Tao\u00eesta Internacional, en Colombia nos reuniremos en las diferentes plazas como a\u00f1os anteriores lo hemos hecho, dejando un precedente de conciencia porque no queremos repetir esa historia que tanto sufrimiento a tra\u00eddo a nuestro pueblo y perdidas sumamente valiosas como es la vida de todos nuestros hermanos, <span style=\"color: #ff0000;\">que no quedan, ni quedaran en el olvido&#8230; <\/span><\/span><\/p>\n<h3 style=\"text-align: center;\"><span style=\"color: #ff00ff;\">Pues un Pueblo que los ama levanta su voz en grito por no a la discriminaci\u00f3n y a la injusticia con nuestros Exiliados.<\/span><\/h3>\n<h3 style=\"text-align: center;\"><span style=\"color: #008000;\">Los Exiliados Tao\u00edstas.<\/span><\/h3>\n<h2 style=\"text-align: center;\"><span style=\"color: #ff0000;\">PLANT\u00d3N 25 de noviembre del 2015.<\/span><\/h2>\n<p align=\"center\"><iframe loading=\"lazy\" src=\"https:\/\/www.youtube.com\/embed\/t9hqnGa1_eA\" width=\"420\" height=\"315\" frameborder=\"0\" allowfullscreen=\"allowfullscreen\"><\/iframe><\/p>\n<p align=\"center\"><iframe loading=\"lazy\" src=\"https:\/\/www.youtube.com\/embed\/t0TSsOlG-yI\" width=\"420\" height=\"315\" frameborder=\"0\" allowfullscreen=\"allowfullscreen\"><\/iframe><\/p>\n<p align=\"center\"><iframe loading=\"lazy\" src=\"https:\/\/www.youtube.com\/embed\/YUApgtpUt_8\" width=\"420\" height=\"315\" frameborder=\"0\" allowfullscreen=\"allowfullscreen\"><\/iframe><\/p>\n<p align=\"center\"><iframe loading=\"lazy\" src=\"https:\/\/www.youtube.com\/embed\/7YqFGfkJN44\" width=\"420\" height=\"315\" frameborder=\"0\" allowfullscreen=\"allowfullscreen\"><\/iframe><\/p>\n","protected":false},"excerpt":{"rendered":"<p>UNIDOS POR LA VIDA El 25\u00a0de noviembre del 2014, es una fecha que el pueblo Tao\u00edsta no olvidara jam\u00e1s\u2026 quien podr\u00e1 olvidar el d\u00eda en que fue saqueada, violentada, quemada, envenenada, nuestra medina, nuestra meca, nuestro altar, la casa que DIOS dispuso en una monta\u00f1a sagrada de la cordillera Andina entre los municipios de Duitama [&hellip;]<\/p>\n","protected":false},"author":6,"featured_media":33318,"comment_status":"open","ping_status":"open","sticky":false,"template":"","format":"standard","meta":{"_et_pb_use_builder":"","_et_pb_old_content":"","_et_gb_content_width":"","footnotes":""},"categories":[457,133,97,106],"tags":[2991,3012,3011],"class_list":["post-33553","post","type-post","status-publish","format-standard","has-post-thumbnail","hentry","category-aktividades-eo","category-destakados","category-eventos-eo","category-konspiracion-eo","tag-dia-del-exiliado-taoista","tag-inbacion-al-templo-sakroakuarius","tag-marcha-taoista-colombia"],"_links":{"self":[{"href":"https:\/\/www.joventaoista.org\/eo\/wp-json\/wp\/v2\/posts\/33553","targetHints":{"allow":["GET"]}}],"collection":[{"href":"https:\/\/www.joventaoista.org\/eo\/wp-json\/wp\/v2\/posts"}],"about":[{"href":"https:\/\/www.joventaoista.org\/eo\/wp-json\/wp\/v2\/types\/post"}],"author":[{"embeddable":true,"href":"https:\/\/www.joventaoista.org\/eo\/wp-json\/wp\/v2\/users\/6"}],"replies":[{"embeddable":true,"href":"https:\/\/www.joventaoista.org\/eo\/wp-json\/wp\/v2\/comments?post=33553"}],"version-history":[{"count":4,"href":"https:\/\/www.joventaoista.org\/eo\/wp-json\/wp\/v2\/posts\/33553\/revisions"}],"predecessor-version":[{"id":33568,"href":"https:\/\/www.joventaoista.org\/eo\/wp-json\/wp\/v2\/posts\/33553\/revisions\/33568"}],"wp:featuredmedia":[{"embeddable":true,"href":"https:\/\/www.joventaoista.org\/eo\/wp-json\/wp\/v2\/media\/33318"}],"wp:attachment":[{"href":"https:\/\/www.joventaoista.org\/eo\/wp-json\/wp\/v2\/media?parent=33553"}],"wp:term":[{"taxonomy":"category","embeddable":true,"href":"https:\/\/www.joventaoista.org\/eo\/wp-json\/wp\/v2\/categories?post=33553"},{"taxonomy":"post_tag","embeddable":true,"href":"https:\/\/www.joventaoista.org\/eo\/wp-json\/wp\/v2\/tags?post=33553"}],"curies":[{"name":"wp","href":"https:\/\/api.w.org\/{rel}","templated":true}]}}