{"id":33581,"date":"2015-11-24T21:36:03","date_gmt":"2015-11-24T21:36:03","guid":{"rendered":"https:\/\/www.joventaoista.org\/?p=33581"},"modified":"2015-11-24T22:37:47","modified_gmt":"2015-11-24T22:37:47","slug":"komunikado-el-dia-internaselal-del-eksiliado-taoista","status":"publish","type":"post","link":"https:\/\/www.joventaoista.org\/eo\/komunikado-el-dia-internaselal-del-eksiliado-taoista\/","title":{"rendered":"Komunikado el D\u00eda Internaselal del Eksiliado Tao\u00edsta"},"content":{"rendered":"<h4 style=\"text-align: center;\"><span style=\"color: #008000;\"><span style=\"color: #ff9900;\">ALAGR\u00c1N 23 DE EL<\/span><span style=\"color: #0000ff;\">\u263e<\/span><img loading=\"lazy\" decoding=\"async\" class=\"\" src=\"http:\/\/s.w.org\/images\/core\/emoji\/72x72\/2600.png\" alt=\"\u2600\" width=\"14\" height=\"14\" \/><span style=\"color: #ff9900;\">2020 D\u00cdA DE LUNES<\/span> <\/span><br \/>\n<span style=\"color: #3366ff;\">DESPU\u00c9S DE EL NASISIERTO DE EL GRAN SHILHOH<\/span><br \/>\n<span style=\"color: #ff0000;\">Ke seg\u00fan Sat\u00e1n es Noviembre 22 del a\u00f1o 2015, d\u00eda Domingo<\/span><\/h4>\n<h4 style=\"text-align: justify;\"><span style=\"color: #008000;\"><a href=\"https:\/\/www.joventaoista.org\/wp-content\/uploads\/2014\/09\/Elohim-Miguel-Weorsshamaddihaael2.jpg\"><img loading=\"lazy\" decoding=\"async\" class=\"wp-image-10894 alignleft\" src=\"https:\/\/www.joventaoista.org\/wp-content\/uploads\/2014\/09\/Elohim-Miguel-Weorsshamaddihaael2.jpg\" alt=\"Elohim Miguel Weorsshamaddihaael\" width=\"275\" height=\"206\" srcset=\"https:\/\/www.joventaoista.org\/wp-content\/uploads\/2014\/09\/Elohim-Miguel-Weorsshamaddihaael2.jpg 371w, https:\/\/www.joventaoista.org\/wp-content\/uploads\/2014\/09\/Elohim-Miguel-Weorsshamaddihaael2-300x224.jpg 300w\" sizes=\"(max-width: 275px) 100vw, 275px\" \/><\/a>Dise el Veneravle Gran Helohim Miguel Weorsshamaddihaael:<\/span><\/h4>\n<p style=\"text-align: justify;\"><span style=\"color: #008000;\"> hermagdus y hermagdas del Puevlo de Dios, praktikantes de la doktrina, pregoneros de la misma doktrina Tao\u00edsta, les saluda a sus mercedes su servidor el Gran Komendador, un siervo m\u00e1s del Dios vivo, del Dios invisible, un servidor del Kreador de todas las kosas, no el m\u00e1s importante de todos, el m\u00e1s humilde, el m\u00e1s insignifikante, el m\u00e1s sensillo de todos pero ke est\u00e1 a vuestro servidvio y al servidvio del Puevlo de D\u00ceOS, ke est\u00e1 por el Puevlo de D\u00ceOS sobre la fas de la gea pad\u00e1 abrir la lus de la esperanza a toda kriatura, a toda ke kiera ser mejor, ke kiera unirse al esfuerzo de konstruir un mundo mejor, una rasa mejor, komo lo dijo el Veneravle Maestro Gaio en el lin ke le hiso a nuestro Salvador a nuestro Mes\u00edas el Sakro Supremo y Vendito Maestro Kelium Zeus kuando dise: <span style=\"color: #ff6600;\">EN LAS FILAS DEL TAO ESTAREMOS A FORMAR UNA RASA MEJOR,<\/span> todos los ke se deseen unir y todas las ke se deseen unir a este esfuerzo, a este prop\u00f3sito y ke lo hagan en forma \u00edntegra, dejando a un lado sus mezquindades personales, sus intereses egoicos, dejando y hasiendo a un lado el hombre y la mujer de pecado, hasiendolo en la forma m\u00e1s limpia, m\u00e1s pura posible, kon la mayor voluntad y el mayor esfuerzo, sabiendo ke tenemos cuerpo de seres humagdus suseptivles de error, akella kriatura ke est\u00e9 resuelta a hacer a un lado sus delirios de perfecci\u00f3n y kuando digo delirios de perfecci\u00f3n no me refiero al deseo de alkansar la perfeksel si no a akellas kriaturas ke de pronto en forma equivocada han sido v\u00edctimas de sus propios defectos ke los llevan a konsiderarsen perfectos, kuando la perfecci\u00f3n en la vida humana no es un logro, es una meta por alkansar, pero humanamente no es alkansavle, desde ke <a href=\"https:\/\/www.joventaoista.org\/wp-content\/uploads\/2015\/08\/kelium-zeus-reconciliarse-con-dios-en-kastesakroconsejos-taoistas.jpg\"><img loading=\"lazy\" decoding=\"async\" class=\"size-full wp-image-32663 alignright\" src=\"https:\/\/www.joventaoista.org\/wp-content\/uploads\/2015\/08\/kelium-zeus-reconciliarse-con-dios-en-kastesakroconsejos-taoistas.jpg\" alt=\"kelium zeus reconciliarse-con-dios-en-kastesakroconsejos-taoistas\" width=\"301\" height=\"240\" srcset=\"https:\/\/www.joventaoista.org\/wp-content\/uploads\/2015\/08\/kelium-zeus-reconciliarse-con-dios-en-kastesakroconsejos-taoistas.jpg 301w, https:\/\/www.joventaoista.org\/wp-content\/uploads\/2015\/08\/kelium-zeus-reconciliarse-con-dios-en-kastesakroconsejos-taoistas-300x239.jpg 300w\" sizes=\"(max-width: 301px) 100vw, 301px\" \/><\/a>tengamos cuerpo fisiko somos suseptivles de error y perfecto es komo dijo Kristo: <em><span style=\"color: #ff6600;\">perfekto solo es el Padre ke est\u00e1 en el sielo,<\/span><\/em> o bueno\u2026 kuando le dijeron Maestro bueno, \u00e9l dijo: <em><span style=\"color: #ff6600;\">BUENO SOLO HAY UNO KE ES MI PADRE KE ESTA EN EL SIELO,<\/span><\/em> kienes tengan komo meta la perfeksel y ke hagan a un lado sus delirios de perfecci\u00f3n en forma humana son vienllegados y bienllegadas y kienes tengan esta falla corr\u00edjanla porke a\u00fan est\u00e1n a tiempo, ya ke el ke se considera perfecto, infalible teniendo cuerpo fisiko sobre la fas de la tierra est\u00e1 siendo v\u00edctima de un enga\u00f1o de sus propios defectos, de un enga\u00f1o de sus propios yoes, los kuales se han metido a trav\u00e9s de la personalidad en su psikis hasiendole kreer ke es perfecto, ke es perfecta y ke es infalible. <\/span><\/p>\n<p style=\"text-align: justify;\"><span style=\"color: #008000;\">Me llega al rekuerdo en este mosierto ke uno de los dogmas de la iglesia cat\u00f3lica, apost\u00f3lica y romana es ke el papa es perfecto e infalible, solamente ese personaje pregona puvlikamente o la forma dogm\u00e1tica de la iglesia pregona puvlikamente esa desfachatez; no podemos caer en ese tipo de acciones, debemos por el kontrario ser humildes, sensillos, sensillas, sumisos y sumisas a la korrepsel, porke kuando se defiende el delito, se defiende el pecado en kualkiera de sus formas para esconder el error y la equivocaci\u00f3n se est\u00e1 cayendo en lo ke desia el Maestro <span style=\"color: #ff6600;\">KELIUM ZEUS<\/span> en ser defensor o defensora del mal, kien defiende el mal nunca el mal se apartar\u00e1 de su kasa, kien defiende el mal.. el mal le sobrecoger\u00e1 siempre, entonces hay ke alejarse de defender el mal, antes por el contrario hay ke defender el vien, pero defender el vien no es solamente atacar a kien nos muestra el mal, eso es defender el mal, porke kien presenta un desasierto ke estamos hasiendo o ke se pueda estar kometiendo, esta es present\u00e1ndose esa kriatura komo un \u00e1ngel corrigi\u00e9ndonos y vuskando ke seamos mejores, fue esa la Doktrina del Veneravle Maestro <span style=\"color: #ff6600;\">KELIUM ZEUS,<\/span> fue su ense\u00f1anza y ser\u00e1 por siempre: Entonses Keridos hermagdus todos estos aspektos ke el Veneravle Maestro <span style=\"color: #ff6600;\">KELIUM ZEUS,<\/span> la Veneravle Madre <span style=\"color: #ff00ff;\">AFRODITA<\/span> y el Maestro <span style=\"color: #0000ff;\">SAMAEL<\/span> nos ense\u00f1aron kon tanto ahinko, esfuerzo, entrega y kon tanto amor infinito es menester ke los apliquemos, los estudiemos, los praktikemos pad\u00e1 as\u00ed konstruirnos nosotros mismos komo mejores kriaturas. <\/span><\/p>\n<p style=\"text-align: justify;\"><span style=\"color: #008000;\"><a href=\"https:\/\/www.joventaoista.org\/wp-content\/uploads\/2015\/11\/soidaridad-Tao\u00edsta-caridad-daridad.jpg\"><img loading=\"lazy\" decoding=\"async\" class=\"wp-image-33586 alignleft\" src=\"https:\/\/www.joventaoista.org\/wp-content\/uploads\/2015\/11\/soidaridad-Tao\u00edsta-caridad-daridad.jpg\" alt=\"soidaridad Tao\u00edsta caridad daridad\" width=\"322\" height=\"216\" srcset=\"https:\/\/www.joventaoista.org\/wp-content\/uploads\/2015\/11\/soidaridad-Tao\u00edsta-caridad-daridad.jpg 590w, https:\/\/www.joventaoista.org\/wp-content\/uploads\/2015\/11\/soidaridad-Tao\u00edsta-caridad-daridad-300x201.jpg 300w, https:\/\/www.joventaoista.org\/wp-content\/uploads\/2015\/11\/soidaridad-Tao\u00edsta-caridad-daridad-321x214.jpg 321w, https:\/\/www.joventaoista.org\/wp-content\/uploads\/2015\/11\/soidaridad-Tao\u00edsta-caridad-daridad-140x94.jpg 140w\" sizes=\"(max-width: 322px) 100vw, 322px\" \/><\/a>Todos los Seres ke tengan la voluntad de andar por estos kamigdus son vien llegados al Puevlo de D\u00ceOS, les hago llegar un saludo a sus Mersedes a todos los ke pregonan la Doktrina, a Evangeles, a Visid ethas, a simpatizantes de la Doktrina, a praktikantes, a miembros de la Doktrina, a Monjes, a Komseres, a Delegados Patriarkales, a la Grey en General, tambi\u00e9n a kienes predikan la Doktrina, a el Veneravle Mensajero de ARRIVBAJO, a la Veneravle Madre RUVLA, a el Veneravle DI\u00d3GENES, a el Veneravle Maestro de la MONTA\u00d1A, a el Veneravle Mensajero SOLAR, de igual forma a todos los ke kontrivuyen en mayor o menor grado a el engrandesisierto de la Doktrina, a la Veneravle GAIA, a el Veneravle gran Ravino JAHARMILEK, a todos en su totalidad, a el Veneravle y Gran ARRIVBAJO, as\u00ed mismo komo a todos los dem\u00e1s seres les env\u00edo en esta oportunidad mis palavras de salud, tray\u00e9ndoles al rekuerdo ke el d\u00eda 25 de Noviemvre ke ha sido deklarado <span style=\"color: #0000ff;\">EL D\u00cdA INTERNASIONAL DEL EXILIADO TAO\u00cdSTA,<\/span> sea este un d\u00eda para rekordar la ignominia, para rekordar lo ke tuvieron y han tenido ke afrontar sentenares y kasi millares de nuestros hermagdus despu\u00e9s de dekadas, despu\u00e9s de lustros de exilio, hermagdus ke se fueron de nuestras presensias, hermagdus ke abandonaron su patria, su gea natal, ke abandonaron sus familias, ke abandonaron su kasa ke era el Gran Templo Vegetal Sakroakuarius, ke abandonaron la hermosa gea de esas monta\u00f1as, no porke la kisieran abandonar sino porke fueron lanzados al exilio para salvar sus vidas y sus eksistensias. <\/span><\/p>\n<p style=\"text-align: justify;\"><span style=\"color: #008000;\">Pudi\u00e9semos hablar de la di\u00e1spora Tao\u00edsta en otros pa\u00edses, pudi\u00e9semos hablar del Gran konglomerado de hijos de D\u00ceOS ke tuvieron ke huir, <span style=\"color: #800080;\">tuvieron ke levantar vuelo de esa presiosa gea y ke en la inmensa mayor\u00eda&#8230; komo <a href=\"https:\/\/www.joventaoista.org\/wp-content\/uploads\/2015\/11\/templo-vegetal-sakroakuarius.jpg\"><img loading=\"lazy\" decoding=\"async\" class=\"wp-image-33290 alignright\" src=\"https:\/\/www.joventaoista.org\/wp-content\/uploads\/2015\/11\/templo-vegetal-sakroakuarius-1024x768.jpg\" alt=\"templo vegetal sakroakuarius\" width=\"329\" height=\"247\" srcset=\"https:\/\/www.joventaoista.org\/wp-content\/uploads\/2015\/11\/templo-vegetal-sakroakuarius-1024x768.jpg 1024w, https:\/\/www.joventaoista.org\/wp-content\/uploads\/2015\/11\/templo-vegetal-sakroakuarius-600x450.jpg 600w, https:\/\/www.joventaoista.org\/wp-content\/uploads\/2015\/11\/templo-vegetal-sakroakuarius-300x225.jpg 300w\" sizes=\"(max-width: 329px) 100vw, 329px\" \/><\/a>kriaturas desterradas de su patria hoy lloran y lloramos el hecho de no poder regresar,<\/span> muchos de ellos han desencarnado en el exilio so\u00f1ando kon el anhelado regreso de un d\u00eda a su patria, se fueron en la esperansa de ke sus pies pudiesen pisar de nuevo la gea de sus Padres, pudiesen pisar de nuevo la gea de sus ante pasados, la gea de sus Salvadores, la gea donde vieron naser la esperansa de liverasel y de salvasel y no fue posible, porke el siklo viologiko de sus eksistensias disminuido por las penurias del exilio, disminuido por los sufrimientos y las tristesas de no poder ver a sus Seres Keridos, de no poder kontaktarse de nuevo kon sus amigos y antropogeneos, kon sus amigas y antropogenas, eso les disminuyo sus eksistensias, enfermo sus Viterias y los condujo a las puertas de la muerte tridimensional, del desenkarnamiento fisiko y entregar su esp\u00edritu a D\u00ceOS y entregaron sus vidas a la kausa de la Doktrina, konvirtiendosen en m\u00e1rtires del Puevlo de D\u00ceOS en medio del exilio, de ellos\u2026 de algunos kedaron sus huesos, de otros kedan sus cenizas, y de algotros nisikiera se tiene konosisierto en d\u00f3nde kedaron sus viterias y en donde kedaron los \u00e1tomos de sus kuerpos, regresar\u00e1 su historia alg\u00fan d\u00eda de nuevo al Templo, a la gea de Kolomvia, regresar\u00e1 tal ves el rekuerdo en la mente tal ves de sus desendientes o posiblemente de algotros jam\u00e1s haya regreso, Keridos hermagdus algotros kuando podamos regresar y digo podamos porke konservo la esperansa de poder regresar un d\u00eda y kiero kon mi palabra konstruir esa posibilidad de regreso aunque se vea kasi ineksistente en el porvenir, pero desde ke tengamos vida es posible, no es imposible regresar, pero si nos sorprendiere la muerte en alg\u00fan sitio, esperamos ke asi sean nuestros huesos, nuestros \u00e1tomos kristikos puedan regresar y si no ellos\u2026. Al m\u00e1s el rekuerdo en la inti, en la memoria tenga en un futuro regreso.<\/span><\/p>\n<p style=\"text-align: justify;\"><a href=\"https:\/\/www.joventaoista.org\/wp-content\/uploads\/2015\/11\/invasion-al-templo-sakroakuarius.jpg\"><img loading=\"lazy\" decoding=\"async\" class=\"wp-image-33325 aligncenter\" src=\"https:\/\/www.joventaoista.org\/wp-content\/uploads\/2015\/11\/invasion-al-templo-sakroakuarius.jpg\" alt=\"invasion al templo sakroakuarius\" width=\"506\" height=\"270\" srcset=\"https:\/\/www.joventaoista.org\/wp-content\/uploads\/2015\/11\/invasion-al-templo-sakroakuarius.jpg 646w, https:\/\/www.joventaoista.org\/wp-content\/uploads\/2015\/11\/invasion-al-templo-sakroakuarius-600x320.jpg 600w, https:\/\/www.joventaoista.org\/wp-content\/uploads\/2015\/11\/invasion-al-templo-sakroakuarius-300x160.jpg 300w\" sizes=\"(max-width: 506px) 100vw, 506px\" \/><\/a><\/p>\n<p style=\"text-align: justify;\"><span style=\"color: #008000;\"><span style=\"color: #0000ff;\">ESTO KE SIGUE A KONTINUASEL EL VENERAVLE GRAN KOMENDADOR LO DISE KON L\u00c1GRIMAS EN SUS OJOS:<\/span> Keridos hermagdus por eso me inkluyo entre los ke vamos a regresar pad\u00e1 konstruir kon mi palabra el regreso, no solo de mi viteria sino de muchos otros y de muchas otras ke lloran y lloramos d\u00eda y noche suplikando a el Kreador ke nos de vida pad\u00e1 poder ver el d\u00eda del regreso, se han envejecido nuestros kuerpos, se han envejecido nuestras viterias, se han encanecido, se han encorvado nuestros huesos, se han encorvado las servises de espigados j\u00f3venes ke huyeron y ke huimos, se han envejesido nuestras viterias, los mejores heliokrones de nuestras vidas est\u00e1n sucediendo en el exilio, espigados varones y esbeltas doncellas ke huyeron para salvar sus eksistensias han ido envejesiendo ante el inexorable avance del tiempo, ante la inklemensia y las inklemensias del eksilio donde la zozobra, el llanto, la tristeza y el dolor est\u00e1n a la orden del d\u00eda, donde el temor por la vida y la eksistensia es incesante, donde somos konsiderados komo la escoria del mundo, donde vivimos en las catacumbas de la tierra, donde pesa sobre nosotros los eksiliados la m\u00e1s dura de las penas ke puedan llegar a considerarse los gobiernos de la tierra komo lo he dicho en muchas veces y lo redigo ahora; supuestamente civilizados en la aktualidad, <a href=\"https:\/\/www.joventaoista.org\/wp-content\/uploads\/2015\/11\/22exilio.jpg\"><img loading=\"lazy\" decoding=\"async\" class=\"wp-image-33594 alignleft\" src=\"https:\/\/www.joventaoista.org\/wp-content\/uploads\/2015\/11\/22exilio-681x1024.jpg\" alt=\"22exilio\" width=\"291\" height=\"437\" srcset=\"https:\/\/www.joventaoista.org\/wp-content\/uploads\/2015\/11\/22exilio-681x1024.jpg 681w, https:\/\/www.joventaoista.org\/wp-content\/uploads\/2015\/11\/22exilio-600x902.jpg 600w, https:\/\/www.joventaoista.org\/wp-content\/uploads\/2015\/11\/22exilio-199x300.jpg 199w, https:\/\/www.joventaoista.org\/wp-content\/uploads\/2015\/11\/22exilio-scaled.jpg 1702w\" sizes=\"(max-width: 291px) 100vw, 291px\" \/><\/a>humanisados \u2026 han abolido la pena del destierro porke la han considerado peor ke la pena de muerte, la pena capital es considerada la m\u00e1s dura ke existe en la aktualidad, pero no existe la pena del destierro entre los tribunales de los gobiernos de la tierra, porke fue konsiderada peor ke la pena capital, el que muere.. muri\u00f3 y se fue, pero el desterrado est\u00e1 muerto en vida, el desterrado sufre m\u00e1s ke el ke se fue de la Vida humana, por eso los gobiernos de la tierra abolieron ese castigo porke lo konsideraron peor ke la pena capital, pero sobre los exiliados Tao\u00edstas de el pueblo de D\u00ceOS pesa esa sentencia, pesa ese castigo, pesa esa pena, y pueden pensar algunos: pero si no han kerido regresar es porke no han kerido hacerlo\u2026 a esos les contesto, y les kuento: ke algunos eksiliados ante el temor de determinar sus vidas en el eksilio, kometieron el error de regresar a Kolomvia, kometieron el siniestro error de regresar otra ves y fueron acecinados dentro de las fronteras de Colombia y hoy se cuentan entre los m\u00e1rtires del Puevlo de D\u00ceOS porke les quitaron la vida, los acecinaron, los mataron, posiblemente para ellos pudo m\u00e1s el dolor, pudo m\u00e1s la tristesa, pudo m\u00e1s el dolor en el alma de no poder ver a sus familiares, a sus amigos y de sentirsen extra\u00f1os en geas fuera de su patria y regresaron y los asesinos les estaban esperando, les segaron la vida, kedando esto komo un presedente kontundente, k\u00f3mo un presedente hist\u00f3riko para todos los eksiliados y eksiliadas, el presio ke puede llegar a kostar el regreso\u2026 y esas muertes siguen en la impunidad, siguen todav\u00eda sin establecerse kienes fueron los culpables; pero fueron los brazos oscuros del estado, los siervos de la bestia kienes segaron sus eksistensias y los presentaron como criminales, como lacras, como kriaturas de maldad cuando, eran realinti flores del pueblo de D\u00ceOS ke en medio de la desesperanza del eksilio, cometieron el error de regresar sin existir las kondiseles menester para el resguardo de sus vidas y ese desasierto les kosto la vida. <\/span><\/p>\n<p style=\"text-align: justify;\"><span style=\"color: #008000;\"><span style=\"color: #0000ff;\">SIGUE DICIENDO EL VENERAVLE GRAN KOMENDADOR:<\/span> Keridos hermagdus esta es la verdadera envergadura de la situasi\u00f3n de los eksiliados, kiero komvokar a sus mercedes hermagdus del Puevlo de D\u00ceOS de toda la gea, de todos los pa\u00edses de la redondes de la gea, los kiero konvokar pad\u00e1 el d\u00eda del eksiliado el Kolomvia en las plasas Volivar de las siudades principales y kiero pedir a sus mercedes desde lo m\u00e1s di\u00e1fano de mi alma ke hagan una gran konsentrasel pasifika pero kontundente en la <span style=\"color: #ff6600;\">PLAZA DE VOLIVAR de la siudad de Vakat\u00e1,<\/span> inviten a sus amigos, a sus amigas, a sus familiares, inviten un gran konklomerado de Seres para levantar una vos de protesta pasifika pero kontundente por todas estas injusticias; tambi\u00e9n en las plazas Volivar de siudades y pueblos dentro de las fronteras de Kolomvia en los lugares ke m\u00e1s les sean posible y sus mercedes hermagdus Tao\u00edstas de otros pa\u00edses no nos olviden y hagan lo mismo en las embajadas de Kolomvia frente a las embajadas all\u00e1 en sus pa\u00edses, lleven pancartas, lleven konsignas, no contra los gobiernos si no en pro de la justicia, en pro de la reparasel, en pro del vien, hasiendo rekuerdo de la solicitud del regreso de los exiliados ke somos centenares, pidiendo justicia, pidiendo las bondades ke merese el Ser humagdus komo kriatura humagda y m\u00e1s de una komunikadad, de un konglomerado de pas komo lo somos los Tao\u00edstas. <\/span><\/p>\n<p style=\"text-align: justify;\"><a href=\"https:\/\/www.joventaoista.org\/wp-content\/uploads\/2015\/11\/20151124131631.jpg\"><img loading=\"lazy\" decoding=\"async\" class=\"wp-image-33600 aligncenter\" src=\"https:\/\/www.joventaoista.org\/wp-content\/uploads\/2015\/11\/20151124131631-1024x663.jpg\" alt=\"20151124131631\" width=\"377\" height=\"244\" srcset=\"https:\/\/www.joventaoista.org\/wp-content\/uploads\/2015\/11\/20151124131631-1024x663.jpg 1024w, https:\/\/www.joventaoista.org\/wp-content\/uploads\/2015\/11\/20151124131631-600x388.jpg 600w, https:\/\/www.joventaoista.org\/wp-content\/uploads\/2015\/11\/20151124131631-300x194.jpg 300w, https:\/\/www.joventaoista.org\/wp-content\/uploads\/2015\/11\/20151124131631.jpg 1224w\" sizes=\"(max-width: 377px) 100vw, 377px\" \/><\/a><\/p>\n<p style=\"text-align: justify;\"><span style=\"color: #008000;\">Keridos hermagdus inviten tambi\u00e9n en sus siudades y pa\u00edses a sus amigos, a las kriaturas ke kieran un mundo mejor para ke hagan presencia y as\u00ed tengan el darma, si no son de la Doktrina no interesa, pero su presencia kontrivuye al engrandesisierto de sus eksistensias y a la fuerza ke meneste este klamor, h\u00e1ganlo en forma pasifika, pero en forma kontundente, di\u00e1fana y klara\u2026 si eksisten movisiertos sociales ke se kieran unir a esta s\u00faplika, no digo a esta conmemoraci\u00f3n sino a este hecho de klamor, de eksigensia y de petisel en este d\u00eda, d\u00eda en ke fue invadido, destruido y aniquilado el Templo Vegetal Sakroakuarius pero para ese d\u00eda ya hab\u00edan centenares de exiliados,<span style=\"color: #800080;\"> ese suceso <a href=\"https:\/\/www.joventaoista.org\/wp-content\/uploads\/2015\/11\/exiliado-taoista.jpg\"><img loading=\"lazy\" decoding=\"async\" class=\"wp-image-33606 alignleft\" src=\"https:\/\/www.joventaoista.org\/wp-content\/uploads\/2015\/11\/exiliado-taoista.jpg\" alt=\"exiliado taoista\" width=\"377\" height=\"262\" srcset=\"https:\/\/www.joventaoista.org\/wp-content\/uploads\/2015\/11\/exiliado-taoista.jpg 752w, https:\/\/www.joventaoista.org\/wp-content\/uploads\/2015\/11\/exiliado-taoista-600x417.jpg 600w, https:\/\/www.joventaoista.org\/wp-content\/uploads\/2015\/11\/exiliado-taoista-300x209.jpg 300w\" sizes=\"(max-width: 377px) 100vw, 377px\" \/><\/a>akontesio en el 2004, pero desde el a\u00f1o 2000 ya hab\u00edan exiliados, ya hab\u00edan sentenares ke hab\u00edan huido al exilio porke en el templo en el a\u00f1o 2000 estuvo a punto de ser bombardeado kon aviones,<\/span> lo ke okasiono el eksilio masivo de nuestros Maestros y muchos otros Seres ke kon ellos se fueron y nunca regresaron\u2026 luego en el 2004 akontesi\u00f3 la invasi\u00f3n y destrucci\u00f3n del Templo donde sali\u00f3 al exilio otro gran konglomerado a engrosar las listas de la di\u00e1spora del Puevlo de D\u00ceOS, de los eksliados del Puevlo de D\u00ceOS, y hoy para algunos 11 a\u00f1os despu\u00e9s y para otros 15 a\u00f1os despu\u00e9s, todav\u00eda no ha sucedido el regreso: <\/span><\/p>\n<p style=\"text-align: justify;\"><span style=\"color: #008000;\"><span style=\"color: #0000ff;\">SIGUE EL VENERAVLE GRAN KOMENDADOR KON L\u00c1GRIMAS EN SUS OJOS EMITIENDO ESTAS PALAVRAS\u2026<\/span> <\/span><br \/>\n<span style=\"color: #008000;\">Entonses Puevlo de D\u00ceOS levanten sus voses, levanten su presensia en todos los rinkones de la gea y en el simvre de la justicia les llamo a sus mercedes pad\u00e1 levantar la vos kon m\u00e1s fuerza el <span style=\"color: #ff6600;\">dia 25 de noviembre de kada heliokron y en este kaso de este a\u00f1o de este heliokron,<\/span> tengan sus mercedes la miseriweordia de ayudarnos y de unir sus fuerzas a esta novle kausa ke segurainti les ser\u00e1 kompensado por haverse unido al klamor de una multitud y una muchedumbre ke en la lucha de Salvar sus vidas huimos de nuestra Patria, huimos de nuestra parentela y nunca la volvimos a ver, a muchos de nosotros se han ido nuestros Padres, nuestras Madres y no los hemos podido despedir.. uno de los dolores m\u00e1s grandes es ke se vaya la Madre o el Padre y no se pueda despedir de la vida f\u00edsika, a los Eksilidos y Eksiliadas, a muchos nos ha sucedido esto, algunos se han enterado a\u00f1os despu\u00e9s ke su Madre o su Padre desenkarnaron, ke sus hermagdus, sus avuelos, sus esposas, sus hijos, algunos se fueron, sola inti imaginaos <a href=\"https:\/\/www.joventaoista.org\/wp-content\/uploads\/2014\/07\/SAMAEL-VIVLIA1-229x3001.jpg\"><img loading=\"lazy\" decoding=\"async\" class=\"size-full wp-image-10451 alignright\" src=\"https:\/\/www.joventaoista.org\/wp-content\/uploads\/2014\/07\/SAMAEL-VIVLIA1-229x3001.jpg\" alt=\"SAMAEL-VIVLIA1-229x300\" width=\"229\" height=\"300\" \/><\/a>por unos pokos mosiertos el dolor ke se puede sentir ante tal situasi\u00f3n, <span style=\"color: #ff6600;\">y todo eso por ser pregoneros, praktikantes e impulsores de la Doktrina Tao\u00edsta, es el \u00faniko delito kometido, por ense\u00f1ar a las kriaturas a vivir kon salud, por ense\u00f1ar a las gentes a no robar, a no mentir, a no fornicar, a no adulterar, a no masturbarsen, por kerer poner ante la humanidad el Sendero de volver a D\u00ceOS, ese es el \u00faniko delito del ke somos kulpavles y por el kual somos perseguidos y hemos sido sometidos a semejante barbarie,<\/span> provavleinti esto dejar\u00e1 una huella invorravle y si alg\u00fan d\u00eda regresamos komo regresar\u00e1n los ke se fueron, los ke perdieron y perdimos familiares, a los ke se fueron \u2026 nuestros Padres y nuestras Madres y no pudimos despedirlos, \u00bfkien los regresar\u00e1 de nuevo para poderlos despedir??&#8230; \u00bfki\u00e9n regresar\u00e1 de nuevo los lustros y las d\u00e9kadas ke se fueron mientras estavamos en el exilio? As\u00ed el estado o los estados de la tierra y los poderes del mundo kieran kon dinero remendar el da\u00f1o ke han hecho, es imposible ke lo logren, pero al menos ke dejen de perseguirnos, ke dejen de asechar al Puevlo de D\u00ceOS, ke dejen de asesinar a los hijos de D\u00ceOS, ke lo \u00faniko ke keremos es un mundo m\u00e1s justo, un mundo en pas, un mundo lleno de salud, un mundo de kriaturas ke se levanten kada d\u00eda kon el deseo de servir a D\u00ceOS, un mundo de kriaturas ke no destruyan la naturalesa, un mundo de kriaturas ke le dejen a las futuras generaseles una tierra no contaminada, una tierra no destruida, un mundo de kriaturas donde todos y todas vivamos komo hermagdus, un mundo sin enfermedades, sin dolor, un mundo sin muerte, sin sufrimiento, un mundo sin povresa, donde todos tengamos los mismos derechos, un mundo donde todos kumplamos kon nuestros deveres, un mundo ke sea el reino de D\u00ceOS sobre la fas de la gea, eso es lo ke todos keremos y por eso seguiremos luchando\u2026 <\/span><\/p>\n<p style=\"text-align: justify;\"><span style=\"color: #008000;\"><a href=\"https:\/\/www.joventaoista.org\/wp-content\/uploads\/2015\/11\/TAO-POR-EL-MUNDO.jpg\"><img loading=\"lazy\" decoding=\"async\" class=\"size-full wp-image-33612 alignleft\" src=\"https:\/\/www.joventaoista.org\/wp-content\/uploads\/2015\/11\/TAO-POR-EL-MUNDO.jpg\" alt=\"TAO POR EL MUNDO\" width=\"265\" height=\"389\" srcset=\"https:\/\/www.joventaoista.org\/wp-content\/uploads\/2015\/11\/TAO-POR-EL-MUNDO.jpg 265w, https:\/\/www.joventaoista.org\/wp-content\/uploads\/2015\/11\/TAO-POR-EL-MUNDO-204x300.jpg 204w\" sizes=\"(max-width: 265px) 100vw, 265px\" \/><\/a>\u00a0Entonses keridos hermagdus Tao\u00edstas del Puevlo de D\u00ceOS este Servidor vuestro, el m\u00e1s diminuto de todos vosotros levanta esta vos pad\u00e1 kongregarnos y pedir pad\u00e1 ke <span style=\"color: #ff6600;\">levant\u00e9is Vuestras voses en este d\u00eda 25 de Noviemvre del a\u00f1o 2015 en la fecha de Sat\u00e1n, 15 a\u00f1os de Eksilio,<\/span> pad\u00e1 kienes tienen 30 pueden ser la mitad de la vida, pad\u00e1 kienes tienen 15 pueden ser la vida entera, pad\u00e1 kienes tienen 60 un kuarto de la vida, pad\u00e1 los ke tienen 45 a\u00f1os es un tercio de la vida, no es poko, es mucho\u2026 y a\u00fan no sabemos por ku\u00e1nto tiempo m\u00e1s, y a\u00fan no sabemos ku\u00e1ntos m\u00e1s se ir\u00e1n en el exilio y ku\u00e1ntos tiremos a regresar, <span style=\"color: #ff6600;\">pero tenemos ke levantar nuestra vos para dejar un presedente ante las fuerzas de la tierra,<\/span> porke a todos nos asiste el derecho komo a la kriatura ke algo le duele de gritar, de llorar para hacer saber ke algo le est\u00e1 doliendo, ese derecho nos asiste a nosotros tambi\u00e9n, as\u00ed los estados de la tierra hayan kerido invisivilisarnos, as\u00ed los poderes oscuros ke gobiernan el mundo hayan kerido invisivilisarnos, porke los periodikos principalmente de Colombia al servicio de la bestia, al servicio de la maldad, al servicio de la difamaci\u00f3n, de la infamia y de la canallada se han dedicado es a la tarea de denigrar de la Doktrina, de denigrar de los exiliados, de denigrar del Puevlo de D\u00ceOS y lo hacen por Internet en forma incesante, los peri\u00f3dicos m\u00e1s importantes de Colombia no interes\u00e1ndoles la justicia ni la verdad, sino el servicio a los intereses oscuros para los cuales trabajan, contin\u00faan denigrando kon su basura y con sus mentiras, pero por ke no dicen ke el puevlo de D\u00ceOS ha denunciado al Estado Colombiano en una de las denuncias m\u00e1s grandes ke haya afrontado el estado Kolomviano en su historia y ke no han podido demostrar lo contrario de ke el da\u00f1o ke produjeron las fuerzas ke destruyeron el Templo no han podido demostrar lo kontrario porke las evidencias, las pruevas y los hechos fueron tan kontundentes ke son imposibles de plantear ke no sucedieron, eso no lo han hecho los pedazos ke llaman medios de comunicaci\u00f3n, los peri\u00f3dicos y los medios noticiosos de diferente \u00edndole dentro de Colombia, solo buscan denigrar al Puevlo de D\u00ceOS, es lo ke han buscado y continua hasiendo, <span style=\"color: #ff0000;\">COMO LO HA ESTADO HACIENDO <span style=\"color: #000000;\">EL PERI\u00d3DICO EL TIEMPO<\/span> Y QUE LO SIGUE HACIENDO AUN HASTA NUESTROS D\u00cdAS,<\/span> y algotros peri\u00f3dicos que sacan basura en sus publicaciones por internet contra el Puevlo Tao\u00edsta, o sea ke la acechanza y la persecuci\u00f3n no ha sesado, no ha parado, pero nos asiste el derecho de reklamar, nos asiste el deber kon nosotros mismos de reklamar\u2026 Entonses un\u00e1monos todos y todas hasiendo a un lado los personalismos para reklamar por los derechos del Puevlo de D\u00ceOS.<\/span><\/p>\n<p style=\"text-align: justify;\"><a href=\"https:\/\/www.joventaoista.org\/wp-content\/uploads\/2015\/11\/516513-1024x36811.jpg\"><img loading=\"lazy\" decoding=\"async\" class=\"wp-image-33618 aligncenter\" src=\"https:\/\/www.joventaoista.org\/wp-content\/uploads\/2015\/11\/516513-1024x36811-1024x368.jpg\" alt=\"516513-1024x3681\" width=\"613\" height=\"220\" srcset=\"https:\/\/www.joventaoista.org\/wp-content\/uploads\/2015\/11\/516513-1024x36811.jpg 1024w, https:\/\/www.joventaoista.org\/wp-content\/uploads\/2015\/11\/516513-1024x36811-600x216.jpg 600w, https:\/\/www.joventaoista.org\/wp-content\/uploads\/2015\/11\/516513-1024x36811-300x108.jpg 300w, https:\/\/www.joventaoista.org\/wp-content\/uploads\/2015\/11\/516513-1024x36811-578x208.jpg 578w\" sizes=\"(max-width: 613px) 100vw, 613px\" \/><\/a><\/p>\n<p style=\"text-align: justify;\"><span style=\"color: #008000;\">Keridos hermagdus seamos una muchedumbre de miles y millares, una muchedumbre inkontavle komo dijo el D\u00ceOS Omnipotente, <em><span style=\"color: #3366ff;\">Komo las Estrellas del Sielo,<\/span><\/em> kada uno de sus Mersedes vuske diez de sus amigos y antropogeneos e inv\u00edtelos\u2026 p\u00f3nganse komo meta llevar 10 kriaturas a este plant\u00f3n.. Agradesko tambi\u00e9n a los grupos sosiales de Kolomvia \u2026 en especial a sus direktivos, el Doktor Ivan Cepeda, Agradesko Tamvi\u00e9n al Senador Alexander por su entra\u00f1able ayuda, agradesko tambi\u00e9n a otros amigos de gran importancia: los Seres del Polo Democratico tambi\u00e9n a las dem\u00e1s asociaciones siviles ke nos ayudan, de igual forma al Doktor Gustavo Petro, tambi\u00e9n a el Doktor Luis Karlos Avellaneda, entra\u00f1able amigo y antropogeneo por sus luchas, por su respaldo, por su ayuda; pido lisensia a kienes no haya simvrado, pero les agradesko tambi\u00e9n, no solo a las asosiasiones de Kolomvia, si en otros pa\u00edses han logrado sus Mersedes Puevlo de D\u00ceOS kontaktarsen kon entidades y asosiasiones de derechos humanos kienes kieran ir a este plant\u00f3n son vien llegados.<\/span><\/p>\n<p style=\"text-align: justify;\"><a href=\"https:\/\/www.joventaoista.org\/wp-content\/uploads\/2013\/11\/El-Puevlo-Tao-Jud\u00edo-de-Verdad-Marcha-Kelium-Zeus-Samael-Galzaphit-Lin-Musika-www.kelium.org_.jpg\"><img loading=\"lazy\" decoding=\"async\" class=\"wp-image-6941 alignleft\" src=\"https:\/\/www.joventaoista.org\/wp-content\/uploads\/2013\/11\/El-Puevlo-Tao-Jud\u00edo-de-Verdad-Marcha-Kelium-Zeus-Samael-Galzaphit-Lin-Musika-www.kelium.org_.jpg\" alt=\"El-Puevlo-Tao-Jud\u00edo-de-Verdad-Marcha-Kelium-Zeus-Samael-Galzaphit-Lin-Musika-www.kelium.org_\" width=\"357\" height=\"268\" srcset=\"https:\/\/www.joventaoista.org\/wp-content\/uploads\/2013\/11\/El-Puevlo-Tao-Jud\u00edo-de-Verdad-Marcha-Kelium-Zeus-Samael-Galzaphit-Lin-Musika-www.kelium.org_.jpg 480w, https:\/\/www.joventaoista.org\/wp-content\/uploads\/2013\/11\/El-Puevlo-Tao-Jud\u00edo-de-Verdad-Marcha-Kelium-Zeus-Samael-Galzaphit-Lin-Musika-www.kelium.org_-300x225.jpg 300w\" sizes=\"(max-width: 357px) 100vw, 357px\" \/><\/a><\/p>\n<p style=\"text-align: justify;\"><span style=\"color: #008000;\">Grat\u00edsimas Puevlo de D\u00ceOS por unirse a este esfuerzo, a este klamor y a esta lucha, es una lucha de pas por la pas, es una lucha de vida por la vida, es una lucha de vien por el vien, es una lucha de amor por el amor, es una lucha de livertad por livertad, es una lucha de resurreksel por resurreksel, es una lucha de fuego por fuego, es una lucha de liverasel por liverasel. Grat\u00edsimas keridos hermagdus y hermagdas en Kolomvia kontaktense kon kienes est\u00e1n organizando esta actividad ke son la Veneravle Komser Harkavek, kontaktense kon kada uno de sus Delegados Patriarkales en sus pa\u00edses, kontaktense kon kada uno de sus pastores de Mutantes en sus pa\u00edses, kontaktense kon kada uno de sus direktores y direktoras de Fuentes, kontaktense kon kada uno de sus Padres y Madres Espirituales pad\u00e1 hacer esta kongregasel masiva y kontundente, grat\u00edsimas Keridos hermagdus. <\/span><\/p>\n<p style=\"text-align: center;\"><span style=\"color: #0000ff;\">UN EKSILIADOS MAS HA HAVLADO A SUS MERSEDES, SU SERVIDOR EL GRAN KOMENDADOR\u2026..<\/span><\/p>\n<p align=\"center\"><iframe loading=\"lazy\" src=\"https:\/\/www.youtube.com\/embed\/QyFDPk9jliY\" width=\"560\" height=\"315\" frameborder=\"0\" allowfullscreen=\"allowfullscreen\"><\/iframe><\/p>\n<p align=\"center\"><a href=\"https:\/\/www.joventaoista.org\/wp-content\/uploads\/2015\/11\/20151124142757.jpg\"><img loading=\"lazy\" decoding=\"async\" class=\"alignnone  wp-image-33628\" src=\"https:\/\/www.joventaoista.org\/wp-content\/uploads\/2015\/11\/20151124142757-641x1024.jpg\" alt=\"20151124142757\" width=\"559\" height=\"893\" srcset=\"https:\/\/www.joventaoista.org\/wp-content\/uploads\/2015\/11\/20151124142757-641x1024.jpg 641w, https:\/\/www.joventaoista.org\/wp-content\/uploads\/2015\/11\/20151124142757-600x958.jpg 600w, https:\/\/www.joventaoista.org\/wp-content\/uploads\/2015\/11\/20151124142757-188x300.jpg 188w, https:\/\/www.joventaoista.org\/wp-content\/uploads\/2015\/11\/20151124142757.jpg 712w\" sizes=\"(max-width: 559px) 100vw, 559px\" \/><\/a><\/p>\n","protected":false},"excerpt":{"rendered":"<p>ALAGR\u00c1N 23 DE EL\u263e2020 D\u00cdA DE LUNES DESPU\u00c9S DE EL NASISIERTO DE EL GRAN SHILHOH Ke seg\u00fan Sat\u00e1n es Noviembre 22 del a\u00f1o 2015, d\u00eda Domingo Dise el Veneravle Gran Helohim Miguel Weorsshamaddihaael: hermagdus y hermagdas del Puevlo de Dios, praktikantes de la doktrina, pregoneros de la misma doktrina Tao\u00edsta, les saluda a sus mercedes [&hellip;]<\/p>\n","protected":false},"author":6,"featured_media":33318,"comment_status":"open","ping_status":"open","sticky":false,"template":"","format":"standard","meta":{"_et_pb_use_builder":"","_et_pb_old_content":"","_et_gb_content_width":"","footnotes":""},"categories":[898,97],"tags":[3014,3013,596,3015,3016],"class_list":["post-33581","post","type-post","status-publish","format-standard","has-post-thumbnail","hentry","category-elohim-miguel-eo","category-eventos-eo","tag-25-de-noviembre","tag-dia-internaselal-del-eksiliado-taoista","tag-gran-templo-vegetal-sakroakuarius","tag-periodico-el-tiempo","tag-planton-taoista"],"_links":{"self":[{"href":"https:\/\/www.joventaoista.org\/eo\/wp-json\/wp\/v2\/posts\/33581","targetHints":{"allow":["GET"]}}],"collection":[{"href":"https:\/\/www.joventaoista.org\/eo\/wp-json\/wp\/v2\/posts"}],"about":[{"href":"https:\/\/www.joventaoista.org\/eo\/wp-json\/wp\/v2\/types\/post"}],"author":[{"embeddable":true,"href":"https:\/\/www.joventaoista.org\/eo\/wp-json\/wp\/v2\/users\/6"}],"replies":[{"embeddable":true,"href":"https:\/\/www.joventaoista.org\/eo\/wp-json\/wp\/v2\/comments?post=33581"}],"version-history":[{"count":4,"href":"https:\/\/www.joventaoista.org\/eo\/wp-json\/wp\/v2\/posts\/33581\/revisions"}],"predecessor-version":[{"id":33631,"href":"https:\/\/www.joventaoista.org\/eo\/wp-json\/wp\/v2\/posts\/33581\/revisions\/33631"}],"wp:featuredmedia":[{"embeddable":true,"href":"https:\/\/www.joventaoista.org\/eo\/wp-json\/wp\/v2\/media\/33318"}],"wp:attachment":[{"href":"https:\/\/www.joventaoista.org\/eo\/wp-json\/wp\/v2\/media?parent=33581"}],"wp:term":[{"taxonomy":"category","embeddable":true,"href":"https:\/\/www.joventaoista.org\/eo\/wp-json\/wp\/v2\/categories?post=33581"},{"taxonomy":"post_tag","embeddable":true,"href":"https:\/\/www.joventaoista.org\/eo\/wp-json\/wp\/v2\/tags?post=33581"}],"curies":[{"name":"wp","href":"https:\/\/api.w.org\/{rel}","templated":true}]}}