{"id":34417,"date":"2016-08-10T16:48:24","date_gmt":"2016-08-10T16:48:24","guid":{"rendered":"https:\/\/www.joventaoista.org\/eo\/?p=34417"},"modified":"2016-08-10T21:28:24","modified_gmt":"2016-08-10T21:28:24","slug":"legido-del-konosisierto-atentados-de-los-ultimos-dias","status":"publish","type":"post","link":"https:\/\/www.joventaoista.org\/eo\/legido-del-konosisierto-atentados-de-los-ultimos-dias\/","title":{"rendered":"Legido del konosisierto, atentados de los \u00faltimos d\u00edas."},"content":{"rendered":"<h3 style=\"text-align: justify;\"><span style=\"color: #ff0000;\">EL ATENTADO TERRORISTA EN NIZA FRANCIA EL INTENTO GOLPISTA EN TURQUIA LOS DESORDENES EN ESTADOS UNIDOS EN COLOMBIA, TIENE ALGO EN COMUN CON LOS DESEOS \u00a0MAL SANOS DE APODERARSE DEL CHAKRA SOLAR LA ESFERA?<\/span><\/h3>\n<p style=\"text-align: justify;\"><span style=\"text-align: justify; font-size: 16px; line-height: 1.5;\">Estamos ante d\u00edas decisivos para el g\u00e9nero humano y humagdu, mientras que la humanidad se debate en un callej\u00f3n sin salida y los ILUMINATI al mando del gobierno de las sombras cada d\u00eda buscan ampliar sus tent\u00e1culos cada vez m\u00e1s visibles a los ojos humanos, pero aumentando los sistemas de dominaci\u00f3n y control a campos insospechados, vamos en esta oportunidad queridos lectores de esta p\u00e1gina a descubrir juntos los \u00faltimos sucesos que tienen al mundo en vilo y que guardan una \u00edntima relaci\u00f3n con un hecho que tiene movilizada a la comunidad tao\u00edsta internacional y es el intento de fuerzas oscuras de apoderarse de uno de los puntos remanentes de la tierra y que fue declarado por los VENERABLES MAESTRO TAOISTAS JHA KELIUM ZEUS INDUZEUS Y SAMAEL JOAV BHATOR WEOR \u00a0como el Chakra solar (templo natural de la comunidad Tao\u00edsta) de toda la esfera, con resonancia como punto c\u00e9ntrico y de equilibrio de las emociones humanas y esferales.<\/span><\/p>\n<p style=\"text-align: justify;\">Sera posible que ante los hechos acaecidos por estos d\u00edas en el mundo, los sionistas iluminatis ayudados por fuerzas extraterrestres quieran apoderarse del centro emocional mundial y as\u00ed les sea m\u00e1s f\u00e1cil controlar el mundo, buscando manejar las emociones de los seres humanos de una forma m\u00e1s r\u00e1pida y directa?<\/p>\n<p style=\"text-align: justify;\">No piensen que esto suena descabellado o solo sea una teor\u00eda conspiracionista, no\u2026 esto va m\u00e1s all\u00e1 de lo que com\u00fanmente podemos entender, vamos entonces a mirar m\u00e1s all\u00e1 de lo que podemos encontrar en las noticias cotidianas de los medios de comunicaci\u00f3n manejados por la BESTIA\u00a0 y el falso profeta.<\/p>\n<p style=\"text-align: center;\"><iframe loading=\"lazy\" src=\"https:\/\/www.youtube.com\/embed\/KMtVfLJnB0E\" width=\"560\" height=\"315\" frameborder=\"0\" allowfullscreen=\"allowfullscreen\"><\/iframe><\/p>\n<p style=\"text-align: center;\"><a href=\"https:\/\/www.youtube.com\/watch?v=Jd_9oRB1tbI\">https:\/\/www.youtube.com\/watch?v=Jd_9oRB1tbI<\/a><\/p>\n<p>&nbsp;<\/p>\n<p><em>NIZA Y EL AUTO ATENTADO TERRORISTA<\/em><\/p>\n<p style=\"text-align: justify;\"><em>Niza es una ciudad francesa ubicada en el mediterr\u00e1neo a 30 km de la frontera italiana ya en el pasado perteneci\u00f3 a Italia y desde esta ciudad la ROMA PAPAL y los reyes de la \u00e9poca iniciaron la persecuci\u00f3n indiscriminada contra los tao\u00edstas del pasado m\u00e1s conocidos como VALDENSES, pero por que el gobierno de las sombras gobernado por el BATICANO, eligi\u00f3 este lugar para cometer uno de los peores atentados perpetrados por terroristas mercenarios armados y manejados por el mismo gobierno de Francia.<\/em><\/p>\n<p style=\"text-align: justify;\"><em>MK- ULTRA: este nombre es familiar para muchos de los conocedores de los aterradores sistemas de control mental utilizados por el sionismo, el autor del atentado terrorista es la prueba real de un controlado mental.<\/em><\/p>\n<p style=\"text-align: center;\"><iframe loading=\"lazy\" src=\"https:\/\/www.youtube.com\/embed\/8a0Gf9PgmNg\" width=\"560\" height=\"315\" frameborder=\"0\" allowfullscreen=\"allowfullscreen\"><\/iframe><\/p>\n<p style=\"text-align: center;\"><a href=\"https:\/\/www.youtube.com\/watch?v=kY-l-amWBm8\"><em>https:\/\/www.youtube.com\/watch?v=kY-l-amWBm8<\/em><\/a><\/p>\n<p><em>\u00a0<\/em><\/p>\n<p style=\"text-align: justify;\"><em>\u00a0 Mohamed Lahouaiej-Bouhel, tunecino y autor del atentado. Lahouaiej-Bouhel estaba instalado al norte de Niza, en un peque\u00f1o apartamento ubicado en un edificio de trabajadores extranjeros, de 31 a\u00f1os de edad y con caracter\u00edsticas claras de violencia y estados psicol\u00f3gicos dementes, este instrumento de sus controladores fue utilizado en el momento exacto para arremeter contra la multitud que se reunia en la celebraci\u00f3n del 14 de julio que conmemora para los franceses la toma de la bastilla.<\/em><\/p>\n<p style=\"text-align: justify;\"><em>Pero realmente quien est\u00e1 detr\u00e1s de este atroz crimen, la historia nos remonta a los anteriores atentados terroristas que se han perpetrado en suelo franc\u00e9s, donde la mano que mece la cuna no es m\u00e1s que el mismo gobierno del presidente franc\u00e9s, Fran\u00e7ois Hollande, es bueno sitar o anotar que este personaje es uno de los hombres que fielmente sirve al sionismo internacional y que como ILUMINATI ha resuelto colonizar al estilo ingl\u00e9s los pa\u00edses que alguna vez fueron sus colonias y vale sitar el caso de libia, donde el gobierno franc\u00e9s participo activamente en la muerte de Gadafi\u00a0 siendo un brazo militar de la OTAN de la cual Francia es uno de los miembros activos.<\/em><\/p>\n<p style=\"text-align: center;\"><iframe loading=\"lazy\" src=\"https:\/\/www.youtube.com\/embed\/7rPUZtOV6WQ\" width=\"560\" height=\"315\" frameborder=\"0\" allowfullscreen=\"allowfullscreen\"><\/iframe><\/p>\n<p style=\"text-align: justify;\"><em>Francia no solo representa el inicio de la globalizaci\u00f3n de la ley marcial y el estado de sesi\u00f3n, en un pa\u00eds que a trav\u00e9s de los \u00faltimos a\u00f1os se ha inmerso en guerras pro\u00a0 estados unidos, dij\u00e9ramos PRO GOBIERNO DE LAS SOMBRAS.<\/em><\/p>\n<p style=\"text-align: justify;\"><em>Es bueno detallar y cerciorarse que cada acontecimiento y acontesisierto que ha ocurrido en los \u00faltimos d\u00edas, va de la mano con los deseos insaciables de poder que no paran por porci\u00f3n de los gobernantes disfrazados en la falsa democracia que siempre se mueve por poderes oscuros y nefastos.<\/em><\/p>\n<p style=\"text-align: justify;\"><em>Francia en el pasado represento libertad, Francia dio paso al cambio de las masas y es Francia precisamente la representante de la libertad, del cambio, les recuerdo que el cambio en el ser humano est\u00e1 \u00edntimamente ligado a sus emociones y Francia es porci\u00f3n de uno de los puntos emocionales de nuestro planeta all\u00e1 en las costas mediterr\u00e1neas o sea en la media tierra: su nombre lo dice MEDIA = medio- y\u00a0 TIERRA = HOMBRE. Hombre medio o sea hombre de emociones all\u00e1 en ese lugar en todas las costas de los pa\u00edses mediterr\u00e1neos se han presentado las guerras m\u00e1s milenarias y antiguas ya que all\u00e1 est\u00e1 ubicada la ciudad maldita ROMA= ant\u00edtesis del amor y la inmunda cloaca llamada BATICANO.<\/em><\/p>\n<p style=\"text-align: justify;\"><em>All\u00e1 naci\u00f3 el sionismo internacional all\u00e1 al occidente de los pa\u00edses de oriente naci\u00f3 el aquil\u00f3n del vual se escribi\u00f3 que el mal se desata del aquil\u00f3n y viene presuroso sobre la tierra. <\/em><\/p>\n<p style=\"text-align: justify;\"><em>NIZA, que es NAZA que es INZA que es ZAIN Y que traduce CAIN, o sea caer; y eso es lo que se quiere en un pa\u00eds donde su capital la llaman la ciudad luz, los hijos de las tinieblas quieren promover el espect\u00e1culo de muerte, lo que hace que el mundo transforme la luz al final de este t\u00fanel en las tinieblas perpetradas por el dolor de la humanidad.<\/em><\/p>\n<p style=\"text-align: justify;\"><img loading=\"lazy\" decoding=\"async\" class=\"wp-image-34041 aligncenter\" src=\"https:\/\/www.joventaoista.org\/wp-content\/uploads\/2016\/07\/legido-konosisierto-regresa-1024x576.jpg\" alt=\"legido konosisierto regresa\" width=\"664\" height=\"373\" srcset=\"https:\/\/www.joventaoista.org\/wp-content\/uploads\/2016\/07\/legido-konosisierto-regresa-1024x576.jpg 1024w, https:\/\/www.joventaoista.org\/wp-content\/uploads\/2016\/07\/legido-konosisierto-regresa-600x338.jpg 600w, https:\/\/www.joventaoista.org\/wp-content\/uploads\/2016\/07\/legido-konosisierto-regresa-300x169.jpg 300w, https:\/\/www.joventaoista.org\/wp-content\/uploads\/2016\/07\/legido-konosisierto-regresa-768x432.jpg 768w, https:\/\/www.joventaoista.org\/wp-content\/uploads\/2016\/07\/legido-konosisierto-regresa.jpg 1280w\" sizes=\"(max-width: 664px) 100vw, 664px\" \/><\/p>\n<h1 style=\"text-align: center;\"><span style=\"color: #ff0000;\"><a style=\"color: #ff0000;\" href=\"http:\/\/taotvporlaesfera.org\/\">www.taotvporlaesfera.com\u00a0<\/a><\/span><\/h1>\n<p>&nbsp;<\/p>\n","protected":false},"excerpt":{"rendered":"<p>EL ATENTADO TERRORISTA EN NIZA FRANCIA EL INTENTO GOLPISTA EN TURQUIA LOS DESORDENES EN ESTADOS UNIDOS EN COLOMBIA, TIENE ALGO EN COMUN CON LOS DESEOS \u00a0MAL SANOS DE APODERARSE DEL CHAKRA SOLAR LA ESFERA? Estamos ante d\u00edas decisivos para el g\u00e9nero humano y humagdu, mientras que la humanidad se debate en un callej\u00f3n sin salida [&hellip;]<\/p>\n","protected":false},"author":6,"featured_media":34408,"comment_status":"open","ping_status":"open","sticky":false,"template":"","format":"standard","meta":{"_et_pb_use_builder":"","_et_pb_old_content":"","_et_gb_content_width":"","footnotes":""},"categories":[106,3076],"tags":[3130,3129,3131,3132],"class_list":["post-34417","post","type-post","status-publish","format-standard","has-post-thumbnail","hentry","category-konspiracion-eo","category-legido-del-konosisierto-7-temporada","tag-apocalispsis","tag-atentados-de-los-ultimos-dias","tag-cionistas","tag-iluminatis"],"_links":{"self":[{"href":"https:\/\/www.joventaoista.org\/eo\/wp-json\/wp\/v2\/posts\/34417","targetHints":{"allow":["GET"]}}],"collection":[{"href":"https:\/\/www.joventaoista.org\/eo\/wp-json\/wp\/v2\/posts"}],"about":[{"href":"https:\/\/www.joventaoista.org\/eo\/wp-json\/wp\/v2\/types\/post"}],"author":[{"embeddable":true,"href":"https:\/\/www.joventaoista.org\/eo\/wp-json\/wp\/v2\/users\/6"}],"replies":[{"embeddable":true,"href":"https:\/\/www.joventaoista.org\/eo\/wp-json\/wp\/v2\/comments?post=34417"}],"version-history":[{"count":3,"href":"https:\/\/www.joventaoista.org\/eo\/wp-json\/wp\/v2\/posts\/34417\/revisions"}],"predecessor-version":[{"id":34424,"href":"https:\/\/www.joventaoista.org\/eo\/wp-json\/wp\/v2\/posts\/34417\/revisions\/34424"}],"wp:featuredmedia":[{"embeddable":true,"href":"https:\/\/www.joventaoista.org\/eo\/wp-json\/wp\/v2\/media\/34408"}],"wp:attachment":[{"href":"https:\/\/www.joventaoista.org\/eo\/wp-json\/wp\/v2\/media?parent=34417"}],"wp:term":[{"taxonomy":"category","embeddable":true,"href":"https:\/\/www.joventaoista.org\/eo\/wp-json\/wp\/v2\/categories?post=34417"},{"taxonomy":"post_tag","embeddable":true,"href":"https:\/\/www.joventaoista.org\/eo\/wp-json\/wp\/v2\/tags?post=34417"}],"curies":[{"name":"wp","href":"https:\/\/api.w.org\/{rel}","templated":true}]}}