{"id":34497,"date":"2016-08-12T14:35:36","date_gmt":"2016-08-12T14:35:36","guid":{"rendered":"https:\/\/www.joventaoista.org\/eo\/?p=34497"},"modified":"2016-08-12T14:43:22","modified_gmt":"2016-08-12T14:43:22","slug":"atentados-de-los-ultimos-dias-segunda-parte","status":"publish","type":"post","link":"https:\/\/www.joventaoista.org\/eo\/atentados-de-los-ultimos-dias-segunda-parte\/","title":{"rendered":"Atentados de los \u00faltimos d\u00edas, segunda parte."},"content":{"rendered":"<h2 style=\"text-align: justify;\"><span style=\"color: #ff0000;\">EL ATENTADO TERRORISTA EN NIZA FRANCIA EL INTENTON GOLPISTA EN TURQUIA LOS DESORDENES EN ESTADOS UNIDOS EN COLOMBIA , TIENE ALGO EN COMUN CON LOS DESEOS MALSANOS DE APODERARSE DEL CHAKRA SOLAR DE LA ESFERA?<\/span><\/h2>\n<p><span style=\"color: #ff0000;\">SEGUNDA PORSEL<\/span><\/p>\n<h3><span style=\"color: #ff0000;\">TURQUIA Y EL GOLPE DE ESTADO<\/span><\/h3>\n<p style=\"text-align: justify;\">Turqu\u00eda, paso este pa\u00eds por un momento de desestabilizaci\u00f3n donde se manejaron 2 situaciones \u00bf ser\u00e1 acaso que el golpe de estado fue un autogolpe o el golpe vino del exterior?<\/p>\n<p style=\"text-align: center;\"><span style=\"color: #0000ff;\">https:\/\/www.youtube.com\/watch?v=BNzcrfGuXdU.<\/span><\/p>\n<p style=\"text-align: center;\"><iframe loading=\"lazy\" src=\"https:\/\/www.youtube.com\/embed\/MoSF49i7csA\" width=\"560\" height=\"315\" frameborder=\"0\" allowfullscreen=\"allowfullscreen\"><\/iframe><br \/>\n<iframe loading=\"lazy\" src=\"https:\/\/www.youtube.com\/embed\/FQeKtriuxg4\" width=\"560\" height=\"315\" frameborder=\"0\" allowfullscreen=\"allowfullscreen\"><\/iframe><\/p>\n<h3 style=\"text-align: center;\"><span style=\"color: #ff0000;\">LAS TRAMAS DE PODERES<\/span><\/h3>\n<p style=\"text-align: justify;\">ERDOGAN, presidente TURCO hasta hace pocos d\u00edas, era la cara visible de la ayuda financiera y log\u00edstica del mal llamado ESTADO ISLAMICO, presidente asesino y fiel siervo de los ESTADOS TERRORISTAS DE LA TIERRA a saber: estados unidos, Inglaterra, Francia, arabia saudita e Israel.<\/p>\n<p style=\"text-align: justify;\">Luchas internas por poder, asesinatos selectivos y un sistema democr\u00e1tico manejado a favor de los corruptos de su pa\u00eds hacen de ERDOGAN un hombre peligroso, no solo para los nacionales si no para los pa\u00edses vecinos entre ellos SIRIA, pa\u00eds que lleva el peso de la guerra por mas de 5 a\u00f1os, de los cuales Turqu\u00eda a apoyado secretamente a todos los grupos terroristas buscando no solo cumplir con sus AMOS los occidentales, adem\u00e1s de ser beneficiaria del petr\u00f3leo barato que les venden los terroristas, quienes por partida doble le ayudan a los TURCOS con ERDOGAN a la cabeza a reprimir, matar y destruir a la minor\u00eda KURDA que esta en ese pa\u00eds, claro sin olvidar que la OTAN posee una de las mas importantes bases militares la base de INCIRLINK, cerca del mediterr\u00e1neo turco.<\/p>\n<p style=\"text-align: justify;\">Pero a semanas del golpe de estado, inesperadamente ERDOGAN cambia de bando, \u00bf que lo hace tomar esa extra\u00f1a decisi\u00f3n?<\/p>\n<p style=\"text-align: justify;\">Cambio de planes para este personaje, oh vio venir ERDOGAN el final de los planes macabros de la OTAN y los pa\u00edses invasores y decidi\u00f3 r\u00e1pidamente salir de ese bando para unirse a los pa\u00edses que ahora est\u00e1n a favor de un mundo multipolar que no sea dominado solo por una gran potencia?<\/p>\n<p style=\"text-align: justify;\"><img loading=\"lazy\" decoding=\"async\" class=\"wp-image-34488 aligncenter\" src=\"https:\/\/www.joventaoista.org\/wp-content\/uploads\/2016\/08\/erdogan-y-putin.jpg\" alt=\"erdogan y putin\" width=\"435\" height=\"245\" srcset=\"https:\/\/www.joventaoista.org\/wp-content\/uploads\/2016\/08\/erdogan-y-putin.jpg 750w, https:\/\/www.joventaoista.org\/wp-content\/uploads\/2016\/08\/erdogan-y-putin-600x338.jpg 600w, https:\/\/www.joventaoista.org\/wp-content\/uploads\/2016\/08\/erdogan-y-putin-300x169.jpg 300w\" sizes=\"(max-width: 435px) 100vw, 435px\" \/><\/p>\n<p style=\"text-align: justify;\">El se\u00f1or ERDOGAN al parecer tomo la mejor decisi\u00f3n y fue ponerse a favor de Rusia y sus aliados en la lucha contra los poderes de facto que gobiernan la tierra y esa osad\u00eda contra occidente casi le cuesta no solo que le aplicaran un golpe de estado m\u00e1s tambi\u00e9n la persecuci\u00f3n y el poner en peligro su vida.<\/p>\n<h3 style=\"text-align: justify;\"><span style=\"color: #ff0000;\">TURKIA Y LAS SIETE IGLESIAS<\/span><\/h3>\n<p style=\"text-align: justify;\">El hecho de que turbia se sumergiera por unas horas en un golpe de estado, en donde mas de 200 personas perdieron la vida, puso de manifiesto el poder medi\u00e1tico de la bestia y el falso profeta, EE UU con SU base de la OTAN como lugar de operaciones se enfilo en sacar r\u00e1pidamente a ERDOGAN del poder; despu\u00e9s de que este ultimo se acercara a RUSIA para pedirle protecci\u00f3n y someterse al reordenamiento estrat\u00e9gico de los pa\u00edses \u00e1rabes y tal ves el compromiso mas grande, dejar en su totalidad el apoyo a los terroristas bahawuitas nutridos por las monarqu\u00edas y en especial por los ESTADOS UNIDOS. Este hecho sentencio a ERDOGAN que por un lapso de tiempo parec\u00eda ser el perdedor en el golpe de estado orquestado desde occidente, pero no fue as\u00ed hoy TURQUIA resurge y se enfila a abandonar definitivamente al terrorismo y ayudar a promover la paz por medio oriente y algo todav\u00eda mejor Turqu\u00eda se enfila a salir de la organizaci\u00f3n mas criminal de la tierra la OTAN..<\/p>\n<p style=\"text-align: justify;\">Apocalipsis 1:10-11. Dice as\u00ed: \u201cYo estaba en el Esp\u00edritu en el d\u00eda del Se\u00f1or, y o\u00ed detr\u00e1s de m\u00ed una gran voz como de trompeta, que dec\u00eda: Yo soy el Alfa y la Omega, el primero y el \u00faltimo. Escribe en un libro lo que ves, y env\u00edalo a las siete iglesias que est\u00e1n en Asia: a \u00c9feso, Esmirna, P\u00e9rgamo, Tiatira, Sardis, Filadelfia y La odisea.<\/p>\n<p style=\"text-align: justify;\"><img loading=\"lazy\" decoding=\"async\" class=\"wp-image-34427 aligncenter\" src=\"https:\/\/www.joventaoista.org\/wp-content\/uploads\/2016\/08\/iglesias-apocalipsis.png\" alt=\"iglesias apocalipsis\" width=\"520\" height=\"255\" srcset=\"https:\/\/www.joventaoista.org\/wp-content\/uploads\/2016\/08\/iglesias-apocalipsis.png 885w, https:\/\/www.joventaoista.org\/wp-content\/uploads\/2016\/08\/iglesias-apocalipsis-600x294.png 600w, https:\/\/www.joventaoista.org\/wp-content\/uploads\/2016\/08\/iglesias-apocalipsis-300x147.png 300w, https:\/\/www.joventaoista.org\/wp-content\/uploads\/2016\/08\/iglesias-apocalipsis-768x377.png 768w\" sizes=\"(max-width: 520px) 100vw, 520px\" \/><\/p>\n<p style=\"text-align: justify;\">No es casualidad que sea Turqu\u00eda la sede hist\u00f3rica de las siete iglesias que est\u00e1n en ASIA seg\u00fan la historia escrita por el vidente de Patmos, pero vamos a estudiar una en especial la IGLESIA DE PERGAMO.<\/p>\n<p style=\"text-align: justify;\"><img loading=\"lazy\" decoding=\"async\" class=\"wp-image-34433 aligncenter\" src=\"https:\/\/www.joventaoista.org\/wp-content\/uploads\/2016\/08\/shakra-solar.jpg\" alt=\"shakra solar\" width=\"433\" height=\"245\" srcset=\"https:\/\/www.joventaoista.org\/wp-content\/uploads\/2016\/08\/shakra-solar.jpg 316w, https:\/\/www.joventaoista.org\/wp-content\/uploads\/2016\/08\/shakra-solar-300x170.jpg 300w\" sizes=\"(max-width: 433px) 100vw, 433px\" \/><\/p>\n<p style=\"text-align: center;\"><span style=\"color: #ff0000;\">PERGAMO Y EL SHAKRA SOLAR<\/span><\/p>\n<p style=\"text-align: center;\"><img loading=\"lazy\" decoding=\"async\" class=\"alignnone  wp-image-34439\" src=\"https:\/\/www.joventaoista.org\/wp-content\/uploads\/2016\/08\/chacra-solar.jpg\" alt=\"chacra solar\" width=\"402\" height=\"302\" srcset=\"https:\/\/www.joventaoista.org\/wp-content\/uploads\/2016\/08\/chacra-solar.jpg 310w, https:\/\/www.joventaoista.org\/wp-content\/uploads\/2016\/08\/chacra-solar-300x225.jpg 300w\" sizes=\"(max-width: 402px) 100vw, 402px\" \/><\/p>\n<p>&nbsp;<\/p>\n<p style=\"text-align: justify;\">Esta hermosa imagen del vichada cerca del chacra solar de la tierra viene a contarnos la intima relaci\u00f3n que existe entre este lugar y la antigua ciudad turca de PERGAMO, fue dicho por el vidente de PATMOS:<\/p>\n<p style=\"text-align: justify;\"><img loading=\"lazy\" decoding=\"async\" class=\"wp-image-34445 aligncenter\" src=\"https:\/\/www.joventaoista.org\/wp-content\/uploads\/2016\/08\/shakra-solar2.jpg\" alt=\"shakra solar2\" width=\"489\" height=\"380\" srcset=\"https:\/\/www.joventaoista.org\/wp-content\/uploads\/2016\/08\/shakra-solar2.jpg 423w, https:\/\/www.joventaoista.org\/wp-content\/uploads\/2016\/08\/shakra-solar2-300x233.jpg 300w\" sizes=\"(max-width: 489px) 100vw, 489px\" \/><\/p>\n<p style=\"text-align: justify;\">Y escribe al \u00e1ngel de la iglesia en P\u00e9rgamo: El que tiene la espada aguda de dos filos, dice estas cosas: Yo s\u00e9 tus obras, y d\u00f3nde moras, donde est\u00e1 la silla de Satan\u00e1s\u037e y retienes mi nombre, y no has negado mi fe, aun en los d\u00edas en que fue Antipas mi testigo fiel, el cual ha sido muerto entre vosotros, donde Satan\u00e1s mora. Pero tengo unas pocas cosas contra ti: porque t\u00fa tienes ah\u00ed los que tienen la doctrina de Balaam, el cual ense\u00f1aba a Balac a poner esc\u00e1ndalo delante de los hijos de Israel, a comer de cosas sacrificadas a los \u00eddolos, y a cometer fornicaci\u00f3n. As\u00ed tambi\u00e9n t\u00fa tienes a los que tienen la doctrina de los Nicola\u00edtas, lo cual yo aborrezco. Arrepi\u00e9ntete, porque de otra manera vendr\u00e9 a ti presto, y pelear\u00e9 contra ellos con la espada de mi boca, El que tiene o\u00eddo, oiga lo que el Esp\u00edritu dice a las iglesias. Al que venciere, dar\u00e9 a comer del man\u00e1 escondido, y le dar\u00e9 una piedrecita blanca, y en la piedrecita un nombre nuevo escrito, el cual ninguno conoce sino aquel que lo recibe. (Apocalipsis 2:12\u00ac17).<\/p>\n<p style=\"text-align: justify;\"><img loading=\"lazy\" decoding=\"async\" class=\"wp-image-34451 aligncenter\" src=\"https:\/\/www.joventaoista.org\/wp-content\/uploads\/2016\/08\/11111.jpg\" alt=\"11111\" width=\"482\" height=\"301\" srcset=\"https:\/\/www.joventaoista.org\/wp-content\/uploads\/2016\/08\/11111.jpg 320w, https:\/\/www.joventaoista.org\/wp-content\/uploads\/2016\/08\/11111-300x188.jpg 300w\" sizes=\"(max-width: 482px) 100vw, 482px\" \/><\/p>\n<p style=\"text-align: justify;\">PERGAMO, tal ves la iglesia mas enigm\u00e1tica de todas donde se ubica la silla donde SATAN SE SIENTA y haciendo esta similitud ESOTERICAINTI CORRESPONDE PERGAMO AL SHAKRA SOLAR DE LA GEA o de la tierra; pero no solo como chacra solar f\u00edsico, corresponde en el hombre a su chacra solar que es su ESTOMAGO, donde est\u00e1n los intestinos, especialmente un lugar. la silla donde sat\u00e1n se sienta llamada COLON, el acumular desechos sin sacarlos a tiempo convierten el COLON del ser humano en la silla de sat\u00e1n ya que es fisiol\u00f3gicamente el lugar por donde el cuerpo acumula los desechos para despu\u00e9s ser eliminados por medio de las evacuaciones fecales.<\/p>\n<p style=\"text-align: justify;\">Esa es la doctrina de los NICOLAITAS la cual DIOS ABORRECE HOY NICOLAS EN TURQUIA se llama la OTAN y preciso la OTAN con su base militar en Turqu\u00eda ES LA REPRESENTACION DEL COLON SIGMOIDEO, desde donde se empujan los desechos o sea desde donde se empuja la muerte a la tierra, para que despu\u00e9s salga por el ano de la misma tierra llamado el BATICANO, desde donde constantemente el gobierno de las sombras y la oscuridad desea dominar toda la tierra no solo la tierra como esfera tambi\u00e9n la tierra llamada hombre.<\/p>\n<p style=\"text-align: center;\"><span style=\"color: #ff0000;\">LOS INTESTINOS Y EL CEREBRO<\/span><\/p>\n<p style=\"text-align: justify;\">\u00a0<img loading=\"lazy\" decoding=\"async\" class=\"wp-image-34475 aligncenter\" src=\"https:\/\/www.joventaoista.org\/wp-content\/uploads\/2016\/08\/Captura-de-pantalla-2016-08-12-a-las-9.00.08-a.m..png\" alt=\"Captura de pantalla 2016-08-12 a las 9.00.08 a.m.\" width=\"500\" height=\"282\" srcset=\"https:\/\/www.joventaoista.org\/wp-content\/uploads\/2016\/08\/Captura-de-pantalla-2016-08-12-a-las-9.00.08-a.m..png 879w, https:\/\/www.joventaoista.org\/wp-content\/uploads\/2016\/08\/Captura-de-pantalla-2016-08-12-a-las-9.00.08-a.m.-600x338.png 600w, https:\/\/www.joventaoista.org\/wp-content\/uploads\/2016\/08\/Captura-de-pantalla-2016-08-12-a-las-9.00.08-a.m.-300x169.png 300w, https:\/\/www.joventaoista.org\/wp-content\/uploads\/2016\/08\/Captura-de-pantalla-2016-08-12-a-las-9.00.08-a.m.-768x432.png 768w\" sizes=\"(max-width: 500px) 100vw, 500px\" \/><\/p>\n<p style=\"text-align: justify;\">El control de las emociones en el ser humano se manejan desde el est\u00f3mago siendo un reflejo para nuestro cerebro, cuando la bestia ataca utiliza este patr\u00f3n y eso paso en el caso de FRANCIA, TURQUIA Y EL CHAKRA SOLAR, tomo el patr\u00f3n de atacar casi simult\u00e1neamente estos tres lugares para desequilibrar las emociones en todos los seres humanos de la tierra, premeditadamente la bestia toco tres puntos energ\u00e9ticos de la tierra que se relacionan entre si a saber:<\/p>\n<ol style=\"text-align: justify;\">\n<li>NIZA: en Francia cerca al mediterr\u00e1neo o la media tierra de la gea y del cuerpo.<\/li>\n<li>TURQUIA: casa de las 7 iglesias que est\u00e1n en ASIA, en especial pergamo o chacra solar<\/li>\n<li>SHAKRA SOLAR: ubicado en Colombia en el departamento del VICHADA y donde los venerables maestros JHA KELUM ZEUS INDUZEUS Y SAMAEL JOAB BHATOR WHEOR, ubicaron el punto geogr\u00e1fico espiritual de la tercera iglesia, o v\u00f3rtice de las emosiones.<\/li>\n<\/ol>\n<p style=\"text-align: justify;\">El ataque de la bestia fue dirigido, para acabar con las ilusiones buenas de los hombres, creando terror dolor y muerte en la humanidad, gravando una visi\u00f3n mentirosa de que el mundo no puede cambiar y mandando siniestramente par\u00e1sitos intestinales a invadir con armas de fuego el SHAKRA SOLAR intimidando a los seres que cuidan y custodian este lugar, prop\u00f3sito que desde ya es frustrado por el poder del gran ARKANGEL MIGUEL y que no prevaleci\u00f3 ni prevalecer\u00e1 como siniestro prop\u00f3sito.<\/p>\n<p style=\"text-align: justify;\">Los que leen esta pagina los invitamos a DESPERTAR para que conozcan las amenazas mundiales que la bestia utiliza de una forma coordinada buscando el mal MUNDIAL y de los seres humanos.<\/p>\n<p style=\"text-align: justify;\">No nos demos por vencidos que la victoria viene sobre la BESTIA y la humanidad ser\u00e1 liberada por las fuerzas celestiales, solo debemos estar prestos a las palabras de ELOHIM, que viajando de cosmos superiores y de galaxias impensadas por los hombres llegaron a darnos libertad.<\/p>\n<p style=\"text-align: justify;\">ES EL MOMENTO DE HASER DE LA SILLA DE SATAN, LLAMADO COLON donde el se sienta en los peores seres humanos, hacer de ese lugar un lugar limpio para que nuestra sangre se limpie y as\u00ed por nuestro cuerpo viajen las mejores vibraciones y vibraciones, que den a nuestra cabeza los mejores pensamientos y sentimientos.<\/p>\n<h3 style=\"text-align: center;\"><span style=\"color: #ff0000;\">Estaremos tocando nuevamente el tema del SHAKRA SOLAR MAS ADELANTE Y OTROS TEMAS DE MUCHO INTERES ASI QUE ESTEN ATENTOS Y LES ESPERAMOS CON SUS OPINIONES EN LA PAGINA\u2026 VENDITOS SEAN\u2026<img loading=\"lazy\" decoding=\"async\" class=\"alignnone  wp-image-28398\" src=\"https:\/\/www.joventaoista.org\/wp-content\/uploads\/2014\/09\/vandera-tao.gif\" alt=\"vandera tao\" width=\"494\" height=\"249\" srcset=\"https:\/\/www.joventaoista.org\/wp-content\/uploads\/2014\/09\/vandera-tao.gif 1218w, https:\/\/www.joventaoista.org\/wp-content\/uploads\/2014\/09\/vandera-tao-600x302.gif 600w\" sizes=\"(max-width: 494px) 100vw, 494px\" \/><\/span><\/h3>\n<p>&nbsp;<\/p>\n<p style=\"text-align: justify;\">\n","protected":false},"excerpt":{"rendered":"<p>EL ATENTADO TERRORISTA EN NIZA FRANCIA EL INTENTON GOLPISTA EN TURQUIA LOS DESORDENES EN ESTADOS UNIDOS EN COLOMBIA , TIENE ALGO EN COMUN CON LOS DESEOS MALSANOS DE APODERARSE DEL CHAKRA SOLAR DE LA ESFERA? SEGUNDA PORSEL TURQUIA Y EL GOLPE DE ESTADO Turqu\u00eda, paso este pa\u00eds por un momento de desestabilizaci\u00f3n donde se manejaron [&hellip;]<\/p>\n","protected":false},"author":6,"featured_media":34481,"comment_status":"open","ping_status":"open","sticky":false,"template":"","format":"standard","meta":{"_et_pb_use_builder":"","_et_pb_old_content":"","_et_gb_content_width":"","footnotes":""},"categories":[458,3070],"tags":[3065,3133],"class_list":["post-34497","post","type-post","status-publish","format-standard","has-post-thumbnail","hentry","category-konferensias-eo","category-legido-del-konosisierto-1-temporada","tag-conspiracion","tag-guerras-armagedon"],"_links":{"self":[{"href":"https:\/\/www.joventaoista.org\/eo\/wp-json\/wp\/v2\/posts\/34497","targetHints":{"allow":["GET"]}}],"collection":[{"href":"https:\/\/www.joventaoista.org\/eo\/wp-json\/wp\/v2\/posts"}],"about":[{"href":"https:\/\/www.joventaoista.org\/eo\/wp-json\/wp\/v2\/types\/post"}],"author":[{"embeddable":true,"href":"https:\/\/www.joventaoista.org\/eo\/wp-json\/wp\/v2\/users\/6"}],"replies":[{"embeddable":true,"href":"https:\/\/www.joventaoista.org\/eo\/wp-json\/wp\/v2\/comments?post=34497"}],"version-history":[{"count":1,"href":"https:\/\/www.joventaoista.org\/eo\/wp-json\/wp\/v2\/posts\/34497\/revisions"}],"predecessor-version":[{"id":34498,"href":"https:\/\/www.joventaoista.org\/eo\/wp-json\/wp\/v2\/posts\/34497\/revisions\/34498"}],"wp:featuredmedia":[{"embeddable":true,"href":"https:\/\/www.joventaoista.org\/eo\/wp-json\/wp\/v2\/media\/34481"}],"wp:attachment":[{"href":"https:\/\/www.joventaoista.org\/eo\/wp-json\/wp\/v2\/media?parent=34497"}],"wp:term":[{"taxonomy":"category","embeddable":true,"href":"https:\/\/www.joventaoista.org\/eo\/wp-json\/wp\/v2\/categories?post=34497"},{"taxonomy":"post_tag","embeddable":true,"href":"https:\/\/www.joventaoista.org\/eo\/wp-json\/wp\/v2\/tags?post=34497"}],"curies":[{"name":"wp","href":"https:\/\/api.w.org\/{rel}","templated":true}]}}