{"id":35158,"date":"2016-11-09T01:01:22","date_gmt":"2016-11-09T01:01:22","guid":{"rendered":"https:\/\/www.joventaoista.org\/eo\/?p=35158"},"modified":"2016-11-09T01:06:37","modified_gmt":"2016-11-09T01:06:37","slug":"sociedades-secretas-y-los-hilos-del-poder-oculto","status":"publish","type":"post","link":"https:\/\/www.joventaoista.org\/eo\/sociedades-secretas-y-los-hilos-del-poder-oculto\/","title":{"rendered":"Sociedades secretas y los Hilos del poder oculto."},"content":{"rendered":"<h3 style=\"text-align: center;\"><span style=\"color: #ff0000;\">Sociedades secretas y los Hilos del poder oculto.<\/span><\/h3>\n<p style=\"text-align: justify;\">Sociedades Secretas que se mueven Sigilosamente, gobiernan nuestro mundo. No existe un Gobierno Soberano. Hay una o varias Corporaciones o Transnacionales que hoy d\u00eda son los que establecen las pol\u00edticas de Gobierno de Cada Pa\u00eds. Todo lo que conocemos a nuestro alrededor tan solo es la punta del Iceberg.<\/p>\n<p style=\"text-align: justify;\"><img loading=\"lazy\" decoding=\"async\" class=\"size-full wp-image-35078 aligncenter\" src=\"https:\/\/www.joventaoista.org\/wp-content\/uploads\/2016\/11\/Captura-de-pantalla-2016-11-08-a-las-6.23.59-p.m..png\" alt=\"captura-de-pantalla-2016-11-08-a-las-6-23-59-p-m\" width=\"407\" height=\"235\" srcset=\"https:\/\/www.joventaoista.org\/wp-content\/uploads\/2016\/11\/Captura-de-pantalla-2016-11-08-a-las-6.23.59-p.m..png 407w, https:\/\/www.joventaoista.org\/wp-content\/uploads\/2016\/11\/Captura-de-pantalla-2016-11-08-a-las-6.23.59-p.m.-300x173.png 300w\" sizes=\"(max-width: 407px) 100vw, 407px\" \/><\/p>\n<h3 style=\"text-align: center;\"><span style=\"color: #ff0000;\">EL PRIORATO DE SION O LA ORDEN DE LOS SABIOS DE SION GODOFREDO DE BOUILL\u00d3N\u2026 <\/span><\/h3>\n<p style=\"text-align: justify;\"><img loading=\"lazy\" decoding=\"async\" class=\"size-full wp-image-35084 aligncenter\" src=\"https:\/\/www.joventaoista.org\/wp-content\/uploads\/2016\/11\/Captura-de-pantalla-2016-11-08-a-las-6.24.11-p.m..png\" alt=\"captura-de-pantalla-2016-11-08-a-las-6-24-11-p-m\" width=\"423\" height=\"211\" srcset=\"https:\/\/www.joventaoista.org\/wp-content\/uploads\/2016\/11\/Captura-de-pantalla-2016-11-08-a-las-6.24.11-p.m..png 423w, https:\/\/www.joventaoista.org\/wp-content\/uploads\/2016\/11\/Captura-de-pantalla-2016-11-08-a-las-6.24.11-p.m.-300x150.png 300w, https:\/\/www.joventaoista.org\/wp-content\/uploads\/2016\/11\/Captura-de-pantalla-2016-11-08-a-las-6.24.11-p.m.-319x160.png 319w\" sizes=\"(max-width: 423px) 100vw, 423px\" \/><\/p>\n<p style=\"text-align: justify;\">Pierre Plantard el 20 de julio de 1956\u2026. Sociedad Secreta cuya misi\u00f3n importante era custodiar el Santo Grial\u2026.<\/p>\n<h3 style=\"text-align: center;\"><span style=\"color: #ff0000;\">SOCIEDAD SECRETA CALAVERAS Y HUESOS SKULL AND BONES<\/span><\/h3>\n<p style=\"text-align: justify;\"><img loading=\"lazy\" decoding=\"async\" class=\"size-full wp-image-35090 aligncenter\" src=\"https:\/\/www.joventaoista.org\/wp-content\/uploads\/2016\/11\/Captura-de-pantalla-2016-11-08-a-las-6.24.33-p.m..png\" alt=\"captura-de-pantalla-2016-11-08-a-las-6-24-33-p-m\" width=\"419\" height=\"161\" srcset=\"https:\/\/www.joventaoista.org\/wp-content\/uploads\/2016\/11\/Captura-de-pantalla-2016-11-08-a-las-6.24.33-p.m..png 419w, https:\/\/www.joventaoista.org\/wp-content\/uploads\/2016\/11\/Captura-de-pantalla-2016-11-08-a-las-6.24.33-p.m.-300x115.png 300w\" sizes=\"(max-width: 419px) 100vw, 419px\" \/><\/p>\n<p style=\"text-align: justify;\">Skull and Bones es una sociedad secreta con sede en la Universidad Yale, en New Haven, Connecticut, fundada por dos miembros de la hermandad Phi Beta Kappa, William Huntington Russell y Alphonso Taft, en 1832\u2026<\/p>\n<p style=\"text-align: justify;\"><img loading=\"lazy\" decoding=\"async\" class=\"size-full wp-image-35096 aligncenter\" src=\"https:\/\/www.joventaoista.org\/wp-content\/uploads\/2016\/11\/Captura-de-pantalla-2016-11-08-a-las-6.24.50-p.m..png\" alt=\"captura-de-pantalla-2016-11-08-a-las-6-24-50-p-m\" width=\"329\" height=\"201\" srcset=\"https:\/\/www.joventaoista.org\/wp-content\/uploads\/2016\/11\/Captura-de-pantalla-2016-11-08-a-las-6.24.50-p.m..png 329w, https:\/\/www.joventaoista.org\/wp-content\/uploads\/2016\/11\/Captura-de-pantalla-2016-11-08-a-las-6.24.50-p.m.-300x183.png 300w\" sizes=\"(max-width: 329px) 100vw, 329px\" \/><\/p>\n<p style=\"text-align: justify;\">De esta organizaci\u00f3n han salido varios l\u00edderes pol\u00edticos estadunidenses, entre ellos William Howard Taft, George Bush y George H. W. Bush; adem\u00e1s de algunos otros prominentes empresarios. Esta sociedad secreta es una de las organizaciones que a trav\u00e9s del tiempo<\/p>\n<p align=\"center\"><iframe loading=\"lazy\" src=\"https:\/\/www.youtube.com\/embed\/jd9ZaQqTvoM\" width=\"560\" height=\"315\" frameborder=\"0\" allowfullscreen=\"allowfullscreen\" data-mce-fragment=\"1\"><\/iframe><\/p>\n<h3 style=\"text-align: center;\"><span style=\"color: #ff0000;\">LA ORDEN ROSACRUZ<\/span><\/h3>\n<p><img loading=\"lazy\" decoding=\"async\" class=\"size-full wp-image-35102 aligncenter\" src=\"https:\/\/www.joventaoista.org\/wp-content\/uploads\/2016\/11\/Captura-de-pantalla-2016-11-08-a-las-6.25.55-p.m..png\" alt=\"captura-de-pantalla-2016-11-08-a-las-6-25-55-p-m\" width=\"258\" height=\"258\" srcset=\"https:\/\/www.joventaoista.org\/wp-content\/uploads\/2016\/11\/Captura-de-pantalla-2016-11-08-a-las-6.25.55-p.m..png 258w, https:\/\/www.joventaoista.org\/wp-content\/uploads\/2016\/11\/Captura-de-pantalla-2016-11-08-a-las-6.25.55-p.m.-100x100.png 100w, https:\/\/www.joventaoista.org\/wp-content\/uploads\/2016\/11\/Captura-de-pantalla-2016-11-08-a-las-6.25.55-p.m.-150x150.png 150w, https:\/\/www.joventaoista.org\/wp-content\/uploads\/2016\/11\/Captura-de-pantalla-2016-11-08-a-las-6.25.55-p.m.-160x160.png 160w, https:\/\/www.joventaoista.org\/wp-content\/uploads\/2016\/11\/Captura-de-pantalla-2016-11-08-a-las-6.25.55-p.m.-240x240.png 240w, https:\/\/www.joventaoista.org\/wp-content\/uploads\/2016\/11\/Captura-de-pantalla-2016-11-08-a-las-6.25.55-p.m.-60x60.png 60w, https:\/\/www.joventaoista.org\/wp-content\/uploads\/2016\/11\/Captura-de-pantalla-2016-11-08-a-las-6.25.55-p.m.-184x184.png 184w\" sizes=\"(max-width: 258px) 100vw, 258px\" \/><\/p>\n<p style=\"text-align: justify;\">Seg\u00fan lo relatado en la Fama, la Orden Rosacruz tendr\u00eda sus or\u00edgenes en Christian Rosenkreuz, personaje legendario nacido en 1378 en Alemania. A partir de 1393 este m\u00edstico alem\u00e1n iniciar\u00eda un periplo inici\u00e1tico que le llevar\u00eda a visitar varios pa\u00edses lejanos como Damcar, Palestina, Tierra Santa, Egipto y Marruecos entre otros, donde estudi\u00f3 durante a\u00f1os con maestros de las ciencias ocultas\u2026<\/p>\n<p style=\"text-align: justify;\"><img loading=\"lazy\" decoding=\"async\" class=\"size-full wp-image-35108 alignleft\" src=\"https:\/\/www.joventaoista.org\/wp-content\/uploads\/2016\/11\/Captura-de-pantalla-2016-11-08-a-las-6.26.12-p.m..png\" alt=\"captura-de-pantalla-2016-11-08-a-las-6-26-12-p-m\" width=\"126\" height=\"151\" \/>Orden Kabal\u00edstica de la Rosa Cruz.. Fundada en 1888 por el marqu\u00e9s Stanislas de Gua\u00efta. Orden de la Rosa-Cruz del Templo y del Grial. La Fraternidad Rosacruz fue fundada en 1909 en EE.UU por Karl Ludwig Von Grasshoff, m\u00e1s conocido por el seud\u00f3nimo de Max Heindel.. La Fraternidad Rosacruz\u2026. La Antigua y M\u00edstica Orden de la Rosa-Cruz\u2026Fundada en 1915 en Nueva York (EE.UU.) por Harvey Spencer Lewis, es probablemente una de las organizaciones rosacruces modernas m\u00e1s importantes del mundo.<\/p>\n<p style=\"text-align: center;\"><span style=\"color: #ff0000;\">LA MASONERIA Y LA FRANCMASONERIA<\/span><\/p>\n<p style=\"text-align: center;\"><img loading=\"lazy\" decoding=\"async\" class=\"alignnone size-full wp-image-35126\" src=\"https:\/\/www.joventaoista.org\/wp-content\/uploads\/2016\/11\/Captura-de-pantalla-2016-11-08-a-las-6.50.49-p.m..png\" alt=\"captura-de-pantalla-2016-11-08-a-las-6-50-49-p-m\" width=\"298\" height=\"264\" \/><\/p>\n<p style=\"text-align: justify;\">Una de las leyendas m\u00e1s importantes de la francmasoner\u00eda atribuye a Hiram Abif, m\u00edtico arquitecto del Templo de Salom\u00f3n en Jerusal\u00e9n, el origen m\u00edtico de la orden mas\u00f3nica. Algunos textos retrotraen el origen de la masoner\u00eda a \u00e9pocas de a\u00fan mayor antig\u00fcedad, y llegan a considerar como fundadores a distintas figuras b\u00edblicas, como Tubalca\u00edn,Mois\u00e9s, No\u00e9 o el mism\u00edsimo Ad\u00e1n. El Gran Arquitecto del Universo, expresado habitualmente con el acr\u00f3nimo GADU, es un s\u00edmbolo tradicional en masoner\u00eda cuyo contenido, interpretaci\u00f3n y relevancia var\u00edan seg\u00fan la corriente mas\u00f3nica de que se trate\u2026.<\/p>\n<h3 style=\"text-align: center;\"><span style=\"color: #ff0000;\">LOS ILUMINATI DE BAVIERA<\/span><\/h3>\n<p><img loading=\"lazy\" decoding=\"async\" class=\"size-full wp-image-35132 aligncenter\" src=\"https:\/\/www.joventaoista.org\/wp-content\/uploads\/2016\/11\/Captura-de-pantalla-2016-11-08-a-las-6.51.03-p.m..png\" alt=\"captura-de-pantalla-2016-11-08-a-las-6-51-03-p-m\" width=\"308\" height=\"237\" srcset=\"https:\/\/www.joventaoista.org\/wp-content\/uploads\/2016\/11\/Captura-de-pantalla-2016-11-08-a-las-6.51.03-p.m..png 308w, https:\/\/www.joventaoista.org\/wp-content\/uploads\/2016\/11\/Captura-de-pantalla-2016-11-08-a-las-6.51.03-p.m.-300x231.png 300w\" sizes=\"(max-width: 308px) 100vw, 308px\" \/><\/p>\n<p style=\"text-align: justify;\">El profesor de derecho eclesi\u00e1stico y filosof\u00eda pr\u00e1ctica de la universidad de Ingolstadt, Baviera, Adam Weishaupt(1748-1830), fund\u00f3 el 1 de mayo de 1776, con dos alumnos suyos, la \u00abAsociaci\u00f3n de los perfectibilistas\u00bb (&#8220;Bund der Perfektibilisten&#8221;, en el original alem\u00e1n, formado por &#8220;Bund&#8221;, asociaci\u00f3n, y un derivado del lat\u00edn perfectibilis, &#8216;perfeccionable&#8217;). Como s\u00edmbolo de la organizaci\u00f3n eligi\u00f3 el mochuelo de Atenea, la diosa griega de la sabidur\u00eda. De trasfondo se encontraba el clima intelectual universitario, pr\u00e1cticamente dominado por los jesuitas, orden disuelta tres a\u00f1os antes.<\/p>\n<p style=\"text-align: justify;\"><img loading=\"lazy\" decoding=\"async\" class=\"size-full wp-image-35138 alignleft\" src=\"https:\/\/www.joventaoista.org\/wp-content\/uploads\/2016\/11\/Captura-de-pantalla-2016-11-08-a-las-6.51.29-p.m..png\" alt=\"captura-de-pantalla-2016-11-08-a-las-6-51-29-p-m\" width=\"301\" height=\"185\" srcset=\"https:\/\/www.joventaoista.org\/wp-content\/uploads\/2016\/11\/Captura-de-pantalla-2016-11-08-a-las-6.51.29-p.m..png 301w, https:\/\/www.joventaoista.org\/wp-content\/uploads\/2016\/11\/Captura-de-pantalla-2016-11-08-a-las-6.51.29-p.m.-300x184.png 300w\" sizes=\"(max-width: 301px) 100vw, 301px\" \/> ALIANZA CON LOS SABOTEOS: EN ESE MISMO A\u00d1O CR\u00cdTICO DE 1785, LOS ILLUMINATI, SUPUESTAMENTE DESDE LA CLANDESTINIDAD, TUVIERON UNA REUNI\u00d3N CON LOS SABOTEOS, CREANDO UNA ALIANZA QUE DEMOSTRAR\u00cdA TENER UNA INFLUENCIA DECISIVA EN LA POL\u00cdTICA MUNDIAL DESDE ENTONCES HASTA LA ACTUALIDAD. PERO \u00bfQUI\u00c9NES ERAN LOS SABOTEOS? ESTE MOVIMIENTO FUE FUNDADO A RA\u00cdZ DE LAS ENSE\u00d1ANZAS DEL M\u00cdSTICO Y MES\u00cdAS JUD\u00cdO, SHABBATAI ZEVI (1626-1676), NACIDO EN LA CIUDAD TURCA DE IZMIR (O ESMIRNA).<\/p>\n<h3 style=\"text-align: center;\"><span style=\"color: #ff0000;\">LOS JESUITAS O YEUZITAS Y EL PAPA NEGRO<\/span><\/h3>\n<p style=\"text-align: justify;\">La Compa\u00f1\u00eda de Jes\u00fas (Societas Jesu, S. J.), cuyos miembros son com\u00fanmente conocidos como jesuitas, es una orden religiosa de la Iglesia cat\u00f3lica fundada en 1534 por Ignacio de Loyola, junto con Francisco Javier, Pedro Fabro, Diego La\u00ednez, Alfonso Salmer\u00f3n, Nicol\u00e1s de Bobadilla, Sim\u00e3o Rodrigues, Juan Coduri, Pascasio Bro\u00ebt y Claudio Jayo en la ciudad de Roma, siendo aprobada por el papa Paulo III en 1540..<\/p>\n<p style=\"text-align: justify;\"><img loading=\"lazy\" decoding=\"async\" class=\"size-full wp-image-35144 alignleft\" src=\"https:\/\/www.joventaoista.org\/wp-content\/uploads\/2016\/11\/Captura-de-pantalla-2016-11-08-a-las-6.51.55-p.m..png\" alt=\"captura-de-pantalla-2016-11-08-a-las-6-51-55-p-m\" width=\"207\" height=\"174\" \/>El Obispo anterior Gerard Bouffard de Guatemala dijo que el Vaticano es \u201cel verdadero controlador espiritual\u201d de los Illuminati y del nuevo orden mundial, mientras los Jesuitas, a trav\u00e9s del Papa Negro, el Jesuita General Fr. Peter Hans Kolvenbach, controlan realmente la jerarqu\u00eda vaticana y la Iglesia Cat\u00f3lica Romana. \u201cS\u00ed, el hombre conocido como el Papa Negro controla todas las decisiones importantes tomadas por el Papa y \u00e9l a su vez controla a los Illuminati,\u201d dijo el Obispo Bouffard la semana pasada en el programa de radio de Greg Szymanski, \u201cEl Diario Investigador\u201d, en www.gcnlive.com donde se pueden o\u00edr en su totalidad archivos de declaraciones alarmantes\u2026.<\/p>\n<p style=\"text-align: justify;\"><img loading=\"lazy\" decoding=\"async\" class=\"size-full wp-image-35150 aligncenter\" src=\"https:\/\/www.joventaoista.org\/wp-content\/uploads\/2016\/11\/Captura-de-pantalla-2016-11-08-a-las-6.52.04-p.m..png\" alt=\"captura-de-pantalla-2016-11-08-a-las-6-52-04-p-m\" width=\"175\" height=\"155\" \/><\/p>\n","protected":false},"excerpt":{"rendered":"<p>Sociedades secretas y los Hilos del poder oculto. Sociedades Secretas que se mueven Sigilosamente, gobiernan nuestro mundo. No existe un Gobierno Soberano. Hay una o varias Corporaciones o Transnacionales que hoy d\u00eda son los que establecen las pol\u00edticas de Gobierno de Cada Pa\u00eds. Todo lo que conocemos a nuestro alrededor tan solo es la punta [&hellip;]<\/p>\n","protected":false},"author":6,"featured_media":35057,"comment_status":"open","ping_status":"open","sticky":false,"template":"","format":"standard","meta":{"_et_pb_use_builder":"","_et_pb_old_content":"","_et_gb_content_width":"","footnotes":""},"categories":[133,106,3079,3076],"tags":[3178,3179,3180,3177],"class_list":["post-35158","post","type-post","status-publish","format-standard","has-post-thumbnail","hentry","category-destakados","category-konspiracion-eo","category-legido-del-conocimiento-7-temporada-2","category-legido-del-konosisierto-7-temporada","tag-el-priorato-de-sion","tag-la-orden-rosacruz","tag-los-iluminati-de-baviera","tag-skull-and-bones"],"_links":{"self":[{"href":"https:\/\/www.joventaoista.org\/eo\/wp-json\/wp\/v2\/posts\/35158","targetHints":{"allow":["GET"]}}],"collection":[{"href":"https:\/\/www.joventaoista.org\/eo\/wp-json\/wp\/v2\/posts"}],"about":[{"href":"https:\/\/www.joventaoista.org\/eo\/wp-json\/wp\/v2\/types\/post"}],"author":[{"embeddable":true,"href":"https:\/\/www.joventaoista.org\/eo\/wp-json\/wp\/v2\/users\/6"}],"replies":[{"embeddable":true,"href":"https:\/\/www.joventaoista.org\/eo\/wp-json\/wp\/v2\/comments?post=35158"}],"version-history":[{"count":1,"href":"https:\/\/www.joventaoista.org\/eo\/wp-json\/wp\/v2\/posts\/35158\/revisions"}],"predecessor-version":[{"id":35159,"href":"https:\/\/www.joventaoista.org\/eo\/wp-json\/wp\/v2\/posts\/35158\/revisions\/35159"}],"wp:featuredmedia":[{"embeddable":true,"href":"https:\/\/www.joventaoista.org\/eo\/wp-json\/wp\/v2\/media\/35057"}],"wp:attachment":[{"href":"https:\/\/www.joventaoista.org\/eo\/wp-json\/wp\/v2\/media?parent=35158"}],"wp:term":[{"taxonomy":"category","embeddable":true,"href":"https:\/\/www.joventaoista.org\/eo\/wp-json\/wp\/v2\/categories?post=35158"},{"taxonomy":"post_tag","embeddable":true,"href":"https:\/\/www.joventaoista.org\/eo\/wp-json\/wp\/v2\/tags?post=35158"}],"curies":[{"name":"wp","href":"https:\/\/api.w.org\/{rel}","templated":true}]}}