{"id":35343,"date":"2016-11-21T22:38:06","date_gmt":"2016-11-21T22:38:06","guid":{"rendered":"https:\/\/www.joventaoista.org\/eo\/?p=35343"},"modified":"2016-11-27T13:17:18","modified_gmt":"2016-11-27T13:17:18","slug":"planton-2016-dia-del-eksiliad-taoista","status":"publish","type":"post","link":"https:\/\/www.joventaoista.org\/eo\/planton-2016-dia-del-eksiliad-taoista\/","title":{"rendered":"Plant\u00f3n 2016,  d\u00eda del Eksiliad@ Tao\u00edsta."},"content":{"rendered":"<h1 style=\"text-align: justify;\"><span style=\"color: #008000;\">Prohibido olvidar\u2026<\/span><\/h1>\n<p style=\"text-align: justify;\"><span style=\"color: #008000;\"><img loading=\"lazy\" decoding=\"async\" class=\"wp-image-35291 alignright\" src=\"https:\/\/www.joventaoista.org\/wp-content\/uploads\/2016\/11\/samas-2-1024x1024.jpg\" alt=\"samas-2\" width=\"227\" height=\"227\" srcset=\"https:\/\/www.joventaoista.org\/wp-content\/uploads\/2016\/11\/samas-2-1024x1024.jpg 1024w, https:\/\/www.joventaoista.org\/wp-content\/uploads\/2016\/11\/samas-2-300x300.jpg 300w, https:\/\/www.joventaoista.org\/wp-content\/uploads\/2016\/11\/samas-2-100x100.jpg 100w, https:\/\/www.joventaoista.org\/wp-content\/uploads\/2016\/11\/samas-2-600x600.jpg 600w, https:\/\/www.joventaoista.org\/wp-content\/uploads\/2016\/11\/samas-2-150x150.jpg 150w, https:\/\/www.joventaoista.org\/wp-content\/uploads\/2016\/11\/samas-2-768x768.jpg 768w, https:\/\/www.joventaoista.org\/wp-content\/uploads\/2016\/11\/samas-2-160x160.jpg 160w, https:\/\/www.joventaoista.org\/wp-content\/uploads\/2016\/11\/samas-2-240x240.jpg 240w, https:\/\/www.joventaoista.org\/wp-content\/uploads\/2016\/11\/samas-2-60x60.jpg 60w, https:\/\/www.joventaoista.org\/wp-content\/uploads\/2016\/11\/samas-2-184x184.jpg 184w\" sizes=\"(max-width: 227px) 100vw, 227px\" \/>Ke desde el exilio seguimos siendo Monjes ya a eskasos d\u00edas de kumplir 12 a\u00f1os en el eksilio, a\u00f1os konformados por d\u00edas en los ke no pokas veces se rekuerda, se anhela y se sue\u00f1a kon el regreso, pero ante la cruda realidad de ke no se save kuando ser\u00e1 ese regreso, ni sikiera si ese regreso ser\u00e1 posivle se hace un nudo en la garganta ke por lo general solo se disuelve kon el llanto y kon una vevida ke el Veneravle Maestro Kelium Zeus dec\u00eda en alguna oportuvidad: ke es el kosisierto de una resina ke el mundo llama resinasion\u2026 resignaci\u00f3n y ke el puevlo de DIOS llama resinasel y ke otros konosen komo resignasel, esa vevida en el eksilio es indispensable, es kasi komo el oxigeno del eksiliado o la eksiliada. Komo les dec\u00eda en alguna oportuvidad el eksiliado es un desterrado, un despatriado; uno de los peores cr\u00edmenes de estado es el eksilio, el destierro, la despatriacion. Los gobiernos de la tierra en la aktualidad consideran komo el m\u00e1s grave de todos los castigos la pena capital, le sigue en segundo lugar la prisi\u00f3n perpetua, antes existia el destierro, pero lo consideraron como un acto atroz y lo suspendieron por considerarlo peor ke la pena de muerte, pero en el pasar de la historia no ha existido en las diversas etapas de la misma el surgisierto del Puevlo de DIOS sin ke la bestia utilizando los estados de la tierra haya lanzado al eksilio a los precursores de la Doktrina en kada tiempo de la historia, de la humanidad por lo general muchos fueron asesinados, quemados, desmembrados, y sus ap\u00f3stoles y disc\u00edpulos lanzados al eksilio y a\u00fan en el eksilio krusifikados, fritados, asados, y en su gran mayor\u00eda desterrados, pero a\u00fan desde ese destierro con un esp\u00edritu indoblegable, kon un esp\u00edritu m\u00e1s fuerte ke el mismo acero ke nisikiera la misma muerte los hiso desistir de su lucha a\u00fan en medio de todo eso dejaron las base pad\u00e1 la kontinuasel de la Ovra ke sus Maestros les altargaron\u2026<\/span><\/p>\n<p style=\"text-align: justify;\"><img loading=\"lazy\" decoding=\"async\" class=\"wp-image-35321 aligncenter\" src=\"https:\/\/www.joventaoista.org\/wp-content\/uploads\/2016\/11\/Di\u0301a-INternacional-del-Exiliado-Taoi\u0301sta.jpg\" alt=\"dia-internacional-del-exiliado-taoista\" width=\"436\" height=\"306\" srcset=\"https:\/\/www.joventaoista.org\/wp-content\/uploads\/2016\/11\/Di\u0301a-INternacional-del-Exiliado-Taoi\u0301sta.jpg 960w, https:\/\/www.joventaoista.org\/wp-content\/uploads\/2016\/11\/Di\u0301a-INternacional-del-Exiliado-Taoi\u0301sta-600x421.jpg 600w, https:\/\/www.joventaoista.org\/wp-content\/uploads\/2016\/11\/Di\u0301a-INternacional-del-Exiliado-Taoi\u0301sta-300x211.jpg 300w, https:\/\/www.joventaoista.org\/wp-content\/uploads\/2016\/11\/Di\u0301a-INternacional-del-Exiliado-Taoi\u0301sta-768x539.jpg 768w\" sizes=\"(max-width: 436px) 100vw, 436px\" \/><\/p>\n<p style=\"text-align: justify;\"><span style=\"color: #008000;\">Hoy el 25 de noviembre se levanta la voz del Puevlo Tao Jud\u00edo de Verdad komo la voz de la konsiensia de un PROHIVIDO OLVIDAR, pues k\u00f3mo olvidar a nuestros Maestros?, K\u00f3mo caer en la terrible desgracia de la ingratitud? Ki\u00e9n podr\u00e1 borrar de nuestras vidas la huella indeleble de sus ense\u00f1anzas? K\u00f3mo dejar en el silensio el dolor de nuestros hermagdus en el eksilio?&#8230; akellos ap\u00f3stoles que fueron son y ser\u00e1n pilares de la Gran Ovra de DIOS; que hoy despu\u00e9s de 12 a\u00f1os en alg\u00fan lugar de la esfera, algunos con sus cabezas blancas por el paso del tiempo y el sufrimiento, las huellas del llanto en vetas en sus rostros, ke dibujan los anelos inalcansados de tornar a pisar su patria , de abrevar de las aguas amvar <img loading=\"lazy\" decoding=\"async\" class=\"wp-image-35334 alignleft\" src=\"https:\/\/www.joventaoista.org\/wp-content\/uploads\/2016\/11\/invasion-al-templo-sakroakuarius.jpg\" alt=\"invasion-al-templo-sakroakuarius\" width=\"331\" height=\"177\" srcset=\"https:\/\/www.joventaoista.org\/wp-content\/uploads\/2016\/11\/invasion-al-templo-sakroakuarius.jpg 646w, https:\/\/www.joventaoista.org\/wp-content\/uploads\/2016\/11\/invasion-al-templo-sakroakuarius-600x320.jpg 600w, https:\/\/www.joventaoista.org\/wp-content\/uploads\/2016\/11\/invasion-al-templo-sakroakuarius-300x160.jpg 300w\" sizes=\"(max-width: 331px) 100vw, 331px\" \/>ke trinan por el sakro Monte de DIOS el Gran Templo Vegetal Sakroakuarius del que salieron hase 12 heliokrones entre estallidos, disparos, llanto y la sosovra de kuidar de los nuestros y la mas angustiosa de todas las kosas la incertidumbre de kuando volver a ver sus rostros reflejados en la selika lus de los ojos de los Veneravles Maestros\u2026 este dolor y el de todos los que fueron marginados en la ignominia del gobierno Colombiano en aquel nefasto d\u00eda de la inbaci\u00f3n al Templo Vegetal Sakroakuarius y la sistematica persecusion genocida a nuestra comunidad, EL PLANTON 25 de nombiemvre Todos los delegados patriarkales, pastores de mutantes y lideres de fuentes se organicen para diligensiar los permisos gubernamentales pada ke a el unisono nos enkontremos este 25 de nomviemvre del 2016 reunidos de 3 a 5 de la tarde en las plazas principales, o frente a las envajadas donde se konsideren que es mas representativo. En un akto totalmente pasifiko en el kual deseamos levantar nuestras voses en una sola fuerza por 12 a\u00f1os de impunidad, por nustros hermagdus relegados a un exilio y kuantos de ellos ya hoy desaparecidos\u2026 una sola voz en honor a nuestros amados Maestres JAH KELIUM ZEUS INDUZEUS\u00a0Veneravle Madre AFRODITA\u00a0y el Veneravle Maestre SAMAEL JOAV BATHOR WEHOR\u2026. si fueramos kapases de unirnos que hermoso y que serkano seria el futuro&#8230;<\/span><\/p>\n<p>&nbsp;<\/p>\n<p style=\"text-align: justify;\"><span style=\"color: #008000;\">La pas depende de los hechos de justisia kon ke se ovre en la vida diaria.<iframe loading=\"lazy\" src=\"https:\/\/co.ivoox.com\/es\/player_ej_13868708_2_1.html?data=kpilmJ2bdJmhhpywj5aVaZS1k5yah5yncZOhhpywj5WRaZi3jpWah5yncbHgwtPhh6iXaaOnz5CfkpaaaZO3jMmSpZiJhaXVjMnSzpCpr9Tdzc7OxoqYdIzIwtSSpZiJhaXn1cabj4qbh47gxtvO0NnFt8rZ09ncja_ZusbiytGYtsbTcYarpJKh&amp;\" width=\"100%\" height=\"200\" frameborder=\"0\" scrolling=\"no\" allowfullscreen=\"allowfullscreen\"><\/iframe><\/span><\/p>\n<p style=\"text-align: justify;\"><span style=\"color: #0000ff;\">Espa\u00f1a Plaza te Teutan n\u00famero 8 en Valencia Consulado de Colombia al medio d\u00eda hora de Espa\u00f1a.<\/span><\/p>\n<p style=\"text-align: justify;\"><span style=\"color: #0000ff;\">Guatemaya de 3 a 5 pm frente al consulado de Colombia, Ecuador frente a la embajada de Colombia Avenida 12 de octubre n\u00famero 24 -52 84 y Luis Cordero de 3 a 6.<\/span><\/p>\n<p style=\"text-align: justify;\"><span style=\"color: #0000ff;\">Ecuador frente a la embajada de Colombia Avenida 12 de octubre n\u00famero 24 -52 84 y Luis Cordero de 3 a 6<\/span><\/p>\n<p style=\"text-align: justify;\"><span style=\"color: #0000ff;\">Bucaramanga calle 37 # 10 36 al frente de la gobernaci\u00f3n\u00a0\u00a0\u00a0\u00a0\u00a0\u00a0\u00a0\u00a0\u00a0\u00a0\u00a0\u00a0\u00a0\u00a0\u00a0\u00a0\u00a0\u00a0\u00a0\u00a0\u00a0\u00a0<\/span><\/p>\n<p style=\"text-align: justify;\"><span style=\"color: #0000ff;\">Santa Marta carrera 1 # 16 15 Palacio Tayrona\u00a0\u00a0\u00a0\u00a0\u00a0\u00a0\u00a0\u00a0\u00a0\u00a0\u00a0\u00a0\u00a0\u00a0\u00a0\u00a0\u00a0\u00a0\u00a0\u00a0\u00a0\u00a0<\/span><\/p>\n<p style=\"text-align: justify;\"><span style=\"color: #0000ff;\">Medell\u00edn parque de Las luces, Alpujarra\u00a0\u00a0\u00a0\u00a0\u00a0\u00a0\u00a0\u00a0\u00a0\u00a0\u00a0\u00a0\u00a0\u00a0\u00a0\u00a0\u00a0\u00a0\u00a0\u00a0\u00a0\u00a0<\/span><\/p>\n<p style=\"text-align: justify;\"><span style=\"color: #0000ff;\">Duitama plaza principal Los libertadores\u00a0\u00a0\u00a0\u00a0\u00a0\u00a0\u00a0\u00a0\u00a0\u00a0\u00a0\u00a0\u00a0\u00a0\u00a0\u00a0\u00a0\u00a0\u00a0\u00a0\u00a0\u00a0<\/span><\/p>\n<p style=\"text-align: justify;\"><span style=\"color: #0000ff;\">C\u00facuta calle 11 # 5 49 frente a la alcald\u00eda parque Santander\u00a0\u00a0\u00a0\u00a0\u00a0\u00a0\u00a0\u00a0\u00a0\u00a0\u00a0\u00a0\u00a0\u00a0\u00a0\u00a0\u00a0\u00a0\u00a0\u00a0\u00a0\u00a0<\/span><\/p>\n<p style=\"text-align: justify;\"><span style=\"color: #0000ff;\">Pereira plaza de Bol\u00edvar\u00a0\u00a0\u00a0\u00a0\u00a0\u00a0\u00a0\u00a0\u00a0\u00a0\u00a0\u00a0\u00a0\u00a0\u00a0\u00a0\u00a0\u00a0\u00a0\u00a0\u00a0\u00a0<\/span><\/p>\n<p style=\"text-align: justify;\"><span style=\"color: #0000ff;\">Armenia plaza de Bol\u00edvar al frente de la gobernaci\u00f3n\u00a0\u00a0\u00a0\u00a0\u00a0\u00a0\u00a0\u00a0\u00a0\u00a0\u00a0\u00a0\u00a0\u00a0\u00a0\u00a0\u00a0\u00a0\u00a0\u00a0\u00a0\u00a0<\/span><\/p>\n<p style=\"text-align: justify;\"><span style=\"color: #0000ff;\">Manizales plaza de Bol\u00edvar frente a la gobernaci\u00f3n de Caldas.\u00a0\u00a0\u00a0\u00a0\u00a0\u00a0\u00a0\u00a0 \u00a0\u00a0\u00a0\u00a0\u00a0\u00a0\u00a0\u00a0\u00a0\u00a0\u00a0\u00a0\u00a0\u00a0\u00a0<\/span><\/p>\n<p style=\"text-align: justify;\"><span style=\"color: #0000ff;\">Huila es al frente de la gobernaci\u00f3n en Cra 4 calle 8\u00aa esquina.<\/span><\/p>\n<h3 style=\"text-align: center;\"><span style=\"color: #ff6600;\">LOGOS DEL PLANTON<\/span><\/h3>\n<p><img loading=\"lazy\" decoding=\"async\" class=\"wp-image-35309 aligncenter\" src=\"https:\/\/www.joventaoista.org\/wp-content\/uploads\/2016\/11\/samas-1-1024x1024.jpg\" alt=\"samas-1\" width=\"314\" height=\"314\" srcset=\"https:\/\/www.joventaoista.org\/wp-content\/uploads\/2016\/11\/samas-1-1024x1024.jpg 1024w, https:\/\/www.joventaoista.org\/wp-content\/uploads\/2016\/11\/samas-1-300x300.jpg 300w, https:\/\/www.joventaoista.org\/wp-content\/uploads\/2016\/11\/samas-1-100x100.jpg 100w, https:\/\/www.joventaoista.org\/wp-content\/uploads\/2016\/11\/samas-1-600x600.jpg 600w, https:\/\/www.joventaoista.org\/wp-content\/uploads\/2016\/11\/samas-1-150x150.jpg 150w, https:\/\/www.joventaoista.org\/wp-content\/uploads\/2016\/11\/samas-1-768x768.jpg 768w, https:\/\/www.joventaoista.org\/wp-content\/uploads\/2016\/11\/samas-1-160x160.jpg 160w, https:\/\/www.joventaoista.org\/wp-content\/uploads\/2016\/11\/samas-1-240x240.jpg 240w, https:\/\/www.joventaoista.org\/wp-content\/uploads\/2016\/11\/samas-1-60x60.jpg 60w, https:\/\/www.joventaoista.org\/wp-content\/uploads\/2016\/11\/samas-1-184x184.jpg 184w\" sizes=\"(max-width: 314px) 100vw, 314px\" \/><\/p>\n<p><img loading=\"lazy\" decoding=\"async\" class=\"wp-image-35303 aligncenter\" src=\"https:\/\/www.joventaoista.org\/wp-content\/uploads\/2016\/11\/samas-4-1024x1024.jpg\" alt=\"samas-4\" width=\"362\" height=\"362\" srcset=\"https:\/\/www.joventaoista.org\/wp-content\/uploads\/2016\/11\/samas-4-1024x1024.jpg 1024w, https:\/\/www.joventaoista.org\/wp-content\/uploads\/2016\/11\/samas-4-300x300.jpg 300w, https:\/\/www.joventaoista.org\/wp-content\/uploads\/2016\/11\/samas-4-100x100.jpg 100w, https:\/\/www.joventaoista.org\/wp-content\/uploads\/2016\/11\/samas-4-600x600.jpg 600w, https:\/\/www.joventaoista.org\/wp-content\/uploads\/2016\/11\/samas-4-150x150.jpg 150w, https:\/\/www.joventaoista.org\/wp-content\/uploads\/2016\/11\/samas-4-768x768.jpg 768w, https:\/\/www.joventaoista.org\/wp-content\/uploads\/2016\/11\/samas-4-160x160.jpg 160w, https:\/\/www.joventaoista.org\/wp-content\/uploads\/2016\/11\/samas-4-240x240.jpg 240w, https:\/\/www.joventaoista.org\/wp-content\/uploads\/2016\/11\/samas-4-60x60.jpg 60w, https:\/\/www.joventaoista.org\/wp-content\/uploads\/2016\/11\/samas-4-184x184.jpg 184w\" sizes=\"(max-width: 362px) 100vw, 362px\" \/><\/p>\n<p><img loading=\"lazy\" decoding=\"async\" class=\"wp-image-35297 aligncenter\" src=\"https:\/\/www.joventaoista.org\/wp-content\/uploads\/2016\/11\/samas-3-1024x1024.jpg\" alt=\"samas-3\" width=\"403\" height=\"403\" srcset=\"https:\/\/www.joventaoista.org\/wp-content\/uploads\/2016\/11\/samas-3-1024x1024.jpg 1024w, https:\/\/www.joventaoista.org\/wp-content\/uploads\/2016\/11\/samas-3-300x300.jpg 300w, https:\/\/www.joventaoista.org\/wp-content\/uploads\/2016\/11\/samas-3-100x100.jpg 100w, https:\/\/www.joventaoista.org\/wp-content\/uploads\/2016\/11\/samas-3-600x600.jpg 600w, https:\/\/www.joventaoista.org\/wp-content\/uploads\/2016\/11\/samas-3-150x150.jpg 150w, https:\/\/www.joventaoista.org\/wp-content\/uploads\/2016\/11\/samas-3-768x768.jpg 768w, https:\/\/www.joventaoista.org\/wp-content\/uploads\/2016\/11\/samas-3-160x160.jpg 160w, https:\/\/www.joventaoista.org\/wp-content\/uploads\/2016\/11\/samas-3-240x240.jpg 240w, https:\/\/www.joventaoista.org\/wp-content\/uploads\/2016\/11\/samas-3-60x60.jpg 60w, https:\/\/www.joventaoista.org\/wp-content\/uploads\/2016\/11\/samas-3-184x184.jpg 184w\" sizes=\"(max-width: 403px) 100vw, 403px\" \/><\/p>\n<p><img loading=\"lazy\" decoding=\"async\" class=\"wp-image-35291 aligncenter\" src=\"https:\/\/www.joventaoista.org\/wp-content\/uploads\/2016\/11\/samas-2-1024x1024.jpg\" alt=\"samas-2\" width=\"400\" height=\"400\" srcset=\"https:\/\/www.joventaoista.org\/wp-content\/uploads\/2016\/11\/samas-2-1024x1024.jpg 1024w, https:\/\/www.joventaoista.org\/wp-content\/uploads\/2016\/11\/samas-2-300x300.jpg 300w, https:\/\/www.joventaoista.org\/wp-content\/uploads\/2016\/11\/samas-2-100x100.jpg 100w, https:\/\/www.joventaoista.org\/wp-content\/uploads\/2016\/11\/samas-2-600x600.jpg 600w, https:\/\/www.joventaoista.org\/wp-content\/uploads\/2016\/11\/samas-2-150x150.jpg 150w, https:\/\/www.joventaoista.org\/wp-content\/uploads\/2016\/11\/samas-2-768x768.jpg 768w, https:\/\/www.joventaoista.org\/wp-content\/uploads\/2016\/11\/samas-2-160x160.jpg 160w, https:\/\/www.joventaoista.org\/wp-content\/uploads\/2016\/11\/samas-2-240x240.jpg 240w, https:\/\/www.joventaoista.org\/wp-content\/uploads\/2016\/11\/samas-2-60x60.jpg 60w, https:\/\/www.joventaoista.org\/wp-content\/uploads\/2016\/11\/samas-2-184x184.jpg 184w\" sizes=\"(max-width: 400px) 100vw, 400px\" \/><\/p>\n<h3 style=\"text-align: center;\"><span style=\"color: #ff0000;\">EN ESPA\u00d1A\u00a0<\/span><\/h3>\n<p><img loading=\"lazy\" decoding=\"async\" class=\"wp-image-35315 aligncenter\" src=\"https:\/\/www.joventaoista.org\/wp-content\/uploads\/2016\/11\/PLANTON-DIA-DEL-EKSILIADO-1024x768.jpg\" alt=\"planton-dia-del-eksiliado\" width=\"413\" height=\"310\" srcset=\"https:\/\/www.joventaoista.org\/wp-content\/uploads\/2016\/11\/PLANTON-DIA-DEL-EKSILIADO-1024x768.jpg 1024w, https:\/\/www.joventaoista.org\/wp-content\/uploads\/2016\/11\/PLANTON-DIA-DEL-EKSILIADO-600x450.jpg 600w, https:\/\/www.joventaoista.org\/wp-content\/uploads\/2016\/11\/PLANTON-DIA-DEL-EKSILIADO-300x225.jpg 300w, https:\/\/www.joventaoista.org\/wp-content\/uploads\/2016\/11\/PLANTON-DIA-DEL-EKSILIADO-768x576.jpg 768w\" sizes=\"(max-width: 413px) 100vw, 413px\" \/><\/p>\n<p><img loading=\"lazy\" decoding=\"async\" class=\"wp-image-35327 aligncenter\" src=\"https:\/\/www.joventaoista.org\/wp-content\/uploads\/2016\/11\/VALENCIA-ESPAN\u0303A.jpeg\" alt=\"valencia-espan%cc%83a\" width=\"243\" height=\"244\" srcset=\"https:\/\/www.joventaoista.org\/wp-content\/uploads\/2016\/11\/VALENCIA-ESPAN\u0303A.jpeg 540w, https:\/\/www.joventaoista.org\/wp-content\/uploads\/2016\/11\/VALENCIA-ESPAN\u0303A-300x300.jpeg 300w, https:\/\/www.joventaoista.org\/wp-content\/uploads\/2016\/11\/VALENCIA-ESPAN\u0303A-100x100.jpeg 100w, https:\/\/www.joventaoista.org\/wp-content\/uploads\/2016\/11\/VALENCIA-ESPAN\u0303A-150x150.jpeg 150w, https:\/\/www.joventaoista.org\/wp-content\/uploads\/2016\/11\/VALENCIA-ESPAN\u0303A-160x160.jpeg 160w, https:\/\/www.joventaoista.org\/wp-content\/uploads\/2016\/11\/VALENCIA-ESPAN\u0303A-240x240.jpeg 240w, https:\/\/www.joventaoista.org\/wp-content\/uploads\/2016\/11\/VALENCIA-ESPAN\u0303A-60x60.jpeg 60w, https:\/\/www.joventaoista.org\/wp-content\/uploads\/2016\/11\/VALENCIA-ESPAN\u0303A-184x184.jpeg 184w\" sizes=\"(max-width: 243px) 100vw, 243px\" \/><\/p>\n<h3 style=\"text-align: center;\"><span style=\"color: #0000ff;\">EN ANTIOKIA KOLOMVIA<\/span><\/h3>\n<p><img loading=\"lazy\" decoding=\"async\" class=\"wp-image-35345 aligncenter\" src=\"https:\/\/www.joventaoista.org\/wp-content\/uploads\/2016\/11\/planton-antiokia.jpeg\" alt=\"planton-antiokia\" width=\"315\" height=\"310\" srcset=\"https:\/\/www.joventaoista.org\/wp-content\/uploads\/2016\/11\/planton-antiokia.jpeg 632w, https:\/\/www.joventaoista.org\/wp-content\/uploads\/2016\/11\/planton-antiokia-600x591.jpeg 600w, https:\/\/www.joventaoista.org\/wp-content\/uploads\/2016\/11\/planton-antiokia-300x296.jpeg 300w, https:\/\/www.joventaoista.org\/wp-content\/uploads\/2016\/11\/planton-antiokia-60x60.jpeg 60w\" sizes=\"(max-width: 315px) 100vw, 315px\" \/><\/p>\n<h3 style=\"text-align: center;\"><span style=\"color: #008000;\">EN HUILA, COLOMBIA<\/span><\/h3>\n<p><img loading=\"lazy\" decoding=\"async\" class=\"wp-image-35359 aligncenter\" src=\"https:\/\/www.joventaoista.org\/wp-content\/uploads\/2016\/11\/HUILA-PLANTON-1024x1024.jpg\" alt=\"huila-planton\" width=\"300\" height=\"300\" srcset=\"https:\/\/www.joventaoista.org\/wp-content\/uploads\/2016\/11\/HUILA-PLANTON-1024x1024.jpg 1024w, https:\/\/www.joventaoista.org\/wp-content\/uploads\/2016\/11\/HUILA-PLANTON-300x300.jpg 300w, https:\/\/www.joventaoista.org\/wp-content\/uploads\/2016\/11\/HUILA-PLANTON-100x100.jpg 100w, https:\/\/www.joventaoista.org\/wp-content\/uploads\/2016\/11\/HUILA-PLANTON-600x600.jpg 600w, https:\/\/www.joventaoista.org\/wp-content\/uploads\/2016\/11\/HUILA-PLANTON-150x150.jpg 150w, https:\/\/www.joventaoista.org\/wp-content\/uploads\/2016\/11\/HUILA-PLANTON-768x768.jpg 768w, https:\/\/www.joventaoista.org\/wp-content\/uploads\/2016\/11\/HUILA-PLANTON-160x160.jpg 160w, https:\/\/www.joventaoista.org\/wp-content\/uploads\/2016\/11\/HUILA-PLANTON-240x240.jpg 240w, https:\/\/www.joventaoista.org\/wp-content\/uploads\/2016\/11\/HUILA-PLANTON-60x60.jpg 60w, https:\/\/www.joventaoista.org\/wp-content\/uploads\/2016\/11\/HUILA-PLANTON-184x184.jpg 184w\" sizes=\"(max-width: 300px) 100vw, 300px\" \/><\/p>\n<h3 style=\"text-align: center;\"><span style=\"color: #0000ff;\">EN PEREIRA, COLOMBIA<\/span><\/h3>\n<p><img loading=\"lazy\" decoding=\"async\" class=\"wp-image-35366 aligncenter\" src=\"https:\/\/www.joventaoista.org\/wp-content\/uploads\/2016\/11\/pereira-576x1024.jpeg\" alt=\"pereira\" width=\"283\" height=\"503\" srcset=\"https:\/\/www.joventaoista.org\/wp-content\/uploads\/2016\/11\/pereira-576x1024.jpeg 576w, https:\/\/www.joventaoista.org\/wp-content\/uploads\/2016\/11\/pereira-169x300.jpeg 169w, https:\/\/www.joventaoista.org\/wp-content\/uploads\/2016\/11\/pereira.jpeg 581w\" sizes=\"(max-width: 283px) 100vw, 283px\" \/><\/p>\n<h3 style=\"text-align: center;\"><span style=\"color: #0000ff;\">ANTIOQUIA, KOLOMVIA<\/span><\/h3>\n<p><img loading=\"lazy\" decoding=\"async\" class=\"wp-image-35374 aligncenter\" src=\"https:\/\/www.joventaoista.org\/wp-content\/uploads\/2016\/11\/MEDELLIN-PLANTON-2016-1024x576.jpeg\" alt=\"medellin-planton-2016\" width=\"457\" height=\"257\" srcset=\"https:\/\/www.joventaoista.org\/wp-content\/uploads\/2016\/11\/MEDELLIN-PLANTON-2016-1024x576.jpeg 1024w, https:\/\/www.joventaoista.org\/wp-content\/uploads\/2016\/11\/MEDELLIN-PLANTON-2016-600x338.jpeg 600w, https:\/\/www.joventaoista.org\/wp-content\/uploads\/2016\/11\/MEDELLIN-PLANTON-2016-300x169.jpeg 300w, https:\/\/www.joventaoista.org\/wp-content\/uploads\/2016\/11\/MEDELLIN-PLANTON-2016-768x432.jpeg 768w, https:\/\/www.joventaoista.org\/wp-content\/uploads\/2016\/11\/MEDELLIN-PLANTON-2016.jpeg 1280w\" sizes=\"(max-width: 457px) 100vw, 457px\" \/><\/p>\n<p><img loading=\"lazy\" decoding=\"async\" class=\"wp-image-35380 aligncenter\" src=\"https:\/\/www.joventaoista.org\/wp-content\/uploads\/2016\/11\/ANTIOKIA-PLANTON-2016-614x1024.jpeg\" alt=\"antiokia-planton-2016\" width=\"487\" height=\"812\" srcset=\"https:\/\/www.joventaoista.org\/wp-content\/uploads\/2016\/11\/ANTIOKIA-PLANTON-2016-614x1024.jpeg 614w, https:\/\/www.joventaoista.org\/wp-content\/uploads\/2016\/11\/ANTIOKIA-PLANTON-2016-600x1000.jpeg 600w, https:\/\/www.joventaoista.org\/wp-content\/uploads\/2016\/11\/ANTIOKIA-PLANTON-2016-180x300.jpeg 180w, https:\/\/www.joventaoista.org\/wp-content\/uploads\/2016\/11\/ANTIOKIA-PLANTON-2016.jpeg 768w\" sizes=\"(max-width: 487px) 100vw, 487px\" \/><\/p>\n<h3 style=\"text-align: center;\"><span style=\"color: #0000ff;\">EL SALVADOR<\/span><\/h3>\n<p><img loading=\"lazy\" decoding=\"async\" class=\"wp-image-35386 aligncenter\" src=\"https:\/\/www.joventaoista.org\/wp-content\/uploads\/2016\/11\/SALVADOR-1-1024x768.jpg\" alt=\"salvador-1\" width=\"474\" height=\"356\" srcset=\"https:\/\/www.joventaoista.org\/wp-content\/uploads\/2016\/11\/SALVADOR-1-1024x768.jpg 1024w, https:\/\/www.joventaoista.org\/wp-content\/uploads\/2016\/11\/SALVADOR-1-600x450.jpg 600w, https:\/\/www.joventaoista.org\/wp-content\/uploads\/2016\/11\/SALVADOR-1-300x225.jpg 300w, https:\/\/www.joventaoista.org\/wp-content\/uploads\/2016\/11\/SALVADOR-1-768x576.jpg 768w\" sizes=\"(max-width: 474px) 100vw, 474px\" \/><\/p>\n<p><img loading=\"lazy\" decoding=\"async\" class=\"wp-image-35392 aligncenter\" src=\"https:\/\/www.joventaoista.org\/wp-content\/uploads\/2016\/11\/SALVADOR-1024x768.jpg\" alt=\"salvador\" width=\"481\" height=\"361\" srcset=\"https:\/\/www.joventaoista.org\/wp-content\/uploads\/2016\/11\/SALVADOR-1024x768.jpg 1024w, https:\/\/www.joventaoista.org\/wp-content\/uploads\/2016\/11\/SALVADOR-600x450.jpg 600w, https:\/\/www.joventaoista.org\/wp-content\/uploads\/2016\/11\/SALVADOR-300x225.jpg 300w, https:\/\/www.joventaoista.org\/wp-content\/uploads\/2016\/11\/SALVADOR-768x576.jpg 768w\" sizes=\"(max-width: 481px) 100vw, 481px\" \/><\/p>\n<h3 style=\"text-align: center;\"><span style=\"color: #008000;\">BOYAC\u00c1,COLOMBIA.<\/span><\/h3>\n<p><img loading=\"lazy\" decoding=\"async\" class=\"wp-image-35399 aligncenter\" src=\"https:\/\/www.joventaoista.org\/wp-content\/uploads\/2016\/11\/duitama-1024x576.jpeg\" alt=\"duitama\" width=\"417\" height=\"235\" srcset=\"https:\/\/www.joventaoista.org\/wp-content\/uploads\/2016\/11\/duitama-1024x576.jpeg 1024w, https:\/\/www.joventaoista.org\/wp-content\/uploads\/2016\/11\/duitama-600x338.jpeg 600w, https:\/\/www.joventaoista.org\/wp-content\/uploads\/2016\/11\/duitama-300x169.jpeg 300w, https:\/\/www.joventaoista.org\/wp-content\/uploads\/2016\/11\/duitama-768x432.jpeg 768w, https:\/\/www.joventaoista.org\/wp-content\/uploads\/2016\/11\/duitama.jpeg 1040w\" sizes=\"(max-width: 417px) 100vw, 417px\" \/><\/p>\n<h3 style=\"text-align: center;\"><span style=\"color: #0000ff;\">BOGOT\u00c1, COLOMBIA.<\/span><\/h3>\n<p><img loading=\"lazy\" decoding=\"async\" class=\"wp-image-35407 aligncenter\" src=\"https:\/\/www.joventaoista.org\/wp-content\/uploads\/2016\/11\/vakata-1-1024x688.jpeg\" alt=\"vakata-1\" width=\"402\" height=\"270\" srcset=\"https:\/\/www.joventaoista.org\/wp-content\/uploads\/2016\/11\/vakata-1-1024x688.jpeg 1024w, https:\/\/www.joventaoista.org\/wp-content\/uploads\/2016\/11\/vakata-1-600x403.jpeg 600w, https:\/\/www.joventaoista.org\/wp-content\/uploads\/2016\/11\/vakata-1-300x202.jpeg 300w, https:\/\/www.joventaoista.org\/wp-content\/uploads\/2016\/11\/vakata-1-768x516.jpeg 768w, https:\/\/www.joventaoista.org\/wp-content\/uploads\/2016\/11\/vakata-1-140x94.jpeg 140w, https:\/\/www.joventaoista.org\/wp-content\/uploads\/2016\/11\/vakata-1.jpeg 1280w\" sizes=\"(max-width: 402px) 100vw, 402px\" \/><\/p>\n<p><img loading=\"lazy\" decoding=\"async\" class=\"wp-image-35413 aligncenter\" src=\"https:\/\/www.joventaoista.org\/wp-content\/uploads\/2016\/11\/vakata-planton-taoista-1024x576.jpeg\" alt=\"vakata-planton-taoista\" width=\"405\" height=\"228\" srcset=\"https:\/\/www.joventaoista.org\/wp-content\/uploads\/2016\/11\/vakata-planton-taoista-1024x576.jpeg 1024w, https:\/\/www.joventaoista.org\/wp-content\/uploads\/2016\/11\/vakata-planton-taoista-600x338.jpeg 600w, https:\/\/www.joventaoista.org\/wp-content\/uploads\/2016\/11\/vakata-planton-taoista-300x169.jpeg 300w, https:\/\/www.joventaoista.org\/wp-content\/uploads\/2016\/11\/vakata-planton-taoista-768x432.jpeg 768w, https:\/\/www.joventaoista.org\/wp-content\/uploads\/2016\/11\/vakata-planton-taoista.jpeg 1280w\" sizes=\"(max-width: 405px) 100vw, 405px\" \/><\/p>\n<p><img loading=\"lazy\" decoding=\"async\" class=\"wp-image-35423 aligncenter\" src=\"https:\/\/www.joventaoista.org\/wp-content\/uploads\/2016\/11\/planton-bogota-2016-1024x576.jpeg\" alt=\"planton-bogota-2016\" width=\"393\" height=\"221\" srcset=\"https:\/\/www.joventaoista.org\/wp-content\/uploads\/2016\/11\/planton-bogota-2016-1024x576.jpeg 1024w, https:\/\/www.joventaoista.org\/wp-content\/uploads\/2016\/11\/planton-bogota-2016-600x338.jpeg 600w, https:\/\/www.joventaoista.org\/wp-content\/uploads\/2016\/11\/planton-bogota-2016-300x169.jpeg 300w, https:\/\/www.joventaoista.org\/wp-content\/uploads\/2016\/11\/planton-bogota-2016-768x432.jpeg 768w, https:\/\/www.joventaoista.org\/wp-content\/uploads\/2016\/11\/planton-bogota-2016.jpeg 1280w\" sizes=\"(max-width: 393px) 100vw, 393px\" \/><\/p>\n<h3 style=\"text-align: center;\"><span style=\"color: #0000ff;\">CANAD\u00c1<\/span><\/h3>\n<p><img loading=\"lazy\" decoding=\"async\" class=\"wp-image-35429 aligncenter\" src=\"https:\/\/www.joventaoista.org\/wp-content\/uploads\/2016\/11\/planton-canada-768x1024.jpeg\" alt=\"planton-canada\" width=\"402\" height=\"536\" srcset=\"https:\/\/www.joventaoista.org\/wp-content\/uploads\/2016\/11\/planton-canada-768x1024.jpeg 768w, https:\/\/www.joventaoista.org\/wp-content\/uploads\/2016\/11\/planton-canada-600x800.jpeg 600w, https:\/\/www.joventaoista.org\/wp-content\/uploads\/2016\/11\/planton-canada-225x300.jpeg 225w, https:\/\/www.joventaoista.org\/wp-content\/uploads\/2016\/11\/planton-canada.jpeg 1200w\" sizes=\"(max-width: 402px) 100vw, 402px\" \/><\/p>\n<p><img loading=\"lazy\" decoding=\"async\" class=\"wp-image-35441 aligncenter\" src=\"https:\/\/www.joventaoista.org\/wp-content\/uploads\/2016\/11\/planton-kanada-768x1024.jpeg\" alt=\"planton-kanada\" width=\"395\" height=\"526\" srcset=\"https:\/\/www.joventaoista.org\/wp-content\/uploads\/2016\/11\/planton-kanada-768x1024.jpeg 768w, https:\/\/www.joventaoista.org\/wp-content\/uploads\/2016\/11\/planton-kanada-600x800.jpeg 600w, https:\/\/www.joventaoista.org\/wp-content\/uploads\/2016\/11\/planton-kanada-225x300.jpeg 225w, https:\/\/www.joventaoista.org\/wp-content\/uploads\/2016\/11\/planton-kanada.jpeg 1200w\" sizes=\"(max-width: 395px) 100vw, 395px\" \/><\/p>\n<h3 style=\"text-align: center;\"><span style=\"color: #008000;\">GUATEMAYA (GUATEMALA)<\/span><\/h3>\n<p><img loading=\"lazy\" decoding=\"async\" class=\"wp-image-35435 aligncenter\" src=\"https:\/\/www.joventaoista.org\/wp-content\/uploads\/2016\/11\/planton-guatemaya-2016-1024x768.jpeg\" alt=\"planton-guatemaya-2016\" width=\"375\" height=\"281\" srcset=\"https:\/\/www.joventaoista.org\/wp-content\/uploads\/2016\/11\/planton-guatemaya-2016-1024x768.jpeg 1024w, https:\/\/www.joventaoista.org\/wp-content\/uploads\/2016\/11\/planton-guatemaya-2016-600x450.jpeg 600w, https:\/\/www.joventaoista.org\/wp-content\/uploads\/2016\/11\/planton-guatemaya-2016-300x225.jpeg 300w, https:\/\/www.joventaoista.org\/wp-content\/uploads\/2016\/11\/planton-guatemaya-2016-768x576.jpeg 768w, https:\/\/www.joventaoista.org\/wp-content\/uploads\/2016\/11\/planton-guatemaya-2016.jpeg 1280w\" sizes=\"(max-width: 375px) 100vw, 375px\" \/><\/p>\n","protected":false},"excerpt":{"rendered":"<p>Prohibido olvidar\u2026 Ke desde el exilio seguimos siendo Monjes ya a eskasos d\u00edas de kumplir 12 a\u00f1os en el eksilio, a\u00f1os konformados por d\u00edas en los ke no pokas veces se rekuerda, se anhela y se sue\u00f1a kon el regreso, pero ante la cruda realidad de ke no se save kuando ser\u00e1 ese regreso, ni [&hellip;]<\/p>\n","protected":false},"author":6,"featured_media":35321,"comment_status":"open","ping_status":"open","sticky":false,"template":"","format":"standard","meta":{"_et_pb_use_builder":"","_et_pb_old_content":"","_et_gb_content_width":"","footnotes":""},"categories":[133,898],"tags":[3013,3016],"class_list":["post-35343","post","type-post","status-publish","format-standard","has-post-thumbnail","hentry","category-destakados","category-elohim-miguel-eo","tag-dia-internaselal-del-eksiliado-taoista","tag-planton-taoista"],"_links":{"self":[{"href":"https:\/\/www.joventaoista.org\/eo\/wp-json\/wp\/v2\/posts\/35343","targetHints":{"allow":["GET"]}}],"collection":[{"href":"https:\/\/www.joventaoista.org\/eo\/wp-json\/wp\/v2\/posts"}],"about":[{"href":"https:\/\/www.joventaoista.org\/eo\/wp-json\/wp\/v2\/types\/post"}],"author":[{"embeddable":true,"href":"https:\/\/www.joventaoista.org\/eo\/wp-json\/wp\/v2\/users\/6"}],"replies":[{"embeddable":true,"href":"https:\/\/www.joventaoista.org\/eo\/wp-json\/wp\/v2\/comments?post=35343"}],"version-history":[{"count":10,"href":"https:\/\/www.joventaoista.org\/eo\/wp-json\/wp\/v2\/posts\/35343\/revisions"}],"predecessor-version":[{"id":35447,"href":"https:\/\/www.joventaoista.org\/eo\/wp-json\/wp\/v2\/posts\/35343\/revisions\/35447"}],"wp:featuredmedia":[{"embeddable":true,"href":"https:\/\/www.joventaoista.org\/eo\/wp-json\/wp\/v2\/media\/35321"}],"wp:attachment":[{"href":"https:\/\/www.joventaoista.org\/eo\/wp-json\/wp\/v2\/media?parent=35343"}],"wp:term":[{"taxonomy":"category","embeddable":true,"href":"https:\/\/www.joventaoista.org\/eo\/wp-json\/wp\/v2\/categories?post=35343"},{"taxonomy":"post_tag","embeddable":true,"href":"https:\/\/www.joventaoista.org\/eo\/wp-json\/wp\/v2\/tags?post=35343"}],"curies":[{"name":"wp","href":"https:\/\/api.w.org\/{rel}","templated":true}]}}