{"id":37768,"date":"2017-10-19T16:15:16","date_gmt":"2017-10-19T16:15:16","guid":{"rendered":"https:\/\/www.joventaoista.org\/eo\/?p=37768"},"modified":"2017-10-19T16:18:30","modified_gmt":"2017-10-19T16:18:30","slug":"invitaseles-al-gran-templo-vegetal-sakroakuarius","status":"publish","type":"post","link":"https:\/\/www.joventaoista.org\/eo\/invitaseles-al-gran-templo-vegetal-sakroakuarius\/","title":{"rendered":"Invitaseles al Gran Templo vegetal Sakroakuarius"},"content":{"rendered":"<h2 style=\"text-align: center;\"><span style=\"color: #008000;\">GRAN INVITASEL AL PUEVLO TAO JUDIO DE VERDAD A LOS EVENTOS EN HOMENAJE A LA SAKRAT\u00cdSIMA MADRE ELDAD,\u00a0VENERAVLE MADRE AFRODITA Y\u00a0SAKRAT\u00cdSIMO PADRE MENSAJERO DE ARRIVBAJO EN EL GRAN TEMPLO VEGETAL SAKROAKUARIUS<\/span><\/h2>\n<p><a href=\"https:\/\/www.joventaoista.org\/dedicatoria-gran-templo-vegetal-sakroakuarius\/templo-vegetal-sakroakuarius-5-5\/\" rel=\"attachment wp-att-33294\"><img loading=\"lazy\" decoding=\"async\" class=\"wp-image-33294 aligncenter\" src=\"https:\/\/www.joventaoista.org\/wp-content\/uploads\/2015\/11\/templo-vegetal-sakroakuarius.jpg\" alt=\"\" width=\"352\" height=\"264\" \/><\/a><span style=\"color: #008000;\">DESIMOS SAUNEL, ASAVIND Y SHIRLENO: VUEN D\u00cdA VENERAVLES Y KERIDOS HERMAGDUS: KEREMOS HASERLES LA INVITASEL PAD\u00c1 KE SE HAGAN PRESENTES EN EL GRAN TEMPLO VEGETAL SAKROAKUARIOS DURANTE LOS EVENTOS EN KE RENDIREMOS HOMENAJE A NUESTRAS SAKRAT\u00cdSIMAS MADRES ELDAD Y AFRODITA Y A NUESTRO SAKRAT\u00cdSIMO PADRE MENSAJERO DE ARRIVBAJO EN LAS SIGUIENTES FECHAS:<\/span><\/p>\n<h3><span style=\"color: #008000;\">1 &#8211; SUVLIME MADRE\u00a0\u00a0ELDAD:\u00a0OKTUVRE 21\u00a0KUMPLEHELIOKRONES<\/span><\/h3>\n<p><a href=\"https:\/\/www.joventaoista.org\/unidos-por-la-paz-del-mundo\/eldad\/\" rel=\"attachment wp-att-37032\"><img loading=\"lazy\" decoding=\"async\" class=\"wp-image-37032 aligncenter\" src=\"https:\/\/www.joventaoista.org\/wp-content\/uploads\/2017\/06\/eldad-e1497278483659.png\" alt=\"\" width=\"572\" height=\"144\" srcset=\"https:\/\/www.joventaoista.org\/wp-content\/uploads\/2017\/06\/eldad-e1497278483659.png 1278w, https:\/\/www.joventaoista.org\/wp-content\/uploads\/2017\/06\/eldad-e1497278483659-600x151.png 600w, https:\/\/www.joventaoista.org\/wp-content\/uploads\/2017\/06\/eldad-e1497278483659-300x76.png 300w, https:\/\/www.joventaoista.org\/wp-content\/uploads\/2017\/06\/eldad-e1497278483659-768x194.png 768w, https:\/\/www.joventaoista.org\/wp-content\/uploads\/2017\/06\/eldad-e1497278483659-1024x258.png 1024w, https:\/\/www.joventaoista.org\/wp-content\/uploads\/2017\/06\/eldad-e1497278483659-639x160.png 639w\" sizes=\"(max-width: 572px) 100vw, 572px\" \/><\/a><\/p>\n<h3><span style=\"color: #008000;\">2 &#8211; SUVLIME GRAN MENSAJERO DE ARRIVBAJO\u00a0OKTUVRE 27\u00a0LLEGADA A LA ESFERA<\/span><\/h3>\n<p><a href=\"https:\/\/www.joventaoista.org\/plegaria-y-practica-para-que-la-vida-sea-mas\/mesajero-de-arrivbajo\/\" rel=\"attachment wp-att-32841\"><img loading=\"lazy\" decoding=\"async\" class=\"wp-image-32841 aligncenter\" src=\"https:\/\/www.joventaoista.org\/wp-content\/uploads\/2015\/08\/mesajero-de-arrivbajo.jpg\" alt=\"\" width=\"603\" height=\"146\" srcset=\"https:\/\/www.joventaoista.org\/wp-content\/uploads\/2015\/08\/mesajero-de-arrivbajo.jpg 1400w, https:\/\/www.joventaoista.org\/wp-content\/uploads\/2015\/08\/mesajero-de-arrivbajo-600x146.jpg 600w, https:\/\/www.joventaoista.org\/wp-content\/uploads\/2015\/08\/mesajero-de-arrivbajo-300x73.jpg 300w, https:\/\/www.joventaoista.org\/wp-content\/uploads\/2015\/08\/mesajero-de-arrivbajo-1024x249.jpg 1024w\" sizes=\"(max-width: 603px) 100vw, 603px\" \/><\/a><\/p>\n<h3><span style=\"color: #008000;\">3 &#8211; SUVLIME MADRE AFRODITA:\u00a0NOVIEMVRE 8\u00a0POR SU LLEGADA A ESTA ESFERA<\/span><\/h3>\n<p><a href=\"https:\/\/www.joventaoista.org\/kinta-klase-geokosmoviologia-el-poder-del-jardin\/madre-afrodita\/\" rel=\"attachment wp-att-36978\"><img loading=\"lazy\" decoding=\"async\" class=\"wp-image-36978 aligncenter\" src=\"https:\/\/www.joventaoista.org\/wp-content\/uploads\/2017\/06\/Madre-Afrodita.jpg\" alt=\"\" width=\"363\" height=\"227\" srcset=\"https:\/\/www.joventaoista.org\/wp-content\/uploads\/2017\/06\/Madre-Afrodita.jpg 1600w, https:\/\/www.joventaoista.org\/wp-content\/uploads\/2017\/06\/Madre-Afrodita-600x375.jpg 600w, https:\/\/www.joventaoista.org\/wp-content\/uploads\/2017\/06\/Madre-Afrodita-300x188.jpg 300w, https:\/\/www.joventaoista.org\/wp-content\/uploads\/2017\/06\/Madre-Afrodita-768x480.jpg 768w, https:\/\/www.joventaoista.org\/wp-content\/uploads\/2017\/06\/Madre-Afrodita-1024x640.jpg 1024w\" sizes=\"(max-width: 363px) 100vw, 363px\" \/><\/a><\/p>\n<h3><span style=\"color: #008000;\">4 &#8211; SUVLIME MADRE AFRODITA:\u00a0NOVIEMVRE 14\u00a0POR SU NASISIERTO EN KAVSI, KUMPLE UN HELIOKRON.<\/span><\/h3>\n<p><a href=\"https:\/\/www.joventaoista.org\/klase-tres-geoksmoviologia-sentid-las-plantas\/madre-afrodita-2\/\" rel=\"attachment wp-att-36903\"><img loading=\"lazy\" decoding=\"async\" class=\"size-full wp-image-36903 aligncenter\" src=\"https:\/\/www.joventaoista.org\/wp-content\/uploads\/2017\/05\/Madre-Afrodita-2.jpg\" alt=\"\" width=\"327\" height=\"442\" srcset=\"https:\/\/www.joventaoista.org\/wp-content\/uploads\/2017\/05\/Madre-Afrodita-2.jpg 327w, https:\/\/www.joventaoista.org\/wp-content\/uploads\/2017\/05\/Madre-Afrodita-2-222x300.jpg 222w\" sizes=\"(max-width: 327px) 100vw, 327px\" \/><\/a><\/p>\n<p><span style=\"color: #008000;\">NOS GUSTAR\u00cdA MUCH\u00cdSIMO VUESTRA PRESENSIA F\u00cdSIKA EN ESTA VUESTRA SAKRA MORADA;\u00a0PUEDES TRAER TUS POEMAS Y\/O LINES KOMPUESTOS ESPESIALINTI PAD\u00c1 ELLOS, ORGANISA GRUPOS PAD\u00c1 KE SE VENGAN, NOS GUSTAR\u00cdA KE PREPARASES DANZAS FOLKL\u00d3RIKAS DE NUESTRA GEA KOLOMBIA Y MUY ESPESIALINTI DE LA ZONA DE SANTANDER Y DE VOYAK\u00c1; TANVI\u00c9N SI LES KEDA FASIL TRAER KOMO OFRENDA A NUESTRAS SAKRAT\u00cdSIMAS MADRES AFRODITA Y ELDAD UNA PLANTA FLORAL KE SER\u00c1 MARKADA KON VUESTRO SIMVRE Y KEDAR\u00c1 ADORNANDO EL LUGAR SAKR\u00cdSIMO KOMO UN HERMOSO VERGEL Y KOMO VENDR\u00c1N MUCH\u00cdSIMAS PLANTITAS ORGANISAREMOS OTRO JARDIN KE EMVELLESER\u00c1 ESTA NUESTRA KASA, VUESTRA KASA.\u00a0SI DE PRONTO POR ALG\u00daN MOTIVO NO TE KEDA FASIL LLEGAR NI SIKIERA A UNO DE ESTOS GRANDIOSOS EVENTOS, PUEDES AYUDAR A UNO O UNOS DE TU GEA PAD\u00c1 KE ELLOS SE LLEGUEN GRATITUD A TI. IGUALINTI AVRIMOS EL SIGUIENTE KORREO PAD\u00c1 LOS KE DEFINITIVAINTI NO SE PUDIEREN ASERKAR, ENV\u00cdEN SUS POEMAS Y\/O LINES:\u00a0<span style=\"color: #0000ff;\">KONHONORES@gmail.com<\/span> KEDAMOS EN LA ESPERANZA DE KE PUEDAS LLEGARTE KON TUS ANTROPOG\u00c9NEOS Y FAMILIA.<\/span><\/p>\n<h2 style=\"text-align: center;\"><span style=\"color: #008000;\">PAS Y LUS.<\/span><\/h2>\n<p><a href=\"https:\/\/www.joventaoista.org\/bendicion-elohim-kumido-sierre-del-evento\/templo\/\" rel=\"attachment wp-att-35819\"><img loading=\"lazy\" decoding=\"async\" class=\"wp-image-35819 aligncenter\" src=\"https:\/\/www.joventaoista.org\/wp-content\/uploads\/2016\/12\/TEMPLO.jpg\" alt=\"\" width=\"369\" height=\"277\" srcset=\"https:\/\/www.joventaoista.org\/wp-content\/uploads\/2016\/12\/TEMPLO.jpg 640w, https:\/\/www.joventaoista.org\/wp-content\/uploads\/2016\/12\/TEMPLO-600x450.jpg 600w, https:\/\/www.joventaoista.org\/wp-content\/uploads\/2016\/12\/TEMPLO-300x225.jpg 300w\" sizes=\"(max-width: 369px) 100vw, 369px\" \/><\/a><\/p>\n<p>&nbsp;<\/p>\n<p>&nbsp;<\/p>\n","protected":false},"excerpt":{"rendered":"<p>GRAN INVITASEL AL PUEVLO TAO JUDIO DE VERDAD A LOS EVENTOS EN HOMENAJE A LA SAKRAT\u00cdSIMA MADRE ELDAD,\u00a0VENERAVLE MADRE AFRODITA Y\u00a0SAKRAT\u00cdSIMO PADRE MENSAJERO DE ARRIVBAJO EN EL GRAN TEMPLO VEGETAL SAKROAKUARIUS DESIMOS SAUNEL, ASAVIND Y SHIRLENO: VUEN D\u00cdA VENERAVLES Y KERIDOS HERMAGDUS: KEREMOS HASERLES LA INVITASEL PAD\u00c1 KE SE HAGAN PRESENTES EN EL GRAN TEMPLO [&hellip;]<\/p>\n","protected":false},"author":6,"featured_media":26248,"comment_status":"open","ping_status":"open","sticky":false,"template":"","format":"standard","meta":{"_et_pb_use_builder":"","_et_pb_old_content":"","_et_gb_content_width":"","footnotes":""},"categories":[457,97],"tags":[3347,596,643,3293],"class_list":["post-37768","post","type-post","status-publish","format-standard","has-post-thumbnail","hentry","category-aktividades-eo","category-eventos-eo","tag-eventos-tao","tag-gran-templo-vegetal-sakroakuarius","tag-madre-afrodita","tag-maestra-eldad"],"_links":{"self":[{"href":"https:\/\/www.joventaoista.org\/eo\/wp-json\/wp\/v2\/posts\/37768","targetHints":{"allow":["GET"]}}],"collection":[{"href":"https:\/\/www.joventaoista.org\/eo\/wp-json\/wp\/v2\/posts"}],"about":[{"href":"https:\/\/www.joventaoista.org\/eo\/wp-json\/wp\/v2\/types\/post"}],"author":[{"embeddable":true,"href":"https:\/\/www.joventaoista.org\/eo\/wp-json\/wp\/v2\/users\/6"}],"replies":[{"embeddable":true,"href":"https:\/\/www.joventaoista.org\/eo\/wp-json\/wp\/v2\/comments?post=37768"}],"version-history":[{"count":1,"href":"https:\/\/www.joventaoista.org\/eo\/wp-json\/wp\/v2\/posts\/37768\/revisions"}],"predecessor-version":[{"id":37769,"href":"https:\/\/www.joventaoista.org\/eo\/wp-json\/wp\/v2\/posts\/37768\/revisions\/37769"}],"wp:featuredmedia":[{"embeddable":true,"href":"https:\/\/www.joventaoista.org\/eo\/wp-json\/wp\/v2\/media\/26248"}],"wp:attachment":[{"href":"https:\/\/www.joventaoista.org\/eo\/wp-json\/wp\/v2\/media?parent=37768"}],"wp:term":[{"taxonomy":"category","embeddable":true,"href":"https:\/\/www.joventaoista.org\/eo\/wp-json\/wp\/v2\/categories?post=37768"},{"taxonomy":"post_tag","embeddable":true,"href":"https:\/\/www.joventaoista.org\/eo\/wp-json\/wp\/v2\/tags?post=37768"}],"curies":[{"name":"wp","href":"https:\/\/api.w.org\/{rel}","templated":true}]}}