{"id":38048,"date":"2017-11-17T12:26:23","date_gmt":"2017-11-17T12:26:23","guid":{"rendered":"https:\/\/www.joventaoista.org\/eo\/?p=38048"},"modified":"2017-11-17T12:27:33","modified_gmt":"2017-11-17T12:27:33","slug":"planton-dia-del-eksiliado-taoista","status":"publish","type":"post","link":"https:\/\/www.joventaoista.org\/eo\/planton-dia-del-eksiliado-taoista\/","title":{"rendered":"PLANTON, DIA DEL EKSILIADO TAOISTA."},"content":{"rendered":"<h3><span style=\"color: #ff0000;\"><a href=\"https:\/\/www.joventaoista.org\/planton-dia-del-eksiliado-taoista\/dia-del-eksiliado\/\" rel=\"attachment wp-att-38033\"><img loading=\"lazy\" decoding=\"async\" class=\"wp-image-38033 alignleft\" src=\"https:\/\/www.joventaoista.org\/wp-content\/uploads\/2017\/11\/DIA-DEL-EKSILIADO.jpeg\" alt=\"\" width=\"177\" height=\"177\" srcset=\"https:\/\/www.joventaoista.org\/wp-content\/uploads\/2017\/11\/DIA-DEL-EKSILIADO.jpeg 720w, https:\/\/www.joventaoista.org\/wp-content\/uploads\/2017\/11\/DIA-DEL-EKSILIADO-300x300.jpeg 300w, https:\/\/www.joventaoista.org\/wp-content\/uploads\/2017\/11\/DIA-DEL-EKSILIADO-100x100.jpeg 100w, https:\/\/www.joventaoista.org\/wp-content\/uploads\/2017\/11\/DIA-DEL-EKSILIADO-600x599.jpeg 600w, https:\/\/www.joventaoista.org\/wp-content\/uploads\/2017\/11\/DIA-DEL-EKSILIADO-150x150.jpeg 150w, https:\/\/www.joventaoista.org\/wp-content\/uploads\/2017\/11\/DIA-DEL-EKSILIADO-160x160.jpeg 160w, https:\/\/www.joventaoista.org\/wp-content\/uploads\/2017\/11\/DIA-DEL-EKSILIADO-240x240.jpeg 240w, https:\/\/www.joventaoista.org\/wp-content\/uploads\/2017\/11\/DIA-DEL-EKSILIADO-60x60.jpeg 60w, https:\/\/www.joventaoista.org\/wp-content\/uploads\/2017\/11\/DIA-DEL-EKSILIADO-184x184.jpeg 184w\" sizes=\"(max-width: 177px) 100vw, 177px\" \/><\/a>PUEVLO DEL DIOS VIVIENTE.<\/span><\/h3>\n<p><span style=\"color: #0000ff;\">AGRADESEMOS LA VONDAD DEL GRAN HASEDOR DE LA LUZ POR ESTAR EN FAMILIA, DISFRUTANDO DE LAS VENDISELES DIARIAS KE DA NUESTRA GEA\u2026.. LA KE NOS VI\u00d3 NASER, DICHA KE AUN NO PUEDEN DISFRUTAR NUESTROS EXILIADOS Y EXILIADAS TAO\u00cdSTAS, POR KE 13 A\u00d1OS DE IMPUNIDAD SE ASERKAN Y NO PODEMOS OLVIDARLO, NI OLVIDARLOS.<\/span><\/p>\n<p><span style=\"color: #0000ff;\">ESTE PROKSIMO 25 DE NOVIEMBRE, DIA INTERNACIONAL DEL EXILIADO Y EXILIADA TAO\u00cdSTA POR SER D\u00cdA DE SAVAD HEMOS RESIVIDO LA ORIENTASEL DEL GRAN ARKANGEL MIGUEL PARA REALIZAR EL PLANTON EL 24 DE NOVIEMBRE, D\u00cdA VIERNES Y PUEDAN AS\u00cd TODOS LOS DEPARTASIERTOS Y PA\u00cdSES AKOMPA\u00d1ARNOS AL UNISONO EN ESTA KONMEMORASEL POR LOS 13 A\u00d1OS DE IMPUNIDAD KE HEMOS VIVIDO.<\/span><\/p>\n<p><a href=\"https:\/\/www.joventaoista.org\/planton-dia-del-eksiliado-taoista\/5-dia-del-eksiliado\/\" rel=\"attachment wp-att-38021\"><img loading=\"lazy\" decoding=\"async\" class=\"alignnone  wp-image-38021\" src=\"https:\/\/www.joventaoista.org\/wp-content\/uploads\/2017\/11\/5-DIA-DEL-EKSILIADO.jpeg\" alt=\"\" width=\"250\" height=\"249\" srcset=\"https:\/\/www.joventaoista.org\/wp-content\/uploads\/2017\/11\/5-DIA-DEL-EKSILIADO.jpeg 720w, https:\/\/www.joventaoista.org\/wp-content\/uploads\/2017\/11\/5-DIA-DEL-EKSILIADO-300x300.jpeg 300w, https:\/\/www.joventaoista.org\/wp-content\/uploads\/2017\/11\/5-DIA-DEL-EKSILIADO-100x100.jpeg 100w, https:\/\/www.joventaoista.org\/wp-content\/uploads\/2017\/11\/5-DIA-DEL-EKSILIADO-600x598.jpeg 600w, https:\/\/www.joventaoista.org\/wp-content\/uploads\/2017\/11\/5-DIA-DEL-EKSILIADO-150x150.jpeg 150w, https:\/\/www.joventaoista.org\/wp-content\/uploads\/2017\/11\/5-DIA-DEL-EKSILIADO-160x160.jpeg 160w, https:\/\/www.joventaoista.org\/wp-content\/uploads\/2017\/11\/5-DIA-DEL-EKSILIADO-240x240.jpeg 240w, https:\/\/www.joventaoista.org\/wp-content\/uploads\/2017\/11\/5-DIA-DEL-EKSILIADO-60x60.jpeg 60w, https:\/\/www.joventaoista.org\/wp-content\/uploads\/2017\/11\/5-DIA-DEL-EKSILIADO-184x184.jpeg 184w\" sizes=\"(max-width: 250px) 100vw, 250px\" \/><\/a><a href=\"https:\/\/www.joventaoista.org\/planton-dia-del-eksiliado-taoista\/4dia-del-eksiliado\/\" rel=\"attachment wp-att-38015\"><img loading=\"lazy\" decoding=\"async\" class=\"alignnone  wp-image-38015\" src=\"https:\/\/www.joventaoista.org\/wp-content\/uploads\/2017\/11\/4DIA-DEL-EKSILIADO.jpeg\" alt=\"\" width=\"250\" height=\"250\" srcset=\"https:\/\/www.joventaoista.org\/wp-content\/uploads\/2017\/11\/4DIA-DEL-EKSILIADO.jpeg 720w, https:\/\/www.joventaoista.org\/wp-content\/uploads\/2017\/11\/4DIA-DEL-EKSILIADO-300x300.jpeg 300w, https:\/\/www.joventaoista.org\/wp-content\/uploads\/2017\/11\/4DIA-DEL-EKSILIADO-100x100.jpeg 100w, https:\/\/www.joventaoista.org\/wp-content\/uploads\/2017\/11\/4DIA-DEL-EKSILIADO-600x599.jpeg 600w, https:\/\/www.joventaoista.org\/wp-content\/uploads\/2017\/11\/4DIA-DEL-EKSILIADO-150x150.jpeg 150w, https:\/\/www.joventaoista.org\/wp-content\/uploads\/2017\/11\/4DIA-DEL-EKSILIADO-160x160.jpeg 160w, https:\/\/www.joventaoista.org\/wp-content\/uploads\/2017\/11\/4DIA-DEL-EKSILIADO-240x240.jpeg 240w, https:\/\/www.joventaoista.org\/wp-content\/uploads\/2017\/11\/4DIA-DEL-EKSILIADO-60x60.jpeg 60w, https:\/\/www.joventaoista.org\/wp-content\/uploads\/2017\/11\/4DIA-DEL-EKSILIADO-184x184.jpeg 184w\" sizes=\"(max-width: 250px) 100vw, 250px\" \/><\/a><\/p>\n<p><a href=\"https:\/\/www.joventaoista.org\/planton-dia-del-eksiliado-taoista\/3dia-del-eksiliado\/\" rel=\"attachment wp-att-38009\"><img loading=\"lazy\" decoding=\"async\" class=\"wp-image-38009 aligncenter\" src=\"https:\/\/www.joventaoista.org\/wp-content\/uploads\/2017\/11\/3DIA-DEL-EKSILIADO.jpeg\" alt=\"\" width=\"250\" height=\"250\" srcset=\"https:\/\/www.joventaoista.org\/wp-content\/uploads\/2017\/11\/3DIA-DEL-EKSILIADO.jpeg 720w, https:\/\/www.joventaoista.org\/wp-content\/uploads\/2017\/11\/3DIA-DEL-EKSILIADO-300x300.jpeg 300w, https:\/\/www.joventaoista.org\/wp-content\/uploads\/2017\/11\/3DIA-DEL-EKSILIADO-100x100.jpeg 100w, https:\/\/www.joventaoista.org\/wp-content\/uploads\/2017\/11\/3DIA-DEL-EKSILIADO-600x599.jpeg 600w, https:\/\/www.joventaoista.org\/wp-content\/uploads\/2017\/11\/3DIA-DEL-EKSILIADO-150x150.jpeg 150w, https:\/\/www.joventaoista.org\/wp-content\/uploads\/2017\/11\/3DIA-DEL-EKSILIADO-160x160.jpeg 160w, https:\/\/www.joventaoista.org\/wp-content\/uploads\/2017\/11\/3DIA-DEL-EKSILIADO-240x240.jpeg 240w, https:\/\/www.joventaoista.org\/wp-content\/uploads\/2017\/11\/3DIA-DEL-EKSILIADO-60x60.jpeg 60w, https:\/\/www.joventaoista.org\/wp-content\/uploads\/2017\/11\/3DIA-DEL-EKSILIADO-184x184.jpeg 184w\" sizes=\"(max-width: 250px) 100vw, 250px\" \/><\/a><\/p>\n<p><span style=\"color: #0000ff;\">EN VAKATA LOS ESPERAMOS EN LA PLAZA DE BOL\u00cdVAR A LAS 2:30 PM Y EN KADA DEPARTAMENTO Y PA\u00cdS PUEDEN KOMUNIKARSE KON EL PASTOR DE MUTANTES O DELEGADO PATRIARKAL Y SEAN AS\u00cd PORSEL AKTIVA DE ESTE GRITO DE PROTESTA ANTE LA INJUSTICIA DEL ESTADO COLOMBIANO.<\/span><\/p>\n<p style=\"text-align: center;\"><span style=\"color: #ff6600;\">INGLES<\/span><img loading=\"lazy\" decoding=\"async\" class=\"wp-image-38027 aligncenter\" src=\"https:\/\/www.joventaoista.org\/wp-content\/uploads\/2017\/11\/6DIA-DEL-EKSILIADO-INGL.jpeg\" alt=\"\" width=\"288\" height=\"289\" srcset=\"https:\/\/www.joventaoista.org\/wp-content\/uploads\/2017\/11\/6DIA-DEL-EKSILIADO-INGL.jpeg 752w, https:\/\/www.joventaoista.org\/wp-content\/uploads\/2017\/11\/6DIA-DEL-EKSILIADO-INGL-300x300.jpeg 300w, https:\/\/www.joventaoista.org\/wp-content\/uploads\/2017\/11\/6DIA-DEL-EKSILIADO-INGL-100x100.jpeg 100w, https:\/\/www.joventaoista.org\/wp-content\/uploads\/2017\/11\/6DIA-DEL-EKSILIADO-INGL-600x603.jpeg 600w, https:\/\/www.joventaoista.org\/wp-content\/uploads\/2017\/11\/6DIA-DEL-EKSILIADO-INGL-150x150.jpeg 150w, https:\/\/www.joventaoista.org\/wp-content\/uploads\/2017\/11\/6DIA-DEL-EKSILIADO-INGL-298x300.jpeg 298w, https:\/\/www.joventaoista.org\/wp-content\/uploads\/2017\/11\/6DIA-DEL-EKSILIADO-INGL-160x160.jpeg 160w, https:\/\/www.joventaoista.org\/wp-content\/uploads\/2017\/11\/6DIA-DEL-EKSILIADO-INGL-240x240.jpeg 240w, https:\/\/www.joventaoista.org\/wp-content\/uploads\/2017\/11\/6DIA-DEL-EKSILIADO-INGL-60x60.jpeg 60w, https:\/\/www.joventaoista.org\/wp-content\/uploads\/2017\/11\/6DIA-DEL-EKSILIADO-INGL-184x184.jpeg 184w\" sizes=\"(max-width: 288px) 100vw, 288px\" \/><\/p>\n<h2 style=\"text-align: center;\"><span style=\"color: #ff6600;\">REWUEORDEMOS LA ORDEN DE NUESTRO KOMANDANTE ARKANGEL MIGUEN<\/span><a href=\"https:\/\/www.joventaoista.org\/planton-dia-del-eksiliado-taoista\/1-dia-del-eksiliado\/\" rel=\"attachment wp-att-37997\"><img loading=\"lazy\" decoding=\"async\" class=\"wp-image-37997 aligncenter\" src=\"https:\/\/www.joventaoista.org\/wp-content\/uploads\/2017\/11\/1-DIA-DEL-EKSILIADO.jpeg\" alt=\"\" width=\"250\" height=\"251\" srcset=\"https:\/\/www.joventaoista.org\/wp-content\/uploads\/2017\/11\/1-DIA-DEL-EKSILIADO.jpeg 720w, https:\/\/www.joventaoista.org\/wp-content\/uploads\/2017\/11\/1-DIA-DEL-EKSILIADO-300x300.jpeg 300w, https:\/\/www.joventaoista.org\/wp-content\/uploads\/2017\/11\/1-DIA-DEL-EKSILIADO-100x100.jpeg 100w, https:\/\/www.joventaoista.org\/wp-content\/uploads\/2017\/11\/1-DIA-DEL-EKSILIADO-600x603.jpeg 600w, https:\/\/www.joventaoista.org\/wp-content\/uploads\/2017\/11\/1-DIA-DEL-EKSILIADO-150x150.jpeg 150w, https:\/\/www.joventaoista.org\/wp-content\/uploads\/2017\/11\/1-DIA-DEL-EKSILIADO-298x300.jpeg 298w, https:\/\/www.joventaoista.org\/wp-content\/uploads\/2017\/11\/1-DIA-DEL-EKSILIADO-160x160.jpeg 160w, https:\/\/www.joventaoista.org\/wp-content\/uploads\/2017\/11\/1-DIA-DEL-EKSILIADO-240x240.jpeg 240w, https:\/\/www.joventaoista.org\/wp-content\/uploads\/2017\/11\/1-DIA-DEL-EKSILIADO-60x60.jpeg 60w, https:\/\/www.joventaoista.org\/wp-content\/uploads\/2017\/11\/1-DIA-DEL-EKSILIADO-184x184.jpeg 184w\" sizes=\"(max-width: 250px) 100vw, 250px\" \/><\/a><\/h2>\n<h2 style=\"text-align: center;\"><span style=\"color: #ff0000;\">\u201cPROHIVIDO OLVIDAR&#8221;<\/span><\/h2>\n","protected":false},"excerpt":{"rendered":"<p>PUEVLO DEL DIOS VIVIENTE. AGRADESEMOS LA VONDAD DEL GRAN HASEDOR DE LA LUZ POR ESTAR EN FAMILIA, DISFRUTANDO DE LAS VENDISELES DIARIAS KE DA NUESTRA GEA\u2026.. LA KE NOS VI\u00d3 NASER, DICHA KE AUN NO PUEDEN DISFRUTAR NUESTROS EXILIADOS Y EXILIADAS TAO\u00cdSTAS, POR KE 13 A\u00d1OS DE IMPUNIDAD SE ASERKAN Y NO PODEMOS OLVIDARLO, NI [&hellip;]<\/p>\n","protected":false},"author":6,"featured_media":38039,"comment_status":"open","ping_status":"open","sticky":false,"template":"","format":"standard","meta":{"_et_pb_use_builder":"","_et_pb_old_content":"","_et_gb_content_width":"","footnotes":""},"categories":[457,133,97],"tags":[1285,3362],"class_list":["post-38048","post","type-post","status-publish","format-standard","has-post-thumbnail","hentry","category-aktividades-eo","category-destakados","category-eventos-eo","tag-el-gran-templo-vegetal-sakroakuarius","tag-exiliado-taoista"],"_links":{"self":[{"href":"https:\/\/www.joventaoista.org\/eo\/wp-json\/wp\/v2\/posts\/38048","targetHints":{"allow":["GET"]}}],"collection":[{"href":"https:\/\/www.joventaoista.org\/eo\/wp-json\/wp\/v2\/posts"}],"about":[{"href":"https:\/\/www.joventaoista.org\/eo\/wp-json\/wp\/v2\/types\/post"}],"author":[{"embeddable":true,"href":"https:\/\/www.joventaoista.org\/eo\/wp-json\/wp\/v2\/users\/6"}],"replies":[{"embeddable":true,"href":"https:\/\/www.joventaoista.org\/eo\/wp-json\/wp\/v2\/comments?post=38048"}],"version-history":[{"count":1,"href":"https:\/\/www.joventaoista.org\/eo\/wp-json\/wp\/v2\/posts\/38048\/revisions"}],"predecessor-version":[{"id":38049,"href":"https:\/\/www.joventaoista.org\/eo\/wp-json\/wp\/v2\/posts\/38048\/revisions\/38049"}],"wp:featuredmedia":[{"embeddable":true,"href":"https:\/\/www.joventaoista.org\/eo\/wp-json\/wp\/v2\/media\/38039"}],"wp:attachment":[{"href":"https:\/\/www.joventaoista.org\/eo\/wp-json\/wp\/v2\/media?parent=38048"}],"wp:term":[{"taxonomy":"category","embeddable":true,"href":"https:\/\/www.joventaoista.org\/eo\/wp-json\/wp\/v2\/categories?post=38048"},{"taxonomy":"post_tag","embeddable":true,"href":"https:\/\/www.joventaoista.org\/eo\/wp-json\/wp\/v2\/tags?post=38048"}],"curies":[{"name":"wp","href":"https:\/\/api.w.org\/{rel}","templated":true}]}}