{"id":38794,"date":"2018-03-05T17:30:42","date_gmt":"2018-03-05T17:30:42","guid":{"rendered":"https:\/\/www.joventaoista.org\/?p=38794"},"modified":"2018-03-07T16:59:10","modified_gmt":"2018-03-07T16:59:10","slug":"komunikado-elekseles-2018-arkangel-miguel","status":"publish","type":"post","link":"https:\/\/www.joventaoista.org\/eo\/komunikado-elekseles-2018-arkangel-miguel\/","title":{"rendered":"Komunikado Elekseles 2018, Arkangel Miguel."},"content":{"rendered":"<h3 style=\"text-align: center;\"><span style=\"color: #ff6600;\">PISIS 9 DE EL LUNIHELIOKRON \u00832023 D\u00cdA DE LA LUNA<\/span><\/h3>\n<h3 style=\"text-align: center;\"><span style=\"color: #0000ff;\">DESPU\u00c9S DE EL NASISIERTO DE EL GRAN SHILHOH<\/span><\/h3>\n<h3 style=\"text-align: center;\"><span style=\"color: #ff0000;\">Ke seg\u00fan sat\u00e1n es Marzo 4 del a\u00f1o 2018 d\u00eda Domingo<\/span><\/h3>\n<h3><span style=\"color: #008000;\"><a href=\"https:\/\/www.joventaoista.org\/el-poder-adquisitivo-y-corte-de-lineas-en-nicaragua\/elohim-miguel-weorsshamaddihaael-12-2\/\" rel=\"attachment wp-att-28413\"><img loading=\"lazy\" decoding=\"async\" class=\"wp-image-28413 alignleft\" src=\"https:\/\/www.joventaoista.org\/wp-content\/uploads\/2014\/09\/Elohim-Miguel-Weorsshamaddihaael2.jpg\" alt=\"\" width=\"282\" height=\"211\" srcset=\"https:\/\/www.joventaoista.org\/wp-content\/uploads\/2014\/09\/Elohim-Miguel-Weorsshamaddihaael2.jpg 371w, https:\/\/www.joventaoista.org\/wp-content\/uploads\/2014\/09\/Elohim-Miguel-Weorsshamaddihaael2-300x224.jpg 300w\" sizes=\"(max-width: 282px) 100vw, 282px\" \/><\/a>Dise el Veneravle Elohim Miguel Wehorsshamaddihaael:<\/span><\/h3>\n<p><span style=\"color: #008000;\">Tengan sus mercedes hermagdus del Pueblo de DIOS un excelente d\u00eda de salud bienestar y alegr\u00eda lleno de sabidur\u00eda, buena voluntad y mucho entendicierto. Queridos hermagdus hoy por hoy, las circunstancias ke se est\u00e1n viviendo en la esfera en lo conserniente a la pr\u00e1ctica de la justicia se complican cada d\u00eda mas, los Pueblos de la tierra sufren no solo hambre f\u00edsica, si no tan mal hambre espiritual.<\/span><\/p>\n<p><span style=\"color: #008000;\">Las gentes lloran desoladamente porke hasta sus propios gobiernos les han abandonado y a\u00fan m\u00e1s ellos mismos se han alejado de DIOS; grandes multitudes se ven en las ciudades ke van a reposar la mayor\u00eda de los d\u00edas de la semana con tan solo una comida o un alisierto al d\u00eda, las calles cosmopolitas de los pa\u00edses en los diversos continentes se ven atestadas por inmensas agrupaciones de mendigos ke lo \u00fanico que esperan es la muerte ante la situaci\u00f3n tan deplorable de abandono en ke est\u00e1n viviendo, inmensas cantidades de familias se destruyen a causa de econom\u00edas quebradas por la explotaci\u00f3n de el hombre por el hombre que hacen que la unidad familiar se parta en pedazos, porke la mayor preocupaci\u00f3n de sus miembros es salir a encontrar alg\u00fan mendrugo de pan ke les calme el hambre y as\u00ed contener en alg\u00fan porcentaje el avance de la destructora miseria y en esa lucha se encuentran con los vicios del mundo: drogadicci\u00f3n, alcoholismo, perversiones sexuales ke dan como resultado seres humanos en estado deplorable, ke ni siquiera les interesa ya por el pobre estado de su cerebro o\u00edr de la Doktrina de la liberasel final la cual es el Tao\u00edsmo de trajeron a la esfera los Venerables<span style=\"color: #ff6600;\"> Maestros JAH KELIUM ZEUS INDUZEUS<\/span>, <span style=\"color: #0000ff;\">SAMAEL JOAV VATHOR WEOR<\/span> y la Veneravle <span style=\"color: #ff00ff;\">Madre AFRODITA<\/span>\u2026.. Doctrinas que fueron y son abrazadas por un conglomerado de Seres con cuerpo f\u00edsico que han conformado un pueblo de entre los pueblos de la gea y este pueblo est\u00e1 sobre esta tierra librando la m\u00e1s noble de las batallas, la lid m\u00e1s importante, la lucha de DIOS en los kosmos por <a href=\"https:\/\/www.joventaoista.org\/comunicado-el-dia-internacional-del-exiliado-taoista\/soidaridad-taoista-caridad-daridad-7\/\" rel=\"attachment wp-att-33582\"><img loading=\"lazy\" decoding=\"async\" class=\"wp-image-33582 alignright\" src=\"https:\/\/www.joventaoista.org\/wp-content\/uploads\/2015\/11\/soidaridad-Tao\u00edsta-caridad-daridad.jpg\" alt=\"\" width=\"310\" height=\"208\" srcset=\"https:\/\/www.joventaoista.org\/wp-content\/uploads\/2015\/11\/soidaridad-Tao\u00edsta-caridad-daridad.jpg 590w, https:\/\/www.joventaoista.org\/wp-content\/uploads\/2015\/11\/soidaridad-Tao\u00edsta-caridad-daridad-300x201.jpg 300w, https:\/\/www.joventaoista.org\/wp-content\/uploads\/2015\/11\/soidaridad-Tao\u00edsta-caridad-daridad-321x214.jpg 321w, https:\/\/www.joventaoista.org\/wp-content\/uploads\/2015\/11\/soidaridad-Tao\u00edsta-caridad-daridad-140x94.jpg 140w\" sizes=\"(max-width: 310px) 100vw, 310px\" \/><\/a>plantar el bien en todas sus formas; sois vosotros y somos nos el Pueblo Tao Jud\u00edo de Verdad los llamados por los ej\u00e9rcitos del cielo a defender a la propia humanidad de s\u00ed mismos y de las fuerzas del oscurantismo en todos los niveles, aquel oscurantismo ke les vela una realidad ke les llevar\u00eda hacia una absoluta felicidad, que consiste en la liverasel y que al lograrla alcanzar\u00edan la grandeza de poder ir a morar en los sagrados soles de la absoluta kreasel, es por esto ke debemos luchar unidos para poder vencer todo lo ke nos aleja de esa libertad y debemos hacerlo desde lo m\u00e1s \u00ednfimo hasta lo m\u00e1s elevado y ekselso; y como habitantes de la esfera gea sometidos a sus leyes, debemos tambi\u00e9n lograr ke nuestra vida en la gea sea como lo dijo el Veneravle Maestro JAH KELIUM ZEUS INDUZEUS: un cielo en la tierra, por eso es menester recordar akellas luchadoras y akellos luchadores ke desde remotos tiempos hasta la actualidad han llegado pada luchar por la libertad de sus hermagdus, pada lograr ke los oprimidos tengan paz y pan en sus est\u00f3magos y en sus almas, para hacer retroceder la bota opresora kon la ke la bestia todos los d\u00edas aplasta a millones en medio del hambre, la tristeza, la desesperaci\u00f3n y la muerte\u2026. estas guerreras y estos guerreros ke se manifiestan de tiempo en tiempo para ke la humanidad en medio de un ambiente de justicia social m\u00e1s elevada, de equidad pueda recordar su origen y pueda nacer en cada ser humagdu el deseo de tornar a kien lo creo, de tornar a DIOS y nos el pueblo Tao\u00edsta debemos apoyar estas causas encomendadas a la libertad del alma humana en sus expresiones m\u00e1s simples y complejas.<\/span><\/p>\n<p><a href=\"https:\/\/www.joventaoista.org\/alharser-altura-har-del-ser-ekuador\/puevlo-tao-judio-de-verdad-7\/\" rel=\"attachment wp-att-33125\"><img loading=\"lazy\" decoding=\"async\" class=\"wp-image-33125 aligncenter\" src=\"https:\/\/www.joventaoista.org\/wp-content\/uploads\/2015\/09\/puevlo-tao-judio-de-verdad.jpg\" alt=\"\" width=\"310\" height=\"264\" srcset=\"https:\/\/www.joventaoista.org\/wp-content\/uploads\/2015\/09\/puevlo-tao-judio-de-verdad.jpg 765w, https:\/\/www.joventaoista.org\/wp-content\/uploads\/2015\/09\/puevlo-tao-judio-de-verdad-600x511.jpg 600w, https:\/\/www.joventaoista.org\/wp-content\/uploads\/2015\/09\/puevlo-tao-judio-de-verdad-300x256.jpg 300w\" sizes=\"(max-width: 310px) 100vw, 310px\" \/><\/a><\/p>\n<p><span style=\"color: #008000;\">Tenemos por estos d\u00edas en nuestra Naci\u00f3n, en nuestro pa\u00eds Colombia un debate electoral, donde las fuerzas del mal representadas por su borregos quieren perpetuarse en el poder para oprimir, esclavizar, subyugar a las masas y seguir esas elites imperialistas llevando a cabo sus oscuros prop\u00f3sitos en beneficio de ellos y en detrimento de las muchedumbres, empero tambi\u00e9n se levantan dentro del mismo pueblo algunas y algunos llamado por DIOS para ke desde el poder gubernamental puedan mejorar las kondiseles de este pa\u00eds tan afligido por la injusticia, la indiferencia y ke tuvieron la desgracia los gobernantes de la ultra derecha de Colombia de desaparecer de nuestras presencias a los enviados de DIOS, a su sakra familia y a cientos de nuestros hermagdus de los cuales hoy no se conoce de su paradero, no se conoce de sus eksistensias y ke por una gran cantidad de a\u00f1os han estado sufriendo dolores del alma y de la viteria ke solo se viven en este triste estado del eksilio, y que muchos han muerto sus viterias so\u00f1ando con poder ver su patria de nuevo y que se fueron anelando regresar y jam\u00e1s pudieron tornar a su pa\u00eds, otros que viven a\u00fan murieron sus padres y no los pudieron siquiera despedir y si alg\u00fan d\u00eda regresan solo visitaran sus sepulcros o donde quedaron sus restos\u2026. esto y muchas m\u00e1s penurias indecibles suceden a los que su \u00fanico mal fue ser Tao\u00edstas y eso les costo el caro precio de salir a el exilio, debemos hacer algo para ke la situaci\u00f3n en Colombia cambie y puedan llegar al poder seres ke se acerquen m\u00e1s a la justicia, que tengan mayor equidad y siembren en este pa\u00eds la semilla de la esperanza para una vida mejor, es por esto ke les pido a sus mercedes <a href=\"https:\/\/www.joventaoista.org\/komunikado-elekseles-2018-arkangel-miguel\/alexander-lopez\/\" rel=\"attachment wp-att-38780\"><img loading=\"lazy\" decoding=\"async\" class=\" wp-image-38780 alignleft\" src=\"https:\/\/www.joventaoista.org\/wp-content\/uploads\/2018\/03\/alexander-lopez.jpeg\" alt=\"\" width=\"253\" height=\"253\" srcset=\"https:\/\/www.joventaoista.org\/wp-content\/uploads\/2018\/03\/alexander-lopez.jpeg 225w, https:\/\/www.joventaoista.org\/wp-content\/uploads\/2018\/03\/alexander-lopez-100x100.jpeg 100w, https:\/\/www.joventaoista.org\/wp-content\/uploads\/2018\/03\/alexander-lopez-150x150.jpeg 150w, https:\/\/www.joventaoista.org\/wp-content\/uploads\/2018\/03\/alexander-lopez-160x160.jpeg 160w, https:\/\/www.joventaoista.org\/wp-content\/uploads\/2018\/03\/alexander-lopez-60x60.jpeg 60w, https:\/\/www.joventaoista.org\/wp-content\/uploads\/2018\/03\/alexander-lopez-184x184.jpeg 184w\" sizes=\"(max-width: 253px) 100vw, 253px\" \/><\/a>queridos hermagdus ke el pr\u00f3ximo 11 de Marzo del presente luniheliokron elijan al Senador de la Rep\u00fablica al Doctor ALEXANDER L\u00d3PEZ MAYA, este noble guerrero kien ha demostrado kon sus hechos un gran afecto y aprecio por este pueblo; libr\u00e1ndole de complejas situaciones ke amenazaban incluso la existencia de algunos de nuestros hermagdus y haciendo ke nuestra sakra Doktrina Tao\u00edsta sea respetada como es debido, en vez de ser atacada por el mismo Estado como ha sucedido durante m\u00e1s de 40 a\u00f1os y ke hoy por hoy nos acercamos mas a tener una personer\u00eda juridika ke tal vez no sea esa la soluci\u00f3n a todos nuestros problemas o eksijes, pero si nos asegura ke la Doktrina de DIOS sea entregada kon m\u00e1s libertad y no nos traten komo un grupo ilegal al cual se le pueden proferir todo tipo de abusos y vej\u00e1menes sin que nada pase en cuanto a la ley del mismo Estado, \u00e9stas y otras akseles adelanta \u00e9ste Honorable Senador, el cual en los tarjetones esta en las listas del senado en el logo del Polo democr\u00e1tico Alternativo con el s\u00edmero dos, casilla ke debemos marcar en forma correcta para ke sea v\u00e1lida la eleksel, empero tambi\u00e9n hacemos el llamado a vuestras mercedes para ke en forma definida apoyemos a otro var\u00f3n: un gran guerrero ke en Colombia ha sido kien ha destapado en los \u00faltimos a\u00f1os las ollas m\u00e1s podridas de corrupci\u00f3n, paramilitarismo e injusticia, haciendo ke los enemigos del pueblo est\u00e9n pagando por sus delitos atroces en las c\u00e1rceles del pa\u00eds, hablo del Doctor GUSTAVO <a href=\"https:\/\/www.joventaoista.org\/komunikado-elekseles-2018-arkangel-miguel\/petro\/\" rel=\"attachment wp-att-38774\"><img loading=\"lazy\" decoding=\"async\" class=\" wp-image-38774 alignright\" src=\"https:\/\/www.joventaoista.org\/wp-content\/uploads\/2018\/03\/petro.jpg\" alt=\"\" width=\"275\" height=\"275\" srcset=\"https:\/\/www.joventaoista.org\/wp-content\/uploads\/2018\/03\/petro.jpg 400w, https:\/\/www.joventaoista.org\/wp-content\/uploads\/2018\/03\/petro-300x300.jpg 300w, https:\/\/www.joventaoista.org\/wp-content\/uploads\/2018\/03\/petro-100x100.jpg 100w, https:\/\/www.joventaoista.org\/wp-content\/uploads\/2018\/03\/petro-150x150.jpg 150w, https:\/\/www.joventaoista.org\/wp-content\/uploads\/2018\/03\/petro-160x160.jpg 160w, https:\/\/www.joventaoista.org\/wp-content\/uploads\/2018\/03\/petro-240x240.jpg 240w, https:\/\/www.joventaoista.org\/wp-content\/uploads\/2018\/03\/petro-60x60.jpg 60w, https:\/\/www.joventaoista.org\/wp-content\/uploads\/2018\/03\/petro-184x184.jpg 184w\" sizes=\"(max-width: 275px) 100vw, 275px\" \/><\/a>PETRO, con el kual hemos siempre coincidido en las m\u00e1s elevadas propuestas para cambiar el curso por el ke va el Estado Colombiano y ke por estos d\u00edas es pre-candidato a la presidencia de la Republica y ke sus propuestas est\u00e1n entre las m\u00e1s convenientes para nuestro pa\u00eds, pues van encaminadas a la protecci\u00f3n de la misma gea, del ambiente, a mejorar las condiseles salariales de los Colombianos, a lograr una mejor educaci\u00f3n para las juventudes la cual sea gratuita como debe ser en un Estado constitucional y social de derecho, a producir en el pa\u00eds formas y estructuras econ\u00f3micas ke no dependan del extractivismo petrolero ke tanto da\u00f1o le hace a la naturaleza sali\u00e9ndose de la mono exportaci\u00f3n, migrando a la produksel de alisiertos limpios pada el pa\u00eds y el mundo, tambi\u00e9n mejorando los servicios de salud en el pa\u00eds y algo muy importante: promoviendo un tipo de medicina preventiva, ke las multinacionales impiden ke se desarrollen en los pa\u00edses para mantener enfermos a sus pobladores, y ke en ese aspekto podemos aportar mucho a esa causa como Doktrina Taoista, por \u00e9stos y otros aspektos pido a sus mersedes pueblo de DIOS apoyemos a \u00e9ste gran ser, kien tambi\u00e9n el pr\u00f3ximo 11 de Marzo participar\u00e1 en una consulta interpartidista y se debe solicitar en las urnas el tarjet\u00f3n naranja y marcar la casilla del Doctor GUSTAVO PETRO para ke \u00e9l sea el candidato Presidencial de la Colombia Humana y as\u00ed mismo dar un golpe de autoridad a las consultas de la ultra derecha y pueda el pr\u00f3ximo 27 de mayo ser elegido como Presidente de la Rep\u00fablica y as\u00ed tenga el poder para mejorar en muchos aspectos ha nuestro pa\u00eds, as\u00ed ke apoyemos a estos dos varones: ALEXANDER L\u00d3PEZ al senado y GUSTAVO PETRO a la presidencia de la Rep\u00fablica de Colombia.<\/span><\/p>\n<p><span style=\"color: #008000;\">\u00a0<a href=\"https:\/\/www.joventaoista.org\/komunikado-elekseles-2018-arkangel-miguel\/simon-bolivar\/\" rel=\"attachment wp-att-38786\"><img loading=\"lazy\" decoding=\"async\" class=\"size-full wp-image-38786 aligncenter\" src=\"https:\/\/www.joventaoista.org\/wp-content\/uploads\/2018\/03\/simon-bolivar.jpeg\" alt=\"\" width=\"246\" height=\"205\" \/><\/a>Grat\u00edsimas queridos hermagdus por atender mis palabras y sabemos que contamos con su valiosa ayuda como soldados de este ejercito de DIOS en la gea y os convoco tambi\u00e9n a que no solo sean sus mercedes, cada uno y cada una convenza a 10 Seres m\u00e1s pada que as\u00ed sean sus mercedes multiplicadores en esta labor y as\u00ed se consoliden estas vondades que son para su propio beneficio y el de las grandes multitudes que yacen en la miseria, la ruina y la muerte por el hambre la violencia y la injusticia .<\/span><\/p>\n<p><span style=\"color: #008000;\">Venditas y venditos sean por atender mis palabras y acatarlas\u2026 gratitud, os sea multiplicada a sus mercedes y a sus parentelas.<\/span><\/p>\n<p><span style=\"color: #008000;\">Gratitud a todas y todos y que los Veneravles Maestros JHA KELIUM ZEUS INDUSEUS y SAMAEL JOAB VATOR WEOR nos Vendigan a todos y todas. Estas palabras las dirige a Vuestras mercedes vuestro servidor MIGUEL, ki\u00e9n est\u00e1 por los hijos del Pueblo de DIOS, su servidor.<\/span><\/p>\n<h3 style=\"text-align: left;\"><span style=\"color: #008000;\"> EL GRAN KOMENDADOR<\/span><\/h3>\n<p align=\"center\"><iframe loading=\"lazy\" src=\"https:\/\/www.youtube.com\/embed\/u7QN55ioZkM\" width=\"560\" height=\"315\" frameborder=\"0\" allowfullscreen=\"allowfullscreen\"><\/iframe><\/p>\n<div style=\"width: 640px;\" class=\"wp-video\"><video class=\"wp-video-shortcode\" id=\"video-38794-1\" width=\"640\" height=\"360\" preload=\"metadata\" controls=\"controls\"><source type=\"video\/mp4\" src=\"https:\/\/www.joventaoista.org\/wp-content\/uploads\/2018\/03\/ALEKSANDER-LOPES-A-TAOISTAS.mp4?_=1\" \/><a href=\"https:\/\/www.joventaoista.org\/wp-content\/uploads\/2018\/03\/ALEKSANDER-LOPES-A-TAOISTAS.mp4\">https:\/\/www.joventaoista.org\/wp-content\/uploads\/2018\/03\/ALEKSANDER-LOPES-A-TAOISTAS.mp4<\/a><\/video><\/div>\n<div style=\"width: 854px;\" class=\"wp-video\"><video class=\"wp-video-shortcode\" id=\"video-38794-2\" width=\"854\" height=\"480\" preload=\"metadata\" controls=\"controls\"><source type=\"video\/mp4\" src=\"https:\/\/www.joventaoista.org\/wp-content\/uploads\/2018\/03\/PETRO-A-LA-KOMUNIDAD-TAOISTA.mp4?_=2\" \/><a href=\"https:\/\/www.joventaoista.org\/wp-content\/uploads\/2018\/03\/PETRO-A-LA-KOMUNIDAD-TAOISTA.mp4\">https:\/\/www.joventaoista.org\/wp-content\/uploads\/2018\/03\/PETRO-A-LA-KOMUNIDAD-TAOISTA.mp4<\/a><\/video><\/div>\n<p>&nbsp;<\/p>\n","protected":false},"excerpt":{"rendered":"<p>PISIS 9 DE EL LUNIHELIOKRON \u00832023 D\u00cdA DE LA LUNA DESPU\u00c9S DE EL NASISIERTO DE EL GRAN SHILHOH Ke seg\u00fan sat\u00e1n es Marzo 4 del a\u00f1o 2018 d\u00eda Domingo Dise el Veneravle Elohim Miguel Wehorsshamaddihaael: Tengan sus mercedes hermagdus del Pueblo de DIOS un excelente d\u00eda de salud bienestar y alegr\u00eda lleno de sabidur\u00eda, buena [&hellip;]<\/p>\n","protected":false},"author":6,"featured_media":0,"comment_status":"open","ping_status":"open","sticky":false,"template":"","format":"standard","meta":{"_et_pb_use_builder":"","_et_pb_old_content":"","_et_gb_content_width":"","footnotes":""},"categories":[133,898,97],"tags":[3413,923,3391],"class_list":["post-38794","post","type-post","status-publish","format-standard","hentry","category-destakados","category-elohim-miguel-eo","category-eventos-eo","tag-alexander-lopez","tag-gustavo-petro","tag-polietica"],"_links":{"self":[{"href":"https:\/\/www.joventaoista.org\/eo\/wp-json\/wp\/v2\/posts\/38794","targetHints":{"allow":["GET"]}}],"collection":[{"href":"https:\/\/www.joventaoista.org\/eo\/wp-json\/wp\/v2\/posts"}],"about":[{"href":"https:\/\/www.joventaoista.org\/eo\/wp-json\/wp\/v2\/types\/post"}],"author":[{"embeddable":true,"href":"https:\/\/www.joventaoista.org\/eo\/wp-json\/wp\/v2\/users\/6"}],"replies":[{"embeddable":true,"href":"https:\/\/www.joventaoista.org\/eo\/wp-json\/wp\/v2\/comments?post=38794"}],"version-history":[{"count":2,"href":"https:\/\/www.joventaoista.org\/eo\/wp-json\/wp\/v2\/posts\/38794\/revisions"}],"predecessor-version":[{"id":38816,"href":"https:\/\/www.joventaoista.org\/eo\/wp-json\/wp\/v2\/posts\/38794\/revisions\/38816"}],"wp:attachment":[{"href":"https:\/\/www.joventaoista.org\/eo\/wp-json\/wp\/v2\/media?parent=38794"}],"wp:term":[{"taxonomy":"category","embeddable":true,"href":"https:\/\/www.joventaoista.org\/eo\/wp-json\/wp\/v2\/categories?post=38794"},{"taxonomy":"post_tag","embeddable":true,"href":"https:\/\/www.joventaoista.org\/eo\/wp-json\/wp\/v2\/tags?post=38794"}],"curies":[{"name":"wp","href":"https:\/\/api.w.org\/{rel}","templated":true}]}}