{"id":39008,"date":"2018-03-10T16:15:17","date_gmt":"2018-03-10T16:15:17","guid":{"rendered":"https:\/\/www.joventaoista.org\/?p=39008"},"modified":"2018-03-10T17:25:19","modified_gmt":"2018-03-10T17:25:19","slug":"sigue-el-frio-en-la-esfera-sitisiero-jueves","status":"publish","type":"post","link":"https:\/\/www.joventaoista.org\/eo\/sigue-el-frio-en-la-esfera-sitisiero-jueves\/","title":{"rendered":"Sigue el Frio en la esfera, Sitisiero jueves."},"content":{"rendered":"<h2><span style=\"color: #ff0000;\">EL CAMPO MAGNETICO DEL SOL SE DEVILITA Y LOS RAYOS KOSMIKOS ENTRAN<\/span><\/h2>\n<ol>\n<li><span style=\"color: #0000ff;\"><em> La cantidad de manchas solares durante todo el ciclo solar disminuy\u00f3 significativamente en un 50% o m\u00e1s.<\/em><\/span><\/li>\n<li><span style=\"color: #0000ff;\"><em> Hubo menos erupciones solares y eyecciones de masa coronal (CME), que produce eventos de protones solares (SPE) y tormentas geomagn\u00e9ticas en la Tierra.\u00a0Durante la transici\u00f3n, que comenz\u00f3 en julio de 2000, el sol produjo 6 explosiones masivas en r\u00e1pida sucesi\u00f3n.\u00a0Cada una de estas explosiones produjo eventos de protones solares con un flujo de protones superior a 10.000 ufp&gt;&gt; 10 MeV.\u00a0Esto ocurri\u00f3 en julio de 2000, noviembre de 2000, septiembre de 2001, dos en noviembre de 2001 y uno final en octubre de 2003.\u00a0Y no ha habido ninguno de esta magnitud desde entonces.\u00a0<sup>2<\/sup><\/em><\/span><\/li>\n<li><span style=\"color: #0000ff;\"><em> El campo magn\u00e9tico ejercido por el sol se debilit\u00f3 significativamente.\u00a0El \u00edndice planetario magn\u00e9tico promedio (\u00edndice Ap) es una medida aproximada de la intensidad de la actividad magn\u00e9tica solar ya que altera el campo geomagn\u00e9tico en la Tierra.\u00a0Ha sido referido como el criterio com\u00fan para la actividad magn\u00e9tica solar.\u00a0Las mediciones del \u00edndice Ap comenzaron en enero de 1932. Cuanto m\u00e1s silencioso es el sol magn\u00e9ticamente, menor es el \u00edndice Ap.\u00a0Durante los 822 meses entre enero de 1932 y junio de 2000, solo un mes tuvo un \u00edndice Ap promedio que baj\u00f3 a 4. Pero durante los 186 meses entre julio de 2000 y diciembre de 2015, el \u00edndice Ap mensual cay\u00f3 a 4 o menos en 15 ocasiones.\u00a0<sup>3<\/sup><\/em><\/span><\/li>\n<li><span style=\"color: #0000ff;\"><em> En general, la irradiancia total del sol var\u00eda alrededor de 0.1 por ciento sobre los ciclos solares normales.\u00a0Pero esta variaci\u00f3n no es lineal en todo el espectro de radiaci\u00f3n.\u00a0Entre 2004 y 2007, se observ\u00f3 que la disminuci\u00f3n de la radiaci\u00f3n ultravioleta (con longitudes de onda de 400 nan\u00f3metros) fue de 4 a 6 veces mayor de lo esperado, mientras que la luz visible (400-700 nan\u00f3metros) mostr\u00f3 un ligero aumento.\u00a0<sup>5<\/sup>Esto es significativo porque el flujo UV solar es un importante impulsor de la qu\u00edmica estratosf\u00e9rica.<\/em><\/span><\/li>\n<li><span style=\"color: #0000ff;\"><em> La atm\u00f3sfera superior de la Tierra colaps\u00f3.\u00a0La termosfera var\u00eda en altitud desde 90 km hasta m\u00e1s de 600 km sobre la superficie de la Tierra.\u00a0Durante la profundidad del \u00faltimo m\u00ednimo solar en 2008-2009, la temperatura se contrajo en la mayor cantidad observada en al menos los \u00faltimos 43 a\u00f1os.\u00a0La magnitud del colapso fue de dos a tres veces mayor de lo que la baja actividad solar podr\u00eda explicar.\u00a0<sup>6<\/sup><\/em><\/span><\/li>\n<li><span style=\"color: #0000ff;\"><em> El flujo de radio solar durante el pico del ciclo solar disminuy\u00f3 significativamente.\u00a0El \u00edndice F10.7 es una medida del flujo de radio solar por frecuencia de unidad a una longitud de onda de 10.7 cm, cerca del pico de la emisi\u00f3n de radio solar observada.\u00a0El m\u00ednimo del ciclo solar produjo el flujo F10.7 m\u00e1s bajo desde que las grabaciones comenzaron en febrero de 1947.\u00a0<sup>7<\/sup><\/em><\/span><\/li>\n<\/ol>\n<h3 style=\"text-align: center;\"><span style=\"color: #ff0000;\"><em>LA GEA Y LA ANOMALIA DEL ATLANTICO SUR<\/em><\/span><\/h3>\n<p><a href=\"https:\/\/www.joventaoista.org\/1-semanario-notitao-el-clima\/1campo-magnetico\/\" rel=\"attachment wp-att-38897\"><img loading=\"lazy\" decoding=\"async\" class=\"wp-image-38897 aligncenter\" src=\"https:\/\/www.joventaoista.org\/wp-content\/uploads\/2018\/03\/1campo-magnetico-.png\" alt=\"\" width=\"466\" height=\"262\" srcset=\"https:\/\/www.joventaoista.org\/wp-content\/uploads\/2018\/03\/1campo-magnetico-.png 814w, https:\/\/www.joventaoista.org\/wp-content\/uploads\/2018\/03\/1campo-magnetico--600x338.png 600w, https:\/\/www.joventaoista.org\/wp-content\/uploads\/2018\/03\/1campo-magnetico--300x169.png 300w, https:\/\/www.joventaoista.org\/wp-content\/uploads\/2018\/03\/1campo-magnetico--768x432.png 768w\" sizes=\"(max-width: 466px) 100vw, 466px\" \/><\/a><\/p>\n<p style=\"text-align: center;\"><span style=\"color: #0000ff;\"><em>Anom\u00e1lia del Atl\u00e1ntico Sur<\/em><em><br \/>\n<\/em><\/span><\/p>\n<p><span style=\"color: #0000ff;\"><em>La Anomal\u00eda del Atl\u00e1ntico Sur es una regi\u00f3n sobre este oc\u00e9ano en la que el campo magn\u00e9tico terrestre se encuentra hundido hasta el punto de que provoca un abultamiento abajo en el cintur\u00f3n inferior de Van Allen. Como resultado, el cintur\u00f3n de Van Allen est\u00e1 a solo unos cientos de kil\u00f3metros de la superficie. Los pilotos de avi\u00f3n evitan pasar por esta zona a gran altura porque la radiaci\u00f3n solar es mayor. Tambi\u00e9n la evitan los sat\u00e9lites.<\/em><\/span><\/p>\n<p><span style=\"color: #0000ff;\"><em>Seg\u00fan el director del Laboratorio de F\u00edsica Espacial y Atmosf\u00e9rica de la Universidad de Colorado (EE.UU.), Daniel Baker, los campos magn\u00e9ticos de la Tierra se han debilitado un 15% en los \u00faltimos 200 a\u00f1os, lo cual podr\u00eda ser una se\u00f1al de que el Polo Norte y el Polo Sur est\u00e1n cerca de intercambiar posiciones.<\/em><\/span><\/p>\n<p><a href=\"https:\/\/www.joventaoista.org\/1-semanario-notitao-el-clima\/2-energia-gea\/\" rel=\"attachment wp-att-38903\"><img loading=\"lazy\" decoding=\"async\" class=\"size-full wp-image-38903 aligncenter\" src=\"https:\/\/www.joventaoista.org\/wp-content\/uploads\/2018\/03\/2-energia-gea.jpg\" alt=\"\" width=\"400\" height=\"285\" srcset=\"https:\/\/www.joventaoista.org\/wp-content\/uploads\/2018\/03\/2-energia-gea.jpg 400w, https:\/\/www.joventaoista.org\/wp-content\/uploads\/2018\/03\/2-energia-gea-300x214.jpg 300w\" sizes=\"(max-width: 400px) 100vw, 400px\" \/><\/a><\/p>\n<p><span style=\"color: #0000ff;\">Campo magn\u00e9tico terrestre en 2016. En azul, las zonas m\u00e1s d\u00e9biles. En rojo las zonas m\u00e1s fuertes. (V\u00eddeo ESA)<\/span><\/p>\n<p><span style=\"color: #0000ff;\">\u201cClaramente se nota que el campo se ha debilitado en alrededor de 3,5% m\u00e1s en las altas latitudes de Am\u00e9rica del Norte, mientras que se ha reforzado alrededor del 2% sobre Asia\u201d, informa su estudio.<\/span><\/p>\n<p><span style=\"color: #0000ff;\">La imagen es reveladora en cuando a la baja del campo magn\u00e9tico en Sudam\u00e9rica y en el Atl\u00e1ntico Sur.<\/span><\/p>\n<p><span style=\"color: #0000ff;\">\u201cLa regi\u00f3n donde el campo es m\u00e1s d\u00e9bil \u2013 la Anomal\u00eda del Atl\u00e1ntico Sur \u2013\u00a0<span style=\"color: #ff0000;\">se ha movido constantemente hacia el oeste y a\u00fan est\u00e1 m\u00e1s debilitado por alrededor de un 2%\u201d<\/span>, destacaron los investigadores.<\/span><\/p>\n<p><a href=\"https:\/\/www.joventaoista.org\/1-semanario-notitao-el-clima\/3-gea\/\" rel=\"attachment wp-att-38909\"><img loading=\"lazy\" decoding=\"async\" class=\"size-full wp-image-38909 aligncenter\" src=\"https:\/\/www.joventaoista.org\/wp-content\/uploads\/2018\/03\/3-gea-.jpg\" alt=\"\" width=\"430\" height=\"300\" srcset=\"https:\/\/www.joventaoista.org\/wp-content\/uploads\/2018\/03\/3-gea-.jpg 430w, https:\/\/www.joventaoista.org\/wp-content\/uploads\/2018\/03\/3-gea--300x209.jpg 300w\" sizes=\"(max-width: 430px) 100vw, 430px\" \/><\/a><\/p>\n<p><span style=\"color: #0000ff;\">El campo magn\u00e9tico de la Tierra est\u00e1 cambiando. En azul donde est\u00e1 disminuyendo y en rojo, donde se est\u00e1 acelerando. (Agencia Espacial Europea, ESA)<\/span><\/p>\n<h3 style=\"text-align: center;\"><span style=\"color: #0000ff;\"><span style=\"color: #ff0000;\"><em>A\u00f1o Nuevo Lunar Chino del Perro inicia con un eclipse solar<\/em>\u00a0\u00a0\u00a0<\/span> <\/span><\/h3>\n<p><a href=\"https:\/\/www.joventaoista.org\/1-semanario-notitao-el-clima\/4-an%cc%83o-nuevo\/\" rel=\"attachment wp-att-38915\"><img loading=\"lazy\" decoding=\"async\" class=\"size-full wp-image-38915 aligncenter\" src=\"https:\/\/www.joventaoista.org\/wp-content\/uploads\/2018\/03\/4-an\u0303o-nuevo.jpg\" alt=\"\" width=\"384\" height=\"276\" srcset=\"https:\/\/www.joventaoista.org\/wp-content\/uploads\/2018\/03\/4-an\u0303o-nuevo.jpg 384w, https:\/\/www.joventaoista.org\/wp-content\/uploads\/2018\/03\/4-an\u0303o-nuevo-300x216.jpg 300w\" sizes=\"(max-width: 384px) 100vw, 384px\" \/><\/a><\/p>\n<p><span style=\"color: #0000ff;\">Ocurrir\u00e1 con el Sol y la Luna en <span style=\"color: #ff0000;\">la\u00a0constelaci\u00f3n de Acuario<\/span>,\u00a0\u00a0cerca de los planetas\u00a0<span style=\"color: #ff0000;\">Venus y Neptuno<\/span>,\u00a0en la misma casa.<\/span><\/p>\n<p><span style=\"color: #0000ff;\">La Luna se alinear\u00e1 con Venus y Neptuno 24 horas despu\u00e9s, y el Sol har\u00e1 su conjunci\u00f3n con Venus el 17 de febrero, a las 13:08, hora UT.<\/span><\/p>\n<p><span style=\"color: #0000ff;\">Las alineaciones causan disturbios en el flujo de las part\u00edculas solares, lo que influye en las mareas y la intensidad de los sismos; sin embargo el Sol est\u00e1 en un per\u00edodo de poca actividad, caracter\u00edstico de su entrada al M\u00ednimo Solar, que se repite cada 11 a\u00f1os.<\/span><\/p>\n<h3 style=\"text-align: center;\"><span style=\"color: #ff0000;\">5 DIAS DESPUES DEL ECLIPSE Y LA ENTRADA DEL NUEVO HELIOKRON CHINO KON EL A\u00d1O DEL PERRO SE TERMINO EL FRENTE DE DEFENSA.<\/span><\/h3>\n<p><a href=\"https:\/\/www.joventaoista.org\/1-semanario-notitao-el-clima\/5-eclipse\/\" rel=\"attachment wp-att-38921\"><img loading=\"lazy\" decoding=\"async\" class=\"size-full wp-image-38921 aligncenter\" src=\"https:\/\/www.joventaoista.org\/wp-content\/uploads\/2018\/03\/5-eclipse.jpg\" alt=\"\" width=\"348\" height=\"218\" srcset=\"https:\/\/www.joventaoista.org\/wp-content\/uploads\/2018\/03\/5-eclipse.jpg 348w, https:\/\/www.joventaoista.org\/wp-content\/uploads\/2018\/03\/5-eclipse-300x188.jpg 300w\" sizes=\"(max-width: 348px) 100vw, 348px\" \/><\/a><\/p>\n<h4 style=\"text-align: center;\"><span style=\"color: #ff0000;\"><em>LA PROFESIA DE KRSITO PADA LA GEA<\/em><\/span><\/h4>\n<h4 style=\"text-align: left;\"><span style=\"color: #0000ff;\">\u00a0\u201c Y POR HAVERSE MULTIPLIKADO LA MALDAD, EL AMOR DE MUCHOS SE RESFRIARA \u201dO ENFRIARA \u2013 VITEOS 24 VERSO 12.<\/span><\/h4>\n<p><span style=\"color: #0000ff;\"><em>MAS EL KE PERSEVERARE HASTA EL FINAL ESE, SERA SALVO. VERSO 13.<\/em><\/span><\/p>\n<h3 style=\"text-align: center;\"><span style=\"color: #ff0000;\"><em>EL FRIO POLAR LA BESTIA DEL ESTE LLEGO A EUROPA<\/em><\/span><\/h3>\n<p><a href=\"https:\/\/www.joventaoista.org\/1-semanario-notitao-el-clima\/6-calor-gea\/\" rel=\"attachment wp-att-38927\"><img loading=\"lazy\" decoding=\"async\" class=\"size-full wp-image-38927 aligncenter\" src=\"https:\/\/www.joventaoista.org\/wp-content\/uploads\/2018\/03\/6-calor-gea.jpg\" alt=\"\" width=\"367\" height=\"249\" srcset=\"https:\/\/www.joventaoista.org\/wp-content\/uploads\/2018\/03\/6-calor-gea.jpg 367w, https:\/\/www.joventaoista.org\/wp-content\/uploads\/2018\/03\/6-calor-gea-300x204.jpg 300w, https:\/\/www.joventaoista.org\/wp-content\/uploads\/2018\/03\/6-calor-gea-140x94.jpg 140w\" sizes=\"(max-width: 367px) 100vw, 367px\" \/><\/a><\/p>\n<h3><span style=\"color: #ff0000;\">Ola de fr\u00edo siberiano deja al menos 24 muertos<\/span><\/h3>\n<h3><span style=\"color: #0000ff;\"><a style=\"color: #0000ff;\" href=\"https:\/\/www.elespectador.com\/noticias\/el-mundo\">El Mundo<\/a><\/span><\/h3>\n<p><span style=\"color: #0000ff;\">28 Feb 2018 &#8211; 5:35 AM<\/span><\/p>\n<p><span style=\"color: #0000ff;\">AFP<\/span><\/p>\n<p><span style=\"color: #0000ff;\">Hay alerta ante las temperaturas glaciales, de hasta -24\u00baC en algunas partes de Alemania y de -29\u00baC durante la noche en Estonia.<\/span><\/p>\n<h3><span style=\"color: #0000ff;\">La ola de fr\u00edo polar en Europa deja ya 38 muertos<\/span><\/h3>\n<p><span style=\"color: #0000ff;\">La mayor cantidad de v\u00edctimas se ha contabilizado en Hungr\u00eda, donde 21 personas han perdido la vida entre el domingo y este mi\u00e9rcoles<\/span><\/p>\n<h3 style=\"text-align: center;\"><span style=\"color: #ff0000;\"><em>El FRIO HOY<\/em><\/span><\/h3>\n<p><a href=\"https:\/\/www.joventaoista.org\/1-semanario-notitao-el-clima\/7-frio\/\" rel=\"attachment wp-att-38933\"><img loading=\"lazy\" decoding=\"async\" class=\"size-full wp-image-38933 aligncenter\" src=\"https:\/\/www.joventaoista.org\/wp-content\/uploads\/2018\/03\/7-frio-.jpg\" alt=\"\" width=\"269\" height=\"152\" \/><\/a><\/p>\n<p><span style=\"color: #0000ff;\">\u201cEsto es cierto: hay pruebas abrumadoras de que los cambios en el \u00c1rtico afectar\u00e1n nuestro clima\u201d, agreg\u00f3. Por lo pronto, Europa hace frente a uno de los temporales m\u00e1s fr\u00edos de toda su historia. La ola de fr\u00edo siberiano ha provocado casi 50 muertos, entre ellos varias personas en situaci\u00f3n de calle, seguir\u00e1 este jueves y afectar\u00e1 enormemente a la mayor\u00eda de los medios de transportes en el continente.<\/span><\/p>\n<p><span style=\"color: #0000ff;\"><a style=\"color: #0000ff;\" href=\"https:\/\/www.afp.com\/es\/noticias\/211\/casi-50-muertos-en-la-ola-de-frio-que-azota-europa-doc-11h5pe4\">De acuerdo con el conteo de la Agencia de Prensa Francesa, la AFP<\/a>, la lista de muertos va de la siguiente manera: 18 en Polonia, seis en Rep\u00fablica Checa, cinco en Lituania, cuatro en Francia y Eslovaquia, dos en Italia, Ruman\u00eda, Serbia y Eslovenia, uno en Holanda, uno en Reino Unido y otro en Espa\u00f1a.<\/span><\/p>\n<p><span style=\"color: #0000ff;\">En la madrugada del mi\u00e9rcoles, el term\u00f3metro descendio hasta -21\u00b0C en las regiones monta\u00f1osas de Croacia y Bosnia, -20\u00b0C en L\u00fcbeck, en el norte de Alemania, -19\u00b0C en el sur de Polonia, -18\u00b0C cerca de Lieja, en B\u00e9lgica, y -10\u00b0C en los alrededores de Londres.<\/span><\/p>\n<p><span style=\"color: #0000ff;\">En Suiza, se registr\u00f3 una marca de -36\u00b0C en Glattalp, a mil 850 metros de altura, un lugar deshabitado donde son frecuentes estas temperaturas extremas.<\/span><\/p>\n<p><span style=\"color: #0000ff;\"><a style=\"color: #0000ff;\" href=\"http:\/\/www.eltiempo.com\/mundo\/europa\">EUROPA<\/a>\u00a010:37 A.M.<\/span><\/p>\n<h3 style=\"text-align: center;\"><span style=\"color: #ff0000;\">Impresionantes im\u00e1genes de ola de fr\u00edo siberiano que se toma Europa<\/span><\/h3>\n<p><span style=\"color: #0000ff;\">En solo Polonia, la denominada &#8216;Bestia del Este&#8217; dej\u00f3 cinco muertos en la noche del jueves.<\/span><\/p>\n<p><span style=\"color: #0000ff;\">\u00a0 \u00a0 \u00a0\u00a0<a href=\"https:\/\/www.joventaoista.org\/1-semanario-notitao-el-clima\/1frio-europa\/\" rel=\"attachment wp-att-38952\"><img loading=\"lazy\" decoding=\"async\" class=\"alignnone size-full wp-image-38952\" src=\"https:\/\/www.joventaoista.org\/wp-content\/uploads\/2018\/03\/1frio-europa.png\" alt=\"\" width=\"603\" height=\"265\" srcset=\"https:\/\/www.joventaoista.org\/wp-content\/uploads\/2018\/03\/1frio-europa.png 603w, https:\/\/www.joventaoista.org\/wp-content\/uploads\/2018\/03\/1frio-europa-600x264.png 600w, https:\/\/www.joventaoista.org\/wp-content\/uploads\/2018\/03\/1frio-europa-300x132.png 300w\" sizes=\"(max-width: 603px) 100vw, 603px\" \/><\/a><\/span><\/p>\n<h3 style=\"text-align: center;\"><span style=\"color: #0000ff;\">La ola de fr\u00edo siberiano se cobra decenas de muertos en Europa y enfila las islas Brit\u00e1nicas<\/span><\/h3>\n<ul>\n<li><span style=\"color: #0000ff;\">Las temperaturas siguen siendo g\u00e9lidas, con m\u00ednimas de -28,7 grados en Polonia<\/span><\/li>\n<li><span style=\"color: #0000ff;\">Reino Unido e Irlanda se preparan para las peores tormentas y nevadas en d\u00e9cadas<\/span><\/li>\n<li><span style=\"color: #0000ff;\">Los aeropuertos de Dubl\u00edn, Glasgow y Edimburgo permanecen cerrados por\u00a0<em>Emma<\/em><\/span><\/li>\n<\/ul>\n<p><span style=\"color: #0000ff;\">01.03.2018\u00a0|\u00a0actualizaci\u00f3n\u00a022h17<\/span><\/p>\n<p><a href=\"https:\/\/www.joventaoista.org\/1-semanario-notitao-el-clima\/2-frios\/\" rel=\"attachment wp-att-38958\"><img loading=\"lazy\" decoding=\"async\" class=\"size-full wp-image-38958 aligncenter\" src=\"https:\/\/www.joventaoista.org\/wp-content\/uploads\/2018\/03\/2-frios.jpg\" alt=\"\" width=\"297\" height=\"199\" srcset=\"https:\/\/www.joventaoista.org\/wp-content\/uploads\/2018\/03\/2-frios.jpg 297w, https:\/\/www.joventaoista.org\/wp-content\/uploads\/2018\/03\/2-frios-140x94.jpg 140w\" sizes=\"(max-width: 297px) 100vw, 297px\" \/><\/a><\/p>\n<p><span style=\"color: #0000ff;\"><u>EUROPA<\/u><\/span><\/p>\n<h3><span style=\"color: #0000ff;\">Alerta roja en el Reino Unido por la ola de fr\u00edo siberiano [FOTOS]<\/span><\/h3>\n<p><span style=\"color: #ff0000;\">&#8220;La Bestia del Este&#8221; afect\u00f3 los viajes por tierra y aire de miles de personas y llev\u00f3 al cierre de cientos de escuelas<\/span><\/p>\n<p><span style=\"color: #0000ff;\"><em><a href=\"https:\/\/www.joventaoista.org\/1-semanario-notitao-el-clima\/captura-de-pantalla-2018-03-10-a-las-8-39-35-a-m\/\" rel=\"attachment wp-att-38964\"><img loading=\"lazy\" decoding=\"async\" class=\"size-full wp-image-38964 aligncenter\" src=\"https:\/\/www.joventaoista.org\/wp-content\/uploads\/2018\/03\/Captura-de-pantalla-2018-03-10-a-las-8.39.35-a.m..png\" alt=\"\" width=\"547\" height=\"226\" srcset=\"https:\/\/www.joventaoista.org\/wp-content\/uploads\/2018\/03\/Captura-de-pantalla-2018-03-10-a-las-8.39.35-a.m..png 547w, https:\/\/www.joventaoista.org\/wp-content\/uploads\/2018\/03\/Captura-de-pantalla-2018-03-10-a-las-8.39.35-a.m.-300x124.png 300w\" sizes=\"(max-width: 547px) 100vw, 547px\" \/><\/a>\u00a0<\/em><\/span><\/p>\n<p><a href=\"https:\/\/www.joventaoista.org\/1-semanario-notitao-el-clima\/espritu-de-guerra\/\" rel=\"attachment wp-att-38976\"><img loading=\"lazy\" decoding=\"async\" class=\"wp-image-38976 aligncenter\" src=\"https:\/\/www.joventaoista.org\/wp-content\/uploads\/2018\/03\/ESPRITU-DE-GUERRA.png\" alt=\"\" width=\"521\" height=\"608\" srcset=\"https:\/\/www.joventaoista.org\/wp-content\/uploads\/2018\/03\/ESPRITU-DE-GUERRA.png 429w, https:\/\/www.joventaoista.org\/wp-content\/uploads\/2018\/03\/ESPRITU-DE-GUERRA-257x300.png 257w\" sizes=\"(max-width: 521px) 100vw, 521px\" \/><\/a><\/p>\n<p>&nbsp;<\/p>\n<p>&nbsp;<\/p>\n<p><span style=\"color: #0000ff;\">\u00a0\u00a0\u00a0\u00a0\u00a0\u00a0\u00a0\u00a0\u00a0\u00a0\u00a0<a href=\"https:\/\/www.joventaoista.org\/1-semanario-notitao-el-clima\/abadon\/\" rel=\"attachment wp-att-38982\"><img loading=\"lazy\" decoding=\"async\" class=\"size-full wp-image-38982 aligncenter\" src=\"https:\/\/www.joventaoista.org\/wp-content\/uploads\/2018\/03\/abadon.png\" alt=\"\" width=\"502\" height=\"339\" srcset=\"https:\/\/www.joventaoista.org\/wp-content\/uploads\/2018\/03\/abadon.png 502w, https:\/\/www.joventaoista.org\/wp-content\/uploads\/2018\/03\/abadon-300x203.png 300w, https:\/\/www.joventaoista.org\/wp-content\/uploads\/2018\/03\/abadon-140x94.png 140w\" sizes=\"(max-width: 502px) 100vw, 502px\" \/><\/a><\/span><\/p>\n<h3 style=\"text-align: center;\"><span style=\"color: #0000ff;\"><em>SISMOS EN LA TIERRA Y EL CINTURON DE FUEGO<\/em><\/span><\/h3>\n<p><a href=\"https:\/\/www.joventaoista.org\/1-semanario-notitao-el-clima\/cordon-de-fuego\/\" rel=\"attachment wp-att-38988\"><img loading=\"lazy\" decoding=\"async\" class=\"size-full wp-image-38988 aligncenter\" src=\"https:\/\/www.joventaoista.org\/wp-content\/uploads\/2018\/03\/cordon-de-fuego.jpg\" alt=\"\" width=\"423\" height=\"237\" srcset=\"https:\/\/www.joventaoista.org\/wp-content\/uploads\/2018\/03\/cordon-de-fuego.jpg 423w, https:\/\/www.joventaoista.org\/wp-content\/uploads\/2018\/03\/cordon-de-fuego-300x168.jpg 300w\" sizes=\"(max-width: 423px) 100vw, 423px\" \/><\/a><\/p>\n<p><span style=\"color: #0000ff;\">La sucesi\u00f3n de temblores, toda ella, se ha concentrado en zonas donde existen volcanes, los cuales han estado en constante actividad o han empezado a despertar, debido al movimiento tect\u00f3nico de las placas y la propia concentraci\u00f3n de energ\u00eda, los volcanes que han estado haciendo erupci\u00f3n en este a\u00f1o 2018 y parte final del 2017, son:<\/span><\/p>\n<p><span style=\"color: #0000ff;\">Popocat\u00e9petl, actividad ininterrumpida.<\/span><\/p>\n<p><span style=\"color: #0000ff;\">Volc\u00e1n Sinabung, Sumatra Indonesia, 19 de Febrero de 2018, hab\u00eda estado dormido por 400 a\u00f1os, despert\u00f3 en 2010.<\/span><\/p>\n<p><span style=\"color: #0000ff;\">Volc\u00e1n de fuego de Guatemala el 2 de Febrero de 2018<\/span><\/p>\n<p><span style=\"color: #0000ff;\">Volc\u00e1n May\u00f3n de Filipinas el 24 de Enero de 2018<\/span><\/p>\n<p><span style=\"color: #0000ff;\">Monte Shirane Jap\u00f3n, 23 de Enero de 2018<\/span><\/p>\n<p><span style=\"color: #0000ff;\">El Reventador en Ecuador el 21 de Diciembre de 2017<\/span><\/p>\n<p><span style=\"color: #0000ff;\">Volc\u00e1n Agung en Bali, el 27 de Noviembre de 2017<\/span><\/p>\n<p>&nbsp;<\/p>\n<p><span style=\"color: #0000ff;\">Los cient\u00edficos consideran que hay volcanes propensos a hacer erupci\u00f3n en 2018, debido a su constante actividad, y proponen que estemos preparados para ver el espect\u00e1culo, desde luego, lejos de pensar en un espect\u00e1culo, debemos pensar en las medidas precautorias que deben tomar los habitantes de las faldas y zonas de influencia, debemos pensar en que no son necesariamente los \u00fanicos, pero si los m\u00e1s propensos y que alg\u00fan otro puede iniciar actividad, los se\u00f1alados como seguros de hacer erupci\u00f3n en 2018 son los siguientes:<\/span><\/p>\n<p>&nbsp;<\/p>\n<p><span style=\"color: #0000ff;\">Popocat\u00e9petl, cercano a la Ciudad de M\u00e9xico.<\/span><\/p>\n<p><span style=\"color: #0000ff;\">Kirishima, Jap\u00f3n.<\/span><\/p>\n<p><span style=\"color: #0000ff;\">Monte Merapi, Indonesia.<\/span><\/p>\n<p><span style=\"color: #0000ff;\">Volc\u00e1n \u00d6r\u00e6faj\u00f6kull en Islandia.<\/span><\/p>\n<p><span style=\"color: #0000ff;\">Volc\u00e1n Villarica, Chile.<\/span><\/p>\n<p><span style=\"color: #0000ff;\">Volc\u00e1n Kilauea, Haw\u00e1i.<\/span><\/p>\n<p><span style=\"color: #0000ff;\">Yellowstone, Estados Unidos<\/span><\/p>\n<p><span style=\"color: #0000ff;\">Si se revisa un mapa de temblores, junto con un mapa de ubicaci\u00f3n de volcanes, se observa claramente que el comportamiento de los sismos est\u00e1 asociado a actividades volc\u00e1nicas, hasta el d\u00eda de hoy y desde el a\u00f1o pasado que se destaparon los se\u00edsmos con gran prodigalidad, se han estado sucediendo en zonas volc\u00e1nicas, a la vez que ciertos volcanes est\u00e1n empezando a despertar y los que est\u00e1n activos, est\u00e1n teniendo fases de actividad fuera de lo com\u00fan.<\/span><\/p>\n<h2 style=\"text-align: center;\"><span style=\"color: #ff0000;\">KONFERENSIA SEMAGDAL DE LA SITUASEL EN EL MUNDO, RAVINO MAESTRO DAJAMLAKER<\/span><\/h2>\n<h2 style=\"text-align: center;\"><span style=\"color: #008000;\">JUEVES 6:00 PM HORA DE KOLOMVIA.<\/span><\/h2>\n<p>&nbsp;<\/p>\n","protected":false},"excerpt":{"rendered":"<p>EL CAMPO MAGNETICO DEL SOL SE DEVILITA Y LOS RAYOS KOSMIKOS ENTRAN La cantidad de manchas solares durante todo el ciclo solar disminuy\u00f3 significativamente en un 50% o m\u00e1s. Hubo menos erupciones solares y eyecciones de masa coronal (CME), que produce eventos de protones solares (SPE) y tormentas geomagn\u00e9ticas en la Tierra.\u00a0Durante la transici\u00f3n, que [&hellip;]<\/p>\n","protected":false},"author":6,"featured_media":38997,"comment_status":"open","ping_status":"open","sticky":false,"template":"","format":"standard","meta":{"_et_pb_use_builder":"","_et_pb_old_content":"","_et_gb_content_width":"","footnotes":""},"categories":[133,458],"tags":[221,3419],"class_list":["post-39008","post","type-post","status-publish","format-standard","has-post-thumbnail","hentry","category-destakados","category-konferensias-eo","tag-apocalipsis","tag-era-de-hielo"],"_links":{"self":[{"href":"https:\/\/www.joventaoista.org\/eo\/wp-json\/wp\/v2\/posts\/39008","targetHints":{"allow":["GET"]}}],"collection":[{"href":"https:\/\/www.joventaoista.org\/eo\/wp-json\/wp\/v2\/posts"}],"about":[{"href":"https:\/\/www.joventaoista.org\/eo\/wp-json\/wp\/v2\/types\/post"}],"author":[{"embeddable":true,"href":"https:\/\/www.joventaoista.org\/eo\/wp-json\/wp\/v2\/users\/6"}],"replies":[{"embeddable":true,"href":"https:\/\/www.joventaoista.org\/eo\/wp-json\/wp\/v2\/comments?post=39008"}],"version-history":[{"count":1,"href":"https:\/\/www.joventaoista.org\/eo\/wp-json\/wp\/v2\/posts\/39008\/revisions"}],"predecessor-version":[{"id":39009,"href":"https:\/\/www.joventaoista.org\/eo\/wp-json\/wp\/v2\/posts\/39008\/revisions\/39009"}],"wp:featuredmedia":[{"embeddable":true,"href":"https:\/\/www.joventaoista.org\/eo\/wp-json\/wp\/v2\/media\/38997"}],"wp:attachment":[{"href":"https:\/\/www.joventaoista.org\/eo\/wp-json\/wp\/v2\/media?parent=39008"}],"wp:term":[{"taxonomy":"category","embeddable":true,"href":"https:\/\/www.joventaoista.org\/eo\/wp-json\/wp\/v2\/categories?post=39008"},{"taxonomy":"post_tag","embeddable":true,"href":"https:\/\/www.joventaoista.org\/eo\/wp-json\/wp\/v2\/tags?post=39008"}],"curies":[{"name":"wp","href":"https:\/\/api.w.org\/{rel}","templated":true}]}}