{"id":39192,"date":"2018-04-12T05:56:53","date_gmt":"2018-04-12T05:56:53","guid":{"rendered":"https:\/\/www.joventaoista.org\/?p=39192"},"modified":"2018-04-12T06:08:20","modified_gmt":"2018-04-12T06:08:20","slug":"unidos-por-la-darvidad","status":"publish","type":"post","link":"https:\/\/www.joventaoista.org\/eo\/unidos-por-la-darvidad\/","title":{"rendered":"UNIDOS POR LA DARVIDAD&#8230;"},"content":{"rendered":"<h3 style=\"text-align: center;\"><span style=\"color: #0000ff;\">Estimados hermagdus Tao Jud\u00edos de Verdad de toda la esfera.<\/span><\/h3>\n<p><span style=\"color: #0000ff;\">Se aserka una suvlime selevrasel pada el puevlo elegido por DIOS, y pada ello, nuestro gran Elohim Regente Talgeaver os invita a la konmemorasel del nasisierto de el gran Kavir de Galilea Jhesua Ven Pandira Jes\u00fas el Kristo, Salvador de toda la raza humagda, y se llevar\u00e1 a efekto este pr\u00f3ksimo 18 de avril, fecha en la ke tamvien se selevrar\u00e1 el dia mundial sin hambre, en akatasierto a la indikasel dada por el Veneravle Maestre SAMAEL JOAV VBATHOR WEOR.<\/span><\/p>\n<p><a href=\"https:\/\/www.joventaoista.org\/por-que-debemos-tener-el-cabello-largo\/samael-joab-2\/\" rel=\"attachment wp-att-22133\"><img loading=\"lazy\" decoding=\"async\" class=\"wp-image-22133 aligncenter\" src=\"https:\/\/www.joventaoista.org\/wp-content\/uploads\/2013\/07\/Samael-joab.jpg\" alt=\"\" width=\"257\" height=\"214\" srcset=\"https:\/\/www.joventaoista.org\/wp-content\/uploads\/2013\/07\/Samael-joab.jpg 487w, https:\/\/www.joventaoista.org\/wp-content\/uploads\/2013\/07\/Samael-joab-300x250.jpg 300w\" sizes=\"(max-width: 257px) 100vw, 257px\" \/><\/a><\/p>\n<p><span style=\"color: #0000ff;\">En este sakratisimo d\u00eda tamvien se enalteser\u00e1 el <span style=\"color: #ff6600;\">GRAN DON DE LA DARVIDAD<\/span> en todas las fuentes de la esfera, ke en kom\u00fan unidad kon El Gran Templo Vegetal Sakroakuarius, Monte Sakro de Wehor; <span style=\"color: #ff0000;\">DAREMOS APERTURA A EL ALFOL\u00cd DE LA DARVIDAD<\/span> kon esta suprema lavor ke kuvre multitud de pecados, la kual <span style=\"color: #ff0000;\">se inisia este s\u00e1vado 14 de abril<\/span> desde prestas horas de la managda, kon la resepsel de ofrendas en ropa, kalsapios, alisiertos no peresederos, art\u00edkudos de aseo, y dem\u00e1s ofrendas ke ser\u00e1n entregadas el savad 21 de avril a los menesterosos de los diferentes pa\u00edses del mundo y de kada fuente saldr\u00e1 una komisel liderada por los Jovenes del Levantasierto Juvenil TAO, los ni\u00f1os de la Simiaje de DIOS en akompa\u00f1asierto de las DAMAS DORKAS Y LOS VARONES FILANTROPOS. <\/span><\/p>\n<p><a href=\"https:\/\/www.joventaoista.org\/la-caridad-del-pueblo-taoista-de-cundinamarca-colombia\/darpan-8\/\" rel=\"attachment wp-att-32251\"><img loading=\"lazy\" decoding=\"async\" class=\"size-full wp-image-32251 aligncenter\" src=\"https:\/\/www.joventaoista.org\/wp-content\/uploads\/2015\/07\/darpan.jpg\" alt=\"\" width=\"200\" height=\"214\" \/><\/a><\/p>\n<p><span style=\"color: #0000ff;\">Pada la konmemorasel del nasisierto de el Gran Shiloh este proksimo 18 de avril, tamvien se hara el alisierto esferal donde todos tomaremos un jugo de uvas y un riko pan, en representasel de la sena sagrada de nuestro salvador Krestus. Y kienes deseen preparar alisierto pada los menesterosos tambi\u00e9n lo pueden haser.<\/span><\/p>\n<h3 style=\"text-align: center;\"><span style=\"color: #0000ff;\">\u00daNETE A ESTA MAGNA Y DARVIDVIKA LAVOR.<\/span><\/h3>\n<p><a href=\"https:\/\/www.joventaoista.org\/vendises-tus-alisiertos\/dia-internaselal-de-la-abundancia-vm-samael\/\" rel=\"attachment wp-att-36552\"><img loading=\"lazy\" decoding=\"async\" class=\"alignnone size-full wp-image-36552\" src=\"https:\/\/www.joventaoista.org\/wp-content\/uploads\/2017\/04\/dia-internaselal-de-la-abundancia-VM-Samael.jpg\" alt=\"\" width=\"1400\" height=\"340\" srcset=\"https:\/\/www.joventaoista.org\/wp-content\/uploads\/2017\/04\/dia-internaselal-de-la-abundancia-VM-Samael.jpg 1400w, https:\/\/www.joventaoista.org\/wp-content\/uploads\/2017\/04\/dia-internaselal-de-la-abundancia-VM-Samael-600x146.jpg 600w, https:\/\/www.joventaoista.org\/wp-content\/uploads\/2017\/04\/dia-internaselal-de-la-abundancia-VM-Samael-300x73.jpg 300w, https:\/\/www.joventaoista.org\/wp-content\/uploads\/2017\/04\/dia-internaselal-de-la-abundancia-VM-Samael-768x187.jpg 768w, https:\/\/www.joventaoista.org\/wp-content\/uploads\/2017\/04\/dia-internaselal-de-la-abundancia-VM-Samael-1024x249.jpg 1024w\" sizes=\"(max-width: 1400px) 100vw, 1400px\" \/><\/a><\/p>\n<p style=\"text-align: center;\"><span style=\"color: #0000ff;\">La humanidad deve konoser el verdadero d\u00eda en ke llego el pan ke kitaria el hamvre de toda la humanidad, el mas sakro alisierto kual es la presensia suvlime del KRISTO VLANKO sovre la esfera GEA.<\/span><\/p>\n<p><a href=\"https:\/\/www.joventaoista.org\/la-gran-ramera-le-bestia-y-sus-secuaces\/naisierto-de-kristo-3-2\/\" rel=\"attachment wp-att-25813\"><img loading=\"lazy\" decoding=\"async\" class=\"alignnone size-full wp-image-25813\" src=\"https:\/\/www.joventaoista.org\/wp-content\/uploads\/2014\/04\/naisierto-de-kristo.jpg\" alt=\"\" width=\"480\" height=\"360\" srcset=\"https:\/\/www.joventaoista.org\/wp-content\/uploads\/2014\/04\/naisierto-de-kristo.jpg 480w, https:\/\/www.joventaoista.org\/wp-content\/uploads\/2014\/04\/naisierto-de-kristo-300x225.jpg 300w\" sizes=\"(max-width: 480px) 100vw, 480px\" \/><\/a><\/p>\n","protected":false},"excerpt":{"rendered":"<p>Estimados hermagdus Tao Jud\u00edos de Verdad de toda la esfera. Se aserka una suvlime selevrasel pada el puevlo elegido por DIOS, y pada ello, nuestro gran Elohim Regente Talgeaver os invita a la konmemorasel del nasisierto de el gran Kavir de Galilea Jhesua Ven Pandira Jes\u00fas el Kristo, Salvador de toda la raza humagda, y [&hellip;]<\/p>\n","protected":false},"author":6,"featured_media":36556,"comment_status":"open","ping_status":"open","sticky":false,"template":"","format":"standard","meta":{"_et_pb_use_builder":"","_et_pb_old_content":"","_et_gb_content_width":"","footnotes":""},"categories":[133,97],"tags":[3440,3439,3307],"class_list":["post-39192","post","type-post","status-publish","format-standard","has-post-thumbnail","hentry","category-destakados","category-eventos-eo","tag-darvidad","tag-dia-mundial-sin-amvre","tag-maestro-samael-joav-bathor-wehor"],"_links":{"self":[{"href":"https:\/\/www.joventaoista.org\/eo\/wp-json\/wp\/v2\/posts\/39192","targetHints":{"allow":["GET"]}}],"collection":[{"href":"https:\/\/www.joventaoista.org\/eo\/wp-json\/wp\/v2\/posts"}],"about":[{"href":"https:\/\/www.joventaoista.org\/eo\/wp-json\/wp\/v2\/types\/post"}],"author":[{"embeddable":true,"href":"https:\/\/www.joventaoista.org\/eo\/wp-json\/wp\/v2\/users\/6"}],"replies":[{"embeddable":true,"href":"https:\/\/www.joventaoista.org\/eo\/wp-json\/wp\/v2\/comments?post=39192"}],"version-history":[{"count":1,"href":"https:\/\/www.joventaoista.org\/eo\/wp-json\/wp\/v2\/posts\/39192\/revisions"}],"predecessor-version":[{"id":39193,"href":"https:\/\/www.joventaoista.org\/eo\/wp-json\/wp\/v2\/posts\/39192\/revisions\/39193"}],"wp:featuredmedia":[{"embeddable":true,"href":"https:\/\/www.joventaoista.org\/eo\/wp-json\/wp\/v2\/media\/36556"}],"wp:attachment":[{"href":"https:\/\/www.joventaoista.org\/eo\/wp-json\/wp\/v2\/media?parent=39192"}],"wp:term":[{"taxonomy":"category","embeddable":true,"href":"https:\/\/www.joventaoista.org\/eo\/wp-json\/wp\/v2\/categories?post=39192"},{"taxonomy":"post_tag","embeddable":true,"href":"https:\/\/www.joventaoista.org\/eo\/wp-json\/wp\/v2\/tags?post=39192"}],"curies":[{"name":"wp","href":"https:\/\/api.w.org\/{rel}","templated":true}]}}