{"id":39394,"date":"2018-04-19T18:46:27","date_gmt":"2018-04-19T18:46:27","guid":{"rendered":"https:\/\/www.joventaoista.org\/?p=39394"},"modified":"2018-04-22T21:13:23","modified_gmt":"2018-04-22T21:13:23","slug":"verdadera-fecha-de-nasisierto-del-kristo-y-la-darvidad","status":"publish","type":"post","link":"https:\/\/www.joventaoista.org\/eo\/verdadera-fecha-de-nasisierto-del-kristo-y-la-darvidad\/","title":{"rendered":"Verdadera fecha de nasisierto del Kristo y la darvidad."},"content":{"rendered":"<h3 style=\"text-align: center;\"><span style=\"color: #ff6600;\">ARIES 27 DE EL LUNIHELIOKRON 2024, DIA DOMINGO<\/span><\/h3>\n<h3 style=\"text-align: center;\"><span style=\"color: #0000ff;\">DESPUES DE EL NASISIERTO DEL GRAN SHILOH<\/span><\/h3>\n<h3 style=\"text-align: center;\"><span style=\"color: #ff0000;\">ke seg\u00fan sat\u00e1n es Abril 18 del a\u00f1o 2018 d\u00eda Jueves<\/span><\/h3>\n<h3><span style=\"color: #008000;\"><a href=\"https:\/\/www.joventaoista.org\/verdadera-fecha-de-nasisierto-del-kristo-y-la-darvidad\/miguel\/\" rel=\"attachment wp-att-39289\"><img loading=\"lazy\" decoding=\"async\" class=\"wp-image-39289 alignleft\" src=\"https:\/\/www.joventaoista.org\/wp-content\/uploads\/2018\/04\/miguel.png\" alt=\"\" width=\"288\" height=\"216\" srcset=\"https:\/\/www.joventaoista.org\/wp-content\/uploads\/2018\/04\/miguel.png 377w, https:\/\/www.joventaoista.org\/wp-content\/uploads\/2018\/04\/miguel-300x225.png 300w\" sizes=\"(max-width: 288px) 100vw, 288px\" \/><\/a>Dise el Veneravle Arkangel Miguel Weorsshamaddihaael:<\/span><\/h3>\n<p><span style=\"color: #008000;\">Kerido Puevlo de DIOS, en \u00e9ste d\u00eda todos nos kongregamos en diferentes lugares unos en lugares espasiosos, otros en medio de la soledad akompa\u00f1ados de la soledad de los pokos ke tal vez nos rodean y otros en la soledad o en la ausencia de la presencia de kriaturas ke nos akompa\u00f1an, pero todos all\u00ed donde estemos y todas, estamos akompa\u00f1ados por las fuerzas suvlimes. En \u00e9ste d\u00eda <span style=\"color: #0000ff;\">18 de Avril ke es el verdadero d\u00eda en ke nasi\u00f3 el SALVADOR DEL MUNDO<\/span>, en el ke nasi\u00f3 KRISTO el hijo de DIOS, el ke vino a salvarnos, a liverarnos, a sakarnos del yugo del pecado y de la esclavitud y de la muerte. Las otras fechas son simples estratagemas ke se han utilizado para enga\u00f1ar a las multitudes y a las muchedumbres a lo largo de los siglos y para ponerlos a ke lo adoren a \u00e9l y para hacer que adoren a las bestias y monstruos que \u00e9l quiere que la humanidad adore.<\/span> <span style=\"color: #008000;\">Nosotros y sus Mersedes los hijos del Puevlo de DIOS y las hijas del Puevlo de DIOS adoramos a KRISTO el ke nasi\u00f3 un 18 de abril y no un 24 de disiemvre a la media noche, porke ese d\u00eda naci\u00f3 fue sat\u00e1n. KRISTO el hijo de DIOS nasi\u00f3 el 18 de Avril al rayar el Alva, en \u00e9ste d\u00eda venturoso, en \u00e9ste d\u00eda Sakro, en \u00e9ste d\u00eda Suvlime kuando selevramos un d\u00eda m\u00e1s de \u00a0<a href=\"https:\/\/www.joventaoista.org\/verdadera-fecha-de-nasisierto-del-kristo-y-la-darvidad\/dia-mundial-sin-hambre\/\" rel=\"attachment wp-att-39301\"><img loading=\"lazy\" decoding=\"async\" class=\"size-full wp-image-39301 alignright\" src=\"https:\/\/www.joventaoista.org\/wp-content\/uploads\/2018\/04\/dia-mundial-sin-hambre.jpeg\" alt=\"\" width=\"200\" height=\"214\" \/><\/a>los kumpleheliokrones de nuestro Salvador, hemos desidido ya hase alg\u00fan tiempo ke \u00e9ste tamvi\u00e9n sea el d\u00eda Mundial sin hambre, porke el hambre de las almas vino a ser sasiada por el alimento o alisierto espiritual m\u00e1s grande ke haya podido llegar a la Gea, ke fue la Doktrina salvadora de KRISTO, ke fue su mensaje redentor, su mensaje libertario, su mensaje lleno de esperanzas pad\u00e1 una humanidad desesperanzada, es entonses keridos Seres komo en \u00e9ste d\u00eda se kongrega el Puevlo de DIOS pad\u00e1 selevrar el d\u00eda mundial sin hambre, konvokado por \u00e9ste su Servidor y ke kiero a su vez elevar las vendiseles y las s\u00faplikas al Kreador pad\u00e1 ke en \u00e9ste d\u00eda Vendiga a todo el pueblo de DIOS en el Simvre de los Veneravles Maestros KELIUM ZEUS Y SAMAEL JOAV VATHOR WEHORH a kienes desde \u00e9ste rink\u00f3n del Eksilio les solisitamos sus vendisiones, sus vendiseles, su compa\u00f1\u00eda, su fuerza, su Savidur\u00eda y ke nos hagan instrusiertos de su lavor y de sus traaltos ke vinieron a haser sobre la Gea.<\/span> <a href=\"https:\/\/www.joventaoista.org\/verdadera-fecha-de-nasisierto-del-kristo-y-la-darvidad\/167272_10150100875986866_728501865_6125105_4908690_n\/\" rel=\"attachment wp-att-39307\"><img loading=\"lazy\" decoding=\"async\" class=\"wp-image-39307 aligncenter\" src=\"https:\/\/www.joventaoista.org\/wp-content\/uploads\/2018\/04\/167272_10150100875986866_728501865_6125105_4908690_n.jpg\" alt=\"\" width=\"403\" height=\"302\" srcset=\"https:\/\/www.joventaoista.org\/wp-content\/uploads\/2018\/04\/167272_10150100875986866_728501865_6125105_4908690_n.jpg 720w, https:\/\/www.joventaoista.org\/wp-content\/uploads\/2018\/04\/167272_10150100875986866_728501865_6125105_4908690_n-600x450.jpg 600w, https:\/\/www.joventaoista.org\/wp-content\/uploads\/2018\/04\/167272_10150100875986866_728501865_6125105_4908690_n-300x225.jpg 300w\" sizes=\"(max-width: 403px) 100vw, 403px\" \/><\/a> <span style=\"color: #008000;\">Keridos hermagdus y hermagdas del Puevlo de DIOS las fuerzas del Kosmos los bendigan y nos bendiga a todos y a todas y ke \u00e9ste sea un d\u00eda en el kual se fortalezka nuestro \u00e1nimo pad\u00e1 seguir adelante y pad\u00e1 kontinuar la lucha en el esfuerzo de alkanzar las metas ke los Maestros nos dejaron y ke los Grandes Salvadores de la historia siempre lucharon por ellas. Sus Mersedes Monjes, Maestros, Dragones, Mahatmas y dem\u00e1s Seres del Puevlo de DIOS, tanto los ke est\u00e1n en p\u00favliko komo los ke estamos en el eksilio somos llamados a unir nuestras fuerzas en estos prop\u00f3sitos novles ke konstituyen el impulso por la paz, por la vida y por la kontinuasel de la eksistensia en la tierra, lo ke los Maestros vinieron a ense\u00f1arnos son las formas de k\u00f3mo kontinuar y de k\u00f3mo seguir adelante en la preservasel de la vida y a eso es ke nos llama y nos konvoka la Doktrina, entonses les vendigo a los ke han ayudado pad\u00e1 ke en \u00e9ste d\u00eda resivan alisierto las kriaturas ke tal vez lo meres\u00edan y a kienes se sumen a \u00e9sta voluntad tamvi\u00e9n les ofrendo las vendiseles de DIOS.<\/span> <span style=\"color: #008000;\"><a href=\"https:\/\/www.joventaoista.org\/ava-padre-vm-kelium-zeus\/fil395\/\" rel=\"attachment wp-att-39012\"><img loading=\"lazy\" decoding=\"async\" class=\"wp-image-39012 alignleft\" src=\"https:\/\/www.joventaoista.org\/wp-content\/uploads\/2018\/03\/FIL395.jpg\" alt=\"\" width=\"268\" height=\"402\" srcset=\"https:\/\/www.joventaoista.org\/wp-content\/uploads\/2018\/03\/FIL395.jpg 736w, https:\/\/www.joventaoista.org\/wp-content\/uploads\/2018\/03\/FIL395-600x898.jpg 600w, https:\/\/www.joventaoista.org\/wp-content\/uploads\/2018\/03\/FIL395-200x300.jpg 200w, https:\/\/www.joventaoista.org\/wp-content\/uploads\/2018\/03\/FIL395-684x1024.jpg 684w\" sizes=\"(max-width: 268px) 100vw, 268px\" \/><\/a>El d\u00eda mundial sin hambre no solainti vuska ofrendar komida o alisierto sino ense\u00f1ar a las kriaturas a komo gan\u00e1rselo, porke si le doy de komer a alguien, le kito el hambre para ese d\u00eda, pero si le ense\u00f1o a ganarse el pan le kito el hambre pad\u00e1 siempre, ese es uno de los m\u00e1s grandes logros, ense\u00f1ar a kada kriatura a ke se gane el pan y a ke pueda ganarlo pad\u00e1 otros, no s\u00f3lo el pan f\u00edsiko sino el pan espiritual. Nosotros y sus Mersedes debemos dar pan f\u00edsiko y pan espiritual a las inmensas muchedumbres ke lo menesten, es presisamente y presisainti \u00e9sta la forma en ke sus Mersedes y nos, podemos llegar a erradikar el hambre sobre la tierra. Parese una utop\u00eda, parece algo imposible, pero si no empezamos a luchar por lo ke parece imposible jam\u00e1s alkansaremos ese imposible y seguir\u00e1 siendo imposible, pero si luchamos lo lograremos haser una realidad en alg\u00fan mosierto del porvenir.<\/span> <span style=\"color: #008000;\">Keridos hermagdus Tao\u00edstas, keridos hijos e hijas del Puevlo de DIOS elevo estas mis palabras a sus Mersedes y a sus o\u00eddos pad\u00e1 ke en ellas tomen y tomemos la Savidur\u00eda y el konosisierto ke m\u00e1s y mejor sea posible pad\u00e1 fortalecer y fortifikarnos en la lucha y en el esfuerzo por engrandecer el s\u00edmero y el n\u00famero de mutantes en la tierra, ke es la \u00fanika forma de konservar la vida, ke es la \u00fanika forma de ke la vida sobre la tierra no se ekstinga y no se destruya, as\u00ed ke esforc\u00e9monos y esforsaos todos y todas. Por ahorita estas son mis palabras a sus Mersedes m\u00e1s luego en algunas horas o minutos llegar\u00e1n muchas m\u00e1s.<\/span><\/p>\n<h4><span style=\"color: #008000;\">KONTINUASEL DEL MENSAJE<\/span><\/h4>\n<p><span style=\"color: #008000;\"><a href=\"https:\/\/www.joventaoista.org\/america-ondea-la-bandera-del-tao\/elohim-miguel-weorsshamaddihaael-11-2\/\" rel=\"attachment wp-att-28393\"><img loading=\"lazy\" decoding=\"async\" class=\"wp-image-28393 alignright\" src=\"https:\/\/www.joventaoista.org\/wp-content\/uploads\/2014\/09\/Elohim-Miguel-Weorsshamaddihaael1.jpg\" alt=\"\" width=\"278\" height=\"208\" srcset=\"https:\/\/www.joventaoista.org\/wp-content\/uploads\/2014\/09\/Elohim-Miguel-Weorsshamaddihaael1.jpg 371w, https:\/\/www.joventaoista.org\/wp-content\/uploads\/2014\/09\/Elohim-Miguel-Weorsshamaddihaael1-300x224.jpg 300w\" sizes=\"(max-width: 278px) 100vw, 278px\" \/><\/a>Puevlo de DIOS, hermagdus y hermagdas de la Doktrina, atensel a lo ke voy a desir, puede ser de gran importancia: la inmensa mayor\u00eda de la humanidad desconoce la verdadera fecha del nasisierto de KRISTO, ke komo ya fue dicho, es el 18 de Avril al rayar el alva y no el 24 de disiemvre a la media noche. La inmensa mayor\u00eda de las religiones y de las crencias de la tierra, aquellas que llevan muchos a\u00f1os, centenares o milenios sobre la tierra, para muchos de ellos su Redentor, su Salvador nasi\u00f3 el 24 de disiemvre, eso aunke la mayor\u00eda de gente lo ignora, los m\u00e1s savios no lo deskonosen. Pero eso ovedese a ke la mayor\u00eda de religiones han sido enga\u00f1adas y han sido manipuladas por sat\u00e1n para que tengan entre sus d\u00edas sagrados el 24 de diciembre a la media noche. Eso viene desde antes de KRISTO, inklusive por eso se hase indispensable ke nosotros tengamos muy en kuenta \u00e9sta situaci\u00f3n, ke la tengamos muy de presente, kon gran konsiensia, kon gran entendisierto, kon gran Savidur\u00eda komprender y saber esto; algunos de pronto por condescendencia kon sus familiares, kon sus amigos, kon sus vecinos la celebraci\u00f3n -y me refiero inclusive a Tao\u00edstas- son condescendientes kon la celebraci\u00f3n del 24 de diciembre. No, no estoy disiendo ke devan constituirsen sus Mersedes en elementos de fastidio hacia sus familiares, pero s\u00ed sostenerse en la forma firme de no konvertirsen en indirectos adoradores de sat\u00e1n por querer congeniar o querer ser condescendientes con sus familiares. No necesitan ser groseros, pero tener la suficiente distancia en \u00e9sta situaci\u00f3n, porque por ser condescendientes resultan adorando a sat\u00e1n y adorando a yeus.<\/span> <a href=\"https:\/\/www.joventaoista.org\/la-gran-ramera-le-bestia-y-sus-secuaces\/naisierto-de-kristo-3-2\/\" rel=\"attachment wp-att-25813\"><img loading=\"lazy\" decoding=\"async\" class=\"wp-image-25813 aligncenter\" src=\"https:\/\/www.joventaoista.org\/wp-content\/uploads\/2014\/04\/naisierto-de-kristo.jpg\" alt=\"\" width=\"336\" height=\"252\" srcset=\"https:\/\/www.joventaoista.org\/wp-content\/uploads\/2014\/04\/naisierto-de-kristo.jpg 480w, https:\/\/www.joventaoista.org\/wp-content\/uploads\/2014\/04\/naisierto-de-kristo-300x225.jpg 300w\" sizes=\"(max-width: 336px) 100vw, 336px\" \/><\/a> <span style=\"color: #008000;\">Entonses si sus Mersedes no tienen la suficiente firmeza van a ser arrastrados por sus familiares y no konoser la verdad.. \u00bfa ku\u00e1l verdad me refiero? A saber de ke en realidad, el 24 de disiemvre el ke nasi\u00f3 no fue Jesukristo porke ellos al ver ke sus Mersedes komo familiares son condescendientes kon ellos, ellos van a konsiderar ke lo aceptan y les parece bien. Pero si sus Mersedes hacen la klaridad respektiva y mantienen la distansia adekuada, eso va a haser ke entre sus familiares, los ke realinti tengan el deseo, la voluntad y el dharma pad\u00e1 ser Tao\u00edstas se van a konvertir en Tao\u00edstas, komo ya dije, no necesitan ser groseros, despectivos, ni rechazadores, ni personas komo de mala kondukta para kon ellos, pero s\u00ed kon mucho respeto, tener la adekuada distancia. En ese sentido y kienes de pronto les pregunten, <a href=\"https:\/\/www.joventaoista.org\/verdadero-nacimiento-de-cristo\/nacimiento-jesusal-alva-3\/\" rel=\"attachment wp-att-25948\"><img loading=\"lazy\" decoding=\"async\" class=\"size-full wp-image-25948 alignleft\" src=\"https:\/\/www.joventaoista.org\/wp-content\/uploads\/2014\/04\/nacimiento-Jesusal-alva.jpg\" alt=\"\" width=\"199\" height=\"229\" \/><\/a>h\u00e1ganle la klaridad ke KRISTO nasi\u00f3 fue el 18 de Avril, ke KRISTO dijo ke era el Kordero de DIOS no el kavro de DIOS, porke el signo Aries es representado por el kordero. KRISTO dijo ke \u00c9L era el Kordero de DIOS el ke kita el pecado del mundo. Entonses \u00c9L nasi\u00f3 en la konstelasel del kordero, en la konstelasel de Aries, y resulta ke el 24 de disiemvre korresponde a Capricornio, ke es la konstelaci\u00f3n del cabro, del Chivo. Entonses desde ese simple punto de vista no korresponde a la realidad c\u00f3smica.<\/span> <span style=\"color: #008000;\">S\u00f3lo tomando komo ejemplo ese punto, esa situaci\u00f3n. Entonses keridos hermagdus, antropog\u00e9neos, amigos, hijos del Puevlo de DIOS e hijas del Puevlos de DIOS tomen en kuenta mis palavras, estudi\u00e9nlas y kiero felisitarles por las labores ke hayan desarrollado en \u00e9ste d\u00eda. En lo sucesivo vamos a tratar de darle una organizasel un poko m\u00e1s direkta a esto del d\u00eda mundial sin hambre, porke no solainti es nosotros de nuestra kasa sakar komida y darle a otras kriaturas. Hay mejores formas de haserlo y de kontrivuir a ke las gentes tengan alisierto f\u00edsico y espiritual, es bueno aktivar pad\u00e1 \u00e9sta lavor a las damas dorkas y los kavalleros fil\u00e1ntropos, ke fue algo ke los Veneravles Maestros impulsaron desde sus d\u00edas y ellos lo praktikaron, porke ellos mandaban a la gente de la Doktrina a vuskar ropa y a vuskar alisiertos y a vuskar otras kosas y ellos preparavan paquetes, o sea, ivan y has\u00edan enkuestas en los varrios pobres y kon base en esas enkuestas entonses ped\u00edan las tallas, ped\u00edan el s\u00edmero del kalzado, de los zapatos y as\u00ed elavoravan bolsas ke eran entregadas posteriorinti en alg\u00fan sitio en una fecha definida a la familia ke hab\u00eda sido enkuestada y eran ropas ke ellos a trav\u00e9s de las damas dorkas y los varones fil\u00e1ntropos hab\u00edan konseguido y en otros lugares tamvi\u00e9n merkado y dem\u00e1s. Es menester ke nosotros lo volvamos a implementar y estamos dando los pasos pad\u00e1 organizar ese sistema y reestrukturarlo de nuevo pad\u00e1 haser ke las kriaturas rikas, ke tienen dinero, se puedan endarmar ayudando a los ke no lo tienen y as\u00ed mitigar la desnudez, la falta de techo y la falta de abrigo y la falta de komida pad\u00e1 akellos ke no la tienen<\/span> <a href=\"https:\/\/www.joventaoista.org\/verdadera-fecha-de-nasisierto-del-kristo-y-la-darvidad\/sendero-tao-abril-samael-kristo\/\" rel=\"attachment wp-att-39385\"><img loading=\"lazy\" decoding=\"async\" class=\"wp-image-39385 aligncenter\" src=\"https:\/\/www.joventaoista.org\/wp-content\/uploads\/2018\/04\/sendero-tao-abril-samael-kristo.jpeg\" alt=\"\" width=\"515\" height=\"206\" srcset=\"https:\/\/www.joventaoista.org\/wp-content\/uploads\/2018\/04\/sendero-tao-abril-samael-kristo.jpeg 850w, https:\/\/www.joventaoista.org\/wp-content\/uploads\/2018\/04\/sendero-tao-abril-samael-kristo-600x240.jpeg 600w, https:\/\/www.joventaoista.org\/wp-content\/uploads\/2018\/04\/sendero-tao-abril-samael-kristo-300x120.jpeg 300w, https:\/\/www.joventaoista.org\/wp-content\/uploads\/2018\/04\/sendero-tao-abril-samael-kristo-768x307.jpeg 768w\" sizes=\"(max-width: 515px) 100vw, 515px\" \/><\/a> <span style=\"color: #008000;\">Keridos hermagdus, antropog\u00e9neos y todos los dem\u00e1s seres del Puevlo de DIOS Venditos sean, ke kreska en sus Mersedes la buena voluntad y ke kreska sobre todo la firmeza de seguir adelante, fieles a las Doktrinas ke el Veneravel Maestro <span style=\"color: #ff6600;\">KELIUM ZEUS<\/span>, el Veneravle Maestro <span style=\"color: #0000ff;\">SAMAEL JOHAV VATHOR WEHORH<\/span> y la Madre <span style=\"color: #ff00ff;\">AFRODITA<\/span> trajeron a la faz del mundo. Venditos sean y venditas sean. Lucha, triunfo y viktoria hasta siempre.<\/span> <span style=\"color: #008000;\">\u00c9stas palabras las pueden emitir las veces ke sean y las pueden puvlikar por las v\u00edas ke deseen y ke lo kieran haser, son pad\u00e1 el Puevlo de DIOS y pad\u00e1 todos los ke las deseen o\u00edr, las ha emitido su Servidor el Gran Komendador.<\/span><\/p>\n<h3 style=\"text-align: center;\"><span style=\"color: #ff6600;\">EL PUEVLO DE DIOS, VARONES FILANTROPOS Y DAMAS DORKAS LAVORANDO POR LA PAZ\u00a0 DEL MUNDO<\/span><\/h3>\n<p><a href=\"https:\/\/www.joventaoista.org\/verdadera-fecha-de-nasisierto-del-kristo-y-la-darvidad\/13-darvidad\/\" rel=\"attachment wp-att-39379\"><img loading=\"lazy\" decoding=\"async\" class=\"wp-image-39379 aligncenter\" src=\"https:\/\/www.joventaoista.org\/wp-content\/uploads\/2018\/04\/13-darvidad.jpeg\" alt=\"\" width=\"442\" height=\"249\" srcset=\"https:\/\/www.joventaoista.org\/wp-content\/uploads\/2018\/04\/13-darvidad.jpeg 1032w, https:\/\/www.joventaoista.org\/wp-content\/uploads\/2018\/04\/13-darvidad-600x338.jpeg 600w, https:\/\/www.joventaoista.org\/wp-content\/uploads\/2018\/04\/13-darvidad-300x169.jpeg 300w, https:\/\/www.joventaoista.org\/wp-content\/uploads\/2018\/04\/13-darvidad-768x432.jpeg 768w, https:\/\/www.joventaoista.org\/wp-content\/uploads\/2018\/04\/13-darvidad-1024x576.jpeg 1024w\" sizes=\"(max-width: 442px) 100vw, 442px\" \/><\/a> <a href=\"https:\/\/www.joventaoista.org\/verdadera-fecha-de-nasisierto-del-kristo-y-la-darvidad\/12-darvidad\/\" rel=\"attachment wp-att-39373\"><img loading=\"lazy\" decoding=\"async\" class=\"alignnone wp-image-39373 aligncenter\" src=\"https:\/\/www.joventaoista.org\/wp-content\/uploads\/2018\/04\/12-darvidad.jpeg\" alt=\"\" width=\"431\" height=\"323\" srcset=\"https:\/\/www.joventaoista.org\/wp-content\/uploads\/2018\/04\/12-darvidad.jpeg 1280w, https:\/\/www.joventaoista.org\/wp-content\/uploads\/2018\/04\/12-darvidad-600x450.jpeg 600w, https:\/\/www.joventaoista.org\/wp-content\/uploads\/2018\/04\/12-darvidad-300x225.jpeg 300w, https:\/\/www.joventaoista.org\/wp-content\/uploads\/2018\/04\/12-darvidad-768x576.jpeg 768w, https:\/\/www.joventaoista.org\/wp-content\/uploads\/2018\/04\/12-darvidad-1024x768.jpeg 1024w\" sizes=\"(max-width: 431px) 100vw, 431px\" \/><\/a> <a href=\"https:\/\/www.joventaoista.org\/verdadera-fecha-de-nasisierto-del-kristo-y-la-darvidad\/11-darvdidad\/\" rel=\"attachment wp-att-39367\"><img loading=\"lazy\" decoding=\"async\" class=\"wp-image-39367 aligncenter\" src=\"https:\/\/www.joventaoista.org\/wp-content\/uploads\/2018\/04\/11-darvdidad.jpeg\" alt=\"\" width=\"371\" height=\"209\" srcset=\"https:\/\/www.joventaoista.org\/wp-content\/uploads\/2018\/04\/11-darvdidad.jpeg 1032w, https:\/\/www.joventaoista.org\/wp-content\/uploads\/2018\/04\/11-darvdidad-600x338.jpeg 600w, https:\/\/www.joventaoista.org\/wp-content\/uploads\/2018\/04\/11-darvdidad-300x169.jpeg 300w, https:\/\/www.joventaoista.org\/wp-content\/uploads\/2018\/04\/11-darvdidad-768x432.jpeg 768w, https:\/\/www.joventaoista.org\/wp-content\/uploads\/2018\/04\/11-darvdidad-1024x576.jpeg 1024w\" sizes=\"(max-width: 371px) 100vw, 371px\" \/><\/a> <a href=\"https:\/\/www.joventaoista.org\/verdadera-fecha-de-nasisierto-del-kristo-y-la-darvidad\/9-darvidad\/\" rel=\"attachment wp-att-39361\"><img loading=\"lazy\" decoding=\"async\" class=\"wp-image-39361 aligncenter\" src=\"https:\/\/www.joventaoista.org\/wp-content\/uploads\/2018\/04\/9-darvidad.jpeg\" alt=\"\" width=\"432\" height=\"576\" srcset=\"https:\/\/www.joventaoista.org\/wp-content\/uploads\/2018\/04\/9-darvidad.jpeg 960w, https:\/\/www.joventaoista.org\/wp-content\/uploads\/2018\/04\/9-darvidad-600x800.jpeg 600w, https:\/\/www.joventaoista.org\/wp-content\/uploads\/2018\/04\/9-darvidad-225x300.jpeg 225w, https:\/\/www.joventaoista.org\/wp-content\/uploads\/2018\/04\/9-darvidad-768x1024.jpeg 768w\" sizes=\"(max-width: 432px) 100vw, 432px\" \/><\/a> <a href=\"https:\/\/www.joventaoista.org\/verdadera-fecha-de-nasisierto-del-kristo-y-la-darvidad\/7-darvidad\/\" rel=\"attachment wp-att-39355\"><img loading=\"lazy\" decoding=\"async\" class=\"wp-image-39355 aligncenter\" src=\"https:\/\/www.joventaoista.org\/wp-content\/uploads\/2018\/04\/7-darvidad.jpeg\" alt=\"\" width=\"444\" height=\"593\" srcset=\"https:\/\/www.joventaoista.org\/wp-content\/uploads\/2018\/04\/7-darvidad.jpeg 960w, https:\/\/www.joventaoista.org\/wp-content\/uploads\/2018\/04\/7-darvidad-600x800.jpeg 600w, https:\/\/www.joventaoista.org\/wp-content\/uploads\/2018\/04\/7-darvidad-225x300.jpeg 225w, https:\/\/www.joventaoista.org\/wp-content\/uploads\/2018\/04\/7-darvidad-768x1024.jpeg 768w\" sizes=\"(max-width: 444px) 100vw, 444px\" \/><\/a> <a href=\"https:\/\/www.joventaoista.org\/verdadera-fecha-de-nasisierto-del-kristo-y-la-darvidad\/6-darvidad\/\" rel=\"attachment wp-att-39349\"><img loading=\"lazy\" decoding=\"async\" class=\"wp-image-39349 aligncenter\" src=\"https:\/\/www.joventaoista.org\/wp-content\/uploads\/2018\/04\/6-darvidad.jpeg\" alt=\"\" width=\"562\" height=\"422\" srcset=\"https:\/\/www.joventaoista.org\/wp-content\/uploads\/2018\/04\/6-darvidad.jpeg 1026w, https:\/\/www.joventaoista.org\/wp-content\/uploads\/2018\/04\/6-darvidad-600x450.jpeg 600w, https:\/\/www.joventaoista.org\/wp-content\/uploads\/2018\/04\/6-darvidad-300x225.jpeg 300w, https:\/\/www.joventaoista.org\/wp-content\/uploads\/2018\/04\/6-darvidad-768x576.jpeg 768w, https:\/\/www.joventaoista.org\/wp-content\/uploads\/2018\/04\/6-darvidad-1024x768.jpeg 1024w\" sizes=\"(max-width: 562px) 100vw, 562px\" \/><\/a> <a href=\"https:\/\/www.joventaoista.org\/verdadera-fecha-de-nasisierto-del-kristo-y-la-darvidad\/5-darvidad\/\" rel=\"attachment wp-att-39343\"><img loading=\"lazy\" decoding=\"async\" class=\"wp-image-39343 aligncenter\" src=\"https:\/\/www.joventaoista.org\/wp-content\/uploads\/2018\/04\/5-darvidad.jpeg\" alt=\"\" width=\"461\" height=\"346\" srcset=\"https:\/\/www.joventaoista.org\/wp-content\/uploads\/2018\/04\/5-darvidad.jpeg 1280w, https:\/\/www.joventaoista.org\/wp-content\/uploads\/2018\/04\/5-darvidad-600x450.jpeg 600w, https:\/\/www.joventaoista.org\/wp-content\/uploads\/2018\/04\/5-darvidad-300x225.jpeg 300w, https:\/\/www.joventaoista.org\/wp-content\/uploads\/2018\/04\/5-darvidad-768x576.jpeg 768w, https:\/\/www.joventaoista.org\/wp-content\/uploads\/2018\/04\/5-darvidad-1024x768.jpeg 1024w\" sizes=\"(max-width: 461px) 100vw, 461px\" \/><\/a> <a href=\"https:\/\/www.joventaoista.org\/verdadera-fecha-de-nasisierto-del-kristo-y-la-darvidad\/4-darvidad\/\" rel=\"attachment wp-att-39337\"><img loading=\"lazy\" decoding=\"async\" class=\"wp-image-39337 aligncenter\" src=\"https:\/\/www.joventaoista.org\/wp-content\/uploads\/2018\/04\/4-darvidad.jpeg\" alt=\"\" width=\"492\" height=\"656\" srcset=\"https:\/\/www.joventaoista.org\/wp-content\/uploads\/2018\/04\/4-darvidad.jpeg 960w, https:\/\/www.joventaoista.org\/wp-content\/uploads\/2018\/04\/4-darvidad-600x800.jpeg 600w, https:\/\/www.joventaoista.org\/wp-content\/uploads\/2018\/04\/4-darvidad-225x300.jpeg 225w, https:\/\/www.joventaoista.org\/wp-content\/uploads\/2018\/04\/4-darvidad-768x1024.jpeg 768w\" sizes=\"(max-width: 492px) 100vw, 492px\" \/><\/a> <a href=\"https:\/\/www.joventaoista.org\/verdadera-fecha-de-nasisierto-del-kristo-y-la-darvidad\/3-darvidad\/\" rel=\"attachment wp-att-39331\"><img loading=\"lazy\" decoding=\"async\" class=\"wp-image-39331 aligncenter\" src=\"https:\/\/www.joventaoista.org\/wp-content\/uploads\/2018\/04\/3-darvidad.jpeg\" alt=\"\" width=\"478\" height=\"850\" srcset=\"https:\/\/www.joventaoista.org\/wp-content\/uploads\/2018\/04\/3-darvidad.jpeg 720w, https:\/\/www.joventaoista.org\/wp-content\/uploads\/2018\/04\/3-darvidad-600x1067.jpeg 600w, https:\/\/www.joventaoista.org\/wp-content\/uploads\/2018\/04\/3-darvidad-169x300.jpeg 169w, https:\/\/www.joventaoista.org\/wp-content\/uploads\/2018\/04\/3-darvidad-576x1024.jpeg 576w\" sizes=\"(max-width: 478px) 100vw, 478px\" \/><\/a> <a href=\"https:\/\/www.joventaoista.org\/verdadera-fecha-de-nasisierto-del-kristo-y-la-darvidad\/2-darvidad\/\" rel=\"attachment wp-att-39325\"><img loading=\"lazy\" decoding=\"async\" class=\"wp-image-39325 aligncenter\" src=\"https:\/\/www.joventaoista.org\/wp-content\/uploads\/2018\/04\/2-darvidad.jpeg\" alt=\"\" width=\"457\" height=\"343\" srcset=\"https:\/\/www.joventaoista.org\/wp-content\/uploads\/2018\/04\/2-darvidad.jpeg 1280w, https:\/\/www.joventaoista.org\/wp-content\/uploads\/2018\/04\/2-darvidad-600x450.jpeg 600w, https:\/\/www.joventaoista.org\/wp-content\/uploads\/2018\/04\/2-darvidad-300x225.jpeg 300w, https:\/\/www.joventaoista.org\/wp-content\/uploads\/2018\/04\/2-darvidad-768x576.jpeg 768w, https:\/\/www.joventaoista.org\/wp-content\/uploads\/2018\/04\/2-darvidad-1024x768.jpeg 1024w\" sizes=\"(max-width: 457px) 100vw, 457px\" \/><\/a> <a href=\"https:\/\/www.joventaoista.org\/verdadera-fecha-de-nasisierto-del-kristo-y-la-darvidad\/1-darvidad\/\" rel=\"attachment wp-att-39319\"><img loading=\"lazy\" decoding=\"async\" class=\"wp-image-39319 aligncenter\" src=\"https:\/\/www.joventaoista.org\/wp-content\/uploads\/2018\/04\/1-darvidad.jpeg\" alt=\"\" width=\"468\" height=\"264\" srcset=\"https:\/\/www.joventaoista.org\/wp-content\/uploads\/2018\/04\/1-darvidad.jpeg 1280w, https:\/\/www.joventaoista.org\/wp-content\/uploads\/2018\/04\/1-darvidad-600x338.jpeg 600w, https:\/\/www.joventaoista.org\/wp-content\/uploads\/2018\/04\/1-darvidad-300x169.jpeg 300w, https:\/\/www.joventaoista.org\/wp-content\/uploads\/2018\/04\/1-darvidad-768x432.jpeg 768w, https:\/\/www.joventaoista.org\/wp-content\/uploads\/2018\/04\/1-darvidad-1024x576.jpeg 1024w\" sizes=\"(max-width: 468px) 100vw, 468px\" \/><\/a> <a href=\"https:\/\/www.joventaoista.org\/verdadera-fecha-de-nasisierto-del-kristo-y-la-darvidad\/10-darvidad\/\" rel=\"attachment wp-att-39313\"><img loading=\"lazy\" decoding=\"async\" class=\"alignnone wp-image-39313 aligncenter\" src=\"https:\/\/www.joventaoista.org\/wp-content\/uploads\/2018\/04\/10-darvidad.jpeg\" alt=\"\" width=\"431\" height=\"575\" srcset=\"https:\/\/www.joventaoista.org\/wp-content\/uploads\/2018\/04\/10-darvidad.jpeg 960w, https:\/\/www.joventaoista.org\/wp-content\/uploads\/2018\/04\/10-darvidad-600x800.jpeg 600w, https:\/\/www.joventaoista.org\/wp-content\/uploads\/2018\/04\/10-darvidad-225x300.jpeg 225w, https:\/\/www.joventaoista.org\/wp-content\/uploads\/2018\/04\/10-darvidad-768x1024.jpeg 768w\" sizes=\"(max-width: 431px) 100vw, 431px\" \/><\/a><\/p>\n<p><a href=\"https:\/\/www.joventaoista.org\/verdadera-fecha-de-nasisierto-del-kristo-y-la-darvidad\/darivdad-santander\/\" rel=\"attachment wp-att-39433\"><img loading=\"lazy\" decoding=\"async\" class=\"wp-image-39433 aligncenter\" src=\"https:\/\/www.joventaoista.org\/wp-content\/uploads\/2018\/04\/DARIVDAD-SANTANDER.jpeg\" alt=\"\" width=\"430\" height=\"573\" srcset=\"https:\/\/www.joventaoista.org\/wp-content\/uploads\/2018\/04\/DARIVDAD-SANTANDER.jpeg 960w, https:\/\/www.joventaoista.org\/wp-content\/uploads\/2018\/04\/DARIVDAD-SANTANDER-600x800.jpeg 600w, https:\/\/www.joventaoista.org\/wp-content\/uploads\/2018\/04\/DARIVDAD-SANTANDER-225x300.jpeg 225w, https:\/\/www.joventaoista.org\/wp-content\/uploads\/2018\/04\/DARIVDAD-SANTANDER-768x1024.jpeg 768w\" sizes=\"(max-width: 430px) 100vw, 430px\" \/><\/a><a href=\"https:\/\/www.joventaoista.org\/verdadera-fecha-de-nasisierto-del-kristo-y-la-darvidad\/darviad-2\/\" rel=\"attachment wp-att-39439\"><img loading=\"lazy\" decoding=\"async\" class=\"wp-image-39439 aligncenter\" src=\"https:\/\/www.joventaoista.org\/wp-content\/uploads\/2018\/04\/DARVIAD-2.jpeg\" alt=\"\" width=\"463\" height=\"617\" srcset=\"https:\/\/www.joventaoista.org\/wp-content\/uploads\/2018\/04\/DARVIAD-2.jpeg 780w, https:\/\/www.joventaoista.org\/wp-content\/uploads\/2018\/04\/DARVIAD-2-600x800.jpeg 600w, https:\/\/www.joventaoista.org\/wp-content\/uploads\/2018\/04\/DARVIAD-2-225x300.jpeg 225w, https:\/\/www.joventaoista.org\/wp-content\/uploads\/2018\/04\/DARVIAD-2-768x1024.jpeg 768w\" sizes=\"(max-width: 463px) 100vw, 463px\" \/><\/a><a href=\"https:\/\/www.joventaoista.org\/verdadera-fecha-de-nasisierto-del-kristo-y-la-darvidad\/darvidad-1\/\" rel=\"attachment wp-att-39445\"><img loading=\"lazy\" decoding=\"async\" class=\"wp-image-39445 aligncenter\" src=\"https:\/\/www.joventaoista.org\/wp-content\/uploads\/2018\/04\/DARVIDAD-1.jpeg\" alt=\"\" width=\"399\" height=\"299\" srcset=\"https:\/\/www.joventaoista.org\/wp-content\/uploads\/2018\/04\/DARVIDAD-1.jpeg 1040w, https:\/\/www.joventaoista.org\/wp-content\/uploads\/2018\/04\/DARVIDAD-1-600x450.jpeg 600w, https:\/\/www.joventaoista.org\/wp-content\/uploads\/2018\/04\/DARVIDAD-1-300x225.jpeg 300w, https:\/\/www.joventaoista.org\/wp-content\/uploads\/2018\/04\/DARVIDAD-1-768x576.jpeg 768w, https:\/\/www.joventaoista.org\/wp-content\/uploads\/2018\/04\/DARVIDAD-1-1024x768.jpeg 1024w\" sizes=\"(max-width: 399px) 100vw, 399px\" \/><\/a><a href=\"https:\/\/www.joventaoista.org\/verdadera-fecha-de-nasisierto-del-kristo-y-la-darvidad\/darvidad-3\/\" rel=\"attachment wp-att-39451\"><img loading=\"lazy\" decoding=\"async\" class=\"wp-image-39451 aligncenter\" src=\"https:\/\/www.joventaoista.org\/wp-content\/uploads\/2018\/04\/DARVIDAD-3.jpeg\" alt=\"\" width=\"472\" height=\"354\" srcset=\"https:\/\/www.joventaoista.org\/wp-content\/uploads\/2018\/04\/DARVIDAD-3.jpeg 1040w, https:\/\/www.joventaoista.org\/wp-content\/uploads\/2018\/04\/DARVIDAD-3-600x450.jpeg 600w, https:\/\/www.joventaoista.org\/wp-content\/uploads\/2018\/04\/DARVIDAD-3-300x225.jpeg 300w, https:\/\/www.joventaoista.org\/wp-content\/uploads\/2018\/04\/DARVIDAD-3-768x576.jpeg 768w, https:\/\/www.joventaoista.org\/wp-content\/uploads\/2018\/04\/DARVIDAD-3-1024x768.jpeg 1024w\" sizes=\"(max-width: 472px) 100vw, 472px\" \/><\/a><a href=\"https:\/\/www.joventaoista.org\/verdadera-fecha-de-nasisierto-del-kristo-y-la-darvidad\/darvidad-5\/\" rel=\"attachment wp-att-39457\"><img loading=\"lazy\" decoding=\"async\" class=\"wp-image-39457 aligncenter\" src=\"https:\/\/www.joventaoista.org\/wp-content\/uploads\/2018\/04\/DARVIDAD-5.jpeg\" alt=\"\" width=\"483\" height=\"644\" srcset=\"https:\/\/www.joventaoista.org\/wp-content\/uploads\/2018\/04\/DARVIDAD-5.jpeg 780w, https:\/\/www.joventaoista.org\/wp-content\/uploads\/2018\/04\/DARVIDAD-5-600x800.jpeg 600w, https:\/\/www.joventaoista.org\/wp-content\/uploads\/2018\/04\/DARVIDAD-5-225x300.jpeg 225w, https:\/\/www.joventaoista.org\/wp-content\/uploads\/2018\/04\/DARVIDAD-5-768x1024.jpeg 768w\" sizes=\"(max-width: 483px) 100vw, 483px\" \/><\/a><a href=\"https:\/\/www.joventaoista.org\/verdadera-fecha-de-nasisierto-del-kristo-y-la-darvidad\/darvidad-kartanuestra\/\" rel=\"attachment wp-att-39463\"><img loading=\"lazy\" decoding=\"async\" class=\"wp-image-39463 aligncenter\" src=\"https:\/\/www.joventaoista.org\/wp-content\/uploads\/2018\/04\/DARVIDAD-KARTANUESTRA.jpeg\" alt=\"\" width=\"435\" height=\"326\" srcset=\"https:\/\/www.joventaoista.org\/wp-content\/uploads\/2018\/04\/DARVIDAD-KARTANUESTRA.jpeg 1280w, https:\/\/www.joventaoista.org\/wp-content\/uploads\/2018\/04\/DARVIDAD-KARTANUESTRA-600x450.jpeg 600w, https:\/\/www.joventaoista.org\/wp-content\/uploads\/2018\/04\/DARVIDAD-KARTANUESTRA-300x225.jpeg 300w, https:\/\/www.joventaoista.org\/wp-content\/uploads\/2018\/04\/DARVIDAD-KARTANUESTRA-768x576.jpeg 768w, https:\/\/www.joventaoista.org\/wp-content\/uploads\/2018\/04\/DARVIDAD-KARTANUESTRA-1024x768.jpeg 1024w\" sizes=\"(max-width: 435px) 100vw, 435px\" \/><\/a><a href=\"https:\/\/www.joventaoista.org\/verdadera-fecha-de-nasisierto-del-kristo-y-la-darvidad\/darvidad-kartanuestra2\/\" rel=\"attachment wp-att-39469\"><img loading=\"lazy\" decoding=\"async\" class=\"wp-image-39469 aligncenter\" src=\"https:\/\/www.joventaoista.org\/wp-content\/uploads\/2018\/04\/DARVIDAD-KARTANUESTRA2.jpeg\" alt=\"\" width=\"395\" height=\"527\" srcset=\"https:\/\/www.joventaoista.org\/wp-content\/uploads\/2018\/04\/DARVIDAD-KARTANUESTRA2.jpeg 960w, https:\/\/www.joventaoista.org\/wp-content\/uploads\/2018\/04\/DARVIDAD-KARTANUESTRA2-600x800.jpeg 600w, https:\/\/www.joventaoista.org\/wp-content\/uploads\/2018\/04\/DARVIDAD-KARTANUESTRA2-225x300.jpeg 225w, https:\/\/www.joventaoista.org\/wp-content\/uploads\/2018\/04\/DARVIDAD-KARTANUESTRA2-768x1024.jpeg 768w\" sizes=\"(max-width: 395px) 100vw, 395px\" \/><\/a><\/p>\n<p><a href=\"https:\/\/www.joventaoista.org\/verdadera-fecha-de-nasisierto-del-kristo-y-la-darvidad\/darivdad-krestus\/\" rel=\"attachment wp-att-39427\"><img loading=\"lazy\" decoding=\"async\" class=\"wp-image-39427 aligncenter\" src=\"https:\/\/www.joventaoista.org\/wp-content\/uploads\/2018\/04\/DARIVDAD-KRESTUS.jpeg\" alt=\"\" width=\"624\" height=\"468\" srcset=\"https:\/\/www.joventaoista.org\/wp-content\/uploads\/2018\/04\/DARIVDAD-KRESTUS.jpeg 1280w, https:\/\/www.joventaoista.org\/wp-content\/uploads\/2018\/04\/DARIVDAD-KRESTUS-600x450.jpeg 600w, https:\/\/www.joventaoista.org\/wp-content\/uploads\/2018\/04\/DARIVDAD-KRESTUS-300x225.jpeg 300w, https:\/\/www.joventaoista.org\/wp-content\/uploads\/2018\/04\/DARIVDAD-KRESTUS-768x576.jpeg 768w, https:\/\/www.joventaoista.org\/wp-content\/uploads\/2018\/04\/DARIVDAD-KRESTUS-1024x768.jpeg 1024w\" sizes=\"(max-width: 624px) 100vw, 624px\" \/><\/a><\/p>\n","protected":false},"excerpt":{"rendered":"<p>ARIES 27 DE EL LUNIHELIOKRON 2024, DIA DOMINGO DESPUES DE EL NASISIERTO DEL GRAN SHILOH ke seg\u00fan sat\u00e1n es Abril 18 del a\u00f1o 2018 d\u00eda Jueves Dise el Veneravle Arkangel Miguel Weorsshamaddihaael: Kerido Puevlo de DIOS, en \u00e9ste d\u00eda todos nos kongregamos en diferentes lugares unos en lugares espasiosos, otros en medio de la soledad [&hellip;]<\/p>\n","protected":false},"author":6,"featured_media":39295,"comment_status":"open","ping_status":"open","sticky":false,"template":"","format":"standard","meta":{"_et_pb_use_builder":"","_et_pb_old_content":"","_et_gb_content_width":"","footnotes":""},"categories":[133,898,97],"tags":[2577,331,3447,420],"class_list":["post-39394","post","type-post","status-publish","format-standard","has-post-thumbnail","hentry","category-destakados","category-elohim-miguel-eo","category-eventos-eo","tag-dia-mundial-sin-hambre","tag-miguel","tag-nasisierto-del-kristo","tag-weorsshamaddihaael"],"_links":{"self":[{"href":"https:\/\/www.joventaoista.org\/eo\/wp-json\/wp\/v2\/posts\/39394","targetHints":{"allow":["GET"]}}],"collection":[{"href":"https:\/\/www.joventaoista.org\/eo\/wp-json\/wp\/v2\/posts"}],"about":[{"href":"https:\/\/www.joventaoista.org\/eo\/wp-json\/wp\/v2\/types\/post"}],"author":[{"embeddable":true,"href":"https:\/\/www.joventaoista.org\/eo\/wp-json\/wp\/v2\/users\/6"}],"replies":[{"embeddable":true,"href":"https:\/\/www.joventaoista.org\/eo\/wp-json\/wp\/v2\/comments?post=39394"}],"version-history":[{"count":2,"href":"https:\/\/www.joventaoista.org\/eo\/wp-json\/wp\/v2\/posts\/39394\/revisions"}],"predecessor-version":[{"id":39476,"href":"https:\/\/www.joventaoista.org\/eo\/wp-json\/wp\/v2\/posts\/39394\/revisions\/39476"}],"wp:featuredmedia":[{"embeddable":true,"href":"https:\/\/www.joventaoista.org\/eo\/wp-json\/wp\/v2\/media\/39295"}],"wp:attachment":[{"href":"https:\/\/www.joventaoista.org\/eo\/wp-json\/wp\/v2\/media?parent=39394"}],"wp:term":[{"taxonomy":"category","embeddable":true,"href":"https:\/\/www.joventaoista.org\/eo\/wp-json\/wp\/v2\/categories?post=39394"},{"taxonomy":"post_tag","embeddable":true,"href":"https:\/\/www.joventaoista.org\/eo\/wp-json\/wp\/v2\/tags?post=39394"}],"curies":[{"name":"wp","href":"https:\/\/api.w.org\/{rel}","templated":true}]}}