{"id":40260,"date":"2018-06-27T17:22:16","date_gmt":"2018-06-27T17:22:16","guid":{"rendered":"https:\/\/www.joventaoista.org\/?p=40260"},"modified":"2018-06-27T17:26:29","modified_gmt":"2018-06-27T17:26:29","slug":"12o-congreso-internasional-en-estados-unidos","status":"publish","type":"post","link":"https:\/\/www.joventaoista.org\/eo\/12o-congreso-internasional-en-estados-unidos\/","title":{"rendered":"12\u00ba CONGRESO INTERNASIONAL EN ESTADOS UNIDOS&#8230;"},"content":{"rendered":"<h3 style=\"text-align: center;\"><span style=\"color: #008000;\"><a href=\"https:\/\/www.joventaoista.org\/12o-congreso-internasional-en-estados-unidos\/paz-de-selva-verde-1\/\" rel=\"attachment wp-att-40220\"><img loading=\"lazy\" decoding=\"async\" class=\"wp-image-40220 aligncenter\" src=\"https:\/\/www.joventaoista.org\/wp-content\/uploads\/2018\/06\/paz-de-selva-verde-1.jpg\" alt=\"\" width=\"416\" height=\"149\" srcset=\"https:\/\/www.joventaoista.org\/wp-content\/uploads\/2018\/06\/paz-de-selva-verde-1.jpg 614w, https:\/\/www.joventaoista.org\/wp-content\/uploads\/2018\/06\/paz-de-selva-verde-1-600x215.jpg 600w, https:\/\/www.joventaoista.org\/wp-content\/uploads\/2018\/06\/paz-de-selva-verde-1-300x107.jpg 300w, https:\/\/www.joventaoista.org\/wp-content\/uploads\/2018\/06\/paz-de-selva-verde-1-578x208.jpg 578w\" sizes=\"(max-width: 416px) 100vw, 416px\" \/><\/a>12\u00ba CONGRESO INTERNASIONAL EN ESTADOS UNIDOS, EN LAS MONTA\u00d1AS DEL TEMPLO VERDE DE SARATOGA, NEW YORK.<\/span><\/h3>\n<p>&nbsp;<\/p>\n<p><span style=\"color: #008000;\"><a href=\"https:\/\/www.joventaoista.org\/12o-congreso-internasional-en-estados-unidos\/captura-de-pantalla-2018-06-27-a-las-12-03-04-p-m\/\" rel=\"attachment wp-att-40233\"><img loading=\"lazy\" decoding=\"async\" class=\"wp-image-40233 alignright\" src=\"https:\/\/www.joventaoista.org\/wp-content\/uploads\/2018\/06\/Captura-de-pantalla-2018-06-27-a-las-12.03.04-p.-m..png\" alt=\"\" width=\"258\" height=\"300\" srcset=\"https:\/\/www.joventaoista.org\/wp-content\/uploads\/2018\/06\/Captura-de-pantalla-2018-06-27-a-las-12.03.04-p.-m..png 397w, https:\/\/www.joventaoista.org\/wp-content\/uploads\/2018\/06\/Captura-de-pantalla-2018-06-27-a-las-12.03.04-p.-m.-258x300.png 258w\" sizes=\"(max-width: 258px) 100vw, 258px\" \/><\/a>Has un alto en tu af\u00e1n diario\u2026 y contempla el aire , el agua, los \u00e1rboles, los p\u00e1jaros y la sagrada presencia de DIOS en un ambiente natural.. permite que la vida ingrese a tus pulmones y se llene de virtud toda tu existencia.<\/span><\/p>\n<p><span style=\"color: #008000;\">Todos invitados a este congreso, un hermosa oportunidad para integrarnos en familia, tonificar esa presencia de DIOS en nuestras vidas, despliega tus alas a una vida natural, llena de salud , sabidur\u00eda, paz y armon\u00eda.<\/span><\/p>\n<p><span style=\"color: #008000;\">Es el tiempo de construir nuestras vidas, de sembrar una nueva semilla, con buena actitud\u2026. mas positiva, mas duradera, mas noble, mas solida, mas llevadera. En una palabra, aprovecha esta oportunidad pada lograr vivir en com\u00fan uni\u00f3n.<\/span><\/p>\n<p><span style=\"color: #008000;\">contaremos con la presencia de monjes m\u00e9dicos de la medicina ancestral de el Templo Vegetal Sakroakuarius del T\u00edbet de los andes de Am\u00e9rica, quienes nos estar\u00e1n dictando conferencias, talleres, artes marciales, practica de las multirunas, nutrici\u00f3n, cocina, di\u00e1logos con ni\u00f1os, j\u00f3venes y parejas.<\/span><\/p>\n<p><span style=\"color: #008000;\">Aprovechando la estancia en el campo, elabora un escrito que lleven consignado los pesares y lib\u00e9rate de ellos con el ritual del fuego. Mereces una nueva oportunidad de cambio dejar atr\u00e1s los errores y renace en los aciertos, aprovechemos esta oportunidad, por nosotros mismos, por nuestras familias, por el mundo entero,\u00a0\u00a0 por la paz, por la vida, por el amor\u2026<\/span><\/p>\n<p><a href=\"https:\/\/www.joventaoista.org\/12o-congreso-internasional-en-estados-unidos\/attachment\/123\/\" rel=\"attachment wp-att-40239\"><img loading=\"lazy\" decoding=\"async\" class=\"wp-image-40239 aligncenter\" src=\"https:\/\/www.joventaoista.org\/wp-content\/uploads\/2018\/06\/123.jpeg\" alt=\"\" width=\"474\" height=\"314\" srcset=\"https:\/\/www.joventaoista.org\/wp-content\/uploads\/2018\/06\/123.jpeg 1024w, https:\/\/www.joventaoista.org\/wp-content\/uploads\/2018\/06\/123-600x397.jpeg 600w, https:\/\/www.joventaoista.org\/wp-content\/uploads\/2018\/06\/123-300x199.jpeg 300w, https:\/\/www.joventaoista.org\/wp-content\/uploads\/2018\/06\/123-768x509.jpeg 768w, https:\/\/www.joventaoista.org\/wp-content\/uploads\/2018\/06\/123-321x214.jpeg 321w, https:\/\/www.joventaoista.org\/wp-content\/uploads\/2018\/06\/123-207x136.jpeg 207w, https:\/\/www.joventaoista.org\/wp-content\/uploads\/2018\/06\/123-140x94.jpeg 140w\" sizes=\"(max-width: 474px) 100vw, 474px\" \/><\/a><\/p>\n<p><span style=\"color: #008000;\">La madre naturaleza nos espera abrasa un \u00e1rbol y siente como te liberas de las tristezas, los enojos, las amarguras. encontraremos tranquilidad y con ella, la soluci\u00f3n a todas las difisilidades, nos reincorporaremos a la vida a sus retos, con nuevo alientos.<\/span><\/p>\n<p><span style=\"color: #008000;\"><span style=\"color: #ff6600;\">PRESERVA TU SEMILLA<\/span>, nos encontramos en la constante campa\u00f1a de preservar las semillas, para lo cual les exhortamos a que traigan todas sus semillas, para sembrar una virtud en el alg\u00fan lugar que sientan que les pertenece y crezca esa plantita y florezca su merced.<\/span><\/p>\n<p><span style=\"color: #008000;\">Jard\u00edn de esperanzas, ! siembra tus semillas! \u2026. \u00a1siembra tus sue\u00f1os!\u2026 \u00a1siembra en la esperanza por un futuro mejor! \u2026 una vida plena con salud f\u00edsica, mental , espiritual y financiera, una vida que debe ser todo armon\u00eda y orden.<\/span><\/p>\n<h3 style=\"text-align: center;\"><span style=\"color: #008000;\">EN LAS FECHAS VIERNES 29 DE JUNIO AL 1 DE JULIO DEL 2018\u00a0<a href=\"https:\/\/www.joventaoista.org\/12o-congreso-internasional-en-estados-unidos\/semilla\/\" rel=\"attachment wp-att-40246\"><img loading=\"lazy\" decoding=\"async\" class=\"alignnone wp-image-40246\" src=\"https:\/\/www.joventaoista.org\/wp-content\/uploads\/2018\/06\/semilla.jpeg\" alt=\"\" width=\"435\" height=\"230\" srcset=\"https:\/\/www.joventaoista.org\/wp-content\/uploads\/2018\/06\/semilla.jpeg 308w, https:\/\/www.joventaoista.org\/wp-content\/uploads\/2018\/06\/semilla-300x159.jpeg 300w\" sizes=\"(max-width: 435px) 100vw, 435px\" \/><\/a><\/span><\/h3>\n<h3 style=\"text-align: center;\"><span style=\"color: #ff6600;\">Vamos a Saratoga guerreras y guerreros del DIOS viviente\u2026 Shipipe Rd, Corinth New York, 12822 .<\/span><\/h3>\n<p><a href=\"https:\/\/www.joventaoista.org\/12o-congreso-internasional-en-estados-unidos\/paz-de-selva-verde\/\" rel=\"attachment wp-att-40252\"><img loading=\"lazy\" decoding=\"async\" class=\"wp-image-40252 aligncenter\" src=\"https:\/\/www.joventaoista.org\/wp-content\/uploads\/2018\/06\/paz-de-selva-verde.jpeg\" alt=\"\" width=\"506\" height=\"716\" srcset=\"https:\/\/www.joventaoista.org\/wp-content\/uploads\/2018\/06\/paz-de-selva-verde.jpeg 1131w, https:\/\/www.joventaoista.org\/wp-content\/uploads\/2018\/06\/paz-de-selva-verde-600x849.jpeg 600w, https:\/\/www.joventaoista.org\/wp-content\/uploads\/2018\/06\/paz-de-selva-verde-212x300.jpeg 212w, https:\/\/www.joventaoista.org\/wp-content\/uploads\/2018\/06\/paz-de-selva-verde-768x1086.jpeg 768w, https:\/\/www.joventaoista.org\/wp-content\/uploads\/2018\/06\/paz-de-selva-verde-724x1024.jpeg 724w\" sizes=\"(max-width: 506px) 100vw, 506px\" \/><\/a><\/p>\n<h1 style=\"text-align: center;\"><span style=\"color: #008000;\">HASTA LA VICTORIA SIEMPRE .<\/span><\/h1>\n<h1 style=\"text-align: center;\"><span style=\"color: #008000;\">AOM<\/span><\/h1>\n<p>&nbsp;<\/p>\n<p>&nbsp;<\/p>\n<p>&nbsp;<\/p>\n","protected":false},"excerpt":{"rendered":"<p>12\u00ba CONGRESO INTERNASIONAL EN ESTADOS UNIDOS, EN LAS MONTA\u00d1AS DEL TEMPLO VERDE DE SARATOGA, NEW YORK. &nbsp; Has un alto en tu af\u00e1n diario\u2026 y contempla el aire , el agua, los \u00e1rboles, los p\u00e1jaros y la sagrada presencia de DIOS en un ambiente natural.. permite que la vida ingrese a tus pulmones y se [&hellip;]<\/p>\n","protected":false},"author":6,"featured_media":40226,"comment_status":"open","ping_status":"open","sticky":false,"template":"","format":"standard","meta":{"_et_pb_use_builder":"","_et_pb_old_content":"","_et_gb_content_width":"","footnotes":""},"categories":[133,97],"tags":[3486,3485,3284,3484,131],"class_list":["post-40260","post","type-post","status-publish","format-standard","has-post-thumbnail","hentry","category-destakados","category-eventos-eo","tag-encuentro-espiritual","tag-evento","tag-naturaleza","tag-paz-del-selva-verde","tag-taoistas"],"_links":{"self":[{"href":"https:\/\/www.joventaoista.org\/eo\/wp-json\/wp\/v2\/posts\/40260","targetHints":{"allow":["GET"]}}],"collection":[{"href":"https:\/\/www.joventaoista.org\/eo\/wp-json\/wp\/v2\/posts"}],"about":[{"href":"https:\/\/www.joventaoista.org\/eo\/wp-json\/wp\/v2\/types\/post"}],"author":[{"embeddable":true,"href":"https:\/\/www.joventaoista.org\/eo\/wp-json\/wp\/v2\/users\/6"}],"replies":[{"embeddable":true,"href":"https:\/\/www.joventaoista.org\/eo\/wp-json\/wp\/v2\/comments?post=40260"}],"version-history":[{"count":1,"href":"https:\/\/www.joventaoista.org\/eo\/wp-json\/wp\/v2\/posts\/40260\/revisions"}],"predecessor-version":[{"id":40261,"href":"https:\/\/www.joventaoista.org\/eo\/wp-json\/wp\/v2\/posts\/40260\/revisions\/40261"}],"wp:featuredmedia":[{"embeddable":true,"href":"https:\/\/www.joventaoista.org\/eo\/wp-json\/wp\/v2\/media\/40226"}],"wp:attachment":[{"href":"https:\/\/www.joventaoista.org\/eo\/wp-json\/wp\/v2\/media?parent=40260"}],"wp:term":[{"taxonomy":"category","embeddable":true,"href":"https:\/\/www.joventaoista.org\/eo\/wp-json\/wp\/v2\/categories?post=40260"},{"taxonomy":"post_tag","embeddable":true,"href":"https:\/\/www.joventaoista.org\/eo\/wp-json\/wp\/v2\/tags?post=40260"}],"curies":[{"name":"wp","href":"https:\/\/api.w.org\/{rel}","templated":true}]}}