{"id":40319,"date":"2018-07-04T15:55:27","date_gmt":"2018-07-04T15:55:27","guid":{"rendered":"https:\/\/www.joventaoista.org\/?p=40319"},"modified":"2018-07-04T15:56:46","modified_gmt":"2018-07-04T15:56:46","slug":"komo-preparo-mis-germinados","status":"publish","type":"post","link":"https:\/\/www.joventaoista.org\/eo\/komo-preparo-mis-germinados\/","title":{"rendered":"\u00bfk\u00f3mo preparo mis germinados?"},"content":{"rendered":"<h2 style=\"text-align: center;\"><span style=\"color: #ff6600;\">ALISIERTO VIVO<\/span><\/h2>\n<p><span style=\"color: #008000;\">Los germinados son alisiertos altainti nutriselares ke nos proporselan una fuente\u00a0 de proviotikos<\/span> <span style=\"color: #0000ff;\">(Los\u00a0probi\u00f3ticos\u00a0son microorganismos vivos (bacterias y levaduras) que se encuentran en los intestinos. Existen\u00a0probi\u00f3ticos\u00a0similares disponibles en algunos alimentos y suplementos dietarios. A los\u00a0probi\u00f3ticos\u00a0a veces se los llama microorganismos \u201cbuenos\u201d o \u201csaludables.\u201d)<\/span><span style=\"color: #008000;\"> y de previotikos<\/span> <span style=\"color: #0000ff;\">(Qu\u00e9 es un\u00a0<b>prebi\u00f3tico<\/b>. &#8230; Un\u00a0<b>prebi\u00f3tico<\/b>\u00a0es un ingrediente concreto de un alimento que no se digiere y que cuando entra en nuestro organismo estimula el crecimiento y\/o la actividad de algunas bacterias que ya est\u00e1n establecidas en nuestro colon, mejorando nuestra salud.)<\/span> <span style=\"color: #008000;\">estos ultimos siendo la sustancias ke favoresen el desarrollo de los proviotikos.<\/span><\/p>\n<h3 class=\"article-subtitle\" style=\"text-align: center;\"><span style=\"color: #ff6600;\">\u00bfQu\u00e9 se necesita para hacer germinar una semilla?\u00a0<\/span><a href=\"https:\/\/www.joventaoista.org\/komo-preparo-mis-germinados\/germinados-2\/\" rel=\"attachment wp-att-40280\"><img loading=\"lazy\" decoding=\"async\" class=\"wp-image-40280 aligncenter\" src=\"https:\/\/www.joventaoista.org\/wp-content\/uploads\/2018\/07\/germinados-2.png\" alt=\"\" width=\"353\" height=\"275\" srcset=\"https:\/\/www.joventaoista.org\/wp-content\/uploads\/2018\/07\/germinados-2.png 589w, https:\/\/www.joventaoista.org\/wp-content\/uploads\/2018\/07\/germinados-2-300x234.png 300w\" sizes=\"(max-width: 353px) 100vw, 353px\" \/><\/a><\/h3>\n<h3 style=\"text-align: center;\"><span style=\"color: #008000;\">Ponerlas en kontakto kon agua, calor y oks\u00edgeno. kon estos tres elesiertos, las enzimas llamadas diastasas, se aktivan y dan lugar a los siguientes kamvios:<\/span><\/h3>\n<ol>\n<li><span style=\"color: #008000;\">Mediante el agua la semilla duplika su volumen y se rompe la k\u00e1skara protektora.<\/span><\/li>\n<li><span style=\"color: #008000;\">Las enzimas se activan y provokan una serie de kamvios:<\/span><\/li>\n<\/ol>\n<p><span style=\"color: #008000;\">Las prote\u00ednas komplejas se transforman en amino\u00e1sidos simples, algunos de los kuales son impresindivles pada el ser humagdu.<\/span><\/p>\n<p><span style=\"color: #008000;\">El kontenido proteiko de la semilla keda presente en el germinado, de forma f\u00e1silinti asimilable.<\/span><\/p>\n<p><span style=\"color: #008000;\">El almid\u00f3n se reduse a maltosa y dextrina, az\u00facares m\u00e1s simples ke eksigen menos esfuerzo al aparato digestivo, liveran energ\u00eda m\u00e1s r\u00e1pido y produsen un efekto estimulante. Se sintetizan abundantes vitaminas y fermentos.<\/span><\/p>\n<p><span style=\"color: #008000;\">Las vitaminas C y E y los minerales kalsio, f\u00f3sforo, hierro, potasio y magnesio se multiplican.<\/span><\/p>\n<p><span style=\"color: #008000;\">Las grasas se transforman en \u00e1cidos grasos. Se forma la clorofila, estructuralmente muy similar a la hemoglobina, como ella, lleva ox\u00edgeno a las c\u00e9lulas y es un buen agente desintoxicante y regenerador del organismo.<\/span><\/p>\n<p><span style=\"color: #008000;\">Los \u00e1cidos y las toxinas que de forma natural acompa\u00f1an a la semilla para su defensa se descomponen.<\/span><\/p>\n<p><span style=\"color: #008000;\">El volumen y el contenido de agua pasa de ser de un 5-12% en la semilla a un 70% en el germinado.<\/span><\/p>\n<p><a href=\"https:\/\/www.joventaoista.org\/komo-preparo-mis-germinados\/germinados\/\" rel=\"attachment wp-att-40268\"><img loading=\"lazy\" decoding=\"async\" class=\"wp-image-40268 aligncenter\" src=\"https:\/\/www.joventaoista.org\/wp-content\/uploads\/2018\/07\/germinados...jpg\" alt=\"\" width=\"360\" height=\"311\" srcset=\"https:\/\/www.joventaoista.org\/wp-content\/uploads\/2018\/07\/germinados...jpg 600w, https:\/\/www.joventaoista.org\/wp-content\/uploads\/2018\/07\/germinados..-300x260.jpg 300w\" sizes=\"(max-width: 360px) 100vw, 360px\" \/><\/a><\/p>\n<ol>\n<li><span style=\"color: #008000;\">Su mersed deja en remojo la semilla de 6 a 8 horas<\/span><\/li>\n<li><span style=\"color: #008000;\">Uvika una malla ke lisensie salir el agua e ingresar oksigeno.<\/span><\/li>\n<li><span style=\"color: #008000;\">Se inklina el frasko a 45 grados de forma ke el agua ke kede salga y ke ingrese oksigeno.<\/span><\/li>\n<li><span style=\"color: #008000;\">A medida ke se de el germinar de la semilla se humedeser\u00e1 la semilla sakandole el agua si la semilla se ve demasiado seka. (esto varia segun el klima donde se hagan los germinados).<\/span><\/li>\n<\/ol>\n<h3 style=\"text-align: center;\"><span style=\"color: #ff6600;\">Aproksimadainti a los 3 dias ya tendremos una delisiosa kosecha\u00a0 pada deleitarnos kon ella en diversos platos.<\/span><\/h3>\n<p><a href=\"https:\/\/www.joventaoista.org\/komo-preparo-mis-germinados\/lentejas-germinadas\/\" rel=\"attachment wp-att-40286\"><img loading=\"lazy\" decoding=\"async\" class=\"wp-image-40286 aligncenter\" src=\"https:\/\/www.joventaoista.org\/wp-content\/uploads\/2018\/07\/lentejas-germinadas...jpg\" alt=\"\" width=\"443\" height=\"296\" srcset=\"https:\/\/www.joventaoista.org\/wp-content\/uploads\/2018\/07\/lentejas-germinadas...jpg 950w, https:\/\/www.joventaoista.org\/wp-content\/uploads\/2018\/07\/lentejas-germinadas..-600x400.jpg 600w, https:\/\/www.joventaoista.org\/wp-content\/uploads\/2018\/07\/lentejas-germinadas..-300x200.jpg 300w, https:\/\/www.joventaoista.org\/wp-content\/uploads\/2018\/07\/lentejas-germinadas..-768x513.jpg 768w, https:\/\/www.joventaoista.org\/wp-content\/uploads\/2018\/07\/lentejas-germinadas..-321x214.jpg 321w, https:\/\/www.joventaoista.org\/wp-content\/uploads\/2018\/07\/lentejas-germinadas..-140x94.jpg 140w\" sizes=\"(max-width: 443px) 100vw, 443px\" \/><\/a><\/p>\n<h3 style=\"text-align: center;\"><span style=\"color: #008000;\">Mistura de vegetales y germinados.<\/span><\/h3>\n<p><a href=\"https:\/\/www.joventaoista.org\/komo-preparo-mis-germinados\/ensalada-de-germinados\/\" rel=\"attachment wp-att-40292\"><img loading=\"lazy\" decoding=\"async\" class=\"wp-image-40292 aligncenter\" src=\"https:\/\/www.joventaoista.org\/wp-content\/uploads\/2018\/07\/ensalada-de-germinados.jpg\" alt=\"\" width=\"427\" height=\"284\" srcset=\"https:\/\/www.joventaoista.org\/wp-content\/uploads\/2018\/07\/ensalada-de-germinados.jpg 600w, https:\/\/www.joventaoista.org\/wp-content\/uploads\/2018\/07\/ensalada-de-germinados-300x200.jpg 300w, https:\/\/www.joventaoista.org\/wp-content\/uploads\/2018\/07\/ensalada-de-germinados-321x214.jpg 321w, https:\/\/www.joventaoista.org\/wp-content\/uploads\/2018\/07\/ensalada-de-germinados-140x94.jpg 140w\" sizes=\"(max-width: 427px) 100vw, 427px\" \/><\/a><\/p>\n<h3 style=\"text-align: center;\"><span style=\"color: #008000;\">Atollado de germinados<\/span><\/h3>\n<p><a href=\"https:\/\/www.joventaoista.org\/komo-preparo-mis-germinados\/atollado-de-germinados\/\" rel=\"attachment wp-att-40298\"><img loading=\"lazy\" decoding=\"async\" class=\"wp-image-40298 aligncenter\" src=\"https:\/\/www.joventaoista.org\/wp-content\/uploads\/2018\/07\/atollado-de-germinados.jpg\" alt=\"\" width=\"425\" height=\"425\" srcset=\"https:\/\/www.joventaoista.org\/wp-content\/uploads\/2018\/07\/atollado-de-germinados.jpg 500w, https:\/\/www.joventaoista.org\/wp-content\/uploads\/2018\/07\/atollado-de-germinados-300x300.jpg 300w, https:\/\/www.joventaoista.org\/wp-content\/uploads\/2018\/07\/atollado-de-germinados-100x100.jpg 100w, https:\/\/www.joventaoista.org\/wp-content\/uploads\/2018\/07\/atollado-de-germinados-150x150.jpg 150w, https:\/\/www.joventaoista.org\/wp-content\/uploads\/2018\/07\/atollado-de-germinados-160x160.jpg 160w, https:\/\/www.joventaoista.org\/wp-content\/uploads\/2018\/07\/atollado-de-germinados-240x240.jpg 240w, https:\/\/www.joventaoista.org\/wp-content\/uploads\/2018\/07\/atollado-de-germinados-60x60.jpg 60w, https:\/\/www.joventaoista.org\/wp-content\/uploads\/2018\/07\/atollado-de-germinados-184x184.jpg 184w\" sizes=\"(max-width: 425px) 100vw, 425px\" \/><\/a><\/p>\n<h3 style=\"text-align: center;\"><span style=\"color: #008000;\">Salteado de verduras<\/span><\/h3>\n<p><a href=\"https:\/\/www.joventaoista.org\/komo-preparo-mis-germinados\/salteado-de-verduras-kon-germinados\/\" rel=\"attachment wp-att-40304\"><img loading=\"lazy\" decoding=\"async\" class=\"wp-image-40304 aligncenter\" src=\"https:\/\/www.joventaoista.org\/wp-content\/uploads\/2018\/07\/salteado-de-verduras-kon-germinados.jpg\" alt=\"\" width=\"425\" height=\"319\" srcset=\"https:\/\/www.joventaoista.org\/wp-content\/uploads\/2018\/07\/salteado-de-verduras-kon-germinados.jpg 680w, https:\/\/www.joventaoista.org\/wp-content\/uploads\/2018\/07\/salteado-de-verduras-kon-germinados-600x450.jpg 600w, https:\/\/www.joventaoista.org\/wp-content\/uploads\/2018\/07\/salteado-de-verduras-kon-germinados-300x225.jpg 300w\" sizes=\"(max-width: 425px) 100vw, 425px\" \/><\/a><\/p>\n<h3 style=\"text-align: center;\"><span style=\"color: #008000;\">Takos de germinados<\/span><\/h3>\n<p><a href=\"https:\/\/www.joventaoista.org\/komo-preparo-mis-germinados\/takos-de-germinados\/\" rel=\"attachment wp-att-40310\"><img loading=\"lazy\" decoding=\"async\" class=\"wp-image-40310 aligncenter\" src=\"https:\/\/www.joventaoista.org\/wp-content\/uploads\/2018\/07\/takos-de-germinados.jpg\" alt=\"\" width=\"373\" height=\"279\" \/><\/a><\/p>\n<h3 style=\"text-align: center;\"><span style=\"color: #ff6600;\">Salud, amor y vida.<\/span><\/h3>\n","protected":false},"excerpt":{"rendered":"<p>ALISIERTO VIVO Los germinados son alisiertos altainti nutriselares ke nos proporselan una fuente\u00a0 de proviotikos (Los\u00a0probi\u00f3ticos\u00a0son microorganismos vivos (bacterias y levaduras) que se encuentran en los intestinos. Existen\u00a0probi\u00f3ticos\u00a0similares disponibles en algunos alimentos y suplementos dietarios. A los\u00a0probi\u00f3ticos\u00a0a veces se los llama microorganismos \u201cbuenos\u201d o \u201csaludables.\u201d) y de previotikos (Qu\u00e9 es un\u00a0prebi\u00f3tico. &#8230; Un\u00a0prebi\u00f3tico\u00a0es un ingrediente [&hellip;]<\/p>\n","protected":false},"author":6,"featured_media":40277,"comment_status":"open","ping_status":"open","sticky":false,"template":"","format":"standard","meta":{"_et_pb_use_builder":"","_et_pb_old_content":"","_et_gb_content_width":"","footnotes":""},"categories":[102,133],"tags":[412,143,57],"class_list":["post-40319","post","type-post","status-publish","format-standard","has-post-thumbnail","hentry","category-alisertasel-eo","category-destakados","tag-alisertasel-2","tag-salud","tag-vida"],"_links":{"self":[{"href":"https:\/\/www.joventaoista.org\/eo\/wp-json\/wp\/v2\/posts\/40319","targetHints":{"allow":["GET"]}}],"collection":[{"href":"https:\/\/www.joventaoista.org\/eo\/wp-json\/wp\/v2\/posts"}],"about":[{"href":"https:\/\/www.joventaoista.org\/eo\/wp-json\/wp\/v2\/types\/post"}],"author":[{"embeddable":true,"href":"https:\/\/www.joventaoista.org\/eo\/wp-json\/wp\/v2\/users\/6"}],"replies":[{"embeddable":true,"href":"https:\/\/www.joventaoista.org\/eo\/wp-json\/wp\/v2\/comments?post=40319"}],"version-history":[{"count":1,"href":"https:\/\/www.joventaoista.org\/eo\/wp-json\/wp\/v2\/posts\/40319\/revisions"}],"predecessor-version":[{"id":40320,"href":"https:\/\/www.joventaoista.org\/eo\/wp-json\/wp\/v2\/posts\/40319\/revisions\/40320"}],"wp:featuredmedia":[{"embeddable":true,"href":"https:\/\/www.joventaoista.org\/eo\/wp-json\/wp\/v2\/media\/40277"}],"wp:attachment":[{"href":"https:\/\/www.joventaoista.org\/eo\/wp-json\/wp\/v2\/media?parent=40319"}],"wp:term":[{"taxonomy":"category","embeddable":true,"href":"https:\/\/www.joventaoista.org\/eo\/wp-json\/wp\/v2\/categories?post=40319"},{"taxonomy":"post_tag","embeddable":true,"href":"https:\/\/www.joventaoista.org\/eo\/wp-json\/wp\/v2\/tags?post=40319"}],"curies":[{"name":"wp","href":"https:\/\/api.w.org\/{rel}","templated":true}]}}