{"id":41207,"date":"2018-11-23T17:36:10","date_gmt":"2018-11-23T17:36:10","guid":{"rendered":"https:\/\/www.joventaoista.org\/?p=41207"},"modified":"2020-02-27T01:18:43","modified_gmt":"2020-02-27T01:18:43","slug":"gran-planton-el-dia-del-exiliado-taoista","status":"publish","type":"post","link":"https:\/\/www.joventaoista.org\/eo\/gran-planton-el-dia-del-exiliado-taoista\/","title":{"rendered":"Gran Plant\u00f3n, El d\u00eda del Exiliado Tao\u00edsta."},"content":{"rendered":"<p style=\"text-align: center;\"><span style=\"color: #0000ff;\"><a style=\"color: #0000ff;\" href=\"https:\/\/www.joventaoista.org\/wp-content\/uploads\/2018\/11\/Captura-de-pantalla-2018-11-23-a-las-12.26.44-p.-m..png\"><img loading=\"lazy\" decoding=\"async\" class=\"alignnone size-medium wp-image-41200\" src=\"https:\/\/www.joventaoista.org\/wp-content\/uploads\/2018\/11\/Captura-de-pantalla-2018-11-23-a-las-12.26.44-p.-m.-300x104.png\" alt=\"\" width=\"300\" height=\"104\" srcset=\"https:\/\/www.joventaoista.org\/wp-content\/uploads\/2018\/11\/Captura-de-pantalla-2018-11-23-a-las-12.26.44-p.-m.-300x104.png 300w, https:\/\/www.joventaoista.org\/wp-content\/uploads\/2018\/11\/Captura-de-pantalla-2018-11-23-a-las-12.26.44-p.-m.-600x207.png 600w, https:\/\/www.joventaoista.org\/wp-content\/uploads\/2018\/11\/Captura-de-pantalla-2018-11-23-a-las-12.26.44-p.-m..png 645w\" sizes=\"(max-width: 300px) 100vw, 300px\" \/><\/a><\/span><\/p>\n<p><span style=\"color: #0000ff;\">Muy vuen d\u00eda de luz y prosperidad sea hoy y siempre pad\u00e1 vuestras mersedes veneravles Hermagdus\u00a0 del Puevlo de DIOS, en la konsolidasel de la aktividad del Plant\u00f3n ke hasemos kada heliokron en un llamado a las autoridades Colombianas y a la memoria de los pueblos donde la Doktrina Tao Jud\u00eda de Verdad a llevado\u00a0 la luz de esperanza en la siensia\u00a0 Tao\u00edsta entregada por los Veneravle Maestro Jah Kelium Zeus Induzeus y el Veneravle Maestro Samael Joav Bathor Wehor,\u00a0 en la vuskeda\u00a0 ke no sea olvidada la ignominia cometida\u00a0 por el gobierno Colombiano\u00a0 contra nuestra komunidad; una\u00a0 inbacion armada al Gran Templo Vegetal Skaroakuarius un 25 de noviembre del 2004, ke dejo a su\u00a0 paso destrucci\u00f3n, muerte,\u00a0 desplasamientos, la desolasion de un Templo ke ya no volv\u00edo a sentir las pisadas de sus gu\u00edas y fundadores, cientos de monjes exiliados\u00a0 y lansados\u00a0 por el mundo a vivir una vida de sosobra y la mas acerrima asechanza, el envenenamiento de otro tanto con los mas viles sistemas y una incontable cantidad de susesos\u00a0 que dejan una\u00a0 huella de dolor a nuestro puevlo. No nos podemos permitir que este dolor\u00a0 quede en un olvido y es por ello\u00a0 que la combocatoria es para este d\u00eda en los siguientes lugares.<\/span><\/p>\n<p style=\"text-align: center;\"><span style=\"color: #0000ff;\"><span style=\"color: #ff0000;\">Espa\u00f1a<\/span> konfirmo plant\u00f3n frente al consulado de Colombia.<\/span><br \/>\n<span style=\"color: #0000ff;\"><span style=\"color: #ff0000;\">Canada<\/span> plant\u00f3n en Otawa frente a la embajada de Colombia.<\/span><br \/>\n<span style=\"color: #0000ff;\"><span style=\"color: #ff0000;\">Mejico<\/span> har\u00e1 un acto solemne en el congreso, por nuestros exiliados.<\/span><br \/>\n<span style=\"color: #0000ff;\"><span style=\"color: #ff0000;\">Volivia<\/span> ser\u00e1 el plant\u00f3n en la Paz, frente a la embajada de Colombia.<\/span><br \/>\n<span style=\"color: #0000ff;\"><span style=\"color: #ff0000;\">Guatemaya<\/span> tambi\u00e9n har\u00e1 el plant\u00f3n frente al consulado.<\/span><\/p>\n<p><span style=\"color: #0000ff;\">El pa\u00eds de <span style=\"color: #ff0000;\">Colombia<\/span> tamvien se une al gran Plant\u00f3n y nos kongregaremos en los siguientes lugares:<\/span><\/p>\n<p style=\"text-align: center;\"><span style=\"color: #0000ff;\"><span style=\"color: #ff0000;\">VUKARAMANGA<\/span>. Frente de la Alcald\u00eda.<\/span><br \/>\n<span style=\"color: #0000ff;\"><span style=\"color: #ff0000;\">ARMENIA<\/span>: Plaza de Bol\u00edvar serka del Consejo.<\/span><br \/>\n<span style=\"color: #0000ff;\"><span style=\"color: #ff0000;\">VARRANKILLA<\/span>: Frente a la Catedral.<\/span><br \/>\n<span style=\"color: #0000ff;\"><span style=\"color: #ff0000;\">PAS DE ARIPORO<\/span>: Parke principal.<\/span><br \/>\n<span style=\"color: #0000ff;\"><span style=\"color: #ff0000;\">KIDEETA<\/span>: Parke Principal.<\/span><br \/>\n<span style=\"color: #0000ff;\"><span style=\"color: #ff0000;\">OLFATEOS Y PITALITO<\/span> :Frente a la gobernaci\u00f3n de Olfateos.<\/span><br \/>\n<span style=\"color: #0000ff;\"><span style=\"color: #ff0000;\">KALI<\/span>: Plaza de San Francisco frente a la gobernaci\u00f3n.<\/span><br \/>\n<span style=\"color: #0000ff;\"><span style=\"color: #ff0000;\">KARTANUESTRA<\/span>: Torre del Reloj P\u00fablico.<\/span><br \/>\n<span style=\"color: #0000ff;\"><span style=\"color: #ff0000;\">VAKAT\u00c1<\/span>: Plaza de Bol\u00edvar.<\/span><br \/>\n<span style=\"color: #0000ff;\"><span style=\"color: #ff0000;\">MEDELL\u00cdN<\/span>: Parke de las Luces.<\/span><br \/>\n<span style=\"color: #0000ff;\"><span style=\"color: #ff0000;\">NEIVA<\/span>: Frente a la gobernaci\u00f3n.<\/span><br \/>\n<span style=\"color: #0000ff;\"><span style=\"color: #ff0000;\">DUITAMA<\/span>: Parke de los Libertadores.<\/span><\/p>\n<p><span style=\"color: #0000ff;\"><a style=\"color: #0000ff;\" href=\"https:\/\/www.joventaoista.org\/wp-content\/uploads\/2018\/11\/1A-dia-del-exiliado-taoista.jpg\"><img loading=\"lazy\" decoding=\"async\" class=\"alignnone size-medium wp-image-41163 aligncenter\" src=\"https:\/\/www.joventaoista.org\/wp-content\/uploads\/2018\/11\/1A-dia-del-exiliado-taoista-300x298.jpg\" alt=\"\" width=\"300\" height=\"298\" srcset=\"https:\/\/www.joventaoista.org\/wp-content\/uploads\/2018\/11\/1A-dia-del-exiliado-taoista-300x298.jpg 300w, https:\/\/www.joventaoista.org\/wp-content\/uploads\/2018\/11\/1A-dia-del-exiliado-taoista-600x597.jpg 600w, https:\/\/www.joventaoista.org\/wp-content\/uploads\/2018\/11\/1A-dia-del-exiliado-taoista-150x150.jpg 150w, https:\/\/www.joventaoista.org\/wp-content\/uploads\/2018\/11\/1A-dia-del-exiliado-taoista-768x764.jpg 768w, https:\/\/www.joventaoista.org\/wp-content\/uploads\/2018\/11\/1A-dia-del-exiliado-taoista-1024x1019.jpg 1024w, https:\/\/www.joventaoista.org\/wp-content\/uploads\/2018\/11\/1A-dia-del-exiliado-taoista-160x160.jpg 160w, https:\/\/www.joventaoista.org\/wp-content\/uploads\/2018\/11\/1A-dia-del-exiliado-taoista-60x60.jpg 60w, https:\/\/www.joventaoista.org\/wp-content\/uploads\/2018\/11\/1A-dia-del-exiliado-taoista-184x184.jpg 184w\" sizes=\"(max-width: 300px) 100vw, 300px\" \/><\/a> <\/span><\/p>\n<p style=\"text-align: center;\"><span style=\"color: #0000ff;\"><a style=\"color: #0000ff;\" href=\"https:\/\/www.joventaoista.org\/wp-content\/uploads\/2018\/11\/2A-dia-del-exiliado-taoista.jpg\"><img loading=\"lazy\" decoding=\"async\" class=\"alignnone size-medium wp-image-41169\" src=\"https:\/\/www.joventaoista.org\/wp-content\/uploads\/2018\/11\/2A-dia-del-exiliado-taoista-300x300.jpg\" alt=\"\" width=\"300\" height=\"300\" srcset=\"https:\/\/www.joventaoista.org\/wp-content\/uploads\/2018\/11\/2A-dia-del-exiliado-taoista-300x300.jpg 300w, https:\/\/www.joventaoista.org\/wp-content\/uploads\/2018\/11\/2A-dia-del-exiliado-taoista-600x600.jpg 600w, https:\/\/www.joventaoista.org\/wp-content\/uploads\/2018\/11\/2A-dia-del-exiliado-taoista-150x150.jpg 150w, https:\/\/www.joventaoista.org\/wp-content\/uploads\/2018\/11\/2A-dia-del-exiliado-taoista-768x768.jpg 768w, https:\/\/www.joventaoista.org\/wp-content\/uploads\/2018\/11\/2A-dia-del-exiliado-taoista-1024x1024.jpg 1024w, https:\/\/www.joventaoista.org\/wp-content\/uploads\/2018\/11\/2A-dia-del-exiliado-taoista-160x160.jpg 160w, https:\/\/www.joventaoista.org\/wp-content\/uploads\/2018\/11\/2A-dia-del-exiliado-taoista-240x240.jpg 240w, https:\/\/www.joventaoista.org\/wp-content\/uploads\/2018\/11\/2A-dia-del-exiliado-taoista-60x60.jpg 60w, https:\/\/www.joventaoista.org\/wp-content\/uploads\/2018\/11\/2A-dia-del-exiliado-taoista-184x184.jpg 184w\" sizes=\"(max-width: 300px) 100vw, 300px\" \/><\/a><\/span><\/p>\n<p style=\"text-align: center;\"><span style=\"color: #0000ff;\"> <a style=\"color: #0000ff;\" href=\"https:\/\/www.joventaoista.org\/wp-content\/uploads\/2018\/11\/3A-dia-del-exiliado-taoista.jpg\"><img loading=\"lazy\" decoding=\"async\" class=\"alignnone size-medium wp-image-41175\" src=\"https:\/\/www.joventaoista.org\/wp-content\/uploads\/2018\/11\/3A-dia-del-exiliado-taoista-300x298.jpg\" alt=\"\" width=\"300\" height=\"298\" srcset=\"https:\/\/www.joventaoista.org\/wp-content\/uploads\/2018\/11\/3A-dia-del-exiliado-taoista-300x298.jpg 300w, https:\/\/www.joventaoista.org\/wp-content\/uploads\/2018\/11\/3A-dia-del-exiliado-taoista-600x597.jpg 600w, https:\/\/www.joventaoista.org\/wp-content\/uploads\/2018\/11\/3A-dia-del-exiliado-taoista-150x150.jpg 150w, https:\/\/www.joventaoista.org\/wp-content\/uploads\/2018\/11\/3A-dia-del-exiliado-taoista-768x764.jpg 768w, https:\/\/www.joventaoista.org\/wp-content\/uploads\/2018\/11\/3A-dia-del-exiliado-taoista-1024x1019.jpg 1024w, https:\/\/www.joventaoista.org\/wp-content\/uploads\/2018\/11\/3A-dia-del-exiliado-taoista-160x160.jpg 160w, https:\/\/www.joventaoista.org\/wp-content\/uploads\/2018\/11\/3A-dia-del-exiliado-taoista-60x60.jpg 60w, https:\/\/www.joventaoista.org\/wp-content\/uploads\/2018\/11\/3A-dia-del-exiliado-taoista-184x184.jpg 184w\" sizes=\"(max-width: 300px) 100vw, 300px\" \/><\/a><\/span><\/p>\n<p style=\"text-align: center;\"><span style=\"color: #0000ff;\"> <a style=\"color: #0000ff;\" href=\"https:\/\/www.joventaoista.org\/wp-content\/uploads\/2018\/11\/4A-dia-del-exiliado-taoista.jpg\"><img loading=\"lazy\" decoding=\"async\" class=\"alignnone size-medium wp-image-41181\" src=\"https:\/\/www.joventaoista.org\/wp-content\/uploads\/2018\/11\/4A-dia-del-exiliado-taoista-300x295.jpg\" alt=\"\" width=\"300\" height=\"295\" srcset=\"https:\/\/www.joventaoista.org\/wp-content\/uploads\/2018\/11\/4A-dia-del-exiliado-taoista-300x295.jpg 300w, https:\/\/www.joventaoista.org\/wp-content\/uploads\/2018\/11\/4A-dia-del-exiliado-taoista-600x589.jpg 600w, https:\/\/www.joventaoista.org\/wp-content\/uploads\/2018\/11\/4A-dia-del-exiliado-taoista-768x754.jpg 768w, https:\/\/www.joventaoista.org\/wp-content\/uploads\/2018\/11\/4A-dia-del-exiliado-taoista-1024x1006.jpg 1024w, https:\/\/www.joventaoista.org\/wp-content\/uploads\/2018\/11\/4A-dia-del-exiliado-taoista-60x60.jpg 60w\" sizes=\"(max-width: 300px) 100vw, 300px\" \/><\/a><\/span><\/p>\n<p><span style=\"color: #0000ff;\"> <a style=\"color: #0000ff;\" href=\"https:\/\/www.joventaoista.org\/wp-content\/uploads\/2018\/11\/5A-dia-del-exiliado-taoista-1.jpg\"><img loading=\"lazy\" decoding=\"async\" class=\"alignnone size-medium wp-image-41193 aligncenter\" src=\"https:\/\/www.joventaoista.org\/wp-content\/uploads\/2018\/11\/5A-dia-del-exiliado-taoista-1-300x298.jpg\" alt=\"\" width=\"300\" height=\"298\" srcset=\"https:\/\/www.joventaoista.org\/wp-content\/uploads\/2018\/11\/5A-dia-del-exiliado-taoista-1-300x298.jpg 300w, https:\/\/www.joventaoista.org\/wp-content\/uploads\/2018\/11\/5A-dia-del-exiliado-taoista-1-600x597.jpg 600w, https:\/\/www.joventaoista.org\/wp-content\/uploads\/2018\/11\/5A-dia-del-exiliado-taoista-1-150x150.jpg 150w, https:\/\/www.joventaoista.org\/wp-content\/uploads\/2018\/11\/5A-dia-del-exiliado-taoista-1-768x764.jpg 768w, https:\/\/www.joventaoista.org\/wp-content\/uploads\/2018\/11\/5A-dia-del-exiliado-taoista-1-1024x1019.jpg 1024w, https:\/\/www.joventaoista.org\/wp-content\/uploads\/2018\/11\/5A-dia-del-exiliado-taoista-1-160x160.jpg 160w, https:\/\/www.joventaoista.org\/wp-content\/uploads\/2018\/11\/5A-dia-del-exiliado-taoista-1-60x60.jpg 60w, https:\/\/www.joventaoista.org\/wp-content\/uploads\/2018\/11\/5A-dia-del-exiliado-taoista-1-184x184.jpg 184w\" sizes=\"(max-width: 300px) 100vw, 300px\" \/><\/a><\/span><\/p>\n","protected":false},"excerpt":{"rendered":"<p>Muy vuen d\u00eda de luz y prosperidad sea hoy y siempre pad\u00e1 vuestras mersedes veneravles Hermagdus\u00a0 del Puevlo de DIOS, en la konsolidasel de la aktividad del Plant\u00f3n ke hasemos kada heliokron en un llamado a las autoridades Colombianas y a la memoria de los pueblos donde la Doktrina Tao Jud\u00eda de Verdad a llevado\u00a0 [&hellip;]<\/p>\n","protected":false},"author":6,"featured_media":41200,"comment_status":"open","ping_status":"open","sticky":false,"template":"","format":"standard","meta":{"_et_pb_use_builder":"","_et_pb_old_content":"","_et_gb_content_width":"","footnotes":""},"categories":[95],"tags":[3362,4031],"class_list":["post-41207","post","type-post","status-publish","format-standard","has-post-thumbnail","hentry","category-blog-eo","tag-exiliado-taoista","tag-gran-templo-vegetal-sakroakuarius-eo-2"],"_links":{"self":[{"href":"https:\/\/www.joventaoista.org\/eo\/wp-json\/wp\/v2\/posts\/41207","targetHints":{"allow":["GET"]}}],"collection":[{"href":"https:\/\/www.joventaoista.org\/eo\/wp-json\/wp\/v2\/posts"}],"about":[{"href":"https:\/\/www.joventaoista.org\/eo\/wp-json\/wp\/v2\/types\/post"}],"author":[{"embeddable":true,"href":"https:\/\/www.joventaoista.org\/eo\/wp-json\/wp\/v2\/users\/6"}],"replies":[{"embeddable":true,"href":"https:\/\/www.joventaoista.org\/eo\/wp-json\/wp\/v2\/comments?post=41207"}],"version-history":[{"count":1,"href":"https:\/\/www.joventaoista.org\/eo\/wp-json\/wp\/v2\/posts\/41207\/revisions"}],"predecessor-version":[{"id":41208,"href":"https:\/\/www.joventaoista.org\/eo\/wp-json\/wp\/v2\/posts\/41207\/revisions\/41208"}],"wp:featuredmedia":[{"embeddable":true,"href":"https:\/\/www.joventaoista.org\/eo\/wp-json\/wp\/v2\/media\/41200"}],"wp:attachment":[{"href":"https:\/\/www.joventaoista.org\/eo\/wp-json\/wp\/v2\/media?parent=41207"}],"wp:term":[{"taxonomy":"category","embeddable":true,"href":"https:\/\/www.joventaoista.org\/eo\/wp-json\/wp\/v2\/categories?post=41207"},{"taxonomy":"post_tag","embeddable":true,"href":"https:\/\/www.joventaoista.org\/eo\/wp-json\/wp\/v2\/tags?post=41207"}],"curies":[{"name":"wp","href":"https:\/\/api.w.org\/{rel}","templated":true}]}}