{"id":42699,"date":"2019-07-29T13:53:43","date_gmt":"2019-07-29T13:53:43","guid":{"rendered":"https:\/\/www.joventaoista.org\/?p=42699"},"modified":"2019-07-29T13:57:08","modified_gmt":"2019-07-29T13:57:08","slug":"sitinotisiero-el-poder-del-vendigo-har-y-la-llegada-de-leo","status":"publish","type":"post","link":"https:\/\/www.joventaoista.org\/eo\/sitinotisiero-el-poder-del-vendigo-har-y-la-llegada-de-leo\/","title":{"rendered":"Sitinotisiero, EL PODER DEL VENDIGO HAR Y LA LLEGADA DE LEO."},"content":{"rendered":"<h3 style=\"text-align: center;\"><span style=\"color: #ff0000;\">LEO LA KONSTELASEL DE LA LEY Y EL PODER DEL VENDIGO HAR PADA DETENER LO INDETENIBLE<\/span><\/h3>\n<p><a href=\"https:\/\/www.joventaoista.org\/wp-content\/uploads\/2019\/07\/1leon-1.jpg\"><img loading=\"lazy\" decoding=\"async\" class=\"wp-image-42475 aligncenter\" src=\"https:\/\/www.joventaoista.org\/wp-content\/uploads\/2019\/07\/1leon-1.jpg\" alt=\"\" width=\"460\" height=\"296\" srcset=\"https:\/\/www.joventaoista.org\/wp-content\/uploads\/2019\/07\/1leon-1.jpg 700w, https:\/\/www.joventaoista.org\/wp-content\/uploads\/2019\/07\/1leon-1-600x386.jpg 600w, https:\/\/www.joventaoista.org\/wp-content\/uploads\/2019\/07\/1leon-1-300x193.jpg 300w\" sizes=\"(max-width: 460px) 100vw, 460px\" \/><\/a><\/p>\n<h3 style=\"text-align: center;\"><span style=\"color: #ff0000;\">EL ESPIRITU DE GUERRA IRAN KE ES ELAM Y LOS PODERES OCULTOS<\/span><\/h3>\n<p><strong>Israel se prepara para la guerra con Ir\u00e1n y sus alas militares en los pr\u00f3ximos dos a\u00f1os<\/strong><\/p>\n<p>July 13, 2019 at 2:57 PM | Published in:\u00a0<a href=\"https:\/\/www.monitordeoriente.com\/category\/region\/oriente-medio\/iran\/\">Ir\u00e1n<\/a>,\u00a0<a href=\"https:\/\/www.monitordeoriente.com\/category\/region\/oriente-medio\/israel\/\">Israel<\/a>,\u00a0<a href=\"https:\/\/www.monitordeoriente.com\/category\/region\/oriente-medio\/libano\/\">L\u00edbano<\/a>,\u00a0<a href=\"https:\/\/www.monitordeoriente.com\/category\/noticias\/\">Noticias<\/a>,\u00a0<a href=\"https:\/\/www.monitordeoriente.com\/category\/region\/oriente-medio\/\">Oriente Medio<\/a><\/p>\n<p><a href=\"https:\/\/www.joventaoista.org\/wp-content\/uploads\/2019\/07\/2.jpg\"><img loading=\"lazy\" decoding=\"async\" class=\"wp-image-42619 aligncenter\" src=\"https:\/\/www.joventaoista.org\/wp-content\/uploads\/2019\/07\/2-1024x682.jpg\" alt=\"\" width=\"390\" height=\"260\" srcset=\"https:\/\/www.joventaoista.org\/wp-content\/uploads\/2019\/07\/2-1024x682.jpg 1024w, https:\/\/www.joventaoista.org\/wp-content\/uploads\/2019\/07\/2-600x400.jpg 600w, https:\/\/www.joventaoista.org\/wp-content\/uploads\/2019\/07\/2-300x200.jpg 300w, https:\/\/www.joventaoista.org\/wp-content\/uploads\/2019\/07\/2-768x511.jpg 768w, https:\/\/www.joventaoista.org\/wp-content\/uploads\/2019\/07\/2-321x214.jpg 321w, https:\/\/www.joventaoista.org\/wp-content\/uploads\/2019\/07\/2-140x94.jpg 140w, https:\/\/www.joventaoista.org\/wp-content\/uploads\/2019\/07\/2.jpg 1200w\" sizes=\"(max-width: 390px) 100vw, 390px\" \/><\/a><\/p>\n<p>El \u00faltimo avi\u00f3n de combate de la Fuerza A\u00e9rea de Israel: el F-35 [izquierda] visto en un vuelo junto con un F-16 m\u00e1s antiguo, el 13 de diciembre de 2016 [Fuerza A\u00e9rea Israel\u00ed \/ WikiMedia]<\/p>\n<p>July 13, 2019 at 2:57 PM<\/p>\n<p>El Ministro de Cooperaci\u00f3n Regional de Israel, Tzachi Hanegbi, dijo ayer que Israel se est\u00e1 preparando para una \u201cposible\u201d confrontaci\u00f3n militar con Ir\u00e1n y sus alas militares en los pr\u00f3ximos dos a\u00f1os.<\/p>\n<p>Hablando con\u00a0<em>Israel Hayom<\/em>, Hanegbi \u2013que tambi\u00e9n es miembro del gabinete de seguridad de Israel\u2013 dijo que \u201cla posibilidad de que haya una confrontaci\u00f3n militar con Ir\u00e1n o sus armas militares es m\u00e1s probable que la posibilidad de que no haya una guerra\u201d.<\/p>\n<p>Reiter\u00f3 que el tema no est\u00e1 relacionado con \u201cs\u00ed o no, sino con el momento adecuado\u201d.<\/p>\n<p>El ministro afirm\u00f3 que la guerra con Ir\u00e1n \u201cya ha pasado de la guerra de poder a la guerra directa\u201d, y agreg\u00f3: \u201cHabr\u00e1 una guerra directa entre nosotros [Israel] e Ir\u00e1n, guerra directa o indirecta. Esto es imposible de evitar y se volver\u00e1 m\u00e1s violenta con el tiempo\u201d.<\/p>\n<p><strong>Leer:\u00a0<\/strong><a href=\"https:\/\/www.middleeastmonitor.com\/20190711-trump-israels-netanyahu-discuss-countering-iran\/\"><strong>Trump, Israel\u2019s Netanyahu discuss countering Iran<\/strong><\/a><\/p>\n<p>Respecto a Siria, Hanegbi dijo que hay 10.000 combatientes al servicio de la Guardia Revolucionaria de Ir\u00e1n (IRGC) y se espera que el arsenal de Hezbol\u00e1 del L\u00edbano incluya actualmente 160.000 misiles.<\/p>\n<p>Al discutir los motivos de la guerra, Hanegbi dijo: \u201cIsrael no seguir\u00e1 pagando el precio de ninguna guerra, lo que significa dar luz verde a los iran\u00edes para que se posicionen de nuevo en Siria [\u2026] Necesitamos perjudicar este posicionamiento; de lo contrario, tendremos un reino de terrorismo en nuestras fronteras\u201d.<\/p>\n<p style=\"text-align: center;\"><span style=\"color: #ff0000;\">ESTADOS UNIDOS SE PREPARA PARA DESPLEGAR TROPAS ADICIONALES EN ARABIA SAUDITA EN MEDIO DE LA DISPUTA CONTRA IR\u00c1N: INFORME<\/span><\/p>\n<p><a href=\"https:\/\/www.joventaoista.org\/wp-content\/uploads\/2019\/07\/3-trump.jpg\"><img loading=\"lazy\" decoding=\"async\" class=\"wp-image-42631 aligncenter\" src=\"https:\/\/www.joventaoista.org\/wp-content\/uploads\/2019\/07\/3-trump.jpg\" alt=\"\" width=\"407\" height=\"228\" srcset=\"https:\/\/www.joventaoista.org\/wp-content\/uploads\/2019\/07\/3-trump.jpg 620w, https:\/\/www.joventaoista.org\/wp-content\/uploads\/2019\/07\/3-trump-600x336.jpg 600w, https:\/\/www.joventaoista.org\/wp-content\/uploads\/2019\/07\/3-trump-300x168.jpg 300w\" sizes=\"(max-width: 407px) 100vw, 407px\" \/><\/a><\/p>\n<p>Fecha de publicaci\u00f3n: 18 07 2019, 10:28<\/p>\n<p>Las tensiones entre Estados Unidos e Ir\u00e1n se han intensificado en los \u00faltimos meses a medida que Ir\u00e1n se retira de sus obligaciones voluntarias en virtud del acuerdo nuclear del Plan de Acci\u00f3n Integral Conjunto (JCPOA) de 2015 y los Estados Unidos acumulan su presencia militar en el Medio Oriente bajo el pretexto de \u00abel iran\u00ed amenaza.\u00bb<\/p>\n<p>Seg\u00fan informes de la CNN, la administraci\u00f3n del presidente de los Estados Unidos est\u00e1 preparada para enviar personal militar a Arabia Saudita, citando a dos oficiales de la defensa an\u00f3nimos.<\/p>\n<p>Seg\u00fan el informe, se espera que quinientos efectivos se desplieguen en la Base A\u00e9rea Prince Sultan, ubicada al este de la capital del pa\u00eds, Riyadh.<\/p>\n<p><strong>\u00a0<\/strong><\/p>\n<p><strong>Estados Unidos amenaza a Ir\u00e1n por captura de buque petrolero<\/strong><\/p>\n<p>El comandante militar estadounidense en la regi\u00f3n dijo que podr\u00eda actuar &#8220;agresivamente&#8221; para asegurar el libre tr\u00e1nsito de embarcaciones por la zona.<\/p>\n<p><a href=\"https:\/\/www.joventaoista.org\/wp-content\/uploads\/2019\/07\/6-carguero.jpg\"><img loading=\"lazy\" decoding=\"async\" class=\"wp-image-42637 aligncenter\" src=\"https:\/\/www.joventaoista.org\/wp-content\/uploads\/2019\/07\/6-carguero.jpg\" alt=\"\" width=\"439\" height=\"247\" srcset=\"https:\/\/www.joventaoista.org\/wp-content\/uploads\/2019\/07\/6-carguero.jpg 824w, https:\/\/www.joventaoista.org\/wp-content\/uploads\/2019\/07\/6-carguero-600x338.jpg 600w, https:\/\/www.joventaoista.org\/wp-content\/uploads\/2019\/07\/6-carguero-300x169.jpg 300w, https:\/\/www.joventaoista.org\/wp-content\/uploads\/2019\/07\/6-carguero-768x432.jpg 768w\" sizes=\"(max-width: 439px) 100vw, 439px\" \/><\/a><\/p>\n<p>Las tensiones entre Ir\u00e1n y Estados Unidos aumentan considerablemente en el Medio Oriente.<\/p>\n<p>AFP<\/p>\n<p>POR:<\/p>\n<p>&nbsp;<\/p>\n<p>REUTERS<\/p>\n<p>&nbsp;<\/p>\n<p>JULIO 18 DE 2019 &#8211; 09:48 A.M.<\/p>\n<p>Ir\u00e1n dijo este jueves que captur\u00f3 un buque petrolero extranjero que transportaba combustible en el Golfo P\u00e9rsico sin autorizaci\u00f3n, y el comandante militar estadounidense en la regi\u00f3n dijo que Washington podr\u00eda actuar &#8220;agresivamente&#8221; para asegurar el libre tr\u00e1nsito de embarcaciones por la zona.<\/p>\n<p>Lea:\u00a0<a href=\"https:\/\/www.portafolio.co\/internacional\/el-ultimo-desafio-de-iran-a-trump-531322\">(El \u00faltimo desaf\u00edo de Ir\u00e1n a Trump)<\/a><\/p>\n<p>Estados Unidos culpa a Ir\u00e1n por una serie de ataques contra embarcaciones en la arteria petrolera m\u00e1s importante del mundo desde mediados de mayo, algo que Teher\u00e1n rechaza.\u00a0Estas acciones han aumentado los temores de que se pueda desencadenar una guerra.<\/p>\n<p><strong>Guardianes de la Revoluci\u00f3n de Ir\u00e1n retienen un \u201cpetrolero extranjero\u201d<\/strong><\/p>\n<p><a href=\"https:\/\/www.joventaoista.org\/wp-content\/uploads\/2019\/07\/5-buque.jpg\"><img loading=\"lazy\" decoding=\"async\" class=\"wp-image-42487 aligncenter\" src=\"https:\/\/www.joventaoista.org\/wp-content\/uploads\/2019\/07\/5-buque.jpg\" alt=\"\" width=\"357\" height=\"225\" srcset=\"https:\/\/www.joventaoista.org\/wp-content\/uploads\/2019\/07\/5-buque.jpg 580w, https:\/\/www.joventaoista.org\/wp-content\/uploads\/2019\/07\/5-buque-300x189.jpg 300w, https:\/\/www.joventaoista.org\/wp-content\/uploads\/2019\/07\/5-buque-578x365.jpg 578w\" sizes=\"(max-width: 357px) 100vw, 357px\" \/><\/a><\/p>\n<p>Guardianes de la Revoluci\u00f3n de Ir\u00e1n dicen haberse apoderado de un \u201cpetrolero extranjero\u201d. Foto: Reuters<\/p>\n<p><a href=\"https:\/\/www.elcolombiano.com\/cronologia\/noticias\/meta\/internacional\">INTERNACIONAL<\/a>\u00a0<a href=\"https:\/\/www.elcolombiano.com\/cronologia\/noticias\/meta\/iran\">IR\u00c1N<\/a>\u00a0<a href=\"https:\/\/www.elcolombiano.com\/cronologia\/noticias\/meta\/petroleo\">PETR\u00d3LEO<\/a><\/p>\n<p><strong>EFE | PUBLICADO HACE 10 HORAS<\/strong><\/p>\n<p>La Fuerza Naval de los Guardianes de la Revoluci\u00f3n de Ir\u00e1n anunci\u00f3 hoy que ha retenido un petrolero \u201cextranjero\u201d que estaba realizando operaciones de contrabando en el golfo P\u00e9rsico, donde la tensi\u00f3n se ha disparado en los \u00faltimos meses.<\/p>\n<p><strong>\u00a0<\/strong><strong>El r\u00e9gimen de Ir\u00e1n public\u00f3 las primeras im\u00e1genes del petrolero incautado en el Estrecho de Ormuz<\/strong><\/p>\n<p>El video confirma que se trata del Riah, un buque de bandera paname\u00f1o y basado en los Emiratos \u00c1rabes Unidos que hab\u00eda desaparecido el domingo en aguas persas en el Golfo P\u00e9rsico. Teher\u00e1n dice que la nave transportaba combustible de contrabando, pero los Estados Unidos denunciaron una campa\u00f1a persa contra el tr\u00e1fico naval en la zona<\/p>\n<p>18 de julio de 2019<\/p>\n<p>El r\u00e9gimen iran\u00ed public\u00f3 este jueves<strong>\u00a0las primeras im\u00e1genes del\u00a0<\/strong><a href=\"https:\/\/www.infobae.com\/america\/mundo\/2019\/07\/18\/la-guardia-revolucionaria-irani-anuncio-la-incautacion-de-un-buque-petrolero-extranjero\/\"><strong>petrolero extranjero que captur\u00f3 la semana pasada en el Estrecho de Hormuz<\/strong><\/a><strong>,<\/strong>\u00a0en medio de una\u00a0<strong>escalada de tensiones con Estados Unidos y sus aliados<\/strong>\u00a0que ha tomado como blanco al tr\u00e1fico naval en este importante paso mar\u00edtimo.<\/p>\n<p>Aunque las autoridades iran\u00edes no lo han dicho a\u00fan,\u00a0<strong>las im\u00e1genes provistas confirman que se trata del petrolero Riah de origen paname\u00f1o y con base en los Emiratos \u00c1rabes Unidos (EAU)<\/strong>, que desapareci\u00f3 el domingo en circunstancias confusas. Por el hecho Estados Unidos hab\u00eda culpado a Ir\u00e1n.<\/p>\n<p style=\"text-align: center;\"><iframe loading=\"lazy\" src=\"https:\/\/www.youtube.com\/embed\/htqH_a789F8\" width=\"560\" height=\"315\" frameborder=\"0\" allowfullscreen=\"allowfullscreen\" data-mce-fragment=\"1\"><\/iframe><\/p>\n<p>Netanyahu insta a actuar contra Ir\u00e1n tras la captura de un petrolero extranjero<\/p>\n<p>18 Julio, 2019<\/p>\n<p>Comparte esta noticia<\/p>\n<p>Benjam\u00edn Netanyahu Foto: Amos Ben Gershom GPO v\u00eda Facebook<\/p>\n<p>El primer ministro, Benjam\u00edn Netanyahu, lanz\u00f3 una serie de advertencias a Ir\u00e1n, bajo el tel\u00f3n de fondo de la escalada de tensi\u00f3n en el Golfo P\u00e9rsico, pero tambi\u00e9n extendi\u00f3 su condena al Gobierno del L\u00edbano debido que no se opone a la expansi\u00f3n militar de Hezbollah en su territorio y agreg\u00f3 que se har\u00e1 cargo de la responsabilidad de un posible conflicto armado.<\/p>\n<p><strong>Publican el primer video del carguero incautado por Ir\u00e1n por contrabando de petr\u00f3leo<\/strong><a href=\"https:\/\/www.joventaoista.org\/wp-content\/uploads\/2019\/07\/4-buque.jpg\"><img loading=\"lazy\" decoding=\"async\" class=\"wp-image-42481 aligncenter\" src=\"https:\/\/www.joventaoista.org\/wp-content\/uploads\/2019\/07\/4-buque.jpg\" alt=\"\" width=\"413\" height=\"310\" srcset=\"https:\/\/www.joventaoista.org\/wp-content\/uploads\/2019\/07\/4-buque.jpg 700w, https:\/\/www.joventaoista.org\/wp-content\/uploads\/2019\/07\/4-buque-600x451.jpg 600w, https:\/\/www.joventaoista.org\/wp-content\/uploads\/2019\/07\/4-buque-300x225.jpg 300w\" sizes=\"(max-width: 413px) 100vw, 413px\" \/><\/a><\/p>\n<p>Publicado: 18 Jul 2019 | 15:47 GMTImagen ilustrativa\u00a0Reuters<\/p>\n<p>La grabaci\u00f3n ha sido divulgada por Press TV.<\/p>\n<p>Press TV ha difundido este jueves unos videos que muestran la\u00a0<strong>incautaci\u00f3n<\/strong>\u00a0este domingo por los Cuerpos de la Guardia Revolucionaria de Ir\u00e1n de un carguero de bandera extranjera con 12 tripulantes a bordo. Seg\u00fan detall\u00f3 la agencia estatal iran\u00ed IRNA, el petrolero estaba efectuando contrabando de crudo.<\/p>\n<p><strong>Un buque de guerra estadounidense &#8220;destruy\u00f3 inmediatamente&#8221; un dron iran\u00ed en el estrecho de Ormuz<\/strong><\/p>\n<p>Publicado: 18 jul 2019 19:21 GMT\u00a0| \u00daltima actualizaci\u00f3n: 18 jul 2019 21:10 GMT<\/p>\n<p><strong>Seg\u00fan el presidente de EE.UU., Donald Trump, la aeronave no tripulada se acerc\u00f3 a menos de un kil\u00f3metro del barco.<\/strong><\/p>\n<p>El buque de asalto anfibio USS Boxer.\u00a0\/\u00a0Ahmed Jadallah\u00a0\/ Reuters<\/p>\n<p><strong>S\u00edguenos en Facebook<\/strong><\/p>\n<p>Un buque de guerra\u00a0estadounidense\u00a0<strong>derrib\u00f3 un dron de Ir\u00e1n<\/strong>\u00a0este 18 de julio en el estrecho de Ormuz, a la entrada del golfo P\u00e9rsico, seg\u00fan declar\u00f3\u00a0el presidente de EE.UU.,\u00a0<a href=\"https:\/\/actualidad.rt.com\/actualidad\/167392-sepa-mas-donald-trump\">Donald Trump<\/a>, y confirm\u00f3 el Departamento de Defensa norteamericano.<\/p>\n<p>De acuerdo con el mandatario, la aeronave no tripulada se acerc\u00f3 a\u00a0<strong>menos de un kil\u00f3metro<\/strong>\u00a0del barco de asalto anfibio USS Boxer &#8220;ignorando\u00a0m\u00faltiples advertencias&#8221; estadounidenses antes de ser\u00a0&#8220;inmediatamente destruida&#8221; por ese buque.<\/p>\n<p>&#8220;El Boxer tom\u00f3 una\u00a0<strong>acci\u00f3n defensiva<\/strong>\u00a0contra un avi\u00f3n no tripulado iran\u00ed que volaba\u00a0a una distancia muy cercana, aproximadamente 1.000 yardas [914 metros]&#8221;, asever\u00f3 Trump, asegurando que el avi\u00f3n estaba &#8220;<strong>amenazando la seguridad<\/strong>\u00a0del barco y de su tripulaci\u00f3n&#8221;.<\/p>\n<p style=\"text-align: center;\"><iframe loading=\"lazy\" src=\"https:\/\/www.youtube.com\/embed\/ecmQcJLXgGU\" width=\"560\" height=\"315\" frameborder=\"0\" allowfullscreen=\"allowfullscreen\" data-mce-fragment=\"1\"><\/iframe><\/p>\n<p><strong>\u00a0<\/strong><strong>Todo el movimiento y el poder del esp\u00edritu de guerra, esta siendo conjurado por el poder del ansiagdu de los d\u00edas del kual fue eskrito: en Daniel 7 verso 09 en adelante y dice asi:<\/strong><\/p>\n<p><strong><sup>9\u00a0<\/sup><\/strong><strong>Estuve mirando hasta que fueron puestos tronos,\u00a0y se sent\u00f3 un Anciano de d\u00edas, cuyo vestido era blanco como la nieve, y el pelo de su cabeza como lana limpia;\u00a0su trono llama de fuego, y las ruedas del mismo, fuego ardiente.<\/strong><\/p>\n<p><strong><sup>10\u00a0<\/sup><\/strong><strong>Un r\u00edo de fuego proced\u00eda y sal\u00eda de delante de \u00e9l; millares de millares le serv\u00edan, y millones de millones asist\u00edan delante de \u00e9l;\u00a0el Juez se sent\u00f3, y los libros fueron abiertos.<\/strong><\/p>\n<p><strong><sup>11\u00a0<\/sup><\/strong><strong>Yo entonces miraba a causa del sonido de las grandes palabras que hablaba el cuerno; miraba hasta que mataron a la bestia, y su cuerpo fue destrozado y entregado para ser quemado en el fuego.<\/strong><\/p>\n<p><strong><sup>12\u00a0<\/sup><\/strong><strong>Hab\u00edan tambi\u00e9n quitado a las otras bestias su dominio, pero les hab\u00eda sido prolongada la vida hasta cierto tiempo.<\/strong><\/p>\n<p><strong><sup>13\u00a0<\/sup><\/strong><strong>Miraba yo en la visi\u00f3n de la noche, y he aqu\u00ed con las nubes del cielo ven\u00eda uno como un hijo de hombre,\u00a0que vino hasta el Anciano de d\u00edas, y le hicieron acercarse delante de \u00e9l.<\/strong><\/p>\n<p><strong><sup>14\u00a0<\/sup><\/strong><strong>Y le fue dado dominio, gloria y reino, para que todos los pueblos, naciones y lenguas le sirvieran;\u00a0su dominio es dominio eterno, que nunca pasar\u00e1, y su reino uno que no ser\u00e1 destruido.<\/strong><\/p>\n<p><strong><sup>15\u00a0<\/sup><\/strong><strong>Se me turb\u00f3 el esp\u00edritu a m\u00ed, Daniel, en medio de mi cuerpo, y las visiones de mi cabeza me asombraron.<\/strong><\/p>\n<p><strong>Asi ser\u00e1 el poder del omnipotente hacedor de todo cuanto existe, por kuanto el tiempo se acerca velos inti, asi savreis y sabremos ke\u00a0 nos depara el futuro mientras, se cambian las profec\u00edas y el mundo tiene el dharma de la presencia del que es el ke era y el ke ser\u00e1 pada siempre.<\/strong><\/p>\n<h3 style=\"text-align: center;\"><span style=\"color: #ff0000;\">EL PODER OCULTO, SECULAR Y EL\u00a0 ESCANDALO SEXUAL DE JEFFREY EPSTEIN.<\/span><\/h3>\n<p><a href=\"https:\/\/www.joventaoista.org\/wp-content\/uploads\/2019\/07\/7-clinton.jpg\"><img loading=\"lazy\" decoding=\"async\" class=\" wp-image-42493 aligncenter\" src=\"https:\/\/www.joventaoista.org\/wp-content\/uploads\/2019\/07\/7-clinton.jpg\" alt=\"\" width=\"485\" height=\"273\" srcset=\"https:\/\/www.joventaoista.org\/wp-content\/uploads\/2019\/07\/7-clinton.jpg 600w, https:\/\/www.joventaoista.org\/wp-content\/uploads\/2019\/07\/7-clinton-300x169.jpg 300w\" sizes=\"(max-width: 485px) 100vw, 485px\" \/><\/a><\/p>\n<p>Recuerden el caso del ped\u00f3filo y la red de la pedofilia a nivel mundial, estamos pues ante la posibilidad de que el imperio de la oscuridad sea remecido desde sus ciemientos, que son tan negros y oscuros como lo es la historia de la bestia sobre la tierra, esa bestia quien es Jezabel, que es babilonia simento su poder en el terror de los ni\u00f1os por eso no se olviden, queridos y apreciados lectores que de la ca\u00edda de los poderes que secundan la bestia, lograremos con la ayuda de DIOS\u00a0 y sus enviados tumbar la bestia que es la gran ramera apocal\u00edptica.<\/p>\n<p>Vemos entonces lo que sucedia en el apagon de new york, los reportes oficiales y el reporte de la pagina <a href=\"http:\/\/whatdoesitmean.com\/\">http:\/\/whatdoesitmean.com\/<\/a>\u00a0 La informadora de los servicios secretos rusos dejaba en dos informes ver lo que realemnte sucedi\u00f3 en el apagon de new york y otras implicaciones del caso Epstein.<\/p>\n<p style=\"text-align: center;\"><strong>El misterioso apag\u00f3n en Nueva York: qu\u00e9 fue lo que pas\u00f3<\/strong><\/p>\n<p><a href=\"https:\/\/www.joventaoista.org\/wp-content\/uploads\/2019\/07\/11-new-york.jpg\"><img loading=\"lazy\" decoding=\"async\" class=\"alignnone wp-image-42643 aligncenter\" src=\"https:\/\/www.joventaoista.org\/wp-content\/uploads\/2019\/07\/11-new-york.jpg\" alt=\"\" width=\"395\" height=\"263\" srcset=\"https:\/\/www.joventaoista.org\/wp-content\/uploads\/2019\/07\/11-new-york.jpg 720w, https:\/\/www.joventaoista.org\/wp-content\/uploads\/2019\/07\/11-new-york-600x400.jpg 600w, https:\/\/www.joventaoista.org\/wp-content\/uploads\/2019\/07\/11-new-york-300x200.jpg 300w, https:\/\/www.joventaoista.org\/wp-content\/uploads\/2019\/07\/11-new-york-321x214.jpg 321w, https:\/\/www.joventaoista.org\/wp-content\/uploads\/2019\/07\/11-new-york-140x94.jpg 140w\" sizes=\"(max-width: 395px) 100vw, 395px\" \/><\/a><\/p>\n<p>El extra\u00f1o incidente dej\u00f3 una ola de preguntas sin respuesta. Un alcalde en jaque. Y muchas dudas sobre su\u00a0infraestructura.<\/p>\n<p><strong>\u00a0\u00a0\u00a0 <\/strong>&#8220;Pueden haber m\u00e1s apagones. Esas cosas pasan durante las olas de calor&#8221;,\u00a0<strong>aunque la empresa gasta 2.000 millones de d\u00f3lares anuales para prepararse para estos momentos<\/strong>, dijo el lunes el principal portavoz de Con Edison, Mike Clendenin, a la televisi\u00f3n PIX11.<\/p>\n<p><strong>FBI se desmaya<\/strong>\u00a0<strong>Nueva York<\/strong>\u00a0<strong>Durante el ataque en<\/strong>\u00a0<strong>Clinton<\/strong>\u00a0<strong>Oficina Como Partido Dem\u00f3crata Ni\u00f1o Sexo Imperio Se desmorona<\/strong><\/p>\n<p>Por: Sorcha Faal, y seg\u00fan lo informado a sus suscriptores occidentales<\/p>\n<p>Un nuevo informe del\u00a0<strong>Servicio de Inteligencia Extranjera<\/strong>\u00a0(\u00a0<a href=\"https:\/\/translate.googleusercontent.com\/translate_c?depth=1&amp;hl=es&amp;rurl=translate.google.com&amp;sl=en&amp;sp=nmt4&amp;tl=es&amp;u=http:\/\/government.ru\/en\/department\/112\/&amp;xid=17259,15700002,15700022,15700186,15700191,15700256,15700259,15700262&amp;usg=ALkJrhiqEyjN3DnAhTIbEfVlTWCXuH5MKg\">SVR, por sus<\/a>\u00a0siglas en ingl\u00e9s) que circula en el\u00a0<strong>Kremlin<\/strong>\u00a0hoy indica que el\u00a0<a href=\"https:\/\/translate.googleusercontent.com\/translate_c?depth=1&amp;hl=es&amp;rurl=translate.google.com&amp;sl=en&amp;sp=nmt4&amp;tl=es&amp;u=https:\/\/www.foxnews.com\/us\/nyc-power-outage-manhattan&amp;xid=17259,15700002,15700022,15700186,15700191,15700256,15700259,15700262&amp;usg=ALkJrhjvH9ih_WolqAWvvckQxlEonS-kBg\">apag\u00f3n masivo de\u00a0<strong>la ciudad de Nueva York<\/strong><\/a>\u00a0hace unas horas, que\u00a0<a href=\"https:\/\/translate.googleusercontent.com\/translate_c?depth=1&amp;hl=es&amp;rurl=translate.google.com&amp;sl=en&amp;sp=nmt4&amp;tl=es&amp;u=https:\/\/nypost.com\/2019\/07\/14\/broadway-went-dark-but-stars-still-shone-on-the-sidewalks\/&amp;xid=17259,15700002,15700022,15700186,15700191,15700256,15700259,15700262&amp;usg=ALkJrhi_mFrDIkhk9jaIWk7NACsQV7sAeQ\">dej\u00f3 la famosa carretera de\u00a0<strong>Broadway<\/strong>\u00a0en\u00a0<strong>Manhattan<\/strong>\u00a0sin energ\u00eda<\/a>\u00a0, fue, de hecho, causado por un encubierto operaci\u00f3n llevada a cabo por comandos de \u00e9lite del\u00a0<strong>FBI<\/strong>\u00a0pertenecientes a su\u00a0<strong>Grupo de Respuesta a Incidentes Cr\u00edticos<\/strong>\u00a0(\u00a0<a href=\"https:\/\/translate.googleusercontent.com\/translate_c?depth=1&amp;hl=es&amp;rurl=translate.google.com&amp;sl=en&amp;sp=nmt4&amp;tl=es&amp;u=https:\/\/www.fbi.gov\/services\/cirg&amp;xid=17259,15700002,15700022,15700186,15700191,15700256,15700259,15700262&amp;usg=ALkJrhhc9MnZFfqJkGm70tEACPJXbA-cDw\">CIRG<\/a>\u00a0) que exploran t\u00faneles ubicados debajo de un edificio en\u00a0<a href=\"https:\/\/translate.googleusercontent.com\/translate_c?depth=1&amp;hl=es&amp;rurl=translate.google.com&amp;sl=en&amp;sp=nmt4&amp;tl=es&amp;u=https:\/\/www.paramount-group.com\/property\/1633-broadway\/&amp;xid=17259,15700002,15700022,15700186,15700191,15700256,15700259,15700262&amp;usg=ALkJrhjmpPMgv5lz_YvCjmPhWmBKaTDazw\"><strong>1633 Broadway,<\/strong><\/a>\u00a0un edificio que alberga las oficinas de la\u00a0<a href=\"https:\/\/translate.googleusercontent.com\/translate_c?depth=1&amp;hl=es&amp;rurl=translate.google.com&amp;sl=en&amp;sp=nmt4&amp;tl=es&amp;u=https:\/\/www.clintonfoundation.org\/&amp;xid=17259,15700002,15700022,15700186,15700191,15700256,15700259,15700262&amp;usg=ALkJrhgV54_yCyN4gl1g2aZQySdfchKe1w\"><strong>Fundaci\u00f3n Clinton,<\/strong><\/a>tres de cuyos principales depredadores sexuales infantiles son mega-donantes del\u00a0<strong>Partido Dem\u00f3crata<\/strong>\u00a0,\u00a0<a href=\"https:\/\/translate.googleusercontent.com\/translate_c?depth=1&amp;hl=es&amp;rurl=translate.google.com&amp;sl=en&amp;sp=nmt4&amp;tl=es&amp;u=https:\/\/en.wikipedia.org\/wiki\/Jeffrey_Epstein&amp;xid=17259,15700002,15700022,15700186,15700191,15700256,15700259,15700262&amp;usg=ALkJrhjllp4n6Dx-6uQfh7BqLEi70nFDQA\"><strong>Jeffrey Epstein<\/strong><\/a>\u00a0,\u00a0<a href=\"https:\/\/translate.googleusercontent.com\/translate_c?depth=1&amp;hl=es&amp;rurl=translate.google.com&amp;sl=en&amp;sp=nmt4&amp;tl=es&amp;u=https:\/\/en.wikipedia.org\/wiki\/Terry_Bean&amp;xid=17259,15700002,15700022,15700186,15700191,15700256,15700259,15700262&amp;usg=ALkJrhjwHB7Dd3VxCgPN8DgS7fsW-gNQmQ\"><strong>Terry Bean<\/strong><\/a>\u00a0y\u00a0<a href=\"https:\/\/translate.googleusercontent.com\/translate_c?depth=1&amp;hl=es&amp;rurl=translate.google.com&amp;sl=en&amp;sp=nmt4&amp;tl=es&amp;u=https:\/\/en.wikipedia.org\/wiki\/Ed_Buck&amp;xid=17259,15700002,15700022,15700186,15700191,15700256,15700259,15700262&amp;usg=ALkJrhgK3KZ2A0iUHRPCs8HiR2QYzCurSg\"><strong>Ed Buck<\/strong><\/a>\u00a0, que constituyen lo que ahora se llama &#8221;\u00a0<a href=\"https:\/\/translate.googleusercontent.com\/translate_c?depth=1&amp;hl=es&amp;rurl=translate.google.com&amp;sl=en&amp;sp=nmt4&amp;tl=es&amp;u=https:\/\/www.dailywire.com\/news\/49440\/malkin-epstein-bean-buck-democratic-donors-sex-michelle-malkin&amp;xid=17259,15700002,15700022,15700186,15700191,15700256,15700259,15700262&amp;usg=ALkJrhhhH5dsRoIPiLR2RRKlKpmGfHs1Jw\"><strong><em>Sex-Creep Club de los Donantes Dem\u00f3cratas<\/em><\/strong><\/a>\u00a0&#8220;, est\u00e1n siendo blanco de destrucci\u00f3n por parte del\u00a0<strong>presidente Donald Trump<\/strong>\u00a0.\u00a0\u00a0\u00a0[\u00a0<strong>Nota:<\/strong>\u00a0algunas palabras y \/ o frases que aparecen entre comillas en este informe son aproximaciones en ingl\u00e9s de las palabras \/ frases en ruso que no tienen una contraparte exacta.]<\/p>\n<p><a href=\"https:\/\/www.joventaoista.org\/wp-content\/uploads\/2019\/07\/12-epstien.jpg\"><img loading=\"lazy\" decoding=\"async\" class=\"size-full wp-image-42649 aligncenter\" src=\"https:\/\/www.joventaoista.org\/wp-content\/uploads\/2019\/07\/12-epstien.jpg\" alt=\"\" width=\"412\" height=\"232\" srcset=\"https:\/\/www.joventaoista.org\/wp-content\/uploads\/2019\/07\/12-epstien.jpg 412w, https:\/\/www.joventaoista.org\/wp-content\/uploads\/2019\/07\/12-epstien-300x169.jpg 300w\" sizes=\"(max-width: 412px) 100vw, 412px\" \/><\/a><\/p>\n<p style=\"text-align: center;\"><strong>LOS CRIMINALES SIERBOS DE LA BESTIA<\/strong><\/p>\n<p><a href=\"https:\/\/www.joventaoista.org\/wp-content\/uploads\/2019\/07\/12-obama.jpg\"><img loading=\"lazy\" decoding=\"async\" class=\"wp-image-42499 aligncenter\" src=\"https:\/\/www.joventaoista.org\/wp-content\/uploads\/2019\/07\/12-obama.jpg\" alt=\"\" width=\"430\" height=\"430\" srcset=\"https:\/\/www.joventaoista.org\/wp-content\/uploads\/2019\/07\/12-obama.jpg 1024w, https:\/\/www.joventaoista.org\/wp-content\/uploads\/2019\/07\/12-obama-300x300.jpg 300w, https:\/\/www.joventaoista.org\/wp-content\/uploads\/2019\/07\/12-obama-100x100.jpg 100w, https:\/\/www.joventaoista.org\/wp-content\/uploads\/2019\/07\/12-obama-600x600.jpg 600w, https:\/\/www.joventaoista.org\/wp-content\/uploads\/2019\/07\/12-obama-150x150.jpg 150w, https:\/\/www.joventaoista.org\/wp-content\/uploads\/2019\/07\/12-obama-768x768.jpg 768w, https:\/\/www.joventaoista.org\/wp-content\/uploads\/2019\/07\/12-obama-160x160.jpg 160w, https:\/\/www.joventaoista.org\/wp-content\/uploads\/2019\/07\/12-obama-240x240.jpg 240w, https:\/\/www.joventaoista.org\/wp-content\/uploads\/2019\/07\/12-obama-60x60.jpg 60w, https:\/\/www.joventaoista.org\/wp-content\/uploads\/2019\/07\/12-obama-184x184.jpg 184w\" sizes=\"(max-width: 430px) 100vw, 430px\" \/><\/a><a href=\"https:\/\/www.joventaoista.org\/wp-content\/uploads\/2019\/07\/13-hilari.jpg\"><img loading=\"lazy\" decoding=\"async\" class=\"wp-image-42505 aligncenter\" src=\"https:\/\/www.joventaoista.org\/wp-content\/uploads\/2019\/07\/13-hilari.jpg\" alt=\"\" width=\"397\" height=\"582\" srcset=\"https:\/\/www.joventaoista.org\/wp-content\/uploads\/2019\/07\/13-hilari.jpg 551w, https:\/\/www.joventaoista.org\/wp-content\/uploads\/2019\/07\/13-hilari-205x300.jpg 205w\" sizes=\"(max-width: 397px) 100vw, 397px\" \/><\/a><\/p>\n<p>Seg\u00fan este informe, a las\u00a0<strong>0200 hora de Mosc\u00fa<\/strong>\u00a0(GMT + 3) del\u00a0<strong>14 de julio de 2019<\/strong>\u00a0, el\u00a0<strong>SVR<\/strong>\u00a0recibi\u00f3 un bolet\u00edn de alerta del\u00a0<strong>Ministerio de Defensa<\/strong>\u00a0(\u00a0<a href=\"https:\/\/translate.googleusercontent.com\/translate_c?depth=1&amp;hl=es&amp;rurl=translate.google.com&amp;sl=en&amp;sp=nmt4&amp;tl=es&amp;u=http:\/\/eng.mil.ru\/&amp;xid=17259,15700002,15700022,15700186,15700191,15700256,15700259,15700262&amp;usg=ALkJrhiyNf3AIwQBA5Kx97hEJ3D8XLfr5g\">MoD<\/a>\u00a0) informando que se\u00a0<a href=\"https:\/\/translate.googleusercontent.com\/translate_c?depth=1&amp;hl=es&amp;rurl=translate.google.com&amp;sl=en&amp;sp=nmt4&amp;tl=es&amp;u=https:\/\/spaceflightnow.com\/2019\/07\/11\/four-russian-military-satellites-launched-from-plesetsk-cosmodrome\/&amp;xid=17259,15700002,15700022,15700186,15700191,15700256,15700259,15700262&amp;usg=ALkJrhj8xHLfQ4OTLdp3cqcwheIer1C5Zw\">lanz\u00f3 la semana pasada. El sat\u00e9lite\u00a0<strong>Kosmos 2537<\/strong><\/a>\u00a0hab\u00eda detectado un pulso electromagn\u00e9tico (\u00a0<a href=\"https:\/\/translate.googleusercontent.com\/translate_c?depth=1&amp;hl=es&amp;rurl=translate.google.com&amp;sl=en&amp;sp=nmt4&amp;tl=es&amp;u=https:\/\/en.wikipedia.org\/wiki\/Electromagnetic_pulse&amp;xid=17259,15700002,15700022,15700186,15700191,15700256,15700259,15700262&amp;usg=ALkJrhib0qRgEGeC98VBAeJqeNw9WR7bjQ\">EMP).<\/a>\u00a0) emanados de\u00a0<strong>la ciudad de Nueva York<\/strong>\u00a0a los\u00a0<strong>1847<\/strong>\u00a0(\u00a0<strong><em>18:47 p.m. (GMT-5) su hora local el 13 de julio<\/em><\/strong>\u00a0), cuyo an\u00e1lisis mostr\u00f3 que este pulso\u00a0<strong>EMP<\/strong>\u00a0fue generado por un\u00a0dispositivo\u00a0&#8221;\u00a0<a href=\"https:\/\/translate.googleusercontent.com\/translate_c?depth=1&amp;hl=es&amp;rurl=translate.google.com&amp;sl=en&amp;sp=nmt4&amp;tl=es&amp;u=https:\/\/www.fool.com\/investing\/general\/2015\/05\/24\/boeing-unveils-electromagnetic-pulse-weapon.aspx&amp;xid=17259,15700002,15700022,15700186,15700191,15700256,15700259,15700262&amp;usg=ALkJrhjyzrpmNbZucLKtTnqvM3Uyid4CUg\"><strong><em>CHAMP<\/em><\/strong><\/a>\u00a0&#8220;, un acr\u00f3nimo de los\u00a0<strong>Estados Unidos El<\/strong>\u00a0&#8221;\u00a0<a href=\"https:\/\/translate.googleusercontent.com\/translate_c?depth=1&amp;hl=es&amp;rurl=translate.google.com&amp;sl=en&amp;sp=nmt4&amp;tl=es&amp;u=https:\/\/www.fool.com\/investing\/general\/2015\/05\/24\/boeing-unveils-electromagnetic-pulse-weapon.aspx&amp;xid=17259,15700002,15700022,15700186,15700191,15700256,15700259,15700262&amp;usg=ALkJrhjyzrpmNbZucLKtTnqvM3Uyid4CUg\"><strong><em>Proyecto de Misiles Avanzados de Microondas de Alta Potencia de la Electr\u00f3nica de la<\/em><\/strong><\/a>\u00a0<strong>Fuerza A\u00e9rea<\/strong>\u00a0&#8221; que puede\u00a0<a href=\"https:\/\/translate.googleusercontent.com\/translate_c?depth=1&amp;hl=es&amp;rurl=translate.google.com&amp;sl=en&amp;sp=nmt4&amp;tl=es&amp;u=https:\/\/www.fool.com\/investing\/general\/2015\/05\/24\/boeing-unveils-electromagnetic-pulse-weapon.aspx&amp;xid=17259,15700002,15700022,15700186,15700191,15700256,15700259,15700262&amp;usg=ALkJrhjyzrpmNbZucLKtTnqvM3Uyid4CUg\">dispararse varias veces, identificando y eliminando solo los objetivos esenciales,<\/a>\u00a0y que los comandos altamente entrenados del\u00a0<strong>FBI que<\/strong>pertenecen a su\u00a0<strong>Grupo de Respuesta a Incidentes Cr\u00edticos<\/strong>\u00a0est\u00e1n entrenados para usar.<\/p>\n<p><strong>El FBI solicita permiso de exportaci\u00f3n para que el sistema de radar subterr\u00e1neo ruso investigue una estructura similar a un templo extra\u00f1o en la isla privada de Jeffrey Epstein<\/strong><\/p>\n<p>Por: Sorcha Faal, y seg\u00fan lo informado a sus suscriptores occidentales<\/p>\n<p>Un asombroso nuevo informe\u00a0<strong>del Ministerio de Relaciones Exteriores<\/strong>\u00a0(\u00a0<a href=\"https:\/\/translate.googleusercontent.com\/translate_c?depth=1&amp;hl=es&amp;rurl=translate.google.com&amp;sl=en&amp;sp=nmt4&amp;tl=es&amp;u=http:\/\/government.ru\/en\/department\/92\/events\/&amp;xid=17259,15700002,15700022,15700186,15700191,15700256,15700259,15700262&amp;usg=ALkJrhjR8C9p1WZoU7P3xK-S8Ko3LUuI4g\">MoFA<\/a>\u00a0) que circula hoy en el\u00a0<strong>Kremlin<\/strong>\u00a0esboza la agenda para\u00a0<a href=\"https:\/\/translate.googleusercontent.com\/translate_c?depth=1&amp;hl=es&amp;rurl=translate.google.com&amp;sl=en&amp;sp=nmt4&amp;tl=es&amp;u=https:\/\/tass.com\/world\/1068428&amp;xid=17259,15700002,15700022,15700186,15700191,15700256,15700259,15700262&amp;usg=ALkJrhjJrPI5W7l5yd5Ij1M2sOR-qO_Phg\">las conversaciones de estabilidad estrat\u00e9gica entre el\u00a0<strong>Viceministro de Relaciones Exteriores de Rusia, Sergey Ryabkov,<\/strong>\u00a0y\u00a0<strong>el Subsecretario de Estado de los Estados Unidos, John Sullivan,<\/strong>\u00a0que se celebrar\u00e1 del\u00a0<strong>17 al 18 de julio<\/strong>\u00a0en\u00a0<strong>Ginebra-Suiza<\/strong><\/a>\u00a0como uno de sus principales temas de discusi\u00f3n, una solicitud realizada por la\u00a0<strong>Oficina Federal de Investigaciones<\/strong>\u00a0(\u00a0<a href=\"https:\/\/translate.googleusercontent.com\/translate_c?depth=1&amp;hl=es&amp;rurl=translate.google.com&amp;sl=en&amp;sp=nmt4&amp;tl=es&amp;u=https:\/\/www.fbi.gov\/&amp;xid=17259,15700002,15700022,15700186,15700191,15700256,15700259,15700262&amp;usg=ALkJrhiYH_SJFg2P50JpB5hRN9s09lgDTA\">FBI<\/a>\u00a0) para obtener una licencia de exportaci\u00f3n para utilizar la tecnolog\u00eda\u00a0<a href=\"https:\/\/translate.googleusercontent.com\/translate_c?depth=1&amp;hl=es&amp;rurl=translate.google.com&amp;sl=en&amp;sp=nmt4&amp;tl=es&amp;u=http:\/\/geotechru.com\/&amp;xid=17259,15700002,15700022,15700186,15700191,15700256,15700259,15700262&amp;usg=ALkJrhgfuu_NGyIGVJbe1Hjri3-35l1T4g\"><strong>Logis-Geotech:<\/strong><\/a>\u00a0<a href=\"https:\/\/translate.googleusercontent.com\/translate_c?depth=1&amp;hl=es&amp;rurl=translate.google.com&amp;sl=en&amp;sp=nmt4&amp;tl=es&amp;u=http:\/\/geotechru.com\/history\/&amp;xid=17259,15700002,15700022,15700186,15700191,15700256,15700259,15700262&amp;usg=ALkJrhjtUCac0o2v0Kwt7OlT0355eIXiQg\"><strong>el\u00a0<\/strong>desarrollador de la industria de defensa m\u00e1s avanzado de<strong>\u00a0Rusia\u00a0<\/strong>y el fabricante de equipos geof\u00edsicos (<strong>\u00a0<em>radar subterr\u00e1neo<\/em>\u00a0<\/strong>),<\/a>\u00a0cuyo n\u00famero de referencia en esta solicitud del\u00a0<strong>FBI<\/strong>\u00a0est\u00e1 el \u201c\u00a0<a href=\"https:\/\/translate.googleusercontent.com\/translate_c?depth=1&amp;hl=es&amp;rurl=translate.google.com&amp;sl=en&amp;sp=nmt4&amp;tl=es&amp;u=https:\/\/www.justice.gov\/usao-sdny\/press-release\/file\/1181016\/download&amp;xid=17259,15700002,15700022,15700186,15700191,15700256,15700259,15700262&amp;usg=ALkJrhh9dPxjyJ034b7oqKUNZ8VSs8NyHA\"><strong><em>19 CRIM 490<\/em><\/strong><\/a>\u00a0\u201d, que es el\u00a0<a href=\"https:\/\/translate.googleusercontent.com\/translate_c?depth=1&amp;hl=es&amp;rurl=translate.google.com&amp;sl=en&amp;sp=nmt4&amp;tl=es&amp;u=https:\/\/www.justice.gov\/usao-sdny\/pr\/jeffrey-epstein-charged-manhattan-federal-court-sex-trafficking-minors&amp;xid=17259,15700002,15700022,15700186,15700191,15700256,15700259,15700262&amp;usg=ALkJrhhAVK4ItjPVqXUjH3gbN4sQTsoWtA\">documento penal<\/a>\u00a0del\u00a0<a href=\"https:\/\/translate.googleusercontent.com\/translate_c?depth=1&amp;hl=es&amp;rurl=translate.google.com&amp;sl=en&amp;sp=nmt4&amp;tl=es&amp;u=https:\/\/www.justice.gov\/usao-sdny\/pr\/jeffrey-epstein-charged-manhattan-federal-court-sex-trafficking-minors&amp;xid=17259,15700002,15700022,15700186,15700191,15700256,15700259,15700262&amp;usg=ALkJrhhAVK4ItjPVqXUjH3gbN4sQTsoWtA\"><strong>8 de julio de 2019\u00a0<\/strong>contra el depredador sexual infantil<strong>\u00a0Jeffrey Epstein,<\/strong><\/a>\u00a0con el \u00fanico prop\u00f3sito de que el\u00a0<strong>FBI<\/strong>\u00a0quiera utilizar esta tecnolog\u00eda rusa altamente restringida, parece ser un radar subterr\u00e1neo el examen de\u00a0<a href=\"https:\/\/translate.googleusercontent.com\/translate_c?depth=1&amp;hl=es&amp;rurl=translate.google.com&amp;sl=en&amp;sp=nmt4&amp;tl=es&amp;u=https:\/\/lawandcrime.com\/high-profile\/whats-the-deal-with-the-bizarre-temple-like-structure-on-jeffrey-epsteins-private-island\/&amp;xid=17259,15700002,15700022,15700186,15700191,15700256,15700259,15700262&amp;usg=ALkJrhiLESJ6FGwhvYFuu8QzSQSxRCJN4w\"><strong>la\u00a0<\/strong>extra\u00f1a estructura de templo<\/a>\u00a0de\u00a0<a href=\"https:\/\/translate.googleusercontent.com\/translate_c?depth=1&amp;hl=es&amp;rurl=translate.google.com&amp;sl=en&amp;sp=nmt4&amp;tl=es&amp;u=https:\/\/lawandcrime.com\/high-profile\/whats-the-deal-with-the-bizarre-temple-like-structure-on-jeffrey-epsteins-private-island\/&amp;xid=17259,15700002,15700022,15700186,15700191,15700256,15700259,15700262&amp;usg=ALkJrhiLESJ6FGwhvYFuu8QzSQSxRCJN4w\"><strong>Epstein\u00a0<\/strong>descubierta en su<strong>\u00a0<\/strong>isla<strong>\u00a0<\/strong>privada del<strong>\u00a0Caribe,<\/strong><\/a>\u00a0cuyas\u00a0<a href=\"https:\/\/translate.googleusercontent.com\/translate_c?depth=1&amp;hl=es&amp;rurl=translate.google.com&amp;sl=en&amp;sp=nmt4&amp;tl=es&amp;u=https:\/\/lawandcrime.com\/high-profile\/whats-the-deal-with-the-bizarre-temple-like-structure-on-jeffrey-epsteins-private-island\/&amp;xid=17259,15700002,15700022,15700186,15700191,15700256,15700259,15700262&amp;usg=ALkJrhiLESJ6FGwhvYFuu8QzSQSxRCJN4w\"><strong>enormes puertas est\u00e1n cerradas<\/strong><\/a>\u00a0<a href=\"https:\/\/translate.googleusercontent.com\/translate_c?depth=1&amp;hl=es&amp;rurl=translate.google.com&amp;sl=en&amp;sp=nmt4&amp;tl=es&amp;u=https:\/\/lawandcrime.com\/high-profile\/whats-the-deal-with-the-bizarre-temple-like-structure-on-jeffrey-epsteins-private-island\/&amp;xid=17259,15700002,15700022,15700186,15700191,15700256,15700259,15700262&amp;usg=ALkJrhiLESJ6FGwhvYFuu8QzSQSxRCJN4w\"><strong>Desde fuera, no desde dentro<\/strong><\/a>\u00a0.\u00a0\u00a0\u00a0[\u00a0<strong>Nota:<\/strong>\u00a0algunas palabras y \/ o frases que aparecen entre comillas en este informe son aproximaciones en ingl\u00e9s de las palabras \/ frases en ruso que no tienen una contraparte exacta.]<\/p>\n<p><a href=\"https:\/\/www.joventaoista.org\/wp-content\/uploads\/2019\/07\/14-mesquita.jpg\"><img loading=\"lazy\" decoding=\"async\" class=\"wp-image-42511 aligncenter\" src=\"https:\/\/www.joventaoista.org\/wp-content\/uploads\/2019\/07\/14-mesquita.jpg\" alt=\"\" width=\"449\" height=\"253\" srcset=\"https:\/\/www.joventaoista.org\/wp-content\/uploads\/2019\/07\/14-mesquita.jpg 634w, https:\/\/www.joventaoista.org\/wp-content\/uploads\/2019\/07\/14-mesquita-600x338.jpg 600w, https:\/\/www.joventaoista.org\/wp-content\/uploads\/2019\/07\/14-mesquita-300x169.jpg 300w\" sizes=\"(max-width: 449px) 100vw, 449px\" \/><\/a><\/p>\n<p><strong>Los temores crecen sobre lo que est\u00e1 enterrado debajo del templo sexual infantil de Jeffrey Epstein (\u00a0<em>arriba<\/em>\u00a0) ubicado en su privado<\/strong>\u00a0<strong>caribe<\/strong>\u00a0<strong>isla<\/strong><\/p>\n<p>Seg\u00fan este informe, y como lo hacen todas las naciones,\u00a0<strong>Rusia<\/strong>\u00a0mantiene estrictos controles de exportaci\u00f3n en muchos art\u00edculos de alta tecnolog\u00eda que tienen aplicaciones militares y \/ o de inteligencia, supervisada por el\u00a0<strong>Servicio Federal para el Control T\u00e9cnico y de Exportaciones<\/strong>\u00a0(\u00a0<a href=\"https:\/\/translate.googleusercontent.com\/translate_c?depth=1&amp;hl=es&amp;rurl=translate.google.com&amp;sl=en&amp;sp=nmt4&amp;tl=es&amp;u=http:\/\/government.ru\/en\/department\/96\/&amp;xid=17259,15700002,15700022,15700186,15700191,15700256,15700259,15700262&amp;usg=ALkJrhiC8RlWI7vZiLMGLMke9Oh8r6Fl4w\">FSTEK<\/a>\u00a0), pero que tiene una exportaci\u00f3n procedimiento para obtener un permiso para la exportaci\u00f3n temporal de bienes y tecnolog\u00edas, pero bajo cuyas disposiciones, no se permite una transferencia permanente a una parte extranjera y el titular del permiso est\u00e1 obligado a devolver los bienes y la tecnolog\u00eda a\u00a0<strong>Rusia,<\/strong>\u00a0y bajo otros t\u00e9rminos de un permiso, los bienes y la tecnolog\u00eda exportados\u00a0<a href=\"https:\/\/translate.googleusercontent.com\/translate_c?depth=1&amp;hl=es&amp;rurl=translate.google.com&amp;sl=en&amp;sp=nmt4&amp;tl=es&amp;u=https:\/\/sanctionsguide.eversheds-sutherland.com\/countries\/russia\/&amp;xid=17259,15700002,15700022,15700186,15700191,15700256,15700259,15700262&amp;usg=ALkJrhjeYUyJlWjqI6p3Zhn_7i1aFe_kAg\"><strong>siempre deben ser controlados por una entidad rusa<\/strong><\/a>\u00a0.<\/p>\n<p>DEJAMOS ALGUNOS ENLACES DE VIDEOS PARA QUE CONOZCAN ALGO MAS DE LA ATERRADORA HISTORIA DE LA ISLA DE LOS PEDOFILOS Y EL CASO EPSTEIN:<\/p>\n<p><a href=\"https:\/\/www.youtube.com\/watch?v=2GCFxRVh2OA\">https:\/\/www.youtube.com\/watch?v=2GCFxRVh2OA<\/a><\/p>\n<p style=\"text-align: center;\"><iframe loading=\"lazy\" src=\"https:\/\/www.youtube.com\/embed\/RIWPbNzE5t0\" width=\"560\" height=\"315\" frameborder=\"0\" allowfullscreen=\"allowfullscreen\" data-mce-fragment=\"1\"><\/iframe><br \/>\n<iframe loading=\"lazy\" src=\"https:\/\/www.youtube.com\/embed\/8M_QEcAwhCY\" width=\"560\" height=\"315\" frameborder=\"0\" allowfullscreen=\"allowfullscreen\" data-mce-fragment=\"1\"><\/iframe><\/p>\n<p style=\"text-align: center;\"><strong>Las mafias siguen cayendo en el mundo como lo podemos leer a continuasel<\/strong><\/p>\n<h3 style=\"text-align: center;\"><strong>Arrestan en Italia y EE.UU. a 19 miembros de la mafia siciliana y la familia criminal Gambino<\/strong><\/h3>\n<p>Publicado: 18 jul 2019 06:50 GMT<\/p>\n<p><strong>Los arrestos se produjeron en un momento en que el clan Inzerillo estaba tratando de restablecer su antigua base de poder en Sicilia desde Nueva York.<\/strong><\/p>\n<p><a href=\"https:\/\/www.joventaoista.org\/wp-content\/uploads\/2019\/07\/15-clan-serillo.jpg\"><img loading=\"lazy\" decoding=\"async\" class=\"wp-image-42517 aligncenter\" src=\"https:\/\/www.joventaoista.org\/wp-content\/uploads\/2019\/07\/15-clan-serillo.jpg\" alt=\"\" width=\"458\" height=\"258\" srcset=\"https:\/\/www.joventaoista.org\/wp-content\/uploads\/2019\/07\/15-clan-serillo.jpg 824w, https:\/\/www.joventaoista.org\/wp-content\/uploads\/2019\/07\/15-clan-serillo-600x338.jpg 600w, https:\/\/www.joventaoista.org\/wp-content\/uploads\/2019\/07\/15-clan-serillo-300x169.jpg 300w, https:\/\/www.joventaoista.org\/wp-content\/uploads\/2019\/07\/15-clan-serillo-768x432.jpg 768w\" sizes=\"(max-width: 458px) 100vw, 458px\" \/><\/a><\/p>\n<p>Uno de los miembros del clan Gambino, arrestado en la ciudad de Palermo, Italia, el 17 de julio de 2019.<\/p>\n<p>Igor Petyx\u00a0\/ AP<\/p>\n<p><strong>S\u00edguenos en Facebook<\/strong><\/p>\n<p>Unos 200 agentes del FBI y la Polic\u00eda italiana han realizado una serie de redadas este mi\u00e9rcoles contra el grupo criminal de la familia Gambino, con sede en Nueva York, y\u00a0<strong>la familia Inzerillo,\u00a0<\/strong>un prominente clan mafioso\u00a0activo en Sicilia (Italia) y EE.UU.<a href=\"https:\/\/www.joventaoista.org\/wp-content\/uploads\/2019\/07\/17-1.jpg\"><img loading=\"lazy\" decoding=\"async\" class=\"wp-image-42655 aligncenter\" src=\"https:\/\/www.joventaoista.org\/wp-content\/uploads\/2019\/07\/17-1.jpg\" alt=\"\" width=\"311\" height=\"174\" srcset=\"https:\/\/www.joventaoista.org\/wp-content\/uploads\/2019\/07\/17-1.jpg 460w, https:\/\/www.joventaoista.org\/wp-content\/uploads\/2019\/07\/17-1-300x168.jpg 300w\" sizes=\"(max-width: 311px) 100vw, 311px\" \/><\/a><\/p>\n<p>De acuerdo con\u00a0<a href=\"https:\/\/ildubbio.news\/ildubbio\/2019\/07\/17\/mafia-ita-usa-sindaco-torretta-arrestato-nel-blitz-prefetto-notifica-sospensione\/\">medios italianos<\/a>, 18\u00a0presuntos criminales fueron arrestados en la capital siciliana, Palermo, entre ellos\u00a0<strong>Salvatore Gambino<\/strong>, alcalde de la ciudad de Torretta, y\u00a0<strong>Thomas Gambino<\/strong>, considerado por el FBI como un miembro importante de esa familia criminal. Un sospechoso fue detenido en Nueva York.<\/p>\n<p><a href=\"https:\/\/actualidad.rt.com\/actualidad\/298876-continua-existencia-mafia-italiana-haciendo\">\u00bfQu\u00e9 fue de la mafia italiana? \u00bfA\u00fan existen los capos?<\/a><\/p>\n<p>Los arrestos se produjeron en un momento en que el clan Inzerillo estaba\u00a0intentando restablecer su antigua base de poder en Sicilia con el respaldo de sus aliados Gambino en Nueva York, afirman las fuentes policiales.<\/p>\n<h3 style=\"text-align: center;\"><span style=\"color: #ff0000;\">La historia del Apag\u00f3n de Nueva York de 1977..<\/span><strong><a href=\"https:\/\/www.joventaoista.org\/wp-content\/uploads\/2019\/07\/17.jpg\"><img loading=\"lazy\" decoding=\"async\" class=\"wp-image-42523 aligncenter\" src=\"https:\/\/www.joventaoista.org\/wp-content\/uploads\/2019\/07\/17.jpg\" alt=\"\" width=\"344\" height=\"185\" srcset=\"https:\/\/www.joventaoista.org\/wp-content\/uploads\/2019\/07\/17.jpg 650w, https:\/\/www.joventaoista.org\/wp-content\/uploads\/2019\/07\/17-600x323.jpg 600w, https:\/\/www.joventaoista.org\/wp-content\/uploads\/2019\/07\/17-300x162.jpg 300w\" sizes=\"(max-width: 344px) 100vw, 344px\" \/><\/a><\/strong><strong>\u00a0 \u00a0 \u00a0 \u00a0 \u00a0 \u00a0\u00a0<\/strong><strong>\u00a0 \u00a0 \u00a0 \u00a0 \u00a0\u00a0<\/strong><\/h3>\n<p>\/ tomado de la enciclopedia de WIKIPEDIA.\/ El\u00a0<strong>apag\u00f3n de Nueva York de 1977<\/strong>\u00a0fue un corte del suministro el\u00e9ctrico que afect\u00f3 a casi toda la ciudad de\u00a0<a href=\"https:\/\/es.wikipedia.org\/wiki\/Nueva_York\">Nueva York<\/a>\u00a0desde el\u00a0<a href=\"https:\/\/es.wikipedia.org\/wiki\/13_de_julio\">13 de julio<\/a>\u00a0al\u00a0<a href=\"https:\/\/es.wikipedia.org\/wiki\/14_de_julio\">14 de julio<\/a>\u00a0de\u00a0<a href=\"https:\/\/es.wikipedia.org\/wiki\/1977\">1977<\/a>. Los \u00fanicos vecindarios en Nueva York que no fueron afectados fueron los barrios de Southern Queens, los cuales son parte del sistema de la empresa el\u00e9ctrica Long Island Lighting Company.<\/p>\n<p>A diferencia de otros apagones que han afectado a la regi\u00f3n, principalmente el\u00a0<a href=\"https:\/\/es.wikipedia.org\/w\/index.php?title=Apag%C3%B3n_del_Noreste_de_Estados_Unidos_de_1965&amp;action=edit&amp;redlink=1\">apag\u00f3n del Noreste de Estados Unidos de 1965<\/a>\u00a0y el\u00a0<a href=\"https:\/\/es.wikipedia.org\/w\/index.php?title=Apag%C3%B3n_del_Noreste_de_Estados_Unidos_de_2003&amp;action=edit&amp;redlink=1\">apag\u00f3n del Noreste de Estados Unidos de 2003<\/a>, el apag\u00f3n de 1977 estuvo localizado inmediatamente en la Ciudad de Nueva York y sus alrededores. A diferencia de los apagones de 1965 y 2003, el de 1977 result\u00f3 en numerosos des\u00f3rdenes p\u00fablicos, saqueos y pillaje.<a href=\"https:\/\/es.wikipedia.org\/wiki\/Apag%C3%B3n_de_Nueva_York_de_1977#cite_note-'70s-1\"><sup>1<\/sup><\/a><\/p>\n<p><a href=\"https:\/\/www.joventaoista.org\/wp-content\/uploads\/2019\/07\/18.jpg\"><img loading=\"lazy\" decoding=\"async\" class=\"wp-image-42661 aligncenter\" src=\"https:\/\/www.joventaoista.org\/wp-content\/uploads\/2019\/07\/18-1024x573.jpg\" alt=\"\" width=\"441\" height=\"247\" srcset=\"https:\/\/www.joventaoista.org\/wp-content\/uploads\/2019\/07\/18-1024x573.jpg 1024w, https:\/\/www.joventaoista.org\/wp-content\/uploads\/2019\/07\/18-600x336.jpg 600w, https:\/\/www.joventaoista.org\/wp-content\/uploads\/2019\/07\/18-300x168.jpg 300w, https:\/\/www.joventaoista.org\/wp-content\/uploads\/2019\/07\/18-768x430.jpg 768w, https:\/\/www.joventaoista.org\/wp-content\/uploads\/2019\/07\/18.jpg 1366w\" sizes=\"(max-width: 441px) 100vw, 441px\" \/><\/a><\/p>\n<h2 style=\"text-align: center;\"><span style=\"color: #ff0000;\">EL ANSIAGDU DE LOS DIAS EL GRAN VENDIGO HAR Y SUS 7 ESPIRITUS..<\/span><\/h2>\n<p><a href=\"https:\/\/www.joventaoista.org\/wp-content\/uploads\/2019\/07\/kelium.jpg\"><img loading=\"lazy\" decoding=\"async\" class=\"alignnone wp-image-42577\" src=\"https:\/\/www.joventaoista.org\/wp-content\/uploads\/2019\/07\/kelium.jpg\" alt=\"\" width=\"149\" height=\"245\" \/><\/a><a href=\"https:\/\/www.joventaoista.org\/wp-content\/uploads\/2019\/07\/kelium-3.jpg\"><img loading=\"lazy\" decoding=\"async\" class=\"alignnone wp-image-42667\" src=\"https:\/\/www.joventaoista.org\/wp-content\/uploads\/2019\/07\/kelium-3-1024x686.jpg\" alt=\"\" width=\"369\" height=\"247\" srcset=\"https:\/\/www.joventaoista.org\/wp-content\/uploads\/2019\/07\/kelium-3-1024x686.jpg 1024w, https:\/\/www.joventaoista.org\/wp-content\/uploads\/2019\/07\/kelium-3-600x402.jpg 600w, https:\/\/www.joventaoista.org\/wp-content\/uploads\/2019\/07\/kelium-3-300x201.jpg 300w, https:\/\/www.joventaoista.org\/wp-content\/uploads\/2019\/07\/kelium-3-768x514.jpg 768w, https:\/\/www.joventaoista.org\/wp-content\/uploads\/2019\/07\/kelium-3-321x214.jpg 321w, https:\/\/www.joventaoista.org\/wp-content\/uploads\/2019\/07\/kelium-3-140x94.jpg 140w, https:\/\/www.joventaoista.org\/wp-content\/uploads\/2019\/07\/kelium-3.jpg 1183w\" sizes=\"(max-width: 369px) 100vw, 369px\" \/><\/a><a href=\"https:\/\/www.joventaoista.org\/wp-content\/uploads\/2019\/07\/kelium-2.jpg\"><img loading=\"lazy\" decoding=\"async\" class=\"alignnone wp-image-42559\" src=\"https:\/\/www.joventaoista.org\/wp-content\/uploads\/2019\/07\/kelium-2.jpg\" alt=\"\" width=\"139\" height=\"245\" \/><\/a><\/p>\n<h3 style=\"text-align: center;\"><span style=\"color: #ff0000;\">PIDE ENTRADA EN EL TEMPLO<\/span><\/h3>\n<h3><a href=\"https:\/\/www.joventaoista.org\/wp-content\/uploads\/2019\/07\/kelium4.jpg\"><img loading=\"lazy\" decoding=\"async\" class=\"size-full wp-image-42583 aligncenter\" src=\"https:\/\/www.joventaoista.org\/wp-content\/uploads\/2019\/07\/kelium4.jpg\" alt=\"\" width=\"260\" height=\"240\" \/><\/a><\/h3>\n<h3 style=\"text-align: center;\"><span style=\"color: #0000ff;\">\u201cHAY PAS EN ESTA KASA\u201d<\/span><\/h3>\n<p><a href=\"https:\/\/www.joventaoista.org\/wp-content\/uploads\/2019\/07\/kelium-5.jpg\"><img loading=\"lazy\" decoding=\"async\" class=\"alignnone wp-image-42565\" src=\"https:\/\/www.joventaoista.org\/wp-content\/uploads\/2019\/07\/kelium-5.jpg\" alt=\"\" width=\"279\" height=\"405\" srcset=\"https:\/\/www.joventaoista.org\/wp-content\/uploads\/2019\/07\/kelium-5.jpg 497w, https:\/\/www.joventaoista.org\/wp-content\/uploads\/2019\/07\/kelium-5-207x300.jpg 207w\" sizes=\"(max-width: 279px) 100vw, 279px\" \/><\/a> <a href=\"https:\/\/www.joventaoista.org\/wp-content\/uploads\/2019\/07\/kelium-6.jpg\"><img loading=\"lazy\" decoding=\"async\" class=\"alignnone size-full wp-image-42571\" src=\"https:\/\/www.joventaoista.org\/wp-content\/uploads\/2019\/07\/kelium-6.jpg\" alt=\"\" width=\"468\" height=\"400\" srcset=\"https:\/\/www.joventaoista.org\/wp-content\/uploads\/2019\/07\/kelium-6.jpg 468w, https:\/\/www.joventaoista.org\/wp-content\/uploads\/2019\/07\/kelium-6-300x256.jpg 300w\" sizes=\"(max-width: 468px) 100vw, 468px\" \/><\/a><\/p>\n<p style=\"text-align: center;\"><span style=\"color: #0000ff;\"><strong>EL PODER DE SU VENDISEL SE SIENTE EN LA ESFERA..<\/strong><\/span><\/p>\n<p><strong><a href=\"https:\/\/www.joventaoista.org\/wp-content\/uploads\/2019\/07\/kelium-7.jpg\"><img loading=\"lazy\" decoding=\"async\" class=\"size-full wp-image-42673 aligncenter\" src=\"https:\/\/www.joventaoista.org\/wp-content\/uploads\/2019\/07\/kelium-7.jpg\" alt=\"\" width=\"260\" height=\"194\" \/><\/a><\/strong><\/p>\n<p><span style=\"color: #0000ff;\">DEL PODER DEL ANSIAGDU DE LOS DIAS, EL VIAJERO DE LOS SIGLOS Y SUS CUERPOS INMORTALES:<\/span><\/p>\n<ol>\n<li><span style=\"color: #0000ff;\">Su cuerpo inmortal el gran durante el duro de antes, duranteos.<\/span><\/li>\n<\/ol>\n<p><span style=\"color: #0000ff;\">\u00a0<\/span><\/p>\n<ol start=\"2\">\n<li><span style=\"color: #0000ff;\">El senior kallejas el ke reworre las kalles del mundo anunciando las verdades de DIOS.<\/span><\/li>\n<\/ol>\n<p><span style=\"color: #0000ff;\">\u00a0<\/span><\/p>\n<ol start=\"3\">\n<li><span style=\"color: #0000ff;\">El gran alkazar, el ke kaza las almas sagradas de los hombres pada konvertirlos en DIOSES.<\/span><\/li>\n<\/ol>\n<p><span style=\"color: #0000ff;\">\u00a0<\/span><\/p>\n<ol start=\"4\">\n<li><span style=\"color: #0000ff;\">El gran cuerpo inmortal de tao tzeus o laot zte.<\/span><\/li>\n<\/ol>\n<p><span style=\"color: #0000ff;\">\u00a0<\/span><\/p>\n<ol start=\"5\">\n<li><span style=\"color: #0000ff;\">El gran inmortal elias, el fuego del absoluto el poderoso profeta de jheova.<\/span><\/li>\n<\/ol>\n<p><span style=\"color: #0000ff;\">\u00a0<\/span><\/p>\n<ol start=\"6\">\n<li><span style=\"color: #0000ff;\">El inmortal cuerpo de wuan-di, el emperador amarillo.<\/span><\/li>\n<\/ol>\n<p><span style=\"color: #0000ff;\">\u00a0<\/span><\/p>\n<ol start=\"7\">\n<li><span style=\"color: #0000ff;\">El cuerpo de ABADON LUSIFER ke es el reflejo del cuerpo de nuestro padre JHA KELIUM ZEUS INDUZEUS. <\/span><\/li>\n<\/ol>\n<h3><span style=\"color: #0000ff;\">BENDECID AL KE ERA EL KES Y EL KE SERA POR SIEMPRE Y PADA SIEMPRE.<\/span><\/h3>\n<h3 style=\"text-align: center;\"><span style=\"color: #ff0000;\">EL PELIGRO SISMICO EN LA ESFERA.<\/span><\/h3>\n<p><strong> <a href=\"https:\/\/www.joventaoista.org\/wp-content\/uploads\/2019\/07\/kelium9.png\"><img loading=\"lazy\" decoding=\"async\" class=\"wp-image-42589 aligncenter\" src=\"https:\/\/www.joventaoista.org\/wp-content\/uploads\/2019\/07\/kelium9.png\" alt=\"\" width=\"511\" height=\"300\" srcset=\"https:\/\/www.joventaoista.org\/wp-content\/uploads\/2019\/07\/kelium9.png 742w, https:\/\/www.joventaoista.org\/wp-content\/uploads\/2019\/07\/kelium9-600x353.png 600w, https:\/\/www.joventaoista.org\/wp-content\/uploads\/2019\/07\/kelium9-300x176.png 300w\" sizes=\"(max-width: 511px) 100vw, 511px\" \/><\/a><\/strong><\/p>\n<p>Esto no es normal: 20 terremotos de magnitud 3.0 o m\u00e1s han golpeado a California en las \u00faltimas 24 horas<\/p>\n<p><a href=\"https:\/\/www.joventaoista.org\/wp-content\/uploads\/2019\/07\/gea.jpg\"><img loading=\"lazy\" decoding=\"async\" class=\"wp-image-42541 alignleft\" src=\"https:\/\/www.joventaoista.org\/wp-content\/uploads\/2019\/07\/gea.jpg\" alt=\"\" width=\"275\" height=\"155\" srcset=\"https:\/\/www.joventaoista.org\/wp-content\/uploads\/2019\/07\/gea.jpg 600w, https:\/\/www.joventaoista.org\/wp-content\/uploads\/2019\/07\/gea-300x169.jpg 300w\" sizes=\"(max-width: 275px) 100vw, 275px\" \/><\/a><\/p>\n<p><a href=\"https:\/\/translate.googleusercontent.com\/translate_c?depth=1&amp;hl=es&amp;prev=search&amp;rurl=translate.google.com&amp;sl=en&amp;sp=nmt4&amp;u=http:\/\/endoftheamericandream.com\/archives\/this-isnt-normal-20-earthquakes-of-magnitude-3-0-or-greater-have-hit-california-within-the-last-24-hours&amp;xid=17259,15700002,15700022,15700186,15700191,15700256,15700259,15700262&amp;usg=ALkJrhgy5tEyMwjEGtMcbGNud9KsK6fRdg\">16 de julio de 2019<\/a>\u00a0por\u00a0<a href=\"https:\/\/translate.googleusercontent.com\/translate_c?depth=1&amp;hl=es&amp;prev=search&amp;rurl=translate.google.com&amp;sl=en&amp;sp=nmt4&amp;u=http:\/\/endoftheamericandream.com\/archives\/author\/Admin&amp;xid=17259,15700002,15700022,15700186,15700191,15700256,15700259,15700262&amp;usg=ALkJrhhlkEyknqw1YLrZCxFkFSK7iP8W2A\">Michael Snyder<\/a><\/p>\n<p><a href=\"https:\/\/translate.googleusercontent.com\/translate_c?depth=1&amp;hl=es&amp;prev=search&amp;rurl=translate.google.com&amp;sl=en&amp;sp=nmt4&amp;u=https:\/\/www.facebook.com\/sharer.php%3Fu%3Dhttp%253A%252F%252Fendoftheamericandream.com%252Farchives%252Fthis-isnt-normal-20-earthquakes-of-magnitude-3-0-or-greater-have-hit-california-within-the-last-24-hours&amp;xid=17259,15700002,15700022,15700186,15700191,15700256,15700259,15700262&amp;usg=ALkJrhi6LCgTtZsIkv-IcHtshvSK6e42nw\">Facebook<\/a><a href=\"https:\/\/translate.googleusercontent.com\/translate_c?depth=1&amp;hl=es&amp;prev=search&amp;rurl=translate.google.com&amp;sl=en&amp;sp=nmt4&amp;u=https:\/\/twitter.com\/intent\/tweet%3Ftext%3DThis%2520Isn%25E2%2580%2599t%2520Normal%253A%252020%2520Earthquakes%2520Of%2520Magnitude%25203.0%2520Or%2520Greater%2520Have%2520Hit%2520California%2520Within%2520The%2520Last%252024%2520Hours%26url%3Dhttp:\/\/endoftheamericandream.com\/%3Fp%3D9895%26via%3DRevelation1217&amp;xid=17259,15700002,15700022,15700186,15700191,15700256,15700259,15700262&amp;usg=ALkJrhgav1KJV1bFmDkSbwY8oferfVEcsg\">Gorjeo<\/a><a href=\"https:\/\/translate.googleusercontent.com\/translate_c?depth=1&amp;hl=es&amp;prev=search&amp;rurl=translate.google.com&amp;sl=en&amp;sp=nmt4&amp;u=http:\/\/endoftheamericandream.com\/archives\/this-isnt-normal-20-earthquakes-of-magnitude-3-0-or-greater-have-hit-california-within-the-last-24-hours&amp;xid=17259,15700002,15700022,15700186,15700191,15700256,15700259,15700262&amp;usg=ALkJrhgy5tEyMwjEGtMcbGNud9KsK6fRdg\">Suscribir<\/a><\/p>\n<p>Han pasado m\u00e1s de 10 d\u00edas desde que el sur de California se vio afectado por los dos terremotos m\u00e1s grandes que el estado ha experimentado en d\u00e9cadas y, sin embargo, el temblor se niega a detenerse.\u00a0De hecho, ahora el norte de California se une a la fiesta.\u00a0El martes, los residentes de San Francisco se alarmaron mucho cuando un terremoto de magnitud 4.3 sacudi\u00f3 edificios en toda la regi\u00f3n.Afortunadamente, no se hizo mucho da\u00f1o, pero ha pasado mucho tiempo desde que California ha sido golpeada por tantos terremotos considerables en un per\u00edodo de tiempo tan prolongado.\u00a0Seg\u00fan\u00a0<a href=\"https:\/\/translate.googleusercontent.com\/translate_c?depth=1&amp;hl=es&amp;prev=search&amp;rurl=translate.google.com&amp;sl=en&amp;sp=nmt4&amp;u=https:\/\/earthquake.usgs.gov\/earthquakes\/map\/&amp;xid=17259,15700002,15700022,15700186,15700191,15700256,15700259,15700262&amp;usg=ALkJrhgQPFfTX8tYJYqq4OygMsUZ0uI1KA#%7B%22autoUpdate%22%3A%5B%22autoUpdate%22%5D%2C%22basemap%22%3A%22grayscale%22%2C%22feed%22%3A%221day_m25%22%2C%22listFormat%22%3A%22default%22%2C%22mapposition%22%3A%5B%5B13.197164523281993%2C-144.228515625%5D%2C%5B57.136239319177434%2C-45.791015625%5D%5\">el USGS<\/a>\u00a0, se han producido 20 terremotos de magnitud 3.0 o m\u00e1s en el estado de California en las \u00faltimas 24 horas.\u00a0Por supuesto, la mayor\u00eda de los &#8220;expertos&#8221; nos aseguran que toda esta actividad s\u00edsmica se calmar\u00e1 pronto, pero \u00bfy si se equivocan?<\/p>\n<p>El terremoto de magnitud 4.3 que acaba de golpear el \u00e1rea de la Bah\u00eda de San Francisco definitivamente sorprendi\u00f3 a muchos de los &#8220;expertos&#8221;.\u00a0Seg\u00fan un residente local, se sent\u00eda\u00a0<a href=\"https:\/\/translate.googleusercontent.com\/translate_c?depth=1&amp;hl=es&amp;prev=search&amp;rurl=translate.google.com&amp;sl=en&amp;sp=nmt4&amp;u=https:\/\/www.sfgate.com\/bayarea\/article\/bay-area-quake-strength-brentwood-contra-costa-14100146.php&amp;xid=17259,15700002,15700022,15700186,15700191,15700256,15700259,15700262&amp;usg=ALkJrhhhPxyTh1njTm82LkYmGXERSdGmzA\">&#8220;como si algo se hubiera estrellado contra un lado de nuestra casa&#8221;<\/a>\u00a0&#8230;<\/p>\n<p><em>Un terremoto de magnitud 4.3 sacudi\u00f3 el \u00e1rea de la Bah\u00eda de San Francisco el martes por la tarde, y los residentes de la regi\u00f3n informaron ampliamente que sent\u00edan temblores leves.<\/em><\/p>\n<p><em>El terremoto se produjo a la 1:11 pm con una profundidad de 7.46 millas y un epicentro en East Bay, a unas 7.5 millas al este de Blackhawk y 17 millas al sureste de Concord, seg\u00fan el Servicio Geol\u00f3gico de los Estados Unidos.<\/em><\/p>\n<p><strong>Durante D\u00edas Se Han Registrado Miles De Sismos De Baja Intensidad En M\u00e9xico: \u00bfEs La Antesala De Algo M\u00e1s Grande?<\/strong><\/p>\n<p>17 Julio, 2019<\/p>\n<p>En los \u00faltimos dos d\u00edas se han registrado\u00a0<a href=\"http:\/\/www.ssn.unam.mx\/sismicidad\/ultimos\/\">alrededor de 100 sismos<\/a>\u00a0en todo M\u00e9xico, con magnitudes que var\u00edan desde los 2,2 hasta los 5,2 grados, como sucedi\u00f3 en la Ciudad de M\u00e9xico hace poco<strong>\u00a0<\/strong><\/p>\n<p><strong><a href=\"https:\/\/www.joventaoista.org\/wp-content\/uploads\/2019\/07\/ciudad.jpg\"><img loading=\"lazy\" decoding=\"async\" class=\"wp-image-42529 aligncenter\" src=\"https:\/\/www.joventaoista.org\/wp-content\/uploads\/2019\/07\/ciudad.jpg\" alt=\"\" width=\"449\" height=\"297\" srcset=\"https:\/\/www.joventaoista.org\/wp-content\/uploads\/2019\/07\/ciudad.jpg 1000w, https:\/\/www.joventaoista.org\/wp-content\/uploads\/2019\/07\/ciudad-600x397.jpg 600w, https:\/\/www.joventaoista.org\/wp-content\/uploads\/2019\/07\/ciudad-300x199.jpg 300w, https:\/\/www.joventaoista.org\/wp-content\/uploads\/2019\/07\/ciudad-768x508.jpg 768w, https:\/\/www.joventaoista.org\/wp-content\/uploads\/2019\/07\/ciudad-207x136.jpg 207w, https:\/\/www.joventaoista.org\/wp-content\/uploads\/2019\/07\/ciudad-140x94.jpg 140w, https:\/\/www.joventaoista.org\/wp-content\/uploads\/2019\/07\/ciudad-430x283.jpg 430w\" sizes=\"(max-width: 449px) 100vw, 449px\" \/><\/a>\u00a0<\/strong><\/p>\n<p>Estos sismos se suman a una serie de temblores que se han registrado en las alcald\u00edas de Miguel Hidalgo y \u00c1lvaro Obreg\u00f3n de Ciudad de M\u00e9xico desde el viernes 12 de julio, seg\u00fan un reporte del Sismol\u00f3gico Nacional.<\/p>\n<p>Los d\u00edas 12, 13, 14 y 16 de julio de 2019, el Servicio Sismol\u00f3gico Nacional (SSN) de la Universidad Nacional Aut\u00f3noma de M\u00e9xico (UNAM) report\u00f3 ocho sismos que fueron localizados en la demarcaci\u00f3n territorial de las alcald\u00edas Miguel Hidalgo y \u00c1lvaro Obreg\u00f3n, en la Ciudad de M\u00e9xico\u201d, dice un reporte del Sismol\u00f3gico que fue actualizado por \u00faltima vez la ma\u00f1ana del martes y que no registra los tres sismos de esta noche.<\/p>\n<p><strong>Este Junio Ha Sido El M\u00e1s Caluroso Jam\u00e1s Registrado, Pero Hay Un Problema M\u00e1s Grande<\/strong><\/p>\n<p>Publicado: 18 jul 2019<\/p>\n<p><strong>Seg\u00fan los cient\u00edficos, el aumento de la temperatura es una de las consecuencias inevitables de la concentraci\u00f3n r\u00e9cord de gases de efecto invernadero en la atm\u00f3sfera.<\/strong><\/p>\n<p><a href=\"https:\/\/www.joventaoista.org\/wp-content\/uploads\/2019\/07\/gea-3.jpg\"><img loading=\"lazy\" decoding=\"async\" class=\"wp-image-42535 aligncenter\" src=\"https:\/\/www.joventaoista.org\/wp-content\/uploads\/2019\/07\/gea-3.jpg\" alt=\"\" width=\"494\" height=\"278\" srcset=\"https:\/\/www.joventaoista.org\/wp-content\/uploads\/2019\/07\/gea-3.jpg 824w, https:\/\/www.joventaoista.org\/wp-content\/uploads\/2019\/07\/gea-3-600x338.jpg 600w, https:\/\/www.joventaoista.org\/wp-content\/uploads\/2019\/07\/gea-3-300x169.jpg 300w, https:\/\/www.joventaoista.org\/wp-content\/uploads\/2019\/07\/gea-3-768x432.jpg 768w\" sizes=\"(max-width: 494px) 100vw, 494px\" \/><\/a><\/p>\n<p>En el 2019 ha sido el mes de junio m\u00e1s caluroso en la historia de los registros de la temperatura de los \u00faltimos 139 a\u00f1os, seg\u00fan datos\u00a0recientes de la NASA.\u00a0Adem\u00e1s, en general, las temperaturas de enero a junio de este a\u00f1o\u00a0estuvieron 1,4 grados cent\u00edgrados por encima de las temperaturas medias que se registraban a finales del siglo XIX.<\/p>\n<p>&#8220;En este punto, el\u00a0<strong>inexorable aumento de las temperaturas globales<\/strong>\u00a0es completamente predecible&#8221;<\/p>\n<p>Se se\u00f1ala que actualmente las\u00a0<strong>concentraciones de di\u00f3xido de carbono<\/strong>\u00a0en la atm\u00f3sfera han alcanzado sus\u00a0<strong>niveles m\u00e1s altos<\/strong>\u00a0en al menos 800.000 a\u00f1os. Esta concentraci\u00f3n tambi\u00e9n se est\u00e1 acelerando a un ritmo sin precedentes tanto en el registro hist\u00f3rico como en el geol\u00f3gico.\u00a0Estos datos\u00a0est\u00e1n en l\u00ednea con el hecho de que 18 de los 19 a\u00f1os m\u00e1s c\u00e1lidos registrados se han producido desde 2001.<\/p>\n<h3 style=\"text-align: center;\"><strong>La Luna Queda Envuelta En La Sombra En Un Eclipse Parcial<\/strong><\/h3>\n<p>Publicado: 16 jul 2019<\/p>\n<p><strong>Hasta el 60% de la superficie lunar qued\u00f3 en la sombra.<\/strong><\/p>\n<p><a href=\"https:\/\/www.joventaoista.org\/wp-content\/uploads\/2019\/07\/jmm.jpg\"><img loading=\"lazy\" decoding=\"async\" class=\"wp-image-42553 aligncenter\" src=\"https:\/\/www.joventaoista.org\/wp-content\/uploads\/2019\/07\/jmm.jpg\" alt=\"\" width=\"479\" height=\"270\" srcset=\"https:\/\/www.joventaoista.org\/wp-content\/uploads\/2019\/07\/jmm.jpg 824w, https:\/\/www.joventaoista.org\/wp-content\/uploads\/2019\/07\/jmm-600x338.jpg 600w, https:\/\/www.joventaoista.org\/wp-content\/uploads\/2019\/07\/jmm-300x169.jpg 300w, https:\/\/www.joventaoista.org\/wp-content\/uploads\/2019\/07\/jmm-768x432.jpg 768w\" sizes=\"(max-width: 479px) 100vw, 479px\" \/><\/a><\/p>\n<p>La noche de este martes, en buena parte del mundo se pudo apreciar un eclipse lunar parcial. Su m\u00e1ximo apogeo tuvo lugar a las\u00a0<strong>21:30:44 GMT<\/strong>, cuando hasta el 60% de la Luna qued\u00f3\u00a0envuelta en la sombra.<\/p>\n<p>El fen\u00f3meno era visible en la mayor parte de\u00a0<strong>Europa<\/strong>\u00a0y\u00a0<strong>Asia<\/strong>\u00a0y en toda\u00a0<strong>\u00c1frica<\/strong>, adem\u00e1s de la parte oriental de\u00a0<strong>Sudam\u00e9rica<\/strong>\u00a0y el oeste de\u00a0<strong>Australia<\/strong>. Sin embargo, en esta ocasi\u00f3n Am\u00e9rica del Norte qued\u00f3 excluida.<\/p>\n<p>El eclipse lunar ocurre en luna llena, cuando\u00a0<strong>la Tierra se alinea con su sat\u00e9lite natural y el Sol<\/strong>, interponi\u00e9ndose entre ambos.\u00a0Cada mes, la Luna se acerca a esa misma ubicaci\u00f3n, pero la inclinaci\u00f3n de su \u00f3rbita hace que normalmente pase por encima o por debajo de la sombra de nuestro planeta.<\/p>\n<p><strong>La OMS Declara El \u00c9bola Como Una &#8220;Emergencia De Salud P\u00fablica De Inter\u00e9s Internacional&#8221;<\/strong><\/p>\n<p>Publicado: 17 jul 2019<\/p>\n<p><strong>La declaratoria se dio luego que se confirmara el primer caso en la ciudad de Goma, donde residen casi dos millones de personas y est\u00e1 ubicada a escasos 20 kil\u00f3metros de la frontera con Ruanda.<\/strong><\/p>\n<p><a href=\"https:\/\/www.joventaoista.org\/wp-content\/uploads\/2019\/07\/sdsa.jpg\"><img loading=\"lazy\" decoding=\"async\" class=\" wp-image-42607 aligncenter\" src=\"https:\/\/www.joventaoista.org\/wp-content\/uploads\/2019\/07\/sdsa.jpg\" alt=\"\" width=\"314\" height=\"176\" srcset=\"https:\/\/www.joventaoista.org\/wp-content\/uploads\/2019\/07\/sdsa.jpg 460w, https:\/\/www.joventaoista.org\/wp-content\/uploads\/2019\/07\/sdsa-300x168.jpg 300w\" sizes=\"(max-width: 314px) 100vw, 314px\" \/><\/a><\/p>\n<p>La Organizaci\u00f3n Mundial de la Salud (OMS)\u00a0<a href=\"https:\/\/www.who.int\/news-room\/detail\/17-07-2019-ebola-outbreak-in-the-democratic-republic-of-the-congo-declared-a-public-health-emergency-of-international-concern\">declar\u00f3<\/a>\u00a0este mi\u00e9rcoles al virus del \u00e9bola como una &#8220;emergencia de salud p\u00fablica de preocupaci\u00f3n internacional&#8221;.<\/p>\n<p>El\u00a0<strong>brote actual de \u00e9bola<\/strong>\u00a0es el peor en la historia de la Rep\u00fablica Democr\u00e1tica del Congo. Seg\u00fan\u00a0<a href=\"https:\/\/www.who.int\/ebola\/situation-reports\/drc-2018\/en\/\">datos<\/a>\u00a0de la Organizaci\u00f3n Mundial de la Salud, desde agosto de 2018 hasta el 14 de julio de 2019 en el pa\u00eds se registraron 2.501 casos de la enfermedad, de los cuales 2.407 fueron confirmados y 94 probables. Un\u00a0<a href=\"https:\/\/actualidad.rt.com\/actualidad\/320161-muertos-ebola-republica-democratica-congo\">total de\u00a0<\/a><a href=\"https:\/\/actualidad.rt.com\/actualidad\/320161-muertos-ebola-republica-democratica-congo\">1.668 personas<\/a>\u00a0perdieron la vida, 1.574 de las cuales murieron de \u00e9bola y\u00a094 de manera probable.<\/p>\n<p><iframe loading=\"lazy\" title=\"La OMS declara el \u00e9bola como una &quot;emergencia de salud p\u00fablica de preocupaci\u00f3n internacional&quot;\" width=\"1080\" height=\"608\" src=\"https:\/\/www.youtube.com\/embed\/BGc2BbsJqRY?feature=oembed\" frameborder=\"0\" allow=\"accelerometer; autoplay; encrypted-media; gyroscope; picture-in-picture\" allowfullscreen><\/iframe><\/p>\n<p><strong>La guerra en la que el hambre y las enfermedades matan m\u00e1s que las balas y las bombas<\/strong><\/p>\n<p>Publicado: 12 jul 2019<\/p>\n<p>Hace tiempo que ya no se habla de Yemen \u00a0y la situaci\u00f3n humanitaria lejos de resolverse parece que cada vez es peor, encaminada a una cat\u00e1strofe de proporciones dif\u00edciles de creer. <strong>Yemen ha colapsado, y las bombas, siempre terribles, ya matan menos que el hambre y unas enfermedades que en cualquier otro contexto ser\u00edan evitables<\/strong>.<\/p>\n<p><a href=\"https:\/\/www.joventaoista.org\/wp-content\/uploads\/2019\/07\/yemen.jpg\"><img loading=\"lazy\" decoding=\"async\" class=\"wp-image-42613 aligncenter\" src=\"https:\/\/www.joventaoista.org\/wp-content\/uploads\/2019\/07\/yemen-1024x705.jpg\" alt=\"\" width=\"444\" height=\"306\" srcset=\"https:\/\/www.joventaoista.org\/wp-content\/uploads\/2019\/07\/yemen-1024x705.jpg 1024w, https:\/\/www.joventaoista.org\/wp-content\/uploads\/2019\/07\/yemen-600x413.jpg 600w, https:\/\/www.joventaoista.org\/wp-content\/uploads\/2019\/07\/yemen-300x207.jpg 300w, https:\/\/www.joventaoista.org\/wp-content\/uploads\/2019\/07\/yemen-768x529.jpg 768w, https:\/\/www.joventaoista.org\/wp-content\/uploads\/2019\/07\/yemen.jpg 1244w\" sizes=\"(max-width: 444px) 100vw, 444px\" \/><\/a><\/p>\n<p>En el norte de Yemen, en Hajjah y Sadah, el riesgo de hambruna es m\u00e1ximo y ya se considera una urgencia humanitaria. En Hudaydah, San\u00e1 y Ad\u00e9n la crisis amenaza con convertirse tambi\u00e9n en una urgencia. Y es que el hambre amenaza a todo Yemen. La situaci\u00f3n es tan catastr\u00f3fica que,\u00a0<a href=\"https:\/\/www.unicef.org\/yemen\/YEM_resources_parentinginwar_en.pdf\">seg\u00fan UNICEF<\/a>, una mujer y seis reci\u00e9n nacidos mueren cada dos horas en el pa\u00eds.\u00a0<strong>Las mujeres y los ni\u00f1os se han convertido en las v\u00edctimas m\u00e1s vulnerables del conflicto que est\u00e1 por cumplir su quinto aniversario en el pa\u00eds m\u00e1s pobre de todo Oriente Medio<\/strong>.<\/p>\n<p>24,1 millones de yemen\u00edes, en un pa\u00eds de 30,5 millones de habitantes, necesitan de ayuda humanitaria; es la cifra m\u00e1s alta que se tiene\u00a0<a href=\"https:\/\/reliefweb.int\/sites\/reliefweb.int\/files\/resources\/2019_Yemen_HNO_FINAL.pdf\">registrada<\/a>. Con un 80% de la poblaci\u00f3n necesitando alg\u00fan tipo de asistencia, <strong><em>Yemen Es La Mayor Crisis Humanitaria Creada Por El Hombre<\/em><\/strong>. Yemen es de esos pa\u00edses condenados a sufrir las miserias de la guerra y la pobreza porque &#8220;<em>les toca&#8221;<\/em>, porque solo interesa de vez en cuando a determinados grup\u00fasculos activistas europeos para criticar los acuerdos de sus gobiernos con la tiran\u00eda saud\u00ed. Porque al final del d\u00eda, la cuesti\u00f3n es nuestra diplomacia; Yemen nunca interes\u00f3.\u00a0<strong>Por eso, en Espa\u00f1a se arma la pol\u00e9mica cuando Navantia construye fragatas y corbetas para Arabia Saud\u00ed, pero el silencio es total cuando resulta que Naciones Unidas pide ayuda para Yemen, y el mundo hace o\u00eddos sordos.<\/strong>\u00a0Silencio tambi\u00e9n por parte de estos activistas de post\u00edn.<\/p>\n<p>Los derechos de los menores apenas se respetan, y muchos terminan combatiendo si son ni\u00f1os, o casadas si son ni\u00f1as.<\/p>\n<p>&nbsp;<\/p>\n<p>EN ESTE DOCUMENTAL PUEDEN VER ALGO KE SE ACERCA A LA VERDAD DE LO QUE SUCEDE EN YEMEN:<\/p>\n<p>&nbsp;<\/p>\n<p style=\"text-align: center;\"><iframe loading=\"lazy\" src=\"https:\/\/www.youtube.com\/embed\/My7-Zxq6GZM\" width=\"560\" height=\"315\" frameborder=\"0\" allowfullscreen=\"allowfullscreen\" data-mce-fragment=\"1\"><\/iframe><br \/>\n<strong>La antigua mina gallega que intoxica a los &#8216;instagramers&#8217;: pufo econ\u00f3mico y desastre ecol\u00f3gico tras el destino de moda<\/strong><\/p>\n<p>Publicado: 17 jul 2019<\/p>\n<p><strong>Las organizaciones ecologistas denuncian que el complejo abandonado de Monte Neme es un ejemplo de la situaci\u00f3n de la miner\u00eda en esta regi\u00f3n.<\/strong><\/p>\n<p><a href=\"https:\/\/www.joventaoista.org\/wp-content\/uploads\/2019\/07\/lago.jpg\"><img loading=\"lazy\" decoding=\"async\" class=\"wp-image-42595 aligncenter\" src=\"https:\/\/www.joventaoista.org\/wp-content\/uploads\/2019\/07\/lago.jpg\" alt=\"\" width=\"441\" height=\"248\" srcset=\"https:\/\/www.joventaoista.org\/wp-content\/uploads\/2019\/07\/lago.jpg 824w, https:\/\/www.joventaoista.org\/wp-content\/uploads\/2019\/07\/lago-600x338.jpg 600w, https:\/\/www.joventaoista.org\/wp-content\/uploads\/2019\/07\/lago-300x169.jpg 300w, https:\/\/www.joventaoista.org\/wp-content\/uploads\/2019\/07\/lago-768x432.jpg 768w\" sizes=\"(max-width: 441px) 100vw, 441px\" \/><\/a><\/p>\n<p>Un lago espa\u00f1ol se ha puesto de moda en las \u00faltimas semanas entre los &#8216;influencers&#8217; que pululan por el pa\u00eds. El motivo no han sido sus\u00a0tonos\u00a0turquesa o sus incre\u00edbles vistas, sino los\u00a0<strong>sarpullidos cut\u00e1neos<\/strong>\u00a0que provocan sus aguas al contacto. Si se ingieren puede ser peor y provocar\u00a0<strong>v\u00f3mitos o diarreas<\/strong>.<\/p>\n<p>Monte Neme es un\u00a0<strong>complejo abandonado<\/strong>\u00a0situado en la comarca de Berganti\u00f1os, en Galicia (en el noroeste espa\u00f1ol). Se trata de una\u00a0<strong>antigua mina<\/strong>\u00a0de la que se extrajo durante d\u00e9cadas\u00a0<strong>wolframio, esta\u00f1o, cuarzo<\/strong>\u00a0y otros \u00e1ridos utilizados principalmente en la construcci\u00f3n. Dej\u00f3 de ser explotada en 2012 y desde entonces se encuentra abandona, un estado que denuncian las organizaciones ecologistas de la regi\u00f3n.<\/p>\n<p>Los ecologistas de la zona llevan desde 2012 solicitando al Gobierno regional el\u00a0<strong>sellado de esta mina<\/strong>, mientras que las\u00a0<strong>autoridades<\/strong>\u00a0se quitan de encima la responsabilidad y se\u00f1alan a las\u00a0<strong>empresas extractoras<\/strong>, pues sostienen que son ellas quienes est\u00e1n incumpliendo la ley porque tienen la obligaci\u00f3n de\u00a0proceder a la restauraci\u00f3n ambiental.<\/p>\n<h3><strong>Cierran una plataforma petrolera en Canad\u00e1 tras provocar un derrame en el oc\u00e9ano<\/strong><\/h3>\n<p>Publicado: 18 jul del 2019<\/p>\n<p><strong>El incidente en instalaciones mar\u00edtimas de ExxonMobil ha dejado una mancha de 20 metros de ancho por 900 de largo en el Atl\u00e1ntico Norte.<\/strong><\/p>\n<p><a href=\"https:\/\/www.joventaoista.org\/wp-content\/uploads\/2019\/07\/PETROLERA.jpg\"><img loading=\"lazy\" decoding=\"async\" class=\"wp-image-42691 aligncenter\" src=\"https:\/\/www.joventaoista.org\/wp-content\/uploads\/2019\/07\/PETROLERA.jpg\" alt=\"\" width=\"362\" height=\"204\" srcset=\"https:\/\/www.joventaoista.org\/wp-content\/uploads\/2019\/07\/PETROLERA.jpg 824w, https:\/\/www.joventaoista.org\/wp-content\/uploads\/2019\/07\/PETROLERA-600x338.jpg 600w, https:\/\/www.joventaoista.org\/wp-content\/uploads\/2019\/07\/PETROLERA-300x169.jpg 300w, https:\/\/www.joventaoista.org\/wp-content\/uploads\/2019\/07\/PETROLERA-768x432.jpg 768w\" sizes=\"(max-width: 362px) 100vw, 362px\" \/><\/a><\/p>\n<p>Un incidente ocurrido este mi\u00e9rcoles en una plataforma petrolera ocasion\u00f3 un\u00a0<strong>derrame de\u00a0hidrocarburos<\/strong>\u00a0en una superficie de unos 18.000 metros cuadrados en aguas canadienses del Atl\u00e1ntico Norte<\/p>\n<h3 style=\"text-align: center;\"><strong>Una sonda de la NASA detecta turbulentas e inesperadas corrientes que causan las auroras en J\u00fapiter<\/strong><\/h3>\n<p>Publicado: 18 jul 2019<\/p>\n<p><strong>Estas corrientes son impulsadas por las enormes fuerzas centr\u00edfugas que giran r\u00e1pidamente en la magnet\u00f3sfera del gigante del Sistema Solar.<\/strong><\/p>\n<p><a href=\"https:\/\/www.joventaoista.org\/wp-content\/uploads\/2019\/07\/gead.jpg\"><img loading=\"lazy\" decoding=\"async\" class=\"wp-image-42547 aligncenter\" src=\"https:\/\/www.joventaoista.org\/wp-content\/uploads\/2019\/07\/gead.jpg\" alt=\"\" width=\"490\" height=\"276\" srcset=\"https:\/\/www.joventaoista.org\/wp-content\/uploads\/2019\/07\/gead.jpg 824w, https:\/\/www.joventaoista.org\/wp-content\/uploads\/2019\/07\/gead-600x338.jpg 600w, https:\/\/www.joventaoista.org\/wp-content\/uploads\/2019\/07\/gead-300x169.jpg 300w, https:\/\/www.joventaoista.org\/wp-content\/uploads\/2019\/07\/gead-768x432.jpg 768w\" sizes=\"(max-width: 490px) 100vw, 490px\" \/><\/a><\/p>\n<p>Los sistemas de corrientes de J\u00fapiter son impulsados por las enormes fuerzas centr\u00edfugas que giran r\u00e1pidamente en su magnet\u00f3sfera, a\u00f1adi\u00f3 Saur, que explic\u00f3 que la\u00a0<strong>actividad volc\u00e1nica de\u00a0la luna joviana Io<\/strong>\u00a0libera hasta una tonelada de sulfuro por segundo, con lo cual la atm\u00f3sfera de ese planeta se carga de iones.<\/p>\n<p>Debido a la r\u00e1pida rotaci\u00f3n de J\u00fapiter&#8221;, con un d\u00eda de apenas 10 horas de duraci\u00f3n, &#8220;las fuerzas centr\u00edfugas mueven el gas ionizado en el campo magn\u00e9tico, lo cual genera las corriente el\u00e9ctricas [alternas]<\/p>\n<p>CERRAMOS CON ESTE RESUMEN DE ACABA DE SUCEDER EN EL MUNDO, PARA QUE OBSERVEN TODO LO KE SUCEDE EN LA ESFERA\u00a0 (CORTESIA UNIVERSO BIBLICO.)<\/p>\n<p style=\"text-align: center;\"><iframe loading=\"lazy\" src=\"https:\/\/www.youtube.com\/embed\/ZmkXzxH5jcY\" width=\"560\" height=\"315\" frameborder=\"0\" allowfullscreen=\"allowfullscreen\" data-mce-fragment=\"1\"><\/iframe><br \/>\n<span style=\"color: #0000ff;\"><strong>REWERDEN QUE ANTE LOS HECHOS Y LAS KOSAS KE SUCEDEN EN EL MUNDO KOMO HIJOS DE DIOS, DEVEMOS ESTAR A LA ESPEKTATIVA Y A LAS ORDENES DE LOS ENVIADOS DE DIOS KE VUSKAN LIVRARNOS DE TODOS ESTOS PELIGROS Y AYUDAR EN EL SOSTENISIERTO DE LA ESFERA.<\/strong><\/span><\/p>\n<p><span style=\"color: #0000ff;\"><strong><em>VENDITOS SEAN TODOS Y EN SIMVRE DEL VENERAVLE MAESTRO JHA KELIM ZEUS INDUZEUS Y EL VENERAVLE MAESTRO SAMAEL JOAB BHATOR WEHOR, LOS ESPERAMOS EN EL SIGUIENTE RESUMEN SITIOSO.<\/em><\/strong><\/span><\/p>\n<p>Fuentes:<\/p>\n<p><a href=\"https:\/\/www.rt.com\/\">https:\/\/www.rt.com\/<\/a><\/p>\n<p><a href=\"https:\/\/benjaminfulfordtranslations.blogspot.com\/\">https:\/\/benjaminfulfordtranslations.blogspot.com\/<\/a><\/p>\n<p><a href=\"https:\/\/tiemposllegados.blogspot.com\/\">https:\/\/tiemposllegados.blogspot.com\/<\/a><\/p>\n<p><a href=\"https:\/\/www.mundoesotericoparanormal.com\/\">https:\/\/www.mundoesotericoparanormal.com\/<\/a><\/p>\n<p><a href=\"https:\/\/www.voltairenet.org\/es\">https:\/\/www.voltairenet.org\/es<\/a><\/p>\n<p><a href=\"http:\/\/ds.iris.edu\/seismon\/?\">http:\/\/ds.iris.edu\/seismon\/?<\/a><\/p>\n<p><a href=\"http:\/\/whatdoesitmean.com\/\">http:\/\/whatdoesitmean.com\/<\/a><\/p>\n<p><a href=\"http:\/\/endoftheamericandream.com\/\">http:\/\/endoftheamericandream.com\/<\/a><\/p>\n<p><a href=\"https:\/\/www.reuters.com\/\">https:\/\/www.reuters.com\/<\/a><\/p>\n<p><a href=\"https:\/\/www.infobae.com\/america\/\">https:\/\/www.infobae.com\/america\/<\/a><\/p>\n<p>&nbsp;<\/p>\n<p>&nbsp;<\/p>\n<p>&nbsp;<\/p>\n","protected":false},"excerpt":{"rendered":"<p>LEO LA KONSTELASEL DE LA LEY Y EL PODER DEL VENDIGO HAR PADA DETENER LO INDETENIBLE EL ESPIRITU DE GUERRA IRAN KE ES ELAM Y LOS PODERES OCULTOS Israel se prepara para la guerra con Ir\u00e1n y sus alas militares en los pr\u00f3ximos dos a\u00f1os July 13, 2019 at 2:57 PM | Published in:\u00a0Ir\u00e1n,\u00a0Israel,\u00a0L\u00edbano,\u00a0Noticias,\u00a0Oriente Medio [&hellip;]<\/p>\n","protected":false},"author":6,"featured_media":30375,"comment_status":"open","ping_status":"open","sticky":false,"template":"","format":"standard","meta":{"_et_pb_use_builder":"","_et_pb_old_content":"","_et_gb_content_width":"","footnotes":""},"categories":[133,106,459],"tags":[3671,3670,3669,787],"class_list":["post-42699","post","type-post","status-publish","format-standard","has-post-thumbnail","hentry","category-destakados","category-konspiracion-eo","category-legidos-aktividades","tag-armagedon-eo","tag-guerra-eo","tag-mensajero-de-arrivbajo-eo","tag-pedofilia"],"_links":{"self":[{"href":"https:\/\/www.joventaoista.org\/eo\/wp-json\/wp\/v2\/posts\/42699","targetHints":{"allow":["GET"]}}],"collection":[{"href":"https:\/\/www.joventaoista.org\/eo\/wp-json\/wp\/v2\/posts"}],"about":[{"href":"https:\/\/www.joventaoista.org\/eo\/wp-json\/wp\/v2\/types\/post"}],"author":[{"embeddable":true,"href":"https:\/\/www.joventaoista.org\/eo\/wp-json\/wp\/v2\/users\/6"}],"replies":[{"embeddable":true,"href":"https:\/\/www.joventaoista.org\/eo\/wp-json\/wp\/v2\/comments?post=42699"}],"version-history":[{"count":1,"href":"https:\/\/www.joventaoista.org\/eo\/wp-json\/wp\/v2\/posts\/42699\/revisions"}],"predecessor-version":[{"id":42700,"href":"https:\/\/www.joventaoista.org\/eo\/wp-json\/wp\/v2\/posts\/42699\/revisions\/42700"}],"wp:featuredmedia":[{"embeddable":true,"href":"https:\/\/www.joventaoista.org\/eo\/wp-json\/wp\/v2\/media\/30375"}],"wp:attachment":[{"href":"https:\/\/www.joventaoista.org\/eo\/wp-json\/wp\/v2\/media?parent=42699"}],"wp:term":[{"taxonomy":"category","embeddable":true,"href":"https:\/\/www.joventaoista.org\/eo\/wp-json\/wp\/v2\/categories?post=42699"},{"taxonomy":"post_tag","embeddable":true,"href":"https:\/\/www.joventaoista.org\/eo\/wp-json\/wp\/v2\/tags?post=42699"}],"curies":[{"name":"wp","href":"https:\/\/api.w.org\/{rel}","templated":true}]}}