{"id":4799,"date":"2013-04-21T20:51:05","date_gmt":"2013-04-21T20:51:05","guid":{"rendered":"https:\/\/www.joventaoista.org\/?p=4799"},"modified":"2013-04-21T20:51:05","modified_gmt":"2013-04-21T20:51:05","slug":"forhar-konsiensias-divinas-y-kuerpos-saludavles","status":"publish","type":"post","link":"https:\/\/www.joventaoista.org\/eo\/forhar-konsiensias-divinas-y-kuerpos-saludavles\/","title":{"rendered":"FORHAR Konsiensias Divinas  y Kuerpos Saludavles"},"content":{"rendered":"<h2><span style=\"color: #ff6600;\"><strong><br \/>\n<\/strong>Estimad@ \u00a0 \u00a0Frater<\/span><\/h2>\n<p><span><span style=\"color: #0000ff;\">nos aunamos a la\u00a0b\u00fasqueda\u00a0de la verdad en la lucha constante por vencer las\u00a0tinieblas\u00a0que\u00a0agobian\u00a0el\u00a0brillo\u00a0de la\u00a0libertad,\u00a0\u00a0libertad\u00a0de nuestras humanidades de nuestros pueblos, aun de nuestras familias.<\/span><\/span><\/p>\n<p><span><span style=\"color: #0000ff;\">\u00a0Ante la gran\u00a0expectativa\u00a0en diferentes lugares del mundo a la\u00a0tem\u00e1tica\u00a0que a dispuesto el Gran\u00a0Sabio\u00a0del Tivet KUMIDO, el equipo de el Levantaiserto Juvenil Tao estamos haciendo una gira de eventos, que \u00a0promueven las realidades \u00a0de \u00a0nuestra actualidad, la ciencia al\u00a0servicio\u00a0del hombre, el arte, la \u00a0ecolog\u00eda\u00a0humana, entre otros&#8230; \u00a0Hemos\u00a0iniciando\u00a0por Colombia y seguiremos ampliando fronteras para llegar a muchos mas\u00a0pa\u00edses\u00a0llevando esta gran consientisaci\u00f3n por una\u00a0humanidad\u00a0libre, por un futuro ecologista y proclamando la\u00a0bandera\u00a0de la unidad en el respeto a la vida y a el Saber.<\/span><\/span><\/p>\n<p style=\"text-align: center;\"><strong><span style=\"color: #ff0000;\">LA VERDAD OS\u00a0HAR\u00c1\u00a0LIBRES<\/span><\/strong><span style=\"color: #0000ff;\">.<\/span><\/p>\n<p style=\"text-align: left;\"><span style=\"color: #ff6600;\">Este \u00a0texto esta escrito en<\/span>\u00a0<a title=\"KASTESAKRO\" href=\"https:\/\/www.joventaoista.org\/eo\/el-kastesakro\/\" target=\"_blank\">KASTESAKRO<\/a><\/p>\n<h3>\u00a0<span style=\"font-size: 1em;\">Dise un Savio del Tibet Kumido:<\/span><\/h3>\n<p><span style=\"color: #0000ff;\">J\u00f3venes del hermoso Departasierto de Antiokia, les saluda su servidor <\/span><strong><span style=\"color: #0000ff;\">K\u00daMIDO<\/span><\/strong><span style=\"color: #0000ff;\">, es un magn\u00edfiko privilegio poder dirigir estas palavras a vosotros, estirpe del Puevlo de DIOS ke konserva grandes virtudes, en espesial la virtud de ser emprendedores, vuskadores del \u00e9ksito en toda ovra ke os disponeis a kumplir.<\/span><\/p>\n<p><span style=\"color: #0000ff;\">el Levantasierto Juvenil Tao, hase su arrivo a este magn\u00edfiko lugar, kon el evento<strong><span style=\"color: #ff6600;\"> FORHAR<\/span><\/strong>, <span style=\"color: #ff6600;\">\u201cFORHAR konsiensias divinas i kuerpos saludables\u201d<\/span> trayendo la esensia del despertar de konsiensia semvrado sovre la esfera gea por nuestros salvadores<\/span> <strong><span style=\"color: #0000ff;\">JHA KELIUM ZEUS INDUSEUS Y SAMAEL JOAV BATHOR WEHOR.<\/span><\/strong><\/p>\n<p><span style=\"color: #0000ff;\">hemos proakselado visitar diferentes fuentes de este departasierto kon el prop\u00f3sito de aktivar a los j\u00f3venes, e integrarlos al Levantasierto Juvenil y de esta forma kontrivuir al engrandesisierto de la Ovra redentora ke nos han altargado los Elohims de la Kreasel.<\/span><span style=\"color: #0000ff;\">\u00a0<\/span><\/p>\n<p><span style=\"color: #0000ff;\"><a href=\"https:\/\/www.joventaoista.org\/wp-content\/uploads\/2013\/04\/FICHE-final.jpg\"><img loading=\"lazy\" decoding=\"async\" class=\"wp-image-4509 alignright\" title=\"FICHE final\" src=\"https:\/\/www.joventaoista.org\/wp-content\/uploads\/2013\/04\/FICHE-final.jpg\" alt=\"\" width=\"236\" height=\"344\" srcset=\"https:\/\/www.joventaoista.org\/wp-content\/uploads\/2013\/04\/FICHE-final.jpg 700w, https:\/\/www.joventaoista.org\/wp-content\/uploads\/2013\/04\/FICHE-final-600x873.jpg 600w, https:\/\/www.joventaoista.org\/wp-content\/uploads\/2013\/04\/FICHE-final-206x300.jpg 206w, https:\/\/www.joventaoista.org\/wp-content\/uploads\/2013\/04\/FICHE-final-703x1024.jpg 703w\" sizes=\"(max-width: 236px) 100vw, 236px\" \/><\/a><\/span><\/p>\n<p><span style=\"color: #0000ff;\">os invito a asistir y formar porsel en kada una de estas proakseles, y la invitasel es ekstensiva pad\u00e1 ni\u00f1os y a\u00fan a los mayores de edad ke sientan en su interior ke han renavido y ke hoy son j\u00f3venes ke menesten formarsen en <span style=\"color: #ff6600;\">Guerreros Eav\u00e1ngeles Har<\/span>, donde vuestra palavra ser\u00e1 potensiada y vuestra savidur\u00eda ausiertada, pad\u00e1 ser los paladines, las trompetas ke anunsiar\u00e1n la livertad de los cautibos y el fin de la dominaci\u00f3n de las \u00e9lites pol\u00edticas y econ\u00f3micas.<\/span><\/p>\n<p><span style=\"color: #0000ff;\">os invito a ke os komvirta\u00eds en estos hares ke haremos realidadel amaneser de una nueva era, donde reine la livertad de poder servir a DIOS y ser fiel a sus preseptos, donde no sean perseguidos akellos ke gritan verdades a los havitantes de la esfera, donde no eksista el ambre, la destrucci\u00f3n y sea desarraigado del serevro humano el birus clif\u00f3tico de la guerra.<\/span><\/p>\n<p><span style=\"color: #0000ff;\">Invito a los Tao Judios de Verdad de Antiokia a apoyar esta magn\u00edfika lavor en las formas ke os sea posivle, todo akel ke tenga a vien kontrivuir kon esta lavor, vien llegado es y vien llegada sea su kontrivusel, pad\u00e1 todos akellos ke tengan la novle intensel de kooperar, aureolas de fuego vivikador kuvrir\u00e1n vuestras kavesas.<\/span><\/p>\n<p><span style=\"color: #0000ff;\">Venditos seais y os esperamos kon todo el fervor ke karakterisa al Puevlo Antioke\u00f1o, es nuestro prop\u00f3sito ke esta lavor d\u00e9 frutos admiravles y est\u00e1 en vuestras magdus ke esto sea posivle.<\/span><\/p>\n<p><span style=\"color: #0000ff;\">Os invita k\u00famido, vuestro servidor y todo el ekipo l\u00f3gistiko del <\/span><span style=\"color: #3366ff;\">Gran Levantasierto Juvenil Tao<\/span><span style=\"color: #0000ff;\">.<\/span><\/p>\n<p style=\"text-align: center;\"><span style=\"color: #ff0000;\">para ver \u00a0kon mayor \u00a0klaridad el Kronograma amplialo dando \u00a0klik sobre la imagen.<\/span><\/p>\n<p><a href=\"https:\/\/www.joventaoista.org\/wp-content\/uploads\/2013\/04\/page-1111.jpg\"><img loading=\"lazy\" decoding=\"async\" class=\"wp-image-4532 aligncenter\" title=\"page-1111\" src=\"https:\/\/www.joventaoista.org\/wp-content\/uploads\/2013\/04\/page-1111-1024x840.jpg\" alt=\"\" width=\"573\" height=\"470\" srcset=\"https:\/\/www.joventaoista.org\/wp-content\/uploads\/2013\/04\/page-1111-1024x840.jpg 1024w, https:\/\/www.joventaoista.org\/wp-content\/uploads\/2013\/04\/page-1111-600x492.jpg 600w, https:\/\/www.joventaoista.org\/wp-content\/uploads\/2013\/04\/page-1111-300x246.jpg 300w, https:\/\/www.joventaoista.org\/wp-content\/uploads\/2013\/04\/page-1111.jpg 700w\" sizes=\"(max-width: 573px) 100vw, 573px\" \/><\/a><\/p>\n<p><a href=\"https:\/\/www.joventaoista.org\/wp-content\/uploads\/2013\/04\/page-02jj.jpg\"><img loading=\"lazy\" decoding=\"async\" class=\"wp-image-4533 aligncenter\" title=\"page-02jj\" src=\"https:\/\/www.joventaoista.org\/wp-content\/uploads\/2013\/04\/page-02jj-1024x836.jpg\" alt=\"\" width=\"573\" height=\"468\" srcset=\"https:\/\/www.joventaoista.org\/wp-content\/uploads\/2013\/04\/page-02jj-1024x836.jpg 1024w, https:\/\/www.joventaoista.org\/wp-content\/uploads\/2013\/04\/page-02jj-600x489.jpg 600w, https:\/\/www.joventaoista.org\/wp-content\/uploads\/2013\/04\/page-02jj-300x244.jpg 300w, https:\/\/www.joventaoista.org\/wp-content\/uploads\/2013\/04\/page-02jj.jpg 700w\" sizes=\"(max-width: 573px) 100vw, 573px\" \/><\/a><\/p>\n<p>&nbsp;<\/p>\n<p align=\"center\"><iframe loading=\"lazy\" src=\"http:\/\/www.youtube.com\/embed\/dLlxCSQAaqI?list=PLmXgFrSFPIzcjayI8_h5R9AIHTlFd8tnW\" frameborder=\"0\" width=\"560\" height=\"315\"><\/iframe><\/p>\n","protected":false},"excerpt":{"rendered":"<p>Estimad@ \u00a0 \u00a0Frater nos aunamos a la\u00a0b\u00fasqueda\u00a0de la verdad en la lucha constante por vencer las\u00a0tinieblas\u00a0que\u00a0agobian\u00a0el\u00a0brillo\u00a0de la\u00a0libertad,\u00a0\u00a0libertad\u00a0de nuestras humanidades de nuestros pueblos, aun de nuestras familias. \u00a0Ante la gran\u00a0expectativa\u00a0en diferentes lugares del mundo a la\u00a0tem\u00e1tica\u00a0que a dispuesto el Gran\u00a0Sabio\u00a0del Tivet KUMIDO, el equipo de el Levantaiserto Juvenil Tao estamos haciendo una gira de eventos, que [&hellip;]<\/p>\n","protected":false},"author":1,"featured_media":4505,"comment_status":"open","ping_status":"open","sticky":false,"template":"","format":"standard","meta":{"_et_pb_use_builder":"","_et_pb_old_content":"","_et_gb_content_width":"","footnotes":""},"categories":[95,133],"tags":[],"class_list":["post-4799","post","type-post","status-publish","format-standard","has-post-thumbnail","hentry","category-blog-eo","category-destakados"],"_links":{"self":[{"href":"https:\/\/www.joventaoista.org\/eo\/wp-json\/wp\/v2\/posts\/4799","targetHints":{"allow":["GET"]}}],"collection":[{"href":"https:\/\/www.joventaoista.org\/eo\/wp-json\/wp\/v2\/posts"}],"about":[{"href":"https:\/\/www.joventaoista.org\/eo\/wp-json\/wp\/v2\/types\/post"}],"author":[{"embeddable":true,"href":"https:\/\/www.joventaoista.org\/eo\/wp-json\/wp\/v2\/users\/1"}],"replies":[{"embeddable":true,"href":"https:\/\/www.joventaoista.org\/eo\/wp-json\/wp\/v2\/comments?post=4799"}],"version-history":[{"count":0,"href":"https:\/\/www.joventaoista.org\/eo\/wp-json\/wp\/v2\/posts\/4799\/revisions"}],"wp:featuredmedia":[{"embeddable":true,"href":"https:\/\/www.joventaoista.org\/eo\/wp-json\/wp\/v2\/media\/4505"}],"wp:attachment":[{"href":"https:\/\/www.joventaoista.org\/eo\/wp-json\/wp\/v2\/media?parent=4799"}],"wp:term":[{"taxonomy":"category","embeddable":true,"href":"https:\/\/www.joventaoista.org\/eo\/wp-json\/wp\/v2\/categories?post=4799"},{"taxonomy":"post_tag","embeddable":true,"href":"https:\/\/www.joventaoista.org\/eo\/wp-json\/wp\/v2\/tags?post=4799"}],"curies":[{"name":"wp","href":"https:\/\/api.w.org\/{rel}","templated":true}]}}