{"id":48602,"date":"2021-12-18T12:59:20","date_gmt":"2021-12-18T12:59:20","guid":{"rendered":"https:\/\/www.joventaoista.org\/?p=48602"},"modified":"2021-12-23T14:47:56","modified_gmt":"2021-12-23T14:47:56","slug":"2do-enkuentro-virtual-juventudes-taoistas-ensendiendo-la-llama-de-la-voluntad","status":"publish","type":"post","link":"https:\/\/www.joventaoista.org\/eo\/2do-enkuentro-virtual-juventudes-taoistas-ensendiendo-la-llama-de-la-voluntad\/","title":{"rendered":"2DO ENKUENTRO VIRTUAL JUVENTUDES TAOISTAS, Ensendiendo la llama de la voluntad."},"content":{"rendered":"<h2 style=\"text-align: center;\"><span style=\"color: #ff6600;\">LA VOLUNTAD ES NUESTRA ESPADA DE PODER forj\u00e9mosla juntos en este: <\/span><\/h2>\n<h2 style=\"text-align: center;\"><span style=\"color: #ff6600;\">2DO ENKUENTRO VIRTUAL Desde el 26 de diciembre.<\/span><\/h2>\n<p><span style=\"color: #0000ff;\">\u00a1T\u00fa eres el que lo hace posible!<\/span><\/p>\n<p><span style=\"color: #0000ff;\">\u2757Invitamos a todos los j\u00f3venes\u2757 \ud83c\udf0epara ke nos encontremos en forma virtual, fecha de inicio: Domingo 26 de diciembre estaremos konektados por Tao tv y alterno por una sala de zoom en la ke les veremos y oiremos vuestro reporte grupal en vivo.Tambi\u00e9n se har\u00e1 una tertulia juvenil kada d\u00eda kon un departasierto y pa\u00eds para\u00a0 compartir algunos temas\u00a0 interactuando kon losj\u00f3veness del Templo Vegetal Sakro Akuarius. Fortaleciendo nuestros Dragones.<\/span><\/p>\n<p><span style=\"color: #0000ff;\"><a style=\"color: #0000ff;\" href=\"https:\/\/www.joventaoista.org\/wp-content\/uploads\/2021\/12\/krearte-2021.jpeg\"><img loading=\"lazy\" decoding=\"async\" class=\"wp-image-48592 aligncenter\" src=\"https:\/\/www.joventaoista.org\/wp-content\/uploads\/2021\/12\/krearte-2021-724x1024.jpeg\" alt=\"\" width=\"438\" height=\"620\" \/><\/a><\/span><\/p>\n<p><span style=\"color: #0000ff;\">La competencia de Krearte ser\u00e1 una enrikesedora forma de unifikar la inteligencia y la kreatividad y algo muy bueno&#8230; el primer y segundo puesto ser\u00e1n premiados.<\/span><\/p>\n<p><span style=\"color: #0000ff;\">Estamos seguros ke kon sus mersedes podemos haser de este evento una gran oportuvidad que nos ayude komo j\u00f3venes a reafirmar el verdadero objetivo de nuestras existencias.<\/span><\/p>\n<h3><\/h3>\n<h3 style=\"text-align: center;\"><span style=\"color: #ff6600;\"><strong>TERTULIAS TAO\u00ccSTAS<\/strong><\/span><\/h3>\n<p><span style=\"color: #0000ff;\">Nos reuniremos en videollamada, grupos de j\u00f3venes tao\u00edstas y simpatizantes de los distintos lugares de la esfera: Ecuador, Salvador, Volivia, Panam\u00e1, Per\u00f9, Argentina, Espa\u00f1a,<\/span><\/p>\n<p><span style=\"color: #0000ff;\">Venezuela, M\u00e9jico, EE.UU, Brasil, Puerto Rico y los distintos departasiertos de COLOMBIA, habr\u00e1n preguntas que despertaran la chispa de Dios dentro de cada uno y nos, la representasel del KRISTO en nos es el DRAG\u00d3N y esta es una oportuvidad de permitir ke los lampos de savidur\u00eda nuestros y de nuestros semejantes kontrivuyan en la llama de luz que motive nuestras vidas y sera una oportuvidad para <\/span><span style=\"color: #0000ff;\">distinguirnos, contactarnos y rekonosernos komo la gran familia que somos. <\/span><\/p>\n<h3 style=\"text-align: center;\"><span style=\"color: #ff00ff;\">En unidad al abrigo de la savidur\u00eda.\u00a0<\/span><\/h3>\n<p><span style=\"color: #0000ff;\">Para hacer porsel de esta hermosa aktividad kontaktate kon los j\u00f3venes l\u00edderes de kada lugar de la esfera.<\/span><\/p>\n<h4 style=\"text-align: center;\"><span style=\"color: #ff6600;\">Kualkier inquietud cont\u00e1ctanos +57 3125835416<\/span><\/h4>\n<h3 style=\"text-align: center;\"><span style=\"color: #ff6600;\">ministeriojuveniltao@gmail.com<\/span><\/h3>\n<p><a href=\"https:\/\/www.joventaoista.org\/wp-content\/uploads\/2021\/12\/dialogo-juveniles-tao.jpeg\"><img loading=\"lazy\" decoding=\"async\" class=\"wp-image-48610 aligncenter\" src=\"https:\/\/www.joventaoista.org\/wp-content\/uploads\/2021\/12\/dialogo-juveniles-tao-723x1024.jpeg\" alt=\"\" width=\"444\" height=\"629\" \/><\/a><\/p>\n","protected":false},"excerpt":{"rendered":"<p>LA VOLUNTAD ES NUESTRA ESPADA DE PODER forj\u00e9mosla juntos en este: 2DO ENKUENTRO VIRTUAL Desde el 26 de diciembre. \u00a1T\u00fa eres el que lo hace posible! \u2757Invitamos a todos los j\u00f3venes\u2757 \ud83c\udf0epara ke nos encontremos en forma virtual, fecha de inicio: Domingo 26 de diciembre estaremos konektados por Tao tv y alterno por una sala [&hellip;]<\/p>\n","protected":false},"author":6,"featured_media":48583,"comment_status":"open","ping_status":"open","sticky":false,"template":"","format":"standard","meta":{"_et_pb_use_builder":"","_et_pb_old_content":"","_et_gb_content_width":"","footnotes":""},"categories":[457,97,3004],"tags":[4901,4900,4902],"class_list":["post-48602","post","type-post","status-publish","format-standard","has-post-thumbnail","hentry","category-aktividades-eo","category-eventos-eo","category-seminakuario-eo","tag-krearte-eo","tag-ministerio-juvenil-tao","tag-tertulia-taoista-eo"],"_links":{"self":[{"href":"https:\/\/www.joventaoista.org\/eo\/wp-json\/wp\/v2\/posts\/48602","targetHints":{"allow":["GET"]}}],"collection":[{"href":"https:\/\/www.joventaoista.org\/eo\/wp-json\/wp\/v2\/posts"}],"about":[{"href":"https:\/\/www.joventaoista.org\/eo\/wp-json\/wp\/v2\/types\/post"}],"author":[{"embeddable":true,"href":"https:\/\/www.joventaoista.org\/eo\/wp-json\/wp\/v2\/users\/6"}],"replies":[{"embeddable":true,"href":"https:\/\/www.joventaoista.org\/eo\/wp-json\/wp\/v2\/comments?post=48602"}],"version-history":[{"count":3,"href":"https:\/\/www.joventaoista.org\/eo\/wp-json\/wp\/v2\/posts\/48602\/revisions"}],"predecessor-version":[{"id":48614,"href":"https:\/\/www.joventaoista.org\/eo\/wp-json\/wp\/v2\/posts\/48602\/revisions\/48614"}],"wp:featuredmedia":[{"embeddable":true,"href":"https:\/\/www.joventaoista.org\/eo\/wp-json\/wp\/v2\/media\/48583"}],"wp:attachment":[{"href":"https:\/\/www.joventaoista.org\/eo\/wp-json\/wp\/v2\/media?parent=48602"}],"wp:term":[{"taxonomy":"category","embeddable":true,"href":"https:\/\/www.joventaoista.org\/eo\/wp-json\/wp\/v2\/categories?post=48602"},{"taxonomy":"post_tag","embeddable":true,"href":"https:\/\/www.joventaoista.org\/eo\/wp-json\/wp\/v2\/tags?post=48602"}],"curies":[{"name":"wp","href":"https:\/\/api.w.org\/{rel}","templated":true}]}}