{"id":48752,"date":"2022-03-17T00:08:54","date_gmt":"2022-03-17T00:08:54","guid":{"rendered":"https:\/\/www.joventaoista.org\/?p=48752"},"modified":"2022-03-17T00:15:22","modified_gmt":"2022-03-17T00:15:22","slug":"cambio-geologico-y-la-tercera-guerra-mundial","status":"publish","type":"post","link":"https:\/\/www.joventaoista.org\/eo\/cambio-geologico-y-la-tercera-guerra-mundial\/","title":{"rendered":"CAMBIO GEOL\u00d3GICO Y LA TERCERA GUERRA MUNDIAL"},"content":{"rendered":"<p><span style=\"color: #0000ff;\"><strong>Pregunta alguien del p\u00fablico<\/strong>:\u00a0 venerable Maestro le ruego un favor sali\u00e9ndome del tema, nos podr\u00eda regalar una profec\u00eda o dos sobre la tercera guerra mundial y sobre las profec\u00edas de Nostradamus para 1999.<\/span><\/p>\n<p><span style=\"color: #008000;\"><strong>DISE EL VENERAVLE MAESTRO JAH KELIUM ZEUS INDUZEUS<\/strong>:<\/span><\/p>\n<p><span style=\"color: #008000;\">Querido hermano su profec\u00eda exigida, es muy escalofriante en el a\u00f1o 1600 (el Maestro Kelium Zeus hace referencia a su retorno como Michel Nostradame, usualmente latinizado como Nostradamus) ya se habl\u00f3 mucho <a href=\"https:\/\/www.joventaoista.org\/wp-content\/uploads\/2022\/03\/nostradamus.jpeg\"><img loading=\"lazy\" decoding=\"async\" class=\"wp-image-48741 alignleft\" src=\"https:\/\/www.joventaoista.org\/wp-content\/uploads\/2022\/03\/nostradamus.jpeg\" alt=\"\" width=\"271\" height=\"271\" \/><\/a>acerca de esto y no quisiera hablar tanto sobre estas cosas, en una \u00e9poca de este milenio el mundo tuvo temor de mis palabras y buscaron mi vida, pues consideraban que estaba sentenciando el planeta a una desgracia y ya hoy mi misi\u00f3n no ser\u00eda exactamente profetizar seria sacar a un pueblo que fenece bajo las consecuencias de esas profec\u00edas, pero para complacer su pregunta, la tercera guerra mundial se encuentra a las puertas, los personajes que la van a efectuar ya est\u00e1n preparados, los implementos mec\u00e1nicos belicosos ya est\u00e1n ubicados, no se necesitara exactamente la mano del hombre, cuando el tiempo sea cumplido empezara el hombre con su belicosidad\u00a0 y no les explico ahora donde ni como empezara ya de tiempo atr\u00e1s que he escrito muchas cosas al respecto, buscadlas, leedlas, estudiadlas y ah\u00ed encontrareis la respuesta, m\u00e1s aun la tercera guerra empieza por simples cosas y continua por grabes cosas, el cielo est\u00e1 preparado para ayudar a los hombres a explosionar el planeta, las mismas energ\u00edas que los hombres han botado se han estado acumulando en las \u00e1reas magm\u00e1ticas del planeta para romper a estas mismas y as\u00ed en esa forma unirse con la bomba at\u00f3mica y con las energ\u00edas que en la periferia del paneta est\u00e1n a punto de explotar; la f\u00edsica y la qu\u00edmica sufren un cambio, al sufrir un cambio se presentan disparos de bombas at\u00f3micas, sin el hombre accionarlas, ya en este a\u00f1o 1986 habido fen\u00f3menos de f\u00edsica que han permitido explosiones misteriosas y estos fen\u00f3menos se ir\u00e1n acentuando y cuando la f\u00edsica cambie a un m\u00e1s, los artefactos b\u00e9licos se desorganizaran dispar\u00e1ndose sin la voluntad del hombre y unidos a los volcanes que vomitaran el fuego de la tierra se juntaran con las energ\u00edas gen\u00e9ticas que han ascendido por los antia dauna satasa y est\u00e1n ubicadas m\u00e1s all\u00e1 de la estratosfera terrestre madurando para explotar y unirse a los dos fuegos dichos anteriormente, bien aventurados los que ya desencarnaron y bien aventurados los que ya salieron de este planeta para no ver estas cosas, esa es mi respuesta.<\/span><\/p>\n<p><span style=\"color: #0000ff;\"><strong>Dice alguien del p\u00fablico<\/strong>:\u00a0 Gracias Venerable Maestro.<\/span><\/p>\n<p><a href=\"https:\/\/www.joventaoista.org\/wp-content\/uploads\/2020\/05\/Kelium-Zeus-y-Samael-Joav-copa-de-la-ira-1.jpg\"><img loading=\"lazy\" decoding=\"async\" class=\"wp-image-46913 aligncenter\" src=\"https:\/\/www.joventaoista.org\/wp-content\/uploads\/2020\/05\/Kelium-Zeus-y-Samael-Joav-copa-de-la-ira-1-1024x741.jpg\" alt=\"\" width=\"427\" height=\"309\" \/><\/a><\/p>\n","protected":false},"excerpt":{"rendered":"<p>Pregunta alguien del p\u00fablico:\u00a0 venerable Maestro le ruego un favor sali\u00e9ndome del tema, nos podr\u00eda regalar una profec\u00eda o dos sobre la tercera guerra mundial y sobre las profec\u00edas de Nostradamus para 1999. DISE EL VENERAVLE MAESTRO JAH KELIUM ZEUS INDUZEUS: Querido hermano su profec\u00eda exigida, es muy escalofriante en el a\u00f1o 1600 (el Maestro [&hellip;]<\/p>\n","protected":false},"author":6,"featured_media":48748,"comment_status":"open","ping_status":"open","sticky":false,"template":"","format":"standard","meta":{"_et_pb_use_builder":"","_et_pb_old_content":"","_et_gb_content_width":"","footnotes":""},"categories":[914],"tags":[4916,4914,4915],"class_list":["post-48752","post","type-post","status-publish","format-standard","has-post-thumbnail","hentry","category-maestro-kelium-eo","tag-bomba-eo","tag-nostradamus-eo","tag-profecias-eo"],"_links":{"self":[{"href":"https:\/\/www.joventaoista.org\/eo\/wp-json\/wp\/v2\/posts\/48752","targetHints":{"allow":["GET"]}}],"collection":[{"href":"https:\/\/www.joventaoista.org\/eo\/wp-json\/wp\/v2\/posts"}],"about":[{"href":"https:\/\/www.joventaoista.org\/eo\/wp-json\/wp\/v2\/types\/post"}],"author":[{"embeddable":true,"href":"https:\/\/www.joventaoista.org\/eo\/wp-json\/wp\/v2\/users\/6"}],"replies":[{"embeddable":true,"href":"https:\/\/www.joventaoista.org\/eo\/wp-json\/wp\/v2\/comments?post=48752"}],"version-history":[{"count":1,"href":"https:\/\/www.joventaoista.org\/eo\/wp-json\/wp\/v2\/posts\/48752\/revisions"}],"predecessor-version":[{"id":48753,"href":"https:\/\/www.joventaoista.org\/eo\/wp-json\/wp\/v2\/posts\/48752\/revisions\/48753"}],"wp:featuredmedia":[{"embeddable":true,"href":"https:\/\/www.joventaoista.org\/eo\/wp-json\/wp\/v2\/media\/48748"}],"wp:attachment":[{"href":"https:\/\/www.joventaoista.org\/eo\/wp-json\/wp\/v2\/media?parent=48752"}],"wp:term":[{"taxonomy":"category","embeddable":true,"href":"https:\/\/www.joventaoista.org\/eo\/wp-json\/wp\/v2\/categories?post=48752"},{"taxonomy":"post_tag","embeddable":true,"href":"https:\/\/www.joventaoista.org\/eo\/wp-json\/wp\/v2\/tags?post=48752"}],"curies":[{"name":"wp","href":"https:\/\/api.w.org\/{rel}","templated":true}]}}