{"id":49233,"date":"2023-09-22T17:38:28","date_gmt":"2023-09-22T17:38:28","guid":{"rendered":"https:\/\/www.joventaoista.org\/?p=49233"},"modified":"2023-09-22T17:38:28","modified_gmt":"2023-09-22T17:38:28","slug":"el-covid-las-vacunas-se-ensayaron-con-la-poblacion","status":"publish","type":"post","link":"https:\/\/www.joventaoista.org\/eo\/el-covid-las-vacunas-se-ensayaron-con-la-poblacion\/","title":{"rendered":"El Covid: &#8220;Las vacunas se ensayaron con la poblaci\u00f3n&#8221;"},"content":{"rendered":"<p><span style=\"color: #000000;\"><strong>Autora del bet seller: lexandra Henrion Doctora en Gen\u00e9tica<\/strong><\/span><\/p>\n<p><span style=\"color: #000000;\"><strong>Los aprendices de brujo<\/strong><\/span><\/p>\n<p><span style=\"color: #000000;\"><strong>TODO LO QUE SE NOS OCULTA SOBRE EL ARN MENSAJERO<\/strong><\/span><\/p>\n<p><span style=\"color: #000000;\">lexandra Henrion Doctora en Gen\u00e9tica por la Universidad de Par\u00eds Diderot, fue durante dos d\u00e9cadas directora de Investigaci\u00f3n del Instituto Nacional de Salud de Francia (Inserm), despu\u00e9s de un posdoctorado en la Escuela de Medicina de Harvard (Boston). Durante a\u00f1os realiz\u00f3 importantes aportaciones en el estudio del ARN (\u00e1cido ribonucleico), algo que le llev\u00f3, seg\u00fan cuenta, a ser &#8220;invitada en todo el mundo&#8221; gracias a sus trabajos.<\/span><\/p>\n<p><span style=\"color: #000000;\">Sin embargo, asegura que todo eso cambi\u00f3 con la llegada del Covid-19. A partir de entonces, explica, la prensa pas\u00f3 a &#8220;desacreditarla y tratar de silenciarla&#8221; por ir en contra del discurso mayoritario dentro de la comunidad cient\u00edfica.<\/span><\/p>\n<p><span style=\"color: #000000;\"><a style=\"color: #000000;\" href=\"https:\/\/www.joventaoista.org\/wp-content\/uploads\/2023\/09\/Captura-de-Pantalla-2023-09-22-a-las-12.03.25-p.-m.png\"><img loading=\"lazy\" decoding=\"async\" class=\" wp-image-49235 alignright\" src=\"https:\/\/www.joventaoista.org\/wp-content\/uploads\/2023\/09\/Captura-de-Pantalla-2023-09-22-a-las-12.03.25-p.-m.png\" alt=\"\" width=\"224\" height=\"329\" srcset=\"https:\/\/www.joventaoista.org\/wp-content\/uploads\/2023\/09\/Captura-de-Pantalla-2023-09-22-a-las-12.03.25-p.-m.png 363w, https:\/\/www.joventaoista.org\/wp-content\/uploads\/2023\/09\/Captura-de-Pantalla-2023-09-22-a-las-12.03.25-p.-m-204x300.png 204w\" sizes=\"(max-width: 224px) 100vw, 224px\" \/><\/a>Entre otras cosas, Henrion sostiene que &#8220;el ser humano es responsable de la aparici\u00f3n de este virus&#8221;. Y se muestra muy cr\u00edtica con la vacuna, que afirma que no detuvo la epidemia y s\u00ed tiene, en cambio, una lista casi interminable de efectos secundarios. Y todo, siempre seg\u00fan su discurso, porque se comenz\u00f3 a comercializar sin haber pasado la fase de prueba y se vendi\u00f3 por los gobiernos del mundo como &#8220;la \u00fanica opci\u00f3n posible&#8221;.<\/span><\/p>\n<p><span style=\"color: #000000;\">Ahora acaba de publicar en nuestro pa\u00eds Los aprendices de brujo. Un libro en el que relata &#8220;todo lo que se nos oculta sobre el ARN mensajero&#8221; utilizado en las vacunas del Covid, que est\u00e1 basado en decenas de estudios cient\u00edficos que ella misma referencia en la publicaci\u00f3n. En Francia ha sido un bombazo: m\u00e1s de 130.000 copias vendidas que la han catapultado al n\u00famero uno. Pero tambi\u00e9n ha generado una gran pol\u00e9mica.<\/span><\/p>\n<p><span style=\"color: #000000;\">El libro, eso s\u00ed, incluye una nota del editor que explica que Henrion trata de establecer &#8220;un an\u00e1lisis y una posici\u00f3n cr\u00edtica&#8221; respecto a la vacuna del Covid. Y, aunque admite que &#8220;en determinados aspectos, se sit\u00faa en una posici\u00f3n contraria a la del Consejo Cient\u00edfico&#8221;, explica que &#8220;no debe ser considerado como una incitaci\u00f3n a rechazar vacunas, sino como una contribuci\u00f3n a la reflexi\u00f3n general sobre este tema&#8221;.<\/span><\/p>\n<p><span style=\"color: #000000;\"><strong>Pregunta: Empecemos por lo m\u00e1s simple. \u00bfPodr\u00eda darme una explicaci\u00f3n b\u00e1sica de qu\u00e9 es el ARN y qu\u00e9 es el ARN mensajero?<\/strong><\/span><\/p>\n<p><span style=\"color: #000000;\">Respuesta: Son definiciones muy abstractas, as\u00ed que lo ideal es que cada uno lo comprenda a su ritmo. Por eso escrib\u00ed el libro. Pero, en resumen, el ARN es un lenguaje gen\u00e9tico de la vida, cuya funci\u00f3n es ser el intermediario entre el ADN y las prote\u00ednas. Si utilizamos como ejemplo un ordenador, el ADN ser\u00eda el disco duro. Las prote\u00ednas ser\u00edan todo el equipamiento, desde la pantalla a los botones. Y el ARN se encargar\u00eda de la conectividad. Y por otro lado est\u00e1 el ARN mensajero, que es uno de los tipos de mol\u00e9cula que hay en esta gran familia y tiene la instrucci\u00f3n de producir una prote\u00edna.<\/span><\/p>\n<p><span style=\"color: #000000;\"><strong>P: \u00bfCu\u00e1les son las diferencias entre ARN natural y el ARN artificial que se us\u00f3 en las vacunas del COVID?<\/strong><\/span><\/p>\n<p><span style=\"color: #000000;\">R: El ARN artificial tiene un idioma gen\u00e9tico diferente, y es mucho m\u00e1s resistente a la degradaci\u00f3n. Meses despu\u00e9s de la inyecci\u00f3n de la vacuna lo seguimos viendo en el cuerpo. Y, con la informaci\u00f3n de la que yo dispongo, no sabemos cu\u00e1nto tiempo dura en nuestro organismo.<\/span><\/p>\n<p><span style=\"color: #000000;\"><strong>P: Usted habla de que el ARN tiene un potencial muy grande para muchas cosas, incluida la cura de enfermedades. Expl\u00edqueme por qu\u00e9.<\/strong><\/span><\/p>\n<p><span style=\"color: #000000;\">R: Se han conseguido tratamientos con ARN que han sido exitosos. En el libro, de hecho, menciono 12 medicamentos que est\u00e1n hechos a base de ARN, que han salido al mercado y est\u00e1n aprobados. Pero jam\u00e1s se han aprobado medicamentos ni vacunas con ARN mensajero. A lo largo de 20 a\u00f1os se hicieron varios intentos, pero nunca pasaron de la fase dos en los ensayos cl\u00ednicos de las cuatro que hay.<\/span><\/p>\n<p><span style=\"color: #000000;\">Pero lo importante no es lo que yo diga, sino yo lo que dicen los dirigentes de, por ejemplo, Pfizer y Moderna. En su d\u00eda aseguraron que sab\u00edan lo que estaban haciendo y conoc\u00edan bien el tema, pero era falso. De hecho, en marzo de 2022 el director general de Pfizer declar\u00f3 en el Washington Post que la tecnolog\u00eda con ARN mensajero jam\u00e1s ha dado resultados hasta ahora. Ni una vacuna, ni ning\u00fan otro medicamento.<\/span><\/p>\n<p><span style=\"color: #000000;\"><strong>P: Y entonces, \u00bfpor qu\u00e9 se apost\u00f3 por una vacuna con ARN mensajero para el Covid?<\/strong><\/span><\/p>\n<p><span style=\"color: #000000;\">R: Es una buena pregunta. Ni idea, es incomprensible. No tiene sentido. Lo normal despu\u00e9s de estar 20 a\u00f1os intentando sacar adelante medicamentos con ARN mensajero sin \u00e9xito es que los cient\u00edficos paren y se pregunten si merece la pena seguir investigando o no. Pero vivimos en un mundo con muchos intereses econ\u00f3micos, y hay inversores que inyectaron mucho dinero, sobre todo en Moderna y en BioNTech. Y quieren que haya una rentabilidad.<\/span><\/p>\n<p><span style=\"color: #000000;\">Esa podr\u00eda ser una de las causas. El problema es que se obstinan en insistir en una tecnolog\u00eda que no funciona. Es decir, la tecnolog\u00eda s\u00ed funciona, y producir esas prote\u00ednas es una proeza t\u00e9cnica y un negocio. Pero luego todo eso no provoca beneficios en la salud.<\/span><\/p>\n<p><span style=\"color: #000000;\"><strong>P: Dice que no se crey\u00f3 la historia del pangol\u00edn y del murci\u00e9lago como origen del Covid. \u00bfC\u00f3mo cree que surgi\u00f3 entonces?<\/strong><\/span><\/p>\n<p><span style=\"color: #000000;\">R: Lo supe por el an\u00e1lisis gen\u00e9tico de la secuencia del virus en enero de 2020. Ah\u00ed ya se ve\u00eda claramente que hab\u00eda una l\u00f3gica de creaci\u00f3n humana. Y as\u00ed es como se crean los virus. Es peligroso. Lo que no entiendo es que ahora, tres a\u00f1os despu\u00e9s, la revista Nature diga que la hip\u00f3tesis del origen animal es casi nula, porque se dispon\u00eda de esa informaci\u00f3n desde el principio.<\/span><\/p>\n<p><span style=\"color: #000000;\">Es dif\u00edcil de comprender que sabiendo todo esto desde hace mucho tiempo se condenara de forma tan rotunda a las personas que pusieron en duda la teor\u00eda del origen animal del virus. Esto ha constituido una censura intracient\u00edfica que no ten\u00eda fundamento, puesto que no se pod\u00edan tener certezas. Yo hab\u00eda vivido una falta de inter\u00e9s, por ejemplo, en torno a mi trabajo. Pero nunca he conocido una condena tan rotunda respecto a formular teor\u00edas.<\/span><\/p>\n<p><span style=\"color: #000000;\"><strong><img loading=\"lazy\" decoding=\"async\" class=\"alignright\" src=\"https:\/\/www.comunidad.madrid\/sites\/default\/files\/styles\/block_teaser_image_horizontal\/public\/doc\/sanidad\/prev\/syringe-5873159_1920.jpg?itok=gDSyIV49\" alt=\"COVID-19. Prevenci\u00f3n y consejos para la ciudadan\u00eda | Comunidad de Madrid\" width=\"386\" height=\"217\" \/>P: \u00bfConsidera entonces que ha sido un virus fabricado por el hombre?<\/strong><\/span><\/p>\n<p><span style=\"color: #000000;\">R: Para tener la certeza de que es un virus creado por el humano har\u00eda falta ver el cuaderno de laboratorio, que posiblemente ya no exista porque se haya destruido. Pero lo que s\u00ed es interesante es que se ha visto que hay secuencias que existen en la prote\u00edna Spike y en el virus que tienen trazas testimoniales de que han sido patentadas por Moderna en 2017. Cuando se le pregunt\u00f3 al jefe de Moderna c\u00f3mo era posible que una patente suya estuviera ah\u00ed dijo que no lo sab\u00eda, y que le preguntar\u00eda a los cient\u00edficos. Y todav\u00eda estamos esperando la respuesta.<\/span><\/p>\n<p><span style=\"color: #000000;\"><strong>P: \u00bfQu\u00e9 diferencias ve entre la vacuna del Covid y el resto de vacunas que se han aprobado?<\/strong><\/span><\/p>\n<p><span style=\"color: #000000;\">R: Hay tres enfermedades para las que la ciencia no ha conseguido que la vacunaci\u00f3n sea exitosa ni en animales ni en humanos, porque hay m\u00e1s peligro vacun\u00e1ndose que sin vacunarse. Son el Coronavirus, la bronquiolitis y el dengue.<\/span><\/p>\n<p><span style=\"color: #000000;\">El problema de la vacuna del Covid es que el cuerpo produce efectivamente anticuerpos, pero no neutraliza el virus. Son dos cuestiones distintas. Por eso para muchos fue una sorpresa cuando se la pusieron, porque pensaban que no se contagiar\u00edan m\u00e1s veces ni podr\u00edan contagiar a los dem\u00e1s, cuando la realidad es que muchos tuvieron la enfermedad despu\u00e9s de vacunarse, incluso varias veces, y siguieron transmiti\u00e9ndosela al resto. Pero esto no lo explicaron.<\/span><\/p>\n<p><span style=\"color: #000000;\">Adem\u00e1s, otra diferencia es que normalmente se tarda diez a\u00f1os, en el mejor de los casos, en desarrollar una vacuna. En este caso fueron diez meses. Y fue una proeza gracias a los pol\u00edticos, puesto que los gobiernos aceptaron que los ensayos cl\u00ednicos no tuvieran lugar en el laboratorio, como se hace normalmente, sino en la poblaci\u00f3n general. Se lanz\u00f3 y se dijo &#8216;Bueno, a ver ahora qu\u00e9 pasa&#8217;.<\/span><\/p>\n<p><span style=\"color: #000000;\">En ese sentido fue una vacuna revolucionaria. Adem\u00e1s, como he explicado, se llevaron a cabo estos ensayos cl\u00ednicos cuando sab\u00edamos que la tecnolog\u00eda del ARN mensajero nunca hab\u00eda funcionado. Y la \u00faltima diferencia es que jam\u00e1s se ha visto una vacuna con tantos efectos secundarios como esta.<\/span><\/p>\n<p><span style=\"color: #000000;\"><strong>P: \u00bfLa vacuna redujo la tasa de mortalidad?<\/strong><\/span><\/p>\n<p><span style=\"color: #000000;\">R: En varios pa\u00edses como Israel, Inglaterra y Emiratos \u00c1rabes Unidos se constat\u00f3 que cada vez que comenzaba la campa\u00f1a de vacunaci\u00f3n se sufr\u00eda el peor pico de mortalidad por el Covid. En algunos casos casi se duplic\u00f3 esa mortalidad. De hecho, el ministro de Salud israel\u00ed se sorprend\u00eda porque dos semanas despu\u00e9s de comenzar la vacunaci\u00f3n el 11% de la poblaci\u00f3n dio positivo.<\/span><\/p>\n<p><span style=\"color: #000000;\"><strong>P: En el libro explicas que no podemos descartar que la vacuna pueda ser t\u00f3xica, ni tampoco que nos pueda modificar gen\u00e9ticamente. \u00bfQu\u00e9 implicar\u00eda esto de ser realmente as\u00ed?<\/strong><\/span><\/p>\n<p><span style=\"color: #000000;\">R: Respecto a la toxicidad, es una cuesti\u00f3n interesante, puesto que en todas las vacunas anticovid se ha utilizado la prote\u00edna Spike. Y existe una literatura cient\u00edfica abundante que habla sobre los niveles de toxicidad que esta prote\u00edna puede provocar.<\/span><\/p>\n<p><span style=\"color: #000000;\">Y luego, con respecto a la modificaci\u00f3n gen\u00e9tica, yo prefiero hablar siempre de la modificaci\u00f3n del patrimonio gen\u00e9tico. Porque es una cuesti\u00f3n que afecta a todo el mundo que recibe el ARN. Las consecuencias pueden ser vertiginosas, y se desconoce el impacto que puede tener.<\/span><\/p>\n<p><span style=\"color: #000000;\">Lo que s\u00ed vemos es lo que est\u00e1 pasando ahora mismo en los hospitales, donde se constata que hay m\u00e1s mortalidad y m\u00e1s casos de abortos espont\u00e1neos. Y lo sorprendente es que no se relaciona esto con las vacunas, aunque podr\u00eda ser una hip\u00f3tesis de lo qu\u00e9 est\u00e1 sucediendo.<\/span><\/p>\n<p><span style=\"color: #000000;\">La cuesti\u00f3n es que se alteran las mitocondrias, que son como las centrales energ\u00e9ticas. Se puede producir fatiga, disfunciones en los ovarios y test\u00edculos y una alteraci\u00f3n del sistema inmunitario. En definitiva, un sistema m\u00e1s d\u00e9bil, que provoca m\u00e1s enfermedades y mayor vulnerabilidad, lo que al final se traduce en un mayor n\u00famero de muertes.<\/span><\/p>\n<p><span style=\"color: #000000;\"><strong>P: Usted alerta de los numerosos peligros de la vacuna, pero no nos est\u00e1n llegando noticias de que se est\u00e9 produciendo nada fuera de lo com\u00fan. \u00bfSe est\u00e1n silenciando los casos de gente afectada?<\/strong><\/span><\/p>\n<p><span style=\"color: #000000;\">R: Me sorprende esto, porque en los pa\u00edses escandinavos, en el norte de Europa y en Israel, por ejemplo, se han paralizado las vacunaciones a los j\u00f3venes. En Israel se constat\u00f3 que hab\u00eda un 10% de las mujeres que ve\u00edan modificado su ciclo menstrual. Y otro ejemplo ser\u00eda el aumento de los casos de miocarditis en la poblaci\u00f3n joven, algo que llama mucho la atenci\u00f3n porque es una enfermedad poco frecuente.<\/span><\/p>\n<p><span style=\"color: #000000;\">Luego en la calle hay mucha gente que se queja de estar cansada y de tener v\u00e9rtigos y ac\u00fafenos. Y hay tambi\u00e9n casos de c\u00e1ncer muy muy agresivos, que se desarrollan tan r\u00e1pido que no da tiempo a aplicar la quimio. De hecho, el ministro de Salud de Alemania se excus\u00f3 p\u00fablicamente por las v\u00edctimas de la vacuna, porque las cifras que manejan ellos es que hay un caso grave por cada 5.000 vacunados. Y cuando hablamos de casos graves nos referimos a aquellos que cambian la vida del paciente por completo.<\/span><\/p>\n<p><span style=\"color: #000000;\">Por eso me sorprende que en Espa\u00f1a no se vea esto con tanta claridad. Puede ser que se\u00e1is una excepci\u00f3n. Ojal\u00e1, porque eso ser\u00eda maravilloso.<\/span><\/p>\n<p><span style=\"color: #000000;\">[Despu\u00e9s de responder a esta pregunta, Henrion coge su ordenador. Hace una b\u00fasqueda en espa\u00f1ol, pero se muestra &#8220;s\u00faper sorprendida&#8221; de que &#8220;no hay informaci\u00f3n&#8221; en nuestro idioma. &#8220;Si buscas en ingl\u00e9s encontrar\u00e1s muchas noticias en Google pero si escribes en espa\u00f1ol no hay noticias&#8221;, comenta.<\/span><\/p>\n<p><span style=\"color: #000000;\">Tras varios minutos de b\u00fasqueda, finalmente encuentra una noticia del diario Expansi\u00f3n que dice as\u00ed: &#8220;El riesgo de miocarditis en j\u00f3venes aumenta tras la segunda dosis de la vacuna de ARNm&#8221;. Y se da por satisfecha, aunque apostilla que, de hecho, &#8220;el riesgo aumenta con cada dosis, y se va acumulando&#8221;, lo que es &#8220;un indicio de que la causa puede ser la vacuna&#8221;.]<\/span><\/p>\n<p><span style=\"color: #000000;\"><strong>P: \u00bfPor qu\u00e9 cree que los Gobiernos del mundo han incentivado a la gente a que se vacune? \u00bfQu\u00e9 han ganado ellos?<\/strong><\/span><\/p>\n<p><span style=\"color: #000000;\">R: Esto escapa de mis competencias. Son cuestiones pol\u00edticas, no es algo que me corresponda profesionalmente. Pero numerosos pol\u00edticos dijeron que la \u00fanica soluci\u00f3n era la vacuna. A pesar de que no hab\u00eda una justificaci\u00f3n para centrarse s\u00f3lo en eso. Podr\u00edan haber preguntado a los veterinarios, porque hay muchos casos de coronavirus en animales y ellos saben que las vacunas no funcionaban contra ese virus.<\/span><\/p>\n<p><span style=\"color: #000000;\">La soluci\u00f3n no era la vacuna, sino lo que se hace en todas las epidemias, que son los antibi\u00f3ticos. Hay un estudio que ha analizado la gripe espa\u00f1ola y otras pandemias que explica que la gente no muere del virus, sino de las infecciones bacterianas. As\u00ed que lo que se necesitaba era aplicar el antibi\u00f3tico, que es lo que ya se hac\u00eda sin saberlo en 2019, con los casos que hab\u00eda de coronavirus. Porque en marzo de 2019 el virus ya estaba circulando por el mundo. Se ha visto en muestras de aguas fecales y en pacientes que ten\u00edan anticuerpos.<\/span><\/p>\n<p><span style=\"color: #000000;\"><strong>P: \u00bfCu\u00e1l fue la acogida del libro en Francia? \u00bfRecibi\u00f3 amenazas y presiones de alg\u00fan tipo?<\/strong><\/span><\/p>\n<p><span style=\"color: #000000;\">R: Voy a ce\u00f1irme a los hechos, que es lo que a m\u00ed me gusta. Lo cierto es que sin marketing, sin promoci\u00f3n y sin art\u00edculos period\u00edsticos el libro sali\u00f3 en Francia y fue n\u00famero uno muy r\u00e1pido. Se ha producido un fen\u00f3meno editorial. No esperaba que un libro cient\u00edfico pudiera suscitar tanto inter\u00e9s.<\/span><\/p>\n<p><span style=\"color: #000000;\">La pregunta es \u00bfse hacen muchos amigos cuando se es n\u00famero uno? Bueno, se hacen muchos amigos y tambi\u00e9n muchos enemigos. Y hay personas que no dudan en pasar las amenazas y que no entran en la esfera del debate, que es lo que yo propongo. Yo quiero que se lea el libro, se lean las referencias, que solamente son oficiales, y se vea si estamos de acuerdo o no con toda esta evidencia cient\u00edfica. Todo lo que yo digo se basa en hechos que demuestran el fracaso de la vacuna.<\/span><\/p>\n<p><span style=\"color: #000000;\"><strong>P: Algunos cr\u00edticos le acusan de ser de ultraderecha. \u00bfQu\u00e9 opina?<\/strong><\/span><\/p>\n<p><span style=\"color: #000000;\">R: Es curioso que digan eso, porque yo nunca he tenido una posici\u00f3n pol\u00edtica. Siempre he permanecido muy lejos. Y hablando de ciencia, se me acusa de ser de extrema derecha. En su momento, cuando cumpl\u00ed los 18 a\u00f1os y pude votar, investigu\u00e9 a todos los partidos y ninguno me convenci\u00f3. Por eso me considero una hu\u00e9rfana de la pol\u00edtica. Est\u00e1n en las ant\u00edpodas de lo que yo pienso. As\u00ed que estas cosas, que son falsas, para lo \u00fanico que sirven es para descalificar.<\/span><\/p>\n<p><span style=\"color: #000000;\"><strong>P: Dejando de lado el Covid, \u00bfcu\u00e1l es su opini\u00f3n respecto a las vacunas en general?<\/strong><\/span><\/p>\n<p><span style=\"color: #000000;\">R: El problema que yo tengo es con las vacunas que han mostrado ser problem\u00e1ticas, que son las tres que he mencionado anteriormente. Pero a partir de ah\u00ed no tengo ning\u00fan otro problema con ninguna vacuna.<\/span><\/p>\n<p><span style=\"color: #000000;\">Lo que s\u00ed veo es que los organismos repiten constantemente que las vacunas son la \u00fanica soluci\u00f3n. Y yo soy genetista y conozco la complejidad del patrimonio gen\u00e9tico. Y s\u00e9 que las vacunas no son la soluci\u00f3n para todo el mundo. Es un soluci\u00f3n entre otras. No puede haber una respuesta \u00fanica y no se puede imponer la vacunaci\u00f3n.<\/span><\/p>\n<p><span style=\"color: #000000;\"><strong>P: \u00bfUsted se vacun\u00f3?<\/strong><\/span><\/p>\n<p><span style=\"color: #000000;\">R: Voy a responder de la misma manera que ha respondido el presidente de la Rep\u00fablica Francesa: es un secreto m\u00e9dico. Y hay que volver a esa idea de que efectivamente, lo es. La salud no tiene que ser motivo de discriminaci\u00f3n, ni para acceder a un trabajo, ni para vivir en sociedad.<\/span><\/p>\n<p><span style=\"color: #000000;\">Me gustar\u00eda que mi respuesta fuese una invitaci\u00f3n para los dem\u00e1s, para que el resto respondiera de la misma forma que yo y se protejan. Porque adem\u00e1s, yo que trabajo con enfermedades gen\u00e9ticas s\u00e9 hasta qu\u00e9 punto puede afectar la discriminaci\u00f3n. A la gente se le estigmatiza y se le pone una etiqueta cuando tiene una enfermedad gen\u00e9tica. Se les margina. Y yo estoy muy sensibilizada con el tema.<\/span><\/p>\n<p><span style=\"color: #000000;\">fuentes:<\/span><\/p>\n<blockquote class=\"wp-embedded-content\" data-secret=\"WGbRP2DzrN\"><p><a href=\"https:\/\/www.elindependiente.com\/futuro\/2023\/09\/21\/la-polemica-genetista-que-cuestiona-todo-lo-que-nos-dijeron-del-covid-las-vacunas-se-ensayaron-con-la-poblacion\/\">La pol\u00e9mica genetista que cuestiona todo lo que nos dijeron del Covid: &#8220;Las vacunas se ensayaron con la poblaci\u00f3n&#8221;<\/a><\/p><\/blockquote>\n<p><iframe loading=\"lazy\" class=\"wp-embedded-content\" sandbox=\"allow-scripts\" security=\"restricted\" style=\"position: absolute; clip: rect(1px, 1px, 1px, 1px);\" title=\"\u00abLa pol\u00e9mica genetista que cuestiona todo lo que nos dijeron del Covid: &quot;Las vacunas se ensayaron con la poblaci\u00f3n&quot;\u00bb \u2014 El Independiente\" src=\"https:\/\/www.elindependiente.com\/futuro\/2023\/09\/21\/la-polemica-genetista-que-cuestiona-todo-lo-que-nos-dijeron-del-covid-las-vacunas-se-ensayaron-con-la-poblacion\/embed\/#?secret=ZTa09LPzXL#?secret=WGbRP2DzrN\" data-secret=\"WGbRP2DzrN\" width=\"600\" height=\"338\" frameborder=\"0\" marginwidth=\"0\" marginheight=\"0\" scrolling=\"no\"><\/iframe><\/p>\n<blockquote class=\"wp-embedded-content\" data-secret=\"i9Vdbzk7od\"><p><a href=\"https:\/\/www.esferalibros.com\/libros\/los-aprendices-de-brujo-2\/\">Los aprendices de brujo<\/a><\/p><\/blockquote>\n<p><iframe loading=\"lazy\" class=\"wp-embedded-content\" sandbox=\"allow-scripts\" security=\"restricted\" style=\"position: absolute; clip: rect(1px, 1px, 1px, 1px);\" title=\"\u00abLos aprendices de brujo\u00bb \u2014 La Esfera de los Libros\" src=\"https:\/\/www.esferalibros.com\/libros\/los-aprendices-de-brujo-2\/embed\/#?secret=DQpNCDtwa6#?secret=i9Vdbzk7od\" data-secret=\"i9Vdbzk7od\" width=\"600\" height=\"338\" frameborder=\"0\" marginwidth=\"0\" marginheight=\"0\" scrolling=\"no\"><\/iframe><\/p>\n<p><span style=\"color: #000000;\">Puedes leer fragmento del libro en el siguiente enlace:<\/span><\/p>\n<p><span style=\"color: #0000ff;\">https:\/\/www.esferalibros.com\/wp-content\/uploads\/2023\/08\/Paginas-desdeAprendices-de-brujo.pdf<\/span><\/p>\n","protected":false},"excerpt":{"rendered":"<p>Autora del bet seller: lexandra Henrion Doctora en Gen\u00e9tica Los aprendices de brujo TODO LO QUE SE NOS OCULTA SOBRE EL ARN MENSAJERO lexandra Henrion Doctora en Gen\u00e9tica por la Universidad de Par\u00eds Diderot, fue durante dos d\u00e9cadas directora de Investigaci\u00f3n del Instituto Nacional de Salud de Francia (Inserm), despu\u00e9s de un posdoctorado en la [&hellip;]<\/p>\n","protected":false},"author":6,"featured_media":49241,"comment_status":"open","ping_status":"open","sticky":false,"template":"","format":"standard","meta":{"_et_pb_use_builder":"","_et_pb_old_content":"","_et_gb_content_width":"","footnotes":""},"categories":[133,96],"tags":[4960,4961],"class_list":["post-49233","post","type-post","status-publish","format-standard","has-post-thumbnail","hentry","category-destakados","category-siencia-eo","tag-covid","tag-vacunas-eo"],"_links":{"self":[{"href":"https:\/\/www.joventaoista.org\/eo\/wp-json\/wp\/v2\/posts\/49233","targetHints":{"allow":["GET"]}}],"collection":[{"href":"https:\/\/www.joventaoista.org\/eo\/wp-json\/wp\/v2\/posts"}],"about":[{"href":"https:\/\/www.joventaoista.org\/eo\/wp-json\/wp\/v2\/types\/post"}],"author":[{"embeddable":true,"href":"https:\/\/www.joventaoista.org\/eo\/wp-json\/wp\/v2\/users\/6"}],"replies":[{"embeddable":true,"href":"https:\/\/www.joventaoista.org\/eo\/wp-json\/wp\/v2\/comments?post=49233"}],"version-history":[{"count":3,"href":"https:\/\/www.joventaoista.org\/eo\/wp-json\/wp\/v2\/posts\/49233\/revisions"}],"predecessor-version":[{"id":49248,"href":"https:\/\/www.joventaoista.org\/eo\/wp-json\/wp\/v2\/posts\/49233\/revisions\/49248"}],"wp:featuredmedia":[{"embeddable":true,"href":"https:\/\/www.joventaoista.org\/eo\/wp-json\/wp\/v2\/media\/49241"}],"wp:attachment":[{"href":"https:\/\/www.joventaoista.org\/eo\/wp-json\/wp\/v2\/media?parent=49233"}],"wp:term":[{"taxonomy":"category","embeddable":true,"href":"https:\/\/www.joventaoista.org\/eo\/wp-json\/wp\/v2\/categories?post=49233"},{"taxonomy":"post_tag","embeddable":true,"href":"https:\/\/www.joventaoista.org\/eo\/wp-json\/wp\/v2\/tags?post=49233"}],"curies":[{"name":"wp","href":"https:\/\/api.w.org\/{rel}","templated":true}]}}