{"id":49598,"date":"2024-01-24T21:53:56","date_gmt":"2024-01-24T21:53:56","guid":{"rendered":"https:\/\/www.joventaoista.org\/?p=49598"},"modified":"2024-01-24T21:57:50","modified_gmt":"2024-01-24T21:57:50","slug":"senti-la-muerte-fui-curada-por-el-vm-kelium-zeus-y-el-vm-samael-maestra-esther-prohibido-olvidar","status":"publish","type":"post","link":"https:\/\/www.joventaoista.org\/eo\/senti-la-muerte-fui-curada-por-el-vm-kelium-zeus-y-el-vm-samael-maestra-esther-prohibido-olvidar\/","title":{"rendered":"&#8220;Sent\u00ed la muerte&#8221;.Fui curada por el VM KELIUM ZEUS Y EL VM SAMAEL-Maestra Esther-PROHIBIDO OLVIDAR."},"content":{"rendered":"<p>La venerable Maestra Eshter siendo una monje antigua, destacada por una vida de entrega a la Obra de DIOS, tubo ese grato y privilegio convivir con los Venerables Maestros Jah Kelium Zeus Induzeus y el Venerable Maestro Samael Joav Bathor Wehor y toda su familia, conform\u00e1ndose como un miembro m\u00e1s de esa gran familia que se juntaban en torno a estos estafetas de DIOS, oigamos de sus m\u00faltiples correr\u00edas entre sonrisas y l\u00e1grimas un vida de ense\u00f1anzas.<\/p>\n<p align=\"center\"><a href=\"https:\/\/www.joventaoista.org\/wp-content\/uploads\/2024\/01\/Captura-de-pantalla-2024-01-23-a-las-6.14.28-p.-m-1024x542.png\"><img loading=\"lazy\" decoding=\"async\" class=\"alignnone wp-image-49572\" src=\"https:\/\/www.joventaoista.org\/wp-content\/uploads\/2024\/01\/Captura-de-pantalla-2024-01-23-a-las-6.14.28-p.-m-1024x542.png\" alt=\"\" width=\"508\" height=\"269\" \/><\/a><\/p>\n<p align=\"center\"><iframe loading=\"lazy\" title=\"&quot;Sent\u00ed la muerte&quot;.Fui curada por el VM KELIUM ZEUS Y EL VM SAMAEL-Maestra Esther-PROHIBIDO OLVIDAR.\" width=\"1080\" height=\"608\" src=\"https:\/\/www.youtube.com\/embed\/lZID7Abww8Q?feature=oembed\"  allow=\"accelerometer; autoplay; clipboard-write; encrypted-media; gyroscope; picture-in-picture; web-share\" allowfullscreen><\/iframe><\/p>\n","protected":false},"excerpt":{"rendered":"<p>La venerable Maestra Eshter siendo una monje antigua, destacada por una vida de entrega a la Obra de DIOS, tubo ese grato y privilegio convivir con los Venerables Maestros Jah Kelium Zeus Induzeus y el Venerable Maestro Samael Joav Bathor Wehor y toda su familia, conform\u00e1ndose como un miembro m\u00e1s de esa gran familia que [&hellip;]<\/p>\n","protected":false},"author":6,"featured_media":49594,"comment_status":"open","ping_status":"open","sticky":false,"template":"","format":"standard","meta":{"_et_pb_use_builder":"","_et_pb_old_content":"","_et_gb_content_width":"","footnotes":""},"categories":[3769],"tags":[3310,4968,3309,3703,1652,3311,4970],"class_list":["post-49598","post","type-post","status-publish","format-standard","has-post-thumbnail","hentry","category-prohivido-olvidar-eo","tag-bathor","tag-induzeus","tag-joav","tag-kelium-eo","tag-samael-eo","tag-wehor","tag-zeus-eo"],"_links":{"self":[{"href":"https:\/\/www.joventaoista.org\/eo\/wp-json\/wp\/v2\/posts\/49598","targetHints":{"allow":["GET"]}}],"collection":[{"href":"https:\/\/www.joventaoista.org\/eo\/wp-json\/wp\/v2\/posts"}],"about":[{"href":"https:\/\/www.joventaoista.org\/eo\/wp-json\/wp\/v2\/types\/post"}],"author":[{"embeddable":true,"href":"https:\/\/www.joventaoista.org\/eo\/wp-json\/wp\/v2\/users\/6"}],"replies":[{"embeddable":true,"href":"https:\/\/www.joventaoista.org\/eo\/wp-json\/wp\/v2\/comments?post=49598"}],"version-history":[{"count":3,"href":"https:\/\/www.joventaoista.org\/eo\/wp-json\/wp\/v2\/posts\/49598\/revisions"}],"predecessor-version":[{"id":49601,"href":"https:\/\/www.joventaoista.org\/eo\/wp-json\/wp\/v2\/posts\/49598\/revisions\/49601"}],"wp:featuredmedia":[{"embeddable":true,"href":"https:\/\/www.joventaoista.org\/eo\/wp-json\/wp\/v2\/media\/49594"}],"wp:attachment":[{"href":"https:\/\/www.joventaoista.org\/eo\/wp-json\/wp\/v2\/media?parent=49598"}],"wp:term":[{"taxonomy":"category","embeddable":true,"href":"https:\/\/www.joventaoista.org\/eo\/wp-json\/wp\/v2\/categories?post=49598"},{"taxonomy":"post_tag","embeddable":true,"href":"https:\/\/www.joventaoista.org\/eo\/wp-json\/wp\/v2\/tags?post=49598"}],"curies":[{"name":"wp","href":"https:\/\/api.w.org\/{rel}","templated":true}]}}