{"id":7358,"date":"2013-12-17T03:58:26","date_gmt":"2013-12-17T03:58:26","guid":{"rendered":"https:\/\/www.joventaoista.org\/?p=7358"},"modified":"2014-02-06T02:18:12","modified_gmt":"2014-02-06T02:18:12","slug":"18-festival-mundial-de-la-juventud-y-los-estudiantes","status":"publish","type":"post","link":"https:\/\/www.joventaoista.org\/eo\/18-festival-mundial-de-la-juventud-y-los-estudiantes\/","title":{"rendered":"18 festival mundial de la juventud y los estudiantes"},"content":{"rendered":"<p>Estimados hermagdus\u00a0 y hermanos del mundo siempre con el vivo deseo\u00a0 de levantar\u00a0 una\u00a0 conciencia ecol\u00f3gica que\u00a0 encuentre en el ser humano el principio de\u00a0 cambio de\u00a0 toda nuestra\u00a0 sociedad, \u00a0el\u00a0<strong><span style=\"color: #ff6600;\"> Levantasierto\u00a0 Juvenil Tao<\/span><\/strong> ha \u00a0sido invitado a el 18 Festival mundial de la Juventud de\u00a0 los estudiantes a llevarse a efecto en la\u00a0 ciudad de\u00a0 Quito, espacio en el\u00a0 cual\u00a0 se congregaron delegaciones juveniles de m\u00e1s de 83 pa\u00edses de los 5 continentes con m\u00e1s de 8.000 representantes de grupos progresistas\u00a0 que\u00a0 acudieron a levantar una\u00a0 unidad mundial anti Imperialista, anti capitalista y sobre todo una proclama de la\u00a0 libertar de los trabajadores en todo el mundo, se\u00a0 oyeron conferencias, conversatorios, foros y eventos \u00a0art\u00edsticos donde como es preciso el Levantasierto Juvenil Tao\u00a0 tuvo\u00a0 una delegaci\u00f3n de Monjes que\u00a0 viajaron desde el Templo Vegetal Sakroakuarios\u00a0 a\u00a0 acudir\u00a0 a este llamado por la libertad de\u00a0 los\u00a0 Pueblos que\u00a0 acompa\u00f1ados\u00a0 por\u00a0 un nutrido\u00a0 n\u00facleo de hermanos Tao\u00edstas del Ecuador, quienes estuvieron aportando en estos espacios una visi\u00f3n concientiva Tao\u00edsta del\u00a0 cambio a una \u00a0nueva\u00a0 era de un renacer social, pol\u00edtico, Economico y sobre todo\u00a0 Espiritual.<\/p>\n<p><a href=\"https:\/\/www.joventaoista.org\/wp-content\/uploads\/2013\/12\/DSC04093.jpg\"><img loading=\"lazy\" decoding=\"async\" class=\"wp-image-6979 aligncenter\" alt=\"DSC04093\" src=\"https:\/\/www.joventaoista.org\/wp-content\/uploads\/2013\/12\/DSC04093-1024x576.jpg\" width=\"368\" height=\"208\" srcset=\"https:\/\/www.joventaoista.org\/wp-content\/uploads\/2013\/12\/DSC04093-1024x576.jpg 1024w, https:\/\/www.joventaoista.org\/wp-content\/uploads\/2013\/12\/DSC04093-600x337.jpg 600w, https:\/\/www.joventaoista.org\/wp-content\/uploads\/2013\/12\/DSC04093.jpg 700w\" sizes=\"(max-width: 368px) 100vw, 368px\" \/><\/a><\/p>\n<p>El anti imperialismo debe ser\u00a0 una\u00a0 lucha objetiva y\u00a0 constante, pues\u00a0 hay\u00a0 muchos\u00a0 que se llaman\u00a0 a si mismos\u00a0 revolucionarios, de izquierda,\u00a0 comunistas o\u00a0 socialistas y por\u00a0 consiguiente detractores del\u00a0 genocida sistema\u00a0 capitalista y del imperio sionista que en la\u00a0 actualidad\u00a0 tortura a\u00a0\u00a0 la humanidad\u00a0 con sus infames sistemas de sometimiento a las masas, a trav\u00e9s \u00a0\u00a0de un\u00a0 monopolio\u00a0 financiero, de una degradante agricultura de transg\u00e9nicos, de tratados de libres\u00a0 comercios abusivos e inhumanos, que\u00a0 aplasta\u00a0 a los pa\u00edses y los\u00a0 someten\u00a0 a\u00a0 sus vej\u00e1menes perversos de imperialistas; nos\u00a0 como\u00a0 j\u00f3venes \u00a0Tao\u00edstas\u00a0 hacemos un llamado abierto a todos los\u00a0 grupos\u00a0 que\u00a0 luchan por una\u00a0 soberan\u00eda \u00a0en sus pa\u00edses, por una justicia leal a los derechos humanos, el respeto a la\u00a0 vida a\u00a0 una autonom\u00eda financiera \u00a0y a recuperar nuestra identidad\u00a0 cultural y nuestras\u00a0 ra\u00edces ancestrales de los\u00a0 pueblos\u00a0 que nos antecedieron y lucharon por una mejor calidad de vida para sus\u00a0 gentes, reacciones en\u00e9rgicamente ante\u00a0 la incongruencia de levantar nuestros\u00a0 brazos y nuestras voces en contra\u00a0 de ese\u00a0 imperio y\u00a0 llegar a los hipermercados, a los almacenes de ropa, a los establecimientos de comidas y tener la d\u00e9bil \u00a0convicci\u00f3n de lucha\u00a0 contra un imperio y\u00a0 en ese preciso momento convertirse en un financiador del imperio genocida, una vez\u00a0 mas\u00a0 vemos\u00a0 como en realidad\u00a0 el verdadero\u00a0 cambio inicia en la\u00a0 conciencia que se tiene en el diario vivir en lo que comemos, en lo que nos ponemos como trajes, en lo que miramos, en lo que\u00a0 o\u00edmos, esos son los\u00a0 verdaderos principios que dejan un legado pada la humanidad y una\u00a0 lucha\u00a0 que prevalece pues quien deja el consumo de los que\u00a0 producen las\u00a0multinacionales como coca cola, mc donald\u2019s, avon, nike, Hollywood, la bayer\u2026 etc<\/p>\n<p><img loading=\"lazy\" decoding=\"async\" class=\"wp-image-6984 aligncenter\" alt=\"996679_669746739736138_1636105253_n\" src=\"https:\/\/www.joventaoista.org\/wp-content\/uploads\/2013\/12\/996679_669746739736138_1636105253_n.jpg\" width=\"302\" height=\"227\" srcset=\"https:\/\/www.joventaoista.org\/wp-content\/uploads\/2013\/12\/996679_669746739736138_1636105253_n.jpg 720w, https:\/\/www.joventaoista.org\/wp-content\/uploads\/2013\/12\/996679_669746739736138_1636105253_n-600x450.jpg 600w, https:\/\/www.joventaoista.org\/wp-content\/uploads\/2013\/12\/996679_669746739736138_1636105253_n-300x225.jpg 300w\" sizes=\"(max-width: 302px) 100vw, 302px\" \/><\/p>\n<p>no solo va mejorar\u00a0 considerablemente \u00a0su\u00a0 salud\u00a0 f\u00edsica, mental y Espiritual, si no\u00a0 que a mas de eso estar\u00e1 \u00a0aportando a la econom\u00eda de su\u00a0 pa\u00eds consumiendo productos naturales y\u00a0 org\u00e1nicos\u00a0 apoya a nuestros aut\u00f3ctonos campesinos, visti\u00e9ndose con ropa\u00a0 nacional apoya\u00a0 las industrias nacionales, genera empleo\u00a0 y no es v\u00edctima de las mal sanas modas\u00a0 y materiales cancer\u00edgenos usados con fines\u00a0 oscuros, quien aprende y da uso\u00a0 a la medicina ancestral aprender\u00e1 la ciencia de la medicina preventiva sali\u00e9ndose del\u00a0 negocio\u00a0 que tiene las farmac\u00e9uticas \u00a0con la salud de los pueblos \u2026..<\/p>\n<p><a href=\"https:\/\/www.joventaoista.org\/wp-content\/uploads\/2013\/12\/DSC03937.jpg\"><img loading=\"lazy\" decoding=\"async\" class=\"wp-image-6977 aligncenter\" alt=\"DSC03937\" src=\"https:\/\/www.joventaoista.org\/wp-content\/uploads\/2013\/12\/DSC03937-1024x768.jpg\" width=\"393\" height=\"295\" srcset=\"https:\/\/www.joventaoista.org\/wp-content\/uploads\/2013\/12\/DSC03937-1024x768.jpg 1024w, https:\/\/www.joventaoista.org\/wp-content\/uploads\/2013\/12\/DSC03937-600x450.jpg 600w, https:\/\/www.joventaoista.org\/wp-content\/uploads\/2013\/12\/DSC03937-300x225.jpg 300w, https:\/\/www.joventaoista.org\/wp-content\/uploads\/2013\/12\/DSC03937.jpg 700w\" sizes=\"(max-width: 393px) 100vw, 393px\" \/><\/a><\/p>\n<p>Propuestas como estas\u00a0 y otros t\u00f3picos que\u00a0 vienen a entregar a el que busca la libertar a encontrar en su diario vivir\u00a0 una lucha y un porvenir plet\u00f3rico de triunfos pues\u00a0 cada persona\u00a0 que\u00a0 aprende estos\u00a0 buenos h\u00e1bitos los ense\u00f1a\u00a0 solo con su pr\u00e1ctica y as\u00ed se levanta una verdadera\u00a0 ola\u00a0 anti imperialista y que des aliena nuestros pa\u00edses de ese pulpo capitalista que somete atraves del sensacionalismo\u00a0 imperialista.<\/p>\n<p><a href=\"https:\/\/www.joventaoista.org\/wp-content\/uploads\/2013\/12\/DSC04170.jpg\"><img loading=\"lazy\" decoding=\"async\" class=\"wp-image-6982 aligncenter\" alt=\"DSC04170\" src=\"https:\/\/www.joventaoista.org\/wp-content\/uploads\/2013\/12\/DSC04170-1024x576.jpg\" width=\"368\" height=\"208\" srcset=\"https:\/\/www.joventaoista.org\/wp-content\/uploads\/2013\/12\/DSC04170-1024x576.jpg 1024w, https:\/\/www.joventaoista.org\/wp-content\/uploads\/2013\/12\/DSC04170-600x337.jpg 600w, https:\/\/www.joventaoista.org\/wp-content\/uploads\/2013\/12\/DSC04170.jpg 700w\" sizes=\"(max-width: 368px) 100vw, 368px\" \/><\/a><\/p>\n<p>&nbsp;<\/p>\n<p><a href=\"https:\/\/www.joventaoista.org\/wp-content\/uploads\/2013\/12\/1.jpg\"><img loading=\"lazy\" decoding=\"async\" class=\"wp-image-6987 aligncenter\" alt=\"1\" src=\"https:\/\/www.joventaoista.org\/wp-content\/uploads\/2013\/12\/1.jpg\" width=\"346\" height=\"259\" srcset=\"https:\/\/www.joventaoista.org\/wp-content\/uploads\/2013\/12\/1.jpg 960w, https:\/\/www.joventaoista.org\/wp-content\/uploads\/2013\/12\/1-600x450.jpg 600w, https:\/\/www.joventaoista.org\/wp-content\/uploads\/2013\/12\/1-300x225.jpg 300w\" sizes=\"(max-width: 346px) 100vw, 346px\" \/><\/a><\/p>\n","protected":false},"excerpt":{"rendered":"<p>Estimados hermagdus\u00a0 y hermanos del mundo siempre con el vivo deseo\u00a0 de levantar\u00a0 una\u00a0 conciencia ecol\u00f3gica que\u00a0 encuentre en el ser humano el principio de\u00a0 cambio de\u00a0 toda nuestra\u00a0 sociedad, \u00a0el\u00a0 Levantasierto\u00a0 Juvenil Tao ha \u00a0sido invitado a el 18 Festival mundial de la Juventud de\u00a0 los estudiantes a llevarse a efecto en la\u00a0 ciudad [&hellip;]<\/p>\n","protected":false},"author":1,"featured_media":6977,"comment_status":"open","ping_status":"open","sticky":false,"template":"","format":"standard","meta":{"_et_pb_use_builder":"","_et_pb_old_content":"","_et_gb_content_width":"","footnotes":""},"categories":[97],"tags":[674,63,596,584,143,411],"class_list":["post-7358","post","type-post","status-publish","format-standard","has-post-thumbnail","hentry","category-eventos-eo","tag-18-festival-mundial-de-la-juventud-y-los-estudiantes","tag-dios-kumido","tag-gran-templo-vegetal-sakroakuarius","tag-jah-kelim-zeus-induseus","tag-salud","tag-samael-joav-vathor-weor"],"_links":{"self":[{"href":"https:\/\/www.joventaoista.org\/eo\/wp-json\/wp\/v2\/posts\/7358","targetHints":{"allow":["GET"]}}],"collection":[{"href":"https:\/\/www.joventaoista.org\/eo\/wp-json\/wp\/v2\/posts"}],"about":[{"href":"https:\/\/www.joventaoista.org\/eo\/wp-json\/wp\/v2\/types\/post"}],"author":[{"embeddable":true,"href":"https:\/\/www.joventaoista.org\/eo\/wp-json\/wp\/v2\/users\/1"}],"replies":[{"embeddable":true,"href":"https:\/\/www.joventaoista.org\/eo\/wp-json\/wp\/v2\/comments?post=7358"}],"version-history":[{"count":0,"href":"https:\/\/www.joventaoista.org\/eo\/wp-json\/wp\/v2\/posts\/7358\/revisions"}],"wp:featuredmedia":[{"embeddable":true,"href":"https:\/\/www.joventaoista.org\/eo\/wp-json\/wp\/v2\/media\/6977"}],"wp:attachment":[{"href":"https:\/\/www.joventaoista.org\/eo\/wp-json\/wp\/v2\/media?parent=7358"}],"wp:term":[{"taxonomy":"category","embeddable":true,"href":"https:\/\/www.joventaoista.org\/eo\/wp-json\/wp\/v2\/categories?post=7358"},{"taxonomy":"post_tag","embeddable":true,"href":"https:\/\/www.joventaoista.org\/eo\/wp-json\/wp\/v2\/tags?post=7358"}],"curies":[{"name":"wp","href":"https:\/\/api.w.org\/{rel}","templated":true}]}}