{"id":7362,"date":"2013-11-25T17:10:59","date_gmt":"2013-11-25T17:10:59","guid":{"rendered":"https:\/\/www.joventaoista.org\/?p=7362"},"modified":"2014-02-06T02:18:44","modified_gmt":"2014-02-06T02:18:44","slug":"dia-internacional-del-exiliado-taoista-2","status":"publish","type":"post","link":"https:\/\/www.joventaoista.org\/eo\/dia-internacional-del-exiliado-taoista-2\/","title":{"rendered":"D\u00eda Internacional del Exiliado Tao\u00edsta"},"content":{"rendered":"<p>Estimados\u00a0 lectores de\u00a0 este\u00a0 su portal de\u00a0 Sabidur\u00eda Tao\u00edsta, como siempre con el m\u00e1s\u00a0\u00a0 vivo deseo\u00a0 que\u00a0 la\u00a0 luz\u00a0\u00a0 ilumine\u00a0 vuestros pasos pada que\u00a0 vuestro andar\u00a0 sea siempre en el\u00a0 camino de la sabidur\u00eda, la salud\u00a0 y la inteligencia.<\/p>\n<p>Un\u00a0 d\u00eda\u00a0\u00a0 como\u00a0 hoy\u00a0 25 de\u00a0 noviembre las\u00a0 fuerzas \u00a0del estado\u00a0 Colombiano hace 8 a\u00f1os, apoyadas por diferentes mercenarios de\u00a0 barios\u00a0 pa\u00edses \u00a0\u00a0interesados,\u00a0 como\u00a0 de estamentos\u00a0 eclesi\u00e1sticos, arremetieron\u00a0 contra\u00a0 nuestro\u00a0 Templo\u00a0 ubicado entre el\u00a0 ciudad de\u00a0 Duitama Boyac\u00e1 y el Municipio de\u00a0 Charal\u00e1 en la vereda el Taladro, habitaci\u00f3n de cientos de monjes\u00a0 que\u00a0 fueron\u00a0 brutalmente\u00a0 atropellados , ultrajados\u00a0 y\u00a0 en el peor de los casos\u00a0 muchos\u00a0 desaparecidos\u00a0 y\u00a0 aun en la actualidad\u00a0 de nuestros\u00a0 d\u00edas \u00a0no sabemos de\u00a0 su paradero, algo\u00a0 que es\u00a0 muy amargo\u00a0 pada nuestras vidas ya\u00a0 que entre estos desaparecidos se encuentran nuestros\u00a0 Lideres o como nos los\u00a0 llamamos\u00a0 nuestros\u00a0 Patriarcas, padres y Maestros, el Veneravle Maestro <strong><span style=\"color: #ff6600;\">JAH\u00a0 KELIUM\u00a0 ZEUS\u00a0 INDUZEUS<\/span><\/strong>, Veneravle Maestro <strong><span style=\"color: #0000ff;\">SAMAEL JOAV VBATOR\u00a0 WEHOR<\/span> <\/strong>y nuestro muy Amada <strong><span style=\"color: #ff00ff;\">MADRE AFRODITA<\/span><\/strong> de con cada\u00a0 uno de los miembros de esta\u00a0 Sagrada Familia\u00a0 que\u00a0 adoptaron\u00a0 a cientos\u00a0 de personas\u00a0 en su casa para\u00a0 hacer de ellos\u00a0 sus hijos, sus\u00a0 hijas\u00a0\u00a0 sus\u00a0 hermanos y sus\u00a0 hermanas y\u00a0 as\u00ed\u00a0 conformar\u00a0 en el\u00a0 m\u00e1s\u00a0 bello\u00a0 Amor\u00a0 un\u00a0 Monasterio Tao\u00edsta, que como es\u00a0 natural ten\u00eda \u00a0sus\u00a0 caba\u00f1as que aunque\u00a0 humildes albergaban la\u00a0 m\u00e1s hermosa sabidur\u00eda y Amor\u00a0 por la Naturaleza\u00a0 y por nuestro pr\u00f3jimo, sus\u00a0 almacenes de\u00a0 alimentos todos\u00a0 de tipo org\u00e1nico producidos\u00a0 con el sudor de la frente\u00a0 de los Monjes, que viv\u00edamos abrigados en ese hermoso\u00a0 Templo\u00a0 Vegetal, entre\u00a0 robles, camarera, guiches\u00a0 y\u00a0 quebradas, la selva era el manto que\u00a0 abrigaba nuestro Esp\u00edritu, mientras miles de p\u00e1jaros, ardillas, mariposas, cuartinajos, conejos y\u00a0 armadillos, alegraban nuestros\u00a0 d\u00edas \u00a0con sus bellos juegos y entre Sabidur\u00eda\u00a0 y\u00a0 disciplina aprend\u00edamos a vivir\u00a0 pada servir, que es servir \u00a0pada vivir, muchos de de los habitantes del Templo, entre m\u00e9dicos, profesores, arquitectos ingenieros, comerciantes, amas de casa y campesinos encontramos en este hogar un calidoso \u00a0abrigo.<\/p>\n<p align=\"center\"><iframe loading=\"lazy\" src=\"\/\/www.youtube.com\/embed\/3DD3ITKofgI\" height=\"315\" width=\"420\" allowfullscreen=\"\" frameborder=\"0\"><\/iframe><\/p>\n<p>\u00a0Un d\u00eda\u00a0 como\u00a0 hoy 25 de noviembre hace 9 a\u00f1os, la bestia\u00a0 mostro sus fauces\u00a0 invadi\u00f3\u00a0 nuestro Templo violento a nuestras mujeres, ultrajo nuestros\u00a0 hijos, golpeo a nuestros ancianos, quemo nuestras\u00a0 caba\u00f1as y enveneno nuestros alimentos y como\u00a0 si fuera poco desapareci\u00f3 a nuestros Maestros y\u00a0 cientos\u00a0 de nuestros hermanos y hermanas\u00a0 Monjes\u00a0 aun no aparecen y muchos refundidos en exilio de terrible desolaci\u00f3n, perseguidos abatidos y\u00a0 en una zozobra\u00a0 que\u00a0 suplicamos a DIOS a los\u00a0 hombres y gobiernos de la tierra, cese este terrible y deplorable marginamiento, a\u00a0 un\u00a0 pueblo que seg\u00fan los delitos impuestos se acusa de curar a los enfermos sin los f\u00e1rmacos de las empresas, que ense\u00f1amos a comer lo que nuestros campesinos producen org\u00e1nicamente, \u00a0a no ser\u00a0 maquinas de\u00a0 consumo de\u00a0 un sistema\u00a0 inhumano y\u00a0 genocida que devora al hombre\u00a0 por el hombre, estos\u00a0 y\u00a0 muchos otras acusaciones que\u00a0 ya\u00a0 gracias a\u00a0 DIOS en los estrados\u00a0 judiciales se han esclarecido y\u00a0 cada d\u00eda\u00a0 se\u00a0 ve m\u00e1s\u00a0 ante la\u00a0 opini\u00f3n p\u00fablica la sa\u00f1a de intereses seculares eclesi\u00e1sticos y gubernamentales con que\u00a0 arremetieron a nuestro Pueblo, mandando al Exilio a muchos Monjes de este Lamasterio. \u00a0Por eso\u00a0 hoy en diferentes\u00a0 ciudades hacemos presencia \u00a0con un Plant\u00f3n que denuncia estos\u00a0 atropellos y establece <strong><span style=\"color: #ff6600;\">el d\u00eda Internacional del Exiliado Tao\u00edsta<\/span><\/strong>.<\/p>\n<p>Sitios donde estaremos reunidos hoy 25 de noviembre del 2013.<\/p>\n<p>Bogot\u00e1: Plaza de Bol\u00edvar 3:00 a 5:00 pm.<\/p>\n<p>Medell\u00edn (Antioquia): Centro Administrativo La\u00a0Alpujarra,\u00a03:00 a 5:00 pm.<\/p>\n<p>Pasto (Nari\u00f1o): Plaza de Nari\u00f1o, 3:00 a 5:00 pm.<\/p>\n<p><a href=\"https:\/\/www.joventaoista.org\/wp-content\/uploads\/2013\/11\/El-Puevlo-Tao-Jud\u00edo-de-Verdad-Marcha-Kelium-Zeus-Samael-Galzaphit-Lin-Musika-www.kelium.org_.jpg\"><img loading=\"lazy\" decoding=\"async\" class=\"wp-image-6941 aligncenter\" alt=\"El-Puevlo-Tao-Jud\u00edo-de-Verdad-Marcha-Kelium-Zeus-Samael-Galzaphit-Lin-Musika-www.kelium.org_\" src=\"https:\/\/www.joventaoista.org\/wp-content\/uploads\/2013\/11\/El-Puevlo-Tao-Jud\u00edo-de-Verdad-Marcha-Kelium-Zeus-Samael-Galzaphit-Lin-Musika-www.kelium.org_.jpg\" width=\"288\" height=\"216\" srcset=\"https:\/\/www.joventaoista.org\/wp-content\/uploads\/2013\/11\/El-Puevlo-Tao-Jud\u00edo-de-Verdad-Marcha-Kelium-Zeus-Samael-Galzaphit-Lin-Musika-www.kelium.org_.jpg 480w, https:\/\/www.joventaoista.org\/wp-content\/uploads\/2013\/11\/El-Puevlo-Tao-Jud\u00edo-de-Verdad-Marcha-Kelium-Zeus-Samael-Galzaphit-Lin-Musika-www.kelium.org_-300x225.jpg 300w\" sizes=\"(max-width: 288px) 100vw, 288px\" \/><\/a><\/p>\n<p>&nbsp;<\/p>\n<p style=\"text-align: center;\"><strong><span style=\"color: #ff9900;\">ALAGRAN 25 DE EL<\/span> <span style=\"color: #0000ff;\">\u263e<\/span><span style=\"color: #ffff00;\">\u2600<\/span><span style=\"color: #800080;\">\u231b<\/span> <span style=\"color: #ff9900;\">2019 D\u00cdA LUNES<\/span><\/strong><br \/>\n<strong><span style=\"color: #0000ff;\">DESPU\u00c9S DE EL NASISIERTO DE EL GRAN SHILHOH<\/span><\/strong><br \/>\n<strong><span style=\"color: #ff0000;\">Ke seg\u00fan <span style=\"color: #000000;\">Sat\u00e1n<\/span> es Noviembre 24 del a\u00f1o 2013, d\u00eda Domingo<\/span><\/strong><\/p>\n<p>Unido a Vuestras Mersedes en la mayor demostrasel historika de sus viterias por la liverasel de vuestros seres y sus almas\u2026 de las garras de obstinado\u2026 lucha tit\u00e1nika ke en estos tiempos se acelera y dev\u00e9is enfrentarla kon voluntad\u2026 ayuno y orasel\u2026 presente: <strong><span style=\"color: #ff9900;\">\u00a0GEN\u00c1LTISER\u2026<\/span><\/strong><\/p>\n<p>Hase 9 eliokrones el Puevlo de D\u00ceOS fue golpeado por la bestia&#8230; los esbirros del gobierno Colombiano&#8230; del gobierno Norteamericano&#8230; del gobierno Suizo&#8230; del gobierno Italiano&#8230; del gobierno Ingles entre otros&#8230; reunieron un ej\u00e9rcito promedio de 1.300 soldados para imbadir el Templo Vegetal Sakroakuarius&#8230; por \u00f3rdenes de la bestia del baticano; irrumpieron el 25 de Noviembre, causando estragos quemaron las colmenas&#8230;. arrasaron envenenando todos los alisiertos, mieles, jalea, gragdus, arroz, trigo, solan\u00e1seas, ca\u00f1af\u00edstula, algarrav\u00ed, eks\u00e9tera\u2026 Desaparecieron gran kantidad de Monjes entre ellos los L\u00edderes de la Ovra de D\u00ceOS: el Veneravle Maestro <strong><span style=\"color: #3366ff;\">JAH KELIUM ZEUS INDUZEUS<\/span><\/strong>, el Veneravle Maestro\u00a0<strong><span style=\"color: #3366ff;\">S<\/span><span style=\"color: #3366ff;\">AMAEL JOAV BVATHOR WEHOR<\/span><\/strong>, la Madre <strong><span style=\"color: #ed117f;\">AFRODITA<\/span><\/strong> y toda la Familia Real\u2026<br \/>\nTodos estos grandes seres, padres y hermagdus monjes pasaron al exilio\u2026 exilio criminal que los ha ido despareciendo\u2026 exilio maldito\u2026 donde sufri\u00f3 y desencarn\u00f3 la viteria de la Madre AFRODITA\u2026 ex\u00edlio lacerante en ke los enviados de D\u00ceOS sufren y son desaparecidos\u2026 ex\u00edlio torturante de persecuci\u00f3n, maltrato, incomodidades y sue\u00f1os fallidos para los exiliados Monjes ke deamvulan por el Mundo\u2026 indocumentados\u2026 sin techo fijo&#8230; sovreviviendo en la vuskeda del pan diario&#8230; soportando toda clase de vicisitudes&#8230; en vuskeda del kumplisierto de su ense\u00f1anza y tratando de ayudar en el sostenisierto de la Ovra de D\u00ceOS en su aspekto Doktrinario&#8230;<\/p>\n<p>He visto en el tiempo de estos a\u00f1os pasados\u2026 a los soldados o polic\u00edas fronterizos: maltratarlos\u2026 golpearlos\u2026 amarradas sus magdus a sus espaldas y de all\u00ed un lazo de 2 a 3 metros de largo y llevarlos delante apuntados kon fusiles<span style=\"color: #008000;\">\u2026 \u00a1no miren atr\u00e1s\u00a1 \u00a1solo caminen\u00a1\u2026 y<\/span> as\u00ed transitando montes\u2026 atravesando portillos\u2026<br \/>\nalambradas\u2026 carreteras\u2026 ascendiendo monta\u00f1as por horas\u2026 y si se c\u00e1en por lo enredado de la <span style=\"color: #008000;\">maleza, los levantan a culatazos\u2026 \u00a1p\u00e1rense\u00a1 \u00a1aqu\u00ed no los vamos a matar es m\u00e1s adelante\u2026 y cuando llegan al sitio que las bestias han destinado para acampar\u2026 jalando los lazos les disen a los eksiliados ke llevan\u2026 \u00a1det\u00e9nganse\u00a1\u00a0\u00a0que aqu\u00ed es donde los bamos a dejar fr\u00edos\u2026\u00a0pero antes tienen que cantar\u2026 \u00a1oiga\u00a1 sargento ll\u00e9vese a ese m\u00e1s lejos\u2026 a este lo interrogo yo\u2026 lleve tres ombres y deje aqu\u00ed cuatro\u2026 \u00a0como ordene mi teniente\u2026 bueno ahora si\u2026 cont\u00e9steme las preguntas que le voi a haser\u2026 \u00bfes usted colombiano?\u00a0\u00a0si&#8230; \u00bfcomo se llama?\u00a0\u00a0Javier V\u00edvas\u2026 \u00bfes casado?\u00a0\u00a0si\u2026 como se llama su mujer?\u00a0\u00a0Soledad D\u00edas\u2026 \u00bfcu\u00e1ntos hijos tienen?\u00a0\u00a06\u2026 \u00bfqu\u00e9 hase en este pa\u00eds?\u00a0\u00a0trabajo en el campo\u2026 mire mis manos\u2026 y el eksiliado muestra sus magdus rugosas y kon manchas de la vendimia de musasea y vendimia de caf\u00e9 y kon cortaduras superficiales de la limpia y molienda de ka\u00f1a\u2026\u00a0no le cr\u00e9o dise el policia de civil&#8230; \u00bfa cuantos a matado usted?&#8230; \u00a0a ninguno&#8230; ni siquiera animales por ke soy vegetariano&#8230; y el Monje Eksiliado le ense\u00f1a los beneficios de no comer carne&#8230; uno de los policias pone el ca\u00f1on de el fusil en la sien de el Monje y le dise: \u00a1c\u00e1llese\u00a1 \u00a0no nos interesa su vegetarianismo&#8230; el Monje Eksiliado kalla&#8230; dice el teniente&#8230; \u00bfa que grupo de guerrilla o de paracos pertenece?\u00a0\u00a0a ninguno&#8230; soy kampesino y travajo en el kampo&#8230; le dice el teniente: \u00a1mentiroso\u00a1 y<\/span> ordena a los policias que lo golpeen y as\u00ed despu\u00e9s&#8230; vuelven a haserle las mismas preguntas y otras m\u00e1s&#8230; vuelven y lo golpean&#8230; y nuevamente lo mismo&#8230; y lo mismo est\u00e1 susediendo kon su antropogenio&#8230; m\u00e1s tarde llama el teniente: estos no han dicho mayor cosa&#8230; traigan la toyota negra de vidrios polarizados para llevarlos al matadero\u2026 \u00bfsovreviviran? la proteksel de D\u00ceOS\u2026 les preserva la vida\u2026 pero la angustia\u2026 la golpiza\u2026 los dolores ya los vivi\u00f3.\u2026 y debe soportarlos\u2026 y si kontin\u00faa indocumentado\u2026 volver\u00e1 a vivir\u2026 estas terribles experiencias\u2026.<\/p>\n<p style=\"text-align: center;\"><a href=\"https:\/\/www.joventaoista.org\/wp-content\/uploads\/2013\/11\/516513-1024x3681.jpg\"><img loading=\"lazy\" decoding=\"async\" class=\" wp-image-6944 aligncenter\" alt=\"516513-1024x368\" src=\"https:\/\/www.joventaoista.org\/wp-content\/uploads\/2013\/11\/516513-1024x3681.jpg\" width=\"430\" height=\"155\" srcset=\"https:\/\/www.joventaoista.org\/wp-content\/uploads\/2013\/11\/516513-1024x3681.jpg 1024w, https:\/\/www.joventaoista.org\/wp-content\/uploads\/2013\/11\/516513-1024x3681-600x216.jpg 600w, https:\/\/www.joventaoista.org\/wp-content\/uploads\/2013\/11\/516513-1024x3681-300x107.jpg 300w\" sizes=\"(max-width: 430px) 100vw, 430px\" \/><\/a><\/p>\n<p>en otro pa\u00eds veo a tres Monjes Eksiliados van en el karro de alg\u00fan vuen amigo&#8230; de pronto en plena avenida, rodean al karro tres patrullas&#8230; una adelante una al lado y otra atr\u00e1s&#8230; y cuando van por el puente sakan fusiles y un altavos y con sirenas en acci\u00f3n grit\u00e1n:<br \/>\n\u00a1detenganse\u00a1 \u00a1detenganse\u00a1 \u00a1&#8230;aorillense ah\u00ed y paren el karro\u00a1<br \/>\nparan&#8230; se desmontan los polic\u00edas y apuntando sus fusiles&#8230; ordenan&#8230; v\u00e1jense de la kamioneta ahora mismo\u00a1&#8230;<br \/>\nlos Eksiliados se vajan y son golpeados hasta derrivarlos al piso&#8230; luego los esposan y los encierran en las jaulas de las carropatrullas&#8230; el karro lo llevan los polic\u00edas&#8230; son interrogados&#8230; torturados..<\/p>\n<p>\u00bfsovrevir\u00e1n? la proteksel de D\u00ceOS ayudar\u00e1 en la konservasel de sus eksistensias&#8230; empero el atropello&#8230; el maltrato ya lo vivieron y devieron soportarlo&#8230; kontinuar su kamigdu vuskando una mejor forma de vida&#8230; pero \u00bfkuando? \u00bfk\u00f3mo? a\u00fan as\u00ed&#8230; hay ke seguir adelante&#8230; D\u00ceOS proveera&#8230; las vuenas nuevas de salud y vienestar&#8230;.<\/p>\n<p>En otro pa\u00eds veo otro grupo de Monjes Eksiliados&#8230; varias familias.. est\u00e1n en el aza de alguien de ese pa\u00eds ke los ha dejado lavorar y vivir all\u00ed por alg\u00fan tiempo&#8230; traaltando la gea&#8230; est\u00e1n desprevenidos&#8230; aparentemente en pas&#8230; de pronto por la carretera aparesen varios camiones llenos de soldados de la frontera&#8230; un promedio de doscientos&#8230; los acorralan.. los hombres al piso&#8230; enca\u00f1onados&#8230; las mujeres aparte con los ni\u00f1os&#8230; en un solo grupo y sin moverse del lugar&#8230; entran a las habitaciones sakan los dineros que encuentran en la requisa&#8230; amarran los varones&#8230; a los postas de la kasa o de la serka&#8230;.<\/p>\n<p><a href=\"https:\/\/www.joventaoista.org\/wp-content\/uploads\/2013\/11\/marcha-vukaramananga-116.jpg\"><img loading=\"lazy\" decoding=\"async\" class=\"wp-image-6945 alignleft\" alt=\"marcha-vukaramananga-116\" src=\"https:\/\/www.joventaoista.org\/wp-content\/uploads\/2013\/11\/marcha-vukaramananga-116.jpg\" width=\"276\" height=\"208\" srcset=\"https:\/\/www.joventaoista.org\/wp-content\/uploads\/2013\/11\/marcha-vukaramananga-116.jpg 640w, https:\/\/www.joventaoista.org\/wp-content\/uploads\/2013\/11\/marcha-vukaramananga-116-600x450.jpg 600w, https:\/\/www.joventaoista.org\/wp-content\/uploads\/2013\/11\/marcha-vukaramananga-116-300x225.jpg 300w\" sizes=\"(max-width: 276px) 100vw, 276px\" \/><\/a>los inquieren&#8230; los torturan&#8230; los investigan&#8230; en la noche quedan los varones amarrados y vigilados&#8230; las mujeres y los ni\u00f1os todos en el mismo lugar ah\u00ed se reposan si les d\u00e1 sue\u00f1o&#8230; los soldados arman cocina&#8230; sacan los alimentos que hay en la kasa&#8230; arrancan las yukas&#8230; vajan los racimos de musaseas&#8230; las frutas de toda espesie ke haya&#8230; reba\u00f1an todo alisierto ke haya.. pues son doscientos soldados y todos tienen hambre&#8230;<\/p>\n<p>y as\u00ed permanesen dos o tres d\u00edas&#8230; a los hombres del aza los sueltan&#8230; y disen a los Exiliados&#8230; vinimos por que los vesinos llamaron y dijeron ke ak\u00ed hav\u00edan Colombianos y los Colombianos tienen mala fama en todo el mundo&#8230; por ahora los dejamos tranquilos pero en la pr\u00f3xima ves esperamos no encontrarlos por aqu\u00ed&#8230; no se sabe que pueda pasarles&#8230; y despu\u00e9s de decir esto, se largan, la proteksel de D\u00ceOS preservo sus vidas&#8230;. pero ya vivieron la tortura&#8230; los insultos y el robo&#8230; \u00bfk\u00f3mo protestar? s\u00f3lo soportar&#8230; la imbaci\u00f3n&#8230; dejar ke los d\u00edas borren la mala y desagradable experiencia&#8230;.<\/p>\n<p>y a\u00fan as\u00ed puede volver a suceder en cualquier mosierto&#8230; por estar indocumentados&#8230; estos son s\u00f3lo fragsiertos de los terribles susesos ke han vivensiado&#8230; soportado&#8230; los eksiliados&#8230; y a\u00fan as\u00ed&#8230; estos valientes guerreros de la Ovra de D\u00ceOS.. kontin\u00faan ense\u00f1ando a los ke estan en su kamigdu, kontinuan praktikando las ense\u00f1ansas Doktrinarias&#8230; y dando ejemplo&#8230; y algunos kon m\u00e1s fuerza de D\u00ceOS&#8230; vuskan los mekadismos pad\u00e1 llevar las ense\u00f1anzas a los Templos del mundo&#8230; y a las Fuentes del mundo&#8230;.<\/p>\n<p>Puevlo Tao Judio de Verdad esta fecha es el rekuerdo memoravle de el sakrifisio de los Hijos de D\u00ceOS, enfrentados a las inklemensias de la persecuci\u00f3n de la bestia.. esforz\u00e1os en vuestra lucha&#8230; pues algunos solo os enfrent\u00e1is a vuestros defectos&#8230; y viv\u00eds, comodainti en vuestros hogares&#8230; todo est\u00e1 a la magdu&#8230; los Eksiliados se enfrentan diarinti a sus defectos sufren agobio y aflicci\u00f3n de esp\u00edritu, por las calamidades fortuitas en su vida de n\u00f3madas&#8230;<br \/>\ntransitando los desiertos de las umanidades&#8230; umanidades dormidas&#8230; pero de estos desiertos hay ke ekstraer agua v\u00edva&#8230; de los cardos espinosos es posivle encontrar pitahayas&#8230; dulces y nutritivas&#8230;<\/p>\n<p>Presiados y Darvitvikos Hijos de D\u00ceOS konsientizaos de la lavor enkomendada por el <strong><span style=\"color: #3366ff;\">gran Helohim Weorsshamaddihaael.<\/span><\/strong><\/p>\n<p><a href=\"https:\/\/www.joventaoista.org\/wp-content\/uploads\/2013\/11\/D\u00eda-INternacional-del-Exiliado-Tao\u00edsta.jpg\"><img loading=\"lazy\" decoding=\"async\" class=\"wp-image-6952 aligncenter\" alt=\"D\u00eda  INternacional del Exiliado Tao\u00edsta\" src=\"https:\/\/www.joventaoista.org\/wp-content\/uploads\/2013\/11\/D\u00eda-INternacional-del-Exiliado-Tao\u00edsta.jpg\" width=\"282\" height=\"198\" srcset=\"https:\/\/www.joventaoista.org\/wp-content\/uploads\/2013\/11\/D\u00eda-INternacional-del-Exiliado-Tao\u00edsta.jpg 960w, https:\/\/www.joventaoista.org\/wp-content\/uploads\/2013\/11\/D\u00eda-INternacional-del-Exiliado-Tao\u00edsta-600x421.jpg 600w, https:\/\/www.joventaoista.org\/wp-content\/uploads\/2013\/11\/D\u00eda-INternacional-del-Exiliado-Tao\u00edsta-300x210.jpg 300w\" sizes=\"(max-width: 282px) 100vw, 282px\" \/><\/a><\/p>\n<p><strong><span style=\"color: #008000;\">Puevlo Tao Judio de Verdad un\u00edos en Justisia y en Konsiensia.<\/span><\/strong>..\u00a0un\u00edos en esp\u00edritu y en verdad a la gran kausa salvadora&#8230; a\u00fan a kosta de las interferensias de la bestia&#8230; la bestia representada en el mundo exterior, en los gobiernos manejados por el baticano ejerciendo persecucion a los hijos de D\u00ceOS&#8230;. \u00a0la bestia interna representada en los defectos&#8230; las malicias espirituales&#8230; que entorpesen la lavor y la disiplina de los hijos de D\u00ceOS.. enfrentaos kon Vigor&#8230; kon Voluntad&#8230; kon Pasiensia.. kon Amor.. kon Ayuno y Orasel&#8230; y vens\u00e9d la bestia en sus dos faces&#8230;<\/p>\n<p style=\"text-align: center;\">por la siensia del vien&#8230;. luchad kontra la bestia<\/p>\n<p style=\"text-align: center;\">por la salud del alma&#8230; enfrentad el mal&#8230;<\/p>\n<p style=\"text-align: center;\">kon Voluntad Kristo&#8230; Luchad&#8230; Luchad, Luchad<\/p>\n<p style=\"text-align: center;\">kon konsiensia kont\u00ednua&#8230; \u00a1Despert\u00e1d\u00a1<\/p>\n<h4 style=\"text-align: center;\"><span style=\"color: #ff9900;\">AOM<\/span><\/h4>\n<p>&nbsp;<\/p>\n<p align=\"center\"><iframe loading=\"lazy\" src=\"\/\/www.youtube.com\/embed\/ZLYb--Dh2B4\" height=\"315\" width=\"560\" allowfullscreen=\"\" frameborder=\"0\"><\/iframe><\/p>\n<p align=\"center\"><iframe loading=\"lazy\" src=\"\/\/www.youtube.com\/embed\/uFKonPLaSGw\" height=\"315\" width=\"560\" allowfullscreen=\"\" frameborder=\"0\"><\/iframe><\/p>\n","protected":false},"excerpt":{"rendered":"<p>Estimados\u00a0 lectores de\u00a0 este\u00a0 su portal de\u00a0 Sabidur\u00eda Tao\u00edsta, como siempre con el m\u00e1s\u00a0\u00a0 vivo deseo\u00a0 que\u00a0 la\u00a0 luz\u00a0\u00a0 ilumine\u00a0 vuestros pasos pada que\u00a0 vuestro andar\u00a0 sea siempre en el\u00a0 camino de la sabidur\u00eda, la salud\u00a0 y la inteligencia. Un\u00a0 d\u00eda\u00a0\u00a0 como\u00a0 hoy\u00a0 25 de\u00a0 noviembre las\u00a0 fuerzas \u00a0del estado\u00a0 Colombiano hace 8 a\u00f1os, apoyadas [&hellip;]<\/p>\n","protected":false},"author":1,"featured_media":6941,"comment_status":"open","ping_status":"open","sticky":false,"template":"","format":"standard","meta":{"_et_pb_use_builder":"","_et_pb_old_content":"","_et_gb_content_width":"","footnotes":""},"categories":[457,133,97],"tags":[667,596,584,411,214,57],"class_list":["post-7362","post","type-post","status-publish","format-standard","has-post-thumbnail","hentry","category-aktividades-eo","category-destakados","category-eventos-eo","tag-dia-internacional-del-exiliado-taoista","tag-gran-templo-vegetal-sakroakuarius","tag-jah-kelim-zeus-induseus","tag-samael-joav-vathor-weor","tag-verdad","tag-vida"],"_links":{"self":[{"href":"https:\/\/www.joventaoista.org\/eo\/wp-json\/wp\/v2\/posts\/7362","targetHints":{"allow":["GET"]}}],"collection":[{"href":"https:\/\/www.joventaoista.org\/eo\/wp-json\/wp\/v2\/posts"}],"about":[{"href":"https:\/\/www.joventaoista.org\/eo\/wp-json\/wp\/v2\/types\/post"}],"author":[{"embeddable":true,"href":"https:\/\/www.joventaoista.org\/eo\/wp-json\/wp\/v2\/users\/1"}],"replies":[{"embeddable":true,"href":"https:\/\/www.joventaoista.org\/eo\/wp-json\/wp\/v2\/comments?post=7362"}],"version-history":[{"count":0,"href":"https:\/\/www.joventaoista.org\/eo\/wp-json\/wp\/v2\/posts\/7362\/revisions"}],"wp:featuredmedia":[{"embeddable":true,"href":"https:\/\/www.joventaoista.org\/eo\/wp-json\/wp\/v2\/media\/6941"}],"wp:attachment":[{"href":"https:\/\/www.joventaoista.org\/eo\/wp-json\/wp\/v2\/media?parent=7362"}],"wp:term":[{"taxonomy":"category","embeddable":true,"href":"https:\/\/www.joventaoista.org\/eo\/wp-json\/wp\/v2\/categories?post=7362"},{"taxonomy":"post_tag","embeddable":true,"href":"https:\/\/www.joventaoista.org\/eo\/wp-json\/wp\/v2\/tags?post=7362"}],"curies":[{"name":"wp","href":"https:\/\/api.w.org\/{rel}","templated":true}]}}