{"id":7371,"date":"2013-11-05T18:24:39","date_gmt":"2014-02-01T19:34:25","guid":{"rendered":"https:\/\/www.joventaoista.org\/?p=7371"},"modified":"2014-02-01T19:34:25","modified_gmt":"2014-02-01T19:34:25","slug":"radicales-libres-y-vejez-prematura","status":"publish","type":"post","link":"https:\/\/www.joventaoista.org\/eo\/radicales-libres-y-vejez-prematura\/","title":{"rendered":"Radicales Libres y Vejez Prematura"},"content":{"rendered":"<p>Dentro del terrible batallar del hombre entre la vida y la muerte existen multitud de agentes encargados de propagar en forma acelerada y r\u00e1pida la vejez celular, ocasionando lamentables e indeseables enfermedades que desencadenan millones de muertes prematuramente.<br \/>\nAunque el hombre siempre estuvo en busca de una p\u00f3cima m\u00e1gica, un elixir o un n\u00e9ctar para alargar sus d\u00edas en la tierra, verdaderamente son pocos los que comprendieron las palabras del sabio cuando dijo: <em><strong><span style=\"color: #ff6600;\">\u201cel hombre cava su sepultura con sus propios dientes\u201d<\/span><\/strong><\/em> y por el contrario se dejaron llevar por la macabra frase de Epicuro de Samos que dice: <em><span style=\"color: #ff6600;\">\u201ccomamos y bebamos que ma\u00f1ana moriremos\u201d.<\/span><\/em><\/p>\n<p><span style=\"font-size: 13px; line-height: 19px;\">Ciertamente con cada puerta que logra abrir la ciencia, el pueblo Tao\u00edsta comprende m\u00e1s la perfecta labor que <strong><span style=\"color: #ffcc00;\">EL <\/span><\/strong><\/span><strong><span style=\"font-size: 13px; line-height: 19px; color: #ffcc00;\">GRAN\u00a0<\/span><\/strong><span style=\"font-size: 13px; line-height: 19px;\"><strong><span style=\"color: #ffcc00;\">ARQUITECTO<\/span><\/strong> de lo existente y lo inexistente, realiza en su perfecta evoluci\u00f3n de creaci\u00f3n.\u00a0La tercera ley de Newton es clara, precisa y concisa \u201cacci\u00f3n y reacci\u00f3n\u201d gracias a esta ley de la naturaleza descubierta por Isaac Newton hacia 1666. Podemos comprender que no solo a nivel macro sino tambi\u00e9n a nivel micro estamos en una guerra constante entre la vida y la muerte y los famosos radicales libres y la vejez prematura no son una excepci\u00f3n a esta ley.\u00a0A lo largo de los tiempos, los fil\u00f3sofos han procurado dar respuesta al interrogante de por qu\u00e9 muere el ser humano. En el siglo IV a c., el fil\u00f3sofo griego Arist\u00f3teles ense\u00f1o que la continuaci\u00f3n de nuestra existencia depend\u00eda de la capacidad del organismo para equilibrar el calor y el frio.<\/span><\/p>\n<p><a href=\"https:\/\/www.joventaoista.org\/wp-content\/uploads\/2013\/11\/2.jpg\"><img loading=\"lazy\" decoding=\"async\" class=\"wp-image-6797 alignright\" alt=\"2\" src=\"https:\/\/www.joventaoista.org\/wp-content\/uploads\/2013\/11\/2.jpg\" width=\"253\" height=\"143\" srcset=\"https:\/\/www.joventaoista.org\/wp-content\/uploads\/2013\/11\/2.jpg 469w, https:\/\/www.joventaoista.org\/wp-content\/uploads\/2013\/11\/2-300x169.jpg 300w\" sizes=\"(max-width: 253px) 100vw, 253px\" \/><\/a><\/p>\n<p>Hoy d\u00eda, pese a los asombrosos avances de la ciencia, las preguntas de los bi\u00f3logos respecto al motivo del envejecimiento y la muerte a\u00fan no han recibido cumplida respuesta. Como indica el semanario londinense <em>the guardian weekly:<\/em> \u201cuno de los grandes misterios de la medicina no es por que muere una persona que padezca cierta patolog\u00eda, sino la que no padece enfermedad alguna. Si las c\u00e9lulas humanas se dividen y mediante tal escisi\u00f3n, se renuevan de continuo durante unos 60 a\u00f1os, \u00bfPor qu\u00e9 dejan s\u00fabitamente de duplicarse?\u201d<\/p>\n<p>Steven Austad, bi\u00f3logo de la universidad de Harvard escribi\u00f3: nos encaramos al envejecimiento\u2026. Tan de continuo que me sorprende que m\u00e1s personas no lo consideren un misterio biol\u00f3gico fundamental.<br \/>\nExisten varias teor\u00edas que tratan de explicar el envejecimiento prematuro dentro de las cuales encontramos la teor\u00eda de los radicales libres, la teor\u00eda de los <strong><span style=\"color: #3366ff;\">tel\u00f3meros <\/span><\/strong>y la teor\u00eda del agotamiento hormonal utilizada por la medicina <strong><span style=\"color: #3366ff;\">antiaging; <\/span><\/strong>en esta oportunidad miraremos en forma profunda la primera.<\/p>\n<h3 style=\"text-align: center;\"><span style=\"color: #800080;\">Teoria de los Radicales Libres<\/span><\/h3>\n<p style=\"text-align: center;\"><a href=\"https:\/\/www.joventaoista.org\/wp-content\/uploads\/2013\/11\/3.jpg\"><img loading=\"lazy\" decoding=\"async\" class=\" wp-image-6799 aligncenter\" alt=\"3\" src=\"https:\/\/www.joventaoista.org\/wp-content\/uploads\/2013\/11\/3-1024x669.jpg\" width=\"331\" height=\"217\" srcset=\"https:\/\/www.joventaoista.org\/wp-content\/uploads\/2013\/11\/3-1024x669.jpg 1024w, https:\/\/www.joventaoista.org\/wp-content\/uploads\/2013\/11\/3-600x392.jpg 600w, https:\/\/www.joventaoista.org\/wp-content\/uploads\/2013\/11\/3-300x196.jpg 300w, https:\/\/www.joventaoista.org\/wp-content\/uploads\/2013\/11\/3.jpg 1263w\" sizes=\"(max-width: 331px) 100vw, 331px\" \/><\/a><\/p>\n<p>La Doctora Denma Harman describi\u00f3 por primera vez la teor\u00eda de los radicales libres como causa del envejecimiento: \u201cun \u00fanico proceso com\u00fan, modificable por factores ambientales y gen\u00e9ticos es responsable del envejecimiento y la muerte de todos los seres vivos\u201d y a\u00f1adi\u00f3: \u201cel envejecimiento est\u00e1 causado por reacciones de radicales libres, generados por el ambiente, la enfermedad y las reacciones intr\u00ednsecas al proceso del envejecimiento\u201d.<br \/>\nEs un hecho que vivimos en una atm\u00f3sfera oxigenada y como consecuencia oxidativa, los radicales libres son mol\u00e9culas altamente inestables y reactivas con uno o m\u00e1s electrones c\u00e9libes [o desparejados] en su \u00f3rbita externa. El da\u00f1o que causa afecta a macromol\u00e9culas esenciales, como el col\u00e1geno y los l\u00edpidos, y m\u00e1s profundamente a las membranas celulares y el interior de las c\u00e9lulas.<\/p>\n<p>Veamos cuales son algunos de los radicales libres m\u00e1s letales:<strong><span style=\"color: #ff6600;\"> Super\u00f3xido (O2 -)<\/span><\/strong><\/p>\n<p><a href=\"https:\/\/www.joventaoista.org\/wp-content\/uploads\/2013\/11\/4.png\"><img loading=\"lazy\" decoding=\"async\" class=\"wp-image-6802 alignleft\" alt=\"4\" src=\"https:\/\/www.joventaoista.org\/wp-content\/uploads\/2013\/11\/4.png\" width=\"229\" height=\"180\" srcset=\"https:\/\/www.joventaoista.org\/wp-content\/uploads\/2013\/11\/4.png 381w, https:\/\/www.joventaoista.org\/wp-content\/uploads\/2013\/11\/4-300x236.png 300w\" sizes=\"(max-width: 229px) 100vw, 229px\" \/><\/a><\/p>\n<p>El super\u00f3xido se forma durante el procesamiento normal del ox\u00edgeno molecular por parte del cuerpo. Es una mol\u00e9cula de oxigeno con un electr\u00f3n de mas, el m\u00e1s com\u00fan de todos los radicales libres. Ataca principalmente las membranas celulares, las mitocondrias y los cromosomas. Afortunadamente existe una enzima capaz de combatir a este agresivo radical llamada enzima SOD (super\u00f3xido dismutasa) que lo descompone catalizando una reacci\u00f3n entre dos mol\u00e9culas de super\u00f3xido y dos de hidrogeno, si esta neutralizaci\u00f3n no se produce con suficiente rapidez, por falta de SOD, el super\u00f3xido seguir\u00e1 buscando otro electr\u00f3n y el da\u00f1o oxidativo estar\u00e1 asegurado.<\/p>\n<p><strong><span style=\"color: #ff6600;\">PEROXIDO DE HIDROGENO (H2O2)<\/span><\/strong><br \/>\nSe considera un derivado de la descomposici\u00f3n de los super\u00f3xido, aunque no es tan reactivo como el anterior se considera altamente oxidativo. El poder del per\u00f3xido de hidrogeno o agua oxigenada lo podemos comprobar, basta con observar lo que ocurre al verterla en sobre una herida abierta, \u00a1y eso que esta diluida al 5%!, para hacer frete a este segundo enemigo encontramos dos enzimas especiales:<br \/>\n-La enzima GPX \/glutati\u00f3n peroxidasa\/ encargada de combatir la agresi\u00f3n del per\u00f3xido de hidrogeno en el medio graso.<br \/>\n-la enzima catalasa responsable de la protecci\u00f3n en el medio acuoso<br \/>\nCuando estas dos enzimas terminan su labor, el per\u00f3xido deshidrogeno (H2O2) se ha transformado en agua (H2O) y oxigeno (O2).<br \/>\nEn algunos estudios se ha encontrado que el c\u00e1ncer de h\u00edgado est\u00e1 directamente relacionado con la proliferaci\u00f3n de este radical.<br \/>\n<strong><span style=\"color: #ff6600;\">RADICAL HIDROXILO (OH)<\/span><\/strong><br \/>\nCuando la GPX no realiza debidamente su labor sobre el per\u00f3xido de hidrogeno antes mencionado, este no se transforma completamente en agua y el resultado es un derivado muy toxico: el radical hidroxilo, extremadamente peligroso debido a su r\u00e1pida forma de actuar. En tan solo una mil\u00e9sima de segundo roba un \u00e1tomo de hidrogeno a cualquier otra mol\u00e9cula que toque extendi\u00e9ndose de manera devastadora.<\/p>\n<p><strong><span style=\"color: #ff6600;\">OXIGENO SIMPLE (1O2)<\/span><\/strong><br \/>\nAunque el ox\u00edgeno norma O2 es muy estable, al exponerse a la luz solar el enlace qu\u00edmico se rompe y el ox\u00edgeno resultante (1O2) es peligroso. Se ha relacionado con enfermedades articulares como la artritis y por supuesto con lesiones en el cristalino\/cataratas\/ y la retina\/degeneraci\u00f3n macular\/.<\/p>\n<p><strong><span style=\"color: #800080;\">Efectos<\/span><\/strong><br \/>\nLos principales efectos de los radicales libres son: <a href=\"https:\/\/www.joventaoista.org\/wp-content\/uploads\/2013\/11\/6.jpg\"><img loading=\"lazy\" decoding=\"async\" class=\" wp-image-6804 alignright\" alt=\"6\" src=\"https:\/\/www.joventaoista.org\/wp-content\/uploads\/2013\/11\/6-1024x728.jpg\" width=\"258\" height=\"183\" srcset=\"https:\/\/www.joventaoista.org\/wp-content\/uploads\/2013\/11\/6-1024x728.jpg 1024w, https:\/\/www.joventaoista.org\/wp-content\/uploads\/2013\/11\/6-600x427.jpg 600w, https:\/\/www.joventaoista.org\/wp-content\/uploads\/2013\/11\/6-300x213.jpg 300w, https:\/\/www.joventaoista.org\/wp-content\/uploads\/2013\/11\/6.jpg 1200w\" sizes=\"(max-width: 258px) 100vw, 258px\" \/><\/a><\/p>\n<ul>\n<li><span style=\"font-size: 13px; line-height: 19px;\">\u00c1cidos nucleicos: producen alteraciones en el ADN y ARN<\/span><\/li>\n<li><span style=\"font-size: 13px; line-height: 19px;\">Prote\u00ednas y enzimas: destruye los sitios activos y provoca trastornos funcionales<\/span><\/li>\n<li><span style=\"font-size: 13px; line-height: 19px;\">L\u00edpidos: la peroxidacion lip\u00eddica se produce cuando los radicales libres da\u00f1an los compuestos grasos, volvi\u00e9ndolos rancios.<\/span><\/li>\n<li><span style=\"font-size: 13px; line-height: 19px;\">Estructura membranaria: los \u00e1cidos grasos de los fosfol\u00edpidos son mui vulnerables a los radicales libres.<\/span><\/li>\n<li><span style=\"font-size: 13px; line-height: 19px;\">Da\u00f1o lisosomico: los radicales libres rompen la membrana del lisosoma y penetran al interior de la c\u00e9lula destruyendo sus partes internas.<\/span><\/li>\n<li><span style=\"font-size: 13px; line-height: 19px;\">Da\u00f1o mitocondrial: cuando atacan la central de energ\u00eda entonces deviene el \u201cagotamiento celular\u201d<\/span><\/li>\n<\/ul>\n<p>Dentro de los numerosos da\u00f1os que hacen los radicales libres dentro del cuerpo del ser humano miraremos algunos de los trastornos generales: astenias funcionales, espasmofilia, calambres, estr\u00e9s, trastornos de crecimiento, insomnio, cataratas, psicastenia, depresiones, diston\u00eda neurovegetativa, esfuerzo del deportista profesional.<\/p>\n<p>Existen dos formas de protecci\u00f3n frente a los radicales libres, uno End\u00f3geno y otro Ex\u00f3geno:<br \/>\n<strong><span style=\"color: #800080;\">SISTEMA DE PROTECCION ENDOGENA:<\/span> <\/strong>todas las c\u00e9lulas vivas animales y vegetales poseen un potente dispositivo enzim\u00e1tico con el fin de evitar la proliferaci\u00f3n de radicales libres. El super\u00f3xido dismutasa SOD, la catalasa y la glutati\u00f3n peroxidasa GPX.<br \/>\n<strong><span style=\"color: #800080;\">SISTEMA DE PROTECCION EXOGENO: <\/span><\/strong>Los antioxidantes son cazadores que intervienen al comienzo de los siclos de peroxidacion tales como las vitaminas E, A, C, los flavonoides y los poifenoles de las vitaminas p. Es muy importante que los alimentos de los cuales vamos a extraer los antioxidantes sean org\u00e1nicos.<\/p>\n<p><strong><span style=\"color: #0000ff;\">ANTIOXIDANTES <\/span><\/strong><br \/>\n<strong><span style=\"color: #008000;\"><a href=\"https:\/\/www.joventaoista.org\/wp-content\/uploads\/2013\/11\/7.jpg\"><img loading=\"lazy\" decoding=\"async\" class=\" wp-image-6809 alignleft\" alt=\"7\" src=\"https:\/\/www.joventaoista.org\/wp-content\/uploads\/2013\/11\/7.jpg\" width=\"244\" height=\"169\" srcset=\"https:\/\/www.joventaoista.org\/wp-content\/uploads\/2013\/11\/7.jpg 580w, https:\/\/www.joventaoista.org\/wp-content\/uploads\/2013\/11\/7-300x207.jpg 300w\" sizes=\"(max-width: 244px) 100vw, 244px\" \/><\/a>Vitamina E:<\/span> <\/strong>es el principal antioxidante de la membrana celular. Se posesiona en dicha membrana protegi\u00e9ndola de la peroxidacion.\u00a0Adem\u00e1s estabiliza los radicales libres super\u00f3xido e hidroxilos, e inactiva el ox\u00edgeno simple [radical producido por las radiaciones solares en la piel]. Junto con el selenio protege contra las mutaciones celulares.<br \/>\n<span style=\"color: #ff9900;\">Fuentes alimenticias:\u00a0<\/span>La mejor manera de obtener los requerimientos diarios de vitamina E es consumiendo fuentes alimenticias. La vitamina E se encuentra en los siguientes alimentos:<br \/>\n\u2022 Aceites vegetales de ma\u00edz como: \u00a0los aceites de germen de trigo, girasol, c\u00e1rtamo, ma\u00edz y soya.<br \/>\n\u2022 Nueces como: las almendras, el man\u00ed y las avellanas.<br \/>\n\u2022 Semillas como: las semillas de girasol.<br \/>\n\u2022 Hortalizas de hoja verde como: las espinacas y el br\u00f3coli.<br \/>\n\u2022 Cereales para el desayuno y jugos de frutas.<\/p>\n<p><strong><span style=\"color: #3366ff;\">Vitamina C:<\/span> <\/strong>es el principal antioxidante de la sangre, protegiendo los l\u00edpidos de la sangre protegi\u00e9ndolos de los per\u00f3xidos \/ <a href=\"https:\/\/www.joventaoista.org\/wp-content\/uploads\/2013\/11\/8.jpg\"><img loading=\"lazy\" decoding=\"async\" class=\" wp-image-6813 alignright\" alt=\"8\" src=\"https:\/\/www.joventaoista.org\/wp-content\/uploads\/2013\/11\/8.jpg\" width=\"216\" height=\"173\" srcset=\"https:\/\/www.joventaoista.org\/wp-content\/uploads\/2013\/11\/8.jpg 400w, https:\/\/www.joventaoista.org\/wp-content\/uploads\/2013\/11\/8-300x240.jpg 300w\" sizes=\"(max-width: 216px) 100vw, 216px\" \/><\/a>es el \u00fanico que puede realizar esta labor\/<br \/>\n<span style=\"color: #ff9900;\">El betacaroteno o provitamina A:<\/span>es transformado en vitamina A en el organismo y completa la acci\u00f3n antioxidante de la vitamina E. su acci\u00f3n protectora es particularmente interesante en pulm\u00f3n, tejidos respiratorios y epidermis.<br \/>\nLas principales fuentes de vitamina A son:<\/p>\n<ul>\n<li><span style=\"font-size: 13px; line-height: 19px; color: #008000;\">En el reino animal:<\/span><span style=\"color: #1e93e0;\"><span style=\"color: #008000;\"> los productos l\u00e1cteos, la yema de huevo.<\/span> <\/span><\/li>\n<li><span style=\"font-size: 13px; line-height: 19px; color: #008000;\">En los vegetales: <\/span><span style=\"font-size: 13px; line-height: 19px;\">En todos los vegetales amarillos a rojos, o verdes oscuros; zanahoria, batata, calabaza, zapallo, aj\u00ed, espinacas, lechuga, br\u00f3coli, coles de Bruselas, tomate, esp\u00e1rrago\u00a0<\/span><\/li>\n<li><span style=\"font-size: 13px; line-height: 19px; color: #008000;\">En las frutas: <\/span><span style=\"font-size: 13px; line-height: 19px;\">Damasco, durazno, mel\u00f3n, papaya, mango, mam\u00f3n.<\/span><\/li>\n<li><span style=\"font-size: 13px; line-height: 19px;\">Mol\u00e9culas vegetales antioxidantes: los bioflavonoides son pigmentos fotoqu\u00edmicos que act\u00faan como antioxidantes, protegiendo a las plantas, animales y seres humanos que las consumen contra el da\u00f1o de los radicales libres.<\/span><\/li>\n<\/ul>\n<p><strong><span style=\"color: #ff9900;\">FITONUTRIENTES:<\/span><\/strong><br \/>\nLos fitonutrientes son compuestos producidos por las plantas para su propia protecci\u00f3n, por lo que no ha de sorprendernos que esas propiedades tambi\u00e9n se propaguen en el ser humano al ser consumidas a trav\u00e9s de frutas, verduras o hierbas.<\/p>\n<p style=\"text-align: center;\"><a href=\"https:\/\/www.joventaoista.org\/wp-content\/uploads\/2013\/11\/9.png\"><img loading=\"lazy\" decoding=\"async\" class=\"wp-image-6815 aligncenter\" alt=\"9\" src=\"https:\/\/www.joventaoista.org\/wp-content\/uploads\/2013\/11\/9.png\" width=\"275\" height=\"208\" srcset=\"https:\/\/www.joventaoista.org\/wp-content\/uploads\/2013\/11\/9.png 763w, https:\/\/www.joventaoista.org\/wp-content\/uploads\/2013\/11\/9-600x455.png 600w, https:\/\/www.joventaoista.org\/wp-content\/uploads\/2013\/11\/9-300x227.png 300w\" sizes=\"(max-width: 275px) 100vw, 275px\" \/><\/a><\/p>\n<p>Elige por colores y tendr\u00e1s mayores beneficios:<br \/>\n\u2022 Frutas y verduras rojas o rosadas como el tomate, el pimiento, la toronja o la guayaba, contienen licopeno que ayuda a combatir algunos tipos de c\u00e1ncer como el de pr\u00f3stata, y ciertas afecciones cardiacas.<br \/>\n\u2022 Frutas y verduras de color naranja, como el sabroso mango, la zanahoria o la calabaza, contienen alfacarotenos y betacarotenos, ideales para conservar la piel y la vista saludables, como antioxidantes para prevenir el envejecimiento prematuro y previenen problemas pulmonares malignos as\u00ed como algunas enfermedades infecciosas.<br \/>\n\u2022 Frutas y verduras de color rojo- morado, como la uva, ciruela seca, ar\u00e1ndano, mora o fresas, as\u00ed como la nutritiva manzana, contienen flavonoides que previenen enfermedades vasculares cerebrales y cardiacas, al evitar la formaci\u00f3n de co\u00e1gulos.<br \/>\n\u2022 Frutas y verduras amarillo-naranja, como la naranja, mandarina o el durazno, contienen criptoxantina y terpenos, fitonutrientes que previenen y combaten el c\u00e1ncer y las \u00falceras.<br \/>\n\u2022 Frutas y verduras amarillo-verde, como el ma\u00edz, aguacate, espinaca, mel\u00f3n chino, contienen lute\u00edna, zeaxantina y carotenoides, que son antioxidantes y protegen contra el envejecimiento prematuro y problemas oculares como las cataratas o la degeneraci\u00f3n macular.<br \/>\n\u2022 Frutas y verduras verdes, como la lechuga, la col, el br\u00f3coli, contienen sulforafanos, que combaten el c\u00e1ncer de pulm\u00f3n.<br \/>\n\u2022 Frutas y verduras de color blanco, como el ajo, la cebolla, el ceboll\u00edn, la coliflor, el zapote blanco contienen organosulfidos que combaten el c\u00e1ncer, infecciones y la formaci\u00f3n de co\u00e1gulos.<br \/>\n\u2022 Frutas y verduras de color azul-morado, como la mora o las uvas, contienen antocianinas, que son antioxidantes y estimulan la actividad cerebral.<\/p>\n<p><a style=\"text-align: center;\" href=\"https:\/\/www.joventaoista.org\/wp-content\/uploads\/2013\/11\/maestros.jpg\"><img loading=\"lazy\" decoding=\"async\" class=\" wp-image-6827 aligncenter\" alt=\"maestros\" src=\"https:\/\/www.joventaoista.org\/wp-content\/uploads\/2013\/11\/maestros.jpg\" width=\"288\" height=\"216\" srcset=\"https:\/\/www.joventaoista.org\/wp-content\/uploads\/2013\/11\/maestros.jpg 480w, https:\/\/www.joventaoista.org\/wp-content\/uploads\/2013\/11\/maestros-300x225.jpg 300w\" sizes=\"(max-width: 288px) 100vw, 288px\" \/><\/a><\/p>\n<div class='et-box et-info'>\n\t\t\t\t\t<div class='et-box-content'><span style=\"color: #ff6600;\">AS\u00cd ES COMO EL PUEBLO DE DIOS SE ALISIERTA \/ALIMENTA\/ CON LOS ALIMENTOS MAS DIVERSOS Y RICOS DE LA NATURALEZA, LE INVITAMOS ESTIMADO LECTOR A QUE SE COMUNIQUE Y SE INFORME CON NOSOTROS.<\/span><\/div><\/div>\n<p align=\"center\"><iframe loading=\"lazy\" src=\"\/\/www.youtube.com\/embed\/9PIVIkCPRlE\" height=\"315\" width=\"420\" allowfullscreen=\"\" frameborder=\"0\"><\/iframe><\/p>\n<p align=\"center\"><iframe loading=\"lazy\" src=\"\/\/www.youtube.com\/embed\/nz_a8uDWiAk\" height=\"315\" width=\"420\" allowfullscreen=\"\" frameborder=\"0\"><\/iframe><\/p>\n<p align=\"center\"><iframe loading=\"lazy\" src=\"\/\/www.youtube.com\/embed\/UUUPlk9jTsU\" height=\"315\" width=\"420\" allowfullscreen=\"\" frameborder=\"0\"><\/iframe><\/p>\n<p align=\"center\"><iframe loading=\"lazy\" src=\"\/\/www.youtube.com\/embed\/avXEnjg2J34\" height=\"315\" width=\"420\" allowfullscreen=\"\" frameborder=\"0\"><\/iframe><\/p>\n<p><span style=\"font-size: 13px; line-height: 19px;\">\u00a0<\/span><\/p>\n","protected":false},"excerpt":{"rendered":"<p>Dentro del terrible batallar del hombre entre la vida y la muerte existen multitud de agentes encargados de propagar en forma acelerada y r\u00e1pida la vejez celular, ocasionando lamentables e indeseables enfermedades que desencadenan millones de muertes prematuramente. Aunque el hombre siempre estuvo en busca de una p\u00f3cima m\u00e1gica, un elixir o un n\u00e9ctar para [&hellip;]<\/p>\n","protected":false},"author":1,"featured_media":6793,"comment_status":"open","ping_status":"open","sticky":false,"template":"","format":"standard","meta":{"_et_pb_use_builder":"","_et_pb_old_content":"","_et_gb_content_width":"","footnotes":""},"categories":[102,95],"tags":[719],"class_list":["post-7371","post","type-post","status-publish","format-standard","has-post-thumbnail","hentry","category-alisertasel-eo","category-blog-eo","tag-radicales-libres-y-vejez-prematura"],"_links":{"self":[{"href":"https:\/\/www.joventaoista.org\/eo\/wp-json\/wp\/v2\/posts\/7371","targetHints":{"allow":["GET"]}}],"collection":[{"href":"https:\/\/www.joventaoista.org\/eo\/wp-json\/wp\/v2\/posts"}],"about":[{"href":"https:\/\/www.joventaoista.org\/eo\/wp-json\/wp\/v2\/types\/post"}],"author":[{"embeddable":true,"href":"https:\/\/www.joventaoista.org\/eo\/wp-json\/wp\/v2\/users\/1"}],"replies":[{"embeddable":true,"href":"https:\/\/www.joventaoista.org\/eo\/wp-json\/wp\/v2\/comments?post=7371"}],"version-history":[{"count":0,"href":"https:\/\/www.joventaoista.org\/eo\/wp-json\/wp\/v2\/posts\/7371\/revisions"}],"wp:featuredmedia":[{"embeddable":true,"href":"https:\/\/www.joventaoista.org\/eo\/wp-json\/wp\/v2\/media\/6793"}],"wp:attachment":[{"href":"https:\/\/www.joventaoista.org\/eo\/wp-json\/wp\/v2\/media?parent=7371"}],"wp:term":[{"taxonomy":"category","embeddable":true,"href":"https:\/\/www.joventaoista.org\/eo\/wp-json\/wp\/v2\/categories?post=7371"},{"taxonomy":"post_tag","embeddable":true,"href":"https:\/\/www.joventaoista.org\/eo\/wp-json\/wp\/v2\/tags?post=7371"}],"curies":[{"name":"wp","href":"https:\/\/api.w.org\/{rel}","templated":true}]}}