{"id":7412,"date":"2013-07-21T23:48:23","date_gmt":"2013-07-21T23:48:23","guid":{"rendered":"https:\/\/www.joventaoista.org\/?p=7412"},"modified":"2017-09-30T00:19:17","modified_gmt":"2017-09-30T00:19:17","slug":"por-que-debemos-tener-el-cabello-largo-2","status":"publish","type":"post","link":"https:\/\/www.joventaoista.org\/eo\/por-que-debemos-tener-el-cabello-largo-2\/","title":{"rendered":"Por qu\u00e9 debemos tener el Cabello Largo?"},"content":{"rendered":"<p><span style=\"color: #008000;\">Estimados Lectores, la vida es una hermosas simbiosis que nos ilustra constantemente en un equilibrio de especies, formas, ciclos naturales, vibraciones, ritmos, etc. El ser humano como especie tiene una heterogeneidad de modus vivendi, culturas, Idiomas, Filosof\u00edas, Religiones y dem\u00e1s aspectos que conforman nuestras vidas; mas es importante resaltar que nuestros organismos poseen los mismos sistemas de desarrollo biol\u00f3gico y all\u00ed es donde en este d\u00eda queremos adentrarnos en ese bello mundo en que vivimos llamado cuerpo humano, ya observando nuestro organismo como nuestra casa o habitaci\u00f3n vamos a admirar algunos elementos que hasta hoy no eran conocidos para muchos y para algunos ancestros de la sabidur\u00eda c\u00f3smica son las verdades latentes de la existencia.<\/span><\/p>\n<p><span style=\"color: #008000;\">El cabello, incluimos aqu\u00ed tambi\u00e9n toda las vellosidades que se encuentra en nuestra epidermis, son filamentos muy esenciales que hasta la presente han sido desconocidos como fuente de vitalidad pad\u00e1 los seres vivos. El cabello y el bello corresponde a un sistema natural que emerge del interior de nuestro organismo desde la dermis donde acompa\u00f1ado de todo sus sustento vital, como: arteriolas, gl\u00e1ndulas seb\u00e1ceas, nervios, vasos capilares y dem\u00e1s; encontramos un importante<\/span><\/p>\n<p><span style=\"color: #008000;\"><img loading=\"lazy\" decoding=\"async\" class=\"wp-image-6074 alignright\" src=\"https:\/\/www.joventaoista.org\/wp-content\/uploads\/2013\/07\/piel-y-bello.jpg\" alt=\"piel y bello\" width=\"330\" height=\"254\" srcset=\"https:\/\/www.joventaoista.org\/wp-content\/uploads\/2013\/07\/piel-y-bello.jpg 550w, https:\/\/www.joventaoista.org\/wp-content\/uploads\/2013\/07\/piel-y-bello-300x231.jpg 300w\" sizes=\"(max-width: 330px) 100vw, 330px\" \/><\/span><\/p>\n<p><span style=\"color: #008000;\">servicio que entrega al organismo, la protecci\u00f3n de algunas zonas vulnerables, como son \u00f3rganos sexuales, axilas, fosas<\/span><\/p>\n<p><span style=\"color: #008000;\">nasales, ojos, etc. Tambi\u00e9n es extensi\u00f3n del sistema nervioso con el cual el organismo esta conectado electr\u00f3nicamente con su entorno, todos sabemos que la vida es un fluir de reacciones qu\u00edmicas impulsadas por micro voltajes, que var\u00edan en intensidad seg\u00fan su funci\u00f3n, es de vital importancia reconocer estas extensiones del sistema nervioso o antenas llamados cabellos o vellosidades ya que la interconectividad con el ambiente nos permite recibir esa armon\u00eda natural que vibra en las plantas, en el agua, en la tierra y aun en nuestros propios antropogeneos, es la forma de alimentarnos electr\u00f3nicamente del ambiente exterior y as\u00ed evitar al m\u00e1ximo la saturaci\u00f3n de electricidad est\u00e1tica.<\/span><\/p>\n<p><span style=\"font-size: 13px;\"><span style=\"line-height: 19px; color: #008000;\">Un aspecto muy importante es saber lo perjudicial del corte de cabello y la depilaci\u00f3n, ya que esto acarrea un terrible da\u00f1o a el equilibrio vibratorio de el organismo y esto deja expuesto al cuerpo a una constante intoxicaci\u00f3n energ\u00e9tica y de sustancias del ambiente, ya que el cabello y el bello tambi\u00e9n absorven sustancias de su entorno, para precisamente filtrar este ingreso de sustancias y de vibraciones encontramos en una Gran develaci\u00f3n hecha por el Venerable Maestro Jah Kelium Zeus Induzeus en unas hermosas exposiciones sobre el cabello y su funcionalidad en el organismo, nos explica que estos receptores o antenas llamadas cabellos y bello poseen en la punta un sistema de micro capas llamadas KAPHER UR que son las encargadas de filtrar la sustancias que hay en el ambiente para que estas no tengan libre ingreso al organismo si no que solo ingresen aquellas que tiene un beneficio para el cabello y el organismo, tambi\u00e9n es un filtro de energ\u00eda ya que en el ambiente pululan las vibraciones unas favorables y otras desfavorables, este sistema de micro capas llamadas KAPHER UR decodifican la vibraci\u00f3n y la receptan en una forma arm\u00f3nica y regulada, es muy sencillo comprobar estos dos aspectos si observamos un cabello puesto en agua la mitad y el resto fuera de el recipiente veremos una punta de agua en el extremo del cabello que quedo fuera del recipiente despu\u00e9s de algunas horas, si tomamos un cable de electricidad delgado y uno grueso veremos que el flujo el\u00e9ctrico es diferente seg\u00fan el calibre, el cabello o el bello que reguarda el KAPHER UR tiene la forma de poder regular la captaci\u00f3n de las vibraciones del entorno y esto le ayuda a dar buen provecho a la salud que nos ofrenda la Naturaleza de momento en momento.<\/span><\/span><\/p>\n<p><span style=\"color: #008000;\"><a href=\"https:\/\/www.joventaoista.org\/wp-content\/uploads\/2013\/07\/kapher-ur.jpg\"><img loading=\"lazy\" decoding=\"async\" class=\"alignnone size-full wp-image-6094 aligncenter\" src=\"https:\/\/www.joventaoista.org\/wp-content\/uploads\/2013\/07\/kapher-ur.jpg\" alt=\"kapher ur\" width=\"225\" height=\"225\" srcset=\"https:\/\/www.joventaoista.org\/wp-content\/uploads\/2013\/07\/kapher-ur.jpg 225w, https:\/\/www.joventaoista.org\/wp-content\/uploads\/2013\/07\/kapher-ur-100x100.jpg 100w, https:\/\/www.joventaoista.org\/wp-content\/uploads\/2013\/07\/kapher-ur-150x150.jpg 150w\" sizes=\"(max-width: 225px) 100vw, 225px\" \/><\/a><\/span><\/p>\n<p><span style=\"color: #008000;\"><span style=\"font-size: small;\"><span style=\"line-height: 19px;\">As\u00ed veremos que un ser con su cabello y bello cuidado es alguien mucho mas intuitivo y propenso a una vida espiritual, ya \u00a0que la\u00a0<\/span>sensibilidad<span style=\"line-height: 19px;\">\u00a0con su entorno le permite \u00a0<\/span><\/span>percibir<span style=\"font-size: small;\"><span style=\"line-height: 19px;\">\u00a0\u00a0con mejor \u00a0claridad las \u00a0<\/span>circunstancias<span style=\"line-height: 19px;\">, llegando a \u00a0ser mucho mas comprensivo, clave fundamental en el desarrollo moral \u00a0y social de \u00a0un ser \u00a0humano, por \u00a0eso observamos \u00a0que <\/span><\/span><span style=\"font-size: small; line-height: 19px;\">la mujer es mucho mas intuitiva<\/span><span style=\"font-size: small;\"><span style=\"line-height: 19px;\">\u00a0y sensible que el \u00a0hombre en muchos \u00a0casos.<\/span><\/span><\/span><\/p>\n<p><span style=\"color: #008000;\"><span style=\"font-size: small;\"><span style=\"line-height: 19px;\">Se reciben beneficios en la alquimia de los fuegos \u00a0gen\u00e9ticos es decir la transformaci\u00f3n de la \u00a0gen\u00e9tica que tiene \u00a0un individuo a una mejor programaci\u00f3n gen\u00e9tica ya que el flujo energ\u00e9tico de los seres ser\u00e1 mucho mas arm\u00f3nico en su proceso de sublimaci\u00f3n y por \u00a0consiguiente las nuevas\u00a0<\/span>c\u00e9lulas<span style=\"line-height: 19px;\">\u00a0 vienen con este estado\u00a0<\/span><\/span><span style=\"font-size: small;\">vibratorio lo que les dar\u00e1 \u00a0mucha mas \u00a0longevidad \u00a0y vitalidad, trayendo programaciones \u00a0mucho mas \u00a0afables \u00a0y \u00a0evolucionadas.\u00a0<\/span><span style=\"font-size: small;\"><span style=\"line-height: 19px;\">\u00a0<\/span><\/span><\/span><\/p>\n<p><img loading=\"lazy\" decoding=\"async\" class=\"wp-image-6083 aligncenter\" src=\"https:\/\/www.joventaoista.org\/wp-content\/uploads\/2013\/07\/nativocosmico.jpg\" alt=\"nativocosmico\" width=\"284\" height=\"214\" srcset=\"https:\/\/www.joventaoista.org\/wp-content\/uploads\/2013\/07\/nativocosmico.jpg 790w, https:\/\/www.joventaoista.org\/wp-content\/uploads\/2013\/07\/nativocosmico-600x451.jpg 600w, https:\/\/www.joventaoista.org\/wp-content\/uploads\/2013\/07\/nativocosmico-300x225.jpg 300w\" sizes=\"(max-width: 284px) 100vw, 284px\" \/><\/p>\n<p><span style=\"color: #008000;\"><span style=\"font-size: small;\"><span style=\"line-height: 19px;\">Estos y muchos mas son los beneficios de proteger y aprovechar los sistemas de nuestro organismo en beneficio de nuestra vida y nuestro desarrollo Espiritual ya \u00a0que \u00a0la \u00a0energ\u00eda\u00a0<\/span><\/span>acumulada en el organismo viene a ser unos de los principales agentes de des-compensaci\u00f3n energ\u00e9tica, acarreando problemas a nivel nervioso y muchas veces hasta el cansancio celular llamado C\u00c1NCER, la falta de fluidez energ\u00e9tica hace que el organismo acumule energ\u00eda en ciertos lugares del cuerpo tales como la cabeza, el cuello, la espalda, las pantorrillas; \u00a0muchos se dar\u00e1n cuenta la importancia de tener un contacto directo con la naturaleza para \u00a0liberar esa \u00a0energ\u00eda represada \u00a0y recibir energ\u00eda vital, ah \u00a0pero debemos \u00a0tener en cuenta que atreves de discovery chanel o animal planet no vamos a recibir ese tipo de fluidos vitales que regeneran y dan vida a nuestro organismo, una l\u00f3gica mas para usar trajes o ropas lo mas org\u00e1nicas posibles y desechar las cancer\u00edgenas ropas sint\u00e9ticas y as\u00ed no aislarnos del flujo y reflujo vital de la naturaleza.<\/span><\/p>\n<p><img loading=\"lazy\" decoding=\"async\" class=\"wp-image-6085 aligncenter\" src=\"https:\/\/www.joventaoista.org\/wp-content\/uploads\/2013\/07\/abraza-un-arbol.jpg\" alt=\"abraza un arbol\" width=\"200\" height=\"200\" srcset=\"https:\/\/www.joventaoista.org\/wp-content\/uploads\/2013\/07\/abraza-un-arbol.jpg 595w, https:\/\/www.joventaoista.org\/wp-content\/uploads\/2013\/07\/abraza-un-arbol-300x300.jpg 300w, https:\/\/www.joventaoista.org\/wp-content\/uploads\/2013\/07\/abraza-un-arbol-100x100.jpg 100w, https:\/\/www.joventaoista.org\/wp-content\/uploads\/2013\/07\/abraza-un-arbol-150x150.jpg 150w\" sizes=\"(max-width: 200px) 100vw, 200px\" \/><\/p>\n<p><span style=\"color: #008000;\">Hay una an\u00e9cdota interesante como rese\u00f1a hisotirca de esta verdad palpable y de servicio para toda la humanidad.<\/span><\/p>\n<h3 style=\"text-align: center;\"><span style=\"color: #ff6600;\">\u00bfPor qu\u00e9 los Indios se dejan el pelo largo?<\/span><\/h3>\n<p style=\"text-align: center;\"><a href=\"https:\/\/www.joventaoista.org\/wp-content\/uploads\/2013\/07\/indio-guerra.jpg\"><img loading=\"lazy\" decoding=\"async\" class=\"wp-image-6090 aligncenter\" src=\"https:\/\/www.joventaoista.org\/wp-content\/uploads\/2013\/07\/indio-guerra-1024x768.jpg\" alt=\"indio guerra\" width=\"287\" height=\"216\" srcset=\"https:\/\/www.joventaoista.org\/wp-content\/uploads\/2013\/07\/indio-guerra-1024x768.jpg 1024w, https:\/\/www.joventaoista.org\/wp-content\/uploads\/2013\/07\/indio-guerra-600x450.jpg 600w, https:\/\/www.joventaoista.org\/wp-content\/uploads\/2013\/07\/indio-guerra-300x225.jpg 300w, https:\/\/www.joventaoista.org\/wp-content\/uploads\/2013\/07\/indio-guerra.jpg 1076w\" sizes=\"(max-width: 287px) 100vw, 287px\" \/><\/a><\/p>\n<p><span style=\"font-size: 13px; line-height: 19px; color: #0000ff;\">Esta informaci\u00f3n sobre el pelo ha sido ocultada de la opini\u00f3n p\u00fablica desde la Guerra de Vietnam.<\/span><\/p>\n<p><span style=\"color: #0000ff;\">Nuestra cultura lleva a la gente a creer que el estilo de pelo que llevan es una cuesti\u00f3n de preferencia personal; que su estilo de pelo es un asunto de moda o conveniencia y que c\u00f3mo la gente lleve su pelo es simplemente un asunto de est\u00e9tica. Pero en la guerra de Vietnam, se ten\u00eda una visi\u00f3n completamente distinta, una que ha sido cuidadosamente ocultada del p\u00fablico en general.<\/span><\/p>\n<p><span style=\"color: #0000ff;\">A comienzos de los noventa, Sally (que ha cambiado su nombre para conservar su privacidad) estaba casada con un psic\u00f3logo licenciado que trabaj\u00f3 en el hospital m\u00e9dico VA. Trabajaba con veteranos de combate con des\u00f3rdenes de estr\u00e9s post-traum\u00e1tico y muchos de ellos hab\u00edan servido en Vietnam.<\/span><\/p>\n<p style=\"text-align: left;\"><span style=\"color: #0000ff;\"><a href=\"https:\/\/www.joventaoista.org\/wp-content\/uploads\/2013\/07\/images-4.jpg\"><img loading=\"lazy\" decoding=\"async\" class=\"size-full wp-image-6117 alignright\" src=\"https:\/\/www.joventaoista.org\/wp-content\/uploads\/2013\/07\/images-4.jpg\" alt=\"images (4)\" width=\"277\" height=\"182\" \/><\/a>Sally dice: \u201cRecuerdo claramente una noche cuando mi marido regres\u00f3 a nuestro apartamento en la zona m\u00e9dica llevando un portafolios muy grueso oficial en las manos. Dentro hab\u00eda cientos de p\u00e1ginas de ciertos estudios comisionados por el gobierno. Estaba en estado de shock por el contenido de esos documentos. Lo que \u00e9l ley\u00f3 en ellos cambi\u00f3 su vida completamente. Desde ese momento mi marido, que era un ciudadano conservador, se dej\u00f3 el pelo y la barba largos y nunca volvi\u00f3 a cort\u00e1rselos. Lo que es m\u00e1s, el Centro M\u00e9dico VA le dej\u00f3 hacerlo y otros hombres conservadores del equipo siguieron su ejemplo. Como le\u00ed aquellos documentos, esto es lo que aprend\u00ed en ellos.<\/span><\/p>\n<p><span style=\"color: #0000ff;\">Parece que durante la Guerra de Vietnam, las fuerzas especiales en el departamento de guerra hab\u00edan enviado a expertos para seleccionar a hombres de las reservas indias de Am\u00e9rica que fueran guerreros con talento, hombres j\u00f3venes que se movieran bien sobre el terreno de guerra. Buscaban hombres con capacidades excepcionales, casi sobrenaturales. Antes de tratar de convencerles a unirse a ellos, eran cuidadosamente seleccionados por sus capacidades de rastreo y supervivencia.<\/span><\/p>\n<p><span style=\"color: #0000ff;\">Con los camelos habituales y bonitas frases se les trataba de ganar para la causa. Una vez de que formaban parte de las filas, algo incre\u00edble ocurr\u00eda. Cualesquiera que fueran sus talentos y capacidades en la reserva, parec\u00eda que misteriosamente desaparec\u00edan, y eso ocurr\u00eda una y otra vez cada vez que se les seleccionaba.<\/span><\/p>\n<p><span style=\"color: #0000ff;\">Los fallos continuados llevaron al gobierno a contratar unas pruebas muy caras para dar con lo que estaba ocurriendo.<\/span><\/p>\n<p style=\"text-align: left;\"><span style=\"color: #0000ff;\"><a href=\"https:\/\/www.joventaoista.org\/wp-content\/uploads\/2013\/07\/images-1.jpg\"><span style=\"color: #0000ff;\"><img loading=\"lazy\" decoding=\"async\" class=\"size-full wp-image-6095 alignleft\" src=\"https:\/\/www.joventaoista.org\/wp-content\/uploads\/2013\/07\/images-1.jpg\" alt=\"images (1)\" width=\"197\" height=\"256\" \/><\/span><\/a>Al iniciar esas pruebas se vio que cuando se les preguntaba sobre su incapacidad para hacer aquello que se esperaba de ellos, los hombres mayores contestaban una y otra vez que eso se deb\u00eda a sus cortes de pelo militares y que no pod\u00edan \u201csentir\u201d al enemigo, ni acceder a su \u201c<strong><span style=\"color: #ff6600;\">sexto sentido<\/span><\/strong>\u201d, su \u201c<strong><span style=\"color: #ff6600;\">intuici\u00f3n<\/span><\/strong>\u201d y que por eso sus sentidos no pod\u00edan ser fiables, ni ellos pod\u00edan \u201cleer\u201d las se\u00f1ales m\u00e1s sutiles, ni acceder a informaci\u00f3n extrasensorial de tipo sutil.<\/span><\/p>\n<p style=\"text-align: left;\"><span style=\"color: #0000ff;\">As\u00ed que el instituto que hac\u00eda las pruebas seleccion\u00f3 a m\u00e1s rastreadores y les dejaba el pelo largo y les probaba en m\u00faltiples tareas. Tambi\u00e9n compararon a dos hombres juntos que hab\u00edan recibido los mismos puntos en todos los test. A uno le dejaban el pelo largo y a otro le daban un corte de pelo militar. Luego a los dos hombres les volv\u00edan a valorar.<\/span><\/p>\n<p><span style=\"color: #0000ff;\">Una y otra vez el hombre con el pelo largo manten\u00eda los mejores resultados. Una y otra vez, el hombre con el pelo corto fallaba en las pruebas en las que antes hab\u00eda mostrado buenos resultados.<\/span><\/p>\n<p><span style=\"color: #0000ff;\">Aqu\u00ed est\u00e1 una prueba t\u00edpica<\/span><\/p>\n<p><span style=\"color: #0000ff;\">El seleccionado est\u00e1 durmiendo en los bosques. Un enemigo armado se aproxima cuando el hombre duerme. El hombre de pelo largo se despierta de su sue\u00f1o con un fuerte sentido del peligro y se aleja antes de que el enemigo est\u00e9 cerca, antes incluso de que se escuche al enemigo o su paso sea audible.<\/span><\/p>\n<p><span style=\"color: #0000ff;\"><br \/>\n<a href=\"https:\/\/www.joventaoista.org\/wp-content\/uploads\/2013\/07\/images-2.jpg\"><img loading=\"lazy\" decoding=\"async\" class=\"size-full wp-image-6126 alignright\" src=\"https:\/\/www.joventaoista.org\/wp-content\/uploads\/2013\/07\/images-2.jpg\" alt=\"images (2)\" width=\"259\" height=\"194\" \/><\/a>En otra versi\u00f3n de este test el hombre de pelo largo siente que algo se aproxima y de alguna manera intuye que el enemigo le atacar\u00e1 f\u00edsicamente. Sigue su sexto sentido y se queda quieto pretendiendo dormir, pero r\u00e1pidamente agarra a su atacante y le \u201cmata\u201d cuando \u00e9ste intenta \u201cestrangularle\u201d.<\/span><\/p>\n<p><span style=\"color: #0000ff;\">Este mismo hombre, despu\u00e9s de haber pasado esta y otras pruebas similares, recibe un corte de pelo militar y empezaba a fallar constantemente en las pruebas que antes hab\u00eda aprobado. As\u00ed que el documento recomendaba que todos los rastreadores indios estuvieran exentos de los cortes militares. De hecho, se requer\u00eda que los rastreadores tuvieran el pelo largo.<\/span><\/p>\n<p><span style=\"color: #0000ff;\">Comentario<\/span><\/p>\n<p><span style=\"color: #0000ff;\">Las capacidades de supervivencia humanas y animales parecen a veces sobrenaturales. La ciencia est\u00e1 constantemente descubriendo capacidades m\u00e1s incre\u00edbles orientadas a la supervivencia. Cada parte del cuerpo tiene un trabajo altamente sensitivo que realizar para la supervivencia y el bienestar del cuerpo en su conjunto. <strong><span style=\"color: #ff6600;\">El cuerpo tiene una Logica para cada parte de s\u00ed mismo.<\/span><\/strong><\/span><\/p>\n<p><span style=\"color: #0000ff;\">El pelo es una extensi\u00f3n del sistema nervioso, puede ser correctamente visto como \u201cnervios exteriorizados\u201d, un tipo de \u201chilos sensitivos\u201d altamente evolucionados o \u201cantenas\u201d que transmiten una enorme cantidad de informaci\u00f3n al cerebro, al sistema l\u00edmbico y neocortex.<\/span><\/p>\n<p><span style=\"color: #0000ff;\">No s\u00f3lo el pelo de la gente, incluyendo el facial en los hombres, ofrece un camino para que la informaci\u00f3n llegue al cerebro sino que emite energ\u00eda, energ\u00eda electromagn\u00e9tica emitida por el cerebro al medio ambiente exterior. Esto ha sido visto en fotograf\u00eda Kirliam cuando una persona es fotografiada con el pelo largo y luego re-fotografiada despu\u00e9s de un corte de pelo.<\/span><\/p>\n<p><a href=\"https:\/\/www.joventaoista.org\/wp-content\/uploads\/2013\/07\/images-3.jpg\"><img loading=\"lazy\" decoding=\"async\" class=\"size-full wp-image-6105 aligncenter\" src=\"https:\/\/www.joventaoista.org\/wp-content\/uploads\/2013\/07\/images-3.jpg\" alt=\"images (3)\" width=\"224\" height=\"169\" \/><\/a><\/p>\n<p><span style=\"color: #0000ff;\">Cuando el pelo es cortado, el env\u00edo y emisi\u00f3n de transmisiones desde y al medio ambiente es altamente alterado. Esto resulta en \u201cbloqueo de informaci\u00f3n\u201d. Cortar el pelo es un factor que contribuye a que no percibamos el estr\u00e9s medioambiental en nuestros ecosistemas locales. Tambi\u00e9n contribuye a insensibilizarnos en las relaciones de todo tipo. Contribuye a la frustraci\u00f3n sexual.\u00a0<\/span><\/p>\n<p><span style=\"color: #008000;\">La historia de Sans\u00f3n y Dalila de la Biblia parece tener mucha verdad codificada que decirnos. Cuando Dalila le corta el pelo a Sans\u00f3n, el invencible Sans\u00f3n es por primera vez vencido. En la biblia \u00a0siempre anuncian a los \u00a0mas \u00a0consagrados \u00a0a DIOS como los\u00a0Nazarenos\u00a0Seres entregados a la vida Espiritual y la\u00a0Voluntad\u00a0de DIOS y \u00a0una de sus mas directas\u00a0exigencias\u00a0era no pasar \u00a0cuchilla \u00a0sobre su \u00a0cabello \u00a0o barba.\u00a0<\/span><\/p>\n<p style=\"text-align: left;\"><a href=\"https:\/\/www.joventaoista.org\/wp-content\/uploads\/2013\/07\/cabello-largo.jpg\"><img loading=\"lazy\" decoding=\"async\" class=\"wp-image-6110 aligncenter\" src=\"https:\/\/www.joventaoista.org\/wp-content\/uploads\/2013\/07\/cabello-largo-768x1024.jpg\" alt=\"cabello largo\" width=\"216\" height=\"287\" srcset=\"https:\/\/www.joventaoista.org\/wp-content\/uploads\/2013\/07\/cabello-largo-768x1024.jpg 768w, https:\/\/www.joventaoista.org\/wp-content\/uploads\/2013\/07\/cabello-largo-600x800.jpg 600w, https:\/\/www.joventaoista.org\/wp-content\/uploads\/2013\/07\/cabello-largo-225x300.jpg 225w, https:\/\/www.joventaoista.org\/wp-content\/uploads\/2013\/07\/cabello-largo.jpg 1200w\" sizes=\"(max-width: 216px) 100vw, 216px\" \/><\/a><span style=\"color: #008000;\">Debemos hacer todo lo que este a nuestro alcance para estar \u00a0en sintonia \u00a0con los fluidos \u00a0naturales esto no solo traer\u00e1 vida a nuestra vida, si no que tambi\u00e9n nos proveer\u00e1 de facultades \u00a0de tipo suprasensorial \u00a0que \u00a0es el despertar de las \u00a0virtudes naturales del \u00a0ser \u00a0humano \u00a0aquel otro 90% de nuestro cerebro sin usar. ten en cuenta \u00a0que aquellos \u00a0productos con que \u00a0cuidemos nuestro cabello \u00a0tienen directa relaci\u00f3n con la informaci\u00f3n \u00a0y \u00a0sustancias que absorban. aqui podran \u00a0aprender muchas \u00a0formas de \u00a0cuidar el cabello \u00a0de una forma natural y saludable.\u00a0<a href=\"https:\/\/www.joventaoista.org\/cabello-hermoso-con-productos-100-naturales\/\">https:\/\/www.joventaoista.org\/cabello-hermoso-con-productos-100-naturales\/<\/a>.<\/span><\/p>\n<p><a href=\"https:\/\/www.joventaoista.org\/wp-content\/uploads\/2013\/07\/Samael-joab.jpg\"><img loading=\"lazy\" decoding=\"async\" class=\"wp-image-6104 aligncenter\" src=\"https:\/\/www.joventaoista.org\/wp-content\/uploads\/2013\/07\/Samael-joab.jpg\" alt=\"Samael-joab\" width=\"234\" height=\"195\" srcset=\"https:\/\/www.joventaoista.org\/wp-content\/uploads\/2013\/07\/Samael-joab.jpg 487w, https:\/\/www.joventaoista.org\/wp-content\/uploads\/2013\/07\/Samael-joab-300x250.jpg 300w\" sizes=\"(max-width: 234px) 100vw, 234px\" \/><\/a><\/p>\n<p>&nbsp;<\/p>\n<h2 style=\"text-align: center;\"><span style=\"color: #ff6600;\">\u00a1\u00a1Y KE LA VIDA SEA MAS\u00a1\u00a1<\/span><\/h2>\n<p>&nbsp;<\/p>\n","protected":false},"excerpt":{"rendered":"<p>Estimados Lectores, la vida es una hermosas simbiosis que nos ilustra constantemente en un equilibrio de especies, formas, ciclos naturales, vibraciones, ritmos, etc. El ser humano como especie tiene una heterogeneidad de modus vivendi, culturas, Idiomas, Filosof\u00edas, Religiones y dem\u00e1s aspectos que conforman nuestras vidas; mas es importante resaltar que nuestros organismos poseen los mismos [&hellip;]<\/p>\n","protected":false},"author":1,"featured_media":6720,"comment_status":"open","ping_status":"open","sticky":false,"template":"","format":"standard","meta":{"_et_pb_use_builder":"","_et_pb_old_content":"","_et_gb_content_width":"","footnotes":""},"categories":[95,133,96],"tags":[599,598,602,601,600,604,603],"class_list":["post-7412","post","type-post","status-publish","format-standard","has-post-thumbnail","hentry","category-blog-eo","category-destakados","category-siencia-eo","tag-antenas","tag-cabello","tag-electricidad-estatica","tag-jah-kelium-zeus-induzeus","tag-kapher-ur","tag-nervios-exteriorizados","tag-por-que-debemos-tener-el-cabello-largo"],"_links":{"self":[{"href":"https:\/\/www.joventaoista.org\/eo\/wp-json\/wp\/v2\/posts\/7412","targetHints":{"allow":["GET"]}}],"collection":[{"href":"https:\/\/www.joventaoista.org\/eo\/wp-json\/wp\/v2\/posts"}],"about":[{"href":"https:\/\/www.joventaoista.org\/eo\/wp-json\/wp\/v2\/types\/post"}],"author":[{"embeddable":true,"href":"https:\/\/www.joventaoista.org\/eo\/wp-json\/wp\/v2\/users\/1"}],"replies":[{"embeddable":true,"href":"https:\/\/www.joventaoista.org\/eo\/wp-json\/wp\/v2\/comments?post=7412"}],"version-history":[{"count":2,"href":"https:\/\/www.joventaoista.org\/eo\/wp-json\/wp\/v2\/posts\/7412\/revisions"}],"predecessor-version":[{"id":37708,"href":"https:\/\/www.joventaoista.org\/eo\/wp-json\/wp\/v2\/posts\/7412\/revisions\/37708"}],"wp:featuredmedia":[{"embeddable":true,"href":"https:\/\/www.joventaoista.org\/eo\/wp-json\/wp\/v2\/media\/6720"}],"wp:attachment":[{"href":"https:\/\/www.joventaoista.org\/eo\/wp-json\/wp\/v2\/media?parent=7412"}],"wp:term":[{"taxonomy":"category","embeddable":true,"href":"https:\/\/www.joventaoista.org\/eo\/wp-json\/wp\/v2\/categories?post=7412"},{"taxonomy":"post_tag","embeddable":true,"href":"https:\/\/www.joventaoista.org\/eo\/wp-json\/wp\/v2\/tags?post=7412"}],"curies":[{"name":"wp","href":"https:\/\/api.w.org\/{rel}","templated":true}]}}