{"id":7589,"date":"2013-03-01T15:24:43","date_gmt":"2013-03-01T15:24:43","guid":{"rendered":"https:\/\/www.joventaoista.org\/?p=7589"},"modified":"2014-02-05T15:44:54","modified_gmt":"2014-02-05T15:44:54","slug":"la-realidad-oculta-tras-la-marcha-de-ratzinger-el-papa-ciento-once","status":"publish","type":"post","link":"https:\/\/www.joventaoista.org\/eo\/la-realidad-oculta-tras-la-marcha-de-ratzinger-el-papa-ciento-once\/","title":{"rendered":"La Realidad Oculta Tras La Marcha de Ratzinger, El Papa ciento once"},"content":{"rendered":"<p><span style=\"font-size: 13px; line-height: 19px; color: #000000;\"><strong>Benedicto XVI<\/strong>, quer\u00eda dimitir el 21 de diciembre del 2012, pero no le dejaron hacerlo, al menos eso se comenta entre algunos cardenales. Estamos ante una pelea de hienas en el Vaticano tras la que se desata la dimisi\u00f3n de un Papa, hecho que no hab\u00eda ocurrido desde hace m\u00e1s de 6 siglos. <span style=\"color: #ff0000;\">Se marcha Ratzinger<\/span>, tras una probable orden de arresto, el Papa n\u00famero 111 de la lista huye a un convento en d\u00eda 11, exactamente el mismo d\u00eda y mes en el que se independiz\u00f3 el Estado del Vaticano en el a\u00f1o 1929 (Pactos de Letr\u00e1n, 11 febrero 1929). \u00bfSon todo esto casualidades o estamos ante una c\u00e1bala de Satanistas que se mueven a trav\u00e9s de un calendario numerol\u00f3gico con intenciones ocultas?<\/span><\/p>\n<p><span style=\"color: #000000;\">Este acontecimiento de Retiro del Papa podr\u00eda entra\u00f1ar grandes eventos si tenemos en cuenta las llamadas profec\u00edas de los \u00faltimos Papas que profetiz\u00f3 el monje irlandes Malaqu\u00edas de Armagh en el siglo XII.<\/span><\/p>\n<p><span style=\"color: #000000;\">Seg\u00fan la cuenta que hace San Malaqu\u00edas, Ratzinger es el Papa 111, el pen\u00faltimo Pont\u00edfice de su lista antes del fin de los tiempos, con lo que solo queda esperar la llegada del Ultimo Papa de la Iglesia Cat\u00f3lica, el Papa 112, al que el cl\u00e9rigo visionario irland\u00e9s denomina como \u201cPedro el Romano\u201c. Y esto dijo sobre \u00e9l:<\/span><\/p>\n<p><span style=\"color: #0000ff;\">\u201cEn la \u00faltima Persecuci\u00f3n de la Santa Iglesia Romana tendr\u00e1 su sede Pedro el Romano, que har\u00e1 pacer sus ovejas entre muchas tribulaciones, tras las cuales, la ciudad de las siete colinas ser\u00e1 derruida, y el juez tremendo juzgar\u00e1 al pueblo\u201d.<\/span><\/p>\n<p><strong><span style=\"color: #0000ff;\">Profec\u00eda de San Malaqu\u00edas.<\/span><\/strong><\/p>\n<p><span style=\"color: #000000;\">\u00bfEstamos ante el fin del Vaticano? \u00bfQui\u00e9n ser\u00e1 el \u00faltimo Papa venidero? \u00bfpondr\u00e1n finalmente a un Papa negro?<\/span><\/p>\n<p><span style=\"color: #000000;\">\u00a0<\/span><span style=\"color: #000000; font-size: 13px; line-height: 19px;\">El siguiente art\u00edculo nos ayudar\u00e1 a comprender algunas de las verdaderas razones que se ocultan tras la dimisi\u00f3n de ese demonio ex-hitleriano llamado Ratzinger y los pr\u00f3ximos movimientos de ese nido de serpientes oculto en el Vaticano.<\/span><\/p>\n<h3><span style=\"color: #ff0000;\">DESPERTARES<\/span><\/h3>\n<p><span style=\"color: #000000;\">Hace pocos d\u00edas Ratzinger visitaba a su camarero en la c\u00e1rcel, condenado por haber robado documentaci\u00f3n secreta del Vaticano con un inform\u00e1tico, que se mantiene desaparecido, y que compromete a la secta cat\u00f3lica en todas las causas por blanqueo de dinero de la mafia, tr\u00e1fico de drogas y armas y decenas de miles de esc\u00e1ndalos de abusos sexuales, explotaci\u00f3n laboral y fraude econ\u00f3mico en todos los pa\u00edses donde se halla implantada.<\/span><\/p>\n<p><span style=\"color: #000000;\">La prensa vendi\u00f3 que Ratzinger perdonaba a su secretario, le amnistiaba y le enviaba a casa. Y ahora, pocas semanas despu\u00e9s, dimite, con razones poco cre\u00edbles cuando la gerontolog\u00eda le mantiene en mejor estado que a cualquiera de sus centenares de antecesores.<\/span><\/p>\n<p><span style=\"color: #000000;\"><a href=\"https:\/\/www.joventaoista.org\/wp-content\/uploads\/2013\/03\/Vaticano-exmayordomo-del-Papa.jpg\"><img loading=\"lazy\" decoding=\"async\" class=\"alignright  wp-image-4021\" title=\"Vaticano-exmayordomo-del-Papa\" alt=\"\" src=\"https:\/\/www.joventaoista.org\/wp-content\/uploads\/2013\/03\/Vaticano-exmayordomo-del-Papa.jpg\" width=\"238\" height=\"178\" srcset=\"https:\/\/www.joventaoista.org\/wp-content\/uploads\/2013\/03\/Vaticano-exmayordomo-del-Papa.jpg 660w, https:\/\/www.joventaoista.org\/wp-content\/uploads\/2013\/03\/Vaticano-exmayordomo-del-Papa-600x450.jpg 600w, https:\/\/www.joventaoista.org\/wp-content\/uploads\/2013\/03\/Vaticano-exmayordomo-del-Papa-300x225.jpg 300w\" sizes=\"(max-width: 238px) 100vw, 238px\" \/><\/a>Porque en realidad los papeles sucios del Vaticano siguen en manos de sus sustractores, el camarero y el inform\u00e1tico, y son ellos quienes le obligaron a dejarle libre y ahora a dimitir si no quiere su secta que esos papeles salgan a la luz o vayan a parar a manos de los fiscales italianos que investigan sus conexiones con la mafia y el blanqueo de dinero negro del narcotr\u00e1fico, la prostituci\u00f3n y la venta de armas.O de las decenas de organizaciones que investigan y han condenado con indemnizaciones mil millonarias a miles de abusados, explotados, violados e incluso castrados y asesinados.<\/span><\/p>\n<p><span style=\"color: #000000;\">Ratzinger no huye, lo echan. Y no lo hacen las dos subsectas que dominan el Vaticano desde hace d\u00e9cadas -Opus Dei y Legionarios-, sumidas en la corrupci\u00f3n y lazos con el fascismo pol\u00edtico o las mafias criminales, sino dos j\u00f3venes cat\u00f3licos de la confianza de Ratzinger que se asquearon de la corrupci\u00f3n en la secta y decidieron tirar de la manta.<\/span><\/p>\n<p><span style=\"color: #000000;\">Pederastas, cr\u00edmenes, violaciones, blanqueo de dinero negro y organizaci\u00f3n mafiosa: la herencia de Ratzinger<\/span><\/p>\n<p><span style=\"color: #000000;\">Lleg\u00f3 al Vaticano de la mano del genocida Wojtyla, el del atentado con el mismo gui\u00f3n de Reagan, protector de Maciel el violador de sus propios hijos y fundador de la secta criminal de los Legionarios de Cristo y de miles de pederastas y violadores, y con fama de ser un reaccionario, inmoral, colaborador con la mafia y protector de pederastas como su propio hermano, abusador del Coro de los Gorriones austr\u00edaco.<\/span><\/p>\n<p><a href=\"https:\/\/www.joventaoista.org\/wp-content\/uploads\/2013\/03\/papa_juan_pablo_ii_bendice_marcial_maciel.jpg\"><img loading=\"lazy\" decoding=\"async\" class=\"size-medium wp-image-4022 aligncenter\" title=\"papa_juan_pablo_ii_bendice_marcial_maciel\" alt=\"\" src=\"https:\/\/www.joventaoista.org\/wp-content\/uploads\/2013\/03\/papa_juan_pablo_ii_bendice_marcial_maciel-300x201.jpg\" width=\"300\" height=\"201\" srcset=\"https:\/\/www.joventaoista.org\/wp-content\/uploads\/2013\/03\/papa_juan_pablo_ii_bendice_marcial_maciel-300x201.jpg 300w, https:\/\/www.joventaoista.org\/wp-content\/uploads\/2013\/03\/papa_juan_pablo_ii_bendice_marcial_maciel.jpg 340w\" sizes=\"(max-width: 300px) 100vw, 300px\" \/><\/a><\/p>\n<p style=\"text-align: center;\"><strong>\u201c<em>Maciel, fundador de los Legionarios, ya era pederasta cuando el polaco lleg\u00f3 a papa \u2013 Ambos se apoyaron entre s\u00ed y compartieron una visi\u00f3n de la Iglesia<\/em>\u201d<\/strong><\/p>\n<p><span style=\"color: #000000;\">Durante su mandato, en la misma l\u00ednea corrupta, han salido al descubierto sus conexiones con la mafia y el blanqueo de dinero del narcotr\u00e1fico, la prostituci\u00f3n y el crimen organizado, la fortuna y acciones en compa\u00f1\u00edas farmac\u00e9uticas y f\u00e1bricas armas como Beretta, la de la mafia, o su continuada protecci\u00f3n -a pesar de las disculpas cara a la galer\u00eda de sus creyentes- los cr\u00edmenes y violaciones de ni\u00f1os y ni\u00f1as o la explotaci\u00f3n de trabajadoras desde EE.UU. e Irlanda hasta Alemania, Holanda y Australia, sumando decenas de miles de casos y implicando desde cardenales hasta obispos y todas sus sectas, desde los maristas a los salesianos, pasando por los jesuitas y el Opus Dei.<\/span><\/p>\n<p style=\"text-align: center;\">\u00a0<a href=\"https:\/\/www.joventaoista.org\/wp-content\/uploads\/2013\/03\/OPUS-DEI-1.jpg\"><img loading=\"lazy\" decoding=\"async\" class=\"wp-image-4023 aligncenter\" title=\"OPUS-DEI-1\" alt=\"\" src=\"https:\/\/www.joventaoista.org\/wp-content\/uploads\/2013\/03\/OPUS-DEI-1.jpg\" width=\"239\" height=\"205\" srcset=\"https:\/\/www.joventaoista.org\/wp-content\/uploads\/2013\/03\/OPUS-DEI-1.jpg 499w, https:\/\/www.joventaoista.org\/wp-content\/uploads\/2013\/03\/OPUS-DEI-1-300x256.jpg 300w\" sizes=\"(max-width: 239px) 100vw, 239px\" \/><\/a><\/p>\n<p style=\"text-align: center;\"><strong>Josemar\u00eda Escriv\u00e1 fundador del \u00a0opus dei<\/strong><\/p>\n<p><span style=\"color: #000000;\">E incluso en el comercio con ni\u00f1os robados en la Espa\u00f1a nazional cat\u00f3lica, con monjas que se mueren sin papeles cuando m\u00e1s conviene, y siempre bajo la protecci\u00f3n de un sistema pol\u00edtico y judicial tan corrupto y criminal como la propia secta que lo nutre. Ahora dice que se va porque est\u00e1 viejo, en un caso in\u00e9dito y \u00fanico, pero la verdad es que deja la iglesia cat\u00f3lica en el peor estado y en medio de miles de apostas\u00edas en todos sus feudos.<\/span><\/p>\n<p><span style=\"color: #000000;\">El \u00faltimo Papa que renunci\u00f3 fue Gregorio XII (1406-1415), que vivi\u00f3 el llamado Cisma de Occidente, en la que coincidieron tres papas a la vez: adem\u00e1s de Gregorio XII, el Papa de Roma, Benedicto XIII, el Papa de Avi\u00f1\u00f3n, y el llamado \u00abantipapa\u00bb Juan XXIII.<\/span><\/p>\n<p><span style=\"color: #000000;\">Con el concilio de Constanza, el emperador Segismundo oblig\u00f3 a dimitir a los tres pont\u00edfices, pero s\u00f3lo Gregorio XII obedeci\u00f3 y tras \u00e9l fue elegido Mart\u00edn V.<\/span><\/p>\n<p><span style=\"color: #000000;\">Ratzinger deja el soleo vaticano hundido en la m\u00e1s negra de las situaciones, bajo investigaci\u00f3n judicial por sus nexos y cr\u00edmenes con la mafia y arruinada por los miles de millones que han pagar en indemnizaciones a losque fueron abusados, violados y torturados por sus protegidos. Es, evidentemente, la huida ante la asunci\u00f3n de responsabilidades por d\u00e9cadas de corrupci\u00f3n de la que \u00e9l ha sido n\u00facleo principal. Huye -incapaz de enfrentarse al chantaje de dos miembros destacados de su organizaci\u00f3n-, Ratzinger se oculta mientras la iglesia se hunde en el mundo, excepto en la Espa\u00f1a franquista, donde sus sectarios se mantienen apoltronados en la desfachatez, la corrupci\u00f3n y la indecencia.<\/span><\/p>\n<p><a href=\"https:\/\/www.joventaoista.org\/wp-content\/uploads\/2013\/03\/juicio_vaticano.jpg\"><img loading=\"lazy\" decoding=\"async\" class=\"wp-image-4024 aligncenter\" title=\"juicio_vaticano\" alt=\"\" src=\"https:\/\/www.joventaoista.org\/wp-content\/uploads\/2013\/03\/juicio_vaticano.jpg\" width=\"420\" height=\"210\" srcset=\"https:\/\/www.joventaoista.org\/wp-content\/uploads\/2013\/03\/juicio_vaticano.jpg 700w, https:\/\/www.joventaoista.org\/wp-content\/uploads\/2013\/03\/juicio_vaticano-600x300.jpg 600w, https:\/\/www.joventaoista.org\/wp-content\/uploads\/2013\/03\/juicio_vaticano-300x150.jpg 300w\" sizes=\"(max-width: 420px) 100vw, 420px\" \/><\/a><\/p>\n<p><span style=\"color: #000000;\">P2: Todos los caminos de Roma conducen a Washington:<\/span><\/p>\n<p><span style=\"color: #0000ff;\">http:\/\/lacasaeuropa.blogspot.com.es\/2010\/04\/todos-los-caminos-de-roma-conducen.html<\/span><\/p>\n<p><span style=\"color: #000000;\">Roberto Calvi, el ahorcado con los bolsillos llenos de ladrillos<\/span><\/p>\n<p><a href=\"https:\/\/www.joventaoista.org\/wp-content\/uploads\/2013\/03\/iglesia-calvi-ahorcado.jpg\"><img loading=\"lazy\" decoding=\"async\" class=\"wp-image-4025 aligncenter\" title=\"iglesia-calvi-ahorcado\" alt=\"\" src=\"https:\/\/www.joventaoista.org\/wp-content\/uploads\/2013\/03\/iglesia-calvi-ahorcado.jpg\" width=\"349\" height=\"179\" srcset=\"https:\/\/www.joventaoista.org\/wp-content\/uploads\/2013\/03\/iglesia-calvi-ahorcado.jpg 582w, https:\/\/www.joventaoista.org\/wp-content\/uploads\/2013\/03\/iglesia-calvi-ahorcado-300x153.jpg 300w\" sizes=\"(max-width: 349px) 100vw, 349px\" \/><\/a><\/p>\n<p><span style=\"color: #000000;\"><strong>Roberto Calvi<\/strong>, lejos de ser un simple banquero corrupto al que la mafia asesin\u00f3 porque le deb\u00eda dinero, es un nudo donde se entrecruzan los m\u00faltiples mecanismos de intervenci\u00f3n norteamericanos sobre el viejo continente, y las antiguas alianzas plutocr\u00e1ticas entre organizaciones con un mismo inter\u00e9s compartido: Poder y Capital.<\/span><\/p>\n<p><a href=\"https:\/\/www.joventaoista.org\/wp-content\/uploads\/2013\/03\/Roberto-Calvi-and-his-wife-Clara-at-a-meeting-with-Pope-Paul-VI.jpg\"><img loading=\"lazy\" decoding=\"async\" class=\"wp-image-4026 aligncenter\" title=\"Roberto Calvi and his wife Clara at a meeting with Pope Paul VI\" alt=\"\" src=\"https:\/\/www.joventaoista.org\/wp-content\/uploads\/2013\/03\/Roberto-Calvi-and-his-wife-Clara-at-a-meeting-with-Pope-Paul-VI.jpg\" width=\"227\" height=\"179\" srcset=\"https:\/\/www.joventaoista.org\/wp-content\/uploads\/2013\/03\/Roberto-Calvi-and-his-wife-Clara-at-a-meeting-with-Pope-Paul-VI.jpg 540w, https:\/\/www.joventaoista.org\/wp-content\/uploads\/2013\/03\/Roberto-Calvi-and-his-wife-Clara-at-a-meeting-with-Pope-Paul-VI-300x236.jpg 300w\" sizes=\"(max-width: 227px) 100vw, 227px\" \/><\/a><\/p>\n<p><span style=\"color: #000000;\">Ahora que el monto del esc\u00e1ndalo pedof\u00edlico eclesi\u00e1stico y la connivencia y complicidad de las m\u00e1s altas jerarqu\u00edas quedan en evidencia, la respuesta vaticana es similar a la de aquellos sucesos en que las finanzas del estado cat\u00f3lico quedaron visible y palmariamente unidas a las de la mafia, la CIA, la organizaci\u00f3n fascista Gladio y la muerte del cardenal Luciani, Juan Pablo I.<\/span><\/p>\n<p><span style=\"color: #000000;\">Fueron los mismos a\u00f1os en que alcanzaron el m\u00e1ximo poder Karol Wojtylla y Joseph Ratzinger, desde su sede cardenalicia en Baviera, y en que el Opus Dei se estableci\u00f3 como la m\u00e1s influyente secta entre la curia. Hagamos un poco de memoria y destapemos lo que tan bien el cardenal norteamericano Paul Marcinkus, el \u201cbanquero de Dios\u201d, consigui\u00f3 que los medios callaran.<\/span><\/p>\n<p><a href=\"https:\/\/www.joventaoista.org\/wp-content\/uploads\/2013\/03\/marcinkus.jpg\"><img loading=\"lazy\" decoding=\"async\" class=\"wp-image-4027 aligncenter\" title=\"marcinkus\" alt=\"\" src=\"https:\/\/www.joventaoista.org\/wp-content\/uploads\/2013\/03\/marcinkus.jpg\" width=\"147\" height=\"180\" \/><\/a><\/p>\n<p style=\"text-align: center;\">\u00a0<strong>centado:\u00a0Paul Marcinkus\u00a0<\/strong><\/p>\n<p><span style=\"color: #000000;\">Adentro del Vaticano se estaba librando una intensa batalla.<\/span><\/p>\n<p><span style=\"color: #000000;\">Por eso ocurrieron otras filtraciones, hasta convertirse en una cascada que fue bautizada como \u2018Vatileaks\u2019, con un peso demoledor sobre la estructura de la ciudad-estado.<\/span><\/p>\n<p><span style=\"color: #000000;\">Todos sospechaban de todos. En mayo ocurri\u00f3 el arresto del mayordomo del Papa, Paolo Gabriele, pero la lentitud de los fiscales y jueces del Vaticano demor\u00f3 la condena, y as\u00ed se extendi\u00f3 el per\u00edodo del esc\u00e1ndalo.<\/span><\/p>\n<p><span style=\"color: #000000;\">La imagen p\u00fablica del Vaticano sigui\u00f3 cayendo porque hubo rumores y versiones de nuevos problemas, inclusive impositivos, en el vapuleado banco IOR (Instituto para las Obras de Religi\u00f3n o Istituto per le Opere di Religione).<\/span><\/p>\n<p><a href=\"https:\/\/www.joventaoista.org\/wp-content\/uploads\/2013\/03\/CR_702202_iglesia.jpg\"><img loading=\"lazy\" decoding=\"async\" class=\"wp-image-4028 aligncenter\" title=\"CR_702202_iglesia\" alt=\"\" src=\"https:\/\/www.joventaoista.org\/wp-content\/uploads\/2013\/03\/CR_702202_iglesia.jpg\" width=\"270\" height=\"258\" srcset=\"https:\/\/www.joventaoista.org\/wp-content\/uploads\/2013\/03\/CR_702202_iglesia.jpg 550w, https:\/\/www.joventaoista.org\/wp-content\/uploads\/2013\/03\/CR_702202_iglesia-300x286.jpg 300w\" sizes=\"(max-width: 270px) 100vw, 270px\" \/><\/a><\/p>\n<p><span style=\"color: #000000;\">Un cierto Monse\u00f1or Egidio Vagnozzi muri\u00f3 repentinamente cerca del Vaticano y fue enterrado sin una autopsia, seg\u00fan un arist\u00f3crata italiano. Vagnozzi estaba presionando para que se realizara una investigaci\u00f3n completa del IOR \u2013 Instituto di Opere Religiose \u2013Instituto para obras religiosas, es decir, el Banco del Vaticano. El \u201calma oscura\u201d detr\u00e1s del Banco del Vaticano es monse\u00f1or Donato de Bonis, dice el arist\u00f3crata italiano. El Banco Vaticano ha estado sin presidente durante los \u00faltimos 8 meses despu\u00e9s de que un pol\u00e9mico Presidente reformista, Ettori Gotti, fuese despedido. Recientemente, han dejado de funcionar los pagos con tarjeta de cr\u00e9dito y cajeros autom\u00e1ticos en el Vaticano porque el Banco Vaticano no est\u00e1 cumpliendo con las normas de lavado de dinero internacional.<\/span><\/p>\n<p><span style=\"color: #000000;\">Benedicto XVI desesperaba por recuperar el eje de su pontificado. As\u00ed se lleg\u00f3 al S\u00ednodo de Obispos, en octubre: en los pasillos se abord\u00f3 m\u00e1s el problema del desgobierno vaticano y las intrigas que en la tarea por delante.<\/span><\/p>\n<p><span style=\"color: #000000;\">Benedicto XVI tom\u00f3 una decisi\u00f3n estrat\u00e9gica: nombrar 6 nuevos cardenales no europeos para \u201ccompletar los nombramientos de febrero con un gesto de universalidad de la Iglesia\u201d.<\/span><\/p>\n<p><span style=\"color: #000000;\">En ese contexto, Benedicto XVI intenta, a partir de su renuncia al pontificado, provocar un evento que permita reorganizar cuestiones muy complicadas dentro del Vaticano.<\/span><span style=\"font-size: 13px; line-height: 19px;\">\u00a0<\/span><\/p>\n<p align=\"center\"><iframe loading=\"lazy\" src=\"http:\/\/www.youtube.com\/embed\/-2h4Ep_TDHs\" height=\"315\" width=\"560\" frameborder=\"0\"><\/iframe><\/p>\n<p>\u00a0<span style=\"color: #000000; font-size: 13px; line-height: 19px;\">Los casos de pedofilia; los Vatileaks; las divisiones y batallas pol\u00edtico-religiosas dentro de la Santa Sede; los casos de corrupci\u00f3n del Banco Vaticano; los complots; y dem\u00e1s temas y casos que quiz\u00e1 nunca conoceremos, quiz\u00e1 fueron demasiado para la salud de un hombre que en abril cumplir\u00e1 86 a\u00f1os de edad.<\/span><\/p>\n<p><span style=\"color: #000000;\">\u00bfPero, es todo? Algo est\u00e1 pasando con lo elitistas<\/span><\/p>\n<p><span style=\"color: #000000;\">Ni en 9, ni en 10 ni en 12, ni en otro d\u00eda; el Papa Benedictus anunci\u00f3 p\u00fablicamente su retiro del Pontificado en el d\u00eda 11 de febrero de 2013, pillando por sorpresa a todo el mundo. La gente que suele ver con frecuencia al Papa ha dicho que en los \u00faltimos tiempos el Pont\u00edfice se ha debilitado mucho.<\/span><\/p>\n<p><span style=\"color: #000000;\">Por lo visto, parece que todas las cosas gordas de la Conspiraci\u00f3n suceden en d\u00eda 11, una fecha concreta que venera mucho la Elite Psic\u00f3pata Illuminati del Poder Mundial.<\/span><\/p>\n<p><span style=\"color: #000000;\">El mes de febrero es el mes II, cuya cifra tiene 2 palotes a modo de cuernos de 11 igualmente. Y en cuanto al a\u00f1o, 2013, a nadie se le escapa que es una cifra ocultista y herm\u00e9tica trascendental, que generar\u00e1 muchas noticias y sorpresas de alcance mundial.<\/span><\/p>\n<p><span style=\"color: #000000;\">Siguiendo las se\u00f1ales que podemos ver, todas y cada un a de ellas parece estar programada tras el \u201cpistoletazo de salida\u201d que ha sido la dimisi\u00f3n de Benedicto XVI.<\/span><\/p>\n<p><span style=\"color: #000000;\">Veamos una psicograf\u00eda de Parraviccini, la cual parece incre\u00edble en sus datos.<\/span><\/p>\n<p><span style=\"color: #000000;\">\u201cUn Mundo en disfraz\u201d (Carnaval y la mascara social de los pol\u00edticos)<\/span><\/p>\n<p><span style=\"color: #000000;\">Uno de los candidatos a la figura del Papa Negro \u201cPeter Turkson\u201d o Pedro \u201cRomano\u201d en un futuro. Quien est\u00e1 a la cabeza de una petici\u00f3n de un solo \u201cente P\u00fablico\u201d que controle la econom\u00eda Mundial y de un \u201cNuevo Orden Mundial\u201d.<\/span><span style=\"font-size: 13px; line-height: 19px;\">\u00a0<\/span><\/p>\n<p align=\"center\"><iframe loading=\"lazy\" src=\"http:\/\/www.youtube.com\/embed\/Vl-YqYTB2fs\" height=\"315\" width=\"560\" frameborder=\"0\"><\/iframe><\/p>\n<p>&nbsp;<\/p>\n<p align=\"center\"><iframe loading=\"lazy\" src=\"http:\/\/www.youtube.com\/embed\/p60jKQ-bXaw\" height=\"315\" width=\"560\" frameborder=\"0\"><\/iframe><\/p>\n<p>\u00a0<span style=\"font-size: 13px; line-height: 19px; color: #000000;\">psicograf\u00eda de Parraviccini, El Pr\u00f3ximo PAPA puede ser un papa negro<\/span><\/p>\n<p><strong><span style=\"color: #000000;\">VISI\u00d3N HIST\u00d3RICA RECIENTE DE LOS ENTRESIJOS DEL VAT\u00cdCANO<\/span><\/strong><\/p>\n<p><span style=\"color: #000000;\">La renuncia de Benedicto XVI: El oscuro legado de Juan Pablo II contin\u00faa atormentando a la Iglesia, por Verdad Ahora:<\/span><\/p>\n<p><span style=\"color: #000000;\">En una ambigua atm\u00f3sfera fue anunciada por el sumo pont\u00edfice Benedicto XVI su abdicaci\u00f3n al papado. Con 85 a\u00f1os, Joseph Ratzinger se convierte en el primer Papa en tomar tan dr\u00e1stica decisi\u00f3n desde 1450. La renuncia gener\u00f3 una ola de cuestionamientos a nivel mundial, enfocadas en desentra\u00f1ar las verdaderas razones detr\u00e1s de la medida. Para muchos, la dimisi\u00f3n de Benedicto XVI obedece a una crisis dentro de la Iglesia, en el marco de un a\u00f1o plagado de denuncias sobre abusos sexuales, truculentos manejos financieros y encubrimiento de actividades il\u00edcitas en el coraz\u00f3n de la Santa Sede.<\/span><span style=\"font-size: 13px; line-height: 19px;\">\u00a0<\/span><\/p>\n<p align=\"center\"><iframe loading=\"lazy\" src=\"http:\/\/www.youtube.com\/embed\/-jxv5h1oyAg\" height=\"315\" width=\"560\" frameborder=\"0\"><\/iframe><\/p>\n<p>\u00a0<span style=\"color: #000000; font-size: 13px; line-height: 19px;\">Otros han posicionado a Ratzinger como la v\u00edctima de una pugna interna en el Vaticano que posee amplios precedentes en el siglo pasado. Su salida puede ser interpretada como un producto de las presiones y tensiones vividas en el \u00faltimo tiempo, las cuales han provocado el debilitamiento de la autoridad papal a su nivel m\u00e1s \u00e1lgido.<\/span><\/p>\n<p><span style=\"color: #000000;\">La historia de la Santa Sede no ha estado exenta de episodios nebulosos que requieren an\u00e1lisis y una doble interpretaci\u00f3n. A continuaci\u00f3n recapitularemos algunos de ellos e intentaremos aportar antecedentes para esclarecer el actual escenario que vive la Iglesia, inserta en el \u00faltimo mes del pontificado de Benedicto XVI.<\/span><\/p>\n<p><a style=\"font-size: 13px; line-height: 19px;\" href=\"https:\/\/www.joventaoista.org\/wp-content\/uploads\/2013\/03\/rata.jpg\"><img loading=\"lazy\" decoding=\"async\" class=\"wp-image-4030 aligncenter\" title=\"rata\" alt=\"\" src=\"https:\/\/www.joventaoista.org\/wp-content\/uploads\/2013\/03\/rata.jpg\" width=\"278\" height=\"186\" \/><\/a><\/p>\n<p style=\"text-align: center;\"><strong><span style=\"color: #000000;\">\u00a0<\/span><span style=\"color: #000000; font-size: 13px; line-height: 19px;\">Juan Pablo I, el \u201cPapa de la sonrisa\u201d<\/span><\/strong><\/p>\n<p>\u00a0<span style=\"color: #000000; font-size: 13px; line-height: 19px;\">No podemos comenzar esta historia sin antes recordar uno de los mayores misterios que ha envuelto a la Iglesia: la muerte de Juan Pablo I, a escasos 33 d\u00edas de su papado.<\/span><\/p>\n<p><span style=\"color: #000000;\">Originario de la localidad de Forno Di Canale, el italiano Albino Luciani encontr\u00f3 su muerte un 28 de septiembre de 1978, oficialmente producto de un infarto mientras dorm\u00eda en su cama. La versi\u00f3n convencional es contrariada por su familia, la cual asegura que Luciani \u2013 descrito como \u201cel Papa de la sonrisa\u201d \u2013 muri\u00f3 realmente en su escritorio.<\/span><\/p>\n<p><span style=\"color: #000000;\">El sacerdote espa\u00f1ol Jes\u00fas L\u00f3pez, respald\u00e1ndose en una autopsia realizada al cad\u00e1ver de Luciani, asegur\u00f3 en 2003 que Juan Pablo I hab\u00eda muerto por la \u201cingesti\u00f3n de una dosis fort\u00edsima de un vasodilatador\u201d. L\u00f3pez pertenece a un sector minoritario que pretende \u201clavar\u201d la imagen de un pontificado que, asegura, \u201cpudo ser revolucionario en la Iglesia\u201d.<\/span><\/p>\n<p><span style=\"color: #000000;\">Efectivamente, Juan Pablo I ten\u00eda muchos enemigos en la Santa Sede. En primer lugar, pretend\u00eda profundizar las obras del anterior papado, Juan XXIII, compuestas por pol\u00edticas impopulares para la Curia. Adem\u00e1s, una de sus mayores prioridades era trasparentar las cuentas bancarias del Vaticano, en las cuales proliferaba la \u201cevasi\u00f3n de impuestos\u201d y el \u201cmovimiento ilegal de acciones\u201d.<\/span><\/p>\n<p><span style=\"color: #000000;\">Algunos han establecido una relaci\u00f3n entre el oscuro Banco Ambrosiano, cuyo accionista principal era el Banco Vaticano, y el asesinato no esclarecido de Juan Pablo I.<\/span><\/p>\n<p><a href=\"https:\/\/www.joventaoista.org\/wp-content\/uploads\/2013\/03\/F07july_Calvi_Roberto.jpg\"><img loading=\"lazy\" decoding=\"async\" class=\"alignnone size-full wp-image-4031 alignleft\" title=\"F07july_Calvi_Roberto\" alt=\"\" src=\"https:\/\/www.joventaoista.org\/wp-content\/uploads\/2013\/03\/F07july_Calvi_Roberto.jpg\" width=\"175\" height=\"266\" \/><\/a><\/p>\n<p><span style=\"color: #000000;\">El 18 de julio de 1982 fue hallado muerto bajo el Puente Blackfriars el banquero italiano Roberto Calvi, presidente del Banco Ambrosiano. Su fallecimiento se encuentra envuelto en un velo de misterio. Calvi pertenec\u00eda a la Logia Propaganda Due (P2), liderada por el mafioso Licio Gelli, y se le vincula con extra\u00f1os movimientos de dinero del narcotr\u00e1fico que llegan incluso hasta el conocido Pablo Escobar.<\/span><\/p>\n<p><span style=\"color: #000000;\">Calvi habr\u00eda sido asesinado para encubrir sus conexiones con las actividades il\u00edcitas de la Santa Sede. De su muerte se ha culpado a la propia Logia P2, cuya influencia en el Vaticano no es menor. Entre los miembros de esta logia mas\u00f3nica se encuentra el terrorista neofascista Stefano Delle Chaie, involucrado en las operaciones de inteligencia de C\u00f3ndor y Gladio, y conectado con la Liga Mundial Anticomunista.<\/span><\/p>\n<p><span style=\"color: #000000;\">Delle Chaie figura como uno de los extremistas italianos usados por Augusto Pinochet en el atentado contra el dem\u00f3cratacristiano Bernando Leighton y varias \u201cmisiones\u201d de contraespionaje e investigaciones qu\u00edmicas durante la dictadura chilena, muchas de las cuales se hicieron en compa\u00f1\u00eda de Michael Townley, agente de la DINA vinculado a la CIA.<\/span><\/p>\n<p><strong>Roberto Calvi<\/strong><\/p>\n<p><span style=\"color: #000000;\">Las acciones il\u00edcitas del Banco Ambrosiano, a trav\u00e9s del cual se canalizaron enormes sumas de dinero negro para desestabilizar gobiernos, ser\u00edan ahondadas en el pr\u00f3ximo pontificado de Juan Pablo II.<\/span><\/p>\n<p><span style=\"color: #000000;\">El oscuro legado de Juan Pablo II<\/span><\/p>\n<p><span style=\"color: #000000;\">\u00a0<a href=\"https:\/\/www.joventaoista.org\/wp-content\/uploads\/2013\/03\/546546.jpg\"><img loading=\"lazy\" decoding=\"async\" class=\"size-medium wp-image-4032 alignright\" title=\"546546\" alt=\"\" src=\"https:\/\/www.joventaoista.org\/wp-content\/uploads\/2013\/03\/546546-300x219.jpg\" width=\"300\" height=\"219\" srcset=\"https:\/\/www.joventaoista.org\/wp-content\/uploads\/2013\/03\/546546-300x219.jpg 300w, https:\/\/www.joventaoista.org\/wp-content\/uploads\/2013\/03\/546546.jpg 512w\" sizes=\"(max-width: 300px) 100vw, 300px\" \/><\/a><\/span><span style=\"color: #000000; font-size: 13px; line-height: 19px;\">Juan Pablo II junto al dictador Augusto Pinochet durante su visita en 1987<\/span><\/p>\n<p><span style=\"color: #000000;\">Sobre la gesti\u00f3n del sucesor de Juan Pablo I, el polaco y ferviente anticomunista Karol Wojtyla, se ha colocado un manto de santidad y probidad que no puede estar m\u00e1s alejado de la realidad.<\/span><\/p>\n<p><span style=\"color: #000000;\">Con la instalaci\u00f3n de Juan Pablo II, las investigaciones sobre los oscuros manejos financieros del Vaticano fueron ocultadas y los responsables permanecieron en sus puestos; el Vaticano encubri\u00f3 y protegi\u00f3 a los involucrados en casos de abuso sexual, aval\u00f3 dictaduras y particip\u00f3 en operaciones de desestabilizaci\u00f3n pol\u00edtica, adem\u00e1s de permitir la consolidaci\u00f3n de los movimientos ultraconservadores y terminar con el esp\u00edritu de reforma que hab\u00eda caracterizado a la Iglesia desde el Concilio Vaticano II.<\/span><\/p>\n<p><span style=\"color: #000000;\">Es con Juan Pablo II que asciende a la cima del poder de la Iglesia una de las organizaciones ultraconservadoras m\u00e1s pol\u00e9micas, el Opus Dei, que fue transformada en prelatura personal del Papa. De igual forma, adquieren influencia los Legionarios de Cristo, involucrados en numerosos casos de abuso sexual.<\/span><\/p>\n<p><span style=\"color: #000000;\">As\u00ed, \u201cmientras el Papa estuvo vivo, la consigna fue tapar y proteger a las ovejas descarriadas, y sobre todos ellos al l\u00edder de los Legionarios de Cristo, Marcial Maciel, elevado al altar de asesor principal de Wojtyla e inmune a toda condena pese a la t\u00edmida oposici\u00f3n de Benedicto XVI, que solo pudo poner orden cuando lleg\u00f3 al trono\u201d.<\/span><\/p>\n<p><span style=\"color: #000000;\">En el contexto de la Guerra Fr\u00eda, Juan Pablo II tambi\u00e9n fue una pieza clave en la desestabilizaci\u00f3n de Europa Oriental. Bajo su mando, la Santa Sede particip\u00f3 en operaciones oscuras para apoyar al sindicato cat\u00f3lico y anticomunista polaco Solidaridad, liderado por Lech Walesa.<\/span><\/p>\n<p><span style=\"color: #000000;\">A fines de 1980, el presidente Jimmy Carter \u201corden\u00f3 a su Asesor de Seguridad Nacional, Zbigniew Brzezinski, informar al Vaticano que Estados Unidos ten\u00eda recursos de inteligencia clandestinos disponibles para ayudar a Solidaridad\u201d y, \u201ccon los gobiernos de Europa Occidental reticentes a confrontar abiertamente a la Uni\u00f3n Sovi\u00e9tica por sus agresiones, Brzezinski sencillamente le pidi\u00f3 al Papa Juan Pablo II unirse a Estados Unidos para aislar econ\u00f3mica, cultural y pol\u00edticamente a los sovi\u00e9ticos si interven\u00edan en Polonia. El Papa lo consider\u00f3 y lo hizo\u201d.<\/span><\/p>\n<p><span style=\"color: #000000;\">Posteriormente, el Banco Vaticano ser\u00eda acusado de proveer dinero a estas operaciones a trav\u00e9s del Banco Ambrosiano con el objeto de financiar no s\u00f3lo a Solidaridad, sino a la Contra nicarag\u00fcense y a partidos pol\u00edticos italianos.<\/span><\/p>\n<p><span style=\"color: #000000;\">Fue esta abierta postura anticomunista de Juan Pablo II la que explica la mediaci\u00f3n del Vaticano entre Chile y Argentina por el conflicto del Beagle, en circunstancias que ambos pa\u00edses estaban gobernados por dictaduras anticomunistas que le generaban simpat\u00edas.<\/span><\/p>\n<p><span style=\"color: #000000;\"><a href=\"https:\/\/www.joventaoista.org\/wp-content\/uploads\/2013\/03\/images-1.jpg\"><img loading=\"lazy\" decoding=\"async\" class=\"alignleft size-full wp-image-4033\" title=\"images (1)\" alt=\"\" src=\"https:\/\/www.joventaoista.org\/wp-content\/uploads\/2013\/03\/images-1.jpg\" width=\"240\" height=\"172\" \/><\/a>La raz\u00f3n de la visita del Papa a Chile en 1987 no fue su preocupaci\u00f3n por las violaciones a los derechos humanos, sino manifestar su apoyo a Augusto Pinochet. Lo anterior es confirmado por el respaldo que el Sumo Pont\u00edfice le otorg\u00f3 al dictador chileno mientras estuvo detenido en Londres.<\/span><\/p>\n<p><span style=\"color: #000000;\">De hecho, los prelados nombrados en Chile durante el pontificado de Juan Pablo II se apartaron de las tradiciones de su generaci\u00f3n anterior. \u00c9sta, liderada por el cardenal Silva Henr\u00edquez, se hab\u00eda caracterizado por la defensa de los derechos humanos. Los nuevos prelados representaron a los sectores m\u00e1s conservadores, protagonistas de la mayor\u00eda de los casos de pedofilia y abuso sexual convenientemente ocultados durante el mandato de Juan Pablo II.<\/span><\/p>\n<p><span style=\"color: #000000;\">En mayor medida, son los oscuros manejos e intereses que fueron instalados en las altas instancias del poder por su predecesor los que explican el fracaso de Benedicto XVI en su intento por sanear a la Iglesia.<\/span><\/p>\n<p style=\"text-align: center;\"><strong><span style=\"color: #000000;\">\u00bfGolpe de palacio en el Vaticano?<\/span><\/strong><\/p>\n<p><a href=\"https:\/\/www.joventaoista.org\/wp-content\/uploads\/2013\/03\/666.jpg\"><img loading=\"lazy\" decoding=\"async\" class=\"size-medium wp-image-4034 aligncenter\" title=\"666\" alt=\"\" src=\"https:\/\/www.joventaoista.org\/wp-content\/uploads\/2013\/03\/666-300x200.jpg\" width=\"300\" height=\"200\" srcset=\"https:\/\/www.joventaoista.org\/wp-content\/uploads\/2013\/03\/666-300x200.jpg 300w, https:\/\/www.joventaoista.org\/wp-content\/uploads\/2013\/03\/666-600x400.jpg 600w, https:\/\/www.joventaoista.org\/wp-content\/uploads\/2013\/03\/666.jpg 645w\" sizes=\"(max-width: 300px) 100vw, 300px\" \/><\/a><\/p>\n<p style=\"text-align: center;\">\u00a0<strong><span style=\"font-size: 13px; line-height: 19px;\">\u201cComplot contra el Papa, dentro de 12 meses morir\u00e1\u201d reza la portada de Il Fatto Quotidiano&#8221;<\/span><\/strong><\/p>\n<p><span style=\"color: #000000;\">En febrero de 2012, el peri\u00f3dico italiano de izquierda Il Fatto Quotidiano revel\u00f3 una carta an\u00f3nima donde se alertaba que Benedicto XVI morir\u00eda dentro de los pr\u00f3ximos 12 meses \u2013 es decir, en febrero de 2013.<\/span><\/p>\n<p><span style=\"color: #000000;\">Seg\u00fan el rotativo, la misiva escrita en alem\u00e1n y dirigida a Ratzinger \u201cadvierte sobre un presunto \u201cmordkomplott\u201d (\u201ccomplot de muerte\u201d) contra el Santo Padre y parece aludir a un supuesto atentado que podr\u00eda darse \u201cen los pr\u00f3ximos 12 meses\u201d.\u201d<\/span><\/p>\n<p><span style=\"color: #000000;\">La misiva explica que \u201cLa relaci\u00f3n entre el Santo Padre y su secretario de Estado, cardenal Tarcisio Bertone, ser\u00eda muy conflictual. En una atm\u00f3sfera de confidencialidad, el cardenal Romeo dijo que Papa Benedicto XVI odiar\u00eda literalmente a Tarcisio Bertone y que lo remplazar\u00eda ganosamente por otro cardenal\u201d. Se agrega que el Papa \u201cya est\u00e1 preparando su sucesi\u00f3n, en la que aparece como candidato n\u00famero uno para remplazarlo el cardenal \u00c1ngelo Scola, de 70 a\u00f1os, actual arzobispo de Mil\u00e1n y ex patriarca de Venecia\u201d.<\/span><\/p>\n<p><span style=\"color: #000000;\">\u201cSe trata, evidentemente, de delirios tan incre\u00edbles que no hay que tomar para nada en serio\u201d, dijo el vocero de la Santa Sede, Federico Lombardi, en respuesta a la publicaci\u00f3n.<\/span><\/p>\n<p><span style=\"color: #000000;\">A ra\u00edz de la filtraci\u00f3n, se desliz\u00f3 la posibilidad de una disputa interna por el poder entre el actual Tarcisio Bertone y la vieja guardia curial de Juan Pablo II encabezada por \u00c1ngelo Sodano, adem\u00e1s de grandes fisuras entre el propio Bertone y Benedicto XVI.<\/span><\/p>\n<p><span style=\"color: #000000; font-size: 13px; line-height: 19px;\">Contribuyendo al clima de tensi\u00f3n, tambi\u00e9n salieron a la palestra los problemas financieros de la Santa Sede cuando J.P. Morgan Chase cerr\u00f3 una cuenta del IOR \u2013 el Banco Vaticano \u2013 en su subsidiaria de Mil\u00e1n, citando falta de transparencia. Poco tiempo despu\u00e9s, luego de llamados a la probidad del Banco Vaticano y el cumplimiento de estatutos financieros de la Uni\u00f3n Europea, \u201cel Departamento de Estado, por primera vez, agreg\u00f3 a la Santa Sede a su lista de naciones de lavado de dinero.\u201d<\/span><\/p>\n<p><span style=\"color: #000000;\">Casi paralelamente explot\u00f3 el esc\u00e1ndalo de los \u201cVatileaks\u201d, una filtraci\u00f3n que dar\u00eda cuenta de varios casos de corrupci\u00f3n financiera en el seno de la Iglesia<\/span><span style=\"color: #000000; font-size: 13px; line-height: 19px;\">.<\/span><span style=\"font-size: 13px; line-height: 19px;\">\u00a0<\/span><\/p>\n<p align=\"center\"><iframe loading=\"lazy\" src=\"http:\/\/www.youtube.com\/embed\/CzoyNTbsML4\" height=\"315\" width=\"560\" frameborder=\"0\"><\/iframe><\/p>\n<p><span style=\"color: #000000;\">Por la situaci\u00f3n fueron condenados Paolo Gabriele, el mayordomo del Papa, y Claudio Sciarpelletti, un t\u00e9cnico inform\u00e1tico, como autores de la filtraci\u00f3n. La investigaci\u00f3n fue encargada al cardenal espa\u00f1ol Juli\u00e1n Herranz, quien descubri\u00f3 al topo (Gabriele), pero no a su jefe o jefes. En diciembre de 2012, el Papa indult\u00f3 a Gabriele.<\/span><\/p>\n<p><span style=\"color: #000000;\">En una entrevista con agencias internacionales, el cardenal Bertone denunci\u00f3 el esc\u00e1ndalo como \u201cataques dirigidos, feroces y organizados\u201d.<\/span><\/p>\n<p><span style=\"color: #000000;\">Sin embargo, algunos apuntan como instigador de los Vatileaks al mismo Bertone, en un af\u00e1n por desestabilizar al actual papado. A Bertone se le acusa de \u201cacumular mucho poder y frenar la limpieza de la Curia y del Banco Vaticano implicado en lavado de activos \u2013que ascender\u00eda a 23 millones de euros\u2013, as\u00ed como de conspirar para forzar una sucesi\u00f3n de Benedicto XVI.\u201d<\/span><\/p>\n<p><span style=\"color: #000000;\">Tal complot coincidir\u00eda con el contenido de la misiva revelada por Il Fatto Quotidiano, en referencia a una pugna de poderes entre Bertone y Ratzinger.<\/span><\/p>\n<p><span style=\"color: #000000;\">Washington contra Benedicto XVI<\/span><\/p>\n<p><span style=\"color: #000000;\">Sum\u00e1ndose a los conflictos internos, la postura oficial de la Santa Sede tambi\u00e9n hab\u00eda chocado con la de Occidente en varios aspectos \u2013 uno de ellos, con relaci\u00f3n a Siria, al negarse a prestar apoyo a los rebeldes armados financiados por las potencias imperiales.<\/span><\/p>\n<p><span style=\"color: #000000;\">Las relaciones de Bashar Al Assad con el Vaticano han sido muy cordiales, pues Benedicto ha expresado su preocupaci\u00f3n por la situaci\u00f3n de la comunidad cristiana \u2013 que en su mayor\u00eda apoya al gobierno sirio \u2013 ante el hostigamiento de los rebeldes extremistas que han llevado a cabo numerosas masacres contra las minor\u00edas religiosas. Este hecho ha sido utilizado tanto para demonizar a Ratzinger como a Assad.<\/span><\/p>\n<p><span style=\"color: #000000;\">Sin ir m\u00e1s lejos, ha sido la agencia informativa del Vaticano (Fides), una de las pocas que desde el comienzo dio cuenta de las atrocidades cometidas por los terroristas de oposici\u00f3n y la existencia de mercenarios y combatientes extranjeros luchando contra Assad en Siria.<\/span><\/p>\n<p><span style=\"color: #000000;\">En diciembre pasado, el Vaticano se mostr\u00f3 contrario \u201ca cualquier intervenci\u00f3n militar que pueda recordar lo que ocurri\u00f3 en Irak, en Libia y en Costa de Marfil\u201d.<\/span><\/p>\n<p><span style=\"color: #000000;\">Hace s\u00f3lo unos d\u00edas, seg\u00fan una versi\u00f3n que circula en la red, Benedicto XVI habr\u00eda rechazado reunirse con representantes de la oposici\u00f3n siria, argumentando que no apoyaba el terrorismo. El encuentro habr\u00eda sido solicitado por el Embajador franc\u00e9s en el Vaticano, Bruno Jouber, siendo luego rechazado con la explicaci\u00f3n de que la Santa Sede no se reunir\u00eda con los rebeldes, \u201cantes de que la Oposici\u00f3n Siria representada por [Moaz] al-Jatib expida una posici\u00f3n formal condenando el sufrimiento en Siria a manos de los insurgentes.\u201d<\/span><\/p>\n<p><span style=\"color: #000000;\">En agosto de 2012, el historiador Webster Tarpley se\u00f1al\u00f3 en entrevista con la cadena iran\u00ed Press TV que la Casa Blanca estaba preparando una \u201cPrimavera Vaticana\u201d para neutralizar al Vaticano como actor internacional, dado sus choques con los designios de Washington.<\/span><\/p>\n<p><span style=\"color: #000000;\">Concordando con la posibilidad de una estrategia de desestabilizaci\u00f3n contra la Santa Sede, el ex analista de la NSA y periodista Wayne Madsen sostuvo a mediados de 2012 que el Vaticano era v\u00edctima de una campa\u00f1a para debilitar su protagonismo pol\u00edtico \u2013 plan que inclu\u00eda esc\u00e1ndalos \u201ccontrolados\u201d como el Vatileaks.<\/span><\/p>\n<p><span style=\"color: #000000;\">Madsen mencion\u00f3 el respaldo que el Papa hab\u00eda otorgado a la alianza BRICS \u2013 Brasil, Rusia, India, China y Sud\u00e1frica \u2013 para reorientar el control financiero fuera de Londres, Frankfurt, New York y Washington, una pol\u00edtica que iba en contra de los designios de organismos financieros internacionales como el Banco Mundial.<\/span><\/p>\n<p><span style=\"color: #000000;\">Es ese el contexto en que se encontraba Benedicto XVI: sin poder y aliados importantes tanto dentro como fuera de la iglesia, en un escenario donde su pontificado viv\u00eda una profunda crisis de credibilidad.<\/span><\/p>\n<p><span style=\"color: #000000;\">En su \u00faltima misa, Joseph Ratzinger denunci\u00f3 \u201chipocres\u00eda y divisiones\u201d en la Iglesia. Se lament\u00f3 por la \u201chipocres\u00eda religiosa\u201d, as\u00ed como \u201cel comportamiento de los que aparentan\u201d y las actitudes que buscan ante todo \u201clos aplausos y la aprobaci\u00f3n\u201d, e inst\u00f3 a \u201csuperar el individualismo y las rivalidades\u201d.<\/span><\/p>\n<p><span style=\"color: #000000;\">Como sentencia Miguel Mora en El Pa\u00eds, que su renuncia \u201csea el primer caso en m\u00e1s de 700 a\u00f1os dice mucho sobre el nivel de la iniquidad con el que ha convivido. Que no se haya filtrado la noticia lo dice todo sobre su soledad.\u201d<\/span><\/p>\n<p align=\"center\"><iframe loading=\"lazy\" src=\"http:\/\/www.youtube.com\/embed\/ggi7soQJz7k?list=PLmXgFrSFPIzeBlsTuXCiSHSyg2Kr60Re4\" height=\"315\" width=\"560\" allowfullscreen=\"\" frameborder=\"0\"><\/iframe><\/p>\n","protected":false},"excerpt":{"rendered":"<p>Benedicto XVI, quer\u00eda dimitir el 21 de diciembre del 2012, pero no le dejaron hacerlo, al menos eso se comenta entre algunos cardenales. Estamos ante una pelea de hienas en el Vaticano tras la que se desata la dimisi\u00f3n de un Papa, hecho que no hab\u00eda ocurrido desde hace m\u00e1s de 6 siglos. Se marcha [&hellip;]<\/p>\n","protected":false},"author":1,"featured_media":4020,"comment_status":"open","ping_status":"open","sticky":false,"template":"","format":"standard","meta":{"_et_pb_use_builder":"","_et_pb_old_content":"","_et_gb_content_width":"","footnotes":""},"categories":[106],"tags":[],"class_list":["post-7589","post","type-post","status-publish","format-standard","has-post-thumbnail","hentry","category-konspiracion-eo"],"_links":{"self":[{"href":"https:\/\/www.joventaoista.org\/eo\/wp-json\/wp\/v2\/posts\/7589","targetHints":{"allow":["GET"]}}],"collection":[{"href":"https:\/\/www.joventaoista.org\/eo\/wp-json\/wp\/v2\/posts"}],"about":[{"href":"https:\/\/www.joventaoista.org\/eo\/wp-json\/wp\/v2\/types\/post"}],"author":[{"embeddable":true,"href":"https:\/\/www.joventaoista.org\/eo\/wp-json\/wp\/v2\/users\/1"}],"replies":[{"embeddable":true,"href":"https:\/\/www.joventaoista.org\/eo\/wp-json\/wp\/v2\/comments?post=7589"}],"version-history":[{"count":0,"href":"https:\/\/www.joventaoista.org\/eo\/wp-json\/wp\/v2\/posts\/7589\/revisions"}],"wp:featuredmedia":[{"embeddable":true,"href":"https:\/\/www.joventaoista.org\/eo\/wp-json\/wp\/v2\/media\/4020"}],"wp:attachment":[{"href":"https:\/\/www.joventaoista.org\/eo\/wp-json\/wp\/v2\/media?parent=7589"}],"wp:term":[{"taxonomy":"category","embeddable":true,"href":"https:\/\/www.joventaoista.org\/eo\/wp-json\/wp\/v2\/categories?post=7589"},{"taxonomy":"post_tag","embeddable":true,"href":"https:\/\/www.joventaoista.org\/eo\/wp-json\/wp\/v2\/tags?post=7589"}],"curies":[{"name":"wp","href":"https:\/\/api.w.org\/{rel}","templated":true}]}}