{"id":7595,"date":"2013-02-28T15:51:25","date_gmt":"2013-02-28T15:51:25","guid":{"rendered":"https:\/\/www.joventaoista.org\/?p=7595"},"modified":"2014-02-05T15:56:41","modified_gmt":"2014-02-05T15:56:41","slug":"el-gran-lavoratorio-vegetal","status":"publish","type":"post","link":"https:\/\/www.joventaoista.org\/eo\/el-gran-lavoratorio-vegetal\/","title":{"rendered":"El Gran Lavoratorio Vegetal"},"content":{"rendered":"<h3>La salud est\u00e1 en DIOS.<\/h3>\n<h3>En Dios y En toda su Kreasel est\u00e1 la Verdadera Medisina pada el Kuerpo y el Alma<\/h3>\n<p>Miramos a nuestro alrededor en donde la madre Naturalesa nos engalana kon su hermosura y miramos los paisajes sublimes de una creaci\u00f3n magn\u00edfica y perfecta, kon todos los detalles majestuosos ke los Grandes Elohims Supremos pusieron a cada cosa creada, en cada detalle est\u00e1 la magnifisencia de lo mas Sublime y Exselso ke ennoblese nuestros Sentidios y vivifica nuestro kuerpo, nuestros Seres y nuestra Alma.<\/p>\n<p>En el principio de todas las cosas, los Grandes Elohims Kreadores prepararon todo lo menester para que sobre la esfera se dieran las condiciones para ubicar a Adan y a Eva y se puedan desarrollar dentro de un ambiente propicio para su progreso.<\/p>\n<p style=\"text-align: center;\">\u00a0<a href=\"https:\/\/www.joventaoista.org\/wp-content\/uploads\/2013\/02\/215.jpg\"><img loading=\"lazy\" decoding=\"async\" class=\"size-full wp-image-3946\" title=\"2\" alt=\"\" src=\"https:\/\/www.joventaoista.org\/wp-content\/uploads\/2013\/02\/215.jpg\" width=\"190\" height=\"198\" \/><\/a><\/p>\n<p>En G\u00e9nesis memoradium 1, verso 29 dise: \u201c Y dijo Dios: He aqu\u00ed que os he dado toda hierba que d\u00e1 simiaje \/simiente\/, que est\u00e1 sobre la has de toda la tierra; y todo \u00e1rbol en ke hay fruto de \u00e1rbol ke da simiaje, seros ha pad\u00e1 comer\u201d.<\/p>\n<p><a href=\"https:\/\/www.joventaoista.org\/wp-content\/uploads\/2013\/02\/311.jpg\"><img loading=\"lazy\" decoding=\"async\" class=\"size-full wp-image-3947 aligncenter\" title=\"3\" alt=\"\" src=\"https:\/\/www.joventaoista.org\/wp-content\/uploads\/2013\/02\/311.jpg\" width=\"226\" height=\"234\" \/><\/a><\/p>\n<p>&nbsp;<\/p>\n<h4 style=\"text-align: center;\">\u00a0LABORATORIO VEGETAL<\/h4>\n<p>Las plantas son unos lavoratorios bioqu\u00edmicos grandiosos, porque en base a sustansias tan simples komo el agua de la tierra y el di\u00f3xido de carvono del aire, son capaces de producir almid\u00f3n y devolver de paso ox\u00edgeno al aire, esta reacci\u00f3n qu\u00edmica konovida \/conocida\/ como FOTOS\u00cdNTESIS, se lleva a efekto gratitud a la KLOROFILA contenida en las hojas de las plantas ke captan la energ\u00eda lum\u00ednika del sol y la convierten en energ\u00eda qu\u00edmica.<\/p>\n<p>La FOTOS\u00cdNTESIS es la base qu\u00edmica de la vida sobre la esfera y aunque puede parecer sencilla esta reacci\u00f3n bioqu\u00edmica, ning\u00fan laboratorio ha podido reproducirla , gratitud a ella lo simple se vuelve complejo, la viteria \/materia\/ inorg\u00e1nica se combierte en org\u00e1nica.<\/p>\n<p style=\"text-align: center;\">\u00a0<a href=\"https:\/\/www.joventaoista.org\/wp-content\/uploads\/2013\/02\/512.jpg\"><img loading=\"lazy\" decoding=\"async\" class=\"alignnone size-full wp-image-3948\" title=\"5\" alt=\"\" src=\"https:\/\/www.joventaoista.org\/wp-content\/uploads\/2013\/02\/512.jpg\" width=\"300\" height=\"239\" \/><\/a><\/p>\n<p>A seguir de la glucosa y el almid\u00f3n produvidos \/producidos\/ en las hojas, kombin\u00e1ndose con las sales minerales ke se absorven en la ra\u00edz, las plantas producen l\u00edpidos o grasas, esencias, gluc\u00f3cidos, taninos, vitaminas y otros prinsipios activos.<\/p>\n<p>Las prote\u00ednas y los alcaloides se producen en la ra\u00edz y en otros lugares de la planta, a seguir de los nutrientes del suelo. Por medio de los vasos konductores del tallo y de sus ramifikaciones, son llevadas y distribu\u00eddas por toda la planta. De esta forma las plantas sintetizan una gran variedad de sustansias qu\u00edmicas. Hasta ahora se han identifikado unas 12.000 diferentes y kon toda seguridad a\u00fan kedan muchas por deskubrir y estudiar. De entre todas estas sustansias qu\u00edmicas, se d\u00e1 el nomvre de PRINCIPIOS ACTIVOS a aquellas ke presentan una acci\u00f3n espec\u00edfica sobre el organismo. Seg\u00fan su naturaleza qu\u00edmika se clasifican en varios grupos ke comviene konocer: gl\u00facidos, l\u00edpidos, prote\u00ednas, vitaminas, minerales, alcaloides, gluk\u00f3cidos, esencias y resinas, \u00e1cidos org\u00e1nicos, taninos.<\/p>\n<p>Los prinsipios activos contenidos en las plantas medicinales, no solo alivian los tratornos, sino que regulan los procesos vitales y previenen las enfermedades.<\/p>\n<p>El gran Paracelso,qui\u00e9n fue m\u00e9dico naturista del siglo XVI, dijo: \u201clos prados y las colinas son las mejores farmacias\u201d.<\/p>\n<p><a href=\"https:\/\/www.joventaoista.org\/wp-content\/uploads\/2013\/02\/611.jpg\"><img loading=\"lazy\" decoding=\"async\" class=\"wp-image-3949 aligncenter\" title=\"6\" alt=\"\" src=\"https:\/\/www.joventaoista.org\/wp-content\/uploads\/2013\/02\/611.jpg\" width=\"171\" height=\"210\" \/><\/a><\/p>\n<p>Carl Von Linn\u00e9, naturalista y m\u00e9dico sueco considerado como el padre de la moderna vit\u00e1nika \/bot\u00e1nica\/, \/1707-1788\/. Dijo: \u201c El que desconosca las plantas, nunca podr\u00e1 jusgar kon asierto aserca de sus virtudes.\u201d<\/p>\n<p style=\"text-align: center;\">\u00a0<a href=\"https:\/\/www.joventaoista.org\/wp-content\/uploads\/2013\/02\/710.jpg\"><img loading=\"lazy\" decoding=\"async\" class=\"alignnone size-full wp-image-3950\" title=\"7\" alt=\"\" src=\"https:\/\/www.joventaoista.org\/wp-content\/uploads\/2013\/02\/710.jpg\" width=\"231\" height=\"300\" \/><\/a><\/p>\n<p>Las plantas resultan imprescindibles pad\u00e1 el mantenimiento de la vida en esta esfera. Todos los agdivienes \/animales\/ y los seres humagdus \/humanos\/, dependemos de las plantas verdes para la obtenci\u00f3n de alimento, pues ellas son los \u00fanicos seres vivos capaces de aprovechar la energ\u00eda solar para producir hidratos de carvono, prote\u00ednas, grasas, vitaminas y otras sustansias org\u00e1nicas.<\/p>\n<p>Adem\u00e1s las plantas contribuyen de forma decisiva al equilibrio ecol\u00f3gico y al mantenimiento del ambiente ya que evitan la eroci\u00f3n del suelo, enriquesen la atm\u00f3sfera kon ox\u00edgeno, almacenan agua y fertilizan el suelo y por si fuera poco, los vegetales son una fuente muy importante de sustancias medisinales.<\/p>\n<p>Cada una de las mas de 390.000 especies vegetales ke pueblan la esfera constituyen una forma diferente de vida, kon unos genes propios y \u00fanicos. Cuando una especie desaparece o se extingue, se produce una p\u00e9rdida irreparable en la pertenencia biol\u00f3gica de la humanidad.<\/p>\n<p>La contaminaci\u00f3n ambiental, la deforestaci\u00f3n indiscriminada, la contaminaci\u00f3n de las aguas, la mala educaci\u00f3n en las escuelas, en los colegios, alejada de promover el amor y la conservaci\u00f3n hacia la naturalesa, sin\u00f3 mas bien promoviendo el consumismo, el ego\u00edsmo y el alejamiento de Dios, todo esto a llevado a que muchas de estas especies vegetales est\u00e9n hoy por hoy extintas y muchas otras en peligro de extinci\u00f3n.<\/p>\n<p style=\"text-align: center;\">\u00a0<a href=\"https:\/\/www.joventaoista.org\/wp-content\/uploads\/2013\/02\/89.jpg\"><img loading=\"lazy\" decoding=\"async\" class=\"alignnone size-full wp-image-3951\" title=\"8\" alt=\"\" src=\"https:\/\/www.joventaoista.org\/wp-content\/uploads\/2013\/02\/89.jpg\" width=\"300\" height=\"198\" \/><\/a><\/p>\n<p><span style=\"color: #ff0000;\">CU\u00c1LES SON LAS CAUSAS DE SEMEJANTE EXTERMINIO DE ESPECIES VEGETALES?<\/span><\/p>\n<p><strong>\u2022 Los incendios forestales<\/strong><\/p>\n<p><a href=\"https:\/\/www.joventaoista.org\/wp-content\/uploads\/2013\/02\/98.jpg\"><img loading=\"lazy\" decoding=\"async\" class=\"size-full wp-image-3952 aligncenter\" title=\"9\" alt=\"\" src=\"https:\/\/www.joventaoista.org\/wp-content\/uploads\/2013\/02\/98.jpg\" width=\"300\" height=\"239\" \/><\/a><\/p>\n<p>&nbsp;<\/p>\n<p><strong>\u2022 Desarrollo tur\u00edstico de las costas y las zonas monta\u00f1osas.<\/strong><\/p>\n<p><strong>\u2022 Contaminaci\u00f3n del agua, del aire y del suelo por herbicidas agr\u00edcolas.<\/strong><\/p>\n<p style=\"text-align: center;\">\u00a0<a href=\"https:\/\/www.joventaoista.org\/wp-content\/uploads\/2013\/02\/109.jpg\"><img loading=\"lazy\" decoding=\"async\" class=\"alignnone size-full wp-image-3953\" title=\"10\" alt=\"\" src=\"https:\/\/www.joventaoista.org\/wp-content\/uploads\/2013\/02\/109.jpg\" width=\"300\" height=\"225\" \/><\/a><\/p>\n<p><strong>\u2022 Contrucci\u00f3n de presas, autopistas y carreteras.<\/strong><\/p>\n<p><a href=\"https:\/\/www.joventaoista.org\/wp-content\/uploads\/2013\/02\/1110.jpg\"><img loading=\"lazy\" decoding=\"async\" class=\"size-full wp-image-3954 aligncenter\" title=\"11\" alt=\"\" src=\"https:\/\/www.joventaoista.org\/wp-content\/uploads\/2013\/02\/1110.jpg\" width=\"211\" height=\"141\" \/><\/a><\/p>\n<p><strong>\u2022 Deforestaci\u00f3n por parte de multinacionales madereras, que d\u00eda a d\u00eda cortan el cabello de la madre Gea \/tierra\/ y que en asociaci\u00f3n con otras multinacionales como monsanto siembran numerosas hectar\u00e9as de tierra, donde han sido arrasada toda vegetaci\u00f3n y siembran grandes extenciones de soja trasg\u00e9nica, como est\u00e1 ocurriendo hace mucho tiempo en el Brasil.<\/strong><\/p>\n<p style=\"text-align: center;\">\u00a0<a href=\"https:\/\/www.joventaoista.org\/wp-content\/uploads\/2013\/02\/125.jpg\"><img loading=\"lazy\" decoding=\"async\" class=\"alignnone size-full wp-image-3955\" title=\"12\" alt=\"\" src=\"https:\/\/www.joventaoista.org\/wp-content\/uploads\/2013\/02\/125.jpg\" width=\"300\" height=\"200\" \/><\/a><\/p>\n<p>Hagamos todo lo posible por poner cada quien un grano de arena para que esta contaminaci\u00f3n disminuya, clasifiquen los desehechos org\u00e1nicos de los inorg\u00e1nicos, usar bolsas de tela lavable para que se puedan reutilizar y no tener que a cada momento utilizar bolsas, que en poco tiempo est\u00e1n en la basura, no botar deshechos en la calle y toda acci\u00f3n que su conciencia le indique que deba poner en pr\u00e1ctica para no contaminar el ambiente, h\u00e1galo de inmediato, pues si se logra que muchos lo hagan, se est\u00e1 obteniendo un gran logro.<\/p>\n<p><a href=\"https:\/\/www.joventaoista.org\/wp-content\/uploads\/2013\/02\/eco-bolsa-soy-organica.jpg\"><img loading=\"lazy\" decoding=\"async\" class=\"wp-image-3956 aligncenter\" title=\"eco-bolsa-soy-organica\" alt=\"\" src=\"https:\/\/www.joventaoista.org\/wp-content\/uploads\/2013\/02\/eco-bolsa-soy-organica.jpg\" width=\"289\" height=\"206\" srcset=\"https:\/\/www.joventaoista.org\/wp-content\/uploads\/2013\/02\/eco-bolsa-soy-organica.jpg 601w, https:\/\/www.joventaoista.org\/wp-content\/uploads\/2013\/02\/eco-bolsa-soy-organica-300x214.jpg 300w\" sizes=\"(max-width: 289px) 100vw, 289px\" \/><\/a><\/p>\n<p>El mundo vegetal podr\u00eda existir sin los animales y sin los seres humanos, en correspondencia con el hecho de que fueron creados primero, tal como lo refiere el relato b\u00edbilico. Sin embargo, los agdivienes \/animales\/ y los seres humanos no podr\u00edan sobrevivir muchos d\u00edas sin las plantas. Respetarlas y protegerlas debe ser el deber como habitantes de la esfera gea \/tierra\/.<\/p>\n<p><a href=\"https:\/\/www.joventaoista.org\/wp-content\/uploads\/2013\/02\/jardin_eden.jpg\"><img loading=\"lazy\" decoding=\"async\" class=\"wp-image-3957 aligncenter\" title=\"jardin_eden\" alt=\"\" src=\"https:\/\/www.joventaoista.org\/wp-content\/uploads\/2013\/02\/jardin_eden.jpg\" width=\"300\" height=\"224\" srcset=\"https:\/\/www.joventaoista.org\/wp-content\/uploads\/2013\/02\/jardin_eden.jpg 500w, https:\/\/www.joventaoista.org\/wp-content\/uploads\/2013\/02\/jardin_eden-300x224.jpg 300w\" sizes=\"(max-width: 300px) 100vw, 300px\" \/><\/a><\/p>\n<p>Las llamadas medicinas alop\u00e1ticas, cuya composici\u00f3n es sint\u00e9tica, no curan las enfermedades, sin\u00f3 que calman por poco tiempo los s\u00edntomas, muchas de las cuales crean adicci\u00f3n, y producen efectos secundarios.<\/p>\n<p>&nbsp;<\/p>\n<p>En la misma naturaleza est\u00e1 la medicina que nuestro cuerpo meneste, conocer las propiedades curativas de las plantas debe ser un deber de todo ser humano sobre la esfera.<\/p>\n<p>Como ya explicamos, los principios activos de toda planta son las que ejercen alguna acci\u00f3n espec\u00edfica sobre el organismo y a lo largo de la historia de la humanidad los grandes alquimistas,<\/p>\n<p><img loading=\"lazy\" decoding=\"async\" class=\"wp-image-3958 alignleft\" title=\"medicina_natural\" alt=\"\" src=\"https:\/\/www.joventaoista.org\/wp-content\/uploads\/2013\/02\/medicina_natural.jpg\" width=\"196\" height=\"196\" srcset=\"https:\/\/www.joventaoista.org\/wp-content\/uploads\/2013\/02\/medicina_natural.jpg 350w, https:\/\/www.joventaoista.org\/wp-content\/uploads\/2013\/02\/medicina_natural-300x300.jpg 300w, https:\/\/www.joventaoista.org\/wp-content\/uploads\/2013\/02\/medicina_natural-100x100.jpg 100w, https:\/\/www.joventaoista.org\/wp-content\/uploads\/2013\/02\/medicina_natural-150x150.jpg 150w\" sizes=\"(max-width: 196px) 100vw, 196px\" \/><\/p>\n<p>bi\u00f3logos, vit\u00e1nicos o \/bot\u00e1nicos\/, han descubierto los efectos curativos de las plantas y su acci\u00f3n favorable y curativa ante las numerosas molestias de salud que el hombre a padecido.<\/p>\n<p>&nbsp;<\/p>\n<p style=\"text-align: left;\">Vamos desde este d\u00eda a abrir una gran biblioteca vegetal en donde usted estimado lector y estimada lectora, estimado joven,estimado ni\u00f1o o ni\u00f1a, puedan aprender de las plantas, de los frutos, de las flores y la forma de utilizarlos en pro de aplicar la medicina preventiva en su cuerpo, fortaleci\u00e9ndolo y vigoriz\u00e1ndolo.<\/p>\n<p>En la siguiente publicaci\u00f3n iniciaremos con la descripci\u00f3n de una planta que es altamente curativa y por ende la debeis de consumir siempre ya que otorgar\u00e1 a vuestro cuerpo de la salud, vitalidad y vigor que el cuerpo meneste, cumpli\u00e9ndose as\u00ed la sabia frase que dice: <span style=\"color: #ff6600;\">\u201cQUE TU ALIMENTO SEA TU MEDICINA\u201d.<\/span><\/p>\n<p>&nbsp;<\/p>\n<p align=\"center\"><iframe loading=\"lazy\" src=\"http:\/\/www.youtube.com\/embed\/jArqivTv0-s\" height=\"315\" width=\"420\" frameborder=\"0\"><\/iframe><\/p>\n<p align=\"center\"><iframe loading=\"lazy\" src=\"http:\/\/www.youtube.com\/embed\/5uBSQOn1Sx8\" height=\"315\" width=\"560\" frameborder=\"0\"><\/iframe><\/p>\n","protected":false},"excerpt":{"rendered":"<p>La salud est\u00e1 en DIOS. En Dios y En toda su Kreasel est\u00e1 la Verdadera Medisina pada el Kuerpo y el Alma Miramos a nuestro alrededor en donde la madre Naturalesa nos engalana kon su hermosura y miramos los paisajes sublimes de una creaci\u00f3n magn\u00edfica y perfecta, kon todos los detalles majestuosos ke los Grandes [&hellip;]<\/p>\n","protected":false},"author":1,"featured_media":3945,"comment_status":"open","ping_status":"open","sticky":false,"template":"","format":"standard","meta":{"_et_pb_use_builder":"","_et_pb_old_content":"","_et_gb_content_width":"","footnotes":""},"categories":[466],"tags":[],"class_list":["post-7595","post","type-post","status-publish","format-standard","has-post-thumbnail","hentry","category-salud-blog-eo"],"_links":{"self":[{"href":"https:\/\/www.joventaoista.org\/eo\/wp-json\/wp\/v2\/posts\/7595","targetHints":{"allow":["GET"]}}],"collection":[{"href":"https:\/\/www.joventaoista.org\/eo\/wp-json\/wp\/v2\/posts"}],"about":[{"href":"https:\/\/www.joventaoista.org\/eo\/wp-json\/wp\/v2\/types\/post"}],"author":[{"embeddable":true,"href":"https:\/\/www.joventaoista.org\/eo\/wp-json\/wp\/v2\/users\/1"}],"replies":[{"embeddable":true,"href":"https:\/\/www.joventaoista.org\/eo\/wp-json\/wp\/v2\/comments?post=7595"}],"version-history":[{"count":0,"href":"https:\/\/www.joventaoista.org\/eo\/wp-json\/wp\/v2\/posts\/7595\/revisions"}],"wp:featuredmedia":[{"embeddable":true,"href":"https:\/\/www.joventaoista.org\/eo\/wp-json\/wp\/v2\/media\/3945"}],"wp:attachment":[{"href":"https:\/\/www.joventaoista.org\/eo\/wp-json\/wp\/v2\/media?parent=7595"}],"wp:term":[{"taxonomy":"category","embeddable":true,"href":"https:\/\/www.joventaoista.org\/eo\/wp-json\/wp\/v2\/categories?post=7595"},{"taxonomy":"post_tag","embeddable":true,"href":"https:\/\/www.joventaoista.org\/eo\/wp-json\/wp\/v2\/tags?post=7595"}],"curies":[{"name":"wp","href":"https:\/\/api.w.org\/{rel}","templated":true}]}}