{"id":7637,"date":"2013-02-10T16:36:07","date_gmt":"2013-02-10T16:36:07","guid":{"rendered":"https:\/\/www.joventaoista.org\/?p=7637"},"modified":"2014-02-05T16:42:26","modified_gmt":"2014-02-05T16:42:26","slug":"los-peligros-del-amianto-asbesto-o-eternit","status":"publish","type":"post","link":"https:\/\/www.joventaoista.org\/eo\/los-peligros-del-amianto-asbesto-o-eternit\/","title":{"rendered":"Los Peligros del Amianto \/ Asbesto o Eternit"},"content":{"rendered":"<p><span style=\"color: #000000;\"><strong>El asbesto, tambi\u00e9n llamado amianto<\/strong>, es un grupo de minerales metam\u00f3rficos fibrosos. Est\u00e1n compuestos de silicatos de cadena doble.<\/span><\/p>\n<p><span style=\"color: #000000;\">\u00a0<\/span><\/p>\n<p><span style=\"color: #000000;\">Los minerales de asbesto tienen fibras largas y resistentes que se pueden separar y son suficientemente flexibles como para ser entrelazadas y tambi\u00e9n resisten altas temperaturas.<\/span><\/p>\n<p><span style=\"color: #000000;\">\u00a0<\/span><\/p>\n<p><span style=\"color: #000000;\">Debido a estas especiales caracter\u00edsticas, el asbesto se ha usado para una gran variedad de productos manufacturados, principalmente en materiales de construcci\u00f3n <strong>(tejas para recubrimiento de tejados, baldosas y azulejos, productos de papel y productos de cemento con asbesto), productos de fricci\u00f3n (embrague de autom\u00f3viles, frenos, componentes de la transmisi\u00f3n), materias textiles termo-resistentes, envases, paqueter\u00eda y revestimientos, equipos de protecci\u00f3n individual, pinturas, talcos<\/strong> &#8230;. tambi\u00e9n est\u00e1 presente en algunos alimentos por contaminaci\u00f3n<\/span><\/p>\n<p><span style=\"color: #000000;\">\u00a0<a href=\"https:\/\/www.joventaoista.org\/wp-content\/uploads\/2013\/02\/22.jpg\"><img loading=\"lazy\" decoding=\"async\" class=\"wp-image-3044 aligncenter\" title=\"2\" alt=\"\" src=\"https:\/\/www.joventaoista.org\/wp-content\/uploads\/2013\/02\/22.jpg\" width=\"560\" height=\"93\" srcset=\"https:\/\/www.joventaoista.org\/wp-content\/uploads\/2013\/02\/22.jpg 1166w, https:\/\/www.joventaoista.org\/wp-content\/uploads\/2013\/02\/22-600x100.jpg 600w, https:\/\/www.joventaoista.org\/wp-content\/uploads\/2013\/02\/22-300x49.jpg 300w, https:\/\/www.joventaoista.org\/wp-content\/uploads\/2013\/02\/22-1024x170.jpg 1024w\" sizes=\"(max-width: 560px) 100vw, 560px\" \/><\/a><\/span><\/p>\n<p style=\"text-align: center;\"><span style=\"color: #000000;\">\u00a0<a href=\"https:\/\/www.joventaoista.org\/wp-content\/uploads\/2013\/02\/32.jpg\"><img loading=\"lazy\" decoding=\"async\" class=\"wp-image-3045 aligncenter\" title=\"3\" alt=\"\" src=\"https:\/\/www.joventaoista.org\/wp-content\/uploads\/2013\/02\/32.jpg\" width=\"262\" height=\"172\" srcset=\"https:\/\/www.joventaoista.org\/wp-content\/uploads\/2013\/02\/32.jpg 727w, https:\/\/www.joventaoista.org\/wp-content\/uploads\/2013\/02\/32-600x394.jpg 600w, https:\/\/www.joventaoista.org\/wp-content\/uploads\/2013\/02\/32-300x197.jpg 300w\" sizes=\"(max-width: 262px) 100vw, 262px\" \/><\/a><\/span><\/p>\n<p><span style=\"color: #000000;\">Se ha determinado por los organismos m\u00e9dicos internacionales que los productos relacionados con el asbesto\/amianto provocan c\u00e1ncer con una elevada mortalidad y por ello, desde hace d\u00e9cadas, se ha prohibido su uso en todos los pa\u00edses desarrollados, aunque se contin\u00faa utilizando en algunos pa\u00edses en v\u00edas de desarrollo.<\/span><\/p>\n<p><span style=\"color: #000000;\">\u00a0<\/span><\/p>\n<p><span style=\"color: #000000;\"><span style=\"color: #ff0000;\">El crisotilo<\/span>, tambi\u00e9n conocido como &#8220;amianto blanco&#8221; es la fibra de amianto de mayor utlizaci\u00f3n y representa el 94% de la producci\u00f3n mundial. La industria de<span style=\"color: #ff0000;\"> fibrocemento<\/span> es con mucho el principal usuario de fibras de crisotilo y representa cerca del 85% del uso total[4]<\/span><\/p>\n<p><span style=\"color: #000000;\">\u00a0<\/span><\/p>\n<h3><strong>El asbesto como agente cancer\u00edgeno<\/strong><\/h3>\n<p><span style=\"color: #000000;\">\u00a0<\/span><span style=\"color: #000000;\">Los efectos del Asbesto sobre la salud son conocidos desde hace mucho tiempo, pues ya en el siglo I, Plinio el Viejo, en Roma, describ\u00eda la enfermedad de los pulmones de los esclavos que tej\u00edan ropa de Asbesto.<\/span><\/p>\n<p><span style=\"color: #000000;\">\u00a0<a href=\"https:\/\/www.joventaoista.org\/wp-content\/uploads\/2013\/02\/42.jpg\"><img loading=\"lazy\" decoding=\"async\" class=\"wp-image-3046 aligncenter\" title=\"4\" alt=\"\" src=\"https:\/\/www.joventaoista.org\/wp-content\/uploads\/2013\/02\/42.jpg\" width=\"507\" height=\"188\" srcset=\"https:\/\/www.joventaoista.org\/wp-content\/uploads\/2013\/02\/42.jpg 1056w, https:\/\/www.joventaoista.org\/wp-content\/uploads\/2013\/02\/42-600x223.jpg 600w, https:\/\/www.joventaoista.org\/wp-content\/uploads\/2013\/02\/42-300x111.jpg 300w, https:\/\/www.joventaoista.org\/wp-content\/uploads\/2013\/02\/42-1024x380.jpg 1024w\" sizes=\"(max-width: 507px) 100vw, 507px\" \/><\/a><\/span><\/p>\n<p><span style=\"color: #000000;\">\u00a0<\/span><span style=\"color: #000000;\">Los antiguos, cre\u00edan que las extraordinarias fibras del asbesto, proced\u00edan de &#8220;los cabellos de m\u00edticas y t\u00f3xicas salamandras resistentes al fuego&#8221; y lo llamaron &#8220;lana de salamandra&#8221;. La mort\u00edfera sustancia que segregaba la salamandra envenenaba \u00e1rboles frutales y las aguas de los r\u00edos y pozos. Se dice que 2000 caballos y 4000 hombres de Alejandro Magno perecieron en la India tras beber en un arroyo envenenado por una salamandra.<\/span><\/p>\n<p><span style=\"color: #000000;\">\u00a0<\/span><span style=\"color: #000000;\">Carlomagno pose\u00eda un mantel de fibras de asbesto, con el que impresionaba con actos de fuego a sus hu\u00e9spedes y comensales, que limpiaba y blanqueaba con simplemente introducirlo en la hoguera.<\/span><\/p>\n<p><span style=\"color: #000000;\">\u00a0<\/span><span style=\"color: #000000;\">Durante la segunda mitad del siglo XIII, el explorador Marco Polo visit\u00f3 minas de asbesto en China describiendo el proceso de extracci\u00f3n del mineral descartando as\u00ed definitivamente los mitos y eliminando la antigua &#8220;teor\u00eda de la salamandra&#8221;.<\/span><\/p>\n<p><span style=\"color: #000000;\">\u00a0<\/span><\/p>\n<p><span style=\"color: #000000;\">Fue en 1906 en Londres (Inglaterra) cuando fue descrito el primer caso conocido de &#8220;fibrosis pulmonar por Asbesto&#8221; en un trabajador de 33 a\u00f1os, del \u00e1rea de cardado de una f\u00e1brica textil.<\/span><\/p>\n<p><a href=\"https:\/\/www.joventaoista.org\/wp-content\/uploads\/2013\/02\/51.jpg\"><img loading=\"lazy\" decoding=\"async\" class=\"wp-image-3047 aligncenter\" title=\"5\" alt=\"\" src=\"https:\/\/www.joventaoista.org\/wp-content\/uploads\/2013\/02\/51.jpg\" width=\"288\" height=\"235\" srcset=\"https:\/\/www.joventaoista.org\/wp-content\/uploads\/2013\/02\/51.jpg 480w, https:\/\/www.joventaoista.org\/wp-content\/uploads\/2013\/02\/51-300x245.jpg 300w\" sizes=\"(max-width: 288px) 100vw, 288px\" \/><\/a><\/p>\n<p><span style=\"color: #000000;\">\u00a0<\/span><span style=\"color: #000000;\">Desde 1935 se conocen los primeros trabajos que relacionan cient\u00edficamente la exposici\u00f3n al asbesto y c\u00e1ncer de pulm\u00f3n y en 1947 se describen los mesoteliomas de pleura y peritoneo y, hoy d\u00eda se reconoce que el amianto es la m\u00e1s conocida de las sustancias industriales relacionadas con el c\u00e1ncer de pulm\u00f3n<\/span><\/p>\n<p><span style=\"color: #000000;\">\u00a0<\/span><span style=\"color: #000000;\"><strong>Hoy se tiene absoluta certeza de dos tipos de c\u00e1ncer producidos por exposici\u00f3n al amianto: asbestosis, c\u00e1ncer del pulm\u00f3n y mesotelioma.<\/strong> No se reconoce una cantidad m\u00ednima del agente causal por debajo de la cual un expuesto pueda considerarse seguro. El c\u00e1ncer de pulm\u00f3n en trabajadores expuestos llega a ser hasta 7 veces m\u00e1s frecuente que en la poblaci\u00f3n general.<\/span><\/p>\n<p><span style=\"color: #000000;\">\u00a0<a href=\"https:\/\/www.joventaoista.org\/wp-content\/uploads\/2013\/02\/52.jpg\"><img loading=\"lazy\" decoding=\"async\" class=\"wp-image-3048 aligncenter\" title=\"5\" alt=\"\" src=\"https:\/\/www.joventaoista.org\/wp-content\/uploads\/2013\/02\/52.jpg\" width=\"256\" height=\"194\" srcset=\"https:\/\/www.joventaoista.org\/wp-content\/uploads\/2013\/02\/52.jpg 320w, https:\/\/www.joventaoista.org\/wp-content\/uploads\/2013\/02\/52-300x226.jpg 300w\" sizes=\"(max-width: 256px) 100vw, 256px\" \/><\/a><\/span><\/p>\n<h3><span style=\"color: #000000;\">\u00a0<\/span><span style=\"color: #ff0000;\">Contaminaci\u00f3n por asbesto industrial<\/span><\/h3>\n<p><span style=\"color: #000000;\">el d\u00eda 13 de febrero 2012 el Tribunal de Tur\u00edn Italia condena a los propietarios de Eternit, el magnate suizo Stephan Schmidheiny y el bar\u00f3n belga Louis de Cartier de Marchienne, a 16 a\u00f1os de reclusi\u00f3n por desastre doloso y omisi\u00f3n dolosa de medidas de seguridad. Los dos empresarios fueron declarados responsables de la muerte de unas 3.000 personas en Italia, ex obreros o habitantes de cuatro localidades donde Eternit Italia ten\u00eda sus f\u00e1bricas desde 1976 a 1986. Schmidheiny y Cartier de Marchienne, son considerados por la fiscal\u00eda al cabo de una investigaci\u00f3n de cinco a\u00f1os como los responsables de la gesti\u00f3n de Eternit Italia, fueron acusados de haber provocado &#8220;<span style=\"color: #ff0000;\">una cat\u00e1strofe sanitaria y ambiental permanente<\/span>&#8221; y de haber violado la reglas de la seguridad laboral.<\/span><\/p>\n<p><span style=\"color: #000000;\">\u00a0<\/span><span style=\"color: #000000;\">El Asbesto ocasiona enfermedad cuando es inhalado. La ingesti\u00f3n o el contacto con la piel no son v\u00edas de ingreso demostradas como causa de enfermedad. Las fibras de amianto son de tama\u00f1o microsc\u00f3pico, se desprenden con facilidad, no se disuelven con agua o se evaporan e incluso se desplazan por el aire,<span style=\"color: #ff0000;\"> ingresando al pulm\u00f3n con cada inspiraci\u00f3n que se haga en un ambiente contaminado.<\/span><\/span><\/p>\n<p><span style=\"color: #000000;\">\u00a0<\/span><span style=\"color: #000000;\">Las fibras de asbesto pueden pasar al aire o al agua a causa de la degradaci\u00f3n de dep\u00f3sitos naturales o de productos de asbesto manufacturados. Las personas que trabajan en industrias que fabrican o usan productos de asbesto o que trabajan en la miner\u00eda de asbesto, puede estar expuesta a altos niveles de asbesto. Las personas que viven cerca de estas industrias tambi\u00e9n pueden estar expuestas a altos niveles de asbesto en el aire<strong>. Las fibras de asbesto pueden liberarse al aire al manipular materiales que contienen asbesto durante el uso del producto, demoliciones, mantenimiento, reparaci\u00f3n y renovaci\u00f3n de edificios o viviendas. En general, la exposici\u00f3n sucede cuando el material que contiene asbesto es perturbado de manera tal que libera part\u00edculas o fibras al aire.<\/strong><\/span><\/p>\n<p><span style=\"color: #000000;\">Las part\u00edculas de asbesto no se evaporan al aire ni se disuelven en agua y<span style=\"color: #ff0000;\"> pueden permanecer suspendidas en el aire por largo tiempo<\/span> y ser transportadas largas distancias por el viento y el agua antes de depositarse. Las fibras y part\u00edculas de mayor tama\u00f1o tienden a depositarse m\u00e1s r\u00e1pido.<strong> El agua potable puede tambi\u00e9n contener asbesto, por ejemplo procedente de tuber\u00edas de fibrocemento que contienen asbesto.<\/strong><\/span><\/p>\n<p style=\"text-align: center;\"><span style=\"color: #000000;\">\u00a0<a href=\"https:\/\/www.joventaoista.org\/wp-content\/uploads\/2013\/02\/62.jpg\"><img loading=\"lazy\" decoding=\"async\" class=\"wp-image-3049 aligncenter\" title=\"6\" alt=\"\" src=\"https:\/\/www.joventaoista.org\/wp-content\/uploads\/2013\/02\/62.jpg\" width=\"325\" height=\"206\" srcset=\"https:\/\/www.joventaoista.org\/wp-content\/uploads\/2013\/02\/62.jpg 845w, https:\/\/www.joventaoista.org\/wp-content\/uploads\/2013\/02\/62-600x382.jpg 600w, https:\/\/www.joventaoista.org\/wp-content\/uploads\/2013\/02\/62-300x191.jpg 300w\" sizes=\"(max-width: 325px) 100vw, 325px\" \/><\/a><\/span><\/p>\n<p><span style=\"color: #000000;\">Las fibras de asbesto no pueden movilizarse a trav\u00e9s del suelo. <strong>Generalmente no son degradadas a otros compuestos y permanecer\u00e1n virtualmente inalteradas por largo tiempo<\/strong>.<\/span><\/p>\n<p><span style=\"color: #000000;\">\u00a0<\/span><span style=\"color: #000000;\">Estas enfermedades tienen un largo \u201c<span style=\"color: #ff0000;\">tiempo de latencia<\/span>\u201d (tiempo que transcurre entre la inhalaci\u00f3n de la fibra y la aparici\u00f3n de la enfermedad) que<strong> puede superar los 30 a\u00f1os<\/strong>. As\u00ed, por ejemplo, en Alemania, como en muchos otros pa\u00edses, se han elaborado curvas de seguimiento uso \/ enfermedad, dando como resultado que a pesar de haber discontinuado el uso del Asbesto en la d\u00e9cada de los 90, el mayor n\u00famero de enfermedades se espera para dentro de 20 a\u00f1os. En Estados Unidos en el a\u00f1o 2000 fallecieron 1.493 personas por c\u00e1ncer de pulm\u00f3n relacionado con la exposici\u00f3n al amianto (o asbestosis), frente a las 77 de 1968. Siendo en es mismo a\u00f1o 2000 la principal causa de muerte por enfermedad profesional en el Reino Unido.<strong> Los casos de c\u00e1ncer de pulm\u00f3n relacionados con la exposici\u00f3n al amianto, denominado Mesotelioma Pelural Maligno (MPM), aumentar\u00e1n en Espa\u00f1a hasta el medio millar al a\u00f1o, a partir de 2015. Actualmente se registran en Espa\u00f1a entre 250 y 300 casos anuales de MPM,<\/strong> un tipo de c\u00e1ncer de extrema mortalidad, que en un 85 por ciento de los casos se vincula a la exposici\u00f3n laboral al amianto.<\/span><\/p>\n<p style=\"text-align: center;\"><span style=\"color: #ff0000;\"><strong>\u00a0Asbestosis<\/strong><\/span><\/p>\n<p style=\"text-align: center;\"><span style=\"color: #000000;\">\u00a0<a href=\"https:\/\/www.joventaoista.org\/wp-content\/uploads\/2013\/02\/71.jpg\"><img loading=\"lazy\" decoding=\"async\" class=\"alignnone size-full wp-image-3050\" title=\"7\" alt=\"\" src=\"https:\/\/www.joventaoista.org\/wp-content\/uploads\/2013\/02\/71.jpg\" width=\"140\" height=\"137\" \/><\/a><\/span><\/p>\n<p><span style=\"color: #000000;\">Respirar altos niveles de fibras de asbesto por largo tiempo o tener exposici\u00f3n corta a altos niveles de asbesto, pueden producir lesiones que parecen cicatrices en el pulm\u00f3n y en la pleura. Esta enfermedad se llama asbestosis; fue la primera enfermedad pulmonar que se relacion\u00f3 con el amianto y puede producir incapacidad y muerte.<\/span><\/p>\n<p><span style=\"color: #000000;\">\u00a0<\/span><\/p>\n<p><span style=\"color: #000000;\">Se define como una fibrosis intersticial difusa de los pulmones, derivada de la exposici\u00f3n al polvo de amianto y, por lo tanto, se presenta com\u00fanmente en trabajadores expuestos al asbesto. Las personas con asbestosis, debido a esas cicatrices en el pulm\u00f3n, tienen dificultad para respirar, a menudo tiene tos, y en casos graves sufre dilataci\u00f3n del coraz\u00f3n.<\/span><\/p>\n<p><span style=\"color: #000000;\">Respirar niveles de asbesto m\u00e1s bajos puede producir alteraciones en la pleura, generando las llamadas &#8220;placas&#8221;. Las placas pleurales pueden ocurrir en trabajadores y ocasionalmente en gente que vive en \u00e1reas con altos niveles ambientales de asbesto. Los efectos de las placas pleurales sobre la respiraci\u00f3n generalmente no son serios, pero la exposici\u00f3n a niveles m\u00e1s altos puede producir un engrosamiento de la pleura que puede restringir la respiraci\u00f3n.<\/span><\/p>\n<p style=\"text-align: center;\"><strong><span style=\"color: #ff0000;\">Mesotelioma<\/span><\/strong><\/p>\n<p style=\"text-align: center;\"><a href=\"https:\/\/www.joventaoista.org\/wp-content\/uploads\/2013\/02\/8.jpg\"><img loading=\"lazy\" decoding=\"async\" class=\"wp-image-3051 aligncenter\" title=\"8\" alt=\"\" src=\"https:\/\/www.joventaoista.org\/wp-content\/uploads\/2013\/02\/8.jpg\" width=\"192\" height=\"230\" srcset=\"https:\/\/www.joventaoista.org\/wp-content\/uploads\/2013\/02\/8.jpg 571w, https:\/\/www.joventaoista.org\/wp-content\/uploads\/2013\/02\/8-250x300.jpg 250w\" sizes=\"(max-width: 192px) 100vw, 192px\" \/><\/a><\/p>\n<p><span style=\"color: #000000;\">\u00a0<\/span><span style=\"color: #000000;\">El mesotelioma pulmonar es un tumor maligno primario de las superficies mesoteliales, que suele afectar a la pleura y, en un menor n\u00famero de casos, al tejido que envuelve la cavidad abdominal (el peritoneo).<\/span><\/p>\n<h3><span style=\"color: #000000;\">\u00a0<\/span><strong><span style=\"color: #000000;\">C\u00e1ncer<\/span><\/strong><\/h3>\n<p><span style=\"color: #000000;\">\u00a0<\/span><span style=\"color: #000000;\">El Departamento de Salud y Servicios Humanos (DHHS), la Organizaci\u00f3n Mundial de la Salud (OMS\/WHO) y la Agencia de Protecci\u00f3n Ambiental (Environmental Protection Agency &#8211; EPA) de los EE. UU. han determinado que el asbesto es carcin\u00f3geno para seres humanos.<\/span><span style=\"color: #000000;\">\u00a0<\/span><\/p>\n<p><span style=\"color: #000000;\">Se sabe que respirar asbesto puede aumentar el riesgo de c\u00e1ncer en seres humanos. Hay dos tipos de c\u00e1ncer producidos por exposici\u00f3n al asbesto: c\u00e1ncer de pulm\u00f3n y el mesotelioma.<\/span><\/p>\n<p><a href=\"https:\/\/www.joventaoista.org\/wp-content\/uploads\/2013\/02\/mesothelioma-cancer-of-lung.jpg\"><img loading=\"lazy\" decoding=\"async\" class=\"alignnone size-full wp-image-3055 aligncenter\" title=\"mesothelioma-cancer-of-lung\" alt=\"\" src=\"https:\/\/www.joventaoista.org\/wp-content\/uploads\/2013\/02\/mesothelioma-cancer-of-lung.jpg\" width=\"400\" height=\"301\" srcset=\"https:\/\/www.joventaoista.org\/wp-content\/uploads\/2013\/02\/mesothelioma-cancer-of-lung.jpg 400w, https:\/\/www.joventaoista.org\/wp-content\/uploads\/2013\/02\/mesothelioma-cancer-of-lung-300x225.jpg 300w\" sizes=\"(max-width: 400px) 100vw, 400px\" \/><\/a><\/p>\n<p><span style=\"color: #000000;\">Mesotelioma maligno (flechas amarillas) con efusi\u00f3n pleural (asterisco amarillo). Leyenda:<\/span><\/p>\n<p><span style=\"color: #000000;\">1. Pulm\u00f3n derecho,<\/span><\/p>\n<p><span style=\"color: #000000;\">2. columna vertebral,<\/span><\/p>\n<p><span style=\"color: #000000;\">3. Pulm\u00f3n izquierdo,<\/span><\/p>\n<p><span style=\"color: #000000;\">4. Costillas,<\/span><\/p>\n<p><span style=\"color: #000000;\">5. Aorta,<\/span><\/p>\n<p><span style=\"color: #000000;\">6. Bazo,<\/span><\/p>\n<p><span style=\"color: #000000;\">7. Ri\u00f1\u00f3n izquierdo,<\/span><\/p>\n<p><span style=\"color: #000000;\">8. Ri\u00f1\u00f3n derecho,<\/span><\/p>\n<p><span style=\"color: #000000;\">9. H\u00edgado.<\/span><\/p>\n<p><span style=\"color: #000000;\">\u00a0<\/span><span style=\"color: #000000;\">Los primeros informes que relacionaban el cancer de pulm\u00f3n y el asbesto datan de 1935.[6] El c\u00e1ncer producido por el asbesto no aparece inmediatamente, sino que se manifiesta despu\u00e9s de varios a\u00f1os (el mesotelioma pleural suele tener un tiempo de latencia de entre 20 y 40 a\u00f1os). Los estudios en trabajadores sugieren tambi\u00e9n que respirar asbesto podr\u00edan aumentar las posibilidades de contraer c\u00e1ncer en otras partes del cuerpo (est\u00f3mago, laringe, intestino, es\u00f3fago, p\u00e1ncreas y los ri\u00f1ones). La identificaci\u00f3n y el tratamiento tempranos de todo c\u00e1ncer pueden aumentar la calidad de vida y la supervivencia de la persona.<\/span><\/p>\n<p><span style=\"color: #000000;\">\u00a0<\/span><span style=\"color: #000000;\">Los s\u00edntomas habituales son: p\u00e9rdida apetito y de peso, el cansancio, el dolor tor\u00e1cico, la hemoptisis o expectoraci\u00f3n de sangre y la dificultad respiratoria<\/span><\/p>\n<p><span style=\"color: #000000;\"><a href=\"https:\/\/www.joventaoista.org\/wp-content\/uploads\/2013\/02\/amianto1.jpg\"><img loading=\"lazy\" decoding=\"async\" class=\"alignleft size-full wp-image-3054\" title=\"amianto\" alt=\"\" src=\"https:\/\/www.joventaoista.org\/wp-content\/uploads\/2013\/02\/amianto1.jpg\" width=\"200\" height=\"244\" \/><\/a>\u00a0<\/span><span style=\"color: #000000;\">Se plante\u00f3 que la combinaci\u00f3n de exposici\u00f3n al asbesto y al humo de cigarrillo aumentaba considerablemente las posibilidades de contraer c\u00e1ncer de pulm\u00f3n. Aunque se considera en esta combinaci\u00f3n al asbesto como el principal causante de la muerte, por encima del h\u00e1bito tab\u00e1quico. Generalmente las empresas productoras se escudan, aun en la actualidad, en la posible incidencia del tabaquismo en el desarrollo del c\u00e1ncer, pues la mayor\u00eda de la poblaci\u00f3n fabril era fumadora en las \u00e9pocas de mayor utilizaci\u00f3n del amianto. Diversas sentencias judiciales han descartado, dependiendo de los niveles de exposici\u00f3n, que la incidencia del h\u00e1bito tab\u00e1quico sea superior a la del amianto para el desarrollo del c\u00e1ncer de origen laboral.<\/span><\/p>\n<p><span style=\"color: #000000;\">\u00a0<\/span><span style=\"color: #000000;\">Multitud de muertes por c\u00e1ncer, que anteriormente se diagnosticaban solo como debidos a c\u00e1nceres de pulm\u00f3n, son actualmente considerados producidos por el asbesto, pero solo si se realiza una correcta autopsia del fallecido, por lo que las estad\u00edsticas al respecto no son del todo fiables.<\/span><\/p>\n<p><span style=\"color: #000000;\">\u00a0<\/span><span style=\"color: #000000;\">\u00a0<\/span><\/p>\n<p><span style=\"color: #000000;\">Existe controversia acerca de si el crisotilo tiene mayor o menor potencia cancer\u00edgena que el resto de variedades del amianto<\/span><\/p>\n<p><span style=\"color: #ff6600;\">fuente:<\/span><\/p>\n<p><span style=\"color: #0000ff;\">http:\/\/es.wikipedia.org\/wiki\/Asbesto<\/span><\/p>\n<p>http:\/\/www.youtube.com\/watch?v=oGnVcxBg_Sk<\/p>\n<p>http:\/\/www.youtube.com\/watch?v=mtEaKnPhlpo<\/p>\n<p>http:\/\/www.youtube.com\/watch?v=1purTwXOYJc<\/p>\n<p>http:\/\/www.youtube.com\/watch?v=jHXYQBsofz4<\/p>\n<p align=\"center\"><iframe loading=\"lazy\" src=\"http:\/\/www.youtube.com\/embed\/w_JLVgsPoIc?list=PLmXgFrSFPIzeBlsTuXCiSHSyg2Kr60Re4\" height=\"315\" width=\"560\" allowfullscreen=\"\" frameborder=\"0\"><\/iframe><\/p>\n","protected":false},"excerpt":{"rendered":"<p>El asbesto, tambi\u00e9n llamado amianto, es un grupo de minerales metam\u00f3rficos fibrosos. Est\u00e1n compuestos de silicatos de cadena doble. \u00a0 Los minerales de asbesto tienen fibras largas y resistentes que se pueden separar y son suficientemente flexibles como para ser entrelazadas y tambi\u00e9n resisten altas temperaturas. \u00a0 Debido a estas especiales caracter\u00edsticas, el asbesto se [&hellip;]<\/p>\n","protected":false},"author":1,"featured_media":3042,"comment_status":"open","ping_status":"open","sticky":false,"template":"","format":"standard","meta":{"_et_pb_use_builder":"","_et_pb_old_content":"","_et_gb_content_width":"","footnotes":""},"categories":[133,471],"tags":[],"class_list":["post-7637","post","type-post","status-publish","format-standard","has-post-thumbnail","hentry","category-destakados","category-legido-del-konosisierto"],"_links":{"self":[{"href":"https:\/\/www.joventaoista.org\/eo\/wp-json\/wp\/v2\/posts\/7637","targetHints":{"allow":["GET"]}}],"collection":[{"href":"https:\/\/www.joventaoista.org\/eo\/wp-json\/wp\/v2\/posts"}],"about":[{"href":"https:\/\/www.joventaoista.org\/eo\/wp-json\/wp\/v2\/types\/post"}],"author":[{"embeddable":true,"href":"https:\/\/www.joventaoista.org\/eo\/wp-json\/wp\/v2\/users\/1"}],"replies":[{"embeddable":true,"href":"https:\/\/www.joventaoista.org\/eo\/wp-json\/wp\/v2\/comments?post=7637"}],"version-history":[{"count":0,"href":"https:\/\/www.joventaoista.org\/eo\/wp-json\/wp\/v2\/posts\/7637\/revisions"}],"wp:featuredmedia":[{"embeddable":true,"href":"https:\/\/www.joventaoista.org\/eo\/wp-json\/wp\/v2\/media\/3042"}],"wp:attachment":[{"href":"https:\/\/www.joventaoista.org\/eo\/wp-json\/wp\/v2\/media?parent=7637"}],"wp:term":[{"taxonomy":"category","embeddable":true,"href":"https:\/\/www.joventaoista.org\/eo\/wp-json\/wp\/v2\/categories?post=7637"},{"taxonomy":"post_tag","embeddable":true,"href":"https:\/\/www.joventaoista.org\/eo\/wp-json\/wp\/v2\/tags?post=7637"}],"curies":[{"name":"wp","href":"https:\/\/api.w.org\/{rel}","templated":true}]}}