{"id":7842,"date":"2014-02-09T14:10:54","date_gmt":"2014-02-09T14:10:54","guid":{"rendered":"https:\/\/www.joventaoista.org\/?p=7842"},"modified":"2014-02-11T11:53:35","modified_gmt":"2014-02-11T11:53:35","slug":"enkuentro-internaselal-en-peru-2","status":"publish","type":"post","link":"https:\/\/www.joventaoista.org\/eo\/enkuentro-internaselal-en-peru-2\/","title":{"rendered":"Enkuentro Internaselal en Per\u00fa"},"content":{"rendered":"<p>Mui vuen dia veneravles JOVENES i puevlo TAO JUDIO DE VERDAD, el \u00a0pa\u00eds de Per\u00fa y todos los seres de este gran puevlo, Gea de SERES LIVRES, invitan a todos los TAO JUDIOS de los diferentes paises; al <span style=\"color: #ff6600;\">2do Enkuentro Internaselal Taoista en la siudad de Moquegua-Ilo, PER\u00da<\/span>, los dias 15 y 16 de febrero.<\/p>\n<p>El segundo enkuentro internasional tao\u00edsta<span style=\"color: #0000ff;\">\u201dSOL, BRISA Y MAR\u201c<\/span>,\u00a0 vuska integrar a la comunidad taoista, ayudar a que los seres tengan la oportuvidad de enkontrarse asi mismos kon las diferentes terapias i actividades a realizarse. Tambi\u00e9n\u00a0 despejaran su mente, ya ke la mayor\u00eda de los seres en las ciudades viven estresados kon el traj\u00edn de kada d\u00eda.<\/p>\n<p>Havran diferentes aktividades, komo: Pruevas f\u00edsikas, Arte en arena, din\u00e1mikas grupales, multirunas, revisierto al dia, y dem\u00e1s aktividades ke haran ke pasemos los mejores momentos junto al mar y konoser la diversidad de nuestra gea.<\/p>\n<p>Hasiendo de esta invitasel \u00a0una oportuvidad pad\u00e1 \u00a0haser praktika \u00a0esa \u00a0hermosa \u00a0ense\u00f1ansa \u00a0ke \u00a0nos \u00a0da el Veneravle \u00a0Elohim K\u00famido, <strong><span style=\"color: #ff6600;\">la unificaci\u00f3n es la viva esencia de DIOS<\/span> <\/strong>y \u00a0all\u00ed veremos la \u00a0importansia de estar siempre \u00a0en kontakto kon nuestra Madre \u00a0Natura \u00a0kien es la \u00a0ke prosesa no solo el cansancio que genera el traj\u00edn de la ciudad, si no ke \u00a0tamvien ella nos ofrese \u00a0ese reenkuentro kon nuestro Ser, en el suave oleaje \u00a0se lleva \u00a0cada una de esos pensamientos \u00a0que angustian nuestras vidas, kamviandolos por \u00a0klaros, despejados y savios pensasiertos \u00a0ke alisierten la vida Espiritual ke es la \u00a0realidad ke vivimos d\u00eda \u00a0a d\u00eda, y \u00a0as\u00ed en estos d\u00edas \u00a0de \u00a0refleksel estaremos dando \u00a0vida a el Levantasierto Juvenil Tao en nuestro Pais Per\u00fa hasiendo resonar nuestras voses en el mundo entero.<\/p>\n<p>Pada mayor informasel sovre los kostos pueden llamar : <span style=\"color: #0000ff;\">978904265\/959945049\/973939949<\/span><\/p>\n<p>al correo: <span style=\"color: #0000ff;\">fuentellaurel_punoperu@hotmail.com<\/span><\/p>\n<h2 style=\"text-align: center;\"><span style=\"color: #ff6600;\">Te ESPERAMOS!!! en&#8230;P E R \u00da<\/span><\/h2>\n<p><img decoding=\"async\" class=\"aligncenter\" alt=\"\" src=\"https:\/\/encrypted-tbn1.gstatic.com\/images?q=tbn:ANd9GcRji5EKD-tLkxlGJJ1hbXvi_kQIp1KwrpW3U9pNien9e92z3N3UNw\" \/><\/p>\n<p>&nbsp;<\/p>\n","protected":false},"excerpt":{"rendered":"<p>Mui vuen dia veneravles JOVENES i puevlo TAO JUDIO DE VERDAD, el \u00a0pa\u00eds de Per\u00fa y todos los seres de este gran puevlo, Gea de SERES LIVRES, invitan a todos los TAO JUDIOS de los diferentes paises; al 2do Enkuentro Internaselal Taoista en la siudad de Moquegua-Ilo, PER\u00da, los dias 15 y 16 de febrero. [&hellip;]<\/p>\n","protected":false},"author":6,"featured_media":7844,"comment_status":"open","ping_status":"open","sticky":false,"template":"","format":"standard","meta":{"_et_pb_use_builder":"","_et_pb_old_content":"","_et_gb_content_width":"","footnotes":""},"categories":[457,95,97,461],"tags":[762,763,761,633,646],"class_list":["post-7842","post","type-post","status-publish","format-standard","has-post-thumbnail","hentry","category-aktividades-eo","category-blog-eo","category-eventos-eo","category-grupos-juveniles-eo","tag-sol","tag-brisa-y-mar","tag-enkuentro-internaselal-en-peru","tag-levantasierto-juvenil-tao","tag-veneravle-elohim-kumido"],"_links":{"self":[{"href":"https:\/\/www.joventaoista.org\/eo\/wp-json\/wp\/v2\/posts\/7842","targetHints":{"allow":["GET"]}}],"collection":[{"href":"https:\/\/www.joventaoista.org\/eo\/wp-json\/wp\/v2\/posts"}],"about":[{"href":"https:\/\/www.joventaoista.org\/eo\/wp-json\/wp\/v2\/types\/post"}],"author":[{"embeddable":true,"href":"https:\/\/www.joventaoista.org\/eo\/wp-json\/wp\/v2\/users\/6"}],"replies":[{"embeddable":true,"href":"https:\/\/www.joventaoista.org\/eo\/wp-json\/wp\/v2\/comments?post=7842"}],"version-history":[{"count":0,"href":"https:\/\/www.joventaoista.org\/eo\/wp-json\/wp\/v2\/posts\/7842\/revisions"}],"wp:featuredmedia":[{"embeddable":true,"href":"https:\/\/www.joventaoista.org\/eo\/wp-json\/wp\/v2\/media\/7844"}],"wp:attachment":[{"href":"https:\/\/www.joventaoista.org\/eo\/wp-json\/wp\/v2\/media?parent=7842"}],"wp:term":[{"taxonomy":"category","embeddable":true,"href":"https:\/\/www.joventaoista.org\/eo\/wp-json\/wp\/v2\/categories?post=7842"},{"taxonomy":"post_tag","embeddable":true,"href":"https:\/\/www.joventaoista.org\/eo\/wp-json\/wp\/v2\/tags?post=7842"}],"curies":[{"name":"wp","href":"https:\/\/api.w.org\/{rel}","templated":true}]}}