{"id":7905,"date":"2014-02-11T12:59:56","date_gmt":"2014-02-11T12:59:56","guid":{"rendered":"https:\/\/www.joventaoista.org\/?p=7905"},"modified":"2014-02-15T16:12:46","modified_gmt":"2014-02-15T16:12:46","slug":"la-iglesia-catolica-y-la-pedofilia","status":"publish","type":"post","link":"https:\/\/www.joventaoista.org\/eo\/la-iglesia-catolica-y-la-pedofilia\/","title":{"rendered":"la iglesia Cat\u00f3lica y la  pedofilia"},"content":{"rendered":"<p style=\"margin: 24px 0px 0px; font-size: 12px; line-height: normal; font-family: Tahoma;\"><span style=\"color: #000000;\"><span style=\"font-size: 13px;\">Venerables seres que se unen cada dia a la pagina del levantasierto juvenil tao, les saludamos dese\u00e1ndoles ke sea el despertar en sus seres i viterias, pada ke se aserken kada dia mas a la verdad ke los hara libres, este saludo lo emitimos en simvre de el venerable i gran savio del tiveth el ELOHIM KUMIDO al igual ke en simvre de el venerable maestro AVNER EROS, lideres mundiales del remante juvenil ke se apresta a levantarse<\/span><span style=\"font-size: 13px;\">\u00a0 <\/span><span style=\"font-size: 13px;\">en aras de su progreso espiritual i el de sus semejantes, hoy nuevainti traemos un tema que sigue demostrando el retrogrado i criminal comportamiento de la iglesia cat\u00f3lica apostolica i romana, que atraves de los tiempos se ha saciado en los cr\u00edmenes mas asqueantes por lo cual sigue representando la <strong>GRAN RAMERA APOCALIPTICA<\/strong>, la que se sienta sobre siete montes i se viste de purpura<\/span><span style=\"font-size: 13px;\">\u00a0 <\/span><span style=\"font-size: 13px;\">y escarlata<\/span><span style=\"font-size: 13px;\">\u00a0 <\/span><span style=\"font-size: 13px;\">y<\/span><span style=\"font-size: 13px;\">\u00a0 <\/span><span style=\"font-size: 13px;\">con la cual an fornicado todos los reyes [gobernantes] de la tierra, esta es la <strong>GRAN RAMERA<\/strong>, <strong>BABILONIA LA GRANDE<\/strong>,la madre de todos los vicios i las degeneraciones sexuales, a continuaci\u00f3n traemos 3 informes en los cuales se denuncia al mundo la violaci\u00f3n i el encubrimiento de los cr\u00edmenes de pedofilia de los cl\u00e9rigos del vaticano, hoy grat\u00edsimas a el supremo hasedor se hace mas i mas i mas publico los cr\u00edmenes del vaticano i todo sus secuaces, por favor pongan mucha atenci\u00f3n a estos escritos i videos que nos dar\u00e1n claridad de la criminalidad de la curia romana..[<\/span><b style=\"font-size: 13px;\">cortesia rt<\/b><span style=\"font-size: 13px;\">.]<\/span><\/span><\/p>\n<p style=\"margin: 24px 0px 0px; font-size: 12px; line-height: normal; font-family: Tahoma;\"><b style=\"color: #ff0000; font-size: 18px;\">La ONU denuncia al Vaticano por permitir a los sacerdotes violar a miles de ni\u00f1os<\/b><\/p>\n<p style=\"margin: 0px; font-size: 12px; line-height: normal; font-family: Tahoma;\"><span style=\"color: #000000;\">La organizaci\u00f3n mundial tambi\u00e9n exigi\u00f3 al Vaticano &#8220;expulsar de inmediato&#8221; a los cl\u00e9rigos sospechosos de abusar sexualmente a menores.<\/span><\/p>\n<p><span style=\"color: #000000;\">\u00a0<a href=\"https:\/\/www.joventaoista.org\/wp-content\/uploads\/2014\/02\/IMG_11022014_073205.png\"><img loading=\"lazy\" decoding=\"async\" class=\"wp-image-7908 alignright\" alt=\"IMG_11022014_073205\" src=\"https:\/\/www.joventaoista.org\/wp-content\/uploads\/2014\/02\/IMG_11022014_073205.png\" width=\"340\" height=\"149\" srcset=\"https:\/\/www.joventaoista.org\/wp-content\/uploads\/2014\/02\/IMG_11022014_073205.png 567w, https:\/\/www.joventaoista.org\/wp-content\/uploads\/2014\/02\/IMG_11022014_073205-300x131.png 300w\" sizes=\"(max-width: 340px) 100vw, 340px\" \/><\/a>El Comit\u00e9 de\u00a0Derechos Humanos\u00a0de la ONU critic\u00f3 la adopci\u00f3n por parte del Vaticano de pol\u00edticas que permitieron a los sacerdotes violar y abusar\u00a0sexualmente a decenas de miles de ni\u00f1os, e inst\u00f3 a abrir los archivos vaticanos sobre los ped\u00f3filos y los eclesi\u00e1sticos que ocultaban sus delitos.<\/span><\/p>\n<p><span style=\"color: #000000;\">En su informe, emitido este mi\u00e9rcoles, el comit\u00e9 de la\u00a0ONU\u00a0tambi\u00e9n critic\u00f3 fuertemente a la Santa Sede por sus\u00a0<span style=\"text-decoration: underline;\">actitudes<\/span>\u00a0hacia\u00a0la\u00a0homosexualidad, la anticoncepci\u00f3n y el aborto y la inst\u00f3 a revisar sus pol\u00edticas para garantizar los derechos de los ni\u00f1os y su acceso a la atenci\u00f3n sanitaria.<\/span><\/p>\n<p><span style=\"color: #000000;\">El comit\u00e9 emiti\u00f3 sus recomendaciones despu\u00e9s de someter el Vaticano a un interrogatorio el mes pasado sobre la aplicaci\u00f3n de la Convenci\u00f3n de la ONU sobre los Derechos del\u00a0<span style=\"text-decoration: underline;\">Ni\u00f1o<\/span>, el principal tratado internacional que garantiza los derechos de\u00a0menores.<\/span><\/p>\n<p><span style=\"color: #000000;\">Por su parte, el servicio de prensa de la Santa Sede public\u00f3 un comunicado en su p\u00e1gina web oficial en el que afirma que el Vaticano &#8220;tendr\u00e1 en cuenta&#8221; el informe, pero asegura que &#8220;algunos art\u00edculos del documento son un intento de interferir en las ense\u00f1anzas de la Iglesia cat\u00f3lica sobre la dignidad humana y la libertad religiosa&#8221;.<\/span><\/p>\n<p style=\"margin: 5px 0px; text-align: center; font-size: 18px; line-height: normal; font-family: Tahoma;\"><span style=\"color: #ff0000;\"><b>El Vaticano admite ante la ONU tener pederastas entre sus filas<\/b><\/span><\/p>\n<p style=\"margin: 5px 0px; font-size: 12px; line-height: normal; font-family: Tahoma;\"><span style=\"color: #000000;\"><a href=\"https:\/\/www.joventaoista.org\/wp-content\/uploads\/2014\/02\/pederasta-iglesia-catolica-holanda-diario-de-un-ateo-benedicto-XVI.jpg\"><img loading=\"lazy\" decoding=\"async\" class=\"wp-image-7909 alignleft\" alt=\"pederasta iglesia catolica holanda diario de un ateo benedicto XVI\" src=\"https:\/\/www.joventaoista.org\/wp-content\/uploads\/2014\/02\/pederasta-iglesia-catolica-holanda-diario-de-un-ateo-benedicto-XVI.jpg\" width=\"283\" height=\"299\" srcset=\"https:\/\/www.joventaoista.org\/wp-content\/uploads\/2014\/02\/pederasta-iglesia-catolica-holanda-diario-de-un-ateo-benedicto-XVI.jpg 606w, https:\/\/www.joventaoista.org\/wp-content\/uploads\/2014\/02\/pederasta-iglesia-catolica-holanda-diario-de-un-ateo-benedicto-XVI-600x634.jpg 600w, https:\/\/www.joventaoista.org\/wp-content\/uploads\/2014\/02\/pederasta-iglesia-catolica-holanda-diario-de-un-ateo-benedicto-XVI-284x300.jpg 284w\" sizes=\"(max-width: 283px) 100vw, 283px\" \/><\/a>El Vaticano reconoci\u00f3 ante la ONU que no existe ninguna excusa v\u00e1lida para los casos de abuso y violencia contra ni\u00f1os, al tiempo que enfatiz\u00f3 que existen responsables de abusos &#8220;en todas las profesiones&#8221;, incluso &#8220;entre miembros del clero&#8221;.<\/span><\/p>\n<p style=\"margin: 0px; font-size: 12px; line-height: normal; font-family: Tahoma;\"><span style=\"color: #000000;\">&#8220;Existen abusadores entre los miembros de las profesiones m\u00e1s respetadas del mundo y, m\u00e1s lamentablemente, incluso entre miembros del clero y dem\u00e1s personal de la Iglesia&#8221;, se\u00f1al\u00f3 monse\u00f1or Silvano Tomasi, representante de la Santa Sede ante Naciones Unidas en Ginebra, seg\u00fan publica Efe.<\/span><\/p>\n<p><span style=\"color: #000000;\">Tomasi inici\u00f3 la presentaci\u00f3n del Vaticano ante el Comit\u00e9 de la ONU sobre los Derechos del Ni\u00f1o, siendo esta la primera vez que la jerarqu\u00eda de la Iglesia cat\u00f3lica participa en un\u00a0escrutinio p\u00fablico de los abusos sexuales\u00a0contra menores cometidos por sacerdotes en todo el mundo.<\/span><\/p>\n<p><span style=\"color: #000000;\">El jefe de la delegaci\u00f3n enviada por el Vaticano reconoci\u00f3 que la cuesti\u00f3n de los abusos contra menores es particularmente grave cuando se trata de personas que gozan de una gran confianza y est\u00e1n llamadas a proteger todos los aspectos de la persona, incluida su salud f\u00edsica, emocional y espiritual.<\/span><\/p>\n<p><span style=\"color: #000000;\">&#8220;Esta relaci\u00f3n de confianza es cr\u00edtica y requiere de un gran sentido de responsabilidad y respeto hacia la persona que se sirve&#8221;, agreg\u00f3 Tomasi.<\/span><\/p>\n<p><a href=\"https:\/\/www.joventaoista.org\/wp-content\/uploads\/2014\/02\/images3.jpg\"><img loading=\"lazy\" decoding=\"async\" class=\"size-full wp-image-7913 aligncenter\" alt=\"images\" src=\"https:\/\/www.joventaoista.org\/wp-content\/uploads\/2014\/02\/images3.jpg\" width=\"318\" height=\"159\" srcset=\"https:\/\/www.joventaoista.org\/wp-content\/uploads\/2014\/02\/images3.jpg 318w, https:\/\/www.joventaoista.org\/wp-content\/uploads\/2014\/02\/images3-300x150.jpg 300w\" sizes=\"(max-width: 318px) 100vw, 318px\" \/><\/a>\u00a0<span style=\"color: #000000;\">El \u00f3rgano de la ONU dedica su sesi\u00f3n de hoy a evaluar la manera en que la Santa Sede cumple los compromisos asumidos al ratificar la Convenci\u00f3n de los Derechos del Ni\u00f1o.<\/span><\/p>\n<p><span style=\"color: #000000;\">La autoridad moral de la Iglesia ha sido minada por los esc\u00e1ndalos surgidos en los \u00faltimos a\u00f1os en relaci\u00f3n a abusos sexuales perpetrados por sacerdotes en diversos pa\u00edses del mundo y que han intentado ser minimizados por la alta jerarqu\u00eda cat\u00f3lica.<\/span><\/p>\n<p><a href=\"https:\/\/www.joventaoista.org\/wp-content\/uploads\/2014\/02\/antesydespues-1.jpg\"><img loading=\"lazy\" decoding=\"async\" class=\"wp-image-7914 aligncenter\" alt=\"antesydespues-1\" src=\"https:\/\/www.joventaoista.org\/wp-content\/uploads\/2014\/02\/antesydespues-1.jpg\" width=\"257\" height=\"200\" srcset=\"https:\/\/www.joventaoista.org\/wp-content\/uploads\/2014\/02\/antesydespues-1.jpg 428w, https:\/\/www.joventaoista.org\/wp-content\/uploads\/2014\/02\/antesydespues-1-300x233.jpg 300w\" sizes=\"(max-width: 257px) 100vw, 257px\" \/><\/a><\/p>\n<p style=\"margin: 0px; text-align: center; font-size: 18px; line-height: normal; font-family: Tahoma; color: #e32400;\"><b>La ONU interrogar\u00e1 al Vaticano por abusos sexuales a menores<\/b><\/p>\n<p style=\"margin: 5px 0px; font-size: 12px; line-height: normal; font-family: Tahoma;\"><span style=\"color: #000000;\">El Vaticano se enfrentar\u00e1 a un interrogatorio sobre el esc\u00e1ndalo de los abusos sexuales a menores cometidos por sacerdotes en el que deber\u00e1 defenderse p\u00fablicamente de las acusaciones de fomentar el acoso a ni\u00f1os al proteger a cl\u00e9rigos ped\u00f3filos.<\/span><\/p>\n<p style=\"margin: 0px; font-size: 12px; line-height: normal; font-family: Tahoma;\"><span style=\"color: #000000;\">El pr\u00f3ximo jueves un representante de la Santa Sede ser\u00e1 interrogado en Ginebra por un comit\u00e9 de la\u00a0<span style=\"text-decoration: underline; color: #0000ff;\">Convenci\u00f3n de Naciones Unidas sobre los Derechos de la Infancia<\/span>, un acuerdo que\u00a0exige a los signatarios tomar las medidas necesarias para proteger a los ni\u00f1os de toda clase de peligros y poner su bienestar por encima de todo, seg\u00fan informa\u00a0<span style=\"text-decoration: underline;\">AP<\/span>.<\/span><\/p>\n<p style=\"margin: 0px; font-size: 12px; line-height: normal; font-family: Tahoma;\"><a href=\"https:\/\/www.joventaoista.org\/wp-content\/uploads\/2014\/02\/Unknown1.jpg\"><img loading=\"lazy\" decoding=\"async\" class=\"size-full wp-image-7917 aligncenter\" alt=\"Unknown\" src=\"https:\/\/www.joventaoista.org\/wp-content\/uploads\/2014\/02\/Unknown1.jpg\" width=\"356\" height=\"141\" srcset=\"https:\/\/www.joventaoista.org\/wp-content\/uploads\/2014\/02\/Unknown1.jpg 356w, https:\/\/www.joventaoista.org\/wp-content\/uploads\/2014\/02\/Unknown1-300x118.jpg 300w\" sizes=\"(max-width: 356px) 100vw, 356px\" \/><\/a><\/p>\n<p><span style=\"color: #000000;\">Grupos defensores de las v\u00edctimas y organizaciones de derechos humanos se unieron para pedir al comit\u00e9 de Naciones Unidas que indagara a la Santa Sede por los abusos cometidos, presentando testimonios escritos y evidencia en la que se destacaba la escala global del problema.<\/span><\/p>\n<p><span style=\"color: #000000;\">Sus informes hablan de casos en M\u00e9xico y Gran Breta\u00f1a, investigaciones de jurados de instrucci\u00f3n en Estados Unidos e investigaciones gubernamentales desde Canad\u00e1 hasta Irlanda y Australia que detallan c\u00f3mo las pol\u00edticas del Vaticano, que promueven la cultura del secreto y el miedo al esc\u00e1ndalo, contribuyeron al problema.<\/span><\/p>\n<p><a href=\"https:\/\/www.joventaoista.org\/wp-content\/uploads\/2014\/02\/SACERDOTES-AREA.jpg\"><img loading=\"lazy\" decoding=\"async\" class=\"wp-image-7918 aligncenter\" alt=\"SACERDOTES AREA\" src=\"https:\/\/www.joventaoista.org\/wp-content\/uploads\/2014\/02\/SACERDOTES-AREA.jpg\" width=\"242\" height=\"197\" srcset=\"https:\/\/www.joventaoista.org\/wp-content\/uploads\/2014\/02\/SACERDOTES-AREA.jpg 720w, https:\/\/www.joventaoista.org\/wp-content\/uploads\/2014\/02\/SACERDOTES-AREA-600x488.jpg 600w, https:\/\/www.joventaoista.org\/wp-content\/uploads\/2014\/02\/SACERDOTES-AREA-300x244.jpg 300w\" sizes=\"(max-width: 242px) 100vw, 242px\" \/><\/a><\/p>\n<p><span style=\"color: #000000;\">Los testimonios hacen referencia a documentos del Vaticano en los que se muestra que las autoridades conoc\u00edan las andanzas de un conocido acosador mexicano d\u00e9cadas antes de que decidieran corregirlo.<\/span><\/p>\n<p><span style=\"color: #000000;\">Citan la correspondencia de un cardenal del Vaticano que <span style=\"color: #ff0000;\">elogia la decisi\u00f3n de un obispo franc\u00e9s de proteger a un sacerdote acusado de abusos sexuales<\/span> y la instrucci\u00f3n dada a los obispos irlandeses de <strong><span style=\"color: #ff0000;\">no denunciar<\/span> <\/strong>a los acosadores ante la Polic\u00eda. Las pruebas citan a un antiguo secretario de Estado vaticano quien dijo que no se esperaba que los obispos entregaran a sus sacerdotes.<\/span><\/p>\n<p><a href=\"https:\/\/www.joventaoista.org\/wp-content\/uploads\/2014\/02\/pederastas.jpg\"><img loading=\"lazy\" decoding=\"async\" class=\"wp-image-7921 aligncenter\" alt=\"-pederastas\" src=\"https:\/\/www.joventaoista.org\/wp-content\/uploads\/2014\/02\/pederastas.jpg\" width=\"240\" height=\"195\" srcset=\"https:\/\/www.joventaoista.org\/wp-content\/uploads\/2014\/02\/pederastas.jpg 400w, https:\/\/www.joventaoista.org\/wp-content\/uploads\/2014\/02\/pederastas-300x243.jpg 300w\" sizes=\"(max-width: 240px) 100vw, 240px\" \/><\/a><\/p>\n<p><span style=\"color: #000000;\">&#8220;Por muchos a\u00f1os las v\u00edctimas fueron las \u00fanicas que hablaron de esto y fueron criticadas por hacerlo&#8221;, dijo Pam Spees, una abogada especializada en derechos humanos en el Centro de Derechos Constitucionales, que entreg\u00f3 un informe clave al comit\u00e9.<\/span><\/p>\n<p><span style=\"color: #000000;\"><img loading=\"lazy\" decoding=\"async\" class=\"wp-image-7924 aligncenter\" alt=\"irlanda-PEDERASTA CATOLICA\" src=\"https:\/\/www.joventaoista.org\/wp-content\/uploads\/2014\/02\/irlanda-PEDERASTA-CATOLICA.gif\" width=\"235\" height=\"264\" \/>&#8220;Por eso, este momento es muy importante para muchas personas que est\u00e1n en Ginebra y alrededor del mundo, quienes estar\u00e1n pendientes mientras la Santa Sede responde preguntas sobre este tema por primera vez&#8221;.<\/span><\/p>\n<p align=\"center\"><iframe loading=\"lazy\" width=\"560\" height=\"315\" src=\"\/\/www.youtube.com\/embed\/2QsIbi4oFZY\" frameborder=\"0\" allowfullscreen><\/iframe><\/p>\n<p align=\"center\"><iframe loading=\"lazy\" src=\"\/\/www.youtube.com\/embed\/AscdRfEvhns\" height=\"315\" width=\"560\" allowfullscreen=\"\" frameborder=\"0\"><\/iframe><\/p>\n<p align=\"center\"><iframe loading=\"lazy\" src=\"\/\/www.youtube.com\/embed\/zNUQLGYd8uY\" height=\"315\" width=\"420\" allowfullscreen=\"\" frameborder=\"0\"><\/iframe><\/p>\n<p align=\"center\"><iframe loading=\"lazy\" src=\"\/\/www.youtube.com\/embed\/dqyVcly48zY\" height=\"315\" width=\"420\" allowfullscreen=\"\" frameborder=\"0\"><\/iframe><\/p>\n<p align=\"center\"><iframe loading=\"lazy\" src=\"\/\/www.youtube.com\/embed\/rZxNCvtpScI\" height=\"315\" width=\"560\" allowfullscreen=\"\" frameborder=\"0\"><\/iframe><\/p>\n<p>&nbsp;<\/p>\n","protected":false},"excerpt":{"rendered":"<p>Venerables seres que se unen cada dia a la pagina del levantasierto juvenil tao, les saludamos dese\u00e1ndoles ke sea el despertar en sus seres i viterias, pada ke se aserken kada dia mas a la verdad ke los hara libres, este saludo lo emitimos en simvre de el venerable i gran savio del tiveth el [&hellip;]<\/p>\n","protected":false},"author":6,"featured_media":7903,"comment_status":"open","ping_status":"open","sticky":false,"template":"","format":"standard","meta":{"_et_pb_use_builder":"","_et_pb_old_content":"","_et_gb_content_width":"","footnotes":""},"categories":[95],"tags":[],"class_list":["post-7905","post","type-post","status-publish","format-standard","has-post-thumbnail","hentry","category-blog-eo"],"_links":{"self":[{"href":"https:\/\/www.joventaoista.org\/eo\/wp-json\/wp\/v2\/posts\/7905","targetHints":{"allow":["GET"]}}],"collection":[{"href":"https:\/\/www.joventaoista.org\/eo\/wp-json\/wp\/v2\/posts"}],"about":[{"href":"https:\/\/www.joventaoista.org\/eo\/wp-json\/wp\/v2\/types\/post"}],"author":[{"embeddable":true,"href":"https:\/\/www.joventaoista.org\/eo\/wp-json\/wp\/v2\/users\/6"}],"replies":[{"embeddable":true,"href":"https:\/\/www.joventaoista.org\/eo\/wp-json\/wp\/v2\/comments?post=7905"}],"version-history":[{"count":0,"href":"https:\/\/www.joventaoista.org\/eo\/wp-json\/wp\/v2\/posts\/7905\/revisions"}],"wp:featuredmedia":[{"embeddable":true,"href":"https:\/\/www.joventaoista.org\/eo\/wp-json\/wp\/v2\/media\/7903"}],"wp:attachment":[{"href":"https:\/\/www.joventaoista.org\/eo\/wp-json\/wp\/v2\/media?parent=7905"}],"wp:term":[{"taxonomy":"category","embeddable":true,"href":"https:\/\/www.joventaoista.org\/eo\/wp-json\/wp\/v2\/categories?post=7905"},{"taxonomy":"post_tag","embeddable":true,"href":"https:\/\/www.joventaoista.org\/eo\/wp-json\/wp\/v2\/tags?post=7905"}],"curies":[{"name":"wp","href":"https:\/\/api.w.org\/{rel}","templated":true}]}}