{"id":7983,"date":"2014-02-13T13:10:40","date_gmt":"2014-02-13T13:10:40","guid":{"rendered":"https:\/\/www.joventaoista.org\/?p=7983"},"modified":"2014-03-02T23:06:33","modified_gmt":"2014-03-02T23:06:33","slug":"el-opus-dei-la-organizacion-de-la-muerte","status":"publish","type":"post","link":"https:\/\/www.joventaoista.org\/eo\/el-opus-dei-la-organizacion-de-la-muerte\/","title":{"rendered":"El Opus Dei la Organizaci\u00f3n de la muerte."},"content":{"rendered":"<p style=\"margin: 0px 0px 1.5px; font-size: 12px; line-height: normal; font-family: Tahoma; min-height: 14px; text-align: left;\"><span style=\"color: #000000;\">Veneravles seres ke dia a dia llegan a konoser el despertar mediante estos eskritos hoy nuevamente los saludamos en aras de que sea la abundancia en conocimientos i conosisiertos vuskando ke la verdad os haga libres del pecado i la corrupci\u00f3n que la ramera JEZABEL a grabado malamente en los habitantes de la esfera, este sludo lo emitimos en simvre de el venerable Savio del Tivet el gran senior K\u00daMIDO, as\u00ed komo tambi\u00e9n en el sivre del gran MAESTRO AVNER EROS, quienes kon su fuerza espiritual nos bendisen pada seguir siempre adealnte; hoy venerables seres vamos a tratar un tema que no se nos puede escapar por cuanto\u00a0 LA RAMERA, BABILONIA LA MADRE DE TODAS LAS MALDASES,la iglesia CATOLICA,entre sus instrumentos de maldad CREO una de las instituciones mas asesinas que eksiste en la tierra su nombre OPUS DEI, conocida en el mundo como la mafia secreta del vaticano, pero que es esta secta del Armagedon a continuaci\u00f3n les mostramos un interesante reportaje de Thierry Meyssan<\/span><\/p>\n<p style=\"margin: 0px 0px 1.5px; text-align: center; font-size: 18px; line-height: normal; font-family: Tahoma;\"><span style=\"color: #ff0000;\"><b>El Opus Dei a la Conquista del Mundo\u00a0<\/b><b>por Thierry Meyssan<\/b><\/span><\/p>\n<p><img loading=\"lazy\" decoding=\"async\" class=\"wp-image-7986 alignright\" alt=\"KONICA MINOLTA DIGITAL CAMERA\" src=\"https:\/\/www.joventaoista.org\/wp-content\/uploads\/2014\/02\/PICT0061-Conference_presse_Thierry_Meyssan-1024x680.jpg\" width=\"368\" height=\"245\" srcset=\"https:\/\/www.joventaoista.org\/wp-content\/uploads\/2014\/02\/PICT0061-Conference_presse_Thierry_Meyssan-1024x680.jpg 1024w, https:\/\/www.joventaoista.org\/wp-content\/uploads\/2014\/02\/PICT0061-Conference_presse_Thierry_Meyssan-300x199.jpg 300w, https:\/\/www.joventaoista.org\/wp-content\/uploads\/2014\/02\/PICT0061-Conference_presse_Thierry_Meyssan.jpg 500w\" sizes=\"(max-width: 368px) 100vw, 368px\" \/><\/p>\n<p style=\"margin: 5px 0px; font-size: 12px; line-height: normal; font-family: Tahoma;\"><span style=\"color: #000000;\">Fue durante la dictadura del general Francisco Franco en Espa\u00f1a que el sacerdote Jos\u00e9 Mar\u00eda Escriva de Balaguer funda e instala los cimientos del Opus Dei\u00a0[<span style=\"text-decoration: underline;\">5<\/span>]. Como consejero espiritual de Franco\u00a0[<span style=\"text-decoration: underline;\">6<\/span>] y gracias a la organizaci\u00f3n que viene de crear, Balaguer se da como misi\u00f3n de seleccionar y formar las elites de la dictadura franquista hasta llegar a controlar lo esencial del poder. M\u00e1s tarde Balaguer fue enviado al Vaticano. Desde all\u00ed trabaj\u00f3 para extender su poder en Am\u00e9rica Latina. El Opus Dei desarrolla una gigantesca campa\u00f1a para recuperara los sacerdotes cat\u00f3licos, \u00abculpables\u00bb antes sus ojos de apreciar los an\u00e1lisis marxistas y de oponerse a las dictaduras, sean militares o cat\u00f3licas.<\/span><\/p>\n<p style=\"margin: 5px 0px; font-size: 12px; line-height: normal; font-family: Tahoma;\"><span style=\"color: #000000;\">Oficialmente el Opus Dei no es m\u00e1s que una asociaci\u00f3n cat\u00f3lica internacional. Su labor se resumir\u00eda a la actividad espiritual de sus 79 303 miembros (sea 1 506 sacerdotes, 352 seminaristas y 77 445 laicos). Los miembros que el Opus Dei selecciona son la crema y nata de la sociedad latinoamericana y europea. Entre ellos los grandes propietarios de compa\u00f1\u00edas multinacionales, los magnates de la prensa y la financia, jefes de Estado y del gobierno. A cada uno de ellos, <span style=\"text-decoration: underline;\">el Opus Dei les exige una austera disciplina y una completa obediencia. Una manera muy inteligente de fingir y enmascarar sus actividades pol\u00edticas<\/span> \u00abpersonales\u00bb, gracias a sus ejecutivos de las \u00abclases dominantes\u00bb en el mundo entero, el Opus Dei puede imponer sus valores a los pueblos.<\/span><\/p>\n<p style=\"margin: 5px 0px; font-size: 12px; line-height: normal; font-family: Tahoma;\"><span style=\"color: #000000;\">Esta secta fue fundada el 2 de octubre de 1928 por un joven sacerdote cat\u00f3lico espa\u00f1ol, de origen modesto, el cura Jos\u00e9 Mar\u00eda Escriba de Balaguer. Era m\u00e1s que todo un intento de estos adeptos de llegar a la Santidad mediante la participaci\u00f3n a la instauraci\u00f3n de un r\u00e9gimen teocr\u00e1tico, en la cual Escriba de Balaguer ser\u00eda el profeta. La guerra civil espa\u00f1ola les pareci\u00f3 como la ocasi\u00f3n ideal e inesperada de establecer el Estado cat\u00f3lico de sus sue\u00f1os. El sacerdote Escriba lleg\u00f3 a ser el consejero espiritual y de conciencia del general Franco. Juntos restablecer\u00edan el antiguo principio: \u00abCujus regio, ejus religio\u00bb (tal gobierno en un Estado, tal religi\u00f3n en este Estado).<\/span><\/p>\n<p style=\"margin: 5px 0px; font-size: 12px; line-height: normal; font-family: Tahoma;\"><a href=\"https:\/\/www.joventaoista.org\/wp-content\/uploads\/2014\/02\/opus-dei-.jpg\"><img loading=\"lazy\" decoding=\"async\" class=\"size-full wp-image-7987 aligncenter\" alt=\"opus dei\" src=\"https:\/\/www.joventaoista.org\/wp-content\/uploads\/2014\/02\/opus-dei-.jpg\" width=\"280\" height=\"180\" \/><\/a><\/p>\n<p style=\"margin: 5px 0px; font-size: 12px; line-height: normal; font-family: Tahoma;\"><span style=\"color: #000000;\">El Opus Dei se tom\u00f3 como objetivo de seleccionar y de formar las elites de la dictadura espa\u00f1ola hasta controlar lo esencial del poder. As\u00ed, en los a\u00f1os setenta, el gobierno franquista del almirante Carero Blanco fue calificado de \u00ab monocolor \u00bb : de sus 19 ministros, 12 eran del Opus Dei. A pesar que Escriba de Balaguer no ejerc\u00eda ninguna responsabilidad directa en el r\u00e9gimen, el \u00abpadre\u00bb <strong>Balaguer nunca ces\u00f3 de aconsejar al General\u00edsimo<\/strong>. Fue \u00e9l quien sugiri\u00f3 el restablecimiento de la monarqu\u00eda de derecho divino. Franco fue proclamado presidente a vida.<\/span><\/p>\n<p><a href=\"https:\/\/www.joventaoista.org\/wp-content\/uploads\/2014\/02\/opusdei-franco.jpg\"><img loading=\"lazy\" decoding=\"async\" class=\"wp-image-7991 aligncenter\" alt=\"opusdei franco\" src=\"https:\/\/www.joventaoista.org\/wp-content\/uploads\/2014\/02\/opusdei-franco.jpg\" width=\"375\" height=\"260\" srcset=\"https:\/\/www.joventaoista.org\/wp-content\/uploads\/2014\/02\/opusdei-franco.jpg 469w, https:\/\/www.joventaoista.org\/wp-content\/uploads\/2014\/02\/opusdei-franco-300x207.jpg 300w\" sizes=\"(max-width: 375px) 100vw, 375px\" \/><\/a><\/p>\n<p style=\"margin: 5px 0px; font-size: 12px; line-height: normal; font-family: Tahoma;\"><span style=\"color: #000000;\">Balaguer preve\u00eda de hacerse proclamar regente una vez acontecida la muerte del Caudillo. Por tal motivo se hace ennoblecer en 1968 bajo el t\u00edtulo de Monse\u00f1or Escriba de Balaguer marqu\u00e9s de Peralta. Pero el plan fue modificado. Al a\u00f1o siguiente Franco designa al pr\u00edncipe Juan Carlos I de Borb\u00f3n para sucederlo (el actual rey de Espa\u00f1a). De todas maneras Monse\u00f1or Escriba de Balaguer ten\u00eda otras ambiciones. A los finales de la Segunda Guerra Mundial viaja a Roma, una vez all\u00ed se dedicaba a consolidar y extender su poder en Am\u00e9rica Latina. Oratorios y capillas del Opus Dei fueron instalados en las embajadas espa\u00f1olas, cosa que facilitar\u00eda el contacto entre las elites locales. Escriba de Balaguer brindaba igualmente sus consejos espirituales a todos aquellos que ambicionaban de luchar contra el comunismo y de consolidar la fe cat\u00f3lica en su pa\u00eds. Fue en estas circunstancias que Balaguer viaj\u00f3 apresuradamente a Santiago de Chile en 1974, para celebrar una acci\u00f3n de gracias con tres de sus \u00abhijos espirituales\u00bb, el general Pinochet, el almirante Merino y el general Leigh.<\/span><\/p>\n<p>\u00a0<a href=\"https:\/\/www.joventaoista.org\/wp-content\/uploads\/2014\/02\/opus-dei-juan-pablo-pinochet.jpg\"><img loading=\"lazy\" decoding=\"async\" class=\"wp-image-7993 aligncenter\" alt=\"opus dei juan pablo pinochet\" src=\"https:\/\/www.joventaoista.org\/wp-content\/uploads\/2014\/02\/opus-dei-juan-pablo-pinochet.jpg\" width=\"454\" height=\"256\" srcset=\"https:\/\/www.joventaoista.org\/wp-content\/uploads\/2014\/02\/opus-dei-juan-pablo-pinochet.jpg 567w, https:\/\/www.joventaoista.org\/wp-content\/uploads\/2014\/02\/opus-dei-juan-pablo-pinochet-300x169.jpg 300w\" sizes=\"(max-width: 454px) 100vw, 454px\" \/><\/a><\/p>\n<p style=\"margin: 5px 0px; font-size: 12px; line-height: normal; font-family: Tahoma;\"><span style=\"color: #000000;\">Otra de las inquietudes de Balaguer era extender su \u00abObra\u00bb en Europa pero fue en parte impedido por el aislamiento diplom\u00e1tico de Espa\u00f1a en aquella entonces. Su objetivo era de volver a crear una internacional anticomunista (como la que crearon Franco- Mussolini-Hitler durante la guerra civil espa\u00f1ola), de sacar del apartamiento a la Espa\u00f1a franquista y de favorecer la construcci\u00f3n europea.<\/span><\/p>\n<p style=\"margin: 5px 0px; font-size: 12px; line-height: normal; font-family: Tahoma;\"><span style=\"color: #000000;\">En 1957 hizo crear en Madrid, por el archiduque Otto von Habsburg-Lothiringen, le Centre Europeo de Documentaci\u00f3n y de Informaci\u00f3n (CEDI) y, gracias a dos otros de sus \u00abhijos espirituales\u00bb, Alcide de Gasperi et Robert Schuman, Balaguer pudo tener un peso en la redacci\u00f3n del tratado de Roma, primer cimiento para la creaci\u00f3n de la Comunidad Europea. <\/span><br \/>\n<span style=\"color: #000000;\"> A igual que Francisco Franco, el \u00abpadre\u00bb fallece en el a\u00f1o 1975. Fue un error de creer que el Opus Dei desaparecer\u00eda con ellos en el infierno. Un apogeo de esta secta fue constatado tres a\u00f1os m\u00e1s tarde, en 1978. Aprovechando de las intrigas y la par\u00e1lisis del Sagrado Colegio, el Opus Dei logr\u00f3 convencer a los cardinales de elegir uno de sus predicadores como Papa: el arzobispo de Cracovia, Karol Wojtyla, m\u00e1s conocido como Juan Pablo II. <span style=\"text-decoration: underline;\">A partir de ese momento la secta del Opus Dei pud\u00f3 encaminar a su provecho el aparato diplom\u00e1tico del Estado del Vaticano y la reorganizaci\u00f3n religiosa de la iglesia cat\u00f3lica<\/span>.<\/span><\/p>\n<p style=\"margin: 5px 0px; font-size: 12px; line-height: normal; font-family: Tahoma;\"><span style=\"color: #000000;\"><a href=\"https:\/\/www.joventaoista.org\/wp-content\/uploads\/2014\/02\/es-opus390-9648c.jpg\"><img loading=\"lazy\" decoding=\"async\" class=\"size-full wp-image-7996 alignleft\" alt=\"es-opus390-9648c\" src=\"https:\/\/www.joventaoista.org\/wp-content\/uploads\/2014\/02\/es-opus390-9648c.jpg\" width=\"390\" height=\"286\" srcset=\"https:\/\/www.joventaoista.org\/wp-content\/uploads\/2014\/02\/es-opus390-9648c.jpg 390w, https:\/\/www.joventaoista.org\/wp-content\/uploads\/2014\/02\/es-opus390-9648c-300x220.jpg 300w\" sizes=\"(max-width: 390px) 100vw, 390px\" \/><\/a>Juan Pablo II constituy\u00f3 su gabinete exclusivamente de sacerdotes del Opus Dei y se dedic\u00f3 a desmontar toda resistencia en el seno de la Iglesia. Por tal motivo hizo aislar- \u00abpor razones de salud\u00bb- al superior de los jesuitas, el padre Pedro Arupe y nombr\u00f3 un administrador provisorio de la misma orden para remplazarlo en la persona del padre Dezza, quien si era miembro del Opus Dei. Pero no se atrevi\u00f3 a disolver la compa\u00f1\u00eda de Jes\u00fas. Se ocup\u00f3 tambi\u00e9n de controlar a los sacerdotes latinoamericanos, culpables de compartir o apreciar los an\u00e1lisis marxistas y de oponerse a las dictaduras cat\u00f3licas. Todo esto en un gigantesco proceso de control eclesi\u00e1stico.<\/span><\/p>\n<p style=\"margin: 5px 0px; font-size: 12px; line-height: normal; font-family: Tahoma;\"><span style=\"color: #000000;\">Dos personas celotas\u00a0fueron fieles servidores de la pol\u00edtica de Balaguer: Monse\u00f1or Josef Ratzinger, prefecto de la Congregaci\u00f3n para la Doctrina y la Fe y, Monse\u00f1or Alfonso L\u00f3pez Trujillo, presidente del Concejo Pontifical para la Familia. Un centro de vigilancia fue instalado en Bogot\u00e1, Colombia, dotado de una potente computadora de capacidad estrat\u00e9gica, conectados al Vaticano. Se fichaban todos los datos y actividades pol\u00edticas de los curas y religiosos latinoamericanos. Es a partir de estas informaciones y datos de inteligencia que fueron asesinados por \u00abescuadrones de la muerte\u00bb, el padre Ignacio Ellacuria o Monse\u00f1or Oscar Romero en El Salvador. Entre otras cosas, Juan Pablo II promulg\u00f3 un nuevo c\u00f3digo de derecho can\u00f3nico, cuyo art\u00edfice principal fue el prelado del Opus Dei, Monse\u00f1or Juli\u00e1n Herranz-Casado, a quien se le nombr\u00f3 m\u00e1s tarde presidente del Concejo Pontifical para la Revisi\u00f3n de los Textos Legislativos.<\/span><\/p>\n<p style=\"margin: 5px 0px; font-size: 12px; line-height: normal; font-family: Tahoma;\"><span style=\"color: #000000;\">Fue este \u00faltimo quien dot\u00f3 a la \u00abObra de Dios\u00bb de un estatuto a su medida: \u00abLa Prelatura Apost\u00f3lica\u00bb. En adelante los miembros del Opus Dei escapan a la autoridad de los obispos en el territorio donde residen. Obedecen \u00fanicamente que a su superior religioso, prelado o al Papa. Esta organizaci\u00f3n ha llegado a ser un instrumento de control de las Iglesias locales al servicio del poder temporal del Vaticano. Este destino lo encontramos en el pasado y en otra secta que rein\u00f3 con el terror religioso en la Espa\u00f1a del siglo XVI, antes de imponer y exportar su fanatismo en la Iglesia Universal: El Oficio de la Santa Inquisici\u00f3n.<\/span><\/p>\n<p style=\"margin: 5px 0px; font-size: 12px; line-height: normal; font-family: Tahoma;\"><span style=\"color: #000000;\"><a href=\"https:\/\/www.joventaoista.org\/wp-content\/uploads\/2014\/02\/images4.jpg\"><img loading=\"lazy\" decoding=\"async\" class=\"size-full wp-image-7999 alignright\" alt=\"images\" src=\"https:\/\/www.joventaoista.org\/wp-content\/uploads\/2014\/02\/images4.jpg\" width=\"270\" height=\"187\" \/><\/a>En fin, el Papa confi\u00f3 la administraci\u00f3n de la \u00abCongregaci\u00f3n para la Causa de los Santos\u00bb a un miembro del Opus Dei, Rafaello Cortesini. Juan Pablo II emprendi\u00f3 el proceso can\u00f3nico del sacerdote Escriva de Balaguer y proclam\u00f3 su beatificaci\u00f3n el d\u00eda de su cumplea\u00f1os, el 17 de mayo 1992. Esta mascarada sublev\u00f3 vivas pol\u00e9micas en la Iglesia Romana. Todos los testimonios y relatos de oposici\u00f3n a la \u00abcausa del santo\u00bb fueron rechazadas sin ser escuchadas mientras que 6000 cartas postuladoras\u00a0\u00a0fueron incluidas al expediente. Estas emanaban sobre todo de los 69 cardinales, de los 241 arzobispos, de 987 obispos y de numerosos jefes de Estado y del gobierno.<\/span><\/p>\n<p style=\"margin: 5px 0px; font-size: 12px; line-height: normal; font-family: Tahoma;\"><span style=\"color: #000000;\">Celota : Se dice de la persona caracterizada por la vehemencia y rigidez de su integrismo religioso. El origen de la palabra viene de las personas pertenecientes a un grupo religioso del pueblo jud\u00edo que practicaba este integrismo.<\/span><\/p>\n<p style=\"margin: 5px 0px; font-size: 12px; line-height: normal; font-family: Tahoma;\"><span style=\"color: #000000;\">Inquisici\u00f3n : Tribunal eclesi\u00e1stico, establecido para inquirir y castigar los delitos contra la fe.<\/span><\/p>\n<p style=\"margin: 5px 0px; font-size: 12px; line-height: normal; font-family: Tahoma;\"><span style=\"color: #000000;\">Postulator : En derecho can\u00f3nico, cada uno de los capitulares que postulan. El que por comisi\u00f3n leg\u00edtima de parte interesada solicita en la curia romana la beatificaci\u00f3n y canonizaci\u00f3n de una persona venerable.<\/span><\/p>\n<p style=\"margin: 5px 0px; font-size: 12px; line-height: normal; font-family: Tahoma;\"><span style=\"color: #000000;\">En lat\u00edn, significa \u00abObra de Dios\u00bb.<\/span><\/p>\n<p><span style=\"color: #000000;\">Francisco Franco: Dictador espa\u00f1ol que se mantuvo en el poder de 1938 a 1975. \u00a0<\/span><span style=\"color: #000000; font-family: Tahoma; font-size: 12px; line-height: normal;\">Pero los desmanes de esta makinaria de muerte no paran vamos a kontinuacion a leer un intersante dokumento sobre una de las oscuras formas que manejan estos asesinos para mantener sus borrejos bajo control a continuaci\u00f3n le emitimos el siguiente reportaje:\u00a0<\/span><\/p>\n<p style=\"margin: 5px 0px; text-align: center; font-size: 18px; line-height: normal; font-family: Tahoma;\"><span style=\"color: #ff0000;\"><b>LA OSCURA CUARTA PLANTA DEL OPUS\u00a0DEI<\/b><\/span><\/p>\n<p><span style=\"color: #000000; line-height: 1.5em;\">\u00bfEs posible que la secta del Vaticano llamada OPUS DEI llegue hasta l\u00edmites que incluyen el internado psiqui\u00e1trico de aquellos miembros que intentan escapar de la misma? \u00bfEs posible que dicha mafia llegue incluso a provocar la muerte de aquellos rebeldes que intentaron salir de la misma? \u00bfTiene que ver la famosa cl\u00ednica de Navarra con dicha secta?<\/span><\/p>\n<p><span style=\"color: #000000;\">\u00bfEs posible que esta organizaci\u00f3n sean responsable de m\u00faltiples fraudes a dinero p\u00fablico y privado adem\u00e1s de los autores de la mayor\u00eda de los delitos que comete esta secta de forma sistem\u00e1tica, a saber: Fraudes, estafas, coacciones, amenazas, violaci\u00f3n de la intimidad, acosos, falsificaciones, secuestros, homicidios, etc. Estos delitos se cometen con facilidad e impunidad gracias a la red clandestina de poder y por lo tanto secreta (ver la secta opus y el PP) por la cual se ayudan unos a otros para ocupar los puestos clave del Estado y por supuesto garantizar su impunidad?<\/span><\/p>\n<p><span style=\"color: #000000;\">El siguiente art\u00edculo muestra unas espeluznantes pinceladas de hasta donde puede llegar dicha mafia sectaria con las v\u00edctimas que intentan huir.<\/span><\/p>\n<p><strong>\u00a0<span style=\"color: #000000;\">LA OSCURA CUARTA PLANTA<\/span><\/strong><\/p>\n<p><a href=\"https:\/\/www.joventaoista.org\/wp-content\/uploads\/2014\/02\/mx3B5E7.png\"><img loading=\"lazy\" decoding=\"async\" class=\"wp-image-7998 alignleft\" alt=\"mx3B5E7\" src=\"https:\/\/www.joventaoista.org\/wp-content\/uploads\/2014\/02\/mx3B5E7.png\" width=\"385\" height=\"377\" srcset=\"https:\/\/www.joventaoista.org\/wp-content\/uploads\/2014\/02\/mx3B5E7.png 641w, https:\/\/www.joventaoista.org\/wp-content\/uploads\/2014\/02\/mx3B5E7-600x589.png 600w, https:\/\/www.joventaoista.org\/wp-content\/uploads\/2014\/02\/mx3B5E7-300x294.png 300w\" sizes=\"(max-width: 385px) 100vw, 385px\" \/><\/a><span style=\"color: #000000;\">La denominada \u201cCuarta Planta\u201d de la \u201cCl\u00ednica Universidad de Navarra\u201d es citada continuamente por los ex-Opus Dei -que lograron escapar de la organizaci\u00f3n- como el lugar a donde llevan a miembros de la organizaci\u00f3n con problemas mentales. Seg\u00fan los ex-miembros del Opus, estos trastornos mentales, o son provocados por la forma de vida aplicada a los miembros, o por el acoso psicol\u00f3gico a que son sometidos aquellos en quienes detectan indicios de querer abandonar la organizaci\u00f3n.\u00a0 En esta \u201cCuarta Planta\u201d son diagnosticados por psiquiatras pertenecientes en exclusiva al Opus Dei y sometidos a fuerte medicaci\u00f3n. Ex miembros del Opus tambi\u00e9n acusan y denuncian \u2013 donde pueden- pr\u00e1cticas que van m\u00e1s all\u00e1 de la psiquiatr\u00eda y se sumergen en la experimentaci\u00f3n con tecnolog\u00edas no convencionales de control mental a distancia derivadas, entre otros, de las investigaciones del <span style=\"text-decoration: underline;\">Dr. Delgado<\/span>.<\/span><\/p>\n<p><span style=\"color: #000000;\">Los miembros del Opus Dei son fundamentalmente \u201cnumerarios\u201d o \u201csupernumerarios\u201c. Los \u201cnumerarios\u201d son miembros solteros de dedicaci\u00f3n plena, laicos que viven el celibato, la pobreza y obediencia; usan el cilicio -que fabrican en conventos de monjas- para mortificarse y combatir las tentaciones de sexo; habitan en centros del Opus Dei; se dedican a las tareas internas y son los que mantienen \u201cla maquinaria\u201d de la Obra en funcionamiento. Entregan todos sus sueldos, bienes y herencias a la organizaci\u00f3n, que lo invierte en inmuebles bajo la figura de sociedades mercantiles de las que los socios tienen firmado un \u201cvend\u00ed\u201d de sus acciones, con la fecha y nuevo due\u00f1o en blanco.<\/span><\/p>\n<p><span style=\"color: #000000;\">Los \u201csupernumerarios\u201d est\u00e1n por lo general casados y viven en su propia casa; una vez por semana reciben \u201cdirecci\u00f3n espiritual\u201d de un numerario, se confiesan, dan cuenta de sus metas apost\u00f3licas, captaci\u00f3n de nuevos miembros, etc. Entregan un porcentaje de su sueldo a la Obra.<\/span><\/p>\n<p><span style=\"color: #000000;\"><a href=\"https:\/\/www.joventaoista.org\/wp-content\/uploads\/2014\/02\/OPUSDEIAUTORTURA.jpg\"><img loading=\"lazy\" decoding=\"async\" class=\"wp-image-8001 alignright\" alt=\"OPUSDEIAUTORTURA\" src=\"https:\/\/www.joventaoista.org\/wp-content\/uploads\/2014\/02\/OPUSDEIAUTORTURA.jpg\" width=\"397\" height=\"280\" srcset=\"https:\/\/www.joventaoista.org\/wp-content\/uploads\/2014\/02\/OPUSDEIAUTORTURA.jpg 567w, https:\/\/www.joventaoista.org\/wp-content\/uploads\/2014\/02\/OPUSDEIAUTORTURA-300x211.jpg 300w\" sizes=\"(max-width: 397px) 100vw, 397px\" \/><\/a>Las dos dedicaciones principales del Opus Dei son, por un lado, posicionar a sus miembros en la pol\u00edtica, el ej\u00e9rcito y los cuerpos de seguridad, la gran banca, los medios de comunicaci\u00f3n, la judicatura, y los \u201cnegocios\u201d \u2013 utilizando testaferros y sociedades pantalla -. El prelado del Opus depende directamente del Papa, escapando as\u00ed a la autoridad de los obispos.<\/span><\/p>\n<p><span style=\"color: #000000;\">La segunda ocupaci\u00f3n es controlar y mejorar una de las redes de centros de ense\u00f1anza m\u00e1s prestigiosas del mundo, en donde reclutan numerarios, normalmente antes de, o en la misma Universidad, pues es muy dif\u00edcil convencer a los adultos. La captaci\u00f3n se practica entre ni\u00f1os (14 a\u00f1os), especialmente entre los hijos de los supernumerarios que son educados en estos colegios.<\/span><\/p>\n<p><span style=\"color: #000000;\">Los numerarios no viven en sus casas particulares sino en centros de la Obra. En palabras de un ex-numerario: \u201cLas casas donde vive la gente est\u00e1n llenas de personas con problemas, deprimidos, que tienen que tomar pastillas constantemente\u201d. Las mujeres, mayoritariamente ocupadas en funciones auxiliares, aunque tengan titulaci\u00f3n universitaria, est\u00e1n sometidas al dominio jer\u00e1rquico de los varones\u201d.<\/span><\/p>\n<p><span style=\"color: #000000;\">Muchos ni\u00f1os y j\u00f3venes se salen en cuanto pueden empezar a pensar por su cuenta, en cuanto sienten m\u00e1s intensamente las pulsiones sexuales. Pero otros se auto reprimen, se fanatizan y uno de los efectos secundarios son los trastornos psicol\u00f3gicos de tantos chicos y chicas, muchos de los cuales han intentado suicidarse o terminan haci\u00e9ndolo.<\/span><\/p>\n<p><span style=\"color: #000000;\"><a style=\"line-height: 1.5em;\" href=\"https:\/\/www.joventaoista.org\/wp-content\/uploads\/2013\/11\/Demonio.jpg\"><img loading=\"lazy\" decoding=\"async\" class=\"wp-image-6854 alignleft\" alt=\"Demonio\" src=\"https:\/\/www.joventaoista.org\/wp-content\/uploads\/2013\/11\/Demonio.jpg\" width=\"255\" height=\"354\" srcset=\"https:\/\/www.joventaoista.org\/wp-content\/uploads\/2013\/11\/Demonio.jpg 609w, https:\/\/www.joventaoista.org\/wp-content\/uploads\/2013\/11\/Demonio-600x830.jpg 600w, https:\/\/www.joventaoista.org\/wp-content\/uploads\/2013\/11\/Demonio-216x300.jpg 216w\" sizes=\"(max-width: 255px) 100vw, 255px\" \/><\/a>Las informaciones sobre casos de suicidios de miembros del Opus Dei en Espa\u00f1a crecen a medida que se pregunta a antiguos miembros, como JJRR, profesor de Filosof\u00eda, que se peg\u00f3 un tiro en Pamplona (Navarra). En algunos casos, los directivos del Opus tratan de maquillar las circunstancias: NG, directivo del Opus en C\u00f3rdoba, gran deportista, profesor de F\u00edsica en un Instituto, se tir\u00f3 por una ventana de su casa una noche y se dijo que era un caso de sonambulismo. Seg\u00fan parece, est\u00e1 enterrado en el cementerio de C\u00f3rdoba (Espa\u00f1a) con una l\u00e1pida sin nombre\u2026<\/span><\/p>\n<p><span style=\"color: #000000;\">A la \u201cCuarta Planta\u201d de la Cl\u00ednica Universitaria de Navarra son enviados los miembros de Opus con problemas. Por una parte, hombres y mujeres que sufren trastornos psicol\u00f3gicos producidos por las contradicciones de la vida del numerario. Al cabo de cierto tiempo, muchos entran en depresiones, en neurosis\u2026<\/span><\/p>\n<p><span style=\"color: #000000;\">El doctor en pol\u00edtica y derecho, soci\u00f3logo y ex-miembro del Opus Dei, Alberto Moncada, afirma que la segunda fuente de pacientes para la \u201cCuarta Planta\u201d son los indecisos o cr\u00edticos; y que los directivos del Opus consideran que la desviaci\u00f3n ideol\u00f3gica sobre la l\u00ednea marcada por la organizaci\u00f3n es una enfermedad mental, y que entonces los afectados son aconsejados o forzados a pasar una temporada en la \u201cCuarta Planta\u201d de Cl\u00ednica Universidad de Navarra donde son mantenidos en estado de fuerte sedaci\u00f3n mediante tranquilizantes y drogas debilitantes de la voluntad.<\/span><\/p>\n<p><span style=\"color: #000000; font-family: Tahoma; font-size: 12px; line-height: normal;\">Quienes conocen el lado m\u00e1s oscuro de la Obra son los rebeldes o indecisos que quieren salirse de ella. Multitud de testimonios implican a los directores, numerarios y supernumerarios m\u00e1s fan\u00e1ticos en oscuras y estudiadas pr\u00e1cticas de acoso que terminan en muchos casos volviendo loco a los rebeldes o haciendo que lo parezcan ante sus familiares, para luego ser internados en centros psiqui\u00e1tricos.<\/span><\/p>\n<p><span><span style=\"color: #000000;\"><a href=\"https:\/\/www.joventaoista.org\/wp-content\/uploads\/2014\/02\/caida-del-vaticano.jpg\"><img loading=\"lazy\" decoding=\"async\" class=\"wp-image-8002 aligncenter\" alt=\"caida del vaticano\" src=\"https:\/\/www.joventaoista.org\/wp-content\/uploads\/2014\/02\/caida-del-vaticano.jpg\" width=\"478\" height=\"272\" srcset=\"https:\/\/www.joventaoista.org\/wp-content\/uploads\/2014\/02\/caida-del-vaticano.jpg 598w, https:\/\/www.joventaoista.org\/wp-content\/uploads\/2014\/02\/caida-del-vaticano-300x170.jpg 300w\" sizes=\"(max-width: 478px) 100vw, 478px\" \/><\/a><\/span><\/span><\/p>\n<p><span><span style=\"color: #000000;\">Un tema de nunca acabar por que la bestia cat\u00f3lica sigue impulsando el mal en el mundo ahora de forma mas soterrada, pero sabemos que la fuerza de DIOS se hace presente kada dia mas en el mundo i que solo es cuesti\u00f3n de tiempo para que esta maquinaria de asesinato caiga, asi como lo escribi\u00f3 el vidente de Patmos<\/span><span style=\"color: #0000ff;\">\u00a0CA\u00cdDA\u00a0ES BABILONIA Y HECHA GUARIDA DE TODA AVE SUCIA INMUNDA Y\u00a0ABORRECIBLE<\/span><span style=\"color: #000000;\">, seguiremos mostrando estas verdades al mundo\u00a0as\u00ed\u00a0como lo dice nuestro padre EL SAVIO\u00a0DEL TIVET KUMIDO.<\/span><\/span><\/p>\n<p align=\"center\"><iframe loading=\"lazy\" src=\"\/\/www.youtube.com\/embed\/zF8nzvZN8nQ\" height=\"315\" width=\"560\" allowfullscreen=\"\" frameborder=\"0\"><\/iframe><span style=\"line-height: 1.5em;\">\u00a0<\/span><\/p>\n<p align=\"center\"><iframe loading=\"lazy\" src=\"\/\/www.youtube.com\/embed\/PQDRF7M8MiU\" height=\"315\" width=\"420\" allowfullscreen=\"\" frameborder=\"0\"><\/iframe><span style=\"line-height: 1.5em;\">\u00a0<\/span><\/p>\n<p align=\"center\"><iframe loading=\"lazy\" src=\"\/\/www.youtube.com\/embed\/frJ6u--F1aM\" height=\"315\" width=\"420\" allowfullscreen=\"\" frameborder=\"0\"><\/iframe><\/p>\n<p align=\"center\"><iframe loading=\"lazy\" src=\"\/\/www.youtube.com\/embed\/9BfjWQ7A-0M\" height=\"315\" width=\"560\" allowfullscreen=\"\" frameborder=\"0\"><\/iframe><\/p>\n","protected":false},"excerpt":{"rendered":"<p>Veneravles seres ke dia a dia llegan a konoser el despertar mediante estos eskritos hoy nuevamente los saludamos en aras de que sea la abundancia en conocimientos i conosisiertos vuskando ke la verdad os haga libres del pecado i la corrupci\u00f3n que la ramera JEZABEL a grabado malamente en los habitantes de la esfera, este [&hellip;]<\/p>\n","protected":false},"author":6,"featured_media":7985,"comment_status":"open","ping_status":"open","sticky":false,"template":"","format":"standard","meta":{"_et_pb_use_builder":"","_et_pb_old_content":"","_et_gb_content_width":"","footnotes":""},"categories":[95,106,459],"tags":[781,738,789,791,788,787,785,790,390,364],"class_list":["post-7983","post","type-post","status-publish","format-standard","has-post-thumbnail","hentry","category-blog-eo","category-konspiracion-eo","category-legidos-aktividades","tag-corrupcion","tag-el-arte-marsial","tag-el-opus-dei","tag-la-prelatura-apostolica","tag-pederasta","tag-pedofilia","tag-perversion-de-los-sacerdotes","tag-sacerdotes-catolicos","tag-thierry-meyssan","tag-vaticano"],"_links":{"self":[{"href":"https:\/\/www.joventaoista.org\/eo\/wp-json\/wp\/v2\/posts\/7983","targetHints":{"allow":["GET"]}}],"collection":[{"href":"https:\/\/www.joventaoista.org\/eo\/wp-json\/wp\/v2\/posts"}],"about":[{"href":"https:\/\/www.joventaoista.org\/eo\/wp-json\/wp\/v2\/types\/post"}],"author":[{"embeddable":true,"href":"https:\/\/www.joventaoista.org\/eo\/wp-json\/wp\/v2\/users\/6"}],"replies":[{"embeddable":true,"href":"https:\/\/www.joventaoista.org\/eo\/wp-json\/wp\/v2\/comments?post=7983"}],"version-history":[{"count":0,"href":"https:\/\/www.joventaoista.org\/eo\/wp-json\/wp\/v2\/posts\/7983\/revisions"}],"wp:featuredmedia":[{"embeddable":true,"href":"https:\/\/www.joventaoista.org\/eo\/wp-json\/wp\/v2\/media\/7985"}],"wp:attachment":[{"href":"https:\/\/www.joventaoista.org\/eo\/wp-json\/wp\/v2\/media?parent=7983"}],"wp:term":[{"taxonomy":"category","embeddable":true,"href":"https:\/\/www.joventaoista.org\/eo\/wp-json\/wp\/v2\/categories?post=7983"},{"taxonomy":"post_tag","embeddable":true,"href":"https:\/\/www.joventaoista.org\/eo\/wp-json\/wp\/v2\/tags?post=7983"}],"curies":[{"name":"wp","href":"https:\/\/api.w.org\/{rel}","templated":true}]}}