{"id":8229,"date":"2014-02-21T22:51:22","date_gmt":"2014-02-21T22:51:22","guid":{"rendered":"https:\/\/www.joventaoista.org\/?p=8229"},"modified":"2014-03-12T21:21:46","modified_gmt":"2014-03-12T21:21:46","slug":"el-opus-dei-la-organzacion-de-la-muerte-5-2","status":"publish","type":"post","link":"https:\/\/www.joventaoista.org\/eo\/el-opus-dei-la-organzacion-de-la-muerte-5-2\/","title":{"rendered":"el Opus Dei la Organzaci\u00f3n de la muerte, 5.1."},"content":{"rendered":"<p><span class=\"Apple-style-span\" style=\"line-height: normal;\">Estimados \u00a0hermagdus hemos tenido \u00a0una interesante\u00a0secuencia de \u00a0publicaseles \u00a0kon respekto a la verdad \u00a0y la mentira de la \u00a0Iglesia\u00a0Cat\u00f3lica, que \u00a0ha integrado \u00a0un \u00a0dialogo con una respetable abogada que \u00a0a ingresado a dilucidar respekto a el tema, encontramos muy interesantes aportes \u00a0a este tema por algunos komentaristas \u00a0y a kontinuasel hasemos un post \u00a0pad\u00e1 ke sean en venefisio de todos nuestros \u00a0lektores.<\/span><\/p>\n<p style=\"line-height: normal;\"><b style=\"mso-bidi-font-weight: normal;\"><span style=\"font-size: 14.0pt; font-family: 'Tahoma','sans-serif'; mso-fareast-font-family: 'Times New Roman'; color: #31849b; mso-themecolor: accent5; mso-themeshade: 191; mso-fareast-language: ES-CO;\">Dise el Veneavle Ser Linifes: <\/span><\/b><\/p>\n<p class=\"MsoNormal\" style=\"margin-bottom: .0001pt; line-height: normal;\"><span style=\"font-size: 14.0pt; font-family: 'Tahoma','sans-serif';\"><a href=\"https:\/\/www.joventaoista.org\/el-opus-dei-la-organzacion-de-la-muerte-3\/#comment-2484\"><span style=\"mso-fareast-font-family: 'Times New Roman'; color: blue; mso-fareast-language: ES-CO;\">febrero 19, 2014<\/span><\/a><\/span><\/p>\n<p class=\"MsoNormal\" style=\"mso-margin-top-alt: auto; mso-margin-bottom-alt: auto; line-height: normal;\"><span style=\"font-size: 14.0pt; font-family: 'Tahoma','sans-serif'; mso-fareast-font-family: 'Times New Roman'; color: #31849b; mso-themecolor: accent5; mso-themeshade: 191; mso-fareast-language: ES-CO;\">Palabras dirigidas a la se\u00f1ora Claudia \u2013 Alejandra de F\u00e1tima<\/span><\/p>\n<p class=\"MsoNormal\" style=\"mso-margin-top-alt: auto; mso-margin-bottom-alt: auto; line-height: normal;\"><span style=\"font-size: 14.0pt; font-family: 'Tahoma','sans-serif'; mso-fareast-font-family: 'Times New Roman'; color: #31849b; mso-themecolor: accent5; mso-themeshade: 191; mso-fareast-language: ES-CO;\">Quiz\u00e1 la m\u00e1s grande lecci\u00f3n de la historia es que nadie aprendi\u00f3 las lecciones de la historia\u2026..\u00a1<\/span><\/p>\n<p><span style=\"font-size: 14.0pt; font-family: 'Tahoma','sans-serif'; mso-fareast-font-family: 'Times New Roman'; color: #31849b; mso-themecolor: accent5; mso-themeshade: 191; mso-fareast-language: ES-CO;\">La saludo cordialmente con respeto ante su conocimiento y la preparaci\u00f3n secular que a trav\u00e9s de los a\u00f1os ha recibido, para de forma precisa y contundente refutar las ense\u00f1anzas que por estos d\u00edas algunos Maestros Tao\u00edstas han estado emitiendo al mundo, y que muy inteligentemente usted ha redarg\u00fcido ubicando como estandarte de su pensamiento: <a href=\"https:\/\/www.joventaoista.org\/wp-content\/uploads\/2014\/02\/balanza-de-Amor.jpg\"><img loading=\"lazy\" decoding=\"async\" class=\"size-full wp-image-8231 alignleft alignright\" alt=\"balanza de Amor\" src=\"https:\/\/www.joventaoista.org\/wp-content\/uploads\/2014\/02\/balanza-de-Amor.jpg\" width=\"240\" height=\"350\" srcset=\"https:\/\/www.joventaoista.org\/wp-content\/uploads\/2014\/02\/balanza-de-Amor.jpg 240w, https:\/\/www.joventaoista.org\/wp-content\/uploads\/2014\/02\/balanza-de-Amor-205x300.jpg 205w\" sizes=\"(max-width: 240px) 100vw, 240px\" \/><\/a>\u2026.el amor fraternal del perd\u00f3n en la sangre de Jes\u00fas \u2026.\u00a1 sin embargo perm\u00edtame escribirle mi punto de vista estimada doctora porque aunque no soy doctor en teolog\u00eda ni historia, quisiera que ubicara en su balanza de amor y perd\u00f3n, ciertos sucesos que le hare saber y son muy conocidos hoy y que claro \u2026 genera ciertas dudas acerca de la santidad de la instituci\u00f3n que usted con ac\u00e9rrimo convencimiento defiende..\u00a1<br \/>\nLa santa Madre iglesia cat\u00f3lica apost\u00f3lica y romana ha demostrado a trav\u00e9s del tiempo y las edades el prop\u00f3sito de su formaci\u00f3n , y no ha escatimado recursos en logar que a los seres humanos eso les quede claro, camuflada bajo una ense\u00f1anza genuina y verdadera, y he ah\u00ed cuando surge el espiritual deseo de los grandes asesinos de usar como s\u00edmbolo m\u00e1rtires verdaderos y Maestros de Luz para as\u00ed mimetizados en sus palabras enga\u00f1ar y obtener el tan anhelado poder\u00edo pol\u00edtico, militar y religioso que los hace intocables he inexpugnables como si fueran dioses en la tierra. O corr\u00edjame usted si el 28 de octubre del 312 d.c. en la famosa batalla del puente Milvio, <a href=\"https:\/\/www.joventaoista.org\/wp-content\/uploads\/2014\/02\/VisionConstantine.jpg\"><img loading=\"lazy\" decoding=\"async\" class=\"size-full wp-image-8232 alignleft\" alt=\"VisionConstantine\" src=\"https:\/\/www.joventaoista.org\/wp-content\/uploads\/2014\/02\/VisionConstantine.jpg\" width=\"122\" height=\"200\" \/><\/a>Constantino decreto usar el s\u00edmbolo de la cruz a sus soldados que peleaban contra Majencio por un prop\u00f3sito diferente a la toma del poder y las riquezas que la esclavitud hab\u00edan proporcionado al trono del imperio romano\u2026 o que decir de algunos de los m\u00e1s conocidos : Pontifex Maximus &#8230; que traducido al espa\u00f1ol: sumo pont\u00edfice &#8230; \u00a1 como lo fue Cal\u00edgula, Ner\u00f3n, Octavio o Tiberio ya que este t\u00edtulo pertenece al presidente de los colegios pontificios donde se formaban los: Rex Sacrorum .. O reyes de la republica. Y qu\u00e9 decir de las ense\u00f1anzas de amor y humildad dadas por Dioclesiano en el 284 d.c. que hac\u00eda que aquellos que le serv\u00edan deb\u00edan arrodillarse y besar el borde de sus ropas ( costumbre adoptado por cardenales he inquisidores) o tal vez los momentos de iluminaci\u00f3n espiritual que tubo Teodosio en el 379 d.c. para decretar mediante el edicto de tesal\u00f3nica que toda otra forma de pensamiento diferente al paganismo romano deb\u00eda ser castigado con la muerte, y los t\u00edtulos de \u2026Pater Patriae &#8230; Y princeps luventutis\u2026que tomaban para si los llamados: majestuosos supuestos obreros de D\u00ceOS y vicarios de Cristo que vivan en la mas excesiva opulencia, mientras pueblos eran arrasados por hambres y terribles injusticias, y\u2026 que pensar de las famosas bulas papales emitidas como la famosa ..Ad Abolendam .. en 1184 por el papa lucio III con la amorosa inquisici\u00f3n episcopal que m\u00e1s tarde el papa Inocencio III uso sin medida como uno de sus m\u00e1s terribles precursores, o por ejemplo recordemos las c\u00e1tedras de amor espiritual en la cruzada albigense en el 1200, o cuando Inocencio III decreta la tortura como m\u00e9todo de confesi\u00f3n dada en el IV concilio de Letr\u00e1n en el 1215 y ni hablar de los concursos p\u00fablicos hechos por Gregorio IX en el 1231 en busca de los m\u00e1s aberrantes criminales para generar las mas infames maquinas de tortura donde se destaca el c\u00e9lebre inquisidor ..Conraq Marmue\u2026quien desmembr\u00f3, asesino, violo, descuartizo, quemo , mutilo a miles de alemanes &#8230;o el se\u00f1or Robert Lebuc quien hizo lo mismo en el norte de Francia bajo el mando de la orden de los dominicos fundada por el domingo de Guzm\u00e1n cuyo s\u00edmbolo es un perro con una antorcha..\u00a1\u00a1 O hablemos de el fraile.. Nicolau Eymeric de Arag\u00f3n ..Con su famoso tratado: directorium inquisitorum\u2026o el muy famoso\u2026malleus maleficarum\u2026 <\/span><\/p>\n<p align=\"center\"><iframe loading=\"lazy\" src=\"\/\/www.youtube.com\/embed\/DpNIhkFef-Y\" height=\"315\" width=\"420\" allowfullscreen=\"\" frameborder=\"0\"><\/iframe><\/p>\n<p><span style=\"font-size: 14.0pt; font-family: 'Tahoma','sans-serif'; mso-fareast-font-family: 'Times New Roman'; color: #31849b; mso-themecolor: accent5; mso-themeshade: 191; mso-fareast-language: ES-CO;\">escrito por dos frailes dominicos a saber : Heinrich Kramer y Jacob Sprenger en el 1486\u00a0<\/span><span style=\"font-size: 14.0pt; font-family: 'Tahoma','sans-serif'; mso-fareast-font-family: 'Times New Roman'; color: #31849b; mso-themecolor: accent5; mso-themeshade: 191; mso-fareast-language: ES-CO;\">o el .. fornicarius de Johanes Nider y para no ir tan lejos ..El jard\u00edn de las flores curiosas ..escrito por: Antonio de Torquemada \u2026donde ellos con amor puro explican la manera como hay que torturar, humillar, robar, despropiar, a los supuestos herejes por no arrodillase ante las estatuas y no besar las asquerosas manos de los cardenales y dem\u00e1s prelados\u2026y para no prolongarme mucho porque la lista es muy larga quiero cerrar con el acuerdo de 1932 llamado concordato imperial entre la iglesia cat\u00f3lica y el tercer Reich firmados por Eugenio Pacelli ( quien fue luego el papa pio XII) y el Vicenciller alem\u00e1n nazi ..Franz von popen junto con el sacerdote cat\u00f3lico ..Ludwing Kass ..\u00a1Donde la Alemania nazi permit\u00eda al catolicismo participar activamente en la edificaci\u00f3n del tercer Reich\u2026\u00a1\u00a1 me tardar\u00eda meses enteros con sus d\u00edas y sus noches escribiendo algunas de las formas de amor espiritual que la iglesia cat\u00f3lica ha ense\u00f1ado a trav\u00e9s de los tiempos &#8230;\u00a1Solo ubico algunos ejemplos para que me ayude a entender la particular forma de dar y recibir amor &#8230; seg\u00fan la santa madre iglesia cat\u00f3lica apost\u00f3lica romana. <\/span><\/p>\n<p><span style=\"font-size: 14.0pt; font-family: 'Tahoma','sans-serif'; mso-fareast-font-family: 'Times New Roman'; color: #31849b; mso-themecolor: accent5; mso-themeshade: 191; mso-fareast-language: ES-CO;\"><a href=\"https:\/\/www.joventaoista.org\/wp-content\/uploads\/2014\/02\/wawis_tortura_escuela_de_medicina.jpg\"><img loading=\"lazy\" decoding=\"async\" class=\"wp-image-8233 alignleft\" alt=\"wawis_tortura_escuela_de_medicina\" src=\"https:\/\/www.joventaoista.org\/wp-content\/uploads\/2014\/02\/wawis_tortura_escuela_de_medicina.jpg\" width=\"252\" height=\"167\" srcset=\"https:\/\/www.joventaoista.org\/wp-content\/uploads\/2014\/02\/wawis_tortura_escuela_de_medicina.jpg 600w, https:\/\/www.joventaoista.org\/wp-content\/uploads\/2014\/02\/wawis_tortura_escuela_de_medicina-300x199.jpg 300w\" sizes=\"(max-width: 252px) 100vw, 252px\" \/><\/a>Perd\u00f3neme que no le hable o le escriba con el lenguaje amable y sutil que han tenido otros de mis hermanos de la senda que en verdad si son sabios y muy elocuentes \u2026.pero es que cuando oigo y leo sus palabras \u2026siento tambi\u00e9n el grito de los m\u00e1s de 50 millones de almas que bajo el rigor y el poder del catolicismo padecieron las m\u00e1s terribles torturas, muertes e injusticias \u2026y pareciera que veo su clamor al cielo porque nos &#8230;Algo conocemos del terrible enga\u00f1o al que la humanidad ha sido sometida porque los m\u00e1s grandes de arriba han venido a ense\u00f1arnos la verdad y el camino..y no puedo con mi conciencia quedarme callado \u2026porque aunque no soy un erudito en asuntos de teolog\u00eda como San Agust\u00edn o Ignacio de Loyola ni un historiador\u2026D\u00ceOS me ha ense\u00f1ado a escudri\u00f1ar la verdad. Solo soy un simple estudiante de m\u00fasica y si usted desea contestarme: con todo gusto por este medio continuaremos dialogando y estar\u00e9 pendiente de sus palabras. Y le dejo esta cita para meditar acerca de el comunicado del papa Benedicto XVI en el discurso a los docentes del instituto b\u00edblico de pio X y confiado a la compa\u00f1\u00eda de Jes\u00fas( jesuitas) conmemorando los 100 a\u00f1os de fundaci\u00f3n del b\u00edblico, citando los documentos del rol de las sagradas escrituras en la evangelizaci\u00f3n moderna dijo:<\/span><\/p>\n<p><span style=\"font-size: 14.0pt; font-family: 'Tahoma','sans-serif'; mso-fareast-font-family: 'Times New Roman'; color: #31849b; mso-themecolor: accent5; mso-themeshade: 191; mso-fareast-language: ES-CO;\"> <span style=\"color: #ff0000;\"><span style=\"color: #000000;\">..La fe de la iglesia es la clave de la interpretaci\u00f3n de las sagradas escrituras, la tradici\u00f3n abre el acceso a las escrituras y <span style=\"color: #ff0000;\">la iglesia es la \u00fanica encargada de interpretar aut\u00e9nticamente la palabra de D\u00ceOS<\/span>\u2026\u00a1<\/span><\/span><br \/>\nQue dice la biblia en cuanto a la tradici\u00f3n???<br \/>\nMarcos 7: 6\u2026y respondiendo \u00e9l les dijo: hip\u00f3critas, bien profetizo de vosotros Isa\u00edas, como est\u00e1 escrito: de labios me honran\u2026mas su coraz\u00f3n lejos esta de mi ense\u00f1ando como doctrinas mandamientos de hombres, porque dejando el mandamiento de D\u00ceOS siguen sus tradiciones\u2026<br \/>\nAtte.: <span style=\"color: #ff6600;\">LINIFES<\/span><\/span><\/p>\n<p class=\"MsoNormal\" style=\"margin-bottom: .0001pt; line-height: normal;\"><span style=\"font-size: 14.0pt; font-family: 'Tahoma','sans-serif'; mso-fareast-font-family: 'Times New Roman'; mso-fareast-language: ES-CO;\">\u00a0<\/span><\/p>\n<p class=\"MsoNormal\" style=\"margin-bottom: .0001pt; line-height: normal;\"><b style=\"mso-bidi-font-weight: normal;\"><span style=\"font-size: 14.0pt; font-family: 'Tahoma','sans-serif'; mso-fareast-font-family: 'Times New Roman'; color: #984806; mso-themecolor: accent6; mso-themeshade: 128; mso-fareast-language: ES-CO;\">Dise Juan David <\/span><\/b><\/p>\n<p class=\"MsoNormal\" style=\"margin-bottom: .0001pt; line-height: normal;\"><span style=\"font-size: 14.0pt; font-family: 'Tahoma','sans-serif';\"><a href=\"https:\/\/www.joventaoista.org\/el-opus-dei-la-organzacion-de-la-muerte-3\/#comment-2488\"><span style=\"mso-fareast-font-family: 'Times New Roman'; color: blue; mso-fareast-language: ES-CO;\">febrero 19, 2014<\/span><\/a><\/span><\/p>\n<p><span style=\"font-size: 14.0pt; font-family: 'Tahoma','sans-serif'; mso-fareast-font-family: 'Times New Roman'; color: #984806; mso-themecolor: accent6; mso-themeshade: 128; mso-fareast-language: ES-CO;\"><a href=\"https:\/\/www.joventaoista.org\/wp-content\/uploads\/2014\/02\/pecado-original_miguelangel.jpg\"><img loading=\"lazy\" decoding=\"async\" class=\"wp-image-8234 alignright\" alt=\"pecado-original_miguelangel\" src=\"https:\/\/www.joventaoista.org\/wp-content\/uploads\/2014\/02\/pecado-original_miguelangel.jpg\" width=\"192\" height=\"330\" srcset=\"https:\/\/www.joventaoista.org\/wp-content\/uploads\/2014\/02\/pecado-original_miguelangel.jpg 400w, https:\/\/www.joventaoista.org\/wp-content\/uploads\/2014\/02\/pecado-original_miguelangel-174x300.jpg 174w\" sizes=\"(max-width: 192px) 100vw, 192px\" \/><\/a>Vuen d\u00eda, kiero kompartir kon vuestras mersedes y el mundo, una Doktrina entregada por el Veneravle Maestro KELIUM ZEUS hasiendo referencia a MIGUEL \u00c1NGEL pues con sus pinturas se burla de D\u00ceOS y de los Sakros Kristiagdus a kienes acecin\u00f3 en otros retornos:\u201dEn los tiempos de Miguel \u00c1ngel y otros tantos, fueron asalariados de Cor que es Cora, que es Cura y estos los hac\u00edan para embellecer los infernales templos de la maldita y acecina iglesia Cat\u00f3lica que ha sido el peor enemigo de D\u00ceOS. Los hebreos y m\u00e1s los levitas no pod\u00edan hacer imagen de ninguna kosa ke est\u00e1 en los sielos, en la tierra y en las aguas, \u00e9xodo 20:4. Pad\u00e1 kontestarle sobre los dolores de parto que tienen todos ahorita porke los arranko de las entra\u00f1as de la m\u00e1s id\u00f3latra sobre esta esfera y ke todos est\u00e1n envenenados de este desventurado virus de maldici\u00f3n y ke mis palavras les estremecen sus demonios id\u00f3latras que sois todos vosotros los que hab\u00e9is nacido debajo de un pecado de cuadros de im\u00e1genes de los santos que la misma Jezabel, esposa de Cor y que mat\u00f3 primero a los Sakros-santos- y despu\u00e9s del tiempo los dibuj\u00f3 pag\u00e1ndole a los desventurados llamados Maestros del arte y as\u00ed lo fueron en Arturo.<\/span><\/p>\n<p style=\"text-align: center;\"><span style=\"color: #000000;\">este es el Arte en el Vatic-ano<\/span><\/p>\n<p><a href=\"https:\/\/www.joventaoista.org\/wp-content\/uploads\/2014\/02\/burla-a-DIOS.jpg\"><img loading=\"lazy\" decoding=\"async\" class=\"wp-image-8235 aligncenter\" alt=\"burla a DIOS\" src=\"https:\/\/www.joventaoista.org\/wp-content\/uploads\/2014\/02\/burla-a-DIOS.jpg\" width=\"384\" height=\"170\" srcset=\"https:\/\/www.joventaoista.org\/wp-content\/uploads\/2014\/02\/burla-a-DIOS.jpg 640w, https:\/\/www.joventaoista.org\/wp-content\/uploads\/2014\/02\/burla-a-DIOS-600x265.jpg 600w, https:\/\/www.joventaoista.org\/wp-content\/uploads\/2014\/02\/burla-a-DIOS-300x132.jpg 300w\" sizes=\"(max-width: 384px) 100vw, 384px\" \/><\/a><\/p>\n<p><span style=\"font-size: 14.0pt; font-family: 'Tahoma','sans-serif'; mso-fareast-font-family: 'Times New Roman'; color: #984806; mso-themecolor: accent6; mso-themeshade: 128; mso-fareast-language: ES-CO;\">De all\u00e1 los bot\u00e9 a este abismo pork\u00e9 all\u00e1 estaban encargados de, komo grandes artistas, embelleser los templos vivos de D\u00ceOS y se dedicaron no a emvelleser sino a hacer copias muertas y por eso la ca\u00edda de este sielo. Y hoy los tengo en los abismos que merec\u00edan y siguen haciendo lo mismo, embellecen con cosas muertas la vida y abandonan el templo vivo, ke merese ser emvellevido-embellecido- a kada mosierto y mientras ke devieran dar vida se descuidaron, inclusive a s\u00ed mismos, para dedicarsen a hacer \u00eddolos para embellecer las pesebreras de los infiernos y la maldita ramera apocal\u00edptica llamada Iglesia Cat\u00f3lica y que su siervo que es el PAPA y todos los cores o curas. <\/span><\/p>\n<p><span style=\"font-size: 14.0pt; font-family: 'Tahoma','sans-serif'; mso-fareast-font-family: 'Times New Roman'; color: #984806; mso-themecolor: accent6; mso-themeshade: 128; mso-fareast-language: ES-CO;\"><a href=\"https:\/\/www.joventaoista.org\/wp-content\/uploads\/2014\/02\/caida.gif\"><img loading=\"lazy\" decoding=\"async\" class=\"wp-image-8238 alignleft\" alt=\"caida\" src=\"https:\/\/www.joventaoista.org\/wp-content\/uploads\/2014\/02\/caida.gif\" width=\"210\" height=\"265\" \/><\/a>Esta legi\u00f3n de demonios que se levant\u00f3 contra D\u00ceOS en los Kosmos y que todos tienen la idolatr\u00eda como maldito embarazo, que les duele todo, desde la planta de los pies a la punta del pelo, porque todav\u00eda creen en una imagen donde est\u00e1n encuadrados los demonios a los cuales vosotros ador\u00e1is y aunke los hayan quitado de sus casas, todav\u00eda pasan sus frentes a una regi\u00f3n infernal llamada templo donde un hombre disfrazado de chulo, trag\u00e1ndose la sangre de sus v\u00edctimas y que est\u00e1n perdiendo hasta el disfraz del galembo para poder vivir dejando el beneno de la idolatr\u00eda en sus huesos, sangre, en sus cuerpos de inconsciencia y en sus genes, ke kuando se les muestra lo infernal, les duele como si les estuvieran arrancando las piernas o los brazos, o sea es la peor desgracia ke hayan sufrido los mortales. La Iglesia Cat\u00f3lica han sido los escultores y pintores que si no hubiera sido por estos desventurados ke trabajaban de sol a tinieblas para que sus templos se parecieran a los templos. Ignorantes, ke en el sielo no hay id\u00f3latras como en la Tierra y que al ver a estos desdichados llamados maestros del arte, que estos demonios se ensa\u00f1aban contra D\u00ceOS para destruir el puevlo de la Gea-Tierra- y ke kristo ni los \u00e1ngeles son fabricantes de sus v\u00edctimas en cuadros. <\/span><\/p>\n<p><span style=\"font-size: 14.0pt; font-family: 'Tahoma','sans-serif'; mso-fareast-font-family: 'Times New Roman'; color: #984806; mso-themecolor: accent6; mso-themeshade: 128; mso-fareast-language: ES-CO;\">Ke ese mismo Miguel \u00c1ngel, ke en otros retornos fue acecino de kristiagdus y ke despu\u00e9s en los siguientes retornos los pint\u00f3 y los dibuj\u00f3 para burlarse de ellos y hacer que los demonios entraran en sus \u00eddolos con la figura de sus v\u00edctimas. Ese es Miguel \u00c1ngel, ignorantes mortales de la Tierra. Y por eso jur\u00e9 por el k\u00e9 vive pada siempre, ke vendr\u00eda a esta Tierra pada des esclavizar a los presos de estos desventurados ke se hicieron pasar por \u00e1ngeles, siendo demonios desterrados de otras esferas.\u201d<\/span><\/p>\n<p><span style=\"font-size: 14.0pt; font-family: 'Tahoma','sans-serif'; mso-fareast-font-family: 'Times New Roman'; color: #984806; mso-themecolor: accent6; mso-themeshade: 128; mso-fareast-language: ES-CO;\"> Trat\u00e9 de eskrivirla en kastesakro.<br \/>\nSi gustan puede uvikar esta Doktrina en la p\u00e1gina y no s\u00f3lo dejarla como un comentario.<br \/>\nHasta pronto.<\/span><\/p>\n<p align=\"center\"><iframe loading=\"lazy\" src=\"\/\/www.youtube.com\/embed\/NuPMVJjZqnU\" height=\"315\" width=\"420\" allowfullscreen=\"\" frameborder=\"0\"><\/iframe><\/p>\n<p><span class=\"fn\"><span style=\"font-size: 14.0pt; line-height: 115%; font-family: 'Tahoma','sans-serif'; color: #e36c0a; mso-themecolor: accent6; mso-themeshade: 191;\">Dise el contacto de la pagina identificado con:<\/span><\/span><span class=\"fn\"><b style=\"mso-bidi-font-weight: normal;\"><span style=\"font-size: 17.0pt; line-height: 115%; font-family: 'Tahoma','sans-serif';\"><a href=\"http:\/\/agradeciendoadios.\/\">Indignado<\/a><\/span><\/b><\/span><\/p>\n<p class=\"MsoNormal\" style=\"text-align: left;\"><span style=\"font-size: 14.0pt; line-height: 115%; font-family: 'Tahoma','sans-serif';\"><a href=\"https:\/\/www.joventaoista.org\/el-opus-dei-la-organzacion-de-la-muerte-4\/#comment-2511\">febrero 20, 2014<\/a><\/span><\/p>\n<p style=\"text-align: left;\"><span style=\"font-size: 14.0pt; font-family: 'Tahoma','sans-serif'; color: #76923c; mso-themecolor: accent3; mso-themeshade: 191;\">\u201cLa vondad y savidur\u00eda de los Helohims es infinita\u201d porke ante las embestidas de la mentira y falsedad siempre reluce por si sola la verdad<\/span><\/p>\n<p style=\"text-align: left;\"><span style=\"font-size: 14.0pt; font-family: 'Tahoma','sans-serif'; color: #76923c; mso-themecolor: accent3; mso-themeshade: 191;\">A todo este puevlo le kedan muchas dudas sobre lo que nos desea ense\u00f1ar la se\u00f1ora abogada pr\u00f3vida Claudia, nos gustar\u00eda nos contestara, pues ya que sabemos que se ha vuelto seguidora de esta p\u00e1gina ser\u00eda un gusto o\u00edr sus contestas:<\/span><\/p>\n<p style=\"text-align: left;\"><span style=\"font-size: 14.0pt; font-family: 'Tahoma','sans-serif'; color: #76923c; mso-themecolor: accent3; mso-themeshade: 191;\">En vista de su trabajo de abogada se nota muy clara su posici\u00f3n defensiva en cuanto su primer contesta ante la sabidur\u00eda de la Veneravle ser Sparwell, lo primero que contesto fue que le borraron sus contestas, ante lo cual es raro pues los dem\u00e1s mensajes enviados no han desaparecido y todo lo que ha emitido a salido por la p\u00e1gina, y si fue desaparecido puede poderlo volver a ubicar para conocer sus contestas, pues gracias a lo que ha venido a decir a las p\u00e1ginas del levantasierto se ha iluminado el sielo del puevlo de DIOS kon el gran konosisierto de un gran ser de este Puevlo la Veneravle ser Sparwell, kien kon sus hechos, palavras y savidur\u00eda kontest\u00f3 una a una, en orden, todas las sugerencias, inquietudes y reclamos que hizo la se\u00f1ora abogada ante la Doktrina Tao\u00edsta, de lo kual se ha kedado en espera de la kontesta, \u201cque de bueno a tenido los mas de 20 siglos de inquicici\u00f3n del matolicismo\u201d, as\u00ed convencer a este pueblo, que es bueno lo que ense\u00f1an los gu\u00edas del paganismo romano.<\/span><\/p>\n<p style=\"text-align: left;\"><span style=\"font-size: 14.0pt; font-family: 'Tahoma','sans-serif'; color: #76923c; mso-themecolor: accent3; mso-themeshade: 191;\">Los Veneravles Maestros, perseguidos y desaparevidos por la inquisici\u00f3n del tiempo moderno, ellos jam\u00e1s se defendieron de las falsas acusaciones, demostraron siempre la verdad con sus hechos, por eso los persiguieron hasta desaparecerlos. <\/span><\/p>\n<p style=\"text-align: left;\"><span style=\"font-size: 14.0pt; font-family: 'Tahoma','sans-serif'; color: #76923c; mso-themecolor: accent3; mso-themeshade: 191;\">Muestra de ke Dios siempre ha guiado a su Puevlo, y no lo deja confundir a pesar de tan terrible persecuci\u00f3n, jam\u00e1s a kedado ni dejado solos a sus hijos y a seguido mandando sus mensajeros, gu\u00edas y savios pad\u00e1 seguirlo guiando, y kon sus hechos y savidur\u00eda demuestran ser enviados por DIOS y no tardan m\u00e1s de 24 horas de haver aparevido estos mensajeros, y ya su puevlo los rekonose komo enviados por los sielos, muestra de ello, de lo kual la se\u00f1ora abogada ya es testigo de ello, ke ante sus palabras dirigidas a los j\u00f3venes, una gran savia de este pueblo llego a darle kontesta y gran konosisierto, invit\u00e1ndole a ke kon \u201cL\u00d3GIKA\u201d le ense\u00f1ara, de lo kual se sigue esperando kontestara la Sra. abogada las preguntas planteadas, y este Puevlo no tardo m\u00e1s de 24 horas en aceptarle y seguirle komo una gu\u00eda de este puevlo, ante la sugerensia ke hiso del kamvio de horario, ya se est\u00e1 cumpliendo, kual profeta ke le dijo a la se\u00f1ora abogada que ya no ser\u00eda la misma desde o\u00edr sus palavras\u2026<\/span><\/p>\n<p style=\"text-align: left;\"><span style=\"font-size: 14.0pt; font-family: 'Tahoma','sans-serif'; color: #76923c; mso-themecolor: accent3; mso-themeshade: 191;\">Dijo el GRAN DIOS K\u00daMIDO, no eksiste tinta ni papel suficiente pada eskrivir tanto por desir\u2026<\/span><\/p>\n<p style=\"text-align: left;\"><span style=\"font-size: 14.0pt; font-family: 'Tahoma','sans-serif'; color: #76923c; mso-themecolor: accent3; mso-themeshade: 191;\">M\u00e1s aun as\u00ed, este Puevlo desea ke la se\u00f1ora abogada conteste:<\/span><\/p>\n<p style=\"text-align: left;\"><span style=\"font-size: 14.0pt; font-family: 'Tahoma','sans-serif'; color: #76923c; mso-themecolor: accent3; mso-themeshade: 191;\"><a href=\"https:\/\/www.joventaoista.org\/wp-content\/uploads\/2014\/02\/pederasta-iglesia-catolica-holanda-diario-de-un-ateo-benedicto-XVI.jpg\"><img loading=\"lazy\" decoding=\"async\" class=\"wp-image-7909 alignright\" alt=\"pederasta iglesia catolica holanda diario de un ateo benedicto XVI\" src=\"https:\/\/www.joventaoista.org\/wp-content\/uploads\/2014\/02\/pederasta-iglesia-catolica-holanda-diario-de-un-ateo-benedicto-XVI.jpg\" width=\"233\" height=\"246\" srcset=\"https:\/\/www.joventaoista.org\/wp-content\/uploads\/2014\/02\/pederasta-iglesia-catolica-holanda-diario-de-un-ateo-benedicto-XVI.jpg 606w, https:\/\/www.joventaoista.org\/wp-content\/uploads\/2014\/02\/pederasta-iglesia-catolica-holanda-diario-de-un-ateo-benedicto-XVI-600x634.jpg 600w, https:\/\/www.joventaoista.org\/wp-content\/uploads\/2014\/02\/pederasta-iglesia-catolica-holanda-diario-de-un-ateo-benedicto-XVI-284x300.jpg 284w\" sizes=\"(max-width: 233px) 100vw, 233px\" \/><\/a>Ante su profeci\u00f3n que maneja las leyes, que conocimiento tiene ante las denuncias de la ONU al bateano? , Porque un organismo internacional ha tomado posici\u00f3n en tan horrible tema de la pedofilia? Ante los \u201cMILLONES DE NI\u00d1OS BIOLADOS\u201d por los ped\u00f3filicos del paganismo romano, si hay abogado cat\u00f3licos que abogue por ellos, o solo abogan por sus bioladores corruptos, porque Ratzinger tuvo que huir ante las ordenes de captura, si supuestamente es inocente, por que toma como qu\u00eda a fariceo malaguer un abogado que fue proclamado como gu\u00eda espiritual de franco, que de bueno halla en este personaje, fundador de una orden que tanto da\u00f1o hace al mundo, porque presenta incoherencias en todas sus afirmaciones, si la iglesia que pregona amor porque act\u00faa con tanto odio, porque da a entender ser faltos de amor en denunciar esto, si es demasiado odio a los seres humanos el no desir estas verdades, porque justifica la matanza de cristianos en tantos siglos, por un suceso del siglo 17 que son los jacobinos, que se opusieron ante los abusos de la monarqu\u00eda y por eso no atac\u00f3, se defendi\u00f3 de la iglesia, porque justifica el ser \u201cOBJETORES DE CONCIENCIA\u201d para por este motivo seg\u00fan sus palabras ser acecinados.<\/span><\/p>\n<p style=\"text-align: left;\"><span style=\"font-size: 14.0pt; font-family: 'Tahoma','sans-serif'; color: #76923c; mso-themecolor: accent3; mso-themeshade: 191;\">\u2022 Los primeros \u201cOBJETORES DE CONCIENCIA\u201d fueron los CRISTIANOS por eso los martirizaron d\u00e1ndolos cruelmente a las fieras \u2013 animales y \u201chumanos\u201d- de los coliseos y circos paganos-romanos.<\/span><\/p>\n<p style=\"text-align: left;\"><span style=\"font-size: 14.0pt; font-family: 'Tahoma','sans-serif'; color: #76923c; mso-themecolor: accent3; mso-themeshade: 191;\">Son miles de preguntas que quisi\u00e9ramos hacer a la abogada, de pronto si nos contestara algunas, ya se nota que saca buena cantidad de tiempo de su profecion para leer lo ke DIOS est\u00e1 diciendo en este levantasierto\u2026 disculpe si tal ves se es falto de amor en todo lo dicho mas ser b\u00edctima de la corrupci\u00f3n, dolor y desolaci\u00f3n del imperio romano es algo que se siente demasiada indignaci\u00f3n tanto sufrimiento, en el supuesto nombre de DIOS, as\u00ed como crusificar\u00f3n los seguidores de KRISTO, del ke tanto hablan pero del que no obedecen nada\u2026 la verdad es poco este reclamo de indigaci\u00f3n ante tanto dolor causado al PUEVLO DE DIOS.<\/span><\/p>\n<p style=\"text-align: left;\"><span style=\"font-size: 14.0pt; font-family: 'Tahoma','sans-serif'; color: #76923c; mso-themecolor: accent3; mso-themeshade: 191;\">\u2022 Ser\u00eda vueno reflesionar porque este libro creo tanto furor\u2026 donde est\u00e1n los abogados que protestan contra esto? \u2026.<\/span><\/p>\n<p style=\"text-align: left;\"><span style=\"font-size: 14.0pt; font-family: 'Tahoma','sans-serif'; color: #76923c; mso-themecolor: accent3; mso-themeshade: 191;\">\u2022 \u201cLa carta que Jesucristo hubiera escrito a Juan Pablo II, en un tono duro, cr\u00edtico, provocador y documentado\u201d<\/span><span style=\"font-size: 14.0pt; font-family: 'Tahoma','sans-serif';\"><br \/>\n<a href=\"http:\/\/www.planetadelibros.com\/carta-de-jesus-al-papa-libro-36209.html\">http:\/\/www.planetadelibros.com\/carta-de-jesus-al-papa-libro-36209.html<\/a><\/span><\/p>\n<p class=\"MsoNormal\" style=\"text-align: left;\"><span style=\"font-size: 14.0pt; line-height: 115%; font-family: 'Tahoma','sans-serif';\">\u00a0<\/span><span class=\"Apple-style-span\" style=\"color: #e36c0a; font-family: Tahoma, sans-serif; font-size: 19px;\">Dise el Veneravle Levraki:<\/span><\/p>\n<p class=\"MsoNormal\" style=\"text-align: left;\"><span style=\"font-size: 14.0pt; line-height: 115%; font-family: 'Tahoma','sans-serif';\"><a href=\"https:\/\/www.joventaoista.org\/el-opus-dei-la-organzacion-de-la-muerte-4\/#comment-2506\">febrero 20, 2014<\/a><\/span><\/p>\n<p><span style=\"font-size: 14.0pt; font-family: 'Tahoma','sans-serif';\"><span style=\"color: #008000;\">Palabras para la se\u00f1ora claudia alejandra de fatima<\/span><br \/>\n<span style=\"color: #008000;\"> sea este un resplandesiente dia donde prevaleska la verdad i perdure perpetuainti en el pasar de las edades. me dirijo a usted kon el respeto deseando ke la luz siempre le ilumine i nos ilumine pada ke seamos siempre ankaminados hacia la verdad, kon el respeto ke se merese eskrivo lo siguiente, pues presisainti la verdad es el ovjetivo primordial ke nos okupa i ke por lo ke veo en sus komentarios, ud vuska <a href=\"https:\/\/www.joventaoista.org\/wp-content\/uploads\/2013\/12\/YwLThlMDg.jpg\"><img loading=\"lazy\" decoding=\"async\" class=\"wp-image-7031 alignleft\" alt=\"YwLThlMDg\" src=\"https:\/\/www.joventaoista.org\/wp-content\/uploads\/2013\/12\/YwLThlMDg-1024x768.jpg\" width=\"241\" height=\"181\" srcset=\"https:\/\/www.joventaoista.org\/wp-content\/uploads\/2013\/12\/YwLThlMDg-1024x768.jpg 1024w, https:\/\/www.joventaoista.org\/wp-content\/uploads\/2013\/12\/YwLThlMDg-600x450.jpg 600w, https:\/\/www.joventaoista.org\/wp-content\/uploads\/2013\/12\/YwLThlMDg-300x225.jpg 300w, https:\/\/www.joventaoista.org\/wp-content\/uploads\/2013\/12\/YwLThlMDg.jpg 1600w\" sizes=\"(max-width: 241px) 100vw, 241px\" \/><\/a>tamvien, pero lamentablemente en forma ignorante ya ke una es la historia distorcionada de los homvres i otra mui diferente es la historia verdadera de los hechos ke kon el pasar de los siglos los criminales mas nefastos i desquiciados han ocultado en forma soterrada, por esto la invito a ke estudie, indague i eskudri\u00f1e la historia verdadera esa historia ke no pueden borrar los hombres por ke prevalese en los registros de la ley divina i ke aki en la doktrina tao judia se ense\u00f1a i se divulga presisainti para sakar de la ignorancia a la humanidad ke peca por ignorantes, pues recuerde ke fue escrito: \u201cel ke ignorantemente peca, ignorantemente se condena\u201d.i kon respekto a esto kiero puntualisar i a la ves rekordar siertos akontesisiertos ke han susedido kon el pasar de los siglos, ke akoplan mui vien kon este t\u00f3piko ke se esta tratando.empesando por recordar ke la organizacion a la cual ud pertenecio o pertenece,el opus dey su fundador jos\u00e9 mar\u00eda escriv\u00e1 de balaguer llego tan lejos en el ambito <a href=\"https:\/\/www.joventaoista.org\/wp-content\/uploads\/2014\/02\/es-opus390-9648c.jpg\"><img loading=\"lazy\" decoding=\"async\" class=\"wp-image-7996 alignleft alignright\" alt=\"es-opus390-9648c\" src=\"https:\/\/www.joventaoista.org\/wp-content\/uploads\/2014\/02\/es-opus390-9648c.jpg\" width=\"273\" height=\"200\" srcset=\"https:\/\/www.joventaoista.org\/wp-content\/uploads\/2014\/02\/es-opus390-9648c.jpg 390w, https:\/\/www.joventaoista.org\/wp-content\/uploads\/2014\/02\/es-opus390-9648c-300x220.jpg 300w\" sizes=\"(max-width: 273px) 100vw, 273px\" \/><\/a>religioso-catolico a causa de la dictadura de franco en la guerra civil espa\u00f1ola, i resulta ke la dictadura siempre ha promovido locos, criminales o delincuentes,siempre que se sometan a sus objetivos, y que han perseguido a las mentes m\u00e1s brillantes, por no comulgar con su abuso. escriv\u00e1 fue conocido por su car\u00e1cter irascible y su vulgar personalidad. siendo ya religioso, se evidencia su personalidad patol\u00f3gica con frases como \u2018ahorcar\u00eda al \u00faltimo obispo con sus propias tripas\u2019, lo que es com\u00fan en psic\u00f3patas. otro rasgo: la mentira o mitoman\u00eda y el fraude.i rewerdemos komo fue ke se kreo el imperio romano kuando romulo mato bilmente a su hermano remo kienes fueron criados por una loba puerca venida de las regiones perifericas de rama i luperca i por eso son los hijos de la loba,los cuales al mando de romulo un sadico, desquiciado kien le puso a esa ciudad maldita roma, en honor a su nombre romu-lo,i ke luego de esto romulo reune a los profugos, delincuentes,criminales, ladrones, sodomitas i locos ke huian de las ciudades aleda\u00f1as,i kon <a href=\"https:\/\/www.joventaoista.org\/wp-content\/uploads\/2014\/02\/italia_loba_romulo_remo.jpg\"><img loading=\"lazy\" decoding=\"async\" class=\"wp-image-8240 alignright alignleft alignnone\" alt=\"italia_loba_romulo_remo\" src=\"https:\/\/www.joventaoista.org\/wp-content\/uploads\/2014\/02\/italia_loba_romulo_remo.jpg\" width=\"246\" height=\"192\" \/><\/a>esta caterba de demonios constituye la ciudad ke hoi es la cloaca de la esfera llamada baticano.o sea ke este hecho de regirse por locos, sicopatas i desquiciados, viene desde el principio de esta abominable iglecia.escriv\u00e1 ha dise\u00f1ado la estructura del opus dei copiando a los jesuitas en su organizaci\u00f3n, pero mezclando el car\u00e1cter de logia secreta de los masones, m\u00e1s un ingrediente totalitario es cat\u00f3lico fundamentalista, desgraciadamente ha absorbido lo m\u00e1s oscuro del catolicismo y le ha a\u00f1adido un tinte pol\u00edtico fascista. por eso prosperaron en la dictadura de franco, con pinochet, videla, y en el per\u00fa tuvieron gran influencia con la <a href=\"https:\/\/www.joventaoista.org\/wp-content\/uploads\/2014\/02\/caprini-fujimori.jpg\"><img loading=\"lazy\" decoding=\"async\" class=\"size-full wp-image-8241 alignleft\" alt=\"caprini  fujimori\" src=\"https:\/\/www.joventaoista.org\/wp-content\/uploads\/2014\/02\/caprini-fujimori.jpg\" width=\"205\" height=\"246\" \/><\/a>dictadura fujimontesinista, encabezados por el cardenal cipriani.. actualmente el opus dei maneja intereses econ\u00f3micos gigantescos. su sede en nueva york est\u00e1 avaluada en 42 millones de d\u00f3lares.<\/span><br \/>\n<span style=\"color: #008000;\"> en sus inicios, sus bases de operaciones sirvieron para el reclutamiento de la organizaci\u00f3n fascista \u2018joven europa\u2019, dirigida por militantes nazis, y con vinculaciones con el fascismo italiano y espa\u00f1ol. se les caracteriza por manejar lo ke se konose komo misoginia o desprecio por la mujer asi como toda la iglecia catolica i el clero en general. no siendo esta la unica organizaci\u00f3n secular ke estan afiliadas a la santa iglecia catolica i romana, pues tambien existen los misioneros de yarumal, los iluminatti, caballeros de malta, estos ultimos son los ke controlan el mercado negro de armas en practicamente todas las fuerzas militares de los paises aliados, i le recuerdo ke el vaticano es el primer accionista de la fabrica de armas mas grande i popular <a href=\"https:\/\/www.joventaoista.org\/wp-content\/uploads\/2014\/02\/vaticano-armas.jpg\"><img loading=\"lazy\" decoding=\"async\" class=\"wp-image-8242 alignright\" alt=\"vaticano-armas\" src=\"https:\/\/www.joventaoista.org\/wp-content\/uploads\/2014\/02\/vaticano-armas.jpg\" width=\"224\" height=\"183\" srcset=\"https:\/\/www.joventaoista.org\/wp-content\/uploads\/2014\/02\/vaticano-armas.jpg 320w, https:\/\/www.joventaoista.org\/wp-content\/uploads\/2014\/02\/vaticano-armas-300x245.jpg 300w\" sizes=\"(max-width: 224px) 100vw, 224px\" \/><\/a>llamada prietto bereta entre otras muchas mas. i para ir a la historia recordemos el escalofriante suseso ke akontecio en el siglo 10 con un tuberculo papa a la cabeza ke se hiso llamar esteban vi, encarnacion de un demonio sodomita llamado tuculus, kien invento un decreto de no enterrar inmediatemente a los curas o cardenales ke morian copular kon sus cadaveres osea cometer uno de los delitos mas abominables i despreciables kual es la necrofilia sodomica, kuando este fue derrocado por el papa formoso de kien estava enamorado i kuando fue acesinado formoso, este demonio hizo exumar su cadaver, desenterrarlo para enjuiciarlo en lo ke se conocio komo el concilio cadaverico i antes de este espantoso o t\u00e9trico juicio este despreciable individuo copulo con el fallecido papa\u2026.o sea ke esto es obra de de los representantes de dios sobre la tierra? esto es servir al otro o ser sensibles al dolor ajeno komo ud lo indica? \u2026i eso ke esto es solo uno de los tantos atropellos a la naturaleza de dios, por ke recuerde ke el enga\u00f1o mas bil e infame ke han logrado con sus terribles mentiras se dio en el concilio ecumenico de nicea alla en el palacio de letran, en el a\u00f1o 314 donde dos obispos ap\u00f3statas uno pedro antonio silvestre i el otro constantino, cambiaron los preseptos verdaderos del kristianismo por las costumbres mas perbersas ke obedecen a los dogmas i creencias enga\u00f1osas de las iglecias catolica komo ser la verdadera fecha del nasisierto dle kristo, el cambio del dia savath por el domingo, la falsa navidad, entre muchas otras kosas mas.ke tal ves no bastarian las plabras para describir todo lo ke en el correr de los tiempos han pertetrado los enemigos de las almas hoi disfrazados de ovejas.por ke es inaudito ke los <a href=\"https:\/\/www.joventaoista.org\/wp-content\/uploads\/2014\/02\/PEDERASTIA-EN-EL-VATICANO.jpg\"><img loading=\"lazy\" decoding=\"async\" class=\"wp-image-7966 alignleft\" alt=\"PEDERASTIA EN EL VATICANO\" src=\"https:\/\/www.joventaoista.org\/wp-content\/uploads\/2014\/02\/PEDERASTIA-EN-EL-VATICANO.jpg\" width=\"240\" height=\"214\" srcset=\"https:\/\/www.joventaoista.org\/wp-content\/uploads\/2014\/02\/PEDERASTIA-EN-EL-VATICANO.jpg 400w, https:\/\/www.joventaoista.org\/wp-content\/uploads\/2014\/02\/PEDERASTIA-EN-EL-VATICANO-300x267.jpg 300w\" sizes=\"(max-width: 240px) 100vw, 240px\" \/><\/a>suspuetos representantes d dios hayan cido los ke mas hayan matado seres humanos en la historia con las cruzadas a los hijos de dios, los kuales representavan la kastidad i la honra a dios akellos ke en sus dias se les cocnsideraban erejes por ke todo akello ke no correspondia a el canon de la iglecia, era una erejia todo akel ke no fornicara, era un ereje, akel ke tuviera una biblia en sus manos era un ereje, tiempos macabros donde las mujeres las consideraban brujas,i donde reinaba la maldad i el derramamiento de sangre a causa de enga\u00f1os i estafas las cuales en la epoca de un acecino llamado leon x por alla en el siglo 15, se llamaron las indulgencias i las indulgencias plenarias, las cuales consistian en perdonar los pecados de akellos ke entraran en cuarentena para ir a matar a los ke llamaban erejes, ke fueron los verdaderos hijos de dios en akella epoca, los valdenses, alvigenses,los kavalleros templarios i los kataros estos ultimos alojados en el pais donde morava el vervo de dios en akellos dias, llamado languedok ke kiere desir lengua de dios. i los mas atroz de esta epoca fueron las indulgencias plenarias donde \u201d oigan <a href=\"https:\/\/www.joventaoista.org\/wp-content\/uploads\/2014\/02\/indulgensias.jpeg\"><img loading=\"lazy\" decoding=\"async\" class=\"wp-image-8243 alignleft\" alt=\"indulgensias\" src=\"https:\/\/www.joventaoista.org\/wp-content\/uploads\/2014\/02\/indulgensias.jpeg\" width=\"240\" height=\"182\" srcset=\"https:\/\/www.joventaoista.org\/wp-content\/uploads\/2014\/02\/indulgensias.jpeg 500w, https:\/\/www.joventaoista.org\/wp-content\/uploads\/2014\/02\/indulgensias-300x228.jpeg 300w\" sizes=\"(max-width: 240px) 100vw, 240px\" \/><\/a>vien\u201d no solo se le perdonaba los pecados del pasado a el ke entraba en cuarentena sino los pecados ke cometiera en los dias futuros\u2026es acaso esto digno de hijos de dios? es acaso esto koherente o l\u00f3giko?\u2026asi ke se\u00f1ora claudia alejandra de fatima, no por ke devamos difundir la hermandad la tolerancia o el amor por nuestro projimo, devemos de callar la verdad no por esto devemos dejar ke estos acecinos genocidas teocidas,sigan enga\u00f1ando a la humanidad, por ke le rekuerdo ke \u201ctodo akel ke tenga el privilegio de saver, esta en el dever de aktuar\u201d i por eso hai ke desir la verdad i no kallarla,a favor o en kontra pero siempre la verdad.i gratisimas a los veneravles maestres kelium zeuz i samael joav podemos konoserla i seguir proklamandola a todas las latitudes de la esfera\u2026..<\/span><br \/>\n<span style=\"color: #008000;\"> gratisimas\u2026..Levraki<\/span><\/span><\/p>\n<p align=\"center\"><iframe loading=\"lazy\" src=\"\/\/www.youtube.com\/embed\/XKNOFF_EM5s\" height=\"315\" width=\"560\" allowfullscreen=\"\" frameborder=\"0\"><\/iframe><\/p>\n<p align=\"center\"><iframe loading=\"lazy\" src=\"\/\/www.youtube.com\/embed\/oL4aLSUPIrE\" height=\"315\" width=\"560\" allowfullscreen=\"\" frameborder=\"0\"><\/iframe><\/p>\n<p align=\"center\"><iframe loading=\"lazy\" src=\"\/\/www.youtube.com\/embed\/2S3DTcdT1a8\" height=\"315\" width=\"560\" allowfullscreen=\"\" frameborder=\"0\"><\/iframe><\/p>\n<p><a href=\"https:\/\/www.joventaoista.org\/wp-content\/uploads\/2014\/02\/Obispos-verguenza.jpg\"><img loading=\"lazy\" decoding=\"async\" class=\"wp-image-8136 aligncenter\" alt=\"Obispos verguenza\" src=\"https:\/\/www.joventaoista.org\/wp-content\/uploads\/2014\/02\/Obispos-verguenza.jpg\" width=\"504\" height=\"422\" srcset=\"https:\/\/www.joventaoista.org\/wp-content\/uploads\/2014\/02\/Obispos-verguenza.jpg 720w, https:\/\/www.joventaoista.org\/wp-content\/uploads\/2014\/02\/Obispos-verguenza-600x503.jpg 600w, https:\/\/www.joventaoista.org\/wp-content\/uploads\/2014\/02\/Obispos-verguenza-300x251.jpg 300w\" sizes=\"(max-width: 504px) 100vw, 504px\" \/><\/a><\/p>\n<p>&nbsp;<\/p>\n","protected":false},"excerpt":{"rendered":"<p>Estimados \u00a0hermagdus hemos tenido \u00a0una interesante\u00a0secuencia de \u00a0publicaseles \u00a0kon respekto a la verdad \u00a0y la mentira de la \u00a0Iglesia\u00a0Cat\u00f3lica, que \u00a0ha integrado \u00a0un \u00a0dialogo con una respetable abogada que \u00a0a ingresado a dilucidar respekto a el tema, encontramos muy interesantes aportes \u00a0a este tema por algunos komentaristas \u00a0y a kontinuasel hasemos un post \u00a0pad\u00e1 ke [&hellip;]<\/p>\n","protected":false},"author":6,"featured_media":8092,"comment_status":"open","ping_status":"open","sticky":false,"template":"","format":"standard","meta":{"_et_pb_use_builder":"","_et_pb_old_content":"","_et_gb_content_width":"","footnotes":""},"categories":[95,106,471,459],"tags":[781,789,810,808,783,786,784,788,790,782],"class_list":["post-8229","post","type-post","status-publish","format-standard","has-post-thumbnail","hentry","category-blog-eo","category-konspiracion-eo","category-legido-del-konosisierto","category-legidos-aktividades","tag-corrupcion","tag-el-opus-dei","tag-el-sabio-del-tibet-kumido","tag-elohim-kumido","tag-gay","tag-gran-ramera","tag-homosexualismo","tag-pederasta","tag-sacerdotes-catolicos","tag-violaciones"],"_links":{"self":[{"href":"https:\/\/www.joventaoista.org\/eo\/wp-json\/wp\/v2\/posts\/8229","targetHints":{"allow":["GET"]}}],"collection":[{"href":"https:\/\/www.joventaoista.org\/eo\/wp-json\/wp\/v2\/posts"}],"about":[{"href":"https:\/\/www.joventaoista.org\/eo\/wp-json\/wp\/v2\/types\/post"}],"author":[{"embeddable":true,"href":"https:\/\/www.joventaoista.org\/eo\/wp-json\/wp\/v2\/users\/6"}],"replies":[{"embeddable":true,"href":"https:\/\/www.joventaoista.org\/eo\/wp-json\/wp\/v2\/comments?post=8229"}],"version-history":[{"count":0,"href":"https:\/\/www.joventaoista.org\/eo\/wp-json\/wp\/v2\/posts\/8229\/revisions"}],"wp:featuredmedia":[{"embeddable":true,"href":"https:\/\/www.joventaoista.org\/eo\/wp-json\/wp\/v2\/media\/8092"}],"wp:attachment":[{"href":"https:\/\/www.joventaoista.org\/eo\/wp-json\/wp\/v2\/media?parent=8229"}],"wp:term":[{"taxonomy":"category","embeddable":true,"href":"https:\/\/www.joventaoista.org\/eo\/wp-json\/wp\/v2\/categories?post=8229"},{"taxonomy":"post_tag","embeddable":true,"href":"https:\/\/www.joventaoista.org\/eo\/wp-json\/wp\/v2\/tags?post=8229"}],"curies":[{"name":"wp","href":"https:\/\/api.w.org\/{rel}","templated":true}]}}