{"id":8251,"date":"2014-02-23T17:50:54","date_gmt":"2014-02-23T17:50:54","guid":{"rendered":"https:\/\/www.joventaoista.org\/?p=8251"},"modified":"2014-02-23T17:55:22","modified_gmt":"2014-02-23T17:55:22","slug":"el-opus-dei-la-organzacion-de-la-muerte-6","status":"publish","type":"post","link":"https:\/\/www.joventaoista.org\/eo\/el-opus-dei-la-organzacion-de-la-muerte-6\/","title":{"rendered":"el Opus Dei la Organzaci\u00f3n de la muerte, 6."},"content":{"rendered":"<p>Estimados lectores \u00a0en esta siclo de post \u00a0referentes \u00a0a las verdades \u00a0y las mentiras de la \u00a0iglesia\u00a0Cat\u00f3lica\u00a0hemos \u00a0presenciado un\u00a0esclarecedor\u00a0dialogo donde \u00a0hemos vislumbrado la real y certera\u00a0profec\u00eda\u00a0\u00a0apocal\u00edptica cayendo en la ciudad \u00a0del vaticano y en su basto imperio de \u00a0enga\u00f1o, tortura y muerte; que \u00a0hoy se desmorona \u00a0ante los ojos \u00a0de los incautos \u00a0que\u00a0\u00a0\u00a0aun desean sostener la insostenible falacia mas \u00a0grande de la humanidad, el imperio del \u00a0dogmatismo que \u00a0somete a \u00a0las gentes a sufrir en la mas cruel ignorancia mientras \u00a0sus \u00a0cuerpos \u00a0sucumben en la enfermedad desde los altares con demagogia \u00a0en\u00a0boca el opio \u00a0es consumido y \u00a0sopor del sufrimiento \u00a0corre por \u00a0 los campos y\u00a0las calles de\u00a0las ciudades, el hombre se\u00a0levanta\u00a0 contra su hermano, el hijo contra su padre y \u00a0una \u00a0sociedad en declive clama a \u00a0gritos desde \u00a0su alma que \u00a0en angustioso silencio \u00a0dise !AYUDAME PADRE, AYDAME!!.<\/p>\n<p>Es la \u00a0la verdad \u00a0la mas \u00a0grande \u00a0ayuda, ella nos da a conocer \u00a0las \u00a0ra\u00edces\u00a0del dolor, nos ense\u00f1a \u00a0a erradicarlo por completo \u00a0y nos lisensia \u00a0que \u00a0una nueva \u00a0era \u00a0de vida, de\u00a0sabidur\u00eda y\u00a0Varadero\u00a0Amor surja llenando de virtud \u00a0al ser \u00a0humano, por eso invitamos a que\u00a0mascamos en Kristo, en verdad y en su verdero Kamigdu \u00a0ke es \u00a0la honra a la vida, en nuestros \u00a0propios \u00a0kuerpos\/templos y en nuestros semejantes como en la Naturaleza misma,\u00a0as\u00ed\u00a0solo\u00a0as\u00ed\u00a0 lograremos \u00a0recuperar en alguna proporsel lo \u00a0tanto que \u00a0hemos perdido, ya no mas \u00a0catedrales de \u00a0de piedra \u00a0en honra a la\u00a0opulencia\u00a0\u00a0construyamos\u00a0a \u00a0la \u00a0humanidad \u00a0 y levantemos un raza \u00a0con salud, ya no mas \u00a0discursos de \u00a0asqueante demagogia&#8230; ense\u00f1emos la Siensia de DIOS \u00a0ke es la \u00a0Konsiensia y \u00a0ke naska \u00a0la \u00a0Teosiensia desde el lovoratorio del \u00a0mismo \u00a0kuerpo humano despertando sus poderes antiguos y resurgiendo de los infiernos a levantarnos en las kuspides del espirtu, honrando al DIOS de la vida, al inpronunsiavle, al sostenedor de todo lo eksitente, a JAH.<\/p>\n<p>A continuasel un hermoso \u00a0mensaje del veneravle Maestro Edon Dag\u00f3n<\/p>\n<p><span class=\"apple-style-span\"><b><span lang=\"ES-TRAD\" style=\"font-size: 14.0pt; line-height: 115%; font-family: 'Georgia','serif'; mso-bidi-font-family: Arial; color: #ff6600; border: none windowtext 1.0pt; mso-border-alt: none windowtext 0cm; padding: 0cm;\">Claudia Alejandra de Fatima<\/span><\/b><\/span><\/p>\n<p class=\"MsoNormal\"><span lang=\"ES-TRAD\" style=\"font-size: 10.0pt; line-height: 115%; font-family: 'Verdana','sans-serif'; mso-bidi-font-family: Arial; color: #3366ff; background: #FDFFF5;\">Muy buen d\u00eda respetable Claudia Alejandra de F\u00e1tima le saluda su servidor<span style=\"mso-spacerun: yes;\">\u00a0 <\/span>FOHATKIEL mas conocido en el pueblo Tao\u00edsta como EDON DAGON, y quiero en primera instancia mostrarle mi admiraci\u00f3n por la forma<span style=\"mso-spacerun: yes;\">\u00a0 <\/span>como defiende sus puntos de vista.<span style=\"mso-spacerun: yes;\">\u00a0 <\/span>Dado que<span style=\"mso-spacerun: yes;\">\u00a0 <\/span>de sabios es discernir y de tontos discutir, el di\u00e1logo que usted esta planteando, busca llegar a un sabio discernimiento e invita a alejarse de las sordas discusiones que a nada conducen, felicitaciones por ello. <\/span><\/p>\n<p class=\"MsoNormal\"><span lang=\"ES-TRAD\" style=\"font-size: 10.0pt; line-height: 115%; font-family: 'Verdana','sans-serif'; mso-bidi-font-family: Arial; color: #3366ff; background: #FDFFF5;\">Para comenzar quiero decirle que comparto plenamente su apreciaci\u00f3n de que generalizar es peligros\u00edsimo, pues esto ha llevado a que el mundo se llene de odios y venganzas, haciendo ver a inocentes como culpables, estoy de acuerdo con usted en lo mal que hicieron los Jacobinos cuando arrasaron con curitas y monjas que de forma sincera y buena ayudaban a ancianitos y a hu\u00e9rfanos, y a enfermos, eso no tiene presentaci\u00f3n ninguna y ante Dios es un grave delito y quienes lo cometieron tendr\u00e1n que dar cuenta de sus cr\u00edmenes. <\/span><\/p>\n<p class=\"MsoNormal\"><span lang=\"ES-TRAD\" style=\"font-size: 10.0pt; line-height: 115%; font-family: 'Verdana','sans-serif'; mso-bidi-font-family: Arial; color: #3366ff; background: #FDFFF5;\"><a href=\"https:\/\/www.joventaoista.org\/wp-content\/uploads\/2014\/02\/arenga-guerra-sacerdote.jpg\"><img loading=\"lazy\" decoding=\"async\" class=\"size-full wp-image-8252 alignright\" alt=\"arenga  guerra  sacerdote\" src=\"https:\/\/www.joventaoista.org\/wp-content\/uploads\/2014\/02\/arenga-guerra-sacerdote.jpg\" width=\"204\" height=\"247\" \/><\/a>Y tampoco tiene presentaci\u00f3n algo que pas\u00f3 aqu\u00ed en el pa\u00eds donde yo vivo a saber Colombia, donde por all\u00e1 en 1898 en una guerra civil entre liberales y conservadores, conocida como la guerra de los mil d\u00edas, un cl\u00e9rigo que posteriormente fue llevado a los altares como san Ezequiel Moreno,<span style=\"mso-spacerun: yes;\">\u00a0 <\/span>desde los pulpitos gritaba a voz en cuello que matar liberales no era pecado y daba una cantidad<span style=\"mso-spacerun: yes;\">\u00a0 <\/span>de indulgencias por cada liberal que mataran, palabras que se hicieron ley en este pa\u00eds en la primera mitad del<span style=\"mso-spacerun: yes;\">\u00a0 <\/span>siglo XX y que como c\u00e1ncer hizo met\u00e1stasis de 1948 a 1958 en la \u00e9poca de la violencia cuando desde los pulpitos la mayor\u00eda de obispos y curas <span style=\"mso-spacerun: yes;\">\u00a0<\/span>gritaba esta infernal proclama fijando en 300 las indulgencias por cada liberal que mataran.<span style=\"mso-spacerun: yes;\">\u00a0 <\/span>Contaba, mi mam\u00e0 y una <span style=\"mso-spacerun: yes;\">\u00a0<\/span>tia, quien fu\u00e8 mi madre de crianza posteriormente, cat\u00f3licas en ese entonces <span style=\"mso-spacerun: yes;\">\u00a0<\/span>las dos, pero liberales, que el domingo <span style=\"mso-spacerun: yes;\">\u00a0<\/span>11 de abril de 1948, despu\u00e9s de o\u00edr al sacerdote proferir semejantes directrices, <span style=\"mso-spacerun: yes;\">\u00a0<\/span>salieron de la<span style=\"mso-spacerun: yes;\">\u00a0 <\/span>misa y se lograron escapar casi de milagro aun sin entender el por qu\u00e9 esa infame persecuci\u00f3n. S\u00ed, Claudia Alejandra estoy de acuerdo con usted, generalizar es peligros\u00edsimo,<span style=\"mso-spacerun: yes;\">\u00a0 <\/span>creo que los 300 mil liberales que murieron victimas de esa violencia ni sab\u00edan que los jacobinos hab\u00edan tenido algunas ideas liberales, ni siquiera supieron que exist\u00eda esa palabra, jacobino, y mucho menos los desmanes que cometieron, <span style=\"mso-spacerun: yes;\">\u00a0<\/span>pero <span style=\"mso-spacerun: yes;\">\u00a0<\/span>pagaron por ello, por el \u201cdelito\u201d de ser liberales como los jacobinos.<\/span><\/p>\n<p class=\"MsoNormal\"><span lang=\"ES-TRAD\" style=\"font-size: 10.0pt; line-height: 115%; font-family: 'Verdana','sans-serif'; mso-bidi-font-family: Arial; color: #3366ff; background: #FDFFF5;\">Claudia Alejandra, por tus escritos, detecto <span style=\"mso-spacerun: yes;\">\u00a0<\/span>una persona sincera, alguien que de verdad busca a Dios y a esa gran persona quiero dirigir estas mis siguientes palabras:<\/span><\/p>\n<p class=\"MsoNormal\"><span lang=\"ES-TRAD\" style=\"font-size: 10.0pt; line-height: 115%; font-family: 'Verdana','sans-serif'; mso-bidi-font-family: Arial; color: #3366ff; background: #FDFFF5;\">Estoy de acuerdo contigo y mucho en no generalizar en <\/span><span lang=\"ES-TRAD\" style=\"font-size: 12.0pt; line-height: 115%; font-family: 'Verdana','sans-serif'; mso-bidi-font-family: Arial; color: #c4bc96; mso-themecolor: background2; mso-themeshade: 191; background: #FDFFF5;\">cuanto a personas se refiere<\/span><span lang=\"ES-TRAD\" style=\"font-size: 10.0pt; line-height: 115%; font-family: 'Verdana','sans-serif'; mso-bidi-font-family: Arial; color: #3366ff; background: #FDFFF5;\">, pues en todas partes y en todos los credos religiosos hay hijos de Dios y hay demonios con terrible maldad.<span style=\"mso-spacerun: yes;\">\u00a0 <\/span>Soy un admirador de Francisco de As\u00eds, un verdadero hijo de Dios, soy un admirador de Teresa de Calcuta, bendita Eva que busc\u00f3 cumplir aquel mandamiento del Kristo, \u201camaos los unos a los otros como yo os he amado\u201d, igualmente soy un admirador del Papa Juan XXIII un ap\u00f3stol del amor a nuestros semejantes que busc\u00f3 inyectar en la iglesia cat\u00f3lica el amor de Cristo y de \u00e9l naci\u00f3 la Teolog\u00eda de la liberaci\u00f3n, la cual fue como un b\u00e1lsamo para los sinceros cat\u00f3licos y que al interior de la iglesia cat\u00f3lica fue posteriormente combatida con ferocidad; te recomiendo leer su enc\u00edclica \u201cMater et Magistra\u201d.<span style=\"mso-spacerun: yes;\">\u00a0 <\/span>Lamentablemente fueron muchos m\u00e1s quienes como <span style=\"mso-spacerun: yes;\">\u00a0<\/span>Domingo de Guzm\u00e1n o Tom\u00e1s de Torquemada para citar solo a dos, <span style=\"mso-spacerun: yes;\">\u00a0<\/span>dejaron un legado de destrucci\u00f3n y de muerte.<\/span><\/p>\n<p class=\"MsoNormal\"><span lang=\"ES-TRAD\" style=\"font-size: 10.0pt; line-height: 115%; font-family: 'Verdana','sans-serif'; mso-bidi-font-family: Arial; color: #3366ff; background: #FDFFF5;\">Buscando como tu lo pides, no generalizar te invito ahora a reflexionar no sobre personas sino sobre los cuerpos doctrinales en si, <span style=\"mso-spacerun: yes;\">\u00a0<\/span>que el mundo conoce como religiones algunas o como ordenes otras.<\/span><\/p>\n<p class=\"MsoNormal\"><span lang=\"ES-TRAD\" style=\"font-size: 10.0pt; line-height: 115%; font-family: 'Verdana','sans-serif'; mso-bidi-font-family: Arial; color: #3366ff; background: #FDFFF5;\"><a href=\"https:\/\/www.joventaoista.org\/wp-content\/uploads\/2013\/12\/angeles-1.jpg\"><img loading=\"lazy\" decoding=\"async\" class=\"wp-image-7012 alignleft\" alt=\"angeles (1)\" src=\"https:\/\/www.joventaoista.org\/wp-content\/uploads\/2013\/12\/angeles-1.jpg\" width=\"252\" height=\"179\" srcset=\"https:\/\/www.joventaoista.org\/wp-content\/uploads\/2013\/12\/angeles-1.jpg 360w, https:\/\/www.joventaoista.org\/wp-content\/uploads\/2013\/12\/angeles-1-300x212.jpg 300w\" sizes=\"(max-width: 252px) 100vw, 252px\" \/><\/a>Pese a ser un valle de l\u00e1grimas esta esfera terrus de ORS, com\u00fanmente llamada tierra es una esfera de redenci\u00f3n por cuanto la sangre del Kristo as\u00ed la constituy\u00f3. Dios en su misericordia siempre ha enviado mensajeros de Luz, profetas, gu\u00edas que han ense\u00f1ado como encarnar a Dios dentro de cada uno de NOS, como volver a unirse con nuestro Padre Celestial esa es en realidad la verdadera raz\u00f3n de nuestra vida volver a unirnos a El, <span style=\"mso-spacerun: yes;\">\u00a0<\/span>as\u00ed lo ense\u00f1\u00f3 Budha, as\u00ed lo ense\u00f1\u00f3 Lao Tse,<span style=\"mso-spacerun: yes;\">\u00a0 <\/span>as\u00ed lo ense\u00f1o Krishna, as\u00ed lo ense\u00f1o Taita Inti Pashakama Pashakute en el Tahuantinsuyo Inca empero aun siendo tan grande el legado de estos grandes seres, <span style=\"mso-spacerun: yes;\">\u00a0<\/span>la ense\u00f1anza m\u00e1s grande est\u00e1 en <span style=\"mso-spacerun: yes;\">\u00a0<\/span>la dada por Jeshua a quien tu conoces como Jesus , quien con su vida mostr\u00f3 el drama de Kristificaci\u00f3n que debe vivir todo aqu\u00e9l que realmente quiera unirse con su Padre. Si se revisa con cuidado los 4 evangelios de la Biblia, (Te cuento que eran 8 antes de la discriminaci\u00f3n de Constantino) Jeshua siempre habla como gran prop\u00f3sito de la vida encarnar al Padre, veamos:<\/span><\/p>\n<p class=\"MsoNormal\" style=\"margin-left: 35.4pt;\"><span lang=\"ES-TRAD\" style=\"font-size: 10.0pt; line-height: 115%; font-family: 'Arial Rounded MT Bold','sans-serif'; mso-bidi-font-family: Arial; color: #3366ff; background: #FDFFF5;\">Yo soy el camino la verdad y la vida, nadie llega al Padre sino por mi, .. Juan 14:6<\/span><\/p>\n<p class=\"MsoNormal\" style=\"margin-left: 35.4pt;\"><span lang=\"ES-TRAD\" style=\"font-size: 10.0pt; line-height: 115%; font-family: 'Arial Rounded MT Bold','sans-serif'; mso-bidi-font-family: Arial; color: #3366ff; background: #FDFFF5;\">Sed perfectos como vuestro Padre que esta en los cielos es Perfecto Mateo 5:48 <\/span><\/p>\n<p class=\"MsoNormal\" style=\"margin-left: 35.4pt;\"><span lang=\"ES-TRAD\" style=\"font-size: 10.0pt; line-height: 115%; font-family: 'Verdana','sans-serif'; mso-bidi-font-family: Arial; color: #3366ff; background: #FDFFF5;\">Y la oraci\u00f3n m\u00e1s perfecta que haya existido, de la cual solo citamos el inicio<\/span><span lang=\"ES-TRAD\" style=\"font-size: 10.0pt; line-height: 115%; font-family: 'Arial Rounded MT Bold','sans-serif'; mso-bidi-font-family: Arial; color: #3366ff; background: #FDFFF5;\">: Padre nuestro que estas en los cielos, santificado sea tu nombre, venga a Nos tu reino, y h\u00e1gase tu voluntad as\u00ed en la tierra como en el cielo\u2026.<span style=\"mso-spacerun: yes;\">\u00a0 <\/span>Mateo 6:9 <\/span><\/p>\n<p class=\"MsoNormal\" style=\"margin-left: 35.4pt;\"><span lang=\"ES-TRAD\" style=\"font-size: 10.0pt; line-height: 115%; font-family: 'Arial Rounded MT Bold','sans-serif'; mso-bidi-font-family: Arial; color: #3366ff; background: #FDFFF5;\">Y solo en los 4 evangelios conocidos hay m\u00e1s de 200 citaciones al Padre. <\/span><\/p>\n<p class=\"MsoNormal\"><span lang=\"ES-TRAD\" style=\"font-size: 10.0pt; line-height: 115%; font-family: 'Verdana','sans-serif'; mso-bidi-font-family: Arial; color: #3366ff; background: #FDFFF5;\">Como Puedes ver, el Kristo siempre invitaba a esa fusi\u00f3n con el Padre, y si observas, \u00e9l nunca habl\u00f3 de un nombre en particular del Padre porqu\u00e9?,<span style=\"mso-spacerun: yes;\">\u00a0 <\/span>sencillamente porque cada uno de Nos tenemos un Padre, esa partecita de Dios dentro que debemos encarnar, hacernos uno con \u00c9l.<span style=\"mso-spacerun: yes;\">\u00a0 <\/span>Y c\u00f3mo se llama ese Padre Celestial? En <span style=\"mso-spacerun: yes;\">\u00a0<\/span>Apocalipsis 2:17 nos responde: <span style=\"mso-spacerun: yes;\">\u00a0<\/span><\/span><\/p>\n<p class=\"MsoNormal\" style=\"margin-left: 35.4pt;\"><span lang=\"ES-TRAD\" style=\"font-size: 10.0pt; line-height: 115%; font-family: 'Arial Rounded MT Bold','sans-serif'; mso-bidi-font-family: Arial; color: #3366ff; background: #FDFFF5;\">\u201c..Al que venciere dar\u00e9 a comer del man\u00e1 escondido y le dar\u00e9 una piedrecita blanca y en la piedrecita un nombre nuevo escrito, el cual ninguno conoce sino aquel que lo recibe \u201c.<span style=\"mso-spacerun: yes;\">\u00a0 <\/span><\/span><\/p>\n<p class=\"MsoNormal\"><span lang=\"ES-TRAD\" style=\"font-size: 10.0pt; line-height: 115%; font-family: 'Verdana','sans-serif'; mso-bidi-font-family: Arial; color: #3366ff; background: #FDFFF5;\">Por ende el prop\u00f3sito final de nuestra vida, es encarnar ese Padre Celestial, pero primero hay que encarnar o formar al Kristo en nosotros, recordemos: <\/span><\/p>\n<p class=\"MsoNormal\" style=\"margin-left: 35.4pt;\"><span lang=\"ES-TRAD\" style=\"font-size: 10.0pt; line-height: 115%; font-family: 'Arial Rounded MT Bold','sans-serif'; mso-bidi-font-family: Arial; color: #3366ff; background: #FDFFF5;\">Yo soy el camino la verdad y la vida, nadie llega al Padre sino por m\u00ed.<\/span><\/p>\n<p class=\"MsoNormal\"><span lang=\"ES-TRAD\" style=\"font-size: 10.0pt; line-height: 115%; font-family: 'Verdana','sans-serif'; mso-bidi-font-family: Arial; color: #3366ff; background: #FDFFF5;\">Y as\u00ed se tridimensionaliz\u00f3 la doctrina Kristica que buscaba entregar a quienes la recib\u00edan una doctrina viva, no de creencias, no, sino de acciones que buscaba hacer de cada acto de la vida un canto de alabanza a Dios, que buscaba formar una nueva gen\u00e9tica con genes sublimes que nos condujeran <a href=\"https:\/\/www.joventaoista.org\/wp-content\/uploads\/2014\/02\/LA_SAMARITANA3.jpg\"><img loading=\"lazy\" decoding=\"async\" class=\"wp-image-8254 alignleft\" alt=\"LA_SAMARITANA3\" src=\"https:\/\/www.joventaoista.org\/wp-content\/uploads\/2014\/02\/LA_SAMARITANA3.jpg\" width=\"204\" height=\"280\" srcset=\"https:\/\/www.joventaoista.org\/wp-content\/uploads\/2014\/02\/LA_SAMARITANA3.jpg 292w, https:\/\/www.joventaoista.org\/wp-content\/uploads\/2014\/02\/LA_SAMARITANA3-219x300.jpg 219w\" sizes=\"(max-width: 204px) 100vw, 204px\" \/><\/a>a la kristificaci\u00f2n. Te quiero contar igualmente que hay 4 evangelios perdidos que el emperador Constantino mand\u00f2 quemar pero que afortunadamente fueron enterrados y en 1947 aparecieron en unas grutas junto al mar muerto llamadas grutas del QUM RAM. Porqu\u00e9 los elimin\u00f3 Constantino?, porque en ellos Jeshua mostraba expl\u00edcitamente que al Kristo hab\u00eda que buscarlo dentro de si, no fuera, que hab\u00eda que encarnarlo.<span style=\"mso-spacerun: yes;\">\u00a0 <\/span>Igualmente en estos evangelios especialmente en el de Pedro, se hablaba del sagrado manejo de la sexualidad, donde se ense\u00f1aba expl\u00edcitamente que la fornicaci\u00f3n es el derrame de la energ\u00eda gen\u00e9tica y que se deb\u00eda mutar en luz y que la uni\u00f3n de una pareja no solo era para multiplicarse sino para crecer en Dios. Algo queda aun cuando no tan explicito en el evangelio de Juan el cual te invito a leer detenidamente. <\/span><\/p>\n<p class=\"MsoNormal\"><span lang=\"ES-TRAD\" style=\"font-size: 10.0pt; line-height: 115%; font-family: 'Verdana','sans-serif'; mso-bidi-font-family: Arial; color: #3366ff; background: #FDFFF5;\">Pero Sat\u00e1n no se queda quieto, y as\u00ed como al nacer el trigo, la cisa\u00f1a busca crecer con \u00e9l, y llegado el momento parasitarlo, as\u00ed sucedi\u00f3 con el legado doctrinal Kristico, recuerda que en sus or\u00edgenes su s\u00edmbolo era un pez o una palmera que significa \u201ccrecer en silencio\u201d s\u00edmbolo de la sabidur\u00eda de Dios. Y de esos primeros grupos que buscaron encarnar esa energ\u00eda Kristica el m\u00e1s importante se denominaron GNOSTICOS que significa sabidur\u00eda y aun los ESENIOS que siendo jud\u00edos, aceptaron al Kristo como el Mesias, no suspendieron su principios jud\u00edos sino que los reforzaron con las doktrinas kristicas.<\/span><\/p>\n<p class=\"MsoNormal\"><span lang=\"ES-TRAD\" style=\"font-size: 10.0pt; line-height: 115%; font-family: 'Verdana','sans-serif'; mso-bidi-font-family: Arial; color: #3366ff; background: #FDFFF5;\">Pero tambi\u00e9n se empezaron <span style=\"mso-spacerun: yes;\">\u00a0<\/span>a formar otros grupos que interpretaron a su manera las doctrinas de Jeshua tales como los Nestorianos, los Arrianos, y aun\u2026 los Cat\u00f2licos, grupos que se apartaron de las ense\u00f1anzas originales que buscaban encarnar al Kristo y se enfrascaron en discusiones de que si era Dios de que no lo era y alcanz\u00f3 a haber guerras entre ellos. No hay ning\u00fan escrito Biblico que hable de un papa, la invito a revisar el libro los Hechos de los ap\u00f3stoles para que vea que los gu\u00edas cada uno era independiente, inclusive, habla de los roces de Pablo con Bernab\u00e9 y aun con otros. T\u00fa citas la parte b\u00edblica aquella en que <span style=\"mso-spacerun: yes;\">\u00a0<\/span>supuestamente Jesucristo unge a Pedro como Papa, veamos: <\/span><\/p>\n<p class=\"MsoNormal\" style=\"margin-left: 35.4pt;\"><span lang=\"ES-TRAD\" style=\"font-size: 10.0pt; line-height: 115%; font-family: 'Verdana','sans-serif'; mso-bidi-font-family: Arial; color: #3366ff; background: #FDFFF5;\">\u201c<\/span><span lang=\"ES-TRAD\" style=\"font-size: 10.0pt; line-height: 115%; font-family: 'Arial Rounded MT Bold','sans-serif'; mso-bidi-font-family: Arial; color: #3366ff; background: #FDFFF5;\">Mas yo te digo que tu eres Pedro y sobre esta piedra edificar\u00e9 mi iglesia y las puertas del infierno no prevalecer\u00e1n sobre ella\u201d Mateo 16:18.<\/span><\/p>\n<p class=\"MsoNormal\"><span lang=\"ES-TRAD\" style=\"font-size: 10.0pt; line-height: 115%; font-family: 'Verdana','sans-serif'; mso-bidi-font-family: Arial; color: #3366ff; background: #FDFFF5;\">Pero hay que ver estas citas que tambi\u00e9n habla de piedras:<\/span><\/p>\n<p class=\"MsoNormal\" style=\"margin-left: 35.4pt;\"><span lang=\"ES-TRAD\" style=\"font-size: 10.0pt; line-height: 115%; font-family: 'Arial Rounded MT Bold','sans-serif'; mso-bidi-font-family: Arial; color: #3366ff; background: #FDFFF5;\">La piedra que desecharon los edificadores esta fue hecha cabeza de esquina<span style=\"mso-spacerun: yes;\">\u00a0 <\/span>Mateo 21:42<\/span><\/p>\n<p class=\"MsoNormal\" style=\"margin-left: 35.4pt;\"><span lang=\"ES-TRAD\" style=\"font-size: 10.0pt; line-height: 115%; font-family: 'Arial Rounded MT Bold','sans-serif'; mso-bidi-font-family: Arial; color: #3366ff; background: #FDFFF5;\">Esta Puerta de Jehov\u00e1, por ella entrar\u00e1n los justos, Te alabar\u00e9 porque me has o\u00eddo y me fuiste por salud, La piedra que desecharon los edificadores ha venido a ser cabeza de \u00e1ngulo, de parte de Jehov\u00e1 es esto: es maravilla en nuestros ojos. Salmo 118:20-23,<\/span><\/p>\n<p class=\"MsoNormal\"><span lang=\"ES-TRAD\" style=\"font-size: 10.0pt; line-height: 115%; font-family: 'Verdana','sans-serif'; mso-bidi-font-family: Arial; color: #3366ff; background: #FDFFF5;\">Si nos damos cuenta desde los tiempos del Salmista estamos hablando de la Gran Piedra que desecharon los edificadores y sobre la cual se erige el fundamento angular de la Iglesia que quiere decir Eclesia que quiere decir, lo mejor, lo m\u00e0s grande.<span style=\"mso-spacerun: yes;\">\u00a0 <\/span>Y cu\u00e1l realmente es esa piedra?, el sexo, visto con el gran respeto no como el mundo lo ve, por eso es, \u201cla piedra que desecharon los edificadores\u201d. En el momento de un connubio sexual es cuando m\u00e1s nos debi\u00e9ramos parecer a DIOS, porque estamos creando, se requiere tomar el deseo pasional, y cambiarlo en deseo de Dios, cambiar la fornicaci\u00f3n o sea el derrame de la sagrada energ\u00eda por la mutaci\u00f3n de ella en el aceite de la vida que nos enciende las l\u00e1mparas. Ver Zacar\u00ecas 4,<span style=\"mso-spacerun: yes;\">\u00a0 <\/span>Juan 7:38 entre otros.<span style=\"mso-spacerun: yes;\">\u00a0 <\/span>Pedro significa Piedra y por ende este ap\u00f3stol representa como energ\u00eda la piedra angular de la kristificaci\u00f3n pero en ninguna parte lo erigen como papa, recordemos que su nombre f\u00edsico era Sim\u00f2n, y su simvre de maestro Pedro o sea como se llamaba y aun se llama su Padre Celestial. Nuevamente los invito a que lean los Hechos de los ap\u00f3stoles y aun las ep\u00edstolas b\u00edblicas a ver si en alguna parte se refieren a alg\u00fan papa o una autoridad m\u00e1xima, y menos nombrar como su sede a ROMA, lugar donde sali\u00f3 el imperio que crucific\u00f3 al redentor.<\/span><\/p>\n<p class=\"MsoNormal\"><span lang=\"ES-TRAD\" style=\"font-size: 10.0pt; line-height: 115%; font-family: 'Verdana','sans-serif'; mso-bidi-font-family: Arial; color: #3366ff; background: #FDFFF5;\">Entonces quien fue ese primer papa llamado Pedro?.<span style=\"mso-spacerun: yes;\">\u00a0 <\/span>Veamos Hechos de los ap\u00f3stoles 8:9-22, all\u00ed se habla de un Sim\u00f3n que quiso comprar con dinero los dones de los ap\u00f3stoles, en especial de Pedro, recordemos que el nombre de <a href=\"https:\/\/www.joventaoista.org\/wp-content\/uploads\/2014\/02\/VATC-Plaza-San-Pedro-Bernini-1656-67_jpg.jpg\"><img loading=\"lazy\" decoding=\"async\" class=\"wp-image-8255 alignleft\" alt=\"VATC- Plaza San Pedro - Bernini 1656-67_jpg\" src=\"https:\/\/www.joventaoista.org\/wp-content\/uploads\/2014\/02\/VATC-Plaza-San-Pedro-Bernini-1656-67_jpg.jpg\" width=\"300\" height=\"235\" srcset=\"https:\/\/www.joventaoista.org\/wp-content\/uploads\/2014\/02\/VATC-Plaza-San-Pedro-Bernini-1656-67_jpg.jpg 500w, https:\/\/www.joventaoista.org\/wp-content\/uploads\/2014\/02\/VATC-Plaza-San-Pedro-Bernini-1656-67_jpg-300x234.jpg 300w\" sizes=\"(max-width: 300px) 100vw, 300px\" \/><\/a>Pedro era Sim\u00f3n al igual que el Sim\u00f3n que quer\u00eda comprar los dones. Apreciada Claudia Alejandra de F\u00e1tima,<span style=\"mso-spacerun: yes;\">\u00a0 <\/span>este Sim\u00f3n al corto tiempo de este encuentro empez\u00f3 a auto llamarse Pedro<\/span><span lang=\"ES-TRAD\" style=\"font-size: 12.0pt; line-height: 115%; font-family: 'Verdana','sans-serif'; mso-bidi-font-family: Arial; color: #3366ff; background: #FDFFF5;\">, USURPANDO AL APOSTOL<\/span><span lang=\"ES-TRAD\" style=\"font-size: 10.0pt; line-height: 115%; font-family: 'Verdana','sans-serif'; mso-bidi-font-family: Arial; color: #3366ff; background: #FDFFF5;\"> fund\u00f3 su grupo cristiano y he aqu\u00ed el primer papa, y este su grupo pronto cobr\u00f3 gran fuerza,<span style=\"mso-spacerun: yes;\">\u00a0 <\/span>y empez\u00f3 a crecer configur\u00e1ndose completamente en el poder cuando el emperador Constantino lo tom\u00f3 como credo religioso imperial.<\/span><\/p>\n<p class=\"MsoNormal\"><span lang=\"ES-TRAD\" style=\"font-size: 10.0pt; line-height: 115%; font-family: 'Verdana','sans-serif'; mso-bidi-font-family: Arial; color: #3366ff; background: #FDFFF5;\">Gran verdad dices en tu escrito cuando afirmas: \u201cEs mas peligrosa una verdad a medias que una mentira completa\u201d. Lo cual se cumpli\u00f3 dolorosamente con los cambios que Constantino haciendo de agente de Sat\u00e1n<span style=\"mso-spacerun: yes;\">\u00a0 <\/span>hizo a los legados del Kristo. Veamos algunos de esos graves cambios:<\/span><\/p>\n<p class=\"MsoNormal\" style=\"margin-left: 35.4pt;\"><span lang=\"ES-TRAD\" style=\"font-size: 10.0pt; line-height: 115%; font-family: 'Verdana','sans-serif'; mso-bidi-font-family: Arial; color: #3366ff; background: #FDFFF5;\">Estableci\u00f3 como s\u00edmbolo del cristianismo la cruz en lugar del pez y la palmera, o sea puso el arma con que se mat\u00f2 al cuerpo f\u00edsico del Cristo como s\u00edmbolo sagrado. Y as\u00ed fue de ese dia en adelante, s\u00edmbolo de muerte, o si no preg\u00fantenle a los musulmanes que sienten cuando les nombran la palabra cruzada.<span style=\"mso-spacerun: yes;\">\u00a0 <\/span>Con esto se tergivers\u00f3 completamente el mandamiento del Kristo: \u201cQue os ameis<span style=\"mso-spacerun: yes;\">\u00a0 <\/span>los unos a los otros komo do os he amado\u201d. <\/span><\/p>\n<p class=\"MsoNormal\" style=\"margin-left: 35.4pt;\"><span lang=\"ES-TRAD\" style=\"font-size: 10.0pt; line-height: 115%; font-family: 'Verdana','sans-serif'; mso-bidi-font-family: Arial; color: #3366ff; background: #FDFFF5;\">Cambi\u00f2 el orden de los d\u00edas de la semana en el concilio de Nicea que fue el primer concilio en el a\u00f1o 326, siendo el verdadero orden de los d\u00edas lunes (actual domingo), mi\u00e9rcoles (actual lunes), viernes (actual martes), domingo (actual mi\u00e9rcoles), martes (actual jueves), jueves (actual viernes)<span style=\"mso-spacerun: yes;\">\u00a0 <\/span>y s\u00e1bado.<\/span><\/p>\n<p class=\"MsoNormal\" style=\"margin-left: 35.4pt;\"><span lang=\"ES-TRAD\" style=\"font-size: 10.0pt; line-height: 115%; font-family: 'Verdana','sans-serif'; mso-bidi-font-family: Arial; color: #3366ff; background: #FDFFF5;\">Cambi\u00f3 como d\u00eda sagrado de Sabath a domingo, por ser este d\u00eda, seg\u00fan el, consagrado al sol.<\/span><\/p>\n<p class=\"MsoNormal\" style=\"margin-left: 35.4pt;\"><span lang=\"ES-TRAD\" style=\"font-size: 10.0pt; line-height: 115%; font-family: 'Verdana','sans-serif'; mso-bidi-font-family: Arial; color: #3366ff; background: #FDFFF5;\">Cambi\u00f3 el orden de las horas, empez\u00e1ndolas a media noche, cuando en realidad se comienza el d\u00eda desde el inicio de la noche anterior.<span style=\"mso-spacerun: yes;\">\u00a0 <\/span>Recuerda que el Cristo exhalo su aliento a la hora nona, que eran las actuales tres de la tarde.<span style=\"mso-spacerun: yes;\">\u00a0 <\/span>Esto igualmente tiene grandes connotaciones que quiz\u00e1 m\u00e1s adelante podamos conversarlas.<\/span><\/p>\n<p class=\"MsoNormal\" style=\"margin-left: 35.4pt;\"><span lang=\"ES-TRAD\" style=\"font-size: 10.0pt; line-height: 115%; font-family: 'Verdana','sans-serif'; mso-bidi-font-family: Arial; color: #3366ff; background: #FDFFF5;\">Cambi\u00f3 el orden de los meses del a\u00f1o. Siendo en el orden astron\u00f3mico el verdadero primer d\u00eda del a\u00f1o el 23 de marzo, cuando la tierra se alinea con la primera estrella de la constelaci\u00f3n de Aries. En ese entonces no todos los meses ten\u00edan nombre especifico, y algunos eran nombrados con su numero cardinal en el orden que estaba, veamos: Marzo (primero), Abril (segundo) Mayo (tercero) Junio (cuarto) Julio (quinto) Agosto (sexto), y de aqu\u00ed en adelante no ten\u00edan nombre Septiembre (s\u00e9ptimo) Octubre (octavo) Noviembre (noveno ) Diciembre (decimo).<\/span><\/p>\n<p class=\"MsoNormal\" style=\"margin-left: 35.4pt;\"><span lang=\"ES-TRAD\" style=\"font-size: 10.0pt; line-height: 115%; font-family: 'Verdana','sans-serif'; mso-bidi-font-family: Arial; color: #3366ff; background: #FDFFF5;\">Algo grav\u00edsimo, Constantino cambi\u00f3 la fecha del nacimiento del Kristo deliberadamente para celebrar el cumplea\u00f1os de un oscuro personaje llamado Yeus que fue el cuerpo f\u00edsico de Sat\u00e0n, ese fue quien naci\u00f3 el 24 de diciembre del a\u00f1o cero.<span style=\"mso-spacerun: yes;\">\u00a0 <\/span>A los cristianos de ese entonces se les dijo que ese cambio era temporal para que coincidiera con las saturnales que son de nueve d\u00edas y que empiezan el 16 de diciembre y terminan el 24 de diciembre. Y as\u00ed no se molestara el pueblo pagano ( Le dice algo esos nueve d\u00edas?, hoy se llaman novena de aguinaldo).<span style=\"mso-spacerun: yes;\">\u00a0 <\/span>Y cuando naci\u00f3 Jeshua? O Jes\u00f9s como tu lo llamas?, el naci\u00f3 6 a\u00f1os antes, el d\u00eda 27 del primer mes del a\u00f1o, o mes de NISSAN seg\u00fan el pueblo Jud\u00edo que nos da aproximadamente el 18 de abril.<span style=\"mso-spacerun: yes;\">\u00a0 <\/span>Y si ves tiene sentido, pues si observas el relato b\u00edblico de que cuando naci\u00f3 Jesh\u00faa hab\u00eda pastores en los campos acostados mirando las estrellas, claro, pues era primavera, sabes quien sale en la noche en diciembre 24 en Bel\u00e9n?, nadie pues es invierno. El Kristo naci\u00f3 al alba.<\/span><\/p>\n<p class=\"MsoNormal\" style=\"margin-left: 35.4pt;\"><span lang=\"ES-TRAD\" style=\"font-size: 10.0pt; line-height: 115%; font-family: 'Verdana','sans-serif'; mso-bidi-font-family: Arial; color: #3366ff; background: #FDFFF5;\">En s\u00edntesis Constantino, busc\u00f3 establecer una religi\u00f3n de Creencias en un Cristo, o sea adorar un cristo hist\u00f2rico, proliferando la adoraci\u00f3n de im\u00e1genes y la venta de indulgencias que ya venia desde sus origenes y combati\u00f3 con todo aquel principio original de buscar al Kristo dentro de NOS combati\u00f3 el buscar encarnar ese Kristo, y se constituy\u00f3 de forma imperial la iglesia que hasta hoy se llama Cat\u00f3lica, que significa Universal, y para ello mand\u00f3 quemar todos los libros sagrados que hablaran expl\u00edcitamente de ello, y persigui\u00f3 grupos como los gn\u00f3sticos y los escenios y otros <span style=\"mso-spacerun: yes;\">\u00a0<\/span>algunos hasta su extinci\u00f3n.<\/span><\/p>\n<p class=\"MsoNormal\"><span lang=\"ES-TRAD\" style=\"font-size: 10.0pt; line-height: 115%; font-family: 'Verdana','sans-serif'; mso-bidi-font-family: Arial; color: #3366ff; background: #FDFFF5;\"><a href=\"https:\/\/www.joventaoista.org\/wp-content\/uploads\/2014\/02\/VATICANO.jpg\"><img loading=\"lazy\" decoding=\"async\" class=\"wp-image-8256 alignleft\" alt=\"VATICANO\" src=\"https:\/\/www.joventaoista.org\/wp-content\/uploads\/2014\/02\/VATICANO.jpg\" width=\"226\" height=\"338\" srcset=\"https:\/\/www.joventaoista.org\/wp-content\/uploads\/2014\/02\/VATICANO.jpg 470w, https:\/\/www.joventaoista.org\/wp-content\/uploads\/2014\/02\/VATICANO-200x300.jpg 200w\" sizes=\"(max-width: 226px) 100vw, 226px\" \/><\/a>\u201cEs mas peligrosa una verdad a medias que una mentira completa\u201d. Cuan cierto es esto, pues este fue el mecanismo usado por Sat\u00e1n para constituir un cuerpo de sus doctrinas con una fachada de aparente amor.<span style=\"mso-spacerun: yes;\">\u00a0 <\/span>Solo mira hoy las noticias, ver\u00e1s que no hay d\u00eda que no se muestre una lista de curas ped\u00f3filos acusados no de violar a algunos ni\u00f1os sino a decenas y algunas veces centenares. Abre los ojos por favor, mira bien el frente donde vas a dar tus pr\u00f3ximos pasos.<\/span><\/p>\n<p class=\"MsoNormal\"><span lang=\"ES-TRAD\" style=\"font-size: 10.0pt; line-height: 115%; font-family: 'Verdana','sans-serif'; mso-bidi-font-family: Arial; color: #3366ff; background: #FDFFF5;\">Apreciada Claudia Alejandra de F\u00e1tima, nuevamente estoy de acuerdo contigo con aquel decir de que quien no conoce la historia est\u00e1 condenado a repetirla, y te invito a que reflexiones sobre estas aclaraciones que esperamos arrojen luz sobre el manto de oscuridad que el enga\u00f1ador de las almas ha tendido sobre esta pobre humanidad doliente, y aqu\u00ed cito al evangelista<span style=\"mso-spacerun: yes;\">\u00a0 <\/span>Lucas.<\/span><\/p>\n<p class=\"MsoNormal\"><span lang=\"ES-TRAD\" style=\"font-size: 10.0pt; line-height: 115%; font-family: 'Verdana','sans-serif'; mso-bidi-font-family: Arial; color: #3366ff; background: #FDFFF5;\"><span style=\"mso-spacerun: yes;\">\u00a0 <\/span><\/span><span lang=\"ES-TRAD\" style=\"font-size: 10.0pt; line-height: 115%; font-family: 'Arial Rounded MT Bold','sans-serif'; mso-bidi-font-family: Arial; color: #3366ff; background: #FDFFF5;\">Puede el ciego guiar al ciego? No caer\u00e1n ambos en el hoyo? Lucas 6:39<\/span><\/p>\n<p class=\"MsoNormal\"><span lang=\"ES-TRAD\" style=\"font-size: 10.0pt; line-height: 115%; font-family: 'Verdana','sans-serif'; mso-bidi-font-family: Arial; color: #3366ff; background: #FDFFF5;\">Es importante reconocer no obstante que dentro del seno del Catolicismo hubo seres sinceros y aun hoy los hay que han servido a la causa del amor en Kristo, esos seres buenos que han dedicado su vida a sus semejantes se les aplicar\u00e1 aquella m\u00e1xima b\u00edblica:<\/span><\/p>\n<p class=\"MsoNormal\" style=\"margin-left: 35.4pt;\"><span lang=\"ES-TRAD\" style=\"font-size: 10.0pt; line-height: 115%; font-family: 'Arial Rounded MT Bold','sans-serif'; mso-bidi-font-family: Arial; color: #3366ff; background: #FDFFF5;\">La caridad lava m\u00faltiples pecados<\/span><\/p>\n<p class=\"MsoNormal\"><span lang=\"ES-TRAD\" style=\"font-size: 10.0pt; line-height: 115%; font-family: 'Verdana','sans-serif'; mso-bidi-font-family: Arial; color: #3366ff; background: #FDFFF5;\">Aqu\u00ed vuelvo a citar a un Francisco de As\u00eds quien ense\u00f1o a amar al hermano sol, a la hermana agua, al hermano perro y en general a amar a la naturaleza, no a idolatrarla.<span style=\"mso-spacerun: yes;\">\u00a0 <\/span>A Juan XXIII quien cambi\u00f3 radicalmente viejas estructuras en el concilio vaticano segundo haciendo m\u00e1s humana la iglesia, y buscando acercarla a las gentes que sufren, lastima que su legado haya sido perseguido tan ferozmente posteriormente al interior del mismo catolicismo. Pero no nos podemos equivocar, aun quien sinceramente busque a Dios pero apoye o encubra el delito no ser\u00e1 contado como inocente en la hora del juicio. Tal es el caso de Ezequiel Moreno de quien habl\u00e9 previamente, quien fu\u00e9 famoso por sus obras de caridad en la regi\u00f3n de Pasto, Colombia, pero igualmente fue quien engendr\u00f3 en Colombia la costumbre de dar indulgencias por matar gentes que fueran liberales, masones o comunistas. <\/span><\/p>\n<p class=\"MsoNormal\"><span lang=\"ES-TRAD\" style=\"font-size: 10.0pt; line-height: 115%; font-family: 'Verdana','sans-serif'; mso-bidi-font-family: Arial; color: #3366ff; background: #FDFFF5;\"><span style=\"mso-spacerun: yes;\">\u00a0<\/span><span style=\"mso-spacerun: yes;\">\u00a0<\/span>Quiero cerrar este intercambio epistolar con<\/span><span lang=\"ES-TRAD\" style=\"font-size: 10.0pt; line-height: 115%; font-family: 'Verdana','sans-serif'; mso-bidi-font-family: Arial; color: #3366ff; background: #FDFFF5;\">una aseveraci\u00f3n tuya con la cual igualmente estoy de acuerdo:<\/span><\/p>\n<p class=\"MsoNormal\"><span class=\"apple-style-span\"><span lang=\"ES-TRAD\" style=\"font-size: 10.5pt; line-height: 115%; font-family: 'Georgia','serif'; mso-bidi-font-family: Arial; color: green; border: none windowtext 1.0pt; mso-border-alt: none windowtext 0cm; padding: 0cm;\">toda situaci\u00f3n negativa posee otra positiva, por que no ver lo bueno tambi\u00e9n?<\/span><\/span><\/p>\n<p class=\"MsoNormal\"><span lang=\"ES-TRAD\" style=\"font-size: 10.0pt; line-height: 115%; font-family: 'Verdana','sans-serif'; mso-bidi-font-family: Arial; color: #3366ff; background: #FDFFF5;\">Uno debe ir por el camino de la vida cumpliendo aquel mandato Kristico que dice: <\/span><\/p>\n<p class=\"MsoNormal\" style=\"margin-left: 35.4pt;\"><span lang=\"ES-TRAD\" style=\"font-size: 10.0pt; line-height: 115%; font-family: 'Arial Rounded MT Bold','sans-serif'; mso-bidi-font-family: Arial; color: #3366ff; background: #FDFFF5;\">Tomad lo bueno y desechad lo malo. <\/span><\/p>\n<p class=\"MsoNormal\"><span lang=\"ES-TRAD\" style=\"font-size: 10.0pt; line-height: 115%; font-family: 'Verdana','sans-serif'; mso-bidi-font-family: Arial; color: #3366ff; background: #FDFFF5;\">Tu nos cuentas que de<span style=\"mso-spacerun: yes;\">\u00a0 <\/span>monse\u00f1or Escriv\u00e1 de Balaguer aprendiste, que<\/span><span lang=\"ES-TRAD\" style=\"font-size: 10.0pt; line-height: 115%; font-family: 'Arial','sans-serif'; color: #2f7d07; background: #FDFFF5;\">: \u201d <span style=\"mso-spacerun: yes;\">\u00a0<\/span>para ser santos debemos hacer de cada<span class=\"apple-converted-space\">\u00a0<\/span>d\u00eda, de cada acci\u00f3n, de cada ocupaci\u00f3n por mas humilde que parezca, un acto de amor y de alabanza a nuestro creador. Sirviendo al otro, no siendo indiferentes al dolor ajeno. en el hogar, siendo buen ejemplo demostrando a ese dios que vive en nosotros am\u00e1ndolo de tal forma que nos llena de amor para compartirlo a los demas.<span class=\"apple-converted-space\">\u00a0\u201c<\/span><\/span><\/p>\n<p class=\"MsoNormal\"><span lang=\"ES-TRAD\" style=\"font-size: 10.0pt; line-height: 115%; font-family: 'Verdana','sans-serif'; mso-bidi-font-family: Arial; color: #3366ff; background: #FDFFF5;\">Magnifico, aplicar esto en la vida, que sea carne y sangre, tomemoslo si es bueno y apliquemoslo a nuestras vidas,<span style=\"mso-spacerun: yes;\">\u00a0 <\/span>recordando igualmente otro mandato Kristico, que dice:<\/span><\/p>\n<p class=\"MsoNormal\" style=\"margin-left: 35.4pt;\"><span lang=\"ES-TRAD\" style=\"font-size: 10.0pt; line-height: 115%; font-family: 'Arial Rounded MT Bold','sans-serif'; mso-bidi-font-family: Arial; color: #3366ff; background: #FDFFF5;\">haced lo que dicen, mas no lo que hacen,<span style=\"mso-spacerun: yes;\">\u00a0 <\/span><\/span><\/p>\n<p class=\"MsoNormal\"><span lang=\"ES-TRAD\" style=\"font-size: 10.0pt; line-height: 115%; font-family: 'Verdana','sans-serif'; mso-bidi-font-family: Arial; color: #3366ff; background: #FDFFF5;\">Te confieso que para m\u00ed<span style=\"mso-spacerun: yes;\">\u00a0 <\/span>es dif\u00edcil asimilar que Monse\u00f1or Escriv\u00e1 haya cumplido con estos bellos mandatos, cuando era quien le hablaba al o\u00eddo al general\u00edsimo Franco quien masacr\u00f3 la ciudad de Guernica donde Hitler estren\u00f3 su aviaci\u00f3n matando miles de mujeres ni\u00f1os hombres, y aun sacerdotes cat\u00f3licos que estaban junto al pueblo. Hoy, 75 a\u00f1os despu\u00e9s aun las heridas de los asesinatos de Franco no sanan. M\u00e1s aun, sabias que una falange espa\u00f1ola particip\u00f3 al lado de Hitler en la invasi\u00f3n a la Union Sovietica?. Ciertamente un consejero de amor con tanto ascendro como lo ten\u00eda Escriv\u00e1 sobre Franco<span style=\"mso-spacerun: yes;\">\u00a0 <\/span>no le hubiese permitido efectuar tantos asesinatos y tanta crueldad.<\/span><\/p>\n<p class=\"MsoNormal\"><span lang=\"ES-TRAD\" style=\"font-size: 10.0pt; line-height: 115%; font-family: 'Verdana','sans-serif'; mso-bidi-font-family: Arial; color: #3366ff; background: #FDFFF5;\">Feliz Dia mi buena <span style=\"mso-spacerun: yes;\">\u00a0<\/span>Claudia Alejandra de F\u00e1tima y ojal\u00e1 que alg\u00fan d\u00eda el sendero de la vida nos pueda llevar a participar a\u00fan m\u00e1s en este debate de sabidur\u00eda y luz.<\/span><\/p>\n<p class=\"MsoNormal\"><span lang=\"ES-TRAD\" style=\"font-size: 10.0pt; line-height: 115%; font-family: 'Verdana','sans-serif'; mso-bidi-font-family: Arial; color: #3366ff; background: #FDFFF5;\">PAZ<span style=\"mso-spacerun: yes;\">\u00a0 <\/span>Y LUZ<\/span><\/p>\n<p class=\"MsoNormal\" style=\"text-align: center;\" align=\"center\"><span lang=\"ES-TRAD\" style=\"font-size: 14.0pt; line-height: 115%; font-family: 'Verdana','sans-serif'; mso-bidi-font-family: Arial; color: #3366ff; background: #FDFFF5;\">DRAGON FOHATKIEL<\/span><\/p>\n","protected":false},"excerpt":{"rendered":"<p>Estimados lectores \u00a0en esta siclo de post \u00a0referentes \u00a0a las verdades \u00a0y las mentiras de la \u00a0iglesia\u00a0Cat\u00f3lica\u00a0hemos \u00a0presenciado un\u00a0esclarecedor\u00a0dialogo donde \u00a0hemos vislumbrado la real y certera\u00a0profec\u00eda\u00a0\u00a0apocal\u00edptica cayendo en la ciudad \u00a0del vaticano y en su basto imperio de \u00a0enga\u00f1o, tortura y muerte; que \u00a0hoy se desmorona \u00a0ante los ojos \u00a0de los incautos \u00a0que\u00a0\u00a0\u00a0aun desean sostener [&hellip;]<\/p>\n","protected":false},"author":6,"featured_media":8207,"comment_status":"open","ping_status":"open","sticky":false,"template":"","format":"standard","meta":{"_et_pb_use_builder":"","_et_pb_old_content":"","_et_gb_content_width":"","footnotes":""},"categories":[106,471,815],"tags":[781,789,783,786,784,791,787,790,832],"class_list":["post-8251","post","type-post","status-publish","format-standard","has-post-thumbnail","hentry","category-konspiracion-eo","category-legido-del-konosisierto","category-savios-eo","tag-corrupcion","tag-el-opus-dei","tag-gay","tag-gran-ramera","tag-homosexualismo","tag-la-prelatura-apostolica","tag-pedofilia","tag-sacerdotes-catolicos","tag-san-ezequiel-moreno"],"_links":{"self":[{"href":"https:\/\/www.joventaoista.org\/eo\/wp-json\/wp\/v2\/posts\/8251","targetHints":{"allow":["GET"]}}],"collection":[{"href":"https:\/\/www.joventaoista.org\/eo\/wp-json\/wp\/v2\/posts"}],"about":[{"href":"https:\/\/www.joventaoista.org\/eo\/wp-json\/wp\/v2\/types\/post"}],"author":[{"embeddable":true,"href":"https:\/\/www.joventaoista.org\/eo\/wp-json\/wp\/v2\/users\/6"}],"replies":[{"embeddable":true,"href":"https:\/\/www.joventaoista.org\/eo\/wp-json\/wp\/v2\/comments?post=8251"}],"version-history":[{"count":0,"href":"https:\/\/www.joventaoista.org\/eo\/wp-json\/wp\/v2\/posts\/8251\/revisions"}],"wp:featuredmedia":[{"embeddable":true,"href":"https:\/\/www.joventaoista.org\/eo\/wp-json\/wp\/v2\/media\/8207"}],"wp:attachment":[{"href":"https:\/\/www.joventaoista.org\/eo\/wp-json\/wp\/v2\/media?parent=8251"}],"wp:term":[{"taxonomy":"category","embeddable":true,"href":"https:\/\/www.joventaoista.org\/eo\/wp-json\/wp\/v2\/categories?post=8251"},{"taxonomy":"post_tag","embeddable":true,"href":"https:\/\/www.joventaoista.org\/eo\/wp-json\/wp\/v2\/tags?post=8251"}],"curies":[{"name":"wp","href":"https:\/\/api.w.org\/{rel}","templated":true}]}}