{"id":8266,"date":"2014-02-25T00:47:54","date_gmt":"2014-02-25T00:47:54","guid":{"rendered":"https:\/\/www.joventaoista.org\/?p=8266"},"modified":"2014-07-17T21:23:48","modified_gmt":"2014-07-17T21:23:48","slug":"el-opus-dei-la-organzacion-de-la-muerte-8","status":"publish","type":"post","link":"https:\/\/www.joventaoista.org\/eo\/el-opus-dei-la-organzacion-de-la-muerte-8\/","title":{"rendered":"el Opus Dei la Organzaci\u00f3n de la muerte, 8."},"content":{"rendered":"<p><span class=\"Apple-style-span\" style=\"line-height: 39px;\"><b style=\"mso-bidi-font-weight: normal;\"><span lang=\"ES-AR\" style=\"font-size: 14.0pt; mso-bidi-font-size: 10.0pt; font-family: 'Tahoma','sans-serif'; color: #ff6600;\">Dise la Drag\u00f3n Sastil:<\/span><\/b><\/span><\/p>\n<p><span style=\"color: #008000;\">Vuen d\u00eda, Vuen Dinero i Vuena salud Veneravles se\u00f1ores Regentes, Dioses i Diosas kon viteria sovre esta esfera, gran saludo a los l\u00edderes del Levantasierto Juvenil Tao, grat\u00edsimas por la gran lavor ke d\u00eda a d\u00eda vienen realisando kon las Juventudes de este puevlo i de la esfera en general. Pada mi es un honor ser porsel de este gran puevlo Tao Judio de Verdad i agradesko d\u00eda a d\u00eda a D\u00ceOS kreador de todo kuanto eksiste darme la oportuvidad en este retorno de entrar en estos kamigdus i konoser estas grandes ense\u00f1ansas i Doktrinas ke solo vuskan sakarnos de la ignorancia, de la enferledad, del dolor i de la muerte ke por siglos nos vienen azotando en manos de los poderes oscuros y sat\u00e1nicos que han gobernado y gobiernan este planeta c\u00e1rcel llamado tierra. En esta oportuvidad kiero ekspresar mi mayor gratitud i reverensias al gran Maestre JA KELIUM ZEUS INDUZEUS i al Veneravle Maestro SAMAEL JOAV BATHOR WEOR por venir a esta esfera a entregar el mensaje salvador a una humanidad dormida i alejada de D\u00ceOS, kienes sakrifikaron sus vidas por kada uno de nos, kreyentes i no kreyentes de sus palavras, empero aun as\u00ed, dejaron un gran legado ke es i ser\u00e1 la gran antorsha ke ilumina e iluminara las almas de todos akellos i akellas ke de verdad keremos ser verdaderos hijos e hijas de D\u00ceOS, kumplidores de sus palabras i ke vuskamos ser kada dia mejores. Respetados seres Tao\u00edstas i no Tao\u00edstas llego el mosierto de ke kada uno de nos aktivemos la lus divinal ke por vondad de D\u00ceOS desde ke fuimos kreados komo shispas divinas llevamos dentro, lus ke nos mostrara el verdadero kamigdu pad\u00e1 llegar a D\u00ceOS i en uni\u00f3n kon el ayudar a la gran Ovra salvadora de humanidades, esferas, sistemas solares, kosmos, universos i todo lo ke hay mas all\u00e1 i ke nuestra mentes limitadas no alkansamos a vislumvrar.<\/span><\/p>\n<p><a href=\"https:\/\/www.joventaoista.org\/wp-content\/uploads\/2013\/05\/1.jpg\"><img loading=\"lazy\" decoding=\"async\" class=\"wp-image-5559 aligncenter\" alt=\"1\" src=\"https:\/\/www.joventaoista.org\/wp-content\/uploads\/2013\/05\/1.jpg\" width=\"276\" height=\"173\" srcset=\"https:\/\/www.joventaoista.org\/wp-content\/uploads\/2013\/05\/1.jpg 460w, https:\/\/www.joventaoista.org\/wp-content\/uploads\/2013\/05\/1-300x187.jpg 300w\" sizes=\"(max-width: 276px) 100vw, 276px\" \/><\/a><\/p>\n<p>&nbsp;<\/p>\n<p><span style=\"color: #008000;\">Mi llamado es pad\u00e1 ke komo uno solo hagamos karne i sangre estas sakras ense\u00f1ansas, pad\u00e1 ke nuestra energ\u00eda genetika sea kada d\u00eda mas limpia i \u00fatil a D\u00ceOS i a su gran Ovra. Adelante guerreros del Puevlo de D\u00ceOS, kumplamos los mandatos de nuestros se\u00f1ores los Helohims, kienes por su gran amor i vondad han llegado a esta esfera, lo dem\u00e1s llegara por a\u00f1adidura i la justisia de D\u00ceOS no se har\u00e1 esperar en el mosierto oportuno. Sin desfallecer entreguemos este mensaje a kuantos se nos aserken as\u00ed en apariensia no lo entiendan o lo menosprecien ke ya llegara el mosierto en ke deskuvriran ke este es el sendero ke hay ke transitar pad\u00e1 lograr la verdadera kristifikasel, liverasel i salvasel, ke konsiente e inkonsiente inti todos estamos vuskando. Mis Veneravles se\u00f1ores komo siempre lo he ekspresado kada d\u00eda amo mas estas ense\u00f1ansas i a vuestras mersedes, donde kiera ke do vaya las entregare pad\u00e1 ke sean mushos los ke tamvien resivan todas las grandes vondades ke hay kuando se pratikan i viven de verdad estas sakras Doktrinas Tao Jud\u00edas. Ojala tenga el honor de ke mis palavras lleguen a vuestra mersedes, a mi amado Puevlo i al puvliko en general.<\/span><\/p>\n<p><span style=\"color: #008000;\">Kon gran respeto i gratitud.<\/span><br \/>\n<span style=\"color: #008000;\">Sastil.<\/span><\/p>\n<p><span class=\"Apple-style-span\" style=\"line-height: normal;\"><strong><span lang=\"ES-AR\" style=\"font-size: 14.0pt; font-family: 'Tahoma','sans-serif'; color: #555555; background: #F9F9F9;\"><span style=\"color: #ff6600;\">Dise Reporteros del Cambio:<\/span><\/span><\/strong><\/span><\/p>\n<p style=\"margin: 0cm; margin-bottom: .0001pt; background: #F9F9F9;\"><span lang=\"ES-AR\" style=\"font-size: 14.0pt; font-family: 'Tahoma','sans-serif'; color: #333333;\"><span style=\"color: #3366ff;\">Un saludo Veneravles Regentes y Helohims. Esperamos su salud y su Vendisel<\/span><br \/>\n<span style=\"color: #3366ff;\"> Vuestros servidores, vuestros hijos, vuestros siervos; Agradezco la lus del Sol, el Agua, el Aire y todos los Elesiertos que nos dispones pad\u00e1 eksperisiertar esta hermosa vida.<\/span><br \/>\n<span style=\"color: #3366ff;\"> Hoy deseo dar un saludo a la hermana Claudia Alejandra de F\u00e1tima, pues es mu\u00ed agradable contar con su asistencia a este espacio de sabidur\u00eda.<\/span><br \/>\n<span style=\"color: #3366ff;\"> Y quiero decirle as\u00ed; al Jud\u00edo primeramente y tambi\u00e9n al Griego.<\/span><br \/>\n<span style=\"color: #3366ff;\"> \u201cPorque no hay diferencia de Jud\u00edo y de Griego: porque el mismo que es Se\u00f1or de todos, rico es para con todos los que le invocan\u201d. Y siendo preciso \u00e9xodo 20 es claro y no dice si quieres guardar los mandasiertos o mandamientos. M\u00ed querida Alejandra: es cierto que en derecho se dice, todo lo que diga puede ir en su contra. Le digo que su tratado es muy disiente y genera una visi\u00f3n clara de las contradicciones que usted muestra, pues dice hacer un llamado a la libertad y a la responsabilidad, exponiendo la observancia de los mandasiertos o mandamientos, y en forma descuidada o intencional dice: siguiendo el pecado. Mostrando que eso es lo que se debe seguir: el pecado. Y no dice siguiendo la verdad o lo bueno. Luego habla de la sabidur\u00eda cristiana, no seg\u00fan el mundo, sino seg\u00fan D\u00ceOS, como la \u00fanica sabidur\u00eda; mas defiende el mundo papal, un humano y no D\u00ceOS.<\/span><br \/>\n<span style=\"color: #3366ff;\"> Luego dice: sobre el serm\u00f3n del monte supuestamente que Kristo est\u00e1 en contra del legalismo, habiendo iniciado con una observancia de los mandasiertos o mandamientos y acusando a Kristo de promover la ilegalidad de la ley; lo que es grave en derecho y en teolog\u00eda.<\/span><br \/>\n<span style=\"color: #3366ff;\"> Siendo usted abogada deja reflejar lo que usted har\u00eda con un debate de derecho, lo que sus colegas hacen en todo el mundo: juegan con la ley e interpretan la ley en su propio beneficio y no en favor de la verdad, acomodando a conveniencia los art\u00edculos de la ley.<\/span><br \/>\n<span style=\"color: #3366ff;\"> Qu\u00e9 tal si recibiera un caso de abuso sexual a menor de edad por un prelado cat\u00f3lico, \u00bfc\u00f3mo lo asumir\u00eda? si su filosof\u00eda est\u00e1 en contra del legalismo al igual que la iglesia cat\u00f3lica. \u00bfCu\u00e1l y con qui\u00e9n har\u00eda la caridad? Con la v\u00edctima o con el victimario?<\/span><br \/>\n<span style=\"color: #3366ff;\"> Imaginemos por un momento cu\u00e1l es la intenci\u00f3n del ilegalismo o la ilegalidad y definamos en derecho \u00bfqu\u00e9 sugiere el tratado que usted emite? Esperamos su intervenci\u00f3n sobre este tema.<\/span><br \/>\n<span style=\"color: #3366ff;\"> <a href=\"https:\/\/www.joventaoista.org\/wp-content\/uploads\/2014\/02\/cierren-el-vaticano.jpg\"><img loading=\"lazy\" decoding=\"async\" class=\"size-full wp-image-8093 alignright\" alt=\"cierren el  vaticano\" src=\"https:\/\/www.joventaoista.org\/wp-content\/uploads\/2014\/02\/cierren-el-vaticano.jpg\" width=\"238\" height=\"212\" \/><\/a>\u00bfCu\u00e1les ser\u00edan la diferencias individuales? si en derecho uno, es el victimario y el otro, la v\u00edctima, de una individualidad. \u00bfQu\u00e9 sugerir\u00eda en tal caso? Si en verdad es abogada, \u00bfC\u00f3mo resolver\u00eda estas irregularidades e inconsistencias?<\/span><br \/>\n<span style=\"color: #3366ff;\"> Usted dice: somos esa Iglesia peregrina que \u00e9l fund\u00f3, pueblo que camina sin cesar a trav\u00e9s de los siglos, entre cansancios, vej\u00e1menes, se\u00f1alamientos, aunque la noche y las tinieblas que nos envuelvan sean densas. Luego aludiendo que Kristo les salvar\u00e1 a\u00fan con todo esto. Lo cual en derecho muestra a las claras que a\u00fan siendo delincuente ser\u00e1 salvo. Desmintiendo la ley y los profetas. Sin embargo el mismo Pablo que usted menciona dice en Corintios 6: 9,10: no sab\u00e9is que los injustos no poseer\u00e1n el reino de D\u00ceOS? no err\u00e9is que ni los fornicarios, ni los id\u00f3latras, ni los ad\u00falteros, ni los afeminados, ni los que se echan con varones, ni los ladrones, ni los maldicientes, ni los robadores, heredar\u00e1n el reino de D\u00ceOS; y en el 6; 12 de Corintios dijo: todas las cosas me son l\u00edcitas mas no todas convienen. Y esto solo es un porcentaje de la ley; la que usted enveses niega y otras veces aplica.<\/span><br \/>\n<span style=\"color: #3366ff;\"> Miremos lo siguiente; dice que a nadie D\u00ceOS le dio derecho de pecar, en derecho esto dice que no se tiene libre albedr\u00edo y acusa a D\u00ceOS de someternos a su voluntad sin dejarnos elegir, y luego prosigue diciendo NI DE \u201cJUZGAR PREJUZGAR, SOJUZGAR, empero miremos que de nuevo se contradice en su tratado, pues inicialmente juzg\u00f3 a los Regentes, y en esta vez juzg\u00f3 a el mismo D\u00ceOS y a Kristo diciendo: que Kristo promueve la ilegalidad y que no observa la ley. Y a D\u00ceOS de no permitir derecho a pecar, ni a juzgar. Lo cual en derecho dice que se debe callar ante lo malo y aun ante lo bueno; aclarando un dicho com\u00fan que dice juzgue si esto sea bueno o malo, y usted como hace referencia en su tratado sobre los secretos, aludiendo que <a href=\"https:\/\/www.joventaoista.org\/wp-content\/uploads\/2014\/02\/pederastia.jpg\"><img loading=\"lazy\" decoding=\"async\" class=\"wp-image-7951 alignleft\" alt=\"pederastia\" src=\"https:\/\/www.joventaoista.org\/wp-content\/uploads\/2014\/02\/pederastia.jpg\" width=\"300\" height=\"169\" srcset=\"https:\/\/www.joventaoista.org\/wp-content\/uploads\/2014\/02\/pederastia.jpg 500w, https:\/\/www.joventaoista.org\/wp-content\/uploads\/2014\/02\/pederastia-300x168.jpg 300w\" sizes=\"(max-width: 300px) 100vw, 300px\" \/><\/a>se debe callar y no hacer nada solo Orar y esperar que los victimarios acaben con las v\u00edctimas. En esto tan mal sigue acusando y juzgando a los Helohims y a los Regentes, en una forma muy sutil haciendo creer que al igual que ellos sigue la verdad.<\/span><br \/>\n<span style=\"color: #3366ff;\"> Hace creer que es un simple comentario, pero que en derecho existen muchas artima\u00f1as para decir las cosas a conveniencia, y en esto demuestra su inconformismo sobre el decir siempre la verdad, pues a la claridad no desea que se divulgue, y s\u00e9pase que el mundo hiede como usted lo juzga por causa de no divulgar la verdad y estar de acuerdo con la mentira, el enga\u00f1o y toda la delincuencia, que se puede demostrar gracias a la ley con la que toda una abogada muestra estar inconforme. Adem\u00e1s los que la hacen heder son los que usted inici\u00f3 defendiendo.<\/span><br \/>\n<span style=\"color: #3366ff;\"> Prosiguiendo, vuelve y aduce el serm\u00f3n del monte, a Kristo y a la ley. La que le parece ilegal, y menciona a quien cambie la ley. Luego refiere a los escribas y fariseos compar\u00e1ndolos con los Tao Jud\u00edos de Verdad en una sutileza leguleya e introduciendo una verdad a medias. Como usted s\u00ed acusa sobre las verdades que los Tao\u00edstas hablamos de los ped\u00f3filos del vaticano, e indica sobre el enojo con el hermano y el juicio que acarrea, cual amenaza y sentencia, utilizando la ley y sus art\u00edcudos o art\u00edculos, que en forma desmedida son incompletos, v\u00e9ase las sagradas escrituras y hallar\u00e1 la verdad, que lo escribi\u00f3 incompleto, s\u00f3lo lo utiliz\u00f3 a conveniencia, debiendo recordar el verso que dice: Tu pues, que ense\u00f1as \u00e1 otro, \u00bfNo te ense\u00f1as a ti mismo? \u00bfT\u00fa que predicas que no se ha de hurtar, hurtas? Etc.<\/span><br \/>\n<span style=\"color: #3366ff;\"> Pues diciendo que no se ha de juzgar, est\u00e1 juzgando a los Helohims y a los Regentes del pueblo Tao Jud\u00edo de Verdad, y los emplaza con esa observancia al tribual, al fuego del infierno, y a no poder dar ofrenda agradable a D\u00ceOS.<\/span><\/span><\/p>\n<p style=\"margin: 0cm; margin-bottom: .0001pt; background: #F9F9F9;\"><span lang=\"ES-AR\" style=\"font-size: 14.0pt; font-family: 'Tahoma','sans-serif'; color: #333333;\"><span style=\"color: #3366ff;\">Prosigo diciendo: que en su tratado muestra que el reino de D\u00ceOS no ha llegado y no lo ha visto; quiz\u00e1 por ello sigue las sotanas oscuras.<\/span><br \/>\n<span style=\"color: #3366ff;\"> Su menci\u00f3n incr\u00e9dula e indiferente a la fe, \u00bfa qui\u00e9n se refiere?, \u00bfa los que creen ser de la fe o a los que no creen en la ilegalidad?<\/span><br \/>\n<span style=\"color: #3366ff;\"> C\u00f3mo est\u00e1 su postulado de oraci\u00f3n si con D\u00ceOS o con los que han sido INFIELES a la Doctrina dejada por Cristo, y con los que se van a fornicar con Satan\u00e1s siendo ad\u00falteros de aquella Iglesia.<\/span><br \/>\n<span style=\"color: #3366ff;\"> Los \u201cperversos cardenales y obispos se visten de rojo\u201d por su significaci\u00f3n\u2026<\/span><br \/>\n<span style=\"color: #3366ff;\"> <a href=\"https:\/\/www.joventaoista.org\/wp-content\/uploads\/2014\/02\/Gran-Ramera.jpg\"><img loading=\"lazy\" decoding=\"async\" class=\"wp-image-8203 alignright\" alt=\"Gran Ramera\" src=\"https:\/\/www.joventaoista.org\/wp-content\/uploads\/2014\/02\/Gran-Ramera.jpg\" width=\"262\" height=\"197\" srcset=\"https:\/\/www.joventaoista.org\/wp-content\/uploads\/2014\/02\/Gran-Ramera.jpg 728w, https:\/\/www.joventaoista.org\/wp-content\/uploads\/2014\/02\/Gran-Ramera-600x450.jpg 600w, https:\/\/www.joventaoista.org\/wp-content\/uploads\/2014\/02\/Gran-Ramera-300x225.jpg 300w\" sizes=\"(max-width: 262px) 100vw, 262px\" \/><\/a>En derecho usted hace ver este fragmento, mas a la ley y la verdad el rojo es utilizado, sexualmente para atraer la paci\u00f3n, la lujuria, etc.<\/span><br \/>\n<span style=\"color: #3366ff;\"> En la guerra; para dar el s\u00edmbolo de ella misma, sangre derramada, as\u00ed como usted dice, sangre que cubre a la humanidad flagelada por las guerras, en la que los prelados cat\u00f3licos bendicen o mejor maldicen las armas que hacen ondear las banderas rojas de la guerra.<\/span><br \/>\n<span style=\"color: #3366ff;\"> En el cuerpo; denota el color de la sangre vertida, pues de estar adentro, su color no es rojo. Y en aras de la verdad el rojo es el color del pecado y en ello JEHOV\u00c1 dice o hace referencia al rojo y a la blanca lana. Isa\u00edas 1,18 lo cual demuestra lo dicho en Apocalipsis sobre el vestido rojo. Y mucho m\u00e1s habr\u00eda por decirle.<\/span><br \/>\n<span style=\"color: #3366ff;\"> Os digo que el martirio f\u00edsico es una pr\u00e1ctica expl\u00edcita de un brazo oscuro de la iglesia cat\u00f3lica y eso es un delito como lo practican pues es suicidio.<\/span><br \/>\n<span style=\"color: #3366ff;\"> El sello de la sangre derramada, es la muerte; pues la sangre derramada no es vida. Y con ello solo quieren grabar en la mente humana, la muerte del salvador, y hacer \u00e9nfasis en la muerte. M\u00e1s no en la vida, cual debiese ser.<\/span><br \/>\n<span style=\"color: #3366ff;\"> Bien, un saludo hermana Alejandra, creo que usted es inteligente y por ello seguir\u00e1 el debate p\u00fablico, seguir\u00e1 la observancia de las sagradas escrituras, y de la sabidur\u00eda.<\/span><br \/>\n<span style=\"color: #3366ff;\"> Espero no sienta mi mensaje como una enemistad y me lance al infierno del fuego, pues en derecho ha hablado usted as\u00ed como yo tambi\u00e9n he hablado, y a\u00fan que no practico mucho esta profesi\u00f3n, creo que el gremio por lo mas, los mejores de ellos, no est\u00e1n de acuerdo con su interpretaci\u00f3n de la ley. Pues deja mucho que decir, y denota un reflejo de impunidad.<\/span><br \/>\n<span style=\"color: #3366ff;\"> Que dir\u00e1n, los que necesitan, la caridad, de ser defendidos por una abogada que no cree en la ley y asegura que es mejor la ilegalidad e interpreta que Kristo es el proclamador de esa irregularidad. Creo que si necesitara su caridad de abogada, no la utilizar\u00eda, pues ser\u00eda perdido y quedar\u00eda impune el delincuente. Pues con s\u00f3lo Oraciones y Fe sin obras, como usted propone no ser\u00eda defendido y perder\u00eda mi reclamaci\u00f3n.<\/span><br \/>\n<span style=\"color: #3366ff;\"> Le recuerdo que el escudri\u00f1ar la escritura no es a conveniencia ni por pedazos cual abogado corrupto con los c\u00f3digos y la legislaci\u00f3n.<\/span><br \/>\n<span style=\"color: #3366ff;\"> Le quiero precisar que observe las sagradas escrituras y le dejo esta ubicaci\u00f3n del c\u00f3digo del cosmos la Biblia; c\u00f3digos de a quien m\u00e1s le cree usted: su amado Pablo:<\/span><br \/>\n<span style=\"color: #3366ff;\"> Primera ep\u00edstola a los romanos, o sea a roma la iglesia cat\u00f3lica. Memoradio 1 con observancia es sus versos 15,16,18,21,22,23,24,25,26,27,28,29,30,31,32.<\/span><br \/>\n<span style=\"color: #3366ff;\"> Si es posible sea le\u00eddo este memoradio o capitulo, con sus versos en observancia.<\/span><br \/>\n<span style=\"color: #3366ff;\"> Y le recuerdo, que le estimamos y esperamos que siga en este espacio dando sus comentarios, lo importante es la observancia de todo. Para o pad\u00e1 saber de qu\u00e9 orientaci\u00f3n o desorientaci\u00f3n est\u00e1, si de los defensores del bien o de los ilegales que defienden el mal.<\/span><br \/>\n<span style=\"color: #3366ff;\"> Hasta pronto; un saludo a todos los valientes l\u00edderes y juventudes pad\u00e1 los cuales sea la Lus y la Verdad del Vervo Kristo Miguel.<\/span><\/span><\/p>\n<p style=\"margin: 0cm; margin-bottom: .0001pt; background: #F9F9F9;\"><span lang=\"ES-AR\" style=\"font-size: 14.0pt; font-family: 'Tahoma','sans-serif'; color: #333333;\">\u00a0<\/span><\/p>\n<p style=\"text-align: center;\"><img loading=\"lazy\" decoding=\"async\" class=\"wp-image-8267 aligncenter\" alt=\"salon_8\" src=\"https:\/\/www.joventaoista.org\/wp-content\/uploads\/2014\/02\/salon_8.jpg\" width=\"274\" height=\"188\" srcset=\"https:\/\/www.joventaoista.org\/wp-content\/uploads\/2014\/02\/salon_8.jpg 651w, https:\/\/www.joventaoista.org\/wp-content\/uploads\/2014\/02\/salon_8-600x414.jpg 600w, https:\/\/www.joventaoista.org\/wp-content\/uploads\/2014\/02\/salon_8-300x206.jpg 300w\" sizes=\"(max-width: 274px) 100vw, 274px\" \/><\/p>\n<p><b style=\"mso-bidi-font-weight: normal;\"><span lang=\"ES-AR\" style=\"font-size: 14.0pt; font-family: 'Tahoma','sans-serif'; color: #333333;\"><span style=\"color: #ff6600;\">Dice el Maestro Kininkero<\/span><\/span><\/b><\/p>\n<p style=\"margin: 0cm; margin-bottom: .0001pt; background: #F9F9F9;\"><span lang=\"ES-AR\" style=\"font-size: 14.0pt; font-family: 'Tahoma','sans-serif'; color: #333333;\"><span style=\"color: #008000;\">Buenos d\u00edas:<\/span><br \/>\n<span style=\"color: #008000;\"> Respecto a lo que dice la se\u00f1ora F\u00e1tima, me gustar\u00eda a\u00f1adir lo siguiente:<\/span><br \/>\n<span style=\"color: #008000;\">1. Si bien es cierto que dentro de la iglesia cat\u00f3lica existen y han existido gente buena, la instituci\u00f3n en s\u00ed misma es corrupta, porque no se hizo con fines filos\u00f3ficos o religiosos, sino pol\u00edticos.<\/span><br \/>\n<span style=\"color: #008000;\"> 2. Los mismos que mataron a Cristo (los romanos) fundaron en Roma, luego de un concilio en el siglo tercero, la Iglesia Cat\u00f3lica. Esta iglesia hizo una mezcla de rituales paganos romanos con algo de las ense\u00f1anzas de el Salvador y de los Ap\u00f3stoles.<\/span><br \/>\n<span style=\"color: #008000;\"> 3. Prueba del origen pagano de esta religi\u00f3n, inventada por fines pol\u00edticos, est\u00e1 en la celebraci\u00f3n de carnavales, misas, navidades, etc., rituales que nunca fueron mencionados por Jes\u00fas, ni est\u00e1n escritos en las sagradas escrituras.<\/span><br \/>\n<span style=\"color: #008000;\"> 4. Por los mismos fines pol\u00edticos, se le quito el car\u00e1cter m\u00edstico\/filos\u00f3fico a la Biblia y se le dio un toque m\u00e1s superficial para as\u00ed dominar m\u00e1s f\u00e1cilmente a las masas.<\/span><br \/>\n<span style=\"color: #008000;\"> 5. La iglesia en su af\u00e1n de dominio en la Edad Media instituyo la Inquisici\u00f3n y mantuvo a Europa en la obscuridad por muchos siglos, hasta que vino Martin Lutero, con la reforma Protestante.<\/span><br \/>\n<span style=\"color: #008000;\"> 6. En Am\u00e9rica durante la conquista espa\u00f1ola, la iglesia fue el brazo financiero de la corona. Siendo responsable del aniquilamiento de millones de Ind\u00edgenas y de la muerte de civilizaciones absolutamente grandes como los Mayas, Aztecas e Incas.<\/span><br \/>\n<span style=\"color: #008000;\"> 7. Le felicito por la convicci\u00f3n que tiene, y le invito a que siga los pasos de la Madre Teresa de Calcuta, de San Francisco de As\u00eds y, ojala del mismo Cristo. Y pueda dedicar su vida a laborar por el bien y el crecimiento de la humanidad.<\/span><\/span><\/p>\n<p><span lang=\"ES-AR\" style=\"font-size: 14.0pt; font-family: 'Tahoma','sans-serif'; color: #333333;\"><span style=\"color: #008000;\">Con mucho respeto,<\/span><br \/>\n<span style=\"color: #008000;\"> M. Kininkero.<\/span><\/span><\/p>\n<p><a href=\"https:\/\/www.joventaoista.org\/wp-content\/uploads\/2014\/02\/cae-la-ramera-apocalitica2.jpg\"><img loading=\"lazy\" decoding=\"async\" class=\"wp-image-8217 aligncenter\" alt=\"cae  la ramera  apocalitica2\" src=\"https:\/\/www.joventaoista.org\/wp-content\/uploads\/2014\/02\/cae-la-ramera-apocalitica2.jpg\" width=\"431\" height=\"256\" srcset=\"https:\/\/www.joventaoista.org\/wp-content\/uploads\/2014\/02\/cae-la-ramera-apocalitica2.jpg 539w, https:\/\/www.joventaoista.org\/wp-content\/uploads\/2014\/02\/cae-la-ramera-apocalitica2-300x178.jpg 300w\" sizes=\"(max-width: 431px) 100vw, 431px\" \/><\/a><\/p>\n<p align=\"center\"><iframe loading=\"lazy\" src=\"\/\/www.youtube.com\/embed\/qaNkMcTw4ME\" height=\"315\" width=\"560\" allowfullscreen=\"\" frameborder=\"0\"><\/iframe><\/p>\n<p align=\"center\"><iframe loading=\"lazy\" src=\"\/\/www.youtube.com\/embed\/qaNkMcTw4ME\" height=\"315\" width=\"560\" allowfullscreen=\"\" frameborder=\"0\"><\/iframe><\/p>\n","protected":false},"excerpt":{"rendered":"<p>Dise la Drag\u00f3n Sastil: Vuen d\u00eda, Vuen Dinero i Vuena salud Veneravles se\u00f1ores Regentes, Dioses i Diosas kon viteria sovre esta esfera, gran saludo a los l\u00edderes del Levantasierto Juvenil Tao, grat\u00edsimas por la gran lavor ke d\u00eda a d\u00eda vienen realisando kon las Juventudes de este puevlo i de la esfera en general. Pada [&hellip;]<\/p>\n","protected":false},"author":6,"featured_media":8132,"comment_status":"open","ping_status":"open","sticky":false,"template":"","format":"standard","meta":{"_et_pb_use_builder":"","_et_pb_old_content":"","_et_gb_content_width":"","footnotes":""},"categories":[95,106,459],"tags":[781,789,783,786,784,791,836,790,782],"class_list":["post-8266","post","type-post","status-publish","format-standard","has-post-thumbnail","hentry","category-blog-eo","category-konspiracion-eo","category-legidos-aktividades","tag-corrupcion","tag-el-opus-dei","tag-gay","tag-gran-ramera","tag-homosexualismo","tag-la-prelatura-apostolica","tag-pedofilia-pederasta","tag-sacerdotes-catolicos","tag-violaciones"],"_links":{"self":[{"href":"https:\/\/www.joventaoista.org\/eo\/wp-json\/wp\/v2\/posts\/8266","targetHints":{"allow":["GET"]}}],"collection":[{"href":"https:\/\/www.joventaoista.org\/eo\/wp-json\/wp\/v2\/posts"}],"about":[{"href":"https:\/\/www.joventaoista.org\/eo\/wp-json\/wp\/v2\/types\/post"}],"author":[{"embeddable":true,"href":"https:\/\/www.joventaoista.org\/eo\/wp-json\/wp\/v2\/users\/6"}],"replies":[{"embeddable":true,"href":"https:\/\/www.joventaoista.org\/eo\/wp-json\/wp\/v2\/comments?post=8266"}],"version-history":[{"count":0,"href":"https:\/\/www.joventaoista.org\/eo\/wp-json\/wp\/v2\/posts\/8266\/revisions"}],"wp:featuredmedia":[{"embeddable":true,"href":"https:\/\/www.joventaoista.org\/eo\/wp-json\/wp\/v2\/media\/8132"}],"wp:attachment":[{"href":"https:\/\/www.joventaoista.org\/eo\/wp-json\/wp\/v2\/media?parent=8266"}],"wp:term":[{"taxonomy":"category","embeddable":true,"href":"https:\/\/www.joventaoista.org\/eo\/wp-json\/wp\/v2\/categories?post=8266"},{"taxonomy":"post_tag","embeddable":true,"href":"https:\/\/www.joventaoista.org\/eo\/wp-json\/wp\/v2\/tags?post=8266"}],"curies":[{"name":"wp","href":"https:\/\/api.w.org\/{rel}","templated":true}]}}