{"id":8304,"date":"2014-02-28T01:03:46","date_gmt":"2014-02-28T01:03:46","guid":{"rendered":"https:\/\/www.joventaoista.org\/?p=8304"},"modified":"2014-04-25T19:40:01","modified_gmt":"2014-04-25T19:40:01","slug":"el-opus-dei-la-organizacion-de-la-muerte-11","status":"publish","type":"post","link":"https:\/\/www.joventaoista.org\/eo\/el-opus-dei-la-organizacion-de-la-muerte-11\/","title":{"rendered":"el Opus Dei la Organizaci\u00f3n de la muerte, 11."},"content":{"rendered":"<p class=\"MsoNormal\" style=\"margin-bottom: .0001pt; line-height: normal;\">Cada d\u00eda es un renaser una \u00a0oportuvidad de ser mejor de \u00a0enkontrarnos kon DIOS en kada puerta ke \u00a0se \u00a0avre en nuestro andar, empero en ese kamigdu ke rekorremos \u00a0no podemos \u00a0dejar \u00a0en el olvido aquellas \u00a0circustancias \u00a0que destruyeron y \u00a0destruyen tantos \u00a0pueblos, no se deven olvidar, ni dejar en el olbido \u00a0porke eso equivaldria a \u00a0la \u00a0ingratitud \u00a0con aquellos ke murieron \u00a0por ke la humanidad \u00a0saliera \u00a0de ese \u00a0yugo \u00a0enfermiso del \u00a0dogmatismo \u00a0pol\u00edtico-religioso de el imperio \u00a0Baticano y sus \u00a0celulas \u00a0que hacen \u00a0met\u00e1stasis en toda la esfera, disfrazadas \u00a0de diferentes \u00a0sectas \u00a0o \u00a0grupos \u00a0religiosos, \u00a0que no sacan a la \u00a0humanidad del \u00a0consumismo ni de la enfermedad \u00a0si no que los matienen \u00a0sometidos al sistema de \u00a0dominaci\u00f3n \u00a0mundial y asi \u00a0sierbos \u00a0utiles del sistema mercantil de la salud, la educaci\u00f3n y \u00a0el \u00a0alimento. leemos mas interesantes publicaciones de hermagdus \u00a0en la redondes de la esfera ke se \u00a0unen en la lucha \u00a0por la verdad \u00a0y la \u00a0Justicia.<\/p>\n<p class=\"MsoNormal\" style=\"margin-bottom: .0001pt; line-height: normal;\"><b><span lang=\"ES-AR\" style=\"font-size: 17.0pt; font-family: 'Tahoma','sans-serif'; color: #e46c0a; mso-themecolor: accent6; mso-themeshade: 191; mso-style-textfill-fill-color: #E46C0A; mso-style-textfill-fill-themecolor: accent6; mso-style-textfill-fill-alpha: 100.0%; mso-style-textfill-fill-colortransforms: lumm=75000;\">Dice Drag\u00f3n Esparavel:<\/span><\/b><\/p>\n<p style=\"margin: 0cm; margin-bottom: .0001pt; background: #F9F9F9;\"><span lang=\"ES-AR\" style=\"font-size: 14.0pt; font-family: 'Tahoma','sans-serif'; color: green;\">LA VERDAD OS HAR\u00c1 LIVRES. SALUD PAS Y JUSTISIA<\/span><\/p>\n<p style=\"margin: 0cm; margin-bottom: .0001pt; background: #F9F9F9;\"><span lang=\"ES-AR\" style=\"font-size: 14.0pt; font-family: 'Tahoma','sans-serif'; color: green;\">UN REKUERDO A LA SE\u00d1ORA F\u00c1TIMA A LA ABOGADA ALEJANDRA LIVRO DE EZEQUIEL: MEMORADIO 3,17 17 Hijo de hombre, yo te he puesto por atalaya a la casa de Israel; oir\u00e1s, pues, t\u00fa la palabra de mi boca y los amonestar\u00e1s de mi parte.<\/span><\/p>\n<p style=\"margin: 0cm; margin-bottom: .0001pt; background: #F9F9F9;\"><span lang=\"ES-AR\" style=\"font-size: 14.0pt; font-family: 'Tahoma','sans-serif'; color: green;\">18 Cuando yo diga al malvado: De cierto a morir\u00e1s, y t\u00fa no lo amonestas ni le hablas, para que el malvado sea advertido de su mal camino a fin de que viva, el malvado morir\u00e1 en su iniquidad, mas su sangre demandar\u00e9 de tu mano.<\/span><\/p>\n<p style=\"margin: 0cm; margin-bottom: .0001pt; background: #F9F9F9;\"><span lang=\"ES-AR\" style=\"font-size: 14.0pt; font-family: 'Tahoma','sans-serif'; color: green;\">19 Pero si t\u00fa amonestas al malvado, y \u00e9l no se convierte de su maldad ni de su mal camino, \u00e9l morir\u00e1 en su iniquidad, pero t\u00fa habr\u00e1s librado tu alma.<\/span><\/p>\n<p style=\"margin: 0cm; margin-bottom: .0001pt; background: #F9F9F9;\"><span lang=\"ES-AR\" style=\"font-size: 14.0pt; font-family: 'Tahoma','sans-serif'; color: green;\">20 Y si a \u00e9l justo se aparta de su justicia y comete iniquidad, y yo pongo tropiezo delante de \u00e9l, \u00e9l morir\u00e1, porque t\u00fa no lo amonestaste, en su pecado morir\u00e1, y sus justicias que hab\u00eda hecho no ser\u00e1n recordadas; mas su sangre demandar\u00e9 de tu mano.<\/span><\/p>\n<p style=\"margin: 0cm; margin-bottom: .0001pt; background: #F9F9F9;\"><span lang=\"ES-AR\" style=\"font-size: 14.0pt; font-family: 'Tahoma','sans-serif'; color: green;\">21 Pero si amonestas al justo para que no peque, y no peca, ciertamente vivir\u00e1, porque fue amonestado; y t\u00fa habr\u00e1s librado tu alma. EZEKIEL 16; <\/span><span lang=\"ES-AR\" style=\"font-size: 14.0pt; font-family: 'Tahoma','sans-serif'; color: #e46c0a; mso-themecolor: accent6; mso-themeshade: 191; mso-style-textfill-fill-color: #E46C0A; mso-style-textfill-fill-themecolor: accent6; mso-style-textfill-fill-alpha: 100.0%; mso-style-textfill-fill-colortransforms: lumm=75000;\">en kuanto a la ense\u00f1ansa del savio regente sovre la sangre<\/span><span lang=\"ES-AR\" style=\"font-size: 14.0pt; font-family: 'Tahoma','sans-serif'; color: green;\"> 9 Y te lav\u00e9 con agua, y alab\u00e9 tu sangre de encima de ti y te ung\u00ed con aceite; ESEKIEL 22: <a href=\"https:\/\/www.joventaoista.org\/wp-content\/uploads\/2014\/02\/250627_4276086348522_1399766571_n.jpg\"><img loading=\"lazy\" decoding=\"async\" class=\"wp-image-8309 alignright\" alt=\"250627_4276086348522_1399766571_n\" src=\"https:\/\/www.joventaoista.org\/wp-content\/uploads\/2014\/02\/250627_4276086348522_1399766571_n.jpg\" width=\"242\" height=\"242\" srcset=\"https:\/\/www.joventaoista.org\/wp-content\/uploads\/2014\/02\/250627_4276086348522_1399766571_n.jpg 403w, https:\/\/www.joventaoista.org\/wp-content\/uploads\/2014\/02\/250627_4276086348522_1399766571_n-300x300.jpg 300w, https:\/\/www.joventaoista.org\/wp-content\/uploads\/2014\/02\/250627_4276086348522_1399766571_n-100x100.jpg 100w, https:\/\/www.joventaoista.org\/wp-content\/uploads\/2014\/02\/250627_4276086348522_1399766571_n-150x150.jpg 150w\" sizes=\"(max-width: 242px) 100vw, 242px\" \/><\/a>26 Sus sacerdotes han violado mi ley y han profanado mis cosas sagradas; entre lo sagrado y lo profano no han hecho diferencia ni han ense\u00f1ado a distinguir entre lo inmundo y lo limpio; y de mis d\u00edas de reposo han escondido sus ojos, y yo he sido profanado en medio de ellos. 27 Sus pr\u00edncipes en medio de ella son como lobos que arrebatan la presa para derramar sangre, y para destruir las almas, a fin de obtener ganancias deshonestas. Cap\u00edtulo 33 ESEKIEL; 1 Y vino a m\u00ed la palabra de Jehov\u00e1, diciendo: 2 Hijo de hombre, habla a los hijos de tu pueblo y diles: Cuando yo traiga espada sobre la tierra, y el pueblo de la tierra tome a un hombre de su territorio y lo ponga por atalaya, 3 y \u00e9l vea venir la espada sobre la tierra, y toque la trompeta y avise al pueblo, 4 cualquiera que oiga el sonido de la trompeta y no se d\u00e9 por advertido, y al llegar la espada se lo lleva, su sangre ser\u00e1 sobre su propia cabeza. 5 El sonido de la trompeta oy\u00f3, pero no se dio por advertido; su sangre ser\u00e1 sobre \u00e9l; pero el que se d\u00e9 por advertido salvar\u00e1 su vida. 6 Pero si el atalaya ve venir la espada y no toca la trompeta, y el pueblo no se apercibe, y al llegar la espada se lleva a alguno de entre ellos, \u00e9l, por causa de su iniquidad, ser\u00e1 llevado, pero demandar\u00e9 su sangre de mano del atalaya. 7 A ti, pues, oh hijo de hombre, te he puesto como atalaya de la casa de Israel, y oir\u00e1s la palabra de mi boca y les advertir\u00e1s de mi parte. 8 Cuando yo diga al malvado: Oh malvado, ciertamente morir\u00e1s; si t\u00fa no hablas para advertir al malvado de su camino, ese malvado morir\u00e1 por su iniquidad, pero su sangre yo la demandar\u00e9 de tu mano. 9 Pero si t\u00fa adviertes al malvado de su camino para que se aparte de \u00e9l, y \u00e9l no se aparta de su camino, \u00e9l morir\u00e1 por su iniquidad, y t\u00fa habr\u00e1s librado tu vida. <\/span><span lang=\"ES-AR\" style=\"font-size: 14.0pt; font-family: 'Tahoma','sans-serif'; color: #e46c0a; mso-themecolor: accent6; mso-themeshade: 191; mso-style-textfill-fill-color: #E46C0A; mso-style-textfill-fill-themecolor: accent6; mso-style-textfill-fill-alpha: 100.0%; mso-style-textfill-fill-colortransforms: lumm=75000;\">motivo sufisiente por el kual no dejar de pregonar kon nuestras trompetas el mal ke vendr\u00e1 sobre la ramera iglesia cat\u00f3lica y as\u00ed muchos se apersivan y salgan de esa madriguera de maldad.<\/span><span lang=\"ES-AR\" style=\"font-size: 14.0pt; font-family: 'Tahoma','sans-serif'; color: green;\"> MATEO 5 <a href=\"https:\/\/www.joventaoista.org\/wp-content\/uploads\/2014\/02\/imperio-vaticano.jpg\"><img loading=\"lazy\" decoding=\"async\" class=\"size-full wp-image-8310 alignleft\" alt=\"imperio vaticano\" src=\"https:\/\/www.joventaoista.org\/wp-content\/uploads\/2014\/02\/imperio-vaticano.jpg\" width=\"162\" height=\"198\" \/><\/a>6 Bienaventurados los que tienen hambre y sed de ajusticia, porque ellos ser\u00e1n saciados. kisa la abogada no es estudiante de kristo y no ha visto esto 21 O\u00edsteis que fue dicho a los antiguos: No matar\u00e1s; y cualquiera que matare ser\u00e1 culpable de juicio. MATEO 6; 1 Mirad que no deis vuestra limosna delante de los hombres para ser vistos por ellos; de otra manera, no tendr\u00e9is recompensa de vuestro Padre que est\u00e1 en los cielos. 2 Cuando, pues, des limosna, no hagas tocar trompeta delante de ti, como hacen los hip\u00f3critas en las sinagogas y en las calles, para ser alabados por los hombres; de cierto os digo que ya tienen su recompensa. Esto es lo ke inspira al baticano a perseguirnos al igual ke la historia dise de porke mataron a <b>Juan Bautista<\/b> nuestro padre el mismo el\u00edas perseguido por Jezabel la ramera VITEO 14 1 En aquel tiempo Herodes, el tetrarca, oy\u00f3 la fama de Jes\u00fas 2 y dijo a sus criados: \u00c9ste es Juan el Bautista; \u00e9l ha resucitado de entre los muertos, y por eso act\u00faan en \u00e9l estos poderes. 3 Porque Herodes hab\u00eda prendido a Juan, y le hab\u00eda encadenado y puesto en la c\u00e1rcel, por causa de Herod\u00edas, esposa de su hermano Felipe, 4 porque Juan le dec\u00eda: No te es il\u00edcito tenerla. 5 Y Herodes quer\u00eda matarlo, pero tem\u00eda al pueblo, porque ten\u00edan a Juan por profeta. 6 M\u00e1s cuando se celebraba el cumplea\u00f1os de Herodes, la hija de Herodes danz\u00f3 delante de todos y agrad\u00f3 a Herodes, 7 por lo cual \u00e9ste le prometi\u00f3 con juramento darle todo lo que pidiese. 8 Y ella, instruida primero por su madre, dijo: Dame aqu\u00ed en un plato la cabeza de Juan el Bautista. 9 Entonces el rey se entristeci\u00f3, pero a causa del juramento y de los que estaban juntamente con \u00e9l a la mesa, mand\u00f3 que se la diesen. 10 Y orden\u00f3 decapitar a Juan en la c\u00e1rcel. 11 Y fue tra\u00edda su cabeza en un plato y dada a la muchacha, y ella la present\u00f3 a su madre.<\/span><\/p>\n<p style=\"margin: 0cm; margin-bottom: .0001pt;\"><a href=\"https:\/\/www.joventaoista.org\/wp-content\/uploads\/2014\/02\/pederastas-sacerdotes.jpg\"><img loading=\"lazy\" decoding=\"async\" class=\"wp-image-8311 aligncenter\" alt=\"pederastas sacerdotes\" src=\"https:\/\/www.joventaoista.org\/wp-content\/uploads\/2014\/02\/pederastas-sacerdotes.jpg\" width=\"290\" height=\"435\" srcset=\"https:\/\/www.joventaoista.org\/wp-content\/uploads\/2014\/02\/pederastas-sacerdotes.jpg 605w, https:\/\/www.joventaoista.org\/wp-content\/uploads\/2014\/02\/pederastas-sacerdotes-600x899.jpg 600w, https:\/\/www.joventaoista.org\/wp-content\/uploads\/2014\/02\/pederastas-sacerdotes-200x300.jpg 200w\" sizes=\"(max-width: 290px) 100vw, 290px\" \/><\/a><\/p>\n<p style=\"margin: 0cm; margin-bottom: .0001pt;\"><b><span lang=\"ES-AR\" style=\"font-size: 17.0pt; font-family: 'Tahoma','sans-serif'; color: #e46c0a; mso-themecolor: accent6; mso-themeshade: 191; mso-style-textfill-fill-color: #E46C0A; mso-style-textfill-fill-themecolor: accent6; mso-style-textfill-fill-alpha: 100.0%; mso-style-textfill-fill-colortransforms: lumm=75000;\">Dise la\u00a0 Maestra Sefhora<\/span><\/b><\/p>\n<p style=\"margin: 0cm; margin-bottom: .0001pt;\"><span lang=\"ES-AR\" style=\"font-size: 14.0pt; font-family: 'Tahoma','sans-serif'; color: #0070c0;\">Muy querida Claudia Alejandra de Fatima,<\/span><\/p>\n<p style=\"margin: 0cm; margin-bottom: .0001pt;\"><span lang=\"ES-AR\" style=\"font-size: 14.0pt; font-family: 'Tahoma','sans-serif'; color: #0070c0;\">Me uno en este saludo e intercambio de opiniones, sin antes dejar de comentarte mi aprecio por personas inteligentes y valientes como tu, en enfrentar a una filosofia con el animo de dilucidar una \u201cverdad\u201d.<\/span><\/p>\n<p style=\"margin: 0cm 0cm 0.0001pt;\"><span lang=\"ES-AR\" style=\"font-size: 14.0pt; font-family: 'Tahoma','sans-serif'; color: #0070c0;\">En primera instancia, te quiero comentar algo de mi y mi relacion con la Iglesia Catolica, pada que me conozcas un poco mas. Naci en Colombia, mi hogar inicialinti fue catolico, luego siendo ni\u00f1a todavia mi familia empezo sus estudios en el esoterismo y eso se mantiene hasta la actualidad. Mis estudios de primaria, secundaria y pregrado en la Universidad los hice en Organizaciones Catolicas. Mi primer trabajo, despues de ser profesional lo hice con un colegio catolico. Ahora si paso a contarte algo de mis vivencias personales: En esos estudios de pre-grado alla en Colombia, tuve dos compa\u00f1eros sacerdortes que eran rectores de prestantes colegios catolicos en Bogota. Si, si vi personas como tu, que tenian mucho amor, tolerancia y perdon, pero desafortunadamente y lo siento decirlo, no entre los sacerdotes. Lo siento porque esto puede ser triste para ti, pero en la mayoria de los sacerdotes vi conductas de mal ejemplo pada la comunidad. Por ejemplo,uno de los sacerdotes rectores compa\u00f1eros de mis estudios de pregrado, el que era <a href=\"https:\/\/www.joventaoista.org\/wp-content\/uploads\/2014\/02\/curas-pederastas.jpg\"><img loading=\"lazy\" decoding=\"async\" class=\"wp-image-8279 alignleft\" alt=\"curas pederastas\" src=\"https:\/\/www.joventaoista.org\/wp-content\/uploads\/2014\/02\/curas-pederastas.jpg\" width=\"248\" height=\"342\" srcset=\"https:\/\/www.joventaoista.org\/wp-content\/uploads\/2014\/02\/curas-pederastas.jpg 310w, https:\/\/www.joventaoista.org\/wp-content\/uploads\/2014\/02\/curas-pederastas-217x300.jpg 217w\" sizes=\"(max-width: 248px) 100vw, 248px\" \/><\/a>rector de la primaria tuvo problemas legales graves precisamente por pederasta. Otro de los sacerdotes que yo conoci , tanmal tuvo problemas legales graves por pederasta. Los sacerdotes salieron de su ejercicio profesional por un tiempo y ahora volvieron a ser reincorporados a sus anteriores trabajos. Sabes, cuantos ni\u00f1os se perjudicaron?, lo triste es que cuando llega un paciente con trauma psicologico, es muy dificil ayudar a quien tiene o ha tenido abuso sexual en su infancia, porque el impacto puede quedar de por vida, interfiriendo en el buen desempe\u00f1o de una persona en todas sus areas de funcionamiento social, familiar, escolar, psicologico, espiritual y en general en todos los ambitos. Sabes tu, que ademas muchos de estos ni\u00f1os pueden convertirse (cuando son adultos) en pederastas de otros ni\u00f1os, porque eso es lo que uno ve en la teoria y practica profesional. La victima, puede repetir lo que aprendio de el perpetrador de esa conducta, o sea, se convierte tanmal en prepetrador sexual, eso es lo que se ve en la realidad. Y asi se siguen multiplicando, causando da\u00f1o a miles de victimas. Te puedo asegurar que la mayoria de sacerdotes pederastas son victimas de otros que abusaron de ellos en su infancia, porque este ciclo se puede repetir una y otra vez. <a href=\"https:\/\/www.joventaoista.org\/wp-content\/uploads\/2014\/02\/irlanda-PEDERASTA-CATOLICA.gif\"><img loading=\"lazy\" decoding=\"async\" class=\"wp-image-7924 alignright\" alt=\"irlanda-PEDERASTA CATOLICA\" src=\"https:\/\/www.joventaoista.org\/wp-content\/uploads\/2014\/02\/irlanda-PEDERASTA-CATOLICA.gif\" width=\"288\" height=\"324\" \/><\/a>Y sabes dentro del tratamiento psicologico del trauma, en los pasos finales pada poder salir y volver a ser saludable, es \u201cel paso de perdonar\u201d. Cuando hay una victima de abuso sexual (violacion o haber sido molestados sexualmente) ni siquiera como experto en este campo sexual se puede insistir en que la victima perdone al perpetrador, porque esto lo puede llevar otra vez a ser victima del agresor. Y lamentablemente, quien no perdona, no puede salir del trauma, queda cargando de por vida con este dolor y desespero. Cuanto da\u00f1o, porque la gente por lo general desconoce cuantas consecuencias acarrea la pobre victima, porque muchos tanmal pueden terminar en practicas de pornografia, consumo de alcohol y\/o otras drogas, porque en forma equivocada buscan la solucion a su dolor interior, sin nunca encontrar paz, amor en sus vidas. Cuantos sufren de depresiones severas, ansiedades muy altas y males fisicos, porque los traumas en especial sexuales llevan a problemas tanmal fisiologicos de diferente indole. Se sabe bien, que el solo estr\u00e9s puede llevar a la muerte, puedes imaginar cuanto estr\u00e9s causa una violacion? Una sola? Que diremos cuando son muchas las veces, como lo cuentan muchas victimas de sus victimarios, los sacerdotes pederastas? Estos, mi querida Claudia no son actos de amor y alabanza a nuestro Creador. Es una gran ofensa a El. Estos son actos que producen mucho dolor a muchas victimas y a los miles de hogares destruidos sobre la faz de la tierra. Quiero enfatizar que en EEUU por ejemplo se conoce que un perpetrador sexual, es \u201cde por vida\u201d y queda con su rotulo y se conoce asi, como perpetrador o agresor sexual \u201cde por vida\u201d no tienen curacion. <\/span><\/p>\n<p style=\"margin: 0cm 0cm 0.0001pt;\"><span lang=\"ES-AR\" style=\"font-size: 14.0pt; font-family: 'Tahoma','sans-serif'; color: #0070c0;\"><a href=\"https:\/\/www.joventaoista.org\/wp-content\/uploads\/2014\/02\/pedofilia1.jpg\"><img loading=\"lazy\" decoding=\"async\" class=\"wp-image-8314 alignleft\" alt=\"pedofilia1\" src=\"https:\/\/www.joventaoista.org\/wp-content\/uploads\/2014\/02\/pedofilia1.jpg\" width=\"252\" height=\"254\" srcset=\"https:\/\/www.joventaoista.org\/wp-content\/uploads\/2014\/02\/pedofilia1.jpg 360w, https:\/\/www.joventaoista.org\/wp-content\/uploads\/2014\/02\/pedofilia1-100x100.jpg 100w, https:\/\/www.joventaoista.org\/wp-content\/uploads\/2014\/02\/pedofilia1-150x150.jpg 150w, https:\/\/www.joventaoista.org\/wp-content\/uploads\/2014\/02\/pedofilia1-297x300.jpg 297w\" sizes=\"(max-width: 252px) 100vw, 252px\" \/><\/a>Entonces, estemos seguros que el que fue, en este campo, no deja de ser. Que pasara con esos miles de sacerdotes que siguen por ah\u00ed dentro de la sociedad. Porque no hacer una campa\u00f1a pada prevenir tantos ingenuos y creyentes de los \u201cbuenos sacerdotes\u201d?. Como haaremos mas bien? Sera que callamos? O ayudamos a destapar y dar a conocer todos estos crimenes sexuales? pada ayudar a prevenir tanto sufrimiento en el mundo? La conciencia nos dice clarainti que debemos hacer. En cualquier credo o creencia religiosa, sabemos que se debe hacer, en una situacion de estas.<\/span><\/p>\n<p style=\"margin: 0cm; margin-bottom: .0001pt;\"><span lang=\"ES-AR\" style=\"font-size: 14.0pt; font-family: 'Tahoma','sans-serif'; color: #0070c0;\">Hay que tener en cuenta una realidad incuestionable, la energia sexual esta viva y latente en todo ser humano, te pregunto si el sacerdote no sabe que hacer con su energia, que crees que pasa? Porque empecemos por decir que no les permiten casarse y tener una relacion normal o norvien. Entonces que esta pasando, con esa fuerza sexual? Si les prohiben casarse? Pues, do creo que ellos se desahogan en la forma en que lo estamos viendo, con homosexualismo, con actos pedofilicos y con muchas desviaciones. En este instante, me viene a la memoria,un comentario que me hizo un ex seminarista, que se retiro hastiado de ver tantas cosas, como por ej ver como los compa\u00f1eros se masturbaban introduciendo su phalo en la foto de una virgen, y etc Pero claro, esto lo entendemos en el sentido en que estan reprimiendo toda una fuerza, una energia sagrada que no tienen idea como canalizarla. Cuanto da\u00f1o, cuanto dolor, cuanta frustracion. Por otro lado, querida Claudia te comento, que en alguna ocasi\u00f3n en algun pais de estos fuera de Colombia, una vez fui contratada por la arquidiocesis para trabajar con la juventud catolica, y tambien con los adultos para dictar una serie de conferencias. Y no volvi, porque primero que todo, es la unica religion que he conocido en donde se acepta plenamente que los jovenes esten en fiestas bajo la influencia del alcohol, sabes cuantas consecuencias y rastros fisicos, psicologicos, espirituales puede dejar el alcohol en un joven? . Y en los adultos, cuando llegamos al tema de la importancia del perdon, como paso importante para salir del trauma, no hubo uno solo que diera su opinion sobre el perdon, no supieron que decir y ni uno solo dijo conocer la biblia. Entonces, Claudia sin animo de ofenderte, yo miro a los catolicos y pienso, pero que tienen que hacer para salvar su alma? Pues la verdad, Nada. Sera por eso que hay tanto catolico en el mundo? Porque nada les exigen para salvarse?<\/span><\/p>\n<p style=\"margin: 0cm; margin-bottom: .0001pt;\"><span style=\"color: #0070c0; font-family: Tahoma, sans-serif; font-size: 14pt; line-height: 1.5em;\"><a href=\"https:\/\/www.joventaoista.org\/wp-content\/uploads\/2014\/02\/Un_Pedofilo_Menos.jpg\"><img loading=\"lazy\" decoding=\"async\" class=\"wp-image-7953 alignright\" alt=\"Un_Pedofilo_Menos\" src=\"https:\/\/www.joventaoista.org\/wp-content\/uploads\/2014\/02\/Un_Pedofilo_Menos.jpg\" width=\"236\" height=\"304\" srcset=\"https:\/\/www.joventaoista.org\/wp-content\/uploads\/2014\/02\/Un_Pedofilo_Menos.jpg 393w, https:\/\/www.joventaoista.org\/wp-content\/uploads\/2014\/02\/Un_Pedofilo_Menos-233x300.jpg 233w\" sizes=\"(max-width: 236px) 100vw, 236px\" \/><\/a>Para terminar, quiero recordar a los neurocientificos, brillantes cientificos que han hecho extraordinarios descubrimientos en el campo humano y muchos de ellos coinciden en su deseo de unir la religion con la ciencia. Sabes cual religion? Sera la catolica?. Tenemos el caso de el famoso psiquiatra y cientifico Shuartz quien dice que \u201cla ciencia y la religion nunca se debieron separar\u201d no, no es la religion catolica de la que hablan, es de las religiones orientales, de donde ellos toman tecnicas pada aplicar dentro de su practica profesional. Mira, por otro lado El \u201cBio-feddback\u201d Neurofeedback\u201d \u201cRespiracion Abdominal\u201d entre otras muchas ciencias cientificas, y que incluyen tecnicas hoy en dia utilizadas a nivel mundial por medicos, psiquiatras, psicologos etc. Tecnicas que nacieron de la cultura oriental, de los Taoistas, Budhistas etc que ellos demostraron su dominio y control sobre las ondas cerebrales, sobre sus latidos del corazon, control voluntario de la temperatura del cuerpo, esto salio de la filosofia oriental. Siento una vez mas comentarte, estimada Claudia, que es una evidencia, la iglesia catolica esta en decadencia y en crisis.<\/span><\/p>\n<p style=\"margin: 0cm; margin-bottom: .0001pt;\"><span lang=\"ES-AR\" style=\"font-size: 14.0pt; font-family: 'Tahoma','sans-serif'; color: #0070c0;\">Bueno, sin otro interes de saludarte y expresarte mi opinion personal, se despide su amiga y servidora.<\/span><\/p>\n<p style=\"margin: 0cm; margin-bottom: .0001pt;\">\u00a0<span lang=\"ES-AR\" style=\"font-size: 14.0pt; font-family: 'Tahoma','sans-serif'; color: #0070c0;\">Sefhora<\/span> <a href=\"https:\/\/www.joventaoista.org\/wp-content\/uploads\/2014\/02\/catolica-pederastas-pedofilia.jpg\"><img loading=\"lazy\" decoding=\"async\" class=\"size-full wp-image-8312 aligncenter\" alt=\"catolica pederastas pedofilia\" src=\"https:\/\/www.joventaoista.org\/wp-content\/uploads\/2014\/02\/catolica-pederastas-pedofilia.jpg\" width=\"550\" height=\"450\" srcset=\"https:\/\/www.joventaoista.org\/wp-content\/uploads\/2014\/02\/catolica-pederastas-pedofilia.jpg 550w, https:\/\/www.joventaoista.org\/wp-content\/uploads\/2014\/02\/catolica-pederastas-pedofilia-300x245.jpg 300w\" sizes=\"(max-width: 550px) 100vw, 550px\" \/><\/a><\/p>\n<p align=\"center\"><iframe loading=\"lazy\" width=\"560\" height=\"315\" src=\"\/\/www.youtube.com\/embed\/8bvOJqv6RUo\" frameborder=\"0\" allowfullscreen><\/iframe><\/p>\n","protected":false},"excerpt":{"rendered":"<p>Cada d\u00eda es un renaser una \u00a0oportuvidad de ser mejor de \u00a0enkontrarnos kon DIOS en kada puerta ke \u00a0se \u00a0avre en nuestro andar, empero en ese kamigdu ke rekorremos \u00a0no podemos \u00a0dejar \u00a0en el olvido aquellas \u00a0circustancias \u00a0que destruyeron y \u00a0destruyen tantos \u00a0pueblos, no se deven olvidar, ni dejar en el olbido \u00a0porke eso equivaldria [&hellip;]<\/p>\n","protected":false},"author":6,"featured_media":8307,"comment_status":"open","ping_status":"open","sticky":false,"template":"","format":"standard","meta":{"_et_pb_use_builder":"","_et_pb_old_content":"","_et_gb_content_width":"","footnotes":""},"categories":[95,106],"tags":[781,789,783,786,784,791,785,790,830],"class_list":["post-8304","post","type-post","status-publish","format-standard","has-post-thumbnail","hentry","category-blog-eo","category-konspiracion-eo","tag-corrupcion","tag-el-opus-dei","tag-gay","tag-gran-ramera","tag-homosexualismo","tag-la-prelatura-apostolica","tag-perversion-de-los-sacerdotes","tag-sacerdotes-catolicos","tag-sacerdotes-pederastas"],"_links":{"self":[{"href":"https:\/\/www.joventaoista.org\/eo\/wp-json\/wp\/v2\/posts\/8304","targetHints":{"allow":["GET"]}}],"collection":[{"href":"https:\/\/www.joventaoista.org\/eo\/wp-json\/wp\/v2\/posts"}],"about":[{"href":"https:\/\/www.joventaoista.org\/eo\/wp-json\/wp\/v2\/types\/post"}],"author":[{"embeddable":true,"href":"https:\/\/www.joventaoista.org\/eo\/wp-json\/wp\/v2\/users\/6"}],"replies":[{"embeddable":true,"href":"https:\/\/www.joventaoista.org\/eo\/wp-json\/wp\/v2\/comments?post=8304"}],"version-history":[{"count":0,"href":"https:\/\/www.joventaoista.org\/eo\/wp-json\/wp\/v2\/posts\/8304\/revisions"}],"wp:featuredmedia":[{"embeddable":true,"href":"https:\/\/www.joventaoista.org\/eo\/wp-json\/wp\/v2\/media\/8307"}],"wp:attachment":[{"href":"https:\/\/www.joventaoista.org\/eo\/wp-json\/wp\/v2\/media?parent=8304"}],"wp:term":[{"taxonomy":"category","embeddable":true,"href":"https:\/\/www.joventaoista.org\/eo\/wp-json\/wp\/v2\/categories?post=8304"},{"taxonomy":"post_tag","embeddable":true,"href":"https:\/\/www.joventaoista.org\/eo\/wp-json\/wp\/v2\/tags?post=8304"}],"curies":[{"name":"wp","href":"https:\/\/api.w.org\/{rel}","templated":true}]}}