{"id":8317,"date":"2014-03-01T15:34:47","date_gmt":"2014-03-01T15:34:47","guid":{"rendered":"https:\/\/www.joventaoista.org\/?p=8317"},"modified":"2014-03-02T22:44:37","modified_gmt":"2014-03-02T22:44:37","slug":"el-opus-dei-la-organizacion-de-la-muerte-14","status":"publish","type":"post","link":"https:\/\/www.joventaoista.org\/eo\/el-opus-dei-la-organizacion-de-la-muerte-14\/","title":{"rendered":"el Opus Dei la Organizaci\u00f3n de la muerte, 14."},"content":{"rendered":"<p style=\"margin: 0cm; margin-bottom: .0001pt;\"><b><span lang=\"ES-AR\" style=\"font-size: 17.0pt; font-family: 'Tahoma','sans-serif'; color: #e36c0a; mso-themecolor: accent6; mso-themeshade: 191;\">Dise el Veneravle Ser Masdalevo:<\/span><\/b><\/p>\n<p style=\"margin: 0cm; margin-bottom: .0001pt;\"><span lang=\"ES-AR\" style=\"font-family: 'Tahoma','sans-serif'; color: green;\">A la Doctora Claudia.<br \/>\nBuen d\u00eda hermagdus del pueblo de DIOS sobre la gea y buen d\u00eda a la abogada Claudia de F\u00e1tima, que espero me oiga mi comentario.<br \/>\nComo s\u00e9 que usted es abogada, debe conocer que la pena de muerte no surge de una concesi\u00f3n y no es un derecho, Es un acto de fuerza donde<a name=\"_GoBack\"><\/a> se destruye f\u00edsicamente a un ser humano y la moralidad de todos sus familiares que todav\u00eda viven y tienen consciencia de este hecho atroz.<br \/>\nLe quiero preguntar a la Doctora Claudia si DIOS en alg\u00fan documento entregado a los profetas, aprob\u00f3 la santa inquisici\u00f3n? Como usted sabe, DIOS tuvo misericordia con Isaac, a quien Abraham demostr\u00e1ndole su fe, estaba a punto de matar a su hijo, pero la mano de \u00e9l fue detenida por DIOS en un hecho hist\u00f3rico e inmemorial de grandeza \u00fanica como DIOS justo y misericordioso y en cambio del sacrificio de su hijo, fue sustituido por un cordero.<br \/>\nPartamos del hecho doctora Claudia que en m\u00e1s de un centenar de pasajes b\u00edblicos, tanto del antiguo testamento y mucho m\u00e1s del nuevo testamento se nos dice que debemos apartarnos del mal, cuando en el \u00faltimo libro de las sagradas escrituras en Apocalipsis 18:4 concluye \u201cY o\u00ed otra voz del cielo que dec\u00eda: Salid de ella, pueblo m\u00edo, para que no particip\u00e9is de sus pecados y para que no recib\u00e1is de sus plagas.<br \/>\nEstoy m\u00e1s que de acuerdo con usted doctora \u00a0Claudia, en la frase que dice, que quien desconoce la historia corre el riesgo de paralizarse y repetirla<br \/>\nDebemos entonces, recordar con mucha claridad y luz los hechos del pasado, para no caer a un pozo negro lleno de sangre inocente.<br \/>\nAqu\u00ed en breve voy a recordar un poco sobre las armas que usaba la santa inquisici\u00f3n a los que eran condenados por supuestas herej\u00edas<\/span><\/p>\n<p style=\"margin: 0cm; margin-bottom: .0001pt;\"><span lang=\"ES-AR\" style=\"font-family: Tahoma, sans-serif; color: #ff0000;\">Las Torturas con agua<\/span><\/p>\n<p style=\"margin: 0cm; margin-bottom: .0001pt;\"><span lang=\"ES-AR\" style=\"font-family: 'Tahoma','sans-serif'; color: green;\"><a href=\"https:\/\/www.joventaoista.org\/wp-content\/uploads\/2014\/03\/image030.jpg\"><img loading=\"lazy\" decoding=\"async\" class=\"wp-image-8358 alignright\" alt=\"image030\" src=\"https:\/\/www.joventaoista.org\/wp-content\/uploads\/2014\/03\/image030.jpg\" width=\"283\" height=\"234\" srcset=\"https:\/\/www.joventaoista.org\/wp-content\/uploads\/2014\/03\/image030.jpg 354w, https:\/\/www.joventaoista.org\/wp-content\/uploads\/2014\/03\/image030-300x248.jpg 300w\" sizes=\"(max-width: 283px) 100vw, 283px\" \/><\/a>El cuerpo del acusado se ataba sobre una tabla inclinada o colgando al aire con cuerdas tirantes y apoyado s\u00f3lo por un taburete en el centro del cuerpo. Entonces, la v\u00edctima ten\u00eda que tragar cantidades ingentes de l\u00edquido: 6 litros si se trataba de la tortura peque\u00f1a y 12 si se trataba de la tortura con agua grande. Al que apretaba los dientes el verdugo le desgarraba la boca con unas tenazas de hierro. \u00c9ste vert\u00eda entonces m\u00e1s agua procedente de un jarro a la boca del torturado. Muchas v\u00edctimas se ahogaban por ello o reventaban por as\u00ed decirlo, puesto que el ano y la uretra estaban atascados o atados.<br \/>\nMutilaci\u00f3n del cuerpo<br \/>\nOtra tortura era el atornillar y quemar la lengua. Otra el destrozo de las manos con un yunque, o el cortar las manos y los pies con un hacha. A las \u00abBrujas\u00bb, es decir, mujeres acusadas de amoralidad, se les cortaba preferentemente la nariz y las orejas; a los jud\u00edos que se supone hab\u00edan cometido un robo se les colgaba de los pies entre dos perros o lobos hambrientos. Algo especialmente cruel era el destripar a las v\u00edctimas. Se les abr\u00eda el vientre y se les sacaba una parte del intestino, se fijaba a una polea y se desenrollaba.<\/span><\/p>\n<p style=\"margin: 0cm; margin-bottom: .0001pt;\"><span lang=\"ES-AR\" style=\"font-family: 'Tahoma','sans-serif'; color: green;\">La dama de hierro *<\/span><\/p>\n<p style=\"margin: 0cm; margin-bottom: .0001pt;\"><span lang=\"ES-AR\" style=\"font-family: 'Tahoma','sans-serif'; color: green;\">Una \u201cobra maestra\u201d del arte de la herrer\u00eda al servicio del mantenimiento de la pureza de la fe era la denominada \u201cdama de hierro\u201d: Un manto castigador que llegaba hasta el suelo pero que no era de tela si no de hierro. La parte de la cabeza sobre el manto representaba la cara de una mujer. En realidad era el manto de una caja hecha de hierro con puertas. En la parte interior de las puertas as\u00ed como en la parte trasera de la caja hab\u00eda p\u00faas de hierro. A la v\u00edctima de la inquisici\u00f3n se la pon\u00eda dentro de la caja, y entonces se cerraban lentamente las puertas, de manera que las p\u00faas de hierro traspasaban sus brazos y sus piernas en muchas partes, y su vientre, y su pecho, y su vejiga, y las ra\u00edces de su miembro, y sus ojos, y sus hombros, pero no la mataban\u201d, al menos no inmediatamente. Eso ocurr\u00eda en el transcurso de unos cuantos d\u00edas de dolores y gritos de lo m\u00e1s inhumanos.<\/span><\/p>\n<p style=\"margin: 0cm; margin-bottom: .0001pt;\"><span lang=\"ES-AR\" style=\"font-family: Tahoma, sans-serif; color: #ff0000;\">La \u201ccuna de Judas\u201d<\/span><\/p>\n<p style=\"margin: 0cm; margin-bottom: .0001pt;\"><span lang=\"ES-AR\" style=\"font-family: 'Tahoma','sans-serif'; color: green;\"><span style=\"color: #ff0000;\"><a href=\"https:\/\/www.joventaoista.org\/wp-content\/uploads\/2014\/03\/laa-cuna-de-judas.jpg\"><img loading=\"lazy\" decoding=\"async\" class=\"wp-image-8359 alignleft\" alt=\"laa cuna de judas\" src=\"https:\/\/www.joventaoista.org\/wp-content\/uploads\/2014\/03\/laa-cuna-de-judas.jpg\" width=\"270\" height=\"286\" srcset=\"https:\/\/www.joventaoista.org\/wp-content\/uploads\/2014\/03\/laa-cuna-de-judas.jpg 338w, https:\/\/www.joventaoista.org\/wp-content\/uploads\/2014\/03\/laa-cuna-de-judas-283x300.jpg 283w\" sizes=\"(max-width: 270px) 100vw, 270px\" \/><\/a>La \u201ccuna de Judas\u201d<\/span> tambi\u00e9n era de armas tomar. A la v\u00edctima de la inquisici\u00f3n se le ataba a una cuerda y se le colgaba hacia arriba, coloc\u00e1ndola en la punta de una pir\u00e1mide de madera. Todo su peso descansaba sobre la vagina o sobre el ano, sobre los test\u00edculos o sobre el coxis. El sufrimiento se aumentaba cuando el torturador levantaba o bajaba a la v\u00edctima, la columpiaba o la dejaba caer sobre la punta.<\/span><\/p>\n<p style=\"margin: 0cm; margin-bottom: .0001pt;\"><span lang=\"ES-AR\" style=\"font-family: 'Tahoma','sans-serif'; color: green;\">El \u201ctenedor del hereje\u201d<\/span><\/p>\n<p style=\"margin: 0cm; margin-bottom: .0001pt;\"><span lang=\"ES-AR\" style=\"font-family: 'Tahoma','sans-serif'; color: green;\">Lo que tambi\u00e9n era \u201creligioso\u201d en el sentido de un medio para la defensa de la verdadera fe tambi\u00e9n era el denominado \u201ctenedor del hereje\u201d. A la v\u00edctima se le clavaban cuatro puntas afiladas en la carne bajo la mand\u00edbula y el estern\u00f3n, de manera que no pod\u00eda ni mover la cabeza ni pod\u00eda hablar comprensiblemente. Pero eso tampoco era la intenci\u00f3n de los inquisidores. Era suficiente con que la v\u00edctima pudiera balbucear la palabra \u201cabjuro\u201d, que s\u00f3lo hac\u00eda falta que leyera, pues estaba grabado en el tenedor del hereje.<br \/>\nOtros instrumentos de tortura<\/span><\/p>\n<p style=\"margin: 0cm; margin-bottom: .0001pt;\"><span lang=\"ES-AR\" style=\"font-family: 'Tahoma','sans-serif'; color: green;\">Ya s\u00f3lo la enumeraci\u00f3n de los instrumentos de tortura como el tornillo de los pulgares, el tornillo de las rodillas, los cierra bocas de hierro, los instrumentos para sellar con fuego, las horcas y las cadenas para el cuello, los \u201crosarios\u201d que se colgaban al cuello (de un metro de largo y aproximadamente ocho kilos de peso), los anillos de hierro que se cerraban en la nuca del hereje, las jaulas de hierro, las prensas para la cabeza y los tornillos para el cr\u00e1neo, las cadenas para fustigar, los cuellos de espinas, los cinturones de fuerza, los \u201crosquilleros espa\u00f1oles\u201d que pose\u00edan afiladas puntas, las tijeras, las tenazas para aplastar y para pellizcar, las ruedas de tortura, etc., puede demostrar la pasi\u00f3n perversa y creativa de los inquisidores, y muestra la horrorosa \u201cpasi\u00f3n por la crueldad\u201d que hace distinguir al cristianismo de Iglesia de todas las otras religiones.<br \/>\nLa invenci\u00f3n de nuevos sufrimientos<br \/>\nA las v\u00edctimas se las emparedaba, o se las dejaba morir lentamente de hambre -\u00a1como se\u00f1al de misericordia de los tiranos!, se les ahogaba en toneles que estaban llenos de orina o esti\u00e9rcol, se les cortaba o serraba la lengua, o se les quemaba la lengua, se tostaba a los herejes en hierro candente, o se les ahogaba prendiendo fuego a paja h\u00fameda. Despu\u00e9s de que se inventara la p\u00f3lvora se hac\u00eda que explotara cerca de ellos, de manera que se abr\u00eda el pecho de las pobres v\u00edctimas. El esp\u00edritu de la crueldad encontraba siempre nuevos medios para aumentar los sufrimientos de las v\u00edctimas de la inquisici\u00f3n.<\/span><\/p>\n<p style=\"margin: 0cm; margin-bottom: .0001pt;\"><span lang=\"ES-AR\" style=\"font-family: 'Tahoma','sans-serif'; color: green;\">La congregaci\u00f3n de fe<\/span><\/p>\n<p style=\"margin: 0cm; margin-bottom: .0001pt;\"><span lang=\"ES-AR\" style=\"font-family: 'Tahoma','sans-serif'; color: green;\">El papa Pablo III (1468-1549, papa desde el 1534) instaur\u00f3 en 1542 la inquisici\u00f3n como una comisi\u00f3n cardenal, que, como instancia central para todos los pa\u00edses, ten\u00eda que vigilar la pureza de la fe. Sexto V. (1521-1590, papa desde 1585), fij\u00f3 en 1588 su estatus definitivo de \u201ccongregaci\u00f3n de la inquisici\u00f3n romana y universal\u201d. Mucho m\u00e1s tarde, en 1908, esa instituci\u00f3n central de la inquisici\u00f3n recibi\u00f3 el nombre de \u201csanto oficio\u201d. Hoy se llama \u201ccongregaci\u00f3n de la ense\u00f1anza de la fe\u201d. Pero el esp\u00edritu inquisidor sigue siendo el mismo.<\/span><\/p>\n<p style=\"margin: 0cm; margin-bottom: .0001pt;\"><a href=\"https:\/\/www.joventaoista.org\/wp-content\/uploads\/2014\/03\/TorquemadaInquisicion.jpg\"><img loading=\"lazy\" decoding=\"async\" class=\"wp-image-8360 aligncenter\" alt=\"Torquemada&amp;Inquisicion\" src=\"https:\/\/www.joventaoista.org\/wp-content\/uploads\/2014\/03\/TorquemadaInquisicion.jpg\" width=\"335\" height=\"180\" srcset=\"https:\/\/www.joventaoista.org\/wp-content\/uploads\/2014\/03\/TorquemadaInquisicion.jpg 598w, https:\/\/www.joventaoista.org\/wp-content\/uploads\/2014\/03\/TorquemadaInquisicion-300x161.jpg 300w\" sizes=\"(max-width: 335px) 100vw, 335px\" \/><\/a><\/p>\n<p style=\"margin: 0cm; margin-bottom: .0001pt;\"><span lang=\"ES-AR\" style=\"font-family: 'Tahoma','sans-serif'; color: green;\">As\u00ed era el comienzo de un denominado acto de constricci\u00f3n por los cr\u00edmenes de la Iglesia, el llamado \u201cMea Culpa\u201d que el papa Juan Pablo II expres\u00f3 p\u00fablicamente el 12 del 3 del 2000 junto a otras autoridades de alto rango representantes del Vaticano en Roma.<br \/>\nEl texto lo hab\u00eda redactado por aquel entonces el cardenal Joseph Ratzinger y pronunci\u00f3 las palabras \u201cLa necesaria aplicaci\u00f3n de la inquisici\u00f3n\u201d El papa y los cardenales no pidieron perd\u00f3n a sus v\u00edctimas con sus manipuladas palabras, lo cual hubiera sido un verdadero arrepentimiento. En lugar de ello se mand\u00f3 una oraci\u00f3n general a la direcci\u00f3n \u201cDios\u201d.<\/span><\/p>\n<p style=\"margin: 0cm; margin-bottom: .0001pt;\"><span lang=\"ES-AR\" style=\"font-family: 'Tahoma','sans-serif'; color: green;\">\u201cGran inquisidor es un deber hist\u00f3rico, y nosotros somos los que contin\u00faan. Pero aquello que con los m\u00e9todos de entonces en parte se hizo criticable lo intentamos hacer desde nuestra conciencia del derecho. Hay que decir que la inquisici\u00f3n era el avance de que nada se pod\u00eda juzgar sin la \u201cinquisitivo\u201d, es decir, sin que hubieran investigaciones\u201d. Esto es lo que dijo el cardenal Ratzinger en programa de ARD alemana Contrastes (el tres de marzo de 2005) y que le dio el t\u00edtulo inicial de \u201cGran inquisidor moderno\u201d. Pocas semanas despu\u00e9s se le nombr\u00f3 papa.<\/span><\/p>\n<p style=\"margin: 0cm; margin-bottom: .0001pt;\"><span lang=\"ES-AR\" style=\"font-family: 'Tahoma','sans-serif'; color: green;\">El papa Pablo III (1468-1549), impulsor de la inquisici\u00f3n e iniciador del concilio de Trento (1545-1563) dijo \u201cSi mi propio padre fuera un hereje yo mismo juntar\u00eda la madera para quemarle en la hoguera\u201d<br \/>\n(cita de \u201cDeutschland-Radio\u201d, Berl\u00edn \u2013Radio de Alemania \u2013, 21-7-2002, <a href=\"http:\/\/www.dradio.de\/dlr\/sendungen\/kalender\/126123\/\"><span style=\"color: green;\">http:\/\/www.dradio.de\/dlr\/sendungen\/kalender\/126123\/<\/span><\/a>)<\/span><\/p>\n<p style=\"margin: 0cm; margin-bottom: .0001pt;\"><span lang=\"ES-AR\" style=\"font-family: 'Tahoma','sans-serif'; color: green;\">Yo creo doctora Claudia que ante los hechos de sufrimiento, dolor y muerte causada por la iglesia cat\u00f3lica, queda demostrada una iglesia que es ant\u00edtesis del amor y la misericordia<\/span><\/p>\n<p style=\"margin: 0cm; margin-bottom: .0001pt;\"><span lang=\"ES-AR\" style=\"font-family: 'Tahoma','sans-serif'; color: green;\">No olvidando el apoyo de su iglesia a Hitler en los a\u00f1os 1930 \u2013 1944 y de salvar algunos verdugos a Suram\u00e9rica, haci\u00e9ndolos pasar por m\u00e9dicos<br \/>\n<a href=\"https:\/\/www.joventaoista.org\/wp-content\/uploads\/2014\/03\/pagina12_20131012.jpg\"><img loading=\"lazy\" decoding=\"async\" class=\"size-full wp-image-8363 alignright\" alt=\"pagina12_20131012\" src=\"https:\/\/www.joventaoista.org\/wp-content\/uploads\/2014\/03\/pagina12_20131012.jpg\" width=\"297\" height=\"329\" srcset=\"https:\/\/www.joventaoista.org\/wp-content\/uploads\/2014\/03\/pagina12_20131012.jpg 297w, https:\/\/www.joventaoista.org\/wp-content\/uploads\/2014\/03\/pagina12_20131012-270x300.jpg 270w\" sizes=\"(max-width: 297px) 100vw, 297px\" \/><\/a>He aqu\u00ed un relato del nazi Priebke a la periodista Emanuela Audisio del diario romano \u201cLa Rep\u00fablica\u201d, \u201c\u2026pens\u00e9 en retornar a Alemania pero no ten\u00eda m\u00e1s familia en Berl\u00edn. La ayuda vino de un cura franciscano que no recuerdo su nombre. Me dijo que no pod\u00eda enviarme a Alemania y me ofreci\u00f3 la Argentina. Dije que s\u00ed (\u2026) El problema era que no pod\u00eda viajar con mi pasaporte, y para eso me ayud\u00f3 en el Vaticano el obispo Alois Hudal, qui\u00e9n me entreg\u00f3 un pasaporte en blanco con la insignia de la Cruz Roja\u201d. Posteriormente, durante el juicio por sus cr\u00edmenes de guerra, qued\u00f3 demostrado que Priebke recal\u00f3 en la Argentina ayudado, entre otros, por el austr\u00edaco Alois Hudal, obispo allegado y protegido por Papa P\u00edo XII. Las caracter\u00edsticas de su fuga como se ver\u00e1 en otros ejemplos, pueden considerarse como un caso t\u00edpico. Su historia es apenas una m\u00e1s de las tantas sobre jerarcas nazis que llegaron a la Argentina a trav\u00e9s de la que habr\u00eda conocerse como la \u201cruta de los monasterios o \u201cruta de las ratas\u201d<br \/>\nPara determinar el papel que el obispo Hudal jug\u00f3 en la huida de los jerarcas nazis hay varias fuentes posibles, 1. Sus propias memorias (\u201cDiarios Romanos\u201d); 2. La versi\u00f3n de los historiadores oficiales de la Iglesia<br \/>\n3. Un informe del agregado militar de los EUA en Roma en 1947<\/span><\/p>\n<p style=\"margin: 0cm; margin-bottom: .0001pt;\"><span lang=\"ES-AR\" style=\"font-family: 'Tahoma','sans-serif'; color: green;\">1. En sus memorias, el Obispo Hudal no duda en admitir la ayuda que prest\u00f3 a los criminales pr\u00f3fugos. Mantuvo esta posici\u00f3n hasta su muerte ocurrida en 1962. Seg\u00fan el propio Hudal, esta tarea de ayuda corr\u00eda por cuenta del Vaticano. Para Ignacio Klich, coordinador acad\u00e9mico de la Comisi\u00f3n por el Esclarecimiento de las Actividades del Nazismo en la Argentina (CEANA), esto no ofrece duda alguna: \u201cEl rol de H\u00fcdal durante la guerra no habr\u00eda sido posible sin la luz verde de la Santa Sede\u201d.<\/span><\/p>\n<p style=\"margin: 0cm; margin-bottom: .0001pt;\"><a href=\"https:\/\/www.joventaoista.org\/wp-content\/uploads\/2014\/03\/Historias-Lado-B-Erich-Priebke.jpg\"><img loading=\"lazy\" decoding=\"async\" class=\"wp-image-8372 aligncenter\" alt=\"Historias Lado B - Erich Priebke\" src=\"https:\/\/www.joventaoista.org\/wp-content\/uploads\/2014\/03\/Historias-Lado-B-Erich-Priebke.jpg\" width=\"352\" height=\"261\" srcset=\"https:\/\/www.joventaoista.org\/wp-content\/uploads\/2014\/03\/Historias-Lado-B-Erich-Priebke.jpg 550w, https:\/\/www.joventaoista.org\/wp-content\/uploads\/2014\/03\/Historias-Lado-B-Erich-Priebke-300x222.jpg 300w\" sizes=\"(max-width: 352px) 100vw, 352px\" \/><\/a><\/p>\n<p style=\"margin: 0cm; margin-bottom: .0001pt;\"><span lang=\"ES-AR\" style=\"font-family: 'Tahoma','sans-serif'; color: green;\">Doctora Claudia El libro del Apocalipsis desde el memoradio 17 al 18 describe claramente y sabiamente quien es la gran ramera. No es necesario que lo lea, porque ya lo sabe.<br \/>\nNo puede tapar sus o\u00eddos y su vista, ante lo que le dicta su conciencia, que le demuestra cada d\u00eda que todo lo que mis hermagdus han comentado es comprobable y ver\u00eddico.<br \/>\nDejo el siguiente link para que vea el siguiente video<span class=\"apple-converted-space\">\u00a0<\/span><\/span><\/p>\n<p align=\"center\"><iframe loading=\"lazy\" src=\"\/\/www.youtube.com\/embed\/Fv_yl-9rgTk\" height=\"315\" width=\"420\" allowfullscreen=\"\" frameborder=\"0\"><\/iframe><\/p>\n<p><span style=\"color: green; font-family: Tahoma, sans-serif; line-height: 1.5em;\">La gran ramera es sustentada hasta por ustedes mismos, cuando dicen \u201c limen apostolorum, la citta dei sette colli\u201d que traducido es \u201cumbral de los ap\u00f3stoles, la ciudad de las siete colinas\u201d<\/span><\/p>\n<p style=\"margin: 0cm; margin-bottom: .0001pt;\"><span lang=\"ES-AR\" style=\"font-family: 'Tahoma','sans-serif'; color: green;\"> Ser\u00e1 acaso Doctora Claudia que todo lo expuesto por m\u00ed y por mis hermagdus no demuestra o fundamenta la maldad de su iglesia?<br \/>\nSer\u00e1 entonces Doctora Claudia que se denigra a la iglesia cat\u00f3lica cuando se denuncian todas las atrocidades cometidas por esta, y que me dice usted de las continuas pedofilias cometidas en mayor n\u00famero, a ni\u00f1os de los 11 y 14 a\u00f1os de edad cada a\u00f1o por curas?<br \/>\nQuien ser\u00e1 Doctora Claudia que se opone a reconocer la verdad?<br \/>\nAhora, Doctora Claudia, la ciencia ha demostrado que Cristo no naci\u00f3 el 24 de diciembre hace 2014 a\u00f1os como lo piensan ustedes; he aqu\u00ed un video de lo que le comento.<span class=\"apple-converted-space\">\u00a0<\/span><\/span><\/p>\n<p align=\"center\"><iframe loading=\"lazy\" src=\"\/\/www.youtube.com\/embed\/zOptuQ4fo5Y\" height=\"315\" width=\"560\" allowfullscreen=\"\" frameborder=\"0\"><\/iframe><\/p>\n<p><span style=\"color: #008000;\">Por \u00faltimo le pregunto, por qu\u00e9 su iglesia nunca ha aceptado los rollos encontrados en la cueva de qumram? y mucho menos aceptan a la mujer como complemento id\u00f3neo para el hombre, a sabiendas que en la primer libro de Timoteo, capitulo 3 memoradio 1 al 5 dice<\/span><br \/>\n<span style=\"color: #008000;\"> \u201cPalabra fiel: si alguno apetece obispado, buena obra desea. Conviene, pues, que el obispo sea irreprensible, marido de una mujer, solicito, templado, compuesto, hospedador, apto para ense\u00f1ar.<\/span><br \/>\n<span style=\"color: #008000;\"> No amador de vino, no heridor, no codicioso de torpes ganancias, sino moderado, no litigioso, ajeno de avaricia<\/span><br \/>\n<span style=\"color: #008000;\"> Que gobierne bien su casa, que tenga sus hijos en sujeci\u00f3n con toda honestidad\u201d<\/span><br \/>\n<span style=\"color: #008000;\"> Porque la iglesia cat\u00f3lica la cual usted defiende ignora a la mujer como esposa y unidad familiar? Que mal encuentran ustedes en la mujer? Siendo ella la obra perfecta para levantar al hombre<\/span><\/p>\n<p style=\"margin: 0cm; margin-bottom: .0001pt;\"><span lang=\"ES-AR\" style=\"font-family: 'Tahoma','sans-serif'; color: green;\">El 19 de septiembre de 2012 CNN public\u00f3 el siguiente hallazgo<br \/>\nUn papiro del siglo II insin\u00faa que Jesucristo ten\u00eda \u201cesposa\u201d<\/span><\/p>\n<p style=\"margin: 0cm; margin-bottom: .0001pt;\"><span lang=\"ES-AR\" style=\"font-family: 'Tahoma','sans-serif'; color: green;\">(CNN) \u2014 Un papiro antiguo sugiere que los primeros cristianos pudieron haber cre\u00eddo que Jes\u00fas estuvo casado. El fragmento escrito en copto, el lenguaje usado por los cristianos de Egipto, dice en una parte \u201cJes\u00fas les dijo a ellos, \u2018Mi esposa\u2019\u2026\u201d.<\/span><\/p>\n<p style=\"margin: 0cm; margin-bottom: .0001pt;\"><span lang=\"ES-AR\" style=\"font-family: 'Tahoma','sans-serif'; color: green;\">La profesora de Teolog\u00eda en Harvard, Karen King, anunci\u00f3 el hallazgo el martes en Roma, frente a la Asociaci\u00f3n Internacional de Estudios del Copto, su an\u00e1lisis aparecer\u00e1 en la edici\u00f3n de enero del Harvard Theological Review.<br \/>\nEspero Doctora Claudia, que encuentre el verdadero camino, angosto y estrecho que lleva al verdadero encuentro con Dios, y no seguir en el camino ancho que conduce a la perdici\u00f3n.<br \/>\nSe despide un hermagdu m\u00e1s que lucha por ser mejor cada d\u00eda.<\/span><\/p>\n<p style=\"margin: 0cm; margin-bottom: .0001pt;\"><strong><span lang=\"ES-AR\" style=\"font-family: 'Tahoma','sans-serif'; color: green;\">Veneravle Ser MASDALEVO<\/span><\/strong><\/p>\n<p class=\"MsoNormal\"><b><span lang=\"ES-AR\" style=\"font-size: 17.0pt; line-height: 115%; font-family: 'Tahoma','sans-serif'; color: #e36c0a; mso-themecolor: accent6; mso-themeshade: 191;\">Dise una Eva Taoista Kontesta:<\/span><\/b><\/p>\n<p class=\"MsoNormal\"><span lang=\"ES-AR\" style=\"font-size: 12.0pt; line-height: 115%; font-family: 'Tahoma','sans-serif'; color: #0070c0;\">Desde ke konov\u00ed (conoc\u00ed) este sendero (KAMIGDU= camino) he descubierto paso a paso, ke esta doktrina tan criticada, rechazada i olvidada por el mundo, es la \u00fanica puerta de acceso a los SOLES (cielos). Porke es una doktrina eminenteinti (eminentemente) pr\u00e1ktika i es integral. Por kuanto integra el VERVO (Palabra = Palabra) i la pr\u00e1ktica de lo ense\u00f1ado. Debido a ke sus integrantes ser\u00edamos hip\u00f3critas si ense\u00f1\u00e1semos algo ke no praktikemos. Kuando en las Sakras Escrituras (Vivlia=Biblia) se habla de falsos profetas, no se refiere a tal o cual doktrina, religi\u00f3n o ideolog\u00eda. Se refiere a aquellos que ense\u00f1an algo empero sus aktos no son consecuentes con la palabra ense\u00f1ada.<\/span><b><\/b><\/p>\n<p class=\"MsoNormal\"><span lang=\"ES-AR\" style=\"font-size: 12.0pt; line-height: 115%; font-family: 'Tahoma','sans-serif'; color: #0070c0;\"><a href=\"https:\/\/www.joventaoista.org\/wp-content\/uploads\/2013\/06\/Artes-marciales-tao-vitalidad-2.jpg\"><img loading=\"lazy\" decoding=\"async\" class=\"wp-image-5729 alignleft\" alt=\"Artes-marciales-tao-vitalidad-2\" src=\"https:\/\/www.joventaoista.org\/wp-content\/uploads\/2013\/06\/Artes-marciales-tao-vitalidad-2.jpg\" width=\"336\" height=\"154\" srcset=\"https:\/\/www.joventaoista.org\/wp-content\/uploads\/2013\/06\/Artes-marciales-tao-vitalidad-2.jpg 700w, https:\/\/www.joventaoista.org\/wp-content\/uploads\/2013\/06\/Artes-marciales-tao-vitalidad-2-600x274.jpg 600w, https:\/\/www.joventaoista.org\/wp-content\/uploads\/2013\/06\/Artes-marciales-tao-vitalidad-2-300x137.jpg 300w\" sizes=\"(max-width: 336px) 100vw, 336px\" \/><\/a>La Doktrina TAOISTA empieza por generar cambios integrales en akellos ke la praktikan, por ejemplo la Salud del cuerpo f\u00edsico est\u00e1 intimainti (\u00edntimamente) relaselada (relacionada) con la salud espiritual i del alma. Pada tener salud f\u00edsica es menester alisertarse korrektainti, hacer ejercicio constante, reposar i levantarse tempragdu (temprano), oir m\u00fasica celestial o divina, leer libros ke kontengan temas espirituales, divinos o de ciencia verdadera, cuidar el templo cuerpo con una buena higiene, tener buenos h\u00e1bitos de vida (evitar la fornicaci\u00f3n, el adulterio y todas aquellas pr\u00e1cticas que hacen que la energ\u00eda kreadora (seksual =sexual) se pierda como en el caso de la masturbaci\u00f3n y otras pr\u00e1cticas del infrasexo (homosexualismo). En k\u00f3ntesis (s\u00edntesis) la pr\u00e1ktika de los mandasiertos (mandamientos) de la Lei (ley) de Dios nos orientan a una buena pr\u00e1ktica de vida ke ekivale a praktikar el TAOISMO.<\/span><\/p>\n<p class=\"MsoNormal\"><span lang=\"ES-AR\" style=\"font-size: 12.0pt; line-height: 115%; font-family: 'Tahoma','sans-serif'; color: #0070c0;\">El cuerpo f\u00edsico del ser humagdu es el templo del Esp\u00edritu Sakro de Dios, rekordemos cuando en el libro de G\u00e9nesis 1-26, Dios dijo \u201c\u2026hagamos al hombre a nuestra imagen conforme a nuestra semejanza\u2026\u201d. La Doktrina TAOISTA promueve el cuidado del templo cuerpo, cuando a sus integrantes se nos ense\u00f1a ke debemos alisertarnos (alimentarnos bien). Kuando un ser humagdu se alisierta adekuadainti, esto es comer lo m\u00e1s natural posible (Frutas Verduras i Legumvres Alisierto de Dioses), sin combinar sabores no comer cad\u00e1veres o agdivienes muertos (animales muertos) ni fermentos, la sangre se sublimisa, mejora su consistencia i kalidad, se oxigeniza porke logra evacuar gran cantidad de toxinas en el recorrido dentro del organismo. Por ende todos los orgagdus (\u00f3rganos) por ella irrigados tambi\u00e9n se descontaminan mejorando su funcionacierto (funcionamiento). Por consiguiente se limpia el alma por cuanto la sangre de todo ser vivo es la casa del alma tal i komo lo dice la Sagrada Escritura en Lev\u00edtico 17-14. De esta forma observamos la integralidad entre el cuerpo f\u00edsico i el alma. I a su ves observamos la integralidad entre el cuerpo templo como casa o templo del Esp\u00edritu de Dios ke es el esp\u00edritu del ser ke le est\u00e1 dando vida.<\/span><\/p>\n<p class=\"MsoNormal\"><span lang=\"ES-AR\" style=\"font-size: 12.0pt; line-height: 115%; font-family: 'Tahoma','sans-serif'; color: #0070c0;\"><a href=\"https:\/\/www.joventaoista.org\/wp-content\/uploads\/2013\/05\/farmcia.jpg\"><img loading=\"lazy\" decoding=\"async\" class=\"wp-image-4919 alignright\" alt=\"farmcia\" src=\"https:\/\/www.joventaoista.org\/wp-content\/uploads\/2013\/05\/farmcia-1024x1024.jpg\" width=\"258\" height=\"258\" srcset=\"https:\/\/www.joventaoista.org\/wp-content\/uploads\/2013\/05\/farmcia-1024x1024.jpg 1024w, https:\/\/www.joventaoista.org\/wp-content\/uploads\/2013\/05\/farmcia-300x300.jpg 300w, https:\/\/www.joventaoista.org\/wp-content\/uploads\/2013\/05\/farmcia-100x100.jpg 100w, https:\/\/www.joventaoista.org\/wp-content\/uploads\/2013\/05\/farmcia-600x600.jpg 600w, https:\/\/www.joventaoista.org\/wp-content\/uploads\/2013\/05\/farmcia-150x150.jpg 150w, https:\/\/www.joventaoista.org\/wp-content\/uploads\/2013\/05\/farmcia.jpg 700w\" sizes=\"(max-width: 258px) 100vw, 258px\" \/><\/a>Por lo anterior es el deber de toda la humagdidad laborar en pro de su salud integral. Esto no genera benepl\u00e1cito entre las grandes empresas que producen qu\u00edmicos como Coca-Cola y otras m\u00e1s repletas de preservantes i qu\u00edmicos en general\u2026las cuales tienen bajo su dominio a la mayor parte de la humanidad por cuanto se dedican a contaminar su sangre con todo ese veneno del cual se componen. Y la humanidad est\u00e1 totalmente ciega consumiendo en todo momento disfrutando de sus sabores sin pensar en ning\u00fan instante que gota a gota de ese producto est\u00e1 da\u00f1ando c\u00e9lula a c\u00e9lula la Kasa del Dios Vivo. Por ke s\u00ed estimada hermagda Claudia de F\u00e1tima, toda la humagdidad i todas las formas de vida fueron kreadas pada ke sean la Kasa del Dios Vivo o Templo del Esp\u00edritu de Dios.<\/span><\/p>\n<p class=\"MsoNormal\"><span lang=\"ES-AR\" style=\"font-size: 12.0pt; line-height: 115%; font-family: 'Tahoma','sans-serif'; color: #0070c0;\">Sav\u00eda su merced estimada hermagda, ke cuando un ser humano come carne su gen\u00e9tica adquiere los genes de ese animal que se comi\u00f3. Y ese animal muerto para el consumo humano cambi\u00f3 su gen\u00e9tica en el preciso instante antes de su muerte, por cuanto al presentir la muerte se llen\u00f3 de ira al verse impotente para defenderse. Y esa ira qued\u00f3 plasmada en sus genes, en su carne, en su sangre, en su esp\u00edritu. Y toda esa carro\u00f1a va a parar a la boca del humano consumidor, transfiri\u00e9ndose toda la gen\u00e9tica del animal al ADN del humano. Esa ira heredada i dem\u00e1s sentimientos negativos como el haberse sentido impotente, le producen al consumidor humano estados de violencia contra s\u00ed mismo y contra los que le rodean. Alej\u00e1ndolo del estado de divinidad que debiera tener por ser el templo de Dios.<\/span><\/p>\n<p class=\"MsoNormal\"><span lang=\"ES-AR\" style=\"font-size: 12.0pt; line-height: 115%; font-family: 'Tahoma','sans-serif'; color: #0070c0;\">Es as\u00ed komo esta Doktrina Salvadora nos havre los ojos i nos muestra ke tan dormidos est\u00e1bamos i nos devuelve al sendero de La Luz.<\/span><\/p>\n<p class=\"MsoNormal\"><span lang=\"ES-AR\" style=\"font-size: 12.0pt; line-height: 115%; font-family: 'Tahoma','sans-serif'; color: #0070c0;\">Es akaso ke la iglesia cat\u00f3lica i otras iglesias seudo cristianas practican estas ense\u00f1anzas?. Acaso les interesa la salud de su gente?. Dicen proveer de salud espiritual, empero como ya lo vimos, la salud espiritual depende de la salud f\u00edsica, como primer paso hacia el encuentro de lo espiritual. Porke no olvidemos ke nos encontramos en la tercera dimensel donde lo primero al alcance es la viteria (Materia) empero ke \u00e9sta contiene al esp\u00edritu.<\/span><\/p>\n<p class=\"MsoNormal\"><span lang=\"ES-AR\" style=\"font-size: 12.0pt; line-height: 115%; font-family: 'Tahoma','sans-serif'; color: #0070c0;\">S\u00f3lo despertando consciencia de estas realidades empezaremos a andar por los senderos de la evolusel (evoluci\u00f3n) integral. I s\u00f3lo teniendo la KARIDAD de ense\u00f1ar esta doktrina a los dem\u00e1s seres de la gea es komo estaremos kolavorando kon la gran misel ke Dios nos ha altargado (encargado) a cada uno de nos los seres humagdus.<\/span><\/p>\n<p class=\"MsoNormal\"><span lang=\"ES-AR\" style=\"font-size: 12.0pt; line-height: 115%; font-family: 'Tahoma','sans-serif'; color: #0070c0;\"><a href=\"https:\/\/www.joventaoista.org\/wp-content\/uploads\/2013\/05\/salud.jpg\"><img loading=\"lazy\" decoding=\"async\" class=\"size-full wp-image-5013 alignleft\" alt=\"salud\" src=\"https:\/\/www.joventaoista.org\/wp-content\/uploads\/2013\/05\/salud.jpg\" width=\"306\" height=\"164\" srcset=\"https:\/\/www.joventaoista.org\/wp-content\/uploads\/2013\/05\/salud.jpg 306w, https:\/\/www.joventaoista.org\/wp-content\/uploads\/2013\/05\/salud-300x160.jpg 300w\" sizes=\"(max-width: 306px) 100vw, 306px\" \/><\/a>Es de saber ke kada persona es lo ke kome o resive komo alisierto. I ese alisierto no solo entra por la boca, sino tambi\u00e9n es lo ke entra por los dem\u00e1s sentidos del cuerpo como son los o\u00eddos, el olfato, el takto, los ojos. Por lo ke estamos obligados a selekselar (seleccionar) este tipo de alisierto (alimento). Sobre estos temas su merced se podr\u00e1 enterar oiendo (oyendo) las dem\u00e1s doktrinas emitidas en las emisoras taoistas o asistiendo a las Fuentes Taoistas que existen en diferentes ciudades de Colombia.<\/span><\/p>\n<p class=\"MsoNormal\"><span lang=\"ES-AR\" style=\"font-size: 12.0pt; line-height: 115%; font-family: 'Tahoma','sans-serif'; color: #0070c0;\">La invito a ke empiece a cuidar su salud integral kon la pr\u00e1ctica de buenas costumbres i empiece a ense\u00f1ar a los seres ke la rodean sobre esas mismas pr\u00e1ktikas. Su merced en su propia viteria (materia=cuerpo=alma=esp\u00edritu) komprovar\u00e1 al praktikar esta ense\u00f1anza b\u00e1sica que es la buena alimentaci\u00f3n, el efecto positivo ke le generar\u00e1 a su vida, empero s\u00f3lo meneste (necesita) ponerlo en pr\u00e1ctica.<\/span><\/p>\n<p class=\"MsoNormal\"><span lang=\"ES-AR\" style=\"font-size: 12.0pt; line-height: 115%; font-family: 'Tahoma','sans-serif'; color: #0070c0;\">Muchas empresas farmac\u00e9uticas quebrar\u00edan si muchas m\u00e1s personas cuidaran, su templo cuerpo, por lo tanto muchos hospitales tendr\u00edan que cerrar sus puertas por ke ya no tendr\u00edan a quien atender. Las personas de la Gea (Mal llamada Tierra) serian seres mas saludables y la mortandad por causa de enfernodades (enfermedades) i violencias se disminuir\u00eda. El alma i el esp\u00edritu de esas personas ser\u00edan mas divinales. El bien abundar\u00eda i estar\u00edamos a puertas de derrotar a Sat\u00e1n quien ha sido el ke por siglos a dominado este mundo, lo cual es mui evidente.<\/span><\/p>\n<p class=\"MsoNormal\"><span lang=\"ES-AR\" style=\"font-size: 12.0pt; line-height: 115%; font-family: 'Tahoma','sans-serif'; color: #0070c0;\">Ahora s\u00ed es claro por k\u00e9 nos persiguen, no le convenimos al Dominador o Pr\u00edncipe de este mundo!!!!<\/span><\/p>\n<p class=\"MsoNormal\"><span lang=\"ES-AR\" style=\"font-size: 12.0pt; line-height: 115%; font-family: 'Tahoma','sans-serif'; color: #0070c0;\">Entregue esta KARIDAD a su gente veneravle ser i vera resivir en abundancia muchas bondades pada su merced i su familia\u2026. Porke de acuerdo a lo ke damos resivimos.<\/span><\/p>\n<p class=\"MsoNormal\"><a href=\"https:\/\/www.joventaoista.org\/wp-content\/uploads\/2013\/04\/167272_10150100875986866_728501865_6125105_4908690_n1.jpg\"><img loading=\"lazy\" decoding=\"async\" class=\"wp-image-4885 aligncenter\" alt=\"167272_10150100875986866_728501865_6125105_4908690_n\" src=\"https:\/\/www.joventaoista.org\/wp-content\/uploads\/2013\/04\/167272_10150100875986866_728501865_6125105_4908690_n1.jpg\" width=\"504\" height=\"378\" srcset=\"https:\/\/www.joventaoista.org\/wp-content\/uploads\/2013\/04\/167272_10150100875986866_728501865_6125105_4908690_n1.jpg 720w, https:\/\/www.joventaoista.org\/wp-content\/uploads\/2013\/04\/167272_10150100875986866_728501865_6125105_4908690_n1-600x450.jpg 600w, https:\/\/www.joventaoista.org\/wp-content\/uploads\/2013\/04\/167272_10150100875986866_728501865_6125105_4908690_n1-300x225.jpg 300w\" sizes=\"(max-width: 504px) 100vw, 504px\" \/><\/a><span style=\"line-height: 1.5em;\">\u00a0<\/span><\/p>\n<p align=\"center\"><iframe loading=\"lazy\" src=\"\/\/www.youtube.com\/embed\/PQDRF7M8MiU\" height=\"315\" width=\"420\" allowfullscreen=\"\" frameborder=\"0\"><\/iframe><\/p>\n","protected":false},"excerpt":{"rendered":"<p>Dise el Veneravle Ser Masdalevo: A la Doctora Claudia. Buen d\u00eda hermagdus del pueblo de DIOS sobre la gea y buen d\u00eda a la abogada Claudia de F\u00e1tima, que espero me oiga mi comentario. Como s\u00e9 que usted es abogada, debe conocer que la pena de muerte no surge de una concesi\u00f3n y no es [&hellip;]<\/p>\n","protected":false},"author":6,"featured_media":8094,"comment_status":"open","ping_status":"open","sticky":false,"template":"","format":"standard","meta":{"_et_pb_use_builder":"","_et_pb_old_content":"","_et_gb_content_width":"","footnotes":""},"categories":[95,106],"tags":[781,786,791,787,785,790,830,807,782],"class_list":["post-8317","post","type-post","status-publish","format-standard","has-post-thumbnail","hentry","category-blog-eo","category-konspiracion-eo","tag-corrupcion","tag-gran-ramera","tag-la-prelatura-apostolica","tag-pedofilia","tag-perversion-de-los-sacerdotes","tag-sacerdotes-catolicos","tag-sacerdotes-pederastas","tag-vaticano-cuna-del-mal","tag-violaciones"],"_links":{"self":[{"href":"https:\/\/www.joventaoista.org\/eo\/wp-json\/wp\/v2\/posts\/8317","targetHints":{"allow":["GET"]}}],"collection":[{"href":"https:\/\/www.joventaoista.org\/eo\/wp-json\/wp\/v2\/posts"}],"about":[{"href":"https:\/\/www.joventaoista.org\/eo\/wp-json\/wp\/v2\/types\/post"}],"author":[{"embeddable":true,"href":"https:\/\/www.joventaoista.org\/eo\/wp-json\/wp\/v2\/users\/6"}],"replies":[{"embeddable":true,"href":"https:\/\/www.joventaoista.org\/eo\/wp-json\/wp\/v2\/comments?post=8317"}],"version-history":[{"count":0,"href":"https:\/\/www.joventaoista.org\/eo\/wp-json\/wp\/v2\/posts\/8317\/revisions"}],"wp:featuredmedia":[{"embeddable":true,"href":"https:\/\/www.joventaoista.org\/eo\/wp-json\/wp\/v2\/media\/8094"}],"wp:attachment":[{"href":"https:\/\/www.joventaoista.org\/eo\/wp-json\/wp\/v2\/media?parent=8317"}],"wp:term":[{"taxonomy":"category","embeddable":true,"href":"https:\/\/www.joventaoista.org\/eo\/wp-json\/wp\/v2\/categories?post=8317"},{"taxonomy":"post_tag","embeddable":true,"href":"https:\/\/www.joventaoista.org\/eo\/wp-json\/wp\/v2\/tags?post=8317"}],"curies":[{"name":"wp","href":"https:\/\/api.w.org\/{rel}","templated":true}]}}