{"id":8532,"date":"2014-03-05T18:19:57","date_gmt":"2014-03-05T18:19:57","guid":{"rendered":"https:\/\/www.joventaoista.org\/?p=8532"},"modified":"2014-04-25T20:17:58","modified_gmt":"2014-04-25T20:17:58","slug":"el-opus-dei-la-organizacion-de-la-muerte-17","status":"publish","type":"post","link":"https:\/\/www.joventaoista.org\/eo\/el-opus-dei-la-organizacion-de-la-muerte-17\/","title":{"rendered":"el Opus Dei la Organizaci\u00f3n de la muerte, 17."},"content":{"rendered":"<p class=\"MsoNormal\"><span lang=\"ES-TRAD\">Vuen Dia veneravle Helohim kumido , le doi grat\u00edsimas por las klases ke kada dia nos abren la inti a la verdad.<\/span><span style=\"line-height: 1.5em;\">\u00a0<\/span><\/p>\n<p class=\"MsoNormal\"><span lang=\"ES-TRAD\">Kiero dar un porte sobre lo ke se ha estado tratando\u00a0 en estos d\u00edas.<\/span><\/p>\n<p class=\"MsoNormal\"><span lang=\"ES-TRAD\">\u00a0<\/span><span lang=\"ES-TRAD\">A llegado a mis magdus una informaci\u00f3n sobre el opus dei i la relaci\u00f3n politica que tiene en Colombia\u2026\u00a0 dicha informaci\u00f3n contiene\u00a0 cosas mu\u00ed interesantes i ke nos komo el puevlo de Dios debemos\u00a0 konoser pada saber komo se infiltra la bestia en todo, esto porke conoci que muchos pol\u00edticos del gobierno de Uribe son de esta secta dentro de ellos algunos :<\/span><\/p>\n<p class=\"MsoNormal\"><span lang=\"ES-TRAD\">\u00a0<\/span><span lang=\"ES-TRAD\" style=\"font-family: Symbol; mso-fareast-font-family: Symbol; mso-bidi-font-family: Symbol;\">\u00b7<span style=\"font-size: 7pt; line-height: normal; font-family: 'Times New Roman';\">\u00a0\u00a0\u00a0\u00a0\u00a0\u00a0\u00a0\u00a0 <\/span><\/span><span lang=\"ES-TRAD\">Alvaro Uribe Velez<\/span><\/p>\n<p class=\"MsoListParagraphCxSpMiddle\" style=\"text-indent: -18.0pt; mso-list: l1 level1 lfo1;\"><!--[if !supportLists]--><span lang=\"ES\" style=\"font-family: Symbol; mso-fareast-font-family: Symbol; mso-bidi-font-family: Symbol; mso-ansi-language: ES;\">\u00b7<span style=\"font-size: 7pt; line-height: normal; font-family: 'Times New Roman';\">\u00a0\u00a0\u00a0\u00a0\u00a0\u00a0\u00a0\u00a0 <\/span><\/span><!--[endif]--><span lang=\"ES\">Jos\u00e9 Roberto Arango. Alto consejero de la presidencia de Uribe.<\/span><\/p>\n<p class=\"MsoListParagraphCxSpMiddle\" style=\"text-indent: -18.0pt; mso-list: l1 level1 lfo1;\"><!--[if !supportLists]--><span lang=\"ES\" style=\"font-family: Symbol; mso-fareast-font-family: Symbol; mso-bidi-font-family: Symbol; mso-ansi-language: ES;\">\u00b7<span style=\"font-size: 7pt; line-height: normal; font-family: 'Times New Roman';\">\u00a0\u00a0\u00a0\u00a0\u00a0\u00a0\u00a0\u00a0 <\/span><\/span><!--[endif]--><span lang=\"ES\">Sabas Pretelt de la Vega, El presidente de la Federaci\u00f3n Nacional de Comerciantes, Fenalco.<\/span><\/p>\n<p class=\"MsoListParagraphCxSpMiddle\" style=\"text-indent: -18.0pt; mso-list: l1 level1 lfo1;\"><!--[if !supportLists]--><span lang=\"ES\" style=\"font-family: Symbol; mso-fareast-font-family: Symbol; mso-bidi-font-family: Symbol; mso-ansi-language: ES;\">\u00b7<span style=\"font-size: 7pt; line-height: normal; font-family: 'Times New Roman';\">\u00a0\u00a0\u00a0\u00a0\u00a0\u00a0\u00a0\u00a0 <\/span><\/span><!--[endif]--><span lang=\"ES\">Jaime Berm\u00fadez Merizalde, Ministro de relaciones exteriores<\/span><\/p>\n<p class=\"MsoListParagraphCxSpMiddle\" style=\"text-indent: -18.0pt; mso-list: l1 level1 lfo1;\"><!--[if !supportLists]--><span lang=\"ES\" style=\"font-family: Symbol; mso-fareast-font-family: Symbol; mso-bidi-font-family: Symbol; mso-ansi-language: ES;\">\u00b7<span style=\"font-size: 7pt; line-height: normal; font-family: 'Times New Roman';\">\u00a0\u00a0\u00a0\u00a0\u00a0\u00a0\u00a0\u00a0 <\/span><\/span><!--[endif]--><span lang=\"ES\">Andr\u00e9s Uriel Gallego, Ministro de transporte<\/span><\/p>\n<p class=\"MsoListParagraphCxSpMiddle\" style=\"text-indent: -18.0pt; mso-list: l1 level1 lfo1;\"><!--[if !supportLists]--><span lang=\"ES\" style=\"font-family: Symbol; mso-fareast-font-family: Symbol; mso-bidi-font-family: Symbol; mso-ansi-language: ES;\">\u00b7<span style=\"font-size: 7pt; line-height: normal; font-family: 'Times New Roman';\">\u00a0\u00a0\u00a0\u00a0\u00a0\u00a0\u00a0\u00a0 <\/span><\/span><!--[endif]--><span lang=\"ES\">Luis Alfonso Hoyos Aristiz\u00e1bal, Alto Consejero Presidencial ,embajador de Colombia ante la Organizaci\u00f3n de Estados Americanos. OEA<\/span><\/p>\n<p class=\"MsoListParagraphCxSpMiddle\" style=\"text-indent: -18.0pt; mso-list: l1 level1 lfo1;\"><!--[if !supportLists]--><span lang=\"ES\" style=\"font-family: Symbol; mso-fareast-font-family: Symbol; mso-bidi-font-family: Symbol; mso-ansi-language: ES;\">\u00b7<span style=\"font-size: 7pt; line-height: normal; font-family: 'Times New Roman';\">\u00a0\u00a0\u00a0\u00a0\u00a0\u00a0\u00a0\u00a0 <\/span><\/span><!--[endif]--><span lang=\"ES\">Mauricio Vel\u00e1squez C\u00e9sar, Secretario de prensa <\/span><\/p>\n<p class=\"MsoListParagraphCxSpLast\" style=\"text-indent: -18.0pt; mso-list: l1 level1 lfo1;\"><!--[if !supportLists]--><span lang=\"ES\" style=\"font-family: Symbol; mso-fareast-font-family: Symbol; mso-bidi-font-family: Symbol; mso-ansi-language: ES;\">\u00b7<span style=\"font-size: 7pt; line-height: normal; font-family: 'Times New Roman';\">\u00a0\u00a0\u00a0\u00a0\u00a0\u00a0\u00a0\u00a0 <\/span><\/span><!--[endif]--><span lang=\"ES\">Jorge Alberto Uribe Echavarr\u00eda, Ministro de defensa<\/span><\/p>\n<p class=\"MsoNormal\"><span lang=\"ES-TRAD\">Es important\u00edsimo saber estos datos ya que obviamente las decisiones tomadas por estos personajes est\u00e1n influenciadas por sus creencias religiosas, mas aun conociendo que el <\/span><span lang=\"ES-TRAD\" style=\"color: red;\">opus dey<\/span><span lang=\"ES-TRAD\">\u00a0 es una secta que entre otras cosas lo m\u00e1s delicado que hace es que permite a personas civiles no pertenecientes al clero participaci\u00f3n de sus nefastos\u00a0 prop\u00f3sitos, siendo conocidos estos como los laicos donde se encuentran desde j\u00f3venes comunes, padres y madres de familia hasta los pol\u00edticos m\u00e1s influyentes\u2026<\/span><\/p>\n<p class=\"MsoNormal\"><span style=\"line-height: 1.5em;\">Mui delicado esto ya que aunque los pol\u00edticos antes citados puede que ya no tengan estos cargos que ejercieron durante la presidencia de Uribe, ellos siguen siendo muy influyentes en la pol\u00edtica y en las decisiones de aspectos important\u00edsimos en Colombia, algunos de ellos contin\u00faan formando parte de el gobierno actual, y no debemos olvidar que fue en el gobierno de Uribe que se inbadi\u00f3 el templo y que aunque Uribe ya no es el presidente sigue manejando como marionetas a los pol\u00edticos de turno de Colombia.<\/span><\/p>\n<p class=\"MsoNormal\"><span lang=\"ES-TRAD\" style=\"line-height: 1.5em;\">Asi mismo investigando sobre este tema supe que el actual procurador de la naci\u00f3n Colombiana el se\u00f1or Alejandro Ordo<\/span><span lang=\"ES\" style=\"line-height: 1.5em;\">\u00f1<\/span><span lang=\"ES-TRAD\" style=\"line-height: 1.5em;\">es MALdonado, encontr\u00e9 que tammal esta relacionado con el\u00a0 opus dey,\u00a0 este les recuerdo que es el mismo ke penaliso al alcade Gustabo Petro y lo inhabilito para permanecer en su cargo de alcalde y lo penaliso por\u00a0 varios a<\/span><span lang=\"ES\" style=\"line-height: 1.5em;\">\u00f1<\/span><span lang=\"ES-TRAD\" style=\"line-height: 1.5em;\">os. sin embargo investigando vien encontramos algo mucho mas siniestro y es ke este personaje pertenece a otra organizaci\u00f3n cat\u00f3lica llamada la hermandad sacerdotal san pio X que es una secta cat\u00f3lica conocida tanmal como los lefebvristas que son los seguidores de la doctrina de <a href=\"http:\/\/es.wikipedia.org\/wiki\/Marcel_Lefebvre\"><span lang=\"ES\">Marcel Lefebvre<\/span><\/a><\/span><span lang=\"ES\" style=\"line-height: 1.5em;\">, un <\/span><span lang=\"ES-TRAD\" style=\"line-height: 1.5em;\"><a href=\"http:\/\/es.wikipedia.org\/wiki\/Arzobispo\"><span lang=\"ES\">arzobispo<\/span><\/a><\/span><span lang=\"ES\" style=\"line-height: 1.5em;\"> franc\u00e9s renombrado por su oposici\u00f3n al rumbo tomado por la <\/span><span lang=\"ES-TRAD\" style=\"line-height: 1.5em;\"><a href=\"http:\/\/es.wikipedia.org\/wiki\/Iglesia_cat%C3%B3lica\"><span lang=\"ES\">Iglesia cat\u00f3lica<\/span><\/a><\/span><span lang=\"ES\" style=\"line-height: 1.5em;\"> despu\u00e9s al <\/span><span lang=\"ES-TRAD\" style=\"line-height: 1.5em;\"><a href=\"http:\/\/es.wikipedia.org\/wiki\/Concilio_Vaticano_II\"><span lang=\"ES\">Concilio Vaticano II<\/span><\/a><\/span><span lang=\"ES\" style=\"line-height: 1.5em;\"> (1962\u20131965).<\/span><\/p>\n<p class=\"MsoNormal\"><span lang=\"ES\">\u00a0<\/span><span lang=\"ES\">Kiero comentarles un poco sobre esta terrible organizaci\u00f3n cat\u00f3lica.<\/span><span lang=\"ES\">\u00a0<\/span><\/p>\n<p class=\"MsoNormal\"><a href=\"https:\/\/www.joventaoista.org\/wp-content\/uploads\/2014\/03\/politicos-catolicos.png\"><img loading=\"lazy\" decoding=\"async\" class=\"size-full wp-image-8564 alignright\" alt=\"politicos  catolicos\" src=\"https:\/\/www.joventaoista.org\/wp-content\/uploads\/2014\/03\/politicos-catolicos.png\" width=\"205\" height=\"272\" \/><\/a><\/p>\n<p class=\"MsoNormal\"><span lang=\"ES\">En 1970, Monse\u00f1or Marcel Lefebvre fund\u00f3 en \u00c9c\u00f4ne la Hermandad Sacerdotal, a ra\u00edz de la petici\u00f3n de varios seminaristas franceses que no quer\u00edan estudiar con los nuevos m\u00e9todos introducidos en el Pontificio Seminario Franc\u00e9s de Roma tomados tras terminar el Concilio Vaticano II. \u00a0Con el permiso de Pablo VI, la instituci\u00f3n fue erigida can\u00f3nicamente por el obispo Fran\u00e7ois Charri\u00e8re, obispo de Lausana, Ginebra y Friburgo, como &#8220;uni\u00f3n piadosa&#8221; para un per\u00edodo de seis a\u00f1os renovables \u201cad experimentum\u201d (es desir experimentando). Por su parte, el obispo de Sion autoriz\u00f3 a establecer un seminario en \u00c9c\u00f4ne. Tras esto el prefecto de la Sagrada Congregaci\u00f3n para el Clero el cardenal John Joseph Wright, escribe elogiando los estatutos de la Hermandad.<\/span><\/p>\n<p class=\"MsoNormal\"><span lang=\"ES\">Los principales objetivos de la hermandad sacerdotal eran continuar con el car\u00e1cter medieval que llevaba el cat\u00f3lisisimo antes de el concilio vaticano II del cual se opusieron rotundamente ya ke en este concilio la iglesia toma una tendencia mas liberal y mas amplia en sus ritos d\u00e1ndole mas libertad a la mujer, haciendo las misas en espa\u00f1ol, y b\u00e1sicamente teniendo 3 principios que harian que el catolisismo se pudiera comercializar mas en un mundo cambiante,\u00a0 estos fueron los principios cambiados en el concilio:<\/span><\/p>\n<p class=\"MsoNormal\"><span style=\"line-height: 1.5em;\">1. <\/span><i style=\"line-height: 1.5em;\">La Libertad religiosa<\/i><span style=\"line-height: 1.5em;\">: La declaraci\u00f3n Dignitatis humanae del Concilio Vaticano II afirm\u00f3 el derecho de cada persona y comunidad a la libertad social y civil en materia religiosa, por lo que Lefebvre y sus seguidores consideraron que la Iglesia abandona su bimilenaria vocaci\u00f3n misionera y desalienta en sus miembros la labor proselitista, por lo que se recomienda a los potenciales conversos a permanecer en su fe. La libertad de cultos es asimilable al principio revolucionario liberal de la \u00abLibertad\u00bb.<\/span><\/p>\n<p class=\"MsoNormal\"><span lang=\"ES\">2. <i>El Conciliarismo<\/i>: La Iglesia no es ya una monarqu\u00eda, sino una democracia donde la voluntad de la mayor\u00eda gobierna a trav\u00e9s de un estado de &#8220;Concilio Permanente&#8221;, asimilable al principio revolucionario liberal de la \u00abIgualdad\u00bb.<\/span><\/p>\n<p class=\"MsoNormal\"><span lang=\"ES\">3. <i>El Ecumenismo<\/i>: Todos los credos \u2014incluso los no cristianos, animistas o paganos\u2014 son iguales y agradan al \u00fanico Dios, principio base de la Reuni\u00f3n de As\u00eds 1988 y sus secuelas, asimilable al principio revolucionario liberal de la \u00abFraternidad\u00bb.<\/span><\/p>\n<p class=\"MsoNormal\"><span lang=\"ES\">Estos estatutos fueron aceptados por la iglesia cat\u00f3lica en ese concilio obiamente presionada por la fuerte oleada de corrientes cristianas donde al ser mas liberales se estavan llevando la feligres\u00eda cat\u00f3lica, pero oviamente vemos que a pesar de que la iglesia cat\u00f3lica pone su fachada de esta forma sigue permitiendo que se contin\u00faen haciendo ritos\u00a0 atiguos mas\u00a0<\/span><\/p>\n<p><img loading=\"lazy\" decoding=\"async\" class=\"size-full wp-image-8568 alignleft\" alt=\"images (2)\" src=\"https:\/\/www.joventaoista.org\/wp-content\/uploads\/2014\/03\/images-2.jpg\" width=\"200\" height=\"252\" \/><\/p>\n<p class=\"MsoNormal\"><span lang=\"ES\">cercanos al rito romano y, a pesar de algunos opositores dentro de el clero cat\u00f3lico, Lefevbre logra su objetivo y continua llevando una corriente ultracatolica cargada de fundamentalismos que son antiliberales antiprogresistas, antifeministas, antisocialistas , antisemitas que van de la mano con las corrientes de\u00a0 la derecha pol\u00edtica.<\/span><\/p>\n<p class=\"MsoNormal\"><span lang=\"ES\">\u00a0<\/span><span lang=\"ES\">Algunas de las publicaciones conocidas de Lefebvre son;<\/span><\/p>\n<p class=\"MsoNormal\"><span lang=\"ES\">\u201cNos adherimos de todo coraz\u00f3n, con toda nuestra alma, a la Roma cat\u00f3lica guardiana de la fe cat\u00f3lica y de las tradiciones necesarias al mantenimiento de esa fe, a la Roma eterna, maestra de sabidur\u00eda y de verdad\u201d<\/span><\/p>\n<p class=\"MsoNormal\"><span lang=\"ES\">\u201cNo se puede dialogar con los masones o con los comunistas, no se dialoga con el diablo\u201d<\/span><\/p>\n<p class=\"MsoNormal\"><span lang=\"ES\">\u00a0<\/span><span lang=\"ES\">Ahora bien sucede que en Colombia esta secta fundamentalista cat\u00f3lica tiene su base presisamente en Bucaramanga donde en el a\u00f1o 1982 se forma\u00a0 como la sociedad tradicionalista Colombiana y el presidente de la junta directiva nos ni mas ni menos ke el se\u00f1or Alejandro Ordo\u00f1ez MALdonado, el mismo que hoy en dia es procurador general de la naci\u00f3n y el mismo que ha destituido a el alcalde Gustavo Petro y que para los que no saben es adem\u00e1s\u00a0 futuro candidato de la presidencia de Colombia.<\/span><\/p>\n<p class=\"MsoNormal\"><a href=\"https:\/\/www.joventaoista.org\/wp-content\/uploads\/2014\/03\/politicos-catolicos2.png.jpg\"><img loading=\"lazy\" decoding=\"async\" class=\"wp-image-8565 aligncenter\" alt=\"politicos  catolicos2.png\" src=\"https:\/\/www.joventaoista.org\/wp-content\/uploads\/2014\/03\/politicos-catolicos2.png.jpg\" width=\"448\" height=\"196\" srcset=\"https:\/\/www.joventaoista.org\/wp-content\/uploads\/2014\/03\/politicos-catolicos2.png.jpg 640w, https:\/\/www.joventaoista.org\/wp-content\/uploads\/2014\/03\/politicos-catolicos2.png-600x263.jpg 600w, https:\/\/www.joventaoista.org\/wp-content\/uploads\/2014\/03\/politicos-catolicos2.png-300x131.jpg 300w\" sizes=\"(max-width: 448px) 100vw, 448px\" \/><\/a><\/p>\n<p class=\"MsoNormal\"><span lang=\"ES\">Este es un claro ejemplo de c\u00f3mo satan va metiendo las pesu\u00f1as en todo. i ser\u00e1 casualidad\u00a0\u00a0 que esta oscura organizaci\u00f3n surgiera en la ciudad de Bucaramanga presisamente por la misma fecha que el maestro kelium se da a konoser puvlikamente?<\/span><\/p>\n<p class=\"MsoNormal\"><span lang=\"ES\">\u00a0<\/span><span lang=\"ES\">Asi ke venerables hermagdus i venerable Dios kumido me parece mui importante ke los j\u00f3venes tao\u00edstas nos enteremos de esto ya ke aunque no somos una organizaci\u00f3n pol\u00edtica debemos conocer que a nuestro alrededor se mueve todo basado en desiciones pol\u00edticas y que los pol\u00edticos a su ves son influidos por sus creencias religiosas.<\/span><\/p>\n<p class=\"MsoNormal\"><span lang=\"ES\">\u00a0<\/span><span lang=\"ES\">Maestro ASOSTEI,\u00a0<\/span><span lang=\"ES\">Dragon DIOMKEO<\/span><\/p>\n<p class=\"MsoNormal\"><span lang=\"ES\">\u00a0<\/span><span lang=\"ES-TRAD\"><a href=\"http:\/\/www.opuslibros.org\/prensa\/red_opus.htm\"><span lang=\"ES\">http:\/\/www.opuslibros.org\/prensa\/red_opus.htm<\/span><\/a><\/span><\/p>\n<p class=\"MsoNormal\"><a style=\"line-height: 1.5em;\" href=\"http:\/\/www.elcolombiano.com\/BancoConocimiento\/A\/alejandro_ordonez_judios_piden_al_procurador_aclarar_su_posicion_sobre_el_holocausto\/alejandro_ordonez_judios_piden_al_procurador_aclarar_su_posicion_sobre_el_holocausto.asp\"><span lang=\"ES\">http:\/\/www.elcolombiano.com\/BancoConocimiento\/A\/alejandro_ordonez_judios_piden_al_procurador_aclarar_su_posicion_sobre_el_holocausto\/alejandro_ordonez_judios_piden_al_procurador_aclarar_su_posicion_sobre_el_holocausto.asp<\/span><\/a><\/p>\n<p class=\"MsoNormal\"><span style=\"line-height: 1.5em;\">opus dey,\u00a0<\/span><span lang=\"ES\">Opuesto a Dios.<\/span><span style=\"line-height: 1.5em;\">\u00a0<\/span><\/p>\n<p align=\"center\"><iframe loading=\"lazy\" width=\"560\" height=\"315\" src=\"\/\/www.youtube.com\/embed\/k-4JH9K7avY\" frameborder=\"0\" allowfullscreen><\/iframe><\/p>\n<p align=\"center\"><iframe loading=\"lazy\" src=\"\/\/www.youtube.com\/embed\/oAA335ufGOk\" height=\"315\" width=\"420\" allowfullscreen=\"\" frameborder=\"0\"><\/iframe><\/p>\n<p align=\"center\"><iframe loading=\"lazy\" src=\"\/\/www.youtube.com\/embed\/1BBQYRlkq14\" height=\"315\" width=\"560\" allowfullscreen=\"\" frameborder=\"0\"><\/iframe><\/p>\n<p align=\"center\"><iframe loading=\"lazy\" src=\"\/\/www.youtube.com\/embed\/HZe-w1hdNfM\" height=\"315\" width=\"560\" allowfullscreen=\"\" frameborder=\"0\"><\/iframe><\/p>\n<p align=\"center\"><iframe loading=\"lazy\" src=\"\/\/www.youtube.com\/embed\/o5KokqqTWCc\" height=\"315\" width=\"420\" allowfullscreen=\"\" frameborder=\"0\"><\/iframe><\/p>\n","protected":false},"excerpt":{"rendered":"<p>Vuen Dia veneravle Helohim kumido , le doi grat\u00edsimas por las klases ke kada dia nos abren la inti a la verdad.\u00a0 Kiero dar un porte sobre lo ke se ha estado tratando\u00a0 en estos d\u00edas. \u00a0A llegado a mis magdus una informaci\u00f3n sobre el opus dei i la relaci\u00f3n politica que tiene en Colombia\u2026\u00a0 [&hellip;]<\/p>\n","protected":false},"author":6,"featured_media":8256,"comment_status":"open","ping_status":"open","sticky":false,"template":"","format":"standard","meta":{"_et_pb_use_builder":"","_et_pb_old_content":"","_et_gb_content_width":"","footnotes":""},"categories":[106,471],"tags":[789,786,920,791,788,790,841,807],"class_list":["post-8532","post","type-post","status-publish","format-standard","has-post-thumbnail","hentry","category-konspiracion-eo","category-legido-del-konosisierto","tag-el-opus-dei","tag-gran-ramera","tag-la-iglesia-catolica-y-la-politica","tag-la-prelatura-apostolica","tag-pederasta","tag-sacerdotes-catolicos","tag-sacerdotes-pedofilia","tag-vaticano-cuna-del-mal"],"_links":{"self":[{"href":"https:\/\/www.joventaoista.org\/eo\/wp-json\/wp\/v2\/posts\/8532","targetHints":{"allow":["GET"]}}],"collection":[{"href":"https:\/\/www.joventaoista.org\/eo\/wp-json\/wp\/v2\/posts"}],"about":[{"href":"https:\/\/www.joventaoista.org\/eo\/wp-json\/wp\/v2\/types\/post"}],"author":[{"embeddable":true,"href":"https:\/\/www.joventaoista.org\/eo\/wp-json\/wp\/v2\/users\/6"}],"replies":[{"embeddable":true,"href":"https:\/\/www.joventaoista.org\/eo\/wp-json\/wp\/v2\/comments?post=8532"}],"version-history":[{"count":0,"href":"https:\/\/www.joventaoista.org\/eo\/wp-json\/wp\/v2\/posts\/8532\/revisions"}],"wp:featuredmedia":[{"embeddable":true,"href":"https:\/\/www.joventaoista.org\/eo\/wp-json\/wp\/v2\/media\/8256"}],"wp:attachment":[{"href":"https:\/\/www.joventaoista.org\/eo\/wp-json\/wp\/v2\/media?parent=8532"}],"wp:term":[{"taxonomy":"category","embeddable":true,"href":"https:\/\/www.joventaoista.org\/eo\/wp-json\/wp\/v2\/categories?post=8532"},{"taxonomy":"post_tag","embeddable":true,"href":"https:\/\/www.joventaoista.org\/eo\/wp-json\/wp\/v2\/tags?post=8532"}],"curies":[{"name":"wp","href":"https:\/\/api.w.org\/{rel}","templated":true}]}}