{"id":9825,"date":"2014-05-24T18:12:52","date_gmt":"2014-05-24T18:12:52","guid":{"rendered":"https:\/\/www.joventaoista.org\/?p=9825"},"modified":"2014-07-24T16:07:42","modified_gmt":"2014-07-24T16:07:42","slug":"indikasel-eleksel-presidensial-elohim-miguel-weorsshamaddihaael","status":"publish","type":"post","link":"https:\/\/www.joventaoista.org\/eo\/indikasel-eleksel-presidensial-elohim-miguel-weorsshamaddihaael\/","title":{"rendered":"Indikasel Eleksel presidensial, Elohim Miguel Weorsshamaddihaael."},"content":{"rendered":"<p class=\"MsoNormalCxSpFirst\" style=\"margin-bottom: .0001pt; mso-add-space: auto; text-align: center; line-height: normal; mso-outline-level: 1; tab-stops: 42.55pt 77.85pt center 209.8pt 220.95pt left 364.3pt 418.2pt;\" align=\"center\"><b><span lang=\"ES\" style=\"font-size: 12.0pt; font-family: 'Tahoma','sans-serif'; mso-fareast-font-family: 'Arial Unicode MS'; color: #ff9900; mso-ansi-language: ES;\">GEMINIS 5 DE EL LUNIHELIOKRON<\/span><\/b><b><span lang=\"ES\" style=\"font-size: 12.0pt; font-family: 'Tahoma','sans-serif'; mso-fareast-font-family: 'Arial Unicode MS'; color: #ff9900; mso-ansi-language: ES;\">2020 D\u00cdA DE JUPITER<\/span><\/b><\/p>\n<p class=\"MsoNormalCxSpMiddle\" style=\"margin-bottom: .0001pt; mso-add-space: auto; text-align: center; line-height: normal; mso-outline-level: 1; tab-stops: 42.55pt 77.85pt center 209.8pt 220.95pt left 364.3pt 418.2pt;\" align=\"center\"><b><span lang=\"ES\" style=\"font-size: 12.0pt; font-family: 'Tahoma','sans-serif'; mso-fareast-font-family: 'Arial Unicode MS'; color: #ff9900; mso-ansi-language: ES;\">DESPU\u00c9S DE EL NASISIERTO DE EL GRAN SHILHOH<\/span><\/b><\/p>\n<p class=\"MsoNormalCxSpMiddle\" style=\"margin-bottom: .0001pt; mso-add-space: auto; text-align: center; line-height: normal; mso-outline-level: 1; tab-stops: 42.55pt 77.85pt center 209.8pt 220.95pt left 364.3pt 418.2pt;\" align=\"center\"><b><span lang=\"ES\" style=\"font-size: 12.0pt; font-family: 'Tahoma','sans-serif'; mso-fareast-font-family: 'Arial Unicode MS'; color: #0000cc; mso-ansi-language: ES;\">Ke seg\u00fan Sat\u00e1n es Mayo 23 del a\u00f1o 2014, D\u00eda Viernes<\/span><\/b><b><span lang=\"ES\" style=\"font-size: 7.0pt; mso-bidi-font-size: 8.0pt; font-family: 'Tahoma','sans-serif'; mso-fareast-font-family: 'Arial Unicode MS'; color: #9900cc; mso-ansi-language: ES;\">\u00a0<\/span><\/b><\/p>\n<p class=\"MsoNormal\" style=\"margin-bottom: .0001pt; text-align: justify; line-height: normal;\"><b><span lang=\"ES\" style=\"font-size: 12.0pt; font-family: 'Tahoma','sans-serif'; color: #006600; mso-ansi-language: ES;\">Dise el Veneravle Elohim Miguel Weorsshamaddihaael<\/span><\/b><span lang=\"ES\" style=\"font-size: 12.0pt; font-family: 'Tahoma','sans-serif'; color: #006600; mso-ansi-language: ES;\">: Puevlo Tao\u00edsta en general en la rep\u00favlika de Kolomvia, les saludo desde kualkier lugar de la Gea, su Servidor el Gran Komendador a vuestras mersedes Mutantes, Monjes, Tao\u00edstas, grey en general ke luchan en las siudades, en las kampos, en los monasterios y en todos los lugares dentro del territorio Kolomviano y a\u00fan fuera de la gea ke vio naser al Tao\u00edsmo, patria natal de los Veneravles Maestros, y que por los gobiernos que no han sido los mejores dentro de la rep\u00favlika de Kolomvia est\u00e1 ke de acuerdo con fuerzas oscuras y con fuerzas siniestras que han perseguido al Tao\u00edsmos y a la Ovra de DIOS en el pasar de las d\u00e9cadas desde kuando el Veneravle Maestro Kelium Zeus por orden de DIOS, levant\u00f3 la Doktrina Tao\u00edsta\u2026 se han lanzado a perseguir, a asechar, a acecinar, y a cometer esas fuerzas oscuras muchos atropellos contra el puevlo Taoista, mas aun as\u00ed los Veneravles Maestros Ense\u00f1aron dentro de su pl\u00e1tika y pr\u00e9dika doktrinaria algo ke se llama <\/span><b><span lang=\"ES\" style=\"font-size: 12.0pt; font-family: 'Tahoma','sans-serif'; color: #e46c0a; mso-themecolor: accent6; mso-themeshade: 191; mso-style-textfill-fill-color: #E46C0A; mso-style-textfill-fill-themecolor: accent6; mso-style-textfill-fill-alpha: 100.0%; mso-style-textfill-fill-colortransforms: lumm=75000; mso-ansi-language: ES;\">POLI\u00c9TIKA<\/span><\/b><span lang=\"ES\" style=\"font-size: 12.0pt; font-family: 'Tahoma','sans-serif'; color: #006600; mso-ansi-language: ES;\">, ke es la \u00e9tika pada kon el puevlo, pada kon los ke viven en una zona geogr\u00e1fika, o sea, los havitantes del mismo pa\u00eds, tamvi\u00e9n a los kolomviagdus ke sean Tao\u00edstas y ke est\u00e9n fuera del pa\u00eds, en las dem\u00e1s naciones de la gea y ke praktikan esta Doktrina, all\u00e1 desde sus lugares de havitasel tamvien a sus mersedes dirijo mis palavras pada ke en esta oportuvidad, en ke la rep\u00favlika de Kolomvia <b>se va a dar las elecciones presidensiales<\/b> pad\u00e1 el dia 25 de Mayo del a\u00f1o 2014, sus mersedes, los ke est\u00e1n en el ekstrangero y ke tienen inskritas sus s\u00e9dulas en los respektivos lugares, all\u00e1 en las nasiones y en los paises donde havitan, ke sus mersedes tengan la vondad de elegir por la <\/span><b><span lang=\"ES\" style=\"font-size: 12.0pt; font-family: 'Tahoma','sans-serif'; color: #e46c0a; mso-themecolor: accent6; mso-themeshade: 191; mso-style-textfill-fill-color: #E46C0A; mso-style-textfill-fill-themecolor: accent6; mso-style-textfill-fill-alpha: 100.0%; mso-style-textfill-fill-colortransforms: lumm=75000; mso-ansi-language: ES;\">Doctora Clara Lopez<\/span><\/b><span lang=\"ES\" style=\"font-size: 12.0pt; font-family: 'Tahoma','sans-serif'; color: #006600; mso-ansi-language: ES;\">, candidata a la presidensia, y por la <\/span><b><span lang=\"ES\" style=\"font-size: 12.0pt; font-family: 'Tahoma','sans-serif'; color: #e46c0a; mso-themecolor: accent6; mso-themeshade: 191; mso-style-textfill-fill-color: #E46C0A; mso-style-textfill-fill-themecolor: accent6; mso-style-textfill-fill-alpha: 100.0%; mso-style-textfill-fill-colortransforms: lumm=75000; mso-ansi-language: ES;\">Doctora<\/span><\/b><b><span lang=\"ES\" style=\"font-size: 12.0pt; font-family: 'Tahoma','sans-serif'; color: #e46c0a; mso-themecolor: accent6; mso-themeshade: 191; mso-style-textfill-fill-color: #E46C0A; mso-style-textfill-fill-themecolor: accent6; mso-style-textfill-fill-alpha: 100.0%; mso-style-textfill-fill-colortransforms: lumm=75000; mso-ansi-language: ES;\">Aida Avella <\/span><\/b><span lang=\"ES\" style=\"font-size: 12.0pt; font-family: 'Tahoma','sans-serif'; color: #006600; mso-ansi-language: ES;\">como su f\u00f3rmula visepresidensial.<\/span><\/p>\n<p class=\"MsoNormal\" style=\"margin-bottom: 0.0001pt; line-height: normal;\"><a href=\"https:\/\/www.joventaoista.org\/wp-content\/uploads\/2014\/05\/Imagen-acto.jpg\"><img loading=\"lazy\" decoding=\"async\" class=\"size-full wp-image-9829 aligncenter\" alt=\"Imagen-acto\" src=\"https:\/\/www.joventaoista.org\/wp-content\/uploads\/2014\/05\/Imagen-acto.jpg\" width=\"360\" height=\"172\" srcset=\"https:\/\/www.joventaoista.org\/wp-content\/uploads\/2014\/05\/Imagen-acto.jpg 360w, https:\/\/www.joventaoista.org\/wp-content\/uploads\/2014\/05\/Imagen-acto-300x143.jpg 300w\" sizes=\"(max-width: 360px) 100vw, 360px\" \/><\/a><\/p>\n<p class=\"MsoNormal\" style=\"margin-bottom: .0001pt; text-align: justify; line-height: normal;\"><span lang=\"ES\" style=\"font-size: 12.0pt; font-family: 'Tahoma','sans-serif'; color: #006600; mso-ansi-language: ES;\"> candidatas por el <\/span><span lang=\"ES\" style=\"font-size: 12.0pt; font-family: 'Tahoma','sans-serif'; color: blue; background: yellow; mso-highlight: yellow; mso-ansi-language: ES;\">POLO DEMOCR\u00c1TICO<\/span><span lang=\"ES\" style=\"font-size: 12.0pt; font-family: 'Tahoma','sans-serif'; color: #006600; mso-ansi-language: ES;\">ke konstituyen la fuerza pol\u00edtika ke m\u00e1s se aserka a las formas poli\u00e9tikas ke los Veneravles Maestros pregonaron, predikaron y proyektaron komo un sistema adekuado, id\u00f3neos pada enderzar las cosas torcidas que hay en los gobiernos de la tierra, en venefisio de sus governados que por lo general sus gobernantes solo vuskan el venefisio pada ellos sin pensar en el venefisio pada las multitudes, esto dentro de una pr\u00e1ctica pol\u00edtica com\u00fan y corriente, pero ke la pr\u00e1ktika poli\u00e9tika konstituye la forma de gobernar para el puevlo en vien del puevlo, y kumpliendo la voluntad del mismo puevlo. <\/span><\/p>\n<p class=\"MsoNormal\" style=\"margin-bottom: 0.0001pt; line-height: normal;\"><span lang=\"ES\" style=\"font-size: 12.0pt; font-family: 'Tahoma','sans-serif'; color: #006600; mso-ansi-language: ES;\">En esta oportuvidad de la primera vuelta, hemos optado por apoyar a estas dos evas en sus aspiraseles pol\u00edtikas, puesto ke la forma de gobierno ke proponen, se aserka en mayor proporsel de las dem\u00e1s, a nuestros prinsipios de ekidad y de justisia ke los Veneravles Maestros predikaron y ense\u00f1aron, oviamente kon algunas diferensias ke en el kamino es posivle ke puedan llegar a tomar a un mayor plenitud.\u00a0<\/span><\/p>\n<p><a style=\"font-family: Tahoma, sans-serif; font-size: 16.363636016845703px; line-height: normal;\" href=\"https:\/\/www.joventaoista.org\/wp-content\/uploads\/2014\/05\/1397552179_clara-lopez-aida-avella-11.jpg\"><img loading=\"lazy\" decoding=\"async\" class=\" wp-image-9830 alignright\" alt=\"1397552179_clara-lopez-aida-avella-11\" src=\"https:\/\/www.joventaoista.org\/wp-content\/uploads\/2014\/05\/1397552179_clara-lopez-aida-avella-11.jpg\" width=\"240\" height=\"180\" srcset=\"https:\/\/www.joventaoista.org\/wp-content\/uploads\/2014\/05\/1397552179_clara-lopez-aida-avella-11.jpg 400w, https:\/\/www.joventaoista.org\/wp-content\/uploads\/2014\/05\/1397552179_clara-lopez-aida-avella-11-300x225.jpg 300w\" sizes=\"(max-width: 240px) 100vw, 240px\" \/><\/a><\/p>\n<p class=\"MsoNormal\" style=\"margin-bottom: 0.0001pt; line-height: normal;\"><span lang=\"ES\" style=\"font-size: 12.0pt; font-family: 'Tahoma','sans-serif'; color: #0066ff; mso-ansi-language: ES;\">Agradesmos al puevlo de Dios, a los Tao\u00edstas, y pedimos a sus mersedes ke inviten a sus amigos, a sus familiares y a kienes le rodean en su entorno pada ke se unan en este prop\u00f3sito poli\u00e9tiko pada esta primera vuelta de las elecciones presidensiales en la rep\u00favlika de Kolomvia el 25 del mayo del a\u00f1o 2014.<\/span><span lang=\"ES\" style=\"font-size: 12.0pt; font-family: 'Tahoma','sans-serif'; color: #006600; mso-ansi-language: ES;\">\u00a0<\/span><\/p>\n<p class=\"MsoNormal\" style=\"margin-bottom: 0.0001pt; line-height: normal;\"><span lang=\"ES\" style=\"font-size: 12.0pt; font-family: 'Tahoma','sans-serif'; color: #006600; mso-ansi-language: ES;\">Enviamos un saludo espesial al Doctor Ivan Cepeda y todo su ekipo de lavor, kien ha vrindado su apoyo, su ayuda, y kien nos ha ofrevido su vrazo, su magdu, y su esfuerzo pada ayudar a ke sean respetados los Derechos del Puevlo Taoista. Tamvien a la Doctora Clara Lopez y la Doctora Aida Avella, nuestro saludo m\u00e1s fraternal, un avrazo de lucha, de esfuerzo, de triunfo y de viktoria en aras de todas las kriaturas, en aras de los pobres, en aras de los menesterosos y en aras de una Kolomvia mejor, mas serkada a la ekidad y a la justisia.<\/span><\/p>\n<p class=\"MsoNormal\" style=\"margin-bottom: .0001pt; text-align: justify; line-height: normal;\"><span lang=\"ES\" style=\"font-size: 12.0pt; font-family: 'Tahoma','sans-serif'; color: #006600; mso-ansi-language: ES;\">Su Servidor el Gran Komendador a vuestras mersedes. Grat\u00edsimas, y puevlo de Dios, kon fuerza y kon empuje hacia adelante. Venditos sean.\u00a0 <\/span><span lang=\"ES\" style=\"font-size: 12.0pt; font-family: 'Tahoma','sans-serif'; mso-ansi-language: ES;\">\u00a0<\/span><\/p>\n<p class=\"MsoNormal\"><a href=\"https:\/\/www.joventaoista.org\/wp-content\/uploads\/2014\/05\/7182150IMG.20140307.WA0006.jpg\"><img loading=\"lazy\" decoding=\"async\" class=\"wp-image-9831 aligncenter\" alt=\"7182150IMG.20140307.WA0006\" src=\"https:\/\/www.joventaoista.org\/wp-content\/uploads\/2014\/05\/7182150IMG.20140307.WA0006.jpg\" width=\"480\" height=\"320\" srcset=\"https:\/\/www.joventaoista.org\/wp-content\/uploads\/2014\/05\/7182150IMG.20140307.WA0006.jpg 600w, https:\/\/www.joventaoista.org\/wp-content\/uploads\/2014\/05\/7182150IMG.20140307.WA0006-300x200.jpg 300w\" sizes=\"(max-width: 480px) 100vw, 480px\" \/><\/a><\/p>\n<p align=\"center\"><iframe loading=\"lazy\" src=\"\/\/www.youtube.com\/embed\/dx0AohA-Gd8\" height=\"315\" width=\"560\" allowfullscreen=\"\" frameborder=\"0\"><\/iframe><\/p>\n<p class=\"MsoNormal\"><span style=\"color: #e46c0a; mso-themecolor: accent6; mso-themeshade: 191; mso-style-textfill-fill-color: #E46C0A; mso-style-textfill-fill-themecolor: accent6; mso-style-textfill-fill-alpha: 100.0%; mso-style-textfill-fill-colortransforms: lumm=75000;\">Esitmados\u00a0 hermagdus\u00a0 Unidos en la lucha\u00a0 por un Kamvio progresista pad\u00e1 nuestros Puevlos y salir del\u00a0 yugo Norte Americano\u00a0 con Uribe\u00a0 o sus secuazes que en una forma \u00a0bil \u00a0y descomedida se burlan del Pueblo Colombiano \u2026 veamos\u00a0 una realidad hecha\u00a0 caricatura.<\/span><\/p>\n<p class=\"MsoNormal\"><span style=\"font-size: 14px; line-height: 1.5em;\"><a href=\"https:\/\/www.joventaoista.org\/wp-content\/uploads\/2014\/05\/ventri.jpg\"><img loading=\"lazy\" decoding=\"async\" class=\"wp-image-9832 aligncenter\" alt=\"ventri\" src=\"https:\/\/www.joventaoista.org\/wp-content\/uploads\/2014\/05\/ventri.jpg\" width=\"206\" height=\"277\" srcset=\"https:\/\/www.joventaoista.org\/wp-content\/uploads\/2014\/05\/ventri.jpg 294w, https:\/\/www.joventaoista.org\/wp-content\/uploads\/2014\/05\/ventri-223x300.jpg 223w\" sizes=\"(max-width: 206px) 100vw, 206px\" \/><\/a><\/span><\/p>\n<p align=\"center\"><iframe loading=\"lazy\" width=\"560\" height=\"315\" src=\"\/\/www.youtube.com\/embed\/sv9SKaGgtyE?list=PLmXgFrSFPIzeMWzB51FzIeEkEVE9RlaqV\" frameborder=\"0\" allowfullscreen><\/iframe><\/p>\n","protected":false},"excerpt":{"rendered":"<p>GEMINIS 5 DE EL LUNIHELIOKRON2020 D\u00cdA DE JUPITER DESPU\u00c9S DE EL NASISIERTO DE EL GRAN SHILHOH Ke seg\u00fan Sat\u00e1n es Mayo 23 del a\u00f1o 2014, D\u00eda Viernes\u00a0 Dise el Veneravle Elohim Miguel Weorsshamaddihaael: Puevlo Tao\u00edsta en general en la rep\u00favlika de Kolomvia, les saludo desde kualkier lugar de la Gea, su Servidor el Gran Komendador [&hellip;]<\/p>\n","protected":false},"author":6,"featured_media":9826,"comment_status":"open","ping_status":"open","sticky":false,"template":"","format":"standard","meta":{"_et_pb_use_builder":"","_et_pb_old_content":"","_et_gb_content_width":"","footnotes":""},"categories":[457,133,461],"tags":[1221,1222,1795,1223],"class_list":["post-9825","post","type-post","status-publish","format-standard","has-post-thumbnail","hentry","category-aktividades-eo","category-destakados","category-grupos-juveniles-eo","tag-doctora-aida-avella","tag-doctora-clara-lopez","tag-elecciones","tag-polo-democratico"],"_links":{"self":[{"href":"https:\/\/www.joventaoista.org\/eo\/wp-json\/wp\/v2\/posts\/9825","targetHints":{"allow":["GET"]}}],"collection":[{"href":"https:\/\/www.joventaoista.org\/eo\/wp-json\/wp\/v2\/posts"}],"about":[{"href":"https:\/\/www.joventaoista.org\/eo\/wp-json\/wp\/v2\/types\/post"}],"author":[{"embeddable":true,"href":"https:\/\/www.joventaoista.org\/eo\/wp-json\/wp\/v2\/users\/6"}],"replies":[{"embeddable":true,"href":"https:\/\/www.joventaoista.org\/eo\/wp-json\/wp\/v2\/comments?post=9825"}],"version-history":[{"count":0,"href":"https:\/\/www.joventaoista.org\/eo\/wp-json\/wp\/v2\/posts\/9825\/revisions"}],"wp:featuredmedia":[{"embeddable":true,"href":"https:\/\/www.joventaoista.org\/eo\/wp-json\/wp\/v2\/media\/9826"}],"wp:attachment":[{"href":"https:\/\/www.joventaoista.org\/eo\/wp-json\/wp\/v2\/media?parent=9825"}],"wp:term":[{"taxonomy":"category","embeddable":true,"href":"https:\/\/www.joventaoista.org\/eo\/wp-json\/wp\/v2\/categories?post=9825"},{"taxonomy":"post_tag","embeddable":true,"href":"https:\/\/www.joventaoista.org\/eo\/wp-json\/wp\/v2\/tags?post=9825"}],"curies":[{"name":"wp","href":"https:\/\/api.w.org\/{rel}","templated":true}]}}