{"id":5514,"date":"2013-03-05T11:19:45","date_gmt":"2013-05-07T00:07:58","guid":{"rendered":"https:\/\/www.joventaoista.org\/?p=5514"},"modified":"2013-05-07T00:09:22","modified_gmt":"2013-05-07T00:09:22","slug":"palestine-le-camp-de-concentration","status":"publish","type":"post","link":"https:\/\/www.joventaoista.org\/fr\/palestine-le-camp-de-concentration\/","title":{"rendered":"Palestine Le Camp De Concentration"},"content":{"rendered":"<p>Mars 5 2013, Par : Despertar de juventud Tao \/ \u00c9veille de la Jeunes Tao<\/p>\n<h3><span style=\"color: #ff0000;\">Palestine LE CHAMP DE CONCETRACION plus grande AU MOYEN-ORIENT et le monde.<\/span><\/h3>\n<p>Bonjour pour tous les \u00eatres qui visitent cette page, que faite pour vous des jeunesses et aussi pour tout le monde, un salut de paix, amour et savoir dans un souci de que le bien-\u00eatre de Dieu, brille dans v\u00f4tres consciences.<\/p>\n<p>Poursuivant les int\u00e9ressants points des crimes contre l&#8217;humanit\u00e9 commis par la abominable b\u00eate avec ses trois pouvoirs \u00e0 savoir la b\u00eate religieuse, connue comme \u00e9glise catholique, la b\u00eate militaire des \u00c9tats-Unis, et la b\u00eate \u00e9conomique aujourd&#8217;hui les sionistes juifs, vendus \u00e0 l\u2019empire papale ou Vatican, nous allons conna\u00eetre une des histoires plus tristes de l&#8217;un des peuples, apr\u00e8s le peuple de Dieu appel\u00e9 LE TAOJUIF DE V\u00c9RIT\u00c9, plus opprim\u00e9s par ces temps et m\u00eame dans le pass\u00e9, et il est le peuple palestinien, aujourd&#8217;hui un champ de concentration faite par la b\u00eate pour utiliser les palestiniens comme des lapin de laboratoire pour tester ses armes de destruction massive.<\/p>\n<p><a href=\"https:\/\/www.joventaoista.org\/wp-content\/uploads\/2013\/03\/2p.gif\"><img loading=\"lazy\" decoding=\"async\" class=\"wp-image-4109 aligncenter\" title=\"2p\" alt=\"\" src=\"https:\/\/www.joventaoista.org\/wp-content\/uploads\/2013\/03\/2p.gif\" width=\"210\" height=\"223\" srcset=\"https:\/\/www.joventaoista.org\/wp-content\/uploads\/2013\/03\/2p.gif 300w, https:\/\/www.joventaoista.org\/wp-content\/uploads\/2013\/03\/2p-282x300.gif 282w\" sizes=\"(max-width: 210px) 100vw, 210px\" \/><\/a><\/p>\n<p>Le peuple palestinien peuple opprim\u00e9 depuis que l&#8217; ONU a \u00e9tabli l&#8217;\u00e9tat d&#8217;Isra\u00ebl fait plus de 50 ans, la vie dans la bande de Gaza et Cisjordanie est devenue tout un calvaire pour les habitants palestiniens des territoires occup\u00e9s, aujourd&#8217;hui la terre o\u00f9 il a v\u00e9cu le Messie Salvateur et centre religieux et riche d&#8217;histoire a pass\u00e9 a \u00eatre un champ du tir \u00e0 la cible des sionistes internationales de la terre, cela parce que se le plan global des iluminatis et son nouveau ordre mondial comprennent cr\u00e9er une seule religion, o\u00f9 le si\u00e8ge sera l&#8217;ancienne ville aim\u00e9e J\u00e9rusalem, aujourd&#8217;hui plong\u00e9e sous le feu du<strong> <span style=\"color: #ff0000;\">arm\u00e9e sioniste d&#8217;Isra\u00ebl<\/span><\/strong>, lequel a \u00e9t\u00e9 dit : aie de ceux qui se disent \u00eatre juifs et ne le sont pas, mais ils sont que des synagogues de satan.<\/p>\n<p>Mais REGARDONS la terreur de la vie en Palestine, o\u00f9 la b\u00eate \u00e0 cr\u00e9\u00e9 quelque chose qui vient \u00e0 s\u2019appeler.<\/p>\n<p><span style=\"color: #000000;\"><a href=\"https:\/\/www.joventaoista.org\/wp-content\/uploads\/2013\/03\/3p1.jpg\"><img loading=\"lazy\" decoding=\"async\" class=\"size-full wp-image-4111 aligncenter\" title=\"3p\" alt=\"\" src=\"https:\/\/www.joventaoista.org\/wp-content\/uploads\/2013\/03\/3p1.jpg\" width=\"266\" height=\"190\" \/><\/a><\/span><\/p>\n<h3 style=\"text-align: center;\"><span style=\"color: #ff0000;\">L&#8217;holocauste palestinien.<\/span><\/h3>\n<p>Dans le monde ce plan de destruction massive d&#8217;\u00eatres humains, dans la plus indigne et paup\u00e9risme vie qui est offerte \u00e0 un peuple d\u00e9pouill\u00e9 de ses terres, de leur vie, de leurs convictions, et tract\u00e9s comme des agneaux \u00e0 l&#8217;abattoir, s&#8217;applique dans un champ de concentration appel\u00e9 la bande de Gaza et Cisjordanie, ci-dessous examinons comme d\u00e9crit le monde ce g\u00e9nocide.<\/p>\n<p>Le plan syst\u00e9matiques d&#8217;extermination au peuple palestinien qui a \u00e9t\u00e9 d&#8217;abord d\u00e9pouill\u00e9 de ses terres, consiste \u00e0 les entour\u00e9s sous un petit territoire comme la bande de Gaza, m\u00eame en utilisant murs de plusieurs m\u00e8tres de hauteur.<\/p>\n<p>C&#8217;est une esp\u00e8ce de super champ d&#8217;extermination, o\u00f9 une fois enferm\u00e9s, tel comme \u00e7a ce passe, ils ont bombard\u00e9 tous les centres de approvisionnements vitaux, comme l\u2019eau, la nourriture, repas, \u00e9lectricit\u00e9; les \u00e9glises sont bombard\u00e9es lorsque il y a des civils \u00e0 l\u2019int\u00e9rieur. Les maisons palestiniennes sont d\u00e9molies aux bulldozers et tracteurs, les dirigeants palestiniens sont \u00e9limin\u00e9s dans ses voitures par des missiles tires depuis les h\u00e9licopt\u00e8res isra\u00e9liennes \u00ab cela ne sera pas du terrorisme?\u00bb et tout cela s\u2019intensifie \u00e0 chaque ann\u00e9e.<\/p>\n<p><a href=\"https:\/\/www.joventaoista.org\/wp-content\/uploads\/2013\/03\/se-agrava-la-situacion-entre-.jpg\"><img loading=\"lazy\" decoding=\"async\" class=\"wp-image-4123 aligncenter\" title=\"se-agrava-la-situacion-entre-\" alt=\"\" src=\"https:\/\/www.joventaoista.org\/wp-content\/uploads\/2013\/03\/se-agrava-la-situacion-entre-.jpg\" width=\"288\" height=\"189\" srcset=\"https:\/\/www.joventaoista.org\/wp-content\/uploads\/2013\/03\/se-agrava-la-situacion-entre-.jpg 1000w, https:\/\/www.joventaoista.org\/wp-content\/uploads\/2013\/03\/se-agrava-la-situacion-entre--600x394.jpg 600w, https:\/\/www.joventaoista.org\/wp-content\/uploads\/2013\/03\/se-agrava-la-situacion-entre--300x196.jpg 300w\" sizes=\"(max-width: 288px) 100vw, 288px\" \/><\/a><\/p>\n<p>Les derniers mois a \u00e9t\u00e9 manifest\u00e9 un holocauste duquel personne ne parle pas, \u00e0 ces bombardements il faut ajouter un blocage g\u00e9nocide total, cela avec l\u2019intention que dans la zone ne rentre aucun approvisionnements de l&#8217;ext\u00e9rieur, de cette forme le risque de mourir beaucoup plus palestiniens en moins de temps est imminent. Les Juifs sionistes dans son plan g\u00e9nocide ont attaqu\u00e9 m\u00eame \u00e0 la Croix-Rouge lorsqu\u2019elle se transportait \u00e0 la zone.<\/p>\n<p>Il faut aussi ajouter le boycott \u00e9conomique, qui emp\u00eache \u00e0 tout pays du monde, d\u2019aider les Palestiniens. On emp\u00each\u00e9 \u00e9galement \u00e0 des pr\u00e9sum\u00e9s terroristes iraniens, aider \u00e0 des pr\u00e9sum\u00e9s terroristes palestiniens, il convient souligner que n\u2019importe quel qui s&#8217;oppose aux Juifs sionistes est qualifi\u00e9 par eux comme terroriste fasciste, nazie ou musulman.<\/p>\n<p><a href=\"https:\/\/www.joventaoista.org\/wp-content\/uploads\/2013\/03\/D14.jpg\"><img loading=\"lazy\" decoding=\"async\" class=\"wp-image-4124 aligncenter\" title=\"D14\" alt=\"\" src=\"https:\/\/www.joventaoista.org\/wp-content\/uploads\/2013\/03\/D14.jpg\" width=\"259\" height=\"181\" srcset=\"https:\/\/www.joventaoista.org\/wp-content\/uploads\/2013\/03\/D14.jpg 720w, https:\/\/www.joventaoista.org\/wp-content\/uploads\/2013\/03\/D14-600x420.jpg 600w, https:\/\/www.joventaoista.org\/wp-content\/uploads\/2013\/03\/D14-300x210.jpg 300w\" sizes=\"(max-width: 259px) 100vw, 259px\" \/><\/a><\/p>\n<p>Plus d&#8217;une vingtaine de dirigeants politiques palestiniens ont \u00e9t\u00e9 enlev\u00e9s et tortur\u00e9s \u00ab en Isra\u00ebl, la torture est l\u00e9gal \u00bb, et beaucoup d&#8217;entre eux ont \u00e9t\u00e9 assassin\u00e9s. Sur cela, personne ne dit rien, car les juifs sont toujours des victimes, et les gens dans le monde continue pleurant, gr\u00e2ce \u00e0 l&#8217;holocauste perp\u00e9tu\u00e9 par les m\u00eames qu\u2019aujourd&#8217;hui tuent le peuple palestinien.<\/p>\n<p>La si\u00e8ge de gouvernement palestinien du Hamas a \u00e9t\u00e9 bombard\u00e9e, on entend selon eux qui \u00e9tait habit\u00e9e par des terroristes, ce plan g\u00e9nocide ou solution finale utilise la presse mondiale contr\u00f4l\u00e9e par les criminels sionistes-vaticanes, de mani\u00e8re \u00e0 toujours que dans les nouvelles montrent les agressions juive comme une d\u00e9fense ou r\u00e9action l\u00e9gitime contre l&#8217;hostilit\u00e9 des Palestiniens. Les medias affirment que les incroyables bombardements isra\u00e9liens sont toujours contre des terroristes, ou que les m\u00eames sont pour \u00e9viter que les Palestiniens lancent des missiles. La version fr\u00e9quemment utilis\u00e9e est que ces bombardements palestinienne sont en r\u00e9action aux inoffensifs roquettes Qassam, lorsque cela arrive n&#8217;affirment pas que les &#8220;Qassam&#8221; ont \u00e9t\u00e9 jet\u00e9s \u00e0 son tour, comme r\u00e9action de l&#8217;\u00e9limination des dirigeants politiques du Hamas. Ce qui est important de cette propagande subtile est de faire voir \u00e0 la victime comme d\u00e9linquant et au d\u00e9linquant comme victime.<\/p>\n<p><a href=\"https:\/\/www.joventaoista.org\/wp-content\/uploads\/2013\/03\/foto-EEUU-Israel.jpg\"><img loading=\"lazy\" decoding=\"async\" class=\"alignleft  wp-image-4129\" title=\"foto-EEUU-Israel\" alt=\"\" src=\"https:\/\/www.joventaoista.org\/wp-content\/uploads\/2013\/03\/foto-EEUU-Israel.jpg\" width=\"205\" height=\"204\" srcset=\"https:\/\/www.joventaoista.org\/wp-content\/uploads\/2013\/03\/foto-EEUU-Israel.jpg 293w, https:\/\/www.joventaoista.org\/wp-content\/uploads\/2013\/03\/foto-EEUU-Israel-100x100.jpg 100w, https:\/\/www.joventaoista.org\/wp-content\/uploads\/2013\/03\/foto-EEUU-Israel-150x150.jpg 150w\" sizes=\"(max-width: 205px) 100vw, 205px\" \/><\/a><\/p>\n<p><span style=\"color: #000000; font-size: 13px; line-height: 19px;\">Ainsi nous voyons les titulaires dans les journaux &#8220;palestiniens sont attaque avec des missiles \u00e0 Isra\u00ebl&#8221;, &#8220;en raison du lancement de fus\u00e9es depuis le territoire palestinien, le Gouvernement isra\u00e9lien est pr\u00eat pour une offensive \u00e0 grande \u00e9chelle&#8221;. Et lorsqu&#8217;il est impossible de cacher un crime juif, ce lui ici est compl\u00e8tement s\u00e9par\u00e9 des juifs, en responsabilisant exclusivement \u00e0 \u00a0&#8220;L\u2019\u00e9tat&#8221;, ou \u00e0 une simple &#8220;faction politique&#8221; de &#8220;extr\u00eame-droite&#8221;. Cela est d\u00e9menti par la r\u00e9alit\u00e9, car n\u2019importe quelles communaut\u00e9s juives du monde entier, sans avoir compte s\u2019elles sont de gauche ou droite\u00a0avec Isra\u00ebl et toujours appuient toutes les mesures g\u00e9nocides perp\u00e9tr\u00e9es par les dirigeants juifs en Isra\u00ebl. On peut affirmer que le plan d&#8217;agression et \u00e9limination de Palestiniens ne s&#8217;agit pas d&#8217;une exception de la coupole du pouvoir isra\u00e9lien, sinon d&#8217;un sentiment g\u00e9nocide introduit et partag\u00e9 collectivement par tous les juifs du monde. Il existe un large soutien \u00e0 Isra\u00ebl et ses crimes contre l&#8217;humanit\u00e9. Sur cela, personne ne dit rien\u2026 car les juifs sont toujours les victimes. Mais aujourd&#8217;hui le monde distrait par la b\u00eate et tous ses gouvernants qui sont en genoux, soutiennent dans leur grande majorit\u00e9 les abus de la Isra\u00ebl sioniste, cette distorsion de la r\u00e9alit\u00e9 est partie de l&#8217;objectif de la dissimulation l&#8217;holocauste palestinien par devant l&#8217;opinion public mondiale.<\/span><\/p>\n<p><a href=\"https:\/\/www.joventaoista.org\/wp-content\/uploads\/2013\/03\/images2.jpg\"><img loading=\"lazy\" decoding=\"async\" class=\"alignnone size-full wp-image-4125 aligncenter\" title=\"images\" alt=\"\" src=\"https:\/\/www.joventaoista.org\/wp-content\/uploads\/2013\/03\/images2.jpg\" width=\"275\" height=\"183\" \/><\/a><\/p>\n<p><span style=\"color: #000000;\">D&#8217;autre part n&#8217;a jamais \u00e9t\u00e9 rappelle dans les nouvelles, que la Palestine est des Palestiniens et que leurs terres ont \u00e9t\u00e9 vol\u00e9s par les juifs pour fonder ill\u00e9galement l&#8217;\u00e9tat d&#8217;Isra\u00ebl. Les Palestiniens r\u00e9sistent comme peuvent l&#8217;invasion et l&#8217;occupation des juifs, et clair ou obscure les \u00c9tats-Unis,\u00a0\u00a0collabore constamment pour armer Isra\u00ebl avec la derni\u00e8re technologie de la mort. Alors que les Palestiniens sont arm\u00e9s de dangereusement avec des pierres et des armes obsol\u00e8tes, sortant \u00e0 n\u2019importe quel lieu, ou exploitent dans le m\u00eame lieu o\u00f9 ils essayent des tirer.\u00a0\u00a0L&#8217;holocauste juif n&#8217;a pas de bestseller, n\u2019a pas de films connus par tout dans le monde. Et ce plan d&#8217;extermination syst\u00e9matiques a \u00e9t\u00e9 d\u00e9j\u00e0 fait publiquement, pas seulement en faits, si non en mots et intentions car<\/span><\/p>\n<p>&nbsp;<\/p>\n<p>l\u2019infernal Vice-ministre de la d\u00e9fense isra\u00e9lien Matan Vilnai, a menac\u00e9<\/p>\n<p><span style=\"color: #000000;\">\u00a0<\/span><span style=\"color: #000000; font-size: 13px; line-height: 19px;\"><br \/>\n<a href=\"https:\/\/www.joventaoista.org\/wp-content\/uploads\/2013\/03\/vilnai21.jpg\"><img loading=\"lazy\" decoding=\"async\" class=\"alignleft  wp-image-4127\" title=\"vilnai2\" alt=\"\" src=\"https:\/\/www.joventaoista.org\/wp-content\/uploads\/2013\/03\/vilnai21.jpg\" width=\"448\" height=\"200\" srcset=\"https:\/\/www.joventaoista.org\/wp-content\/uploads\/2013\/03\/vilnai21.jpg 560w, https:\/\/www.joventaoista.org\/wp-content\/uploads\/2013\/03\/vilnai21-300x133.jpg 300w\" sizes=\"(max-width: 448px) 100vw, 448px\" \/><\/a>publiquement Les Palestiniens en disant.<\/span><\/p>\n<p>Si Les Palestiniens continuent en tirant des fus\u00e9es \u00e0 l\u2019Isra\u00ebl, les attend un plus grand g\u00e9nocide, \u00e9galement a ajout\u00e9 \u00ab\u00e0 mesure que plus Qassam tirent. Et plus loin attendirent \u00e0 la terre juive, les attende une plus grande destruction aux Palestiniens, car nous utiliserons tout notre pouvoir pour nous d\u00e9fendre \u00bb. Source : journal le pays de Madrid, cela dise ce monstre \u00e0 le journal espagnol, mais personne ne r\u00e9clame pas sur ces accusations on entend seulement la voix du silence seul Dieu et ses aim\u00e9s donneront leurs paie \u00e0 ces crimes, parce que le Juste Juge n&#8217;a pas oubli\u00e9 ce peuple, qui est un r\u00e9manente de ses enfants, enfants abattus, et sacrifie dans les mains de la b\u00eate avec ses trois visages.<\/p>\n<p>&nbsp;<\/p>\n<p><span style=\"color: #000000;\">Mais pour rappeler r\u00e9cemment les faits de cette machine de la mort examinons les deux derniers faits qui montrent une fois plus le g\u00e9nocide et le crime de ces 3 monstres appel\u00e9s la b\u00eate Armageddonique..<\/span><\/p>\n<p style=\"text-align: center;\"><strong><span style=\"color: #ff0000;\">L\u2019OP\u00c9RATION PLOMB FONDU.\u00a0<\/span><\/strong><\/p>\n<p><span style=\"color: #000000;\"><a href=\"https:\/\/www.joventaoista.org\/wp-content\/uploads\/2013\/03\/4p.jpg\"><img loading=\"lazy\" decoding=\"async\" class=\"wp-image-4112 aligncenter\" title=\"4p\" alt=\"\" src=\"https:\/\/www.joventaoista.org\/wp-content\/uploads\/2013\/03\/4p.jpg\" width=\"240\" height=\"240\" srcset=\"https:\/\/www.joventaoista.org\/wp-content\/uploads\/2013\/03\/4p.jpg 500w, https:\/\/www.joventaoista.org\/wp-content\/uploads\/2013\/03\/4p-300x300.jpg 300w, https:\/\/www.joventaoista.org\/wp-content\/uploads\/2013\/03\/4p-100x100.jpg 100w, https:\/\/www.joventaoista.org\/wp-content\/uploads\/2013\/03\/4p-150x150.jpg 150w\" sizes=\"(max-width: 240px) 100vw, 240px\" \/><\/a><\/span><\/p>\n<p>\u00c0 la fin de 2008, les isra\u00e9liens ont pr\u00e9sent\u00e9 une des op\u00e9rations plus sanguinaire et sataniques laquelle a re\u00e7u ce nom infernal, dans cette op\u00e9ration de la mort.<\/p>\n<p><span style=\"color: #000000;\">\u00a0<a href=\"https:\/\/www.joventaoista.org\/wp-content\/uploads\/2013\/03\/5p.jpg\"><img loading=\"lazy\" decoding=\"async\" class=\"wp-image-4113 aligncenter\" title=\"5p\" alt=\"\" src=\"https:\/\/www.joventaoista.org\/wp-content\/uploads\/2013\/03\/5p.jpg\" width=\"192\" height=\"181\" srcset=\"https:\/\/www.joventaoista.org\/wp-content\/uploads\/2013\/03\/5p.jpg 320w, https:\/\/www.joventaoista.org\/wp-content\/uploads\/2013\/03\/5p-300x283.jpg 300w\" sizes=\"(max-width: 192px) 100vw, 192px\" \/><\/a><\/span><\/p>\n<p>Ce conflit a provoqu\u00e9 le plus grand nombre de victimes dans les quarante derni\u00e8res ann\u00e9es de conflit entre isra\u00e9liens et palestiniens.<\/p>\n<p><span style=\"color: #000000;\"><a href=\"https:\/\/www.joventaoista.org\/wp-content\/uploads\/2013\/03\/6p.jpg\"><img loading=\"lazy\" decoding=\"async\" class=\"wp-image-4114 aligncenter\" title=\"6p\" alt=\"\" src=\"https:\/\/www.joventaoista.org\/wp-content\/uploads\/2013\/03\/6p.jpg\" width=\"224\" height=\"178\" srcset=\"https:\/\/www.joventaoista.org\/wp-content\/uploads\/2013\/03\/6p.jpg 320w, https:\/\/www.joventaoista.org\/wp-content\/uploads\/2013\/03\/6p-300x238.jpg 300w\" sizes=\"(max-width: 224px) 100vw, 224px\" \/><\/a><\/span><br \/>\nPlus 1400 Palestiniens ont \u00e9t\u00e9 tu\u00e9s par les bombardements et les combats urbains; selon le Centre palestinien pour les droits de l&#8217;homme, des 1434 palestiniens d\u00e9c\u00e9d\u00e9s pendant le conflit 960 \u00e9taient civils, 288 \u00e2g\u00e9s de moins de dix-huit ans.<\/p>\n<p><span style=\"color: #000000;\">\u00a0<a href=\"https:\/\/www.joventaoista.org\/wp-content\/uploads\/2013\/03\/7p.jpg\"><img loading=\"lazy\" decoding=\"async\" class=\"wp-image-4115 aligncenter\" title=\"7p\" alt=\"\" src=\"https:\/\/www.joventaoista.org\/wp-content\/uploads\/2013\/03\/7p.jpg\" width=\"230\" height=\"182\" srcset=\"https:\/\/www.joventaoista.org\/wp-content\/uploads\/2013\/03\/7p.jpg 320w, https:\/\/www.joventaoista.org\/wp-content\/uploads\/2013\/03\/7p-300x238.jpg 300w\" sizes=\"(max-width: 230px) 100vw, 230px\" \/><\/a><\/span><\/p>\n<p>&nbsp;<\/p>\n<h4 style=\"text-align: center;\">Certaines images du massacre de l&#8217;op\u00e9ration &#8220;plomb fondu&#8221; o\u00f9 la plupart des victimes \u00e9taient des civils et des enfants&#8230; et la st\u00e8le de mort sur ce peuple continu et maintenant en l&#8217;an 2012 ont \u00e0 faire un autre barbare et g\u00e9nocide massacre.<\/h4>\n<p style=\"text-align: center;\"><strong><span style=\"color: #ff0000;\">OP\u00c9RATION PILIER d\u00e9fensif ou de la colonne de nuage<\/span><\/strong><\/p>\n<p>Dans cette nouvelle massacre la b\u00eate Armageddonique le jour 14 novembre 2012 ont lanc\u00e9 cette nouvelle op\u00e9ration contre le peuple palestinien pendant cette p\u00e9riode sont morts plus de 170 palestiniens, la plupart des civils, enfants et encore a \u00e9t\u00e9 enregistr\u00e9 dans les photos cette nouvelle attaque de la b\u00eate contre ce peuple.<\/p>\n<p><span style=\"color: #000000;\">\u00a0<a href=\"https:\/\/www.joventaoista.org\/wp-content\/uploads\/2013\/03\/8p.jpg\"><img loading=\"lazy\" decoding=\"async\" class=\"wp-image-4116 aligncenter\" title=\"8p\" alt=\"\" src=\"https:\/\/www.joventaoista.org\/wp-content\/uploads\/2013\/03\/8p.jpg\" width=\"329\" height=\"221\" srcset=\"https:\/\/www.joventaoista.org\/wp-content\/uploads\/2013\/03\/8p.jpg 548w, https:\/\/www.joventaoista.org\/wp-content\/uploads\/2013\/03\/8p-300x201.jpg 300w\" sizes=\"(max-width: 329px) 100vw, 329px\" \/><\/a><\/span><\/p>\n<p style=\"text-align: center;\"><strong><span style=\"color: #000000;\">Roquettes Palestiniens causent d\u00e9vastation en Isra\u00ebl<\/span><\/strong><\/p>\n<p style=\"text-align: center;\"><span style=\"color: #ff0000;\"><strong> La r\u00e9ponse<\/strong><\/span><\/p>\n<p><span style=\"color: #000000;\">\u00a0<a href=\"https:\/\/www.joventaoista.org\/wp-content\/uploads\/2013\/03\/9p.jpg\"><img loading=\"lazy\" decoding=\"async\" class=\"wp-image-4117 aligncenter\" title=\"9p\" alt=\"\" src=\"https:\/\/www.joventaoista.org\/wp-content\/uploads\/2013\/03\/9p.jpg\" width=\"288\" height=\"212\" srcset=\"https:\/\/www.joventaoista.org\/wp-content\/uploads\/2013\/03\/9p.jpg 480w, https:\/\/www.joventaoista.org\/wp-content\/uploads\/2013\/03\/9p-300x221.jpg 300w\" sizes=\"(max-width: 288px) 100vw, 288px\" \/><\/a><\/span><\/p>\n<p>&nbsp;<\/p>\n<p><a href=\"https:\/\/www.joventaoista.org\/wp-content\/uploads\/2013\/03\/10p.jpg\"><img loading=\"lazy\" decoding=\"async\" class=\"wp-image-4118 aligncenter\" title=\"10p\" alt=\"\" src=\"https:\/\/www.joventaoista.org\/wp-content\/uploads\/2013\/03\/10p.jpg\" width=\"246\" height=\"190\" srcset=\"https:\/\/www.joventaoista.org\/wp-content\/uploads\/2013\/03\/10p.jpg 438w, https:\/\/www.joventaoista.org\/wp-content\/uploads\/2013\/03\/10p-300x232.jpg 300w\" sizes=\"(max-width: 246px) 100vw, 246px\" \/><\/a><\/p>\n<p><a href=\"https:\/\/www.joventaoista.org\/wp-content\/uploads\/2013\/03\/11p.jpg\"><img loading=\"lazy\" decoding=\"async\" class=\"wp-image-4121 aligncenter\" title=\"11p\" alt=\"\" src=\"https:\/\/www.joventaoista.org\/wp-content\/uploads\/2013\/03\/11p.jpg\" width=\"286\" height=\"193\" srcset=\"https:\/\/www.joventaoista.org\/wp-content\/uploads\/2013\/03\/11p.jpg 512w, https:\/\/www.joventaoista.org\/wp-content\/uploads\/2013\/03\/11p-300x202.jpg 300w\" sizes=\"(max-width: 286px) 100vw, 286px\" \/><\/a><\/p>\n<p style=\"text-align: center;\"><a href=\"https:\/\/www.joventaoista.org\/wp-content\/uploads\/2013\/03\/12p.jpg\"><img loading=\"lazy\" decoding=\"async\" class=\"wp-image-4119 aligncenter\" title=\"12p\" alt=\"\" src=\"https:\/\/www.joventaoista.org\/wp-content\/uploads\/2013\/03\/12p.jpg\" width=\"269\" height=\"205\" srcset=\"https:\/\/www.joventaoista.org\/wp-content\/uploads\/2013\/03\/12p.jpg 320w, https:\/\/www.joventaoista.org\/wp-content\/uploads\/2013\/03\/12p-300x228.jpg 300w\" sizes=\"(max-width: 269px) 100vw, 269px\" \/><\/a><\/p>\n<p style=\"text-align: center;\"><a href=\"https:\/\/www.joventaoista.org\/wp-content\/uploads\/2013\/03\/13p.jpg\"><img loading=\"lazy\" decoding=\"async\" class=\"wp-image-4120 aligncenter\" title=\"13p\" alt=\"\" src=\"https:\/\/www.joventaoista.org\/wp-content\/uploads\/2013\/03\/13p.jpg\" width=\"330\" height=\"220\" srcset=\"https:\/\/www.joventaoista.org\/wp-content\/uploads\/2013\/03\/13p.jpg 701w, https:\/\/www.joventaoista.org\/wp-content\/uploads\/2013\/03\/13p-600x400.jpg 600w, https:\/\/www.joventaoista.org\/wp-content\/uploads\/2013\/03\/13p-300x199.jpg 300w\" sizes=\"(max-width: 330px) 100vw, 330px\" \/><\/a><\/p>\n<p>C&#8217;est la b\u00eate Armageddonique sioniste et criminelle, ces sont les faits esprits sales de mani\u00e8re \u00e0 grenouilles vomis par le faux proph\u00e8te appel\u00e9 pape romain, i qu&#8217;ils sont les propri\u00e9taires de toute la mort et destruction de tous les habitants de la terre.<\/p>\n<p><span style=\"color: #008000;\"><div class='et-box et-info'>\n\t\t\t\t\t<div class='et-box-content'>Por eso despertad hermanos de la tierra y\u00a0oponeros\u00a0a el cionismo internacional, luchad con todo en esta tierra para que estas palabras surjan los mejores efectos en la conciencia de todos i cada uno de vosotros i que vivamos en un mundo de salud, de prosperidad de paz, de ciencia i de amor por todos nuestros semejantes que poblan esta esfera en la cual DIOS nos ha prohijado como sus hijos i guerreros , para un mundo mejor i para una civilizaci\u00f3n futura prospera en DIOS i en ciencia\u00a0as\u00ed\u00a0como lo dijo el veneravle maestro Samael Joav Bathor Wehor pada vosotros en el pasado presente i futuro de los pueblos naciones i lenguas de la tierra grat\u00edsimas a uno de sus siervos nuestro veneravle padre i DIOS SAVIO DEL TIVET KUMIDO que hoy nos levanta i nos despierta de el sue\u00f1o de los siglos por todo esto seguid despertando&#8230;<\/div><\/div> <\/span><\/p>\n<p align=\"center\"><iframe loading=\"lazy\" src=\"http:\/\/www.youtube.com\/embed\/PzMs5GSzObY?list=PLmXgFrSFPIzeBlsTuXCiSHSyg2Kr60Re4\" height=\"315\" width=\"560\" allowfullscreen=\"\" frameborder=\"0\"><\/iframe>\/p&gt;<br \/>\n<span style=\"color: #000000;\">\u00a0<\/span><\/p>\n<p align=\"center\"><iframe loading=\"lazy\" src=\"http:\/\/www.youtube.com\/embed\/FsOQ6xFwJi4\" height=\"315\" width=\"420\" frameborder=\"0\"><\/iframe><\/p>\n","protected":false},"excerpt":{"rendered":"<p>Mars 5 2013, Par : Despertar de juventud Tao \/ \u00c9veille de la Jeunes Tao Palestine LE CHAMP DE CONCETRACION plus grande AU MOYEN-ORIENT et le monde. Bonjour pour tous les \u00eatres qui visitent cette page, que faite pour vous des jeunesses et aussi pour tout le monde, un salut de paix, amour et savoir [&hellip;]<\/p>\n","protected":false},"author":1,"featured_media":4108,"comment_status":"open","ping_status":"open","sticky":false,"template":"","format":"standard","meta":{"_et_pb_use_builder":"","_et_pb_old_content":"","_et_gb_content_width":"","footnotes":""},"categories":[484],"tags":[],"class_list":["post-5514","post","type-post","status-publish","format-standard","has-post-thumbnail","hentry","category-complot-fr"],"_links":{"self":[{"href":"https:\/\/www.joventaoista.org\/fr\/wp-json\/wp\/v2\/posts\/5514","targetHints":{"allow":["GET"]}}],"collection":[{"href":"https:\/\/www.joventaoista.org\/fr\/wp-json\/wp\/v2\/posts"}],"about":[{"href":"https:\/\/www.joventaoista.org\/fr\/wp-json\/wp\/v2\/types\/post"}],"author":[{"embeddable":true,"href":"https:\/\/www.joventaoista.org\/fr\/wp-json\/wp\/v2\/users\/1"}],"replies":[{"embeddable":true,"href":"https:\/\/www.joventaoista.org\/fr\/wp-json\/wp\/v2\/comments?post=5514"}],"version-history":[{"count":0,"href":"https:\/\/www.joventaoista.org\/fr\/wp-json\/wp\/v2\/posts\/5514\/revisions"}],"wp:featuredmedia":[{"embeddable":true,"href":"https:\/\/www.joventaoista.org\/fr\/wp-json\/wp\/v2\/media\/4108"}],"wp:attachment":[{"href":"https:\/\/www.joventaoista.org\/fr\/wp-json\/wp\/v2\/media?parent=5514"}],"wp:term":[{"taxonomy":"category","embeddable":true,"href":"https:\/\/www.joventaoista.org\/fr\/wp-json\/wp\/v2\/categories?post=5514"},{"taxonomy":"post_tag","embeddable":true,"href":"https:\/\/www.joventaoista.org\/fr\/wp-json\/wp\/v2\/tags?post=5514"}],"curies":[{"name":"wp","href":"https:\/\/api.w.org\/{rel}","templated":true}]}}