{"id":9165,"date":"2014-04-07T15:21:45","date_gmt":"2014-04-07T15:21:45","guid":{"rendered":"https:\/\/www.joventaoista.org\/?p=9165"},"modified":"2014-04-07T16:03:45","modified_gmt":"2014-04-07T16:03:45","slug":"o-opus-dei-a-organizacao-da-morte","status":"publish","type":"post","link":"https:\/\/www.joventaoista.org\/pt-br\/o-opus-dei-a-organizacao-da-morte\/","title":{"rendered":"O Opus Dei, A Organiza\u00e7\u00e3o Da Morte"},"content":{"rendered":"<p class=\"MsoNormal\" style=\"margin-bottom: .0001pt; line-height: normal;\"><span lang=\"PT-BR\" style=\"font-size: 14.0pt; font-family: 'Tahoma','sans-serif'; color: #365f91; mso-themecolor: accent1; mso-themeshade: 191; mso-ansi-language: PT-BR;\">\u00a0<\/span><span lang=\"PT-BR\" style=\"font-size: 14.0pt; font-family: 'Tahoma','sans-serif'; color: #365f91; mso-themecolor: accent1; mso-themeshade: 191; mso-ansi-language: PT-BR;\">13 de fevereiro de 2014<\/span><\/p>\n<p class=\"MsoNormal\" style=\"margin-bottom: .0001pt; line-height: normal;\"><span lang=\"PT-BR\" style=\"font-size: 14.0pt; font-family: 'Tahoma','sans-serif'; color: #365f91; mso-themecolor: accent1; mso-themeshade: 191; mso-ansi-language: PT-BR;\">Vener\u00e1veis Seres, os quais todos os dias chegam para conhecer o despertar, mediante estes escritos: hoje, novamente saudamos todos voc\u00eas, com o objetivo de que seja a abundancia em conhecimentos e conhecissertos, buscando que a Verdade os liberte do pecado e da corrup\u00e7\u00e3o que a rameira JEZABEL gravou, maldosamente, nos habitantes do planeta.<\/span><\/p>\n<p class=\"MsoNormal\" style=\"margin-bottom: .0001pt; line-height: normal;\"><span style=\"color: #365f91; font-family: Tahoma, sans-serif; font-size: 14pt;\">Esta sauda\u00e7\u00e3o \u00e9 emitida em nome do Vener\u00e1vel s\u00e1bio do Tibete, o Grande Senhor K\u00daMIDO, assim como tamb\u00e9m no nome do grande Mestre AVNER EROS, os quais, com a sua for\u00e7a espiritual, nos aben\u00e7oa para continuar sempre adiante.<\/span><\/p>\n<p class=\"MsoNormal\" style=\"margin-bottom: .0001pt; line-height: normal;\"><span style=\"color: #365f91; font-family: Tahoma, sans-serif; font-size: 14pt;\">Hoje, Vener\u00e1veis Seres, trataremos um tema que n\u00e3o podemos esquecer, j\u00e1 que a RAMEIRA, a BABILONIA, a <\/span><i style=\"color: #365f91; font-family: Tahoma, sans-serif; font-size: 14pt;\">Madre<\/i><span style=\"color: #365f91; font-family: Tahoma, sans-serif; font-size: 14pt;\"> de todas as maldades, a Igreja Cat\u00f3lica, entre os seus instrumentos de maldade, creou uma das institui\u00e7\u00f5es mais assassinas que existe na Terra, o seu nome: OPUS DEI; conhecida no mundo como a \u201cm\u00e1fia secreta do Vaticano\u201d, mas cuja seita pertence ao Armagedom.<\/span><\/p>\n<p class=\"MsoNormal\" style=\"margin-bottom: .0001pt; line-height: normal;\"><span style=\"color: #365f91; font-family: Tahoma, sans-serif; font-size: 14pt;\">Em seguida lhes mostraremos uma interessante reportagem de Thierry Meyssan<\/span><\/p>\n<p class=\"MsoNormal\" style=\"margin-bottom: .0001pt; text-align: center; line-height: normal;\" align=\"center\"><b><span lang=\"PT-BR\" style=\"font-size: 14.0pt; font-family: 'Tahoma','sans-serif'; color: red; mso-ansi-language: PT-BR;\">O Opus Dei \u00e0 conquista do Mundo por Thierry Meyssan<\/span><\/b><\/p>\n<p class=\"MsoNormal\" style=\"margin-bottom: .0001pt; line-height: normal;\"><span style=\"color: #365f91; font-family: Tahoma, sans-serif; font-size: 14pt;\"><a href=\"https:\/\/www.joventaoista.org\/wp-content\/uploads\/2014\/02\/PICT0061-Conference_presse_Thierry_Meyssan.jpg\"><img loading=\"lazy\" decoding=\"async\" class=\"wp-image-7986 alignright\" alt=\"KONICA MINOLTA DIGITAL CAMERA\" src=\"https:\/\/www.joventaoista.org\/wp-content\/uploads\/2014\/02\/PICT0061-Conference_presse_Thierry_Meyssan-1024x680.jpg\" width=\"294\" height=\"196\" srcset=\"https:\/\/www.joventaoista.org\/wp-content\/uploads\/2014\/02\/PICT0061-Conference_presse_Thierry_Meyssan-1024x680.jpg 1024w, https:\/\/www.joventaoista.org\/wp-content\/uploads\/2014\/02\/PICT0061-Conference_presse_Thierry_Meyssan-300x199.jpg 300w, https:\/\/www.joventaoista.org\/wp-content\/uploads\/2014\/02\/PICT0061-Conference_presse_Thierry_Meyssan.jpg 500w\" sizes=\"(max-width: 294px) 100vw, 294px\" \/><\/a>Foi durante a ditadura do general Francisco Franco, na Espanha, que o sacerdote <\/span><b style=\"color: #365f91; font-family: Tahoma, sans-serif; font-size: 14pt;\">Jose mar\u00eda Escriv\u00e1 de Balaguer<\/b><span style=\"color: #365f91; font-family: Tahoma, sans-serif; font-size: 14pt;\"> funda e instala os alicerces do Opus Dei [5]. Como conselheiro espiritual de Franco [6] e gra\u00e7as \u00e0 organiza\u00e7\u00e3o que criou, Balaguer realiza a miss\u00e3o de selecionar e formar as elites da ditadura franquista, at\u00e9 chegar a controlar o essencial do poder.<\/span><\/p>\n<p class=\"MsoNormal\" style=\"margin-bottom: .0001pt; line-height: normal;\"><span style=\"color: #365f91; font-family: Tahoma, sans-serif; font-size: 14pt;\">Mais tarde Balaguer foi enviado ao Vaticano. Desde ali trabalhou para estender o seu poder na Am\u00e9rica Latina. O Opus Dei desenvolve uma gigantesca campanha para recuperar aos sacerdotes cat\u00f3licos \u201cculp\u00e1veis\u201d, diante dos seus olhos, por apreciar as analises marxistas e de opor-se \u00e0s ditaduras, sejam militares ou cat\u00f3licas.<\/span><\/p>\n<p class=\"MsoNormal\" style=\"margin-bottom: .0001pt; line-height: normal;\"><span style=\"color: #365f91; font-family: Tahoma, sans-serif; font-size: 14pt;\">Oficialmente o Opus Dei n\u00e3o \u00e9 mais do que uma associa\u00e7\u00e3o cat\u00f3lica internacional. O seu trabalho se resumiria \u00e0 atividade espiritual dos seus 79.303 membros (ou seja 1.506 sacerdotes, 352 seminaristas e 77.445 laicos). Os membros que o Opus Dei seleciona, s\u00e3o o creme e a nata da sociedade latino-americana e europeia. Entre eles, os grandes propriet\u00e1rios de companhias multinacionais, os magnatas da m\u00eddia e do mundo financeiro, chefes de Estado e do governo.<\/span><\/p>\n<p class=\"MsoNormal\" style=\"margin-bottom: .0001pt; line-height: normal;\"><span style=\"color: #365f91; font-family: Tahoma, sans-serif; font-size: 14pt;\">A cada um deles o Opus Dei exige uma austera disciplina e uma completa obedi\u00eancia. Uma maneira muito inteligente de fingir e esconder as suas atividades politicas \u201cpessoais\u201d, gra\u00e7as aos seus executivos das \u201cclasses dominantes\u201d no mundo inteiro, o Opus Dei pode impor os seus valores aos povos.<\/span><\/p>\n<p class=\"MsoNormal\" style=\"margin-bottom: .0001pt; line-height: normal;\"><span style=\"color: #365f91; font-family: Tahoma, sans-serif; font-size: 14pt;\">Esta seita foi fundada no dia 2 de outubro de 1928 por um jovem sacerdote cat\u00f3lico espanhol, de origem modesta, o padre Josemar\u00eda Escrib\u00e1 de Balaguer. Era sobretudo uma tentativa destes adeptos de chegar \u00e0 santidade, mediante a participa\u00e7\u00e3o na instaura\u00e7\u00e3o de um regime teocr\u00e1tico, na qual Escrib\u00e1 de Balaguer seria o profeta. Eles acharam que a Guerra Civil Espanhola fosse a ocasi\u00e3o ideal e inesperada de estabelecer o Estado Cat\u00f3lico dos seus sonhos. O sacerdote Escrib\u00e1 chegou a ser o Conselheiro Espiritual e de Consci\u00eancia do <a href=\"https:\/\/www.joventaoista.org\/wp-content\/uploads\/2014\/02\/opus-dei-.jpg\"><img loading=\"lazy\" decoding=\"async\" class=\"size-full wp-image-7987 alignleft\" alt=\"opus dei\" src=\"https:\/\/www.joventaoista.org\/wp-content\/uploads\/2014\/02\/opus-dei-.jpg\" width=\"280\" height=\"180\" \/><\/a>General Franco. Juntos, estabeleceram o antigo principio: \u201c<\/span><i style=\"color: #365f91; font-family: Tahoma, sans-serif; font-size: 14pt;\">Cujus r\u00e9gio, ejus religio<\/i><span style=\"color: #365f91; font-family: Tahoma, sans-serif; font-size: 14pt;\">\u201d (tal governo em um Estado, tal religi\u00e3o no Estado).<\/span><\/p>\n<p class=\"MsoNormal\" style=\"margin-bottom: .0001pt; line-height: normal;\"><span style=\"color: #365f91; font-family: Tahoma, sans-serif; font-size: 14pt;\">O Opus Dei adquiriu o objetivo de selecionar e deformar as elites da ditadura espanhola, at\u00e9 controlar o que \u00e9 essencial do poder. Assim, nos anos 70, o governo franquista do almirante Carero Blanco, foi qualificado de \u201cmonocolor\u201d: dos seus 19 ministros, 12 eram do Opus Dei. A pesar de que Escrib\u00e1 de Balaguer n\u00e3o exercia nenhuma responsabilidade direta no regime, o \u201cpai\u201d Balaguer<\/span><b style=\"color: #365f91; font-family: Tahoma, sans-serif; font-size: 14pt;\"> nunca cessou de aconselhar ao General\u00edssimo<\/b><span style=\"color: #365f91; font-family: Tahoma, sans-serif; font-size: 14pt;\">. Foi ele quem sugeriu o reestabelecimento da monarquia de direito divino. Franco foi proclamado presidente por toda a vida.<\/span><\/p>\n<p class=\"MsoNormal\" style=\"margin-bottom: .0001pt; line-height: normal;\"><a href=\"https:\/\/www.joventaoista.org\/wp-content\/uploads\/2014\/02\/opus-dei-juan-pablo-pinochet.jpg\"><img loading=\"lazy\" decoding=\"async\" class=\"wp-image-7993 aligncenter\" alt=\"opus dei juan pablo pinochet\" src=\"https:\/\/www.joventaoista.org\/wp-content\/uploads\/2014\/02\/opus-dei-juan-pablo-pinochet.jpg\" width=\"306\" height=\"173\" srcset=\"https:\/\/www.joventaoista.org\/wp-content\/uploads\/2014\/02\/opus-dei-juan-pablo-pinochet.jpg 567w, https:\/\/www.joventaoista.org\/wp-content\/uploads\/2014\/02\/opus-dei-juan-pablo-pinochet-300x169.jpg 300w\" sizes=\"(max-width: 306px) 100vw, 306px\" \/><\/a><\/p>\n<p class=\"MsoNormal\" style=\"margin-bottom: .0001pt; line-height: normal;\"><span style=\"color: #365f91; font-family: Tahoma, sans-serif; font-size: 14pt;\">Balaguer previa proclamar-se regente, depois que sucedesse a morte do caudilho. Por tal motivo, se torna um nobre em 1068, sob o titulo de Monsenhor Escrib\u00e1 de Balaguer Marques de Peralta. Mas o plano foi modificado. No ano seguinte Franco designa ao pr\u00edncipe Jo\u00e3o Carlos I de Borbom para suced\u00ea-lo (o atual rei da Espanha). De todas maneiras, Monsenhor Escrib\u00e1 de Balaguer tinha outras ambi\u00e7\u00f5es. Nos finais da Segunda Guerra Mundial viaja a Roma, estando ali se dedica a consolida\u00e7\u00e3o e extens\u00e3o do seu poder na Am\u00e9rica Latina.<\/span><\/p>\n<p class=\"MsoNormal\" style=\"margin-bottom: .0001pt; line-height: normal;\"><span style=\"color: #365f91; font-family: Tahoma, sans-serif; font-size: 14pt;\"><a href=\"https:\/\/www.joventaoista.org\/wp-content\/uploads\/2014\/02\/opusdei-franco.jpg\"><img loading=\"lazy\" decoding=\"async\" class=\"wp-image-7991 alignright\" alt=\"opusdei franco\" src=\"https:\/\/www.joventaoista.org\/wp-content\/uploads\/2014\/02\/opusdei-franco.jpg\" width=\"262\" height=\"182\" srcset=\"https:\/\/www.joventaoista.org\/wp-content\/uploads\/2014\/02\/opusdei-franco.jpg 469w, https:\/\/www.joventaoista.org\/wp-content\/uploads\/2014\/02\/opusdei-franco-300x207.jpg 300w\" sizes=\"(max-width: 262px) 100vw, 262px\" \/><\/a>Orat\u00f3rios e capelas do Opus Dei foram instalados nas Embaixadas Espanholas, coisa que facilitaria o contato entre as elites locais. Escrib\u00e1 de Balager brindava igualmente os seus conselhos espirituais a todos aqueles que ambicionavam lutar contra o comunismo, e consolidar a f\u00e9 cat\u00f3lica em seu pa\u00eds. Foi nestas circunstancias que Balaguer viajou apressadamente a Santiago do Chile em 1974, para celebrar uma a\u00e7\u00e3o de gra\u00e7as com tr\u00eas dos seus \u201cfilhos espirituais\u201d: o general Pinochet, o almirante Merino e o general Ligh.<\/span><\/p>\n<p class=\"MsoNormal\" style=\"margin-bottom: .0001pt; line-height: normal;\"><span style=\"color: #365f91; font-family: Tahoma, sans-serif; font-size: 14pt;\">Outra das inquietudes de Balaguer era estender a sua \u201cObra\u201d na Europa, mas em parte foi impedido pelo isolamento diplom\u00e1tico da Espanha naquela \u00e9poca. O seu objetivo era de tornar a criar uma internacional anti-comunista (como a que criaram Franco, Mussolini, Hitler, durante a guerra civil espanhola), de retirar da isola\u00e7\u00e3o a Espanha franquista, e de favorecer a constru\u00e7\u00e3o europeia.<\/span><\/p>\n<p class=\"MsoNormal\" style=\"margin-bottom: .0001pt; line-height: normal;\"><span lang=\"PT-BR\" style=\"font-size: 14.0pt; font-family: 'Tahoma','sans-serif'; color: #365f91; mso-themecolor: accent1; mso-themeshade: 191; mso-ansi-language: PT-BR;\">Em 1957 instituiu em Madri, pelo arquiduque Otto Von Habsbur-Lothiringen o Centro Europeu de Documenta\u00e7\u00e3o e de Informa\u00e7\u00e3o (CEDI) e, gra\u00e7as outros dois dos seus \u201cfilhos espirituais\u201d, Alcide de Gasperi et Robert Schuman, Balaguer pode ter um peso na reda\u00e7\u00e3o do Tratado de Roma, o primeiro alicerce para a cria\u00e7\u00e3o da Comunidade Europeia.<\/span><\/p>\n<p class=\"MsoNormal\" style=\"margin-bottom: .0001pt; line-height: normal;\"><span style=\"color: #365f91; font-family: Tahoma, sans-serif; font-size: 14pt;\">Da mesma forma que Francisco Franco, o \u201cpai\u201d falece no ano de 1975. Foi um erro acreditar que o Opus Dei desapareceria com eles no inferno. Um apogeu desta seita foi constatado tr\u00eas anos mais tarde, em 1978. Aproveitando as intrigas e a paralise do Sagrado Col\u00e9gio, o Opus Dei conseguiu convencer aos cardeais para eleger um dos seus predicadores como Papa: o arcebispo de Crac\u00f3via, Karol Wojtyla, mais conhecido como Jo\u00e3o Paulo II. <\/span><span style=\"text-decoration: underline;\">A partir desse momento a seita do Opus Dei p\u00f4de encaminhar, para seu proveito, o aparelho diplom\u00e1tico do Estado do Vaticano e a reorganiza\u00e7\u00e3o religiosa da Igreja Cat\u00f3lica.<\/span><\/p>\n<p class=\"MsoNormal\" style=\"margin-bottom: .0001pt; line-height: normal;\"><span style=\"color: #365f91; font-family: Tahoma, sans-serif; font-size: 14pt;\"><a href=\"https:\/\/www.joventaoista.org\/wp-content\/uploads\/2014\/02\/es-opus390-9648c.jpg\"><img loading=\"lazy\" decoding=\"async\" class=\"wp-image-7996 alignleft\" alt=\"es-opus390-9648c\" src=\"https:\/\/www.joventaoista.org\/wp-content\/uploads\/2014\/02\/es-opus390-9648c.jpg\" width=\"250\" height=\"183\" srcset=\"https:\/\/www.joventaoista.org\/wp-content\/uploads\/2014\/02\/es-opus390-9648c.jpg 390w, https:\/\/www.joventaoista.org\/wp-content\/uploads\/2014\/02\/es-opus390-9648c-300x220.jpg 300w\" sizes=\"(max-width: 250px) 100vw, 250px\" \/><\/a>Jo\u00e3o Paulo II constituiu o seu gabinete exclusivamente de sacerdotes do Opus Dei, e se dedicou a desmontar toda a resist\u00eancia no seio da Igreja. Por tal motivo isolou, \u201cpor raz\u00f5es de sa\u00fade\u201d, ao superior dos Jesu\u00edtas, o padre Pedro Arupe, e nomeou um administrador provis\u00f3rio da mesma ordem para substitu\u00ed-lo na pessoa do padre Dezza, quem sim era membro do Opus Dei. Mas n\u00e3o se atreveu a dissolver a Companhia de Jesus. Ocupou-se tamb\u00e9m em controlar aos sacerdotes latino-americanos, culp\u00e1veis de compartilhar ou apreciar as an\u00e1lises marxistas e de opor-se \u00e0s ditaduras cat\u00f3licas. Tudo isto em um gigantesco processo de controle eclesi\u00e1stico.<\/span><\/p>\n<p class=\"MsoNormal\" style=\"margin-bottom: .0001pt; line-height: normal;\"><span style=\"color: #365f91; font-family: Tahoma, sans-serif; font-size: 14pt;\">Duas pessoas zelotas foram fi\u00e9is servidores da politica de Balaguer: Monsenhor Josef Ratzinger, prefeito da Congrega\u00e7\u00e3o para a Doutrina e a F\u00e9, e Monsenhor Alfonso L\u00f3pez Trujillo, presidente do Conselho Pontifical para a Fam\u00edlia. Um centro de vigil\u00e2ncia foi instalado em Bogot\u00e1, Col\u00f4mbia, dotado de um potente computador de capacidade estrat\u00e9gica, conectado ao Vaticano. Eram identificados e guardados todos os dados e atividades politicas dos padres e religiosos latino-americanos. \u00c9 a partir destas informa\u00e7\u00f5es e dados de intelig\u00eancia que foram assassinados por \u201cesquadr\u00f5es da morte\u201d o padre Ign\u00e1cio Ellacuria, ou Monsenhor Oscar Romero, em El Salvador.<\/span><\/p>\n<p class=\"MsoNormal\" style=\"margin-bottom: .0001pt; line-height: normal;\"><span style=\"color: #365f91; font-family: Tahoma, sans-serif; font-size: 14pt;\">Entre outras coisas, Jo\u00e3o Paulo II promulgou um novo c\u00f3digo de direito can\u00f4nico, cujo art\u00edfice principal foi o prelado do Opus Dei, Monsenhor Juli\u00e1n Herranz-Casado, a quem o nomearam mais tarde como Presidente do Conselho Pontifical para a Revis\u00e3o dos Textos Legislativos.<\/span><\/p>\n<p class=\"MsoNormal\" style=\"margin-bottom: .0001pt; line-height: normal;\"><span lang=\"PT-BR\" style=\"font-size: 14.0pt; font-family: 'Tahoma','sans-serif'; color: #365f91; mso-themecolor: accent1; mso-themeshade: 191; mso-ansi-language: PT-BR;\">Foi este ultimo quem dotou \u00e0 \u201cObra de Deus\u201d de um estatuto em sua medida: \u201dA Prelatura Apost\u00f3lica\u201d. Dai para frente os membros do Opus Dei escapam da <a href=\"https:\/\/www.joventaoista.org\/wp-content\/uploads\/2014\/02\/images4.jpg\"><img loading=\"lazy\" decoding=\"async\" class=\"size-full wp-image-7999 alignright\" alt=\"images\" src=\"https:\/\/www.joventaoista.org\/wp-content\/uploads\/2014\/02\/images4.jpg\" width=\"270\" height=\"187\" \/><\/a>autoridade dos bispos no territ\u00f3rio onde residem. Obedecem unicamente ao seu superior religioso, prelado ou ao Papa. Esta organiza\u00e7\u00e3o chegou a ser um instrumento de controle das Igrejas locais ao servi\u00e7o do poder temporal do Vaticano. Este destino o encontramos no passado e em outra seita que reinou com o terror religioso na Espanha do s\u00e9culo XVI, antes de impor e exportar o seu fanatismo na Igreja Universal: o Oficio da Santa Inquisi\u00e7\u00e3o.<\/span><\/p>\n<p class=\"MsoNormal\" style=\"margin-bottom: .0001pt; line-height: normal;\"><span style=\"color: #365f91; font-family: Tahoma, sans-serif; font-size: 14pt;\">Em fim, o Papa confiou a administra\u00e7\u00e3o da \u201cCongrega\u00e7\u00e3o para a Causa dos Santos\u201d a um membro do Opus Dei, Rafaello Cortesini. Jo\u00e3o Paulo II empreendeu o processo can\u00f4nico do sacerdote Escriv\u00e1 de Balaguer e proclamou a sua beatifica\u00e7\u00e3o no dia do seu aniversario, dia 17 de maio de 1992. Este engano sublevou vivas polemicas na Igreja Romana. Todos os depoimentos e relatos de oposi\u00e7\u00e3o \u00e0 \u201ccausa do santo\u201d foram recha\u00e7ados sem ser escutados, enquanto que 6000 cartas postuladora foram inclu\u00eddas ao expediente. Estas emanavam sobre tudo dos 69 cardeais, dos 241 arcebispos, de 987 bispos e de numerosos chefes de Estado e de governo.<\/span><\/p>\n<p class=\"MsoNormal\" style=\"margin-bottom: .0001pt; line-height: normal;\"><span style=\"color: #365f91; font-family: Tahoma, sans-serif; font-size: 14pt;\">Zelota: se diz da pessoa caracterizada pela veem\u00eancia e rigidez da sua integridade religiosa. A origem da palavra vem das pessoas pertencentes a um grupo religioso do povo judeu que praticava este integrismo.<\/span><\/p>\n<p class=\"MsoNormal\" style=\"margin-bottom: .0001pt; line-height: normal;\"><span style=\"color: #365f91; font-family: Tahoma, sans-serif; font-size: 14pt;\">Inquisi\u00e7\u00e3o: Tribunal eclesi\u00e1stico, estabelecido para inquirir e castigar os delitos contra a F\u00e9.<\/span><\/p>\n<p class=\"MsoNormal\" style=\"margin-bottom: .0001pt; line-height: normal;\"><span style=\"color: #365f91; font-family: Tahoma, sans-serif; font-size: 14pt;\">Postulator: Em direito can\u00f4nico, cada um dos capitulares que postulam. O que por comiss\u00e3o legitima de parte interessada, solicita na c\u00faria romana a beatifica\u00e7\u00e3o e canoniza\u00e7\u00e3o de uma pessoa vener\u00e1vel. Em latim, significa \u201cObra de Deus\u201d.<\/span><\/p>\n<p class=\"MsoNormal\" style=\"margin-bottom: .0001pt; line-height: normal;\"><span style=\"color: #365f91; font-family: Tahoma, sans-serif; font-size: 14pt;\">Francisco Franco: Ditador espanhol que se manteve no poder de 1938 a 1975. Porem os desmanes desta maquinaria de morte n\u00e3o pararam. Leremos em seguida um interessante documento sobre uma das escuras formas que manejam estes assassinos, para manter os seus burricos sob controle. Em continua\u00e7\u00e3o emitimos a seguinte reportagem:<\/span><span lang=\"PT-BR\" style=\"font-size: 14.0pt; font-family: 'Tahoma','sans-serif'; color: #365f91; mso-themecolor: accent1; mso-themeshade: 191; mso-ansi-language: PT-BR;\">\u00a0<\/span><\/p>\n<p class=\"MsoNormal\" style=\"margin-bottom: .0001pt; text-align: center; line-height: normal;\" align=\"center\"><b><span lang=\"PT-BR\" style=\"font-size: 14.0pt; font-family: 'Tahoma','sans-serif'; color: red; mso-ansi-language: PT-BR;\">O terceiro andar escuro do OPUS DEI<\/span><\/b><\/p>\n<p class=\"MsoNormal\" style=\"margin-bottom: .0001pt; line-height: normal;\"><span style=\"color: #365f91; font-family: Tahoma, sans-serif; font-size: 14pt;\">\u00c9 poss\u00edvel que a seita do Vaticano, chamada OPUS DEI, chegue at\u00e9 os limites que incluem o internado psiqui\u00e1trico daqueles membros que tentam escapar da mesma?<\/span><\/p>\n<p class=\"MsoNormal\" style=\"margin-bottom: .0001pt; line-height: normal;\"><span lang=\"PT-BR\" style=\"font-size: 14.0pt; font-family: 'Tahoma','sans-serif'; color: #365f91; mso-themecolor: accent1; mso-themeshade: 191; mso-ansi-language: PT-BR;\">\u00c9 poss\u00edvel que dita m\u00e1fia chegue inclusive a provocar a morte daqueles rebeldes que tentaram sair da mesma?<\/span><\/p>\n<p class=\"MsoNormal\" style=\"margin-bottom: .0001pt; line-height: normal;\"><span lang=\"PT-BR\" style=\"font-size: 14.0pt; font-family: 'Tahoma','sans-serif'; color: #365f91; mso-themecolor: accent1; mso-themeshade: 191; mso-ansi-language: PT-BR;\">A famosa clinica de Navarra tem a ver com dita seita?<\/span><\/p>\n<p class=\"MsoNormal\" style=\"margin-bottom: .0001pt; line-height: normal;\"><a href=\"https:\/\/www.joventaoista.org\/wp-content\/uploads\/2014\/02\/mx3B5E7.png\"><img loading=\"lazy\" decoding=\"async\" class=\"wp-image-7998 aligncenter\" alt=\"mx3B5E7\" src=\"https:\/\/www.joventaoista.org\/wp-content\/uploads\/2014\/02\/mx3B5E7.png\" width=\"449\" height=\"440\" srcset=\"https:\/\/www.joventaoista.org\/wp-content\/uploads\/2014\/02\/mx3B5E7.png 641w, https:\/\/www.joventaoista.org\/wp-content\/uploads\/2014\/02\/mx3B5E7-600x589.png 600w, https:\/\/www.joventaoista.org\/wp-content\/uploads\/2014\/02\/mx3B5E7-300x294.png 300w\" sizes=\"(max-width: 449px) 100vw, 449px\" \/><\/a><\/p>\n<p class=\"MsoNormal\" style=\"margin-bottom: .0001pt; line-height: normal;\"><span style=\"color: #365f91; font-family: Tahoma, sans-serif; font-size: 14pt;\">\u00c9 poss\u00edvel que esta organiza\u00e7\u00e3o seja respons\u00e1vel de m\u00faltiplas fraudes com dinheiro publico e privado, al\u00e9m de serem autores da maioria dos delitos que esta seita comete em forma sistem\u00e1tica, como: fraudes, estafas, coa\u00e7\u00f5es, amea\u00e7as, viola\u00e7\u00e3o da intimidade, ass\u00e9dios, falsifica\u00e7\u00f5es, sequestros, homic\u00eddios, etc?<\/span><\/p>\n<p class=\"MsoNormal\" style=\"margin-bottom: .0001pt; line-height: normal;\"><span style=\"color: #365f91; font-family: Tahoma, sans-serif; font-size: 14pt;\">Estes delitos s\u00e3o cometidos facilmente, e de forma impune, gra\u00e7as \u00e0 rede clandestina de poder, e por tanto, secreta (ver a seita Opus e o PP) pela qual ajudam uns aos outros, para ocupar os cargos chave do Estado, e com certeza garantir a sua impunidade?<\/span><\/p>\n<p class=\"MsoNormal\" style=\"margin-bottom: .0001pt; line-height: normal;\"><span style=\"color: #365f91; font-family: Tahoma, sans-serif; font-size: 14pt;\">O seguinte artigo mostra umas arrepiantes pinceladas sobre at\u00e9 onde pode chegar dita m\u00e1fia sect\u00e1ria, com as vitimas que tentam fugir.<\/span><\/p>\n<p class=\"MsoNormal\" style=\"margin-bottom: .0001pt; line-height: normal;\"><span style=\"color: #ff0000;\"><b style=\"font-size: 14px;\"><span lang=\"PT-BR\" style=\"font-size: 14.0pt; font-family: 'Tahoma','sans-serif'; mso-ansi-language: PT-BR;\">O escuro terceiro andar<\/span><\/b><\/span><\/p>\n<p class=\"MsoNormal\" style=\"margin-bottom: .0001pt; line-height: normal;\"><span style=\"color: #365f91; font-family: Tahoma, sans-serif; font-size: 14pt;\">O denominado \u201cTerceiro Andar\u201d da \u201cClinica Universidade de Navarra\u201d \u00e9 citado continuamente pelos ex-Opus Dei _os quais conseguiram escapar da organiza\u00e7\u00e3o_ como o lugar a onde levam aos membros da organiza\u00e7\u00e3o que apresentam problemas mentais. De acordo com os ex-membros do Opus, estes transtornos mentais, ou s\u00e3o provocados pela forma de vida aplicada aos membros, ou pela press\u00e3o psicol\u00f3gica \u00e0 qual s\u00e3o submetidos aqueles em quem se detectam ind\u00edcios de que querem abandonar a organiza\u00e7\u00e3o.<\/span><\/p>\n<p class=\"MsoNormal\" style=\"margin-bottom: .0001pt; line-height: normal;\"><span style=\"color: #365f91; font-family: Tahoma, sans-serif; font-size: 14pt;\">Neste \u201cterceiro andar\u201d s\u00e3o diagnosticados por psiquiatras que pertencem exclusivamente ao Opus Dei, e submetidos a uma forte medica\u00e7\u00e3o. Ex membros do Opus tamb\u00e9m acusam e denunciam \u2014onde possam\u2014 praticas que v\u00e3o mais al\u00e9m da psiquiatria, e que se submergem na experimenta\u00e7\u00e3o com tecnologias n\u00e3o convencionais de controle mental a distancia, derivadas, entre outras, das pesquisas do Dr. Delgado.<\/span><\/p>\n<p class=\"MsoNormal\" style=\"margin-bottom: .0001pt; line-height: normal;\"><span lang=\"PT-BR\" style=\"font-size: 14.0pt; font-family: 'Tahoma','sans-serif'; color: #365f91; mso-themecolor: accent1; mso-themeshade: 191; mso-ansi-language: PT-BR;\">Os membros do Opus Dei s\u00e3o fundamentalmente \u201cnumer\u00e1rios\u201d ou \u201csuper numer\u00e1rios\u201d. Os \u201cnumer\u00e1rios\u201d s\u00e3o membros solteiros de dedica\u00e7\u00e3o plena, laicos que vivem o celibato, a pobreza e a obedi\u00eancia. Usam o cilicio \u2014que fabricam em conventos de monjas\u2014 para mortificar-se e combater as tenta\u00e7\u00f5es do sexo. Habitam em centros do Opus Dei; se dedicam \u00e0s tarefas internas, e s\u00e3o os que mantem a \u201cmaquinaria\u201d da Obra em funcionamento. Entregam todos os seus sal\u00e1rios, bens e heran\u00e7as \u00e0 organiza\u00e7\u00e3o, os quais s\u00e3o invertidos em im\u00f3veis, sob a figura de sociedades mercantis, das que os s\u00f3cios assinam um \u201c<i>vend\u00ed<\/i>\u201d de suas a\u00e7\u00f5es, com a data e novo dono, em branco.<\/span><\/p>\n<p class=\"MsoNormal\" style=\"margin-bottom: .0001pt; line-height: normal;\"><span style=\"color: #365f91; font-family: Tahoma, sans-serif; font-size: 14pt;\">Os \u201csupernumer\u00e1rios\u201d est\u00e3o geralmente casados, e vivem em sua pr\u00f3pria casa; uma vez por semana recebem \u201cdire\u00e7\u00e3o espiritual\u201d de um numer\u00e1rio, se confessam, d\u00e3o conta de suas metas apost\u00f3licas, capta\u00e7\u00e3o de novos membros, etc. Entregam uma porcentagem do seu salario \u00e0 Obra.<\/span><\/p>\n<p class=\"MsoNormal\" style=\"margin-bottom: .0001pt; line-height: normal;\"><span style=\"color: #365f91; font-family: Tahoma, sans-serif; font-size: 14pt;\"><a href=\"https:\/\/www.joventaoista.org\/wp-content\/uploads\/2014\/02\/OPUSDEIAUTORTURA.jpg\"><img loading=\"lazy\" decoding=\"async\" class=\"wp-image-8001 alignleft\" alt=\"OPUSDEIAUTORTURA\" src=\"https:\/\/www.joventaoista.org\/wp-content\/uploads\/2014\/02\/OPUSDEIAUTORTURA.jpg\" width=\"272\" height=\"192\" srcset=\"https:\/\/www.joventaoista.org\/wp-content\/uploads\/2014\/02\/OPUSDEIAUTORTURA.jpg 567w, https:\/\/www.joventaoista.org\/wp-content\/uploads\/2014\/02\/OPUSDEIAUTORTURA-300x211.jpg 300w\" sizes=\"(max-width: 272px) 100vw, 272px\" \/><\/a>As duas dedica\u00e7\u00f5es principais do Opus Dei s\u00e3o, por um lado, posicionar aos seus membros na politica, no ex\u00e9rcito e nos corpos de seguran\u00e7a, na grande banca, nos na m\u00eddia, na judicatura, e nos \u201cneg\u00f3cios\u201d \u2014utilizando t\u00edteres e sociedades de apar\u00eancia\u2014. O prelado do Opus Dei depende diretamente do Papa, escapando assim da autoridade dos bispos.<\/span><\/p>\n<p class=\"MsoNormal\" style=\"margin-bottom: .0001pt; line-height: normal;\"><span lang=\"PT-BR\" style=\"font-size: 14.0pt; font-family: 'Tahoma','sans-serif'; color: #365f91; mso-themecolor: accent1; mso-themeshade: 191; mso-ansi-language: PT-BR;\">A segunda op\u00e7\u00e3o \u00e9 controlar e melhorar uma das redes de centros de ensinamento mais prestigiosas do mundo, onde reclutam numer\u00e1rios, normalmente antes de, ou na mesma Universidade, pois \u00e9 bastante dif\u00edcil convencer aos adultos. A capta\u00e7\u00e3o se pratica entre crian\u00e7as (14 anos), especialmente entre os filhos dos supernumer\u00e1rios os quais s\u00e3o educados nestes col\u00e9gios.<\/span><\/p>\n<p class=\"MsoNormal\" style=\"margin-bottom: .0001pt; line-height: normal;\"><span style=\"color: #365f91; font-family: Tahoma, sans-serif; font-size: 14pt;\">Os numer\u00e1rios n\u00e3o vivem em suas casas particulares, sen\u00e3o em centros da Obra. Em palavras de um ex numer\u00e1rio: \u201cAs casas onde vivem as pessoas est\u00e3o cheias de pessoas com problemas, deprimidos, os quais tem que tomar comprimidos constantemente\u201d. As mulheres, quase sempre ocupadas em fun\u00e7\u00f5es auxiliares, mesmo tendo diploma universit\u00e1rio, est\u00e3o submetidas ao dom\u00ednio hier\u00e1rquico dos var\u00f5es.<\/span><\/p>\n<p class=\"MsoNormal\" style=\"margin-bottom: .0001pt; line-height: normal;\"><span style=\"color: #365f91; font-family: Tahoma, sans-serif; font-size: 14pt;\">Muitas crian\u00e7as e jovens saem, quando come\u00e7am apensar por sua pr\u00f3pria conta, quando sentem mais intensamente os impulsos sexuais. Mas outros, se auto reprimem, se fanatizam, e um dos efeitos secund\u00e1rios s\u00e3o os transtornos psicol\u00f3gico, tanto por parte de rapazes como de mo\u00e7as, muitos dos quais tentam suicidar-se ou terminam suicidando-se.<\/span><\/p>\n<p class=\"MsoNormal\" style=\"margin-bottom: .0001pt; line-height: normal;\"><span style=\"color: #365f91; font-family: Tahoma, sans-serif; font-size: 14pt;\"><a href=\"https:\/\/www.joventaoista.org\/wp-content\/uploads\/2014\/04\/23.jpg\"><img loading=\"lazy\" decoding=\"async\" class=\"wp-image-9167 alignleft\" alt=\"2\" src=\"https:\/\/www.joventaoista.org\/wp-content\/uploads\/2014\/04\/23.jpg\" width=\"199\" height=\"278\" srcset=\"https:\/\/www.joventaoista.org\/wp-content\/uploads\/2014\/04\/23.jpg 356w, https:\/\/www.joventaoista.org\/wp-content\/uploads\/2014\/04\/23-215x300.jpg 215w\" sizes=\"(max-width: 199px) 100vw, 199px\" \/><\/a>As informa\u00e7\u00f5es sobre casos de suic\u00eddios de membros do Opus Dei na Espanha, crescem a medida que \u00e9 perguntado a antigos membros, como JJRR, professor de Filosofia, o qual disparou um tiro contra si mesmo em Pamplona (Navarra). Em alguns casos, os diretores do Opus tratam de tapar as circunstancias: NG, diretor do Opus em C\u00f3rdoba, grande esportista, professor de F\u00edsica no Instituto, se jogou de uma janela de sua casa, uma noite, e foi dito que era um caso de sonambulismo. Tudo indica que ele est\u00e1 enterrado no cemit\u00e9rio de C\u00f3rdoba (Espanha) com uma l\u00e1pide sem nome&#8230;<\/span><\/p>\n<p class=\"MsoNormal\" style=\"margin-bottom: .0001pt; line-height: normal;\"><span style=\"color: #365f91; font-family: Tahoma, sans-serif; font-size: 14pt;\">Ao terceiro andar da Clinica Universit\u00e1ria de Navarra s\u00e3o enviados os membros do Opus com problemas. Por um lado, homens e mulheres que sofrem transtornos psicol\u00f3gicos produzidos pelas contradi\u00e7\u00f5es da vida do numer\u00e1rio. Ao cabo de certo tempo, muitos entram em depress\u00f5es, em neuroses&#8230;<\/span><\/p>\n<p class=\"MsoNormal\" style=\"margin-bottom: .0001pt; line-height: normal;\"><span style=\"color: #365f91; font-family: Tahoma, sans-serif; font-size: 14pt;\">O doutor em Politica e Direito, soci\u00f3logo e ex membro do Opus Dei, Alberto Moncada, afirma que a segunda fonte de pacientes para o \u201cterceiro andar\u201d s\u00e3o os indecisos ou cr\u00edticos; e que os diretores do Opus Dei consideram que o desvio ideol\u00f3gico sobre a linha marcada pela organiza\u00e7\u00e3o: \u00e9 uma \u201cdoen\u00e7a mental\u201d; e que ent\u00e3o os afetados s\u00e3o aconselhados ou for\u00e7ados a passarem uma temporada no \u201cterceiro andar\u201d da Clinica Universidade de Navarra, onde s\u00e3o mantidos em estado de forte seda\u00e7\u00e3o, mediante tranquilizantes e drogas debilitantes da vontade.<\/span><\/p>\n<p class=\"MsoNormal\" style=\"margin-bottom: .0001pt; line-height: normal;\"><a href=\"https:\/\/www.joventaoista.org\/wp-content\/uploads\/2014\/02\/caida-del-vaticano1.jpg\"><img loading=\"lazy\" decoding=\"async\" class=\"wp-image-8003 aligncenter\" alt=\"caida del vaticano\" src=\"https:\/\/www.joventaoista.org\/wp-content\/uploads\/2014\/02\/caida-del-vaticano1.jpg\" width=\"382\" height=\"218\" srcset=\"https:\/\/www.joventaoista.org\/wp-content\/uploads\/2014\/02\/caida-del-vaticano1.jpg 598w, https:\/\/www.joventaoista.org\/wp-content\/uploads\/2014\/02\/caida-del-vaticano1-300x170.jpg 300w\" sizes=\"(max-width: 382px) 100vw, 382px\" \/><\/a><\/p>\n<p class=\"MsoNormal\" style=\"margin-bottom: .0001pt; line-height: normal;\"><span style=\"color: #365f91; font-family: Tahoma, sans-serif; font-size: 14pt;\">Aqueles que conhecem o lado mais escuro da Obra s\u00e3o os \u201crebeldes\u201d ou \u201cindecisos\u201d, os quais querem abandon\u00e1-la. Uma multid\u00e3o de depoimentos implicam aos diretores, numer\u00e1rios e supernumer\u00e1rios mais fan\u00e1ticos, em escuras e estudadas praticas de ass\u00e9dio sexual, as quais terminam em muitos casos tornando louco aos rebeldes, ou fazendo com que assim pare\u00e7am diante dos seus familiares, para depois serem internados em centros psiqui\u00e1tricos.<\/span><\/p>\n<p class=\"MsoNormal\" style=\"margin-bottom: .0001pt; line-height: normal;\"><span style=\"color: #365f91; font-family: Tahoma, sans-serif; font-size: 14pt;\">Um tema que n\u00e3o acaba nunca, porque a besta cat\u00f3lica continua impulsando o mal no mundo, agora de forma mais soterrada. Mas, sabemos que a for\u00e7a de Deus se faz presente cada dia mais no mundo, e que s\u00f3 \u00e9 quest\u00e3o de tempo para que esta maquinaria de assassinato caia, assim como foi descrito pelo vidente de Patmos: CAIDA \u00c9 BABILONIA, TORNADA EM GUARIDA DE TODA AVE SUJA, IMUNDA e ABORRECIVEL. Seguiremos mostrando estas verdades ao mundo, assim como disse o nosso Pai e s\u00e1bio do Tibete: K\u00daMIDO.<\/span><\/p>\n<p class=\"MsoNormal\" style=\"margin-bottom: .0001pt; line-height: normal;\"><a href=\"https:\/\/www.joventaoista.org\/wp-content\/uploads\/2014\/02\/Ramera-vestida-de-escarlata-transparencia.gif\"><img loading=\"lazy\" decoding=\"async\" class=\"wp-image-7941 aligncenter\" alt=\"Ramera vestida de escarlata -transparencia\" src=\"https:\/\/www.joventaoista.org\/wp-content\/uploads\/2014\/02\/Ramera-vestida-de-escarlata-transparencia.gif\" width=\"507\" height=\"392\" srcset=\"https:\/\/www.joventaoista.org\/wp-content\/uploads\/2014\/02\/Ramera-vestida-de-escarlata-transparencia.gif 1056w, https:\/\/www.joventaoista.org\/wp-content\/uploads\/2014\/02\/Ramera-vestida-de-escarlata-transparencia-600x464.gif 600w\" sizes=\"(max-width: 507px) 100vw, 507px\" \/><\/a><\/p>\n<p class=\"MsoNormal\" style=\"margin-bottom: .0001pt; line-height: normal;\">\n<p class=\"MsoListParagraph\" style=\"margin-top: 0cm; margin-right: 0cm; margin-bottom: .0001pt; margin-left: 24.75pt; mso-add-space: auto; text-indent: -18.0pt; line-height: normal; mso-list: l0 level1 lfo1; tab-stops: 114.75pt;\"><!--[if !supportLists]--><b><span lang=\"PT-BR\" style=\"font-size: 12.0pt; font-family: 'Tahoma','sans-serif'; mso-fareast-font-family: Tahoma; mso-ansi-language: PT-BR;\">1.<span style=\"font-weight: normal; font-size: 7pt; font-family: 'Times New Roman';\">\u00a0\u00a0 <\/span><\/span><\/b><!--[endif]--><b><span lang=\"PT-BR\" style=\"font-size: 12.0pt; font-family: 'Tahoma','sans-serif'; mso-ansi-language: PT-BR;\">LIS<\/span><\/b><\/p>\n<p class=\"MsoNormal\" style=\"margin-bottom: .0001pt; line-height: normal; tab-stops: 114.75pt;\"><b><span lang=\"PT-BR\" style=\"font-size: 12.0pt; font-family: 'Tahoma','sans-serif'; color: #365f91; mso-themecolor: accent1; mso-themeshade: 191; mso-ansi-language: PT-BR;\">\u00a0 <\/span><\/b><b><span lang=\"PT-BR\" style=\"font-size: 12.0pt; font-family: 'Tahoma','sans-serif'; color: #00b0f0; mso-ansi-language: PT-BR;\">13 de fevereiro de 2014<\/span><\/b><\/p>\n<p class=\"MsoNormal\" style=\"margin-bottom: .0001pt; line-height: normal; tab-stops: 114.75pt;\"><b><span lang=\"PT-BR\" style=\"font-size: 12.0pt; font-family: 'Tahoma','sans-serif'; color: #00b0f0; mso-ansi-language: PT-BR;\">\u00a0<\/span><\/b><span lang=\"PT-BR\" style=\"font-size: 12.0pt; font-family: 'Tahoma','sans-serif'; mso-ansi-language: PT-BR;\">Bom dia, cordial sauda\u00e7\u00e3o. Obrigada pela sabedoria. Gostaria de perguntar algo a respeito deste tema: quais s\u00e3o as medidas de prote\u00e7\u00e3o que devem ser empregadas se uma pessoa deve passar por duas das cidades mais infernais da Terra, como Nova York e Los \u00c1ngeles? Obrigado Vener\u00e1vel Mestre DAHAMLAKER.<\/span><\/p>\n<p class=\"MsoListParagraph\" style=\"margin-top: 0cm; margin-right: 0cm; margin-bottom: .0001pt; margin-left: 24.75pt; mso-add-space: auto; text-indent: -18.0pt; line-height: normal; mso-list: l0 level1 lfo1; tab-stops: 114.75pt;\">\n<p class=\"MsoListParagraph\" style=\"margin-top: 0cm; margin-right: 0cm; margin-bottom: .0001pt; margin-left: 24.75pt; mso-add-space: auto; text-indent: -18.0pt; line-height: normal; mso-list: l0 level1 lfo1; tab-stops: 114.75pt;\">\n<p class=\"MsoListParagraph\" style=\"margin-top: 0cm; margin-right: 0cm; margin-bottom: .0001pt; margin-left: 24.75pt; mso-add-space: auto; text-indent: -18.0pt; line-height: normal; mso-list: l0 level1 lfo1; tab-stops: 114.75pt;\"><b><span lang=\"PT-BR\" style=\"font-size: 12.0pt; font-family: 'Tahoma','sans-serif'; mso-fareast-font-family: Tahoma; mso-ansi-language: PT-BR;\">2.<span style=\"font-weight: normal; font-size: 7pt; font-family: 'Times New Roman';\">\u00a0\u00a0 <\/span><\/span><\/b><b><span lang=\"PT-BR\" style=\"font-size: 12.0pt; font-family: 'Tahoma','sans-serif'; mso-ansi-language: PT-BR;\">DRAG\u00c3O ESPARAVEL<\/span><\/b><\/p>\n<p class=\"MsoNormal\" style=\"margin-bottom: .0001pt; line-height: normal; tab-stops: 114.75pt;\"><b><span lang=\"PT-BR\" style=\"font-size: 12.0pt; font-family: 'Tahoma','sans-serif'; color: #00b0f0; mso-ansi-language: PT-BR;\">\u00a0 13 de fevereiro de 2014<\/span><\/b><\/p>\n<p class=\"MsoNormal\" style=\"margin-bottom: .0001pt; line-height: normal; tab-stops: 114.75pt;\"><span style=\"font-family: Tahoma, sans-serif; font-size: 12pt;\">O grande sendeiro do Levantamento Juvenil \u00e9 um sucesso. O seu esplendor aumenta, e com ele aumenta a sabedoria e o conhecimento. E nos faz lembrar das sublimes Doutrinas dos Vener\u00e1veis Mestres KELIUM e SAMAEL. Me vem \u00e0 memoria os exerc\u00edcios VID LUZ, e algo que o Mestre KELIUM nos disse sobre a import\u00e2ncia dos VID LUZ; o que tenho agradecido muito, pois com eles melhorei muito da minha vis\u00e3o. De vez em quando, ao praticar os exerc\u00edcios VID LUZ vejo umas naves dentro dos meus olhos, movendo-se, e me introduzem em um n\u00facleo de in\u00fameras vis\u00f5es e imagens. Me sinto bem ao realizar os VID LUZ, e descubro neste programa a quest\u00e3o dos Chacras. Que bondade imensa! Me da mais vontade ainda de pratic\u00e1-los, diariamente.<\/span><\/p>\n<p class=\"MsoNormal\" style=\"margin-bottom: .0001pt; line-height: normal; tab-stops: 114.75pt;\"><span style=\"font-family: Tahoma, sans-serif; font-size: 12pt;\">Bem&#8230; Se bem que tenho muitas coisas por dizer, gostaria de fazer referencia ao centro recrutamento que possui a igreja <\/span><i style=\"font-family: Tahoma, sans-serif; font-size: 12pt;\">mat\u00f3lica<\/i><span style=\"font-family: Tahoma, sans-serif; font-size: 12pt;\"> em Vichada (um estado da Col\u00f4mbia). L\u00e1 dentro eles tem uma grande quantidade de crian\u00e7as, cujas caracter\u00edsticas \u00e9 de que a maioria s\u00e3o crian\u00e7as que os pais n\u00e3o podem ir por elas; s\u00e3o crian\u00e7as que foram pegas dos seus pais, dizem que \u00e9 devido a que \u201cos seus pais n\u00e3o podem educ\u00e1-las\u201d. E eles as raptam dizendo que \u00e9 para \u201cdar-lhes educa\u00e7\u00e3o\u201d. L\u00e1 os selecionam, e aos mais inteligentes lhes d\u00e3o um tratamento diferente dos que n\u00e3o s\u00e3o t\u00e3o inteligentes, e muitos jamais se conhece o seu paradeiro.<\/span><span lang=\"PT-BR\" style=\"font-size: 12.0pt; font-family: 'Tahoma','sans-serif'; mso-ansi-language: PT-BR;\">\u00a0 Obrigado, Vener\u00e1vel Helohim K\u00daMIDO pelo seu grande amor pela humanidade, e obrigado a todos os jovens do Levantamento Juvenil pelo seu esfor\u00e7o em aras de tornar esta humanidade a melhor diante dos olhos de Deus.<\/span><\/p>\n<p class=\"MsoNormal\" style=\"margin-bottom: .0001pt; line-height: normal; tab-stops: 114.75pt;\"><span lang=\"PT-BR\" style=\"font-size: 12.0pt; font-family: 'Tahoma','sans-serif'; mso-ansi-language: PT-BR;\">Paz e luz. At\u00e9 a vit\u00f3ria, sempre.<\/span><\/p>\n<p class=\"MsoListParagraph\" style=\"margin-top: 0cm; margin-right: 0cm; margin-bottom: .0001pt; margin-left: 24.75pt; mso-add-space: auto; text-indent: -18.0pt; line-height: normal; mso-list: l0 level1 lfo1; tab-stops: 114.75pt;\">\n<p class=\"MsoListParagraph\" style=\"margin-top: 0cm; margin-right: 0cm; margin-bottom: .0001pt; margin-left: 24.75pt; mso-add-space: auto; text-indent: -18.0pt; line-height: normal; mso-list: l0 level1 lfo1; tab-stops: 114.75pt;\"><b><span lang=\"PT-BR\" style=\"font-size: 12.0pt; font-family: 'Tahoma','sans-serif'; mso-fareast-font-family: Tahoma; mso-ansi-language: PT-BR;\">3.<span style=\"font-weight: normal; font-size: 7pt; font-family: 'Times New Roman';\">\u00a0\u00a0 <\/span><\/span><\/b><!--[endif]--><b><span lang=\"PT-BR\" style=\"font-size: 12.0pt; font-family: 'Tahoma','sans-serif'; mso-ansi-language: PT-BR;\">Vener\u00e1vel SER<\/span><\/b><\/p>\n<p class=\"MsoNormal\" style=\"margin-bottom: .0001pt; line-height: normal; tab-stops: 114.75pt;\"><b><span lang=\"PT-BR\" style=\"font-size: 12.0pt; font-family: 'Tahoma','sans-serif'; color: #00b0f0; mso-ansi-language: PT-BR;\">\u00a0 13 de fevereiro de 2014<\/span><\/b><\/p>\n<p class=\"MsoNormal\" style=\"margin-bottom: .0001pt; line-height: normal; tab-stops: 114.75pt;\"><span style=\"font-family: Tahoma, sans-serif; font-size: 12pt;\">Grande Pai K\u00daMIDO, grande Senhor Enviado por Deus para salvar as juventudes do mundo: de for\u00e7a, fortaleza, vontade e consci\u00eancia ao povo da Venezuela, para confrontar a cruel guerra contra a besta.<\/span><\/p>\n<p class=\"MsoNormal\" style=\"margin-bottom: .0001pt; line-height: normal; tab-stops: 114.75pt;\"><span style=\"font-family: Tahoma, sans-serif; font-size: 12pt;\">Como se n\u00e3o fosse suficiente o desaparecimento do corpo f\u00edsico do grande HARSHAM (Presidente CHAVES) pela besta, agora querem destruir a sua obra, semeando a viol\u00eancia. Pedimos aos c\u00e9us que o seu povo continue unido, e que se unam em voz de suplica a Deus. E protestamos contra os ataques injustos do Sionismo sobre o Povo Venezuelano&#8230; E continuemos pregoando ao mundo contra todas as injusti\u00e7as e enganos de sat\u00e3.+<\/span><\/p>\n<p class=\"MsoNormal\" style=\"margin-bottom: .0001pt; line-height: normal; tab-stops: 114.75pt;\"><b><span lang=\"PT-BR\" style=\"font-size: 12.0pt; font-family: 'Tahoma','sans-serif'; mso-fareast-font-family: Tahoma; mso-ansi-language: PT-BR;\">4.<span style=\"font-weight: normal; font-size: 7pt; font-family: 'Times New Roman';\">\u00a0\u00a0 <\/span><\/span><\/b><b><span lang=\"PT-BR\" style=\"font-size: 12.0pt; font-family: 'Tahoma','sans-serif'; mso-ansi-language: PT-BR;\">V. Ser<\/span><\/b><\/p>\n<p class=\"MsoNormal\" style=\"margin-bottom: .0001pt; line-height: normal; tab-stops: 114.75pt;\"><b><\/b><b><span lang=\"PT-BR\" style=\"font-size: 12.0pt; font-family: 'Tahoma','sans-serif'; color: #00b0f0; mso-ansi-language: PT-BR;\">13 de fevereiro de 2014<\/span><\/b><\/p>\n<p class=\"MsoNormal\" style=\"margin-bottom: .0001pt; line-height: normal; tab-stops: 114.75pt;\"><b><\/b><span lang=\"PT-BR\" style=\"font-size: 12.0pt; font-family: 'Tahoma','sans-serif'; mso-ansi-language: PT-BR;\">Tamb\u00e9m agrade\u00e7o a Deus por esse magno Levantamento, o qual continua com grande passo avante contra o plano da besta, que \u00e9 que todo mundo continue ignorante. Este grande Levantamento \u00e9 a melhor arma para lutar contra toda a opress\u00e3o do Sionismo no mundo.<\/span><\/p>\n<p class=\"MsoNormal\" style=\"margin-bottom: .0001pt; line-height: normal; tab-stops: 114.75pt;\"><span style=\"font-family: Tahoma, sans-serif; font-size: 12pt;\">A melhor forma de liberar um povo \u00e9 com conhecimento. Queremos alertar \u00e0 juventude do povo de Deus, os quais ainda continuam inconscientes em entender os perigos das Redes Sociais. A base da infinidade de imagens, fotos e demais informa\u00e7\u00f5es pessoais que, ing\u00eanua e gratuitamente, entregam a estas Redes, \u00e9 como se criam redes de chantagem e explora\u00e7\u00f5es sexuais aos jovens adolescentes.<\/span><\/p>\n<p class=\"MsoNormal\" style=\"margin-bottom: .0001pt; line-height: normal; tab-stops: 114.75pt;\"><span style=\"font-family: Tahoma, sans-serif; font-size: 12pt;\">\u00c9 impressionante o numero de inconscientes que, de instante em instante, entregam todos os dados do que fazem, diariamente. \u00c9 a rede de espionagem mais grande que existe atualmente, e o mais triste \u00e9 que o realizam gratuitamente, todos aqueles que n\u00e3o s\u00e3o prudentes em entregar as suas informa\u00e7\u00f5es pessoais.<\/span><\/p>\n<p class=\"MsoNormal\" style=\"margin-bottom: .0001pt; line-height: normal; tab-stops: 114.75pt;\"><span style=\"font-family: Tahoma, sans-serif; font-size: 12pt;\">S\u00e3o tomadas as imagens dos jovens, realizam montagens e come\u00e7am a serem vitimas de chantagens. E como isso \u00e9 feito sem consultar aos seus pais, de forma cega e tonta, terminam sendo vitimas de chantagem por n\u00e3o saberem como atuar diante destas situa\u00e7\u00f5es, pois a vaidade e a soberbia os supera por n\u00e3o acreditar o quanto s\u00e3o terr\u00edveis estas Redes Sociais.<\/span><\/p>\n<p class=\"MsoNormal\" style=\"margin-bottom: .0001pt; line-height: normal; tab-stops: 114.75pt;\"><span style=\"font-family: Tahoma, sans-serif; font-size: 12pt;\">Como disse o Grande Helohim K\u00daMIDO sobre a idolatria moderna: hoje em dia todos estes sistemas s\u00e3o os que diariamente rendem devo\u00e7\u00e3o. A juventude hoje em dia dedica mais horas para estar conectada a estes sites, que o tempo que dedicam para estudar sabedoria, mesmo que seja ler a B\u00edblia.<\/span><\/p>\n<p class=\"MsoNormal\" style=\"margin-bottom: .0001pt; line-height: normal; tab-stops: 114.75pt;\"><span style=\"font-family: Tahoma, sans-serif; font-size: 12pt;\">Por favor: \u00e9 urgente ALERTAR e ALERTAR \u00c0 JUVENTUDE para que saiam disto. N\u00e3o s\u00f3 os jovens, como os adultos tamb\u00e9m caem vitimas disto.<\/span><\/p>\n<p class=\"MsoNormal\" style=\"margin-bottom: .0001pt; line-height: normal; tab-stops: 114.75pt;\"><b><span lang=\"PT-BR\" style=\"font-size: 12.0pt; font-family: 'Tahoma','sans-serif'; mso-fareast-font-family: Tahoma; mso-ansi-language: PT-BR;\">5.<span style=\"font-weight: normal; font-size: 7pt; font-family: 'Times New Roman';\">\u00a0\u00a0 <\/span><\/span><\/b><b><span lang=\"PT-BR\" style=\"font-size: 12.0pt; font-family: 'Tahoma','sans-serif'; mso-ansi-language: PT-BR;\">Vener\u00e1vel SER<\/span><\/b><\/p>\n<p class=\"MsoNormal\" style=\"margin-bottom: .0001pt; line-height: normal; tab-stops: 114.75pt;\"><span lang=\"PT-BR\" style=\"font-size: 12.0pt; font-family: 'Tahoma','sans-serif'; mso-ansi-language: PT-BR;\"><b><span style=\"color: #00b0f0;\">13 de fevereiro de 2014<\/span><\/b><\/span><\/p>\n<p class=\"MsoNormal\" style=\"margin-bottom: .0001pt; line-height: normal; tab-stops: 114.75pt;\"><span lang=\"PT-BR\" style=\"font-size: 12.0pt; font-family: 'Tahoma','sans-serif'; mso-ansi-language: PT-BR;\">Este coment\u00e1rio \u00e9 devido a que a diminui\u00e7\u00e3o da moral \u00e9 porque a besta abusa e ultraja a juventude, a qual est\u00e3o trazendo muitos preju\u00edzos. Aqui deixarei uns links para que conhe\u00e7am mais sobre os perigos das Redes Sociais, cumplices do Sionismos e da besta.<\/span><\/p>\n<p class=\"MsoNormal\" style=\"margin-bottom: .0001pt; line-height: normal; tab-stops: 114.75pt;\"><a href=\"http:\/\/www.taringa.net\/posts\/info\/1962503\/Los-peligros-del-facebook.html\"><span lang=\"PT-BR\" style=\"font-size: 12.0pt; font-family: 'Tahoma','sans-serif'; mso-fareast-font-family: 'Times New Roman'; color: blue; mso-ansi-language: PT-BR; mso-fareast-language: ES-CO;\">http:\/\/www.taringa.net\/posts\/info\/1962503\/Los-peligros-del-facebook.html<\/span><\/a><\/p>\n<p class=\"MsoNormal\" style=\"margin-bottom: .0001pt; line-height: normal; tab-stops: 114.75pt;\"><b><span lang=\"PT-BR\" style=\"font-size: 12.0pt; font-family: 'Tahoma','sans-serif'; mso-fareast-font-family: Tahoma; mso-ansi-language: PT-BR;\">6.<span style=\"font-weight: normal; font-size: 7pt; font-family: 'Times New Roman';\">\u00a0\u00a0 <\/span><\/span><\/b><b><span lang=\"PT-BR\" style=\"font-size: 12.0pt; font-family: 'Tahoma','sans-serif'; mso-ansi-language: PT-BR;\">KIMILDOV<\/span><\/b><\/p>\n<p class=\"MsoNormal\" style=\"margin-bottom: .0001pt; line-height: normal; tab-stops: 114.75pt;\"><b><span lang=\"PT-BR\" style=\"font-size: 12.0pt; font-family: 'Tahoma','sans-serif'; color: #00b0f0; mso-ansi-language: PT-BR;\">14 de fevereiro de 2014<\/span><\/b><\/p>\n<p class=\"MsoNormal\" style=\"margin-bottom: .0001pt; line-height: normal; tab-stops: 114.75pt;\"><span style=\"font-family: Tahoma, sans-serif; font-size: 12pt;\">Tenham um excelente dia de abundancia em dinheiro, sa\u00fade e bem-estar para o nosso grande Helohim K\u00daMIDO. Gratid\u00e3o infinita, Vener\u00e1vel Senhor, por compartilhar com n\u00f3s, os vossos filhos, a sua magna sabedoria, a qual nos prepara a todos para tornar conhecida esta sagrada Doutrina salvadora no lugar onde nos encontramos.<\/span><\/p>\n<p class=\"MsoNormal\" style=\"margin-bottom: .0001pt; line-height: normal; tab-stops: 114.75pt;\"><b><span lang=\"PT-BR\" style=\"font-size: 12.0pt; font-family: 'Tahoma','sans-serif'; mso-fareast-font-family: Tahoma; mso-ansi-language: PT-BR;\">7.<span style=\"font-weight: normal; font-size: 7pt; font-family: 'Times New Roman';\">\u00a0\u00a0 <\/span><\/span><\/b><b><span lang=\"PT-BR\" style=\"font-size: 12.0pt; font-family: 'Tahoma','sans-serif'; mso-ansi-language: PT-BR;\">Mestre WAGNU<\/span><\/b><\/p>\n<p class=\"MsoNormal\" style=\"margin-bottom: .0001pt; line-height: normal; tab-stops: 114.75pt;\"><b><\/b><span lang=\"PT-BR\" style=\"font-size: 12.0pt; font-family: 'Tahoma','sans-serif'; mso-ansi-language: PT-BR;\"><b><span style=\"color: #00b0f0;\">14 de fevereiro de 2014<\/span><\/b><\/span><\/p>\n<p class=\"MsoNormal\" style=\"margin-bottom: .0001pt; line-height: normal; tab-stops: 114.75pt;\"><span style=\"font-family: Tahoma, sans-serif; font-size: 12pt;\">\u00a0Um excelente dia, Vener\u00e1veis Seres do povo de Deus, que a luz destas Doutrinas Tao Judias de Verdade continue iluminando-nos nesse Sendeiro que nos leva aos S\u00f3is, e que cada vez mais seja o despertar da consci\u00eancia cristica em cada um de n\u00f3s.<\/span><\/p>\n<p class=\"MsoNormal\" style=\"margin-bottom: .0001pt; line-height: normal; tab-stops: 114.75pt;\"><span style=\"font-family: Tahoma, sans-serif; font-size: 12pt;\">Muita maldade ainda h\u00e1 por ser exposta sobre este tema dos monstros bestiais do Vaticano; Opus Dei e a sua rede a n\u00edvel mundial, degeneradores pervertedores, assassinos da humanidade.<\/span><\/p>\n<p class=\"MsoNormal\" style=\"margin-bottom: .0001pt; line-height: normal; tab-stops: 114.75pt;\"><span style=\"font-family: Tahoma, sans-serif; font-size: 12pt;\">Eu pe\u00e7o ao grande Deus do Absoluto, ao Grande Creador de tudo quanto existe, que houve, aos seus mensageiros, Elohims, os quais nunca nos desamparem, e continuem protegendo a todos das garras destas lacras demon\u00edacas. Que protejam aos pr\u00f3prios Enviados de Deus, aos seus filhos, aos monges, a todos os s\u00e1bios Regentes, a Dom DAHAMLAKER, ao Levantamento Juvenil TAO, e em geral a todos aqueles que estamos contra a besta. E denunciamos as suas perversidades. Paz e vida. Luz e vit\u00f3ria de JEOV\u00c1.<\/span><\/p>\n<p class=\"MsoNormal\" style=\"margin-bottom: .0001pt; line-height: normal; tab-stops: 114.75pt;\"><span style=\"font-family: Tahoma, sans-serif; font-size: 12pt;\">AOM OM SEA.<\/span><\/p>\n<p class=\"MsoNormal\" style=\"margin-bottom: .0001pt; line-height: normal; tab-stops: 114.75pt;\"><b><span lang=\"PT-BR\" style=\"font-size: 12.0pt; font-family: 'Tahoma','sans-serif'; mso-fareast-font-family: Tahoma; mso-ansi-language: PT-BR;\">8.<span style=\"font-weight: normal; font-size: 7pt; font-family: 'Times New Roman';\">\u00a0\u00a0 <\/span><\/span><\/b><b><span lang=\"PT-BR\" style=\"font-size: 12.0pt; font-family: 'Tahoma','sans-serif'; mso-ansi-language: PT-BR;\">JOS\u00c9 GUADALUPE ALVIZO MORA\u00a0<\/span><\/b><\/p>\n<p class=\"MsoNormal\" style=\"margin-bottom: .0001pt; line-height: normal; tab-stops: 114.75pt;\"><b><\/b><b><span lang=\"PT-BR\" style=\"font-size: 12.0pt; font-family: 'Tahoma','sans-serif'; color: #00b0f0; mso-ansi-language: PT-BR;\">14 de fevereiro de 2014<\/span><\/b><\/p>\n<p class=\"MsoNormal\" style=\"margin-bottom: .0001pt; line-height: normal; tab-stops: 114.75pt;\"><b><\/b><span lang=\"PT-BR\" style=\"font-size: 12.0pt; font-family: 'Tahoma','sans-serif'; mso-ansi-language: PT-BR;\">Excelente informa\u00e7\u00e3o. Obrigado por contribuir \u00e0 liberdade de pensamento.<\/span><\/p>\n<p class=\"MsoNormal\" style=\"margin-bottom: .0001pt; line-height: normal; tab-stops: 114.75pt;\"><b><span lang=\"PT-BR\" style=\"font-size: 12.0pt; font-family: 'Tahoma','sans-serif'; mso-fareast-font-family: Tahoma; mso-ansi-language: PT-BR;\">9.<span style=\"font-weight: normal; font-size: 7pt; font-family: 'Times New Roman';\">\u00a0\u00a0 <\/span><\/span><\/b><b><span lang=\"PT-BR\" style=\"font-size: 12.0pt; font-family: 'Tahoma','sans-serif'; mso-ansi-language: PT-BR;\">JOS\u00c9 GUADALUPE ALVIZO MORA<\/span><\/b><\/p>\n<p class=\"MsoNormal\" style=\"margin-bottom: .0001pt; line-height: normal; tab-stops: 114.75pt;\"><b><\/b><b><span lang=\"PT-BR\" style=\"font-size: 12.0pt; font-family: 'Tahoma','sans-serif'; color: #00b0f0; mso-ansi-language: PT-BR;\">14 de fevereiro de 2014<\/span><\/b><\/p>\n<p class=\"MsoNormal\" style=\"margin-bottom: .0001pt; line-height: normal; tab-stops: 114.75pt;\"><b><\/b><span lang=\"PT-BR\" style=\"font-size: 12.0pt; font-family: 'Tahoma','sans-serif'; mso-ansi-language: PT-BR;\">Espero mais informa\u00e7\u00e3o.<\/span><\/p>\n<p class=\"MsoNormal\" style=\"margin-bottom: .0001pt; line-height: normal; tab-stops: 114.75pt;\"><b><span lang=\"PT-BR\" style=\"font-size: 12.0pt; font-family: 'Tahoma','sans-serif'; mso-fareast-font-family: Tahoma; mso-ansi-language: PT-BR;\">10.<span style=\"font-weight: normal; font-size: 7pt; font-family: 'Times New Roman';\">\u00a0 \u00a0<\/span><\/span><\/b><b><span lang=\"PT-BR\" style=\"font-size: 12.0pt; font-family: 'Tahoma','sans-serif'; mso-ansi-language: PT-BR;\">HAMSEDEL<\/span><\/b><\/p>\n<p class=\"MsoNormal\" style=\"margin-bottom: .0001pt; line-height: normal; tab-stops: 114.75pt;\"><b><span lang=\"PT-BR\" style=\"font-size: 12.0pt; font-family: 'Tahoma','sans-serif'; color: #00b0f0; mso-ansi-language: PT-BR;\">14 de fevereiro de 2014<\/span><\/b><\/p>\n<p class=\"MsoNormal\" style=\"margin-bottom: .0001pt; line-height: normal; tab-stops: 114.75pt;\"><b><\/b><span lang=\"PT-BR\" style=\"font-size: 12.0pt; font-family: 'Tahoma','sans-serif'; mso-ansi-language: PT-BR;\">Gratid\u00e3o por toda a sabedoria que o Pai presenteia aos seus filhos. Pelas valios\u00edssimas contribui\u00e7\u00f5es do Vener\u00e1vel Rabino DAHAMLAKER&#8230; Benditos sejam meus irm\u00e3os monges. Aproveitemos este tempo em que o nosso Pai K\u00daMIDO nos olhou com amor e voltou a entregar-nos este formoso, valioso espa\u00e7o e tempo. N\u00e3o esperemos que deixe de existir, para depois valorizar este delicioso manjar de sabedoria que nos da como desjejum.<\/span><\/p>\n<p class=\"MsoNormal\" style=\"margin-bottom: .0001pt; line-height: normal; tab-stops: 114.75pt;\"><span style=\"font-family: Tahoma, sans-serif; font-size: 12pt;\">Benditos sejam! E estaremos entre os 144.000. Gloria e louvor para o nosso amado Pai K\u00daMIDO.<\/span><\/p>\n<p class=\"MsoNormal\" style=\"margin-bottom: .0001pt; line-height: normal; tab-stops: 114.75pt;\"><span style=\"font-family: Tahoma, sans-serif; font-size: 12pt;\">AOM.<\/span><\/p>\n<p class=\"MsoNormal\" style=\"margin-bottom: .0001pt; line-height: normal; tab-stops: 114.75pt;\"><b style=\"font-size: 14px;\"><span lang=\"PT-BR\" style=\"font-size: 12.0pt; font-family: 'Tahoma','sans-serif'; mso-ansi-language: PT-BR;\">11. HARPIZUKEI<\/span><\/b><\/p>\n<p class=\"MsoNormal\" style=\"margin-bottom: .0001pt; line-height: normal; tab-stops: 114.75pt;\"><b><span lang=\"PT-BR\" style=\"font-size: 12.0pt; font-family: 'Tahoma','sans-serif'; color: #00b0f0; mso-ansi-language: PT-BR;\">14 de fevereiro de 2014<\/span><\/b><\/p>\n<p class=\"MsoNormal\" style=\"margin-bottom: .0001pt; line-height: normal; tab-stops: 114.75pt;\"><span style=\"font-family: Tahoma, sans-serif; font-size: 12pt;\">Esses engendros de sat\u00e3, eles querem submeter as pessoas \u00e0 ignor\u00e2ncia, mas nestes momentos est\u00e3o aqui o Helohim K\u00daMIDO com a sua sabedoria do Cosmos. Os combate dia a dia. Obrigado por dar-nos essa sabedoria.<\/span><\/p>\n<p class=\"MsoNormal\" style=\"margin-bottom: .0001pt; line-height: normal; tab-stops: 114.75pt;\"><b style=\"font-size: 14px;\"><span lang=\"PT-BR\" style=\"font-size: 12.0pt; font-family: 'Tahoma','sans-serif'; mso-ansi-language: PT-BR;\">12.<\/span><\/b><span lang=\"PT-BR\" style=\"font-size: 12pt; font-family: Tahoma, sans-serif;\"> <b>CLAUDIA ALEJANDRA DE F\u00c1TIMA<\/b><\/span><\/p>\n<p class=\"MsoNormal\" style=\"margin-bottom: .0001pt; line-height: normal; tab-stops: 114.75pt;\"><span lang=\"PT-BR\" style=\"font-size: 12.0pt; font-family: 'Tahoma','sans-serif'; mso-ansi-language: PT-BR;\"><b><span style=\"color: #00b0f0;\">14 de fevereiro de 2014<\/span><\/b><\/span><\/p>\n<p class=\"MsoNormal\" style=\"margin-bottom: .0001pt; line-height: normal; tab-stops: 114.75pt;\"><span style=\"font-family: Tahoma, sans-serif; font-size: 12pt; color: #e36c0a;\">Irm\u00e3os: um chamado \u00e0 consci\u00eancia. Com a vara que julgam, ser\u00e3o julgados. A ignor\u00e2ncia \u00e9 atrevida.<\/span><\/p>\n<p class=\"MsoNormal\" style=\"margin-bottom: .0001pt; line-height: normal; tab-stops: 114.75pt;\"><span style=\"color: #e36c0a; font-family: Tahoma, sans-serif; font-size: 12pt;\">\u201cRameira\u201d= prostituta, puta, fornicadora, adultera, porque \u00e9 uma igreja conformada por seres humanos imperfeitos. Mas \u00e9 santa, porque o seu fundador \u00e9 o santo dos santos: Jesus de Nazar\u00e9! Nenhum homem dividiu as eras em \u201cantes\u201d e nem \u201cdepois\u201d. \u00danico Mestre, Senhor de senhores, ante quem responderemos ao morrer.<\/span><\/p>\n<p class=\"MsoNormal\" style=\"margin-bottom: .0001pt; line-height: normal; tab-stops: 114.75pt;\"><span lang=\"PT-BR\" style=\"font-size: 12pt; font-family: Tahoma, sans-serif; color: #e36c0a;\">Jovens Tao\u00edstas: \u201ccrist\u00e3o\u201d vem de CRISTO. Formou a sua igreja em Pedro; \u201cT\u00fa eres Pedro e sobre esta pedra edificarei a minha igreja\u201d: a \u201crameira\u201d que voc\u00eas desconhecem, mas se atrevem de qualificar. Jesus promete: \u201cas portas do inferno n\u00e3o prevalecer\u00e3o contra ela!\u201d, assim sejamos \u201clacras demon\u00edacas\u201d, perversos, degeneradores assassinos_<\/span><span lang=\"PT-BR\" style=\"font-size: 12pt; font-family: Tahoma, sans-serif; color: #365f91;\">\u2014<\/span><span lang=\"PT-BR\" style=\"font-size: 12pt; font-family: Tahoma, sans-serif; color: #e36c0a;\">de acordo com voc\u00eas<\/span><span lang=\"PT-BR\" style=\"font-size: 12pt; font-family: Tahoma, sans-serif; color: #365f91;\">\u2014<\/span><span lang=\"PT-BR\" style=\"font-size: 12pt; font-family: Tahoma, sans-serif; color: #e36c0a;\">_da humanidade.<\/span><\/p>\n<p class=\"MsoNormal\" style=\"margin-bottom: .0001pt; line-height: normal; tab-stops: 114.75pt;\"><span style=\"color: #e36c0a; font-family: Tahoma, sans-serif; font-size: 12pt;\">Qual \u00e9 a carga de responsabilidade opinar com tanta falta de amor? Somos seres de \u201cluz\u201d?<\/span><\/p>\n<p class=\"MsoNormal\" style=\"margin-bottom: .0001pt; line-height: normal; tab-stops: 114.75pt;\"><span style=\"color: #e36c0a; font-family: Tahoma, sans-serif; font-size: 12pt;\">Todo r\u00e9u tem direito a ser \u201ccondenado\u201d sem haver sido escutado em julgamento. Isso fazem aqueles que dizem ser \u201cs\u00e1bios\u201d para o mundo, desconhecendo a verdade verdadeira?<\/span><\/p>\n<p class=\"MsoNormal\" style=\"margin-bottom: .0001pt; line-height: normal; tab-stops: 114.75pt;\"><span style=\"color: #e36c0a; font-family: Tahoma, sans-serif; font-size: 12pt;\">S\u00f3 existe um homem que sofreu horrivelmente, expiando em uma cruz, por uma ofensa contra Deus, e s\u00f3 o filho de Deus odeia pagar por todos. Jesus no Getsemani agonizou porque viu que muitos iriam para o precip\u00edcio; eterno hades, seol, inferno. Incluindo os ap\u00f3statas que fornicam com satan\u00e1s e s\u00e3o ad\u00falteros da igreja deixada por Cristo, com uma fun\u00e7\u00e3o: salvar-nos para estar com ele.<\/span><\/p>\n<p class=\"MsoNormal\" style=\"margin-bottom: .0001pt; line-height: normal; tab-stops: 114.75pt;\"><span style=\"color: #e36c0a; font-family: Tahoma, sans-serif; font-size: 12pt;\">\u201cRomana\u201d=ali morreu martirizado Pedro, por predicar a Verdade-verdadeira. Cristaos presentearam a sua vida diante dos pag\u00e3os-romanos.<\/span><\/p>\n<p class=\"MsoNormal\" style=\"margin-bottom: .0001pt; line-height: normal; tab-stops: 114.75pt;\"><span style=\"color: #e36c0a; font-family: Tahoma, sans-serif; font-size: 12pt;\">Por que a \u201cbesta\u201d? Igreja de Cristo=crist\u00e3os=m\u00e1rtires assassinados, massacrados por pag\u00e3os-gentis, sem a F\u00e9 ensinada por Jesus Cristo: amai aos vossos inimigos, perdoai \u00e0queles que vos prejudicam, e ajudai-os. Amar a Deus sobre todas as coisas e ao pr\u00f3ximo como amam a si mesmos. S\u00e3o Seres de luz e&#8230;.\u00a0 odeiam no meio da sua ignor\u00e2ncia.<\/span><\/p>\n<p class=\"MsoNormal\" style=\"margin-bottom: .0001pt; line-height: normal; tab-stops: 114.75pt;\"><span style=\"color: #e36c0a; font-family: Tahoma, sans-serif; font-size: 12pt;\">Cubro todos voc\u00eas com a precios\u00edssima sangue do nosso Senhor Jesus Cristo, e selo nela os \u201cs\u00e1bios regentes\u201d os quais inculcam tanto desprezo \u00e0queles que denunciam os pontos negros, sem ver o len\u00e7ol branco. Os convido a aprofundarem pessoalmente o que significa ter \u201cF\u00e9\u201d (Fe-licidade) na significa\u00e7\u00e3o de serem \u201ccrist\u00e3os\u201d.<\/span><\/p>\n<p class=\"MsoNormal\" style=\"margin-bottom: .0001pt; line-height: normal; tab-stops: 114.75pt;\"><span style=\"color: #e36c0a; font-family: Tahoma, sans-serif; font-size: 12pt;\">Averiguem: quem foram aqueles que escreveram os primeiros livros das Sagradas Escrituras= B\u00edblia, porque Saulo de Tarso=Pablo se converteu, e como foi? Porque o Vaticano \u00e9 patrim\u00f4nio da humanidade, porque contem tantas obras de arte e para \u201cquem\u201d foram feitas? Quem sustenta os hospitais e escolas nos lugares rec\u00f4nditos onde h\u00e1 viol\u00eancia, na defesa dos pobres despossu\u00eddos, abusados como em Uganda, Haiti, etc, os quais foram os fundadores das primeiras Universidades; quem foram eles? &#8230;Madre Tereza de C\u00facuta, Padre Pio de Pietrelcina, Tom\u00e1s Moro, Jesus de Nazar\u00e9, Francisco de Assis, Tereza de \u00c1vila, e mitos outros consagrados a Deus, monjas, sacerdotes, cuidando leprosos, presos em hospitais do mundo.<\/span><\/p>\n<p class=\"MsoNormal\" style=\"margin-bottom: .0001pt; line-height: normal; tab-stops: 114.75pt;\"><span style=\"color: #e36c0a; font-family: Tahoma, sans-serif; font-size: 12pt;\">Essas \u201clacras-cat\u00f3licas\u201d trabalharam e outros trabalhamos hoje para semear o amor, a paz, a toler\u00e2ncia, a compreens\u00e3o, para salvar as vidas f\u00edsicas, ps\u00edquicas, espiritualmente unidos, sem levantar um dedo para assinalar, vituperar aos nossos cong\u00eaneres.<\/span><\/p>\n<p class=\"MsoNormal\" style=\"margin-bottom: .0001pt; line-height: normal; tab-stops: 114.75pt;\"><span style=\"color: #e36c0a; font-family: Tahoma, sans-serif; font-size: 12pt;\">Jovens Tao\u00edstas: se leem a B\u00edblia, \u201ca l\u00edngua \u00e9 o a\u00e7oite do corpo\u201d. S\u00f3 existe um Deus, um s\u00f3 Mestre, o qual se ofereceu como vitima-cordeiro expiat\u00f3rio pela humanidade. No momento do ju\u00edzo particular, depois de mortos, nos abrem o formoso \u201clivro da vida\u201d, ali compreender\u00e3o onde estava o trigo e onde estava a ciz\u00e2nia.<\/span><\/p>\n<p class=\"MsoNormal\" style=\"margin-bottom: .0001pt; line-height: normal; tab-stops: 114.75pt;\"><span style=\"color: #e36c0a; font-family: Tahoma, sans-serif; font-size: 12pt;\">B\u00ean\u00e7\u00e3os&#8230; b\u00ean\u00e7\u00e3os&#8230; b\u00ean\u00e7\u00e3os com muito amor em Deus, nosso Senhor Jesus Cristo.<\/span><\/p>\n<p class=\"MsoNormal\" style=\"margin-bottom: .0001pt; line-height: normal; tab-stops: 114.75pt;\"><span style=\"color: #e36c0a; font-family: Tahoma, sans-serif; font-size: 12pt;\">Claudia de F\u00e1tima \u2013 advogada provida.<\/span><\/p>\n<p class=\"MsoNormal\" style=\"margin-bottom: .0001pt; line-height: normal; tab-stops: 114.75pt;\"><b style=\"font-size: 14px;\"><span lang=\"PT-BR\" style=\"font-size: 12.0pt; font-family: 'Tahoma','sans-serif'; mso-ansi-language: PT-BR;\">13. Maestro WAGNU<\/span><\/b><\/p>\n<p class=\"MsoNormal\" style=\"margin-bottom: .0001pt; line-height: normal; tab-stops: 114.75pt;\"><b><span lang=\"PT-BR\" style=\"font-size: 12.0pt; font-family: 'Tahoma','sans-serif'; color: #00b0f0; mso-ansi-language: PT-BR;\">15 de fevereiro de 2014<\/span><\/b><\/p>\n<p class=\"MsoNormal\" style=\"margin-bottom: .0001pt; line-height: normal; tab-stops: 114.75pt;\"><span style=\"font-family: Tahoma, sans-serif; font-size: 12pt;\">Bom dia, boa sa\u00fade, povo de Deus Cristo, e a Claudia Fatima lhe esclare\u00e7o: A verdade vos far\u00e1 livres de ignor\u00e2ncias. Abre a tua mente para que possas compreender que coisa \u00e9 Jesus Cristo com a Sagrada Doutrina Crist\u00e3, original, virtuosa e bendita que Ele nos trouxe. E outra coisa bastante diferente \u00e9 a doutrina trazida pelos assassinos corruptos, os mesmos verdugos de Jesus Cristo atrav\u00e9s da historia, e de milh\u00f5es de m\u00e1rtires que produziram no antigo e original cristianismo. Tudo foi um neg\u00f3cio pessoal, as maquinarias de poder egoico, imp\u00e9rio assassino, pervertido, degenerado = catolicismo romano.<\/span><\/p>\n<p class=\"MsoNormal\" style=\"margin-bottom: .0001pt; line-height: normal; tab-stops: 114.75pt;\"><span style=\"font-family: Tahoma, sans-serif; font-size: 12pt;\">E te digo: n\u00f3s ou eu, n\u00e3o somos santos nem inocentes. Pelo contrario: fui pecador e imperfeito. Mas as coisas devemos cham\u00e1-las pelo seu nome, e \u00e0 luz do dia devemos cham\u00e1-la de \u201cdia\u201d e \u00e0s trevas da noite, se deve chamar \u201cnoite\u201d, \u201cescurid\u00e3o\u201d. N\u00e3o h\u00e1 outra forma. Por isso eu, com amor, te aconselho que averigues mais, que busques muito mais e melhor sobre o que este tema est\u00e1 referindo, porque se a um pai ou a uma m\u00e3e, etc, um pervertido homossexual sacerdote cat\u00f3lico viola ou mata aos seus filhos, n\u00e3o acredito que isso seja uma grande \u201cObra\u201d, al\u00e9m disso apoiada e escondida pela alta hierarquia papal vaticana.<\/span><\/p>\n<p class=\"MsoNormal\" style=\"margin-bottom: .0001pt; line-height: normal; tab-stops: 114.75pt;\"><span style=\"font-family: Tahoma, sans-serif; font-size: 12pt;\">E se existem exce\u00e7\u00f5es de padres honestos, estes s\u00e3o contados com os dedos das m\u00e3os. Te solicito que: aprendas muito mais sobre a sagrada Doutrina Tao\u00edsta, e ver\u00e1s mais al\u00e9m do muro mental.<\/span><\/p>\n<p class=\"MsoNormal\" style=\"margin-bottom: .0001pt; line-height: normal; tab-stops: 114.75pt;\"><span style=\"font-family: Tahoma, sans-serif; font-size: 12pt;\">Abra os teus olhos \u00e0 realidade, porque o mal, o preju\u00edzo que fizeram e continuam fazendo a trav\u00e9s da historia, a igreja mat\u00f3lica \u00e9 inimagin\u00e1vel pela mente comum e corrente. Pode ser que tu e o teu grupo crist\u00e3o realizem boas obras, e isso sim \u00e9 de Deus, mas isso nada tem a ver com a Igreja Cat\u00f3lica, como tal.<\/span><\/p>\n<p class=\"MsoNormal\" style=\"margin-bottom: .0001pt; line-height: normal; tab-stops: 114.75pt;\"><span style=\"font-family: Tahoma, sans-serif; font-size: 12pt;\">Da mesma maneira, existem Tao\u00edstas ou aspirantes a serem Tao\u00edstas que se equivocam. Ou seja, pecamos, cometemos erros, mas isso \u00e9 algo pessoal, que nada, nenhuma culpa tem a igreja Tao Judia de Verdade, nem os sacros Elohims, Enviados de Deus KRESTUS.<\/span><\/p>\n<p class=\"MsoNormal\" style=\"margin-bottom: .0001pt; line-height: normal; tab-stops: 114.75pt;\"><span style=\"font-family: Tahoma, sans-serif; font-size: 12pt;\">Veja o exemplo que te estou dando. Muito obrigado, amiga. Estamos \u00e9 para aprender e mudar o mal pelo bem&#8230; e o bem s\u00f3 vem do Deus verdadeiro. Pelos seus atos os conhecereis.<\/span><\/p>\n<p class=\"MsoNormal\" style=\"margin-bottom: .0001pt; line-height: normal; tab-stops: 114.75pt;\"><span style=\"font-family: Tahoma, sans-serif; font-size: 12pt;\">AOM\u00a0\u00a0 OM SEA<\/span><\/p>\n<p class=\"MsoNormal\" style=\"margin-bottom: .0001pt; line-height: normal; tab-stops: 114.75pt;\"><b style=\"font-size: 14px;\"><span lang=\"PT-BR\" style=\"font-size: 12.0pt; font-family: 'Tahoma','sans-serif'; mso-ansi-language: PT-BR;\">14. ESPARWEL<\/span><\/b><\/p>\n<p class=\"MsoNormal\" style=\"margin-bottom: .0001pt; line-height: normal; tab-stops: 114.75pt;\"><span lang=\"PT-BR\" style=\"font-size: 12.0pt; font-family: 'Tahoma','sans-serif'; mso-ansi-language: PT-BR;\"><b><span style=\"color: #00b0f0;\">16 de fevereiro de 2014<\/span><\/b><\/span><\/p>\n<p class=\"MsoNormal\" style=\"margin-bottom: .0001pt; line-height: normal;\"><span style=\"font-family: Tahoma, sans-serif; font-size: 12pt;\">Irm\u00e3 Claudia Alexandra de Fatima: respeit\u00e1vel irm\u00e3, honor\u00e1vel Doutora, sinto um palpitar de alegria ao ler as suas palavras de despertamento de consci\u00eancia.<\/span><\/p>\n<p class=\"MsoNormal\" style=\"margin-bottom: .0001pt; line-height: normal;\"><span style=\"font-family: Tahoma, sans-serif; font-size: 12pt;\">E me uno \u00e0 senhora, em uma porcentagem, sobre a estremecedora defesa da F\u00e9 no que a senhora acredita, o qual me parece uma a\u00e7\u00e3o de algu\u00e9m que tem valor para faz\u00ea-lo, expondo ao publico do mundo, as suas palavras, das quais alguns e algumas as considerar\u00e3o sabias, e outros e outras as considerar\u00e3o torpes, grosseiras e ignorantes.<\/span><\/p>\n<p class=\"MsoNormal\" style=\"margin-bottom: .0001pt; line-height: normal;\"><span style=\"font-family: Tahoma, sans-serif; font-size: 12pt;\">Perdoe-me, irm\u00e3, ao pronunciar estas palavras, j\u00e1 que as controversas s\u00e3o estribo para pronunci\u00e1-las. Estou profundamente admirada ao ler a exterioriza\u00e7\u00e3o do seu convencimento no que acredita, e quero que estas palavras dirigidas \u00e0 senhora, cheguem ao seu computador, por este mesmo sistema que tive o privil\u00e9gio de l\u00ea-las.<\/span><\/p>\n<p class=\"MsoNormal\" style=\"margin-bottom: .0001pt; line-height: normal;\"><span style=\"font-family: Tahoma, sans-serif; font-size: 12pt;\">O mais importante de sua exposi\u00e7\u00e3o \u00e9 a palavra CONSCI\u00caNCIA; onde a senhora diz, dando a entender, que as suas palavras s\u00e3o um chamado \u00e0 consci\u00eancia, j\u00e1 que o que entendo \u00e9 que a consci\u00eancia possui fundamentos no CONHECIMENTO.\u00a0<\/span><\/p>\n<p class=\"MsoNormal\" style=\"margin-bottom: .0001pt; line-height: normal;\"><span style=\"font-family: Tahoma, sans-serif; font-size: 12pt;\">Como \u00e9 linda a palavra com a qual a senhora come\u00e7a esta curta e substanciosa exposi\u00e7\u00e3o! Com elas n\u00e3o apenas est\u00e1 dirigindo-se \u00e0 juventude Tao\u00edsta, a qual eu perten\u00e7o, pois uma alta porcentagem dos que possuem acesso a este sistema, ir\u00e3o conhecer as suas palavras, e da mesma maneira ir\u00e3o conhecer as palavras desta nova amiga sua e irm\u00e3 na F\u00e9 de Jesus Cristo.<\/span><\/p>\n<p class=\"MsoNormal\" style=\"margin-bottom: .0001pt; line-height: normal;\"><span style=\"font-family: Tahoma, sans-serif; font-size: 12pt;\">Tenho a esperan\u00e7a de que este n\u00e3o seja o \u00fanico dialogo que teremos por este sistema, espero que tenhamos muitas outras oportunidades para que exponhamos os nossos pontos de vista. E acredito, deste momento em diante, ter uma nova amiga e irm\u00e3 com quem desejamos dialogar estes pontos, j\u00e1 que consci\u00eancia \u00e9 CONHECIMENTO, e quem se forma em um conhecimento, acredita ter consci\u00eancia dessa verdadeira ou suposta Verdade que est\u00e1 conhecendo.<\/span><\/p>\n<p class=\"MsoNormal\" style=\"margin-bottom: .0001pt; line-height: normal;\"><span style=\"font-family: Tahoma, sans-serif; font-size: 12pt;\">Com estas palavras, n\u00e3o quero dizer que a senhora esteja equivocada, tampouco quero dizer que eu esteja equivocada, o \u00fanico \u00e9 que cada uma das duas temos um conhecimento com o qual estamos sendo formadas, e acreditamos nesse conhecimento. Se alguma de n\u00f3s estamos enganadas, estamos prejudicando ou violando a nossa consci\u00eancia com o engano que podemos produzir, e quem tenha a Verdade verdadeira, Deus habitar\u00e1 nessa consci\u00eancia.<\/span><\/p>\n<p class=\"MsoNormal\" style=\"margin-bottom: .0001pt; line-height: normal;\"><span style=\"font-family: Tahoma, sans-serif; font-size: 12pt;\">A senhora, no conhecimento que possui, e na F\u00e9 que pratica, respondendo-me a mim, que \u00e9 a mesma coisa que responder \u00e0 juventude Tao\u00edsta, me ajuda esclarecer esta lind\u00edssima palavra \u201cconsci\u00eancia\u201d sob a luz de todos os conhecimentos que sejam precisos, e assim podemos estar firmes e defender a consci\u00eancia, que \u00e9 Deus dentro de n\u00f3s e dos homens.<\/span><\/p>\n<p class=\"MsoNormal\" style=\"margin-bottom: .0001pt; line-height: normal;\"><span style=\"font-family: Tahoma, sans-serif; font-size: 12pt;\">Tamb\u00e9m, amiga e irm\u00e3 em Cristo, se n\u00e3o \u00e9 algo incomodo transmitir-me uma defini\u00e7\u00e3o sobre os erros que os meus irm\u00e3os Tao\u00edstas est\u00e3o cometendo, pelo qual com a vara que medirem ser\u00e3o medidos, e que tipo de medidas s\u00e3o as que eles est\u00e3o tomando para colocarem sobre si essas medidas. Trato de entender que se a medida \u00e9 falsa e n\u00e3o tem fundamentos, o que construir\u00e1 com essa medida pode desmoronar-se, e n\u00e3o produzir nenhum efeito.<\/span><\/p>\n<p class=\"MsoNormal\" style=\"margin-bottom: .0001pt; line-height: normal;\"><span style=\"font-family: Tahoma, sans-serif; font-size: 12pt;\">Trato de entender que estas palavras correspondem a algumas divulga\u00e7\u00f5es que os meus irm\u00e3os est\u00e3o realizando, para que na seguinte exposi\u00e7\u00e3o que me emitir\u00e1, me d\u00ea alguma explica\u00e7\u00e3o com respeito a isto. Se o que os meus irm\u00e3os, jovens, e as minhas irm\u00e3s, jovens Tao\u00edstas, est\u00e3o expondo, s\u00e3o mentiras: eu me encarrego de demonstrar-lhes essas mentiras, para que n\u00e3o publiquem coisas inexistentes, e possam estar evadidos ou livres de falsos depoimentos.<\/span><\/p>\n<p class=\"MsoNormal\" style=\"margin-bottom: .0001pt; line-height: normal;\"><span style=\"font-family: Tahoma, sans-serif; font-size: 12pt;\">Tamb\u00e9m trato de entender, irm\u00e3 e honor\u00e1vel Doutora, que se a vara com a qual os meus irm\u00e3os e as minhas irm\u00e3s, jovens Tao\u00edstas, est\u00e3o medindo as a\u00e7\u00f5es que est\u00e3o sendo publicadas, s\u00e3o verdadeiras, dar\u00e3o efeitos verdadeiros. Nisto me ajudar\u00e1, estimada irm\u00e3, na ajuda que me transmitir\u00e3o.<\/span><\/p>\n<p class=\"MsoNormal\" style=\"margin-bottom: .0001pt; line-height: normal;\"><span style=\"font-family: Tahoma, sans-serif; font-size: 12pt;\">Honor\u00e1vel e estimada irm\u00e3 Claudia, estou de acordo com a senhora em que a ignor\u00e2ncia \u00e9 muito atrevida. Talvez mais atrevida do que a senhora e eu podemos chegar a considerar. Diante deste terr\u00edvel atrevimento, ter\u00edamos que descobrir ~e a senhora me ajudar\u00e1 nisso~&#8230; descobrir a nossa ignor\u00e2ncia, baseando-nos na verdadeira historia dos fatos; fatos que entre a eloqu\u00eancia de sua exposi\u00e7\u00e3o, a senhora sabiamente n\u00e3o os est\u00e1 negando, e est\u00e1 aceitando aos delitos que os meus irm\u00e3os, os jovens Tao\u00edstas e as minhas irm\u00e3s, as jovens Tao\u00edstas, est\u00e3o publicando.<\/span><\/p>\n<p class=\"MsoNormal\" style=\"margin-bottom: .0001pt; line-height: normal;\"><span style=\"font-family: Tahoma, sans-serif; font-size: 12pt;\">Mas, voltando a ressaltar a valoriza\u00e7\u00e3o que a senhora faz \u00e0 consci\u00eancia, descubro que conscientemente a senhora reconhece que sim, houveram fatos delitivos que afetaram em alguma porcentagem \u00e0 comunidade mundial, a qual acreditou no que a senhora, irm\u00e3 e Doutora, est\u00e1 acreditando, pois eu tamb\u00e9m acredito em uma porcentagem desses acontecimentos.<\/span><\/p>\n<p class=\"MsoNormal\" style=\"margin-bottom: .0001pt; line-height: normal;\"><span style=\"font-family: Tahoma, sans-serif; font-size: 12pt;\">A senhora me corrigir\u00e1 em nossa seguinte exposi\u00e7\u00e3o, pois tudo o que se trate da historia, estamos obrigadas e obrigados a acreditar no que os historiadores dizem. E como a senhora sabe, Doutora, em todos os tempos existiu a guerra medi\u00e1tica, onde os historiadores oficiais e ortodoxos est\u00e3o obrigados a escreverem a historia como os governantes da sua \u00e9poca lhe indiquem, talvez omitindo verdades que n\u00e3o podem dizer, devido a que n\u00e3o podem continuar praticando essa profiss\u00e3o, ou porque devido aos maus passados tempos, quem escrevesse algo diferente ao que os governantes diziam, eram um morto mais dos milh\u00f5es que supostamente ou verdadeiramente foram sacrificados.<\/span><\/p>\n<p class=\"MsoNormal\" style=\"margin-bottom: .0001pt; line-height: normal;\"><span style=\"font-family: Tahoma, sans-serif; font-size: 12pt;\">Enquanto que do outro lado desta guerra medi\u00e1tica est\u00e3o os historiadores dos fatos supostamente, tal como aconteceram, no meio destas duas bandas combatentes da informa\u00e7\u00e3o do passado, est\u00e1 a senhora, Doutora, e estou eu.<\/span><\/p>\n<p class=\"MsoNormal\" style=\"margin-bottom: .0001pt; line-height: normal;\"><span style=\"font-family: Tahoma, sans-serif; font-size: 12pt;\">Ajude-me, Doutora, como descobrir qual destas duas \u00e9 a verdade; se \u00e9 a verdade que solicita escrever os vitimarios, ou se \u00e9 a Verdade que escreveram os familiares, amigos e seguidores da cren\u00e7a na qual acreditavam nas vitimas que morreram.<\/span><\/p>\n<p class=\"MsoNormal\" style=\"margin-bottom: .0001pt; line-height: normal;\"><span style=\"font-family: Tahoma, sans-serif; font-size: 12pt;\">N\u00e3o estou impondo que esta ou aquela seja a Verdade, Doutora. Hoje encontro na senhora uma amiga a qual, se \u00e9 a sua vontade, podemos abrir di\u00e1logos para descobrir essas Verdades, j\u00e1 que a n\u00f3s, os seres humanos, nos deram sentidos para ouvir e, baseados e baseadas no ouvido, podemos visualizar ou imaginar como as coisas aconteceram.<\/span><\/p>\n<p class=\"MsoNormal\" style=\"margin-bottom: .0001pt; line-height: normal;\"><span style=\"font-family: Tahoma, sans-serif; font-size: 12pt;\">Entendo&#8230; e a senhora me dir\u00e1 se \u00e9 assim ou s\u00e3o mentiras, na seguinte comunica\u00e7\u00e3o. Entendo que, se fundamentamos uma Fe baseada em uma equivoca\u00e7\u00e3o, em forma inconsciente, estamos violando e prejudicando a nossa consci\u00eancia, que \u00e9 Deus dentro de n\u00f3s. Disso \u00e9 que, entre a senhora e eu, temos que descobrir em qual Verdade estamos: se na verdade das mentiras ou na verdadeira Verdade; e assim fugir do s\u00e9rio atrevimento que produz a ignor\u00e2ncia, descobrindo se estamos defendendo uma Verdade repleta de mentiras, o qual \u00e9 ignor\u00e2ncia, ou se estamos defendendo a Verdade verdadeira, o qual nos excetua, nos evade dessa terr\u00edvel ignor\u00e2ncia t\u00e3o atrevida que, sabiamente, a senhora exp\u00f5e em suas palavras.<\/span><\/p>\n<p class=\"MsoNormal\" style=\"margin-bottom: .0001pt; line-height: normal;\"><span style=\"font-family: Tahoma, sans-serif; font-size: 12pt;\">Irm\u00e3 Claudia Alexandra de Fatima, tanto a senhora como eu, somos aspirantes \u00e0 SABEDORIA, e acredito que n\u00f3s duas temos F\u00e9, e temos como base as nossas palavras, as quais Deus nos doutou de intelig\u00eancia, uma intelig\u00eancia que nos permita ingressar aos armaz\u00e9ns de sabedoria do Cosmos; sabedoria que Deus tem guardada para todos os seres humanos.<\/span><\/p>\n<p class=\"MsoNormal\" style=\"margin-bottom: .0001pt; line-height: normal;\"><span style=\"font-family: Tahoma, sans-serif; font-size: 12pt;\">Se a Santa B\u00edblia fala de uma rameira, entre a senhora e eu, descubramos qual \u00e9 essa rameira, utilizando como base os acontecimentos que essa rameira produziu nos mil\u00eanios e nos s\u00e9culos que j\u00e1 transcorreram.<\/span><\/p>\n<p class=\"MsoNormal\" style=\"margin-bottom: .0001pt; line-height: normal;\"><span style=\"font-family: Tahoma, sans-serif; font-size: 12pt;\">Descubro, de acordo com as suas palavras, estimada irm\u00e3, que a senhora realiza grandes esfor\u00e7os para praticar o amor e o respeito \u00e0 vida dos seus semelhantes, promulgando esta virtude ao mundo; assim seja acidentalmente, por motivo das acusa\u00e7\u00f5es que fazem as minhas irm\u00e3s e os meus irm\u00e3os, as jovens e os jovens Tao\u00edstas.<\/span><\/p>\n<p class=\"MsoNormal\" style=\"margin-bottom: .0001pt; line-height: normal;\"><span style=\"font-family: Tahoma, sans-serif; font-size: 12pt;\">No seguinte comunicado que a senhora envie, pe\u00e7o o favor \u00e0 senhora de que me ajude saber quem \u00e9 essa rameira que fala a B\u00edblia, onde est\u00e1 localizada atualmente, e quais foram os seus criminosos atos, os quais marcaram com marcas de morte em nossos progenitores, nas distintas ra\u00e7as da Terra. Pois, se entre a senhora e eu, descobrimos essa mulher simb\u00f3lica, come\u00e7aremos a conhecer a Verdade que, de repente, eu ou a senhora acredit\u00e1vamos ter na nossa consci\u00eancia, e assim podemos descobrir o que estamos defendendo; se estamos defendendo a mentira, passando-a por Verdade, e recha\u00e7ando a Verdade, passando-a por mentira, mesmo que essa mulher simb\u00f3lica, povo, etnia, igreja, organiza\u00e7\u00e3o local ou mundial que tanto mal realizou \u00e0s humanidades do passado, e que no presente, continua realizando esses malef\u00edcios, levados a efeito em formas diferentes das anteriores, usando como base a educa\u00e7\u00e3o que Deus nos presenteou, tanto \u00e0 senhora como a mim, caracterizando-nos como mulheres educadas em Deus, e nos humanos, evitando aplicar nomes pejorativos ou grosseiros.<\/span><\/p>\n<p class=\"MsoNormal\" style=\"margin-bottom: .0001pt; line-height: normal;\"><span style=\"font-family: Tahoma, sans-serif; font-size: 12pt;\">Talvez, como os meus irm\u00e3os, os jovens Tao\u00edstas, e minhas irm\u00e3s, as jovens Tao\u00edstas, estejam realizando, ou a senhora mesma, repetindo as grosserias que eles talvez estivessem pronunciando, utilizando um l\u00e9xico que agrade a Deus, aos homens e \u00e0s mulheres que nos ouvem, e que tenham o privil\u00e9gio de ler as nossas palavras.<\/span><\/p>\n<p class=\"MsoNormal\" style=\"margin-bottom: .0001pt; line-height: normal;\"><span style=\"font-family: Tahoma, sans-serif; font-size: 12pt;\">Aspiro que a senhora, estimada irm\u00e3, me ajude a encontrar essa rameira, a qual tamb\u00e9m \u00e9 chamada de \u201cbesta\u201d, de acordo com a B\u00edblia, pelos perversos feitos de engano, que perpetrou sobre a consci\u00eancia das humanidades, consumando genoc\u00eddios com inculpa\u00e7\u00f5es antiteol\u00f3gicas, com taxa\u00e7\u00f5es sacr\u00edlegas de heresias, mais inculpa\u00e7\u00f5es extra\u00eddas das Sagradas Escrituras, arrastando o exemplo dos hebreus contra as pitonisas de Cron, matando as mulheres inocentes, fazendo-as passar por bruxas.<\/span><\/p>\n<p class=\"MsoNormal\" style=\"margin-bottom: .0001pt; line-height: normal;\"><span style=\"font-family: Tahoma, sans-serif; font-size: 12pt;\">As palavras expostas, n\u00e3o s\u00e3o exatamente uma indu\u00e7\u00e3o a que a senhora se encontre em uma posi\u00e7\u00e3o definida, pois como a senhora, irm\u00e3, sabe, um dos par\u00e2metros de amor \u00e9 a liberdade de acreditar e conceituar, e deixar que ingressem e saiam de nossa cabe\u00e7a as livres opini\u00f5es da consci\u00eancia, seja que esteja na Verdade ou no engano.<\/span><\/p>\n<p class=\"MsoNormal\" style=\"margin-bottom: .0001pt; line-height: normal;\"><span style=\"font-family: Tahoma, sans-serif; font-size: 12pt;\">Considero que a senhora, estimada irm\u00e3 Claudia Alexandra de Fatima, que, sem defender o engano e defendendo a Verdade, esteja ao seu favor ou contra a senhora, me coloque na historia e no presente: onde, qual, e quem \u00e9 essa rameira. E assim, tanto a senhora como eu&#8230; nos escaparemos dela.\u00a0<\/span><\/p>\n<p class=\"MsoNormal\" style=\"margin-bottom: .0001pt; line-height: normal;\"><span style=\"font-family: Tahoma, sans-serif; font-size: 12pt;\">Honor\u00e1vel Doutora, com muito respeito em rela\u00e7\u00e3o \u00e0 senhora, por sua categoria intelectual e espiritual, solicito que na nossa seguinte comunica\u00e7\u00e3o me ajude a descobrir, em concord\u00e2ncia com o seu respeit\u00e1vel conceito, baseado na historia e nos atos atuais: os fundamentos b\u00e1sicos que marcaram a continuidade da igreja.<\/span><\/p>\n<p class=\"MsoNormal\" style=\"margin-bottom: .0001pt; line-height: normal;\"><span style=\"font-family: Tahoma, sans-serif; font-size: 12pt;\">De nenhuma maneira, por agora, estou negando que quem tente praticar os ensinamentos de Cristo, n\u00e3o seja crist\u00e3o. E quero, humildemente, sem que as minhas palavras sejam petulantes com a senhora, comunicar-lhe que os Tao Judeus de VERDADE, aos que perten\u00e7o, s\u00e3o e somos seguidores e praticantes&#8230; at\u00e9 onde Deus nos permitiu conhecer, somos praticantes da Doutrina de Cristo.<\/span><\/p>\n<p class=\"MsoNormal\" style=\"margin-bottom: .0001pt; line-height: normal;\"><span style=\"font-family: Tahoma, sans-serif; font-size: 12pt;\">N\u00e3o sou uma erudita ou erudito em Teologia, mas sim, como os seres humanos que descobriram que existe um Deus, realizamos os m\u00e1ximos esfor\u00e7os para entender e praticar a Doutrina de Cristo, fazendo tudo o poss\u00edvel para praticar o que vamos conhecendo. E solicito que a senhora me ajude a descobrir e a explicar, al\u00e9m da imperfei\u00e7\u00e3o natural que a\u00e7oita todas as criaturas, por que a suposta igreja de Cristo tem tantos bra\u00e7os armados, supostamente para \u201cdefender a Obra e Deus\u201d, sendo um dos mais conhecidos, o secreto bra\u00e7o armado, que em latim, como a senhora sabe, \u00e9: OPUS DEI, que \u00e9 \u201cObra de Deus\u201d.<\/span><\/p>\n<p class=\"MsoNormal\" style=\"margin-bottom: .0001pt; line-height: normal;\"><span style=\"font-family: Tahoma, sans-serif; font-size: 12pt;\">Eu quero saber dos seus l\u00e1bios, querida irm\u00e3, se a Obra de Deus \u00e9 praticando o amor com a metralhadora, o revolver, a pistola, al\u00e9m do uso das armas n\u00e3o convencionais. Pe\u00e7o-lhe desculpas, irm\u00e3, por fazer estas pronuncia\u00e7\u00f5es t\u00e3o aleivosas, mas n\u00f3s, quando achamos que sabemos muito, descobrimos que ignoramos muitas coisas.<\/span><\/p>\n<p class=\"MsoNormal\" style=\"margin-bottom: .0001pt; line-height: normal;\"><span style=\"font-family: Tahoma, sans-serif; font-size: 12pt;\">E agora descubro que a senhora, irm\u00e3 Doutora Alexandra de Fatima, tamb\u00e9m \u00e9 uma buscadora da Verdade. J\u00e1 que entendi, na curta idade que tenho, que os melhores seres humanos nascem buscando a Verdade. E \u00e9 poss\u00edvel que a encontrem, mas mesmo depois de viajar do mundo dos vivos, ainda temos que aprender muitas coisas, e eu gostaria de aprender por que a santidade investe contra a vida dos seus irm\u00e3os?<\/span><\/p>\n<p class=\"MsoNormal\" style=\"margin-bottom: .0001pt; line-height: normal;\"><span style=\"font-family: Tahoma, sans-serif; font-size: 12pt;\">\u00c9 bom que entre a senhora e eu, descubramos por que a igreja \u00e0 qual a senhora pertence, e que eu n\u00e3o perten\u00e7o&#8230; mas que se essa \u00e9 a verdade, come\u00e7arei a pertencer a ela, mas a senhora, em nosso dialogo, tamb\u00e9m est\u00e1 tendo o risco de que si entre o TAO JUDAISMO est\u00e1 a Verdade, a senhora pode chegar a pertencer a esta igreja universal.<\/span><\/p>\n<p class=\"MsoNormal\" style=\"margin-bottom: .0001pt; line-height: normal;\"><span style=\"font-family: Tahoma, sans-serif; font-size: 12pt;\">De uma vez lhe deixo estas palavras em seu c\u00e9rebro, e em seu cora\u00e7\u00e3o: a senhora foi uma, querida irm\u00e3, antes do nosso dialogo, e ser\u00e1 outra depois do que falamos; queira aceit\u00e1-lo ou n\u00e3o o queira, assim s\u00e3o os mecanismos da palavra emitida por aqueles que estamos buscando a Verdade.<\/span><\/p>\n<p class=\"MsoNormal\" style=\"margin-bottom: .0001pt; line-height: normal;\"><span style=\"font-family: Tahoma, sans-serif; font-size: 12pt;\">Busquemos por que a Igreja Cat\u00f3lica marcou um passado, e atravessa um presente, e espera continuar investindo contra a humanidade, marcando um futuro, estribada em calamitosas obras de F\u00e9 e de caridade.<\/span><\/p>\n<p class=\"MsoNormal\" style=\"margin-bottom: .0001pt; line-height: normal;\"><span style=\"font-family: Tahoma, sans-serif; font-size: 12pt;\">Eu lhe agrade\u00e7o, irm\u00e3 Alexandra, que arranque da minha gen\u00e9tica o que conhe\u00e7o da Igreja Cat\u00f3lica. E se \u00e9 boa: semeie em meu cora\u00e7\u00e3o essas bondades, para eu pratic\u00e1-las, e poder convencer inclusive \u00e0 juventude Tao\u00edsta, homens e mulheres, para que pratiquem, ingressando a qualquer uma das depend\u00eancias mundiais que a Igreja Cat\u00f3lica tem ao redor da Terra.<\/span><\/p>\n<p class=\"MsoNormal\" style=\"margin-bottom: .0001pt; line-height: normal;\"><span style=\"font-family: Tahoma, sans-serif; font-size: 12pt;\">Ajude-me a descobrir, irm\u00e3, por que as ra\u00edzes e as bases da Igreja Cat\u00f3lica, mesmo quando assim n\u00e3o se chamava, foram os que assassinaram ao Salvador do mundo, no qual a senhora tanto cr\u00ea. Ajude-me a descobrir por que sat\u00e3, em uma das Cordilheiras mais altas da Terra, disse a Cristo: \u201cTodos os reinos da Terra te darei, se prostrado me adorares\u201d.<\/span><\/p>\n<p class=\"MsoNormal\" style=\"margin-bottom: .0001pt; line-height: normal;\"><span style=\"font-family: Tahoma, sans-serif; font-size: 12pt;\">Ajude-me a descobrir por que esses reinos governados por sat\u00e3, com o poder da religi\u00e3o e das religi\u00f5es mais grandes, e o poder politico das na\u00e7\u00f5es da Terra, \u00e9 a institui\u00e7\u00e3o teol\u00f3gica, politica e armamentista, \u00e9 a que marcou esse passado, esse presente, e aspira continuar marcando esse futuro, deixando os fat\u00eddicos rastros de um ontem, com o gemer de uma historia dolorosa, um genoc\u00eddio presente e a demarca\u00e7\u00e3o de um eug\u00eanico futuro. \u00c9 bem prov\u00e1vel, mesmo sem ter muita certeza, de que eu esteja equivocada.<\/span><\/p>\n<p class=\"MsoNormal\" style=\"margin-bottom: .0001pt; line-height: normal;\"><span style=\"font-family: Tahoma, sans-serif; font-size: 12pt;\">Ajude-me a descobrir por que algumas fabricas de armas da atualidade, s\u00e3o indiretamente de propriedade da Igreja Cat\u00f3lica, utilizando uma sagacidade e aud\u00e1cia para que legalmente isto n\u00e3o seja descoberto.<\/span><\/p>\n<p class=\"MsoNormal\" style=\"margin-bottom: .0001pt; line-height: normal;\"><span style=\"font-family: Tahoma, sans-serif; font-size: 12pt;\">Como \u00e9 grandiosa e magnifica a palavra SANTIDADE! Mas, desde adentro desta palavra \u201csantidade\u201d, saem as mortais can\u00e7\u00f5es que, com o silvar das ogivas, se introduzem no cora\u00e7\u00e3o daqueles que n\u00e3o praticam o Catolicismo.<\/span><\/p>\n<p class=\"MsoNormal\" style=\"margin-bottom: .0001pt; line-height: normal;\"><span lang=\"PT-BR\" style=\"font-size: 12.0pt; font-family: 'Tahoma','sans-serif'; mso-ansi-language: PT-BR;\">Ajude-me, irm\u00e3, descobrir o que foi que aconteceu com Cristo neste caso. Por que mudou o Serm\u00e3o da Montanha por labaredas da inquisi\u00e7\u00e3o, e pelas maquinarias toscas que destru\u00edram milh\u00f5es de judeus, meus irm\u00e3os, e milh\u00f5es de crist\u00e3os, meus irm\u00e3os.<\/span><\/p>\n<p class=\"MsoNormal\" style=\"margin-bottom: .0001pt; line-height: normal;\"><span style=\"font-family: Tahoma, sans-serif; font-size: 12pt;\">Por que os ap\u00f3stolos de Cristo, hoje, possuem como nome: \u201ccavaleiros de Colombo\u201d, \u201cmission\u00e1rios de Yarumal\u201d, \u201ccavaleiros de Malta\u201d, \u201cCosanostra\u201d, e o n\u00facleo de ap\u00f3stolos que nos ocupa, por estes dias, o famoso apostolo desse Jesus, chamado \u201cObra de Deus, que soa em nossos ouvidos constantemente com a palavra \u201cOpus Dey\u201d, e outros ap\u00f3stolos e disc\u00edpulos que est\u00e3o esparramados pelo mundo.<\/span><\/p>\n<p class=\"MsoNormal\" style=\"margin-bottom: .0001pt; line-height: normal;\"><span style=\"font-family: Tahoma, sans-serif; font-size: 12pt;\">Lhe solicito, irm\u00e3, que me ajude, indicando-me a qual destes discipulados eu poderia afiliar-me no momento em que esteja convencida dessa magnifica palavra que enche a boca: SANTIDADE; de todos estes grupos de disc\u00edpulos que, de forma bastante inteligente, catequizam amorosamente ao mundo com o sussurro das metralhadoras.<\/span><\/p>\n<p class=\"MsoNormal\" style=\"margin-bottom: .0001pt; line-height: normal;\"><span style=\"font-family: Tahoma, sans-serif; font-size: 12pt;\">Estimada irm\u00e3 Claudia Alexandra de Fatima, lhe reitero: me perdoe. Desculpe-me, talvez, pela aleivosia mal-educada com que estou narrando estes motivos. Nunca fui cat\u00f3lica. Cresci, at\u00e9 neste momento, de gen\u00e9tica judaica, mas se um dia sou convencida de que o meu povo est\u00e1 equivocado, e que aqueles eu assassinaram ao meu irm\u00e3o Jesus Cristo s\u00e3o a Verdade salvadora da humanidade&#8230; me desprendo da minha ra\u00e7a e da minha religi\u00e3o, e serei integrada em alguma dos apostolados que j\u00e1 lhe pronunciei, ou talvez naquele que a senhora est\u00e1 praticando, o qual eu acho que \u00e9 um trabalho de muit\u00edssima caridade com o pr\u00f3ximo, e me sinto com a capacidade e a intelig\u00eancia de lev\u00e1-lo a efeito. No que a senhora puder ajudar-me, tenho a mente e o cora\u00e7\u00e3o abertos, pois posso considerar-me, desde agora, uma disc\u00edpula sua.<\/span><\/p>\n<p class=\"MsoNormal\" style=\"margin-bottom: .0001pt; line-height: normal;\"><span style=\"font-family: Tahoma, sans-serif; font-size: 12pt;\">De antem\u00e3o lhe esclare\u00e7o: que n\u00e3o ignoro que as institui\u00e7\u00f5es da Igreja Cat\u00f3lica amparam milhares de hospitais no mundo, casas de benefic\u00eancia, praticando muita caridade com aqueles que ficaram pobres, fruto da viol\u00eancia que produziram; inclusive pelos conquistadores cat\u00f3licos, nos diferentes pa\u00edses da Terra, desde um polo at\u00e9 o outro.<\/span><\/p>\n<p class=\"MsoNormal\" style=\"margin-bottom: .0001pt; line-height: normal;\"><span style=\"font-family: Tahoma, sans-serif; font-size: 12pt;\">Lhe pe\u00e7o o favor de que me ajude a entender, utilizando como base o que a senhora diz, e que em forma bastante sabia assim exp\u00f5e, que a sua igreja, a que durante todo o tempo, depois de Cristo, aniquilou aos nossos pais com fome, doen\u00e7as e mis\u00e9ria nos guetos, por serem irm\u00e3os do Cristo que mataram, e sob o nome dele, convencendo aos moradores da Terra os quais obedecem as suas leis e o adoram.<\/span><\/p>\n<p class=\"MsoNormal\" style=\"margin-bottom: .0001pt; line-height: normal;\"><span style=\"font-family: Tahoma, sans-serif; font-size: 12pt;\">Sim, \u00e9 verdade que todas as religi\u00f5es da Terra est\u00e3o formadas por seres humanos, os quais possuem as ra\u00edzes amargas do mal, em uma gen\u00e9tica recessiva que arrastraram atrav\u00e9s dos s\u00e9culos, e que aspiram serem salvos com toda a pratica criminosa dos seus delitos. Mas ajude-me a entender e a diferenciar os delitos individuais de cada criatura, os quais podem ser modificados e convertidos e virtudes, e diferenci\u00e1-los dos delitos globais institu\u00eddos, qual \u00e9 o criminoso apostolado da Igreja Cat\u00f3lica, do qual lhe digo mais uma vez: se pode convencer-me de que isso \u00e9 bom, estou pronta para ser inclu\u00edda em algum desses grupos mundiais que foram institu\u00eddos desde o Vaticano.<\/span><\/p>\n<p class=\"MsoNormal\" style=\"margin-bottom: .0001pt; line-height: normal;\"><span style=\"font-family: Tahoma, sans-serif; font-size: 12pt;\">Mas tenho receios sobre algo do que Cristo disse, com referencia a estes tipos de pessoas, quando disse o seguinte, e que se encontra registrado na B\u00edblia, referindo-se aos que fazem o mal misturado com o bem, referindo-se \u00e0queles que enganam, assassinam, e praticam outras criminalidades no nome de Cristo. Aqui lhe transcrevo textualmente o que diz a Santa B\u00edblia, assim chamada pela Igreja Cat\u00f3lica, a qual diz o seguinte: \u201cCuidai-vos dos falsos profetas, os quais vem a v\u00f3s com roupas de ovelhas, mas de adentro s\u00e3o lobos rapazes. Pelos seus frutos os conhecereis\u201d.<\/span><\/p>\n<p class=\"MsoNormal\" style=\"margin-bottom: .0001pt; line-height: normal;\"><span style=\"font-family: Tahoma, sans-serif; font-size: 12pt;\">Como eu posso acreditar, irm\u00e3, em quem cujos frutos s\u00e3o de maldade, de sodomismo ou homossexualismo, de assassinato, de pedofilia, etc, etc?<\/span><\/p>\n<p class=\"MsoNormal\" style=\"margin-bottom: .0001pt; line-height: normal;\"><span style=\"font-family: Tahoma, sans-serif; font-size: 12pt;\">At\u00e9 aqui ainda n\u00e3o estou recha\u00e7ando isto, porque estou buscando a Verdade; a pesar de que nasci na Verdade, porque essa Verdade corre por minhas veias, j\u00e1 que aquele que mataram na cruz \u00e9 o meu irm\u00e3o, ajude-me para acreditar que estes s\u00e3o frutos de seguidores de Deus, de Cristo. Aqui a B\u00edblia continua dizendo: \u201cQue toda boa arvore produz bons frutos\u201d.<\/span><\/p>\n<p class=\"MsoNormal\" style=\"margin-bottom: .0001pt; line-height: normal;\"><span style=\"font-family: Tahoma, sans-serif; font-size: 12pt;\">Mas, diga-me: o que devo fazer para acreditar que as a\u00e7\u00f5es delinquenciais na perpetra\u00e7\u00e3o das distintas classes de delitos, realizados n\u00e3o s\u00f3 por pessoas, pois s\u00e3o atos consumados por institui\u00e7\u00f5es que sustentam o Vaticano, j\u00e1 que aqui nas Sagradas Escrituras diz que \u201ctoda \u00e1rvore boa produz bons frutos, mas a \u00e1rvore deteriorada produz maus frutos. A \u00e1rvore boa n\u00e3o pode produzir maus frutos, nem a \u00e1rvores deteriorada produzir\u00e1 bons frutos. Toda \u00e1rvore que n\u00e3o produz bom fruto, seja cortada e jogada no fogo. Assim que: pelos seus frutos os conhecereis\u201d.<\/span><\/p>\n<p class=\"MsoNormal\" style=\"margin-bottom: .0001pt; line-height: normal;\"><span style=\"font-family: Tahoma, sans-serif; font-size: 12pt;\">\u201cNem todo aquele que me diz \u201cSenhor, senhor\u201d, entrar\u00e1 ao Reino dos C\u00e9us, mas aquele que fizer a vontade do meu Pai que est\u00e1 nos c\u00e9us\u201d. Muitos me dir\u00e3o naquele dia: \u201cSenhor, senhor, n\u00e3o profetizamos em teu nome, e em teu nome lan\u00e7amos dem\u00f4nios, e em teu nome fizemos muitos milagres?\u201d&#8230; Ent\u00e3o lhes protestarei: \u201cNunca vos conheci; apartai-vos de mim, obradores de maldade\u201d.<\/span><\/p>\n<p class=\"MsoNormal\" style=\"margin-bottom: .0001pt; line-height: normal;\"><span style=\"font-family: Tahoma, sans-serif; font-size: 12pt;\">Estimada irm\u00e3 Claudia Alexandra de Fatima, \u00e9 poss\u00edvel que tenhamos algumas diferencias no conceito de \u201ccrist\u00e3o\u201d, e por isso lhe reitero uma vez mais: estamos buscando \u00e9 SABEDORIA, a qual a senhora tanto precisa, e que eu tanto preciso. Apenas o nome de CRISTO, at\u00e9 onde entendi, n\u00e3o \u00e9 suficiente para ser salvas ou salvos. Apenas o nome de Cristo n\u00e3o produz um comportamento exemplar diante de Deus e dos seres humanos. Temos que dialogar com respeito ao grande significado da palavra \u201cCristo\u201d e os efeitos desse poder.<\/span><\/p>\n<p class=\"MsoNormal\" style=\"margin-bottom: .0001pt; line-height: normal;\"><span style=\"font-family: Tahoma, sans-serif; font-size: 12pt;\">E lhe pe\u00e7o, Doutora, que me ajude a entender em que lugar dos c\u00e9us est\u00e3o as legi\u00f5es de cruzados, os quais, no nome de Cristo, assassinaram tantas pessoas que n\u00e3o eram cat\u00f3licas; em qual lugar do c\u00e9u se encontram os Papas cat\u00f3licos que praticaram a inquisi\u00e7\u00e3o a muit\u00edssimos judeus e crist\u00e3os; e se essa \u00e9 a religi\u00e3o que nos salvar\u00e1. Busque-me uma vaga em qualquer dos bra\u00e7os armados do Vaticano, os quais substituem os cruzados dos tempos passados, e outras hordas de assassinos que devastaram uma grande quantidade da humanidade em diferentes lugares da Terra.<\/span><\/p>\n<p class=\"MsoNormal\" style=\"margin-bottom: .0001pt; line-height: normal;\"><span style=\"font-family: Tahoma, sans-serif; font-size: 12pt;\">Ajude-me, irm\u00e3 Doutora&#8230; porque se isto \u00e9 o que se precisa para ir ao c\u00e9u, as fabricas de armas da Igreja Cat\u00f3lica est\u00e3o fabricando os passaportes para percorrer o Cosmos, os S\u00f3is e as gal\u00e1xias.<\/span><\/p>\n<p class=\"MsoNormal\" style=\"margin-bottom: .0001pt; line-height: normal;\"><span style=\"font-family: Tahoma, sans-serif; font-size: 12pt;\">Eu n\u00e3o sei utilizar arma de nenhum tipo, mas se essa \u00e9 a forma de salva\u00e7\u00e3o, teria que come\u00e7ar a preparar-me nesse campo. Desculpe-me, porem das arvores que produzem frutas amargas ou venenosas, ao provar essas frutas, algum mau gesto aparece no nosso rosto.<\/span><\/p>\n<p class=\"MsoNormal\" style=\"margin-bottom: .0001pt; line-height: normal;\"><span style=\"font-family: Tahoma, sans-serif; font-size: 12pt;\">Tenha-me paci\u00eancia, irm\u00e3, e n\u00e3o fique chateada pelo que eu disse. A senhora considera que \u00e9 crist\u00e3 e que pratica o amor, e em uma porcentagem acho que \u00e9 assim, porque a institui\u00e7\u00e3o \u00e0 qual a senhora pertence \u00e9 para esse tipo de praticas amorosas, de conserva\u00e7\u00e3o da vida.<\/span><\/p>\n<p class=\"MsoNormal\" style=\"margin-bottom: .0001pt; line-height: normal;\"><span style=\"font-family: Tahoma, sans-serif; font-size: 12pt;\">Como seria bom, querida irm\u00e3, que a senhora soubesse que esse var\u00e3o chamado Pedro&#8230; se bem que acredito que n\u00e3o ignora de que os guias cat\u00f3licos, a Pedro, o Sim\u00e3o Pedro que andou com Cristo, enganosamente o trocaram por um criminoso chamado Pedro Silvestre, cujas obras deixaram muito que desejar. Porque tampouco a senhora ignora que crucificaram Pedro l\u00e1 em Roma, e foi tratado pelos romanos como um delinquente incendi\u00e1rio.<\/span><\/p>\n<p class=\"MsoNormal\" style=\"margin-bottom: .0001pt; line-height: normal;\"><span style=\"font-family: Tahoma, sans-serif; font-size: 12pt;\">Desejo comunicar-lhe algo que talvez a senhora, irm\u00e3 Alexandra, conhe\u00e7a: que n\u00e3o foi exatamente a Pedro que Cristo se referiu, j\u00e1 que no conhecimento no qual fui educada, Pedro \u00e9 PETER, e Peter \u00e9 PEDRA, e Pedra \u00e9 SEXO. <\/span><b style=\"font-family: Tahoma, sans-serif; font-size: 12pt;\">E a Igreja \u00e0 qual se referiu Cristo: \u00e9 a igreja que pratica a CASTIDADE, n\u00e3o o sodomismo ou homossexualismo e a pedofilia.<\/b><\/p>\n<p class=\"MsoNormal\" style=\"margin-bottom: .0001pt; line-height: normal;\"><span style=\"font-family: Tahoma, sans-serif; font-size: 12pt;\">E os seres mais castos na Terra, at\u00e9 o momento presente, somos n\u00f3s, os Judeus e os Tao\u00edsmo; Doutrina que considero que a senhora n\u00e3o desconhece, a qual praticaram alguma vez os prelados cat\u00f3licos.<\/span><\/p>\n<p class=\"MsoNormal\" style=\"margin-bottom: .0001pt; line-height: normal;\"><span style=\"font-family: Tahoma, sans-serif; font-size: 12pt;\">Saiba irm\u00e3, que espero que a senhora me ajude a entender como com todo esse atropelo calamitoso de delinqu\u00eancia, se possa praticar o amor.<\/span><\/p>\n<p class=\"MsoNormal\" style=\"margin-bottom: .0001pt; line-height: normal;\"><span style=\"font-family: Tahoma, sans-serif; font-size: 12pt;\">No que eu conhe\u00e7o, o amor \u00e9 lei, lei com consci\u00eancia e amor com consci\u00eancia; valorizemos a primeira palavra que a senhora transmitiu neste escrito: a CONSCI\u00caNCIA.<\/span><\/p>\n<p class=\"MsoNormal\" style=\"margin-bottom: .0001pt; line-height: normal;\"><span style=\"font-family: Tahoma, sans-serif; font-size: 12pt;\">Espero, estimada irm\u00e3, que me conven\u00e7a de que as portas do inferno est\u00e3o fechadas e que n\u00e3o ir\u00e3o a esse lugar o mont\u00e3o de delinquentes que a senhora j\u00e1 conhece, os quais pertencem a esta institui\u00e7\u00e3o mundial. E como lhe disse ao principio, se isto for preciso para serem salvos, necessito que a senhora me conven\u00e7a de que este tipo de verdade me salvar\u00e1.<\/span><\/p>\n<p class=\"MsoNormal\" style=\"margin-bottom: .0001pt; line-height: normal;\"><span style=\"font-family: Tahoma, sans-serif; font-size: 12pt;\">Nos nossos seguintes di\u00e1logos lhe solicito que me ajude a diferenciar o que \u00e9 fornicar, e o que \u00e9 adulterar, pois acredito que este dialogo n\u00e3o \u00e9 para tornar-nos inimigas, \u00e9 para unir-nos em Cristo. Considero que sou mais ignorante que a senhora, irm\u00e3, por isso no que puder ajudar-me, estou pronta para ouvir a senhora, e que as nossas palavras possam ser \u00fateis a outras pessoas, as quais est\u00e3o necessitando delas.<\/span><\/p>\n<p class=\"MsoNormal\" style=\"margin-bottom: .0001pt; line-height: normal;\"><span style=\"font-family: Tahoma, sans-serif; font-size: 12pt;\">Temos que seguir dialogando, estimada irm\u00e3, para que me d\u00ea explica\u00e7\u00e3o sobre a caridade que pratica a Igreja Cat\u00f3lica com os pobres, com os miser\u00e1veis, com os doentes; caridade que eles mesmos praticam a si mesmos com os impostos que pagam ao governo do seu pa\u00eds, e que com uma figura chamada \u201cconcordato\u201d, uma porcentagem desses impostos que pagam os pobres, os desvalidos e aqueles que adoeceram, trabalhando para colaborarem com esses impostos. As leis de concordato fazem que uma porcentagem desses impostos sejam direcionados ao Vaticano. Com dito dinheiro, fazem essas obras de caridade; obras de caridade que praticam a si mesmos, os pobres, os desvalidos, aqueles que adoecem com o fruto do seu trabalho.<\/span><\/p>\n<p class=\"MsoNormal\" style=\"margin-bottom: .0001pt; line-height: normal;\"><span style=\"font-family: Tahoma, sans-serif; font-size: 12pt;\">Pressinto, irm\u00e3, que todos os regentes Tao Judeus de Verdade lhe transmitir\u00e3o uma resposta ou uma solicitude com respeito da sua emissiva.<\/span><\/p>\n<p class=\"MsoNormal\" style=\"margin-bottom: .0001pt; line-height: normal;\"><span style=\"font-family: Tahoma, sans-serif; font-size: 12pt;\">Espero que me responda e me ajude, agora que estou interessada em estudar mais a Teologia dos meus pais e do meu irm\u00e3o Jesus Cristo.<\/span><\/p>\n<p class=\"MsoNormal\" style=\"margin-bottom: .0001pt; line-height: normal;\"><span style=\"font-family: Tahoma, sans-serif; font-size: 12pt;\">Tamb\u00e9m estendo a minha m\u00e3o aben\u00e7oando voc\u00ea e a sua fam\u00edlia, para que a luz do conhecimento fulgure na sua consci\u00eancia, daqui em diante, com mais esplendor.<\/span><\/p>\n<p class=\"MsoNormal\" style=\"margin-bottom: .0001pt; line-height: normal;\"><span style=\"font-family: Tahoma, sans-serif; font-size: 12pt;\">A sua amiga, irm\u00e3 e servidora&#8230; SPARWEL.<\/span><\/p>\n<p class=\"MsoNormal\" style=\"margin-bottom: .0001pt; line-height: normal;\"><b style=\"font-size: 14px;\"><span lang=\"PT-BR\" style=\"font-size: 12.0pt; font-family: 'Tahoma','sans-serif'; mso-ansi-language: PT-BR;\">J\u00cdVAKO<\/span><\/b><\/p>\n<p class=\"MsoNormal\" style=\"margin-bottom: .0001pt; line-height: normal;\"><b><span lang=\"PT-BR\" style=\"font-size: 12.0pt; font-family: 'Tahoma','sans-serif'; color: #00b0f0; mso-ansi-language: PT-BR;\">15 de fevereiro de 2014<\/span><\/b><\/p>\n<p class=\"MsoNormal\" style=\"margin-bottom: .0001pt; line-height: normal;\"><span style=\"font-family: Tahoma, sans-serif; font-size: 12pt;\">Aben\u00e7oados sejam todos os filhos do povo de Deus. Presente&#8230; J\u00cdVAKO. Neste dia estou ouvindo a grandiosa aula do Mestre MASHOL\u00c1 pela Emissora das Juventudes, e paralelamente estou averiguando um pouco do impacto do Opus Dei na Col\u00f4mbia. E considero v\u00e1lido colocar isso no coment\u00e1rio: em 1951 \u201cS\u00e3o Jos\u00e9maria\u201d quis que se iniciasse o trabalho do Opus Dei na Col\u00f4mbia. Desde ent\u00e3o, se realiza um trabalho de catequese crist\u00e3 a qual ajuda muitos colombianos a encontrarem Deus na vida ordin\u00e1ria.<\/span><\/p>\n<p class=\"MsoNormal\" style=\"margin-bottom: .0001pt; line-height: normal;\"><span style=\"font-family: Tahoma, sans-serif; font-size: 12pt;\">Isto \u00e9 o que diz no site principal do Opus Dei, na Col\u00f4mbia. O seu representante na Col\u00f4mbia \u00e9 o Vig\u00e1rio Regional, \u00e9 o Monsenhor Hern\u00e1n Salcedo Plazas. No jornal <\/span><i style=\"font-family: Tahoma, sans-serif; font-size: 12pt;\">Espectador<\/i><span style=\"font-family: Tahoma, sans-serif; font-size: 12pt;\">, da Col\u00f4mbia, encontramos isso: \u201cOs numer\u00e1rios vivem nas casas que a congrega\u00e7\u00e3o possui, devem dar todos os seus lucros e estarem dispostos a transladar-se a diferentes cidades, e exercer fun\u00e7\u00f5es de acordo com as necessidades do Opus. Os homens e as mulheres numer\u00e1rios n\u00e3o compartilham nunca o mesmo espa\u00e7o, pois, sendo que n\u00e3o utilizam habito, s\u00e3o celibat\u00e1rios e \u201cdevem evitar as tenta\u00e7\u00f5es\u201d\u201d.<\/span><\/p>\n<p class=\"MsoNormal\" style=\"margin-bottom: .0001pt; line-height: normal;\"><span style=\"font-family: Tahoma, sans-serif; font-size: 12pt;\">Pois, averiguando, se v\u00ea que existem muitos col\u00e9gios do Opus Dei. Uma das principais, a Universidade da Savana, e col\u00e9gios como: <\/span><i style=\"font-family: Tahoma, sans-serif; font-size: 12pt;\">Gimn\u00e1sios de los Cerros<\/i><span style=\"font-family: Tahoma, sans-serif; font-size: 12pt;\"> e Iragu\u00e1, em Bogot\u00e1; Col\u00e9gio Tacurr\u00ed, para meninas, e Juanamb\u00fa, para homens; em Cali. Gin\u00e1sio <\/span><i style=\"font-family: Tahoma, sans-serif; font-size: 12pt;\">Los ALC\u00c1ZARES<\/i><span style=\"font-family: Tahoma, sans-serif; font-size: 12pt;\"> e PINARES, em Medel\u00edn, para citar alguns exemplos.<\/span><\/p>\n<p class=\"MsoNormal\" style=\"margin-bottom: .0001pt; line-height: normal;\"><span style=\"font-family: Tahoma, sans-serif; font-size: 12pt;\">Quisera terminar este coment\u00e1rio perguntando ao Vener\u00e1vel Mestre DAHAMLAKER sobre algo que achei muito interessante, e \u00e9: como fazemos para ser mais esoteristas? Pois eu pude concluir muitas coisas, mas basicamente n\u00e3o resta outro caminho que: a disciplina, a pratica do que mais se puder, dia a dia. No entanto, quisera ouvir algumas orienta\u00e7\u00f5es de vossa merc\u00ea e do Vener\u00e1vel Elohim K\u00daMIDO. Uma sauda\u00e7\u00e3o fraternal, Elohim.<\/span><\/p>\n<p class=\"MsoNormal\" style=\"margin-bottom: .0001pt; line-height: normal;\"><span style=\"font-family: Tahoma, sans-serif; font-size: 12pt;\">Gratid\u00e3o.<\/span><\/p>\n<p class=\"MsoNormal\" style=\"margin-bottom: .0001pt; line-height: normal;\"><b style=\"font-size: 14px;\"><span lang=\"PT-BR\" style=\"font-size: 12.0pt; font-family: 'Tahoma','sans-serif'; mso-ansi-language: PT-BR;\">HASAFEL<\/span><\/b><\/p>\n<p class=\"MsoNormal\" style=\"margin-bottom: .0001pt; line-height: normal;\"><b><span lang=\"PT-BR\" style=\"font-size: 12.0pt; font-family: 'Tahoma','sans-serif'; color: #00b0f0; mso-ansi-language: PT-BR;\">15 de fevereiro de 2014<\/span><\/b><\/p>\n<p class=\"MsoNormal\" style=\"margin-bottom: .0001pt; line-height: normal;\"><span style=\"font-family: Tahoma, sans-serif; font-size: 12pt;\">Obrigado, Vener\u00e1vel Deus K\u00daMIDO, por estas sacras doutrinas que nos ajudam a cada dia estar mais despertos. Um agradecimento muito especial para o Vener\u00e1vel Ravino DAHAMLAKER por sua grande eloqu\u00eancia no momento de expressar estes ensinamentos. Bendito sejam todos os jovens Tao\u00edstas.<\/span><\/p>\n<p class=\"MsoNormal\" style=\"margin-bottom: .0001pt; line-height: normal;\"><b style=\"font-size: 14px;\"><span lang=\"PT-BR\" style=\"font-size: 12.0pt; font-family: 'Tahoma','sans-serif'; mso-ansi-language: PT-BR;\">LINIFES<\/span><\/b><\/p>\n<p class=\"MsoNormal\" style=\"margin-bottom: .0001pt; line-height: normal;\"><b><span lang=\"PT-BR\" style=\"font-size: 12.0pt; font-family: 'Tahoma','sans-serif'; color: #00b0f0; mso-ansi-language: PT-BR;\">15 de fevereiro de 2014<\/span><\/b><\/p>\n<p class=\"MsoNormal\" style=\"margin-bottom: .0001pt; line-height: normal;\"><span style=\"font-family: Tahoma, sans-serif; font-size: 12pt;\">Por mil\u00eanios as cadeias eternas da imposi\u00e7\u00e3o destrutiva da maquinaria da besta, escravizaram e torturaram a humanidade, achatando com o rigor do seu poder a possibilidade de que as almas saiam desse terr\u00edvel girar no pecado, no erro, no delito, no engano mais brutal e insuport\u00e1vel que n\u00f3s, os mortais, sofremos.<\/span><\/p>\n<p class=\"MsoNormal\" style=\"margin-bottom: .0001pt; line-height: normal;\"><span style=\"font-family: Tahoma, sans-serif; font-size: 12pt;\">Porem, umas vozes al\u00e7aram em grito vivo para despertar e reviver as chispas moribundas&#8230; e foram as vozes dos libertadores e redentores que pisaram estes ch\u00e3os, e que pela sua luta, e pela verdade por eles revelada, foram desaparecidos. Mas hoje, se levantam outra vez essas vozes libertadoras e emancipadoras, empunhando a bandeira do conhecimento e da justi\u00e7a nas palavras deste grande Avatara K\u00daMIDO.<\/span><\/p>\n<p class=\"MsoNormal\" style=\"margin-bottom: .0001pt; line-height: normal;\"><span style=\"font-family: Tahoma, sans-serif; font-size: 12pt;\">Oh, Grande Salvador&#8230; eis aqui os vossos filhos, os quais, com ouvidos receptivos, atendemos a vossa palavra salvadora e ao vosso servi\u00e7o nossas exist\u00eancias e a nossa voz para ajudar aos nossos irm\u00e3os, atados pelo engano jesab\u00e9lico yeusita da terr\u00edvel rameira.<\/span><\/p>\n<p class=\"MsoNormal\" style=\"margin-bottom: .0001pt; line-height: normal;\"><span style=\"font-family: Tahoma, sans-serif; font-size: 12pt;\">Obrigado, grande DAHAMLAKER. O vosso trabalho presenteia a esperan\u00e7a \u00e0s almas para um dia pr\u00f3ximo al\u00e7ar o olhar ao c\u00e9u, e tornar os passos aos caminhos de Deus!<\/span><\/p>\n<p class=\"MsoNormal\" style=\"margin-bottom: .0001pt; line-height: normal;\"><b style=\"font-size: 14px;\"><span lang=\"PT-BR\" style=\"font-size: 12.0pt; font-family: 'Tahoma','sans-serif'; mso-ansi-language: PT-BR;\">16. DRAG\u00d3N ESPARAVEL<\/span><\/b><\/p>\n<p class=\"MsoNormal\" style=\"margin-bottom: .0001pt; line-height: normal;\"><b><span lang=\"PT-BR\" style=\"font-size: 12.0pt; font-family: 'Tahoma','sans-serif'; color: #00b0f0; mso-ansi-language: PT-BR;\">15 de fevereiro de 2014<\/span><\/b><\/p>\n<p class=\"MsoNormal\" style=\"margin-bottom: .0001pt; line-height: normal;\"><span style=\"font-family: Tahoma, sans-serif; font-size: 12pt;\">A clareza e a luz demonstra que o Helohim K\u00daMIDO \u00e9 um Regente do Amor.<\/span><\/p>\n<p class=\"MsoNormal\" style=\"margin-bottom: .0001pt; line-height: normal;\"><span style=\"font-family: Tahoma, sans-serif; font-size: 12pt;\">A Claudia Fatima lhe digo: obrigado pelo seu coment\u00e1rio. Isto demonstra que gostou desta informa\u00e7\u00e3o, j\u00e1 que removeu aquela f\u00faria interior que adquire aquele que, sabendo a Verdade que oferece a consci\u00eancia, se nega a si mesmo esta valiosa Verdade, e sente temor de enfrent\u00e1-la e se afunde em um sentido de autocompaix\u00e3o, e busca enfrentar a verdade que sente que percorre todo o seu corpo, e que o retira de seus profundos medos.<\/span><\/p>\n<p class=\"MsoNormal\" style=\"margin-bottom: .0001pt; line-height: normal;\"><span style=\"font-family: Tahoma, sans-serif; font-size: 12pt;\">Lembre-se que voc\u00ea pesquisou ou esquadrinhou esta informa\u00e7\u00e3o e \u00e9 sabedora de que do que mais tem medo \u00e9 do que corre pelos seus genes, ou seja, a verdade que um dia vibrar\u00e1 em todo o seu corpo, como \u00e0quele que cre que n\u00e3o existe o ar, e quando sinta falta dele, o inalar\u00e1 com mais forca.<\/span><\/p>\n<p class=\"MsoNormal\" style=\"margin-bottom: .0001pt; line-height: normal;\"><span style=\"font-family: Tahoma, sans-serif; font-size: 12pt;\">A sua predica ou coment\u00e1rio demonstra que gostou desta informa\u00e7\u00e3o, \u00e0 qual resiste como aquele que cr\u00ea que pode viver sem agua, sem ar, sem fogo, sem terra ou g\u00e9ia. Esse \u00e9 o amor que perdeu o seu primeiro amor, e mesmo que resista, j\u00e1 vibrou com ele.<\/span><\/p>\n<p class=\"MsoNormal\" style=\"margin-bottom: .0001pt; line-height: normal;\"><span style=\"font-family: Tahoma, sans-serif; font-size: 12pt;\">A estimo. A senhora \u00e9 uma difusora desta Doutrina e por dentro ressoa em sua consci\u00eancia, pois come\u00e7ou a despertar e est\u00e1 na luta por n\u00e3o estar magoada contra o que lhe da a vida. Isso a motiva a deixar os seus coment\u00e1rios, a discernir, a predicar sobre o que a senhora sabe que \u00e9 inevit\u00e1vel: um mundo mais entregado \u00e0 busca do conhecimento ou conhecisserto.<\/span><\/p>\n<p class=\"MsoNormal\" style=\"margin-bottom: .0001pt; line-height: normal;\"><span style=\"font-family: Tahoma, sans-serif; font-size: 12pt;\">Que Deus lhe ajude a n\u00e3o afogar a sua consci\u00eancia no dilema de atacar, o que a faz livre e ver-se como fiel e verdadeira, para praticar mais a n\u00e3o viola\u00e7\u00e3o da consci\u00eancia.<\/span><\/p>\n<p class=\"MsoNormal\" style=\"margin-bottom: .0001pt; line-height: normal;\"><span style=\"font-family: Tahoma, sans-serif; font-size: 12pt;\">Uma sauda\u00e7\u00e3o amiga. Quando considere que precisa de algo, observe para ver quem \u00e9 que pode saci\u00e1-la. Observe o ar, o fogo, a agua, observe a terra e assimile o \u00e9ter prana do amanhecer, e caminha inalando mais ar do que nunca, e este te dar\u00e1 a l\u00f3gica de tudo o que anelas. Est\u00e1 dentro de ti, e os regentes est\u00e3o dentro de ti. N\u00e3o os combata. N\u00e3o os negue, pois seria negar a agua, a terra, o fogo, o ar, o \u00e9ter, Eles e o Verbo, que \u00e9 o SOM, mais a cor&#8230; te dar\u00e3o uma vida melhor.<\/span><\/p>\n<p class=\"MsoNormal\" style=\"margin-bottom: .0001pt; line-height: normal;\"><span style=\"font-family: Tahoma, sans-serif; font-size: 12pt;\">Gratid\u00e3o a quem nos deu a vida, os Helohims, os quais despertaram os sentidos e nos liberaram do jugo da mente&#8230; KELIUM e SAMAEL. Um convite para amar a este ser que deixou o seu coment\u00e1rio, pois ainda navega nas r\u00e9deas da ignor\u00e2ncia, mas que em uma porcentagem despertou; por isso observa esta programa\u00e7\u00e3o.<\/span><\/p>\n<p class=\"MsoNormal\" style=\"margin-bottom: .0001pt; line-height: normal;\"><b><span lang=\"PT-BR\" style=\"font-size: 12.0pt; font-family: 'Tahoma','sans-serif'; mso-ansi-language: PT-BR;\">HASUIT<\/span><\/b><\/p>\n<p class=\"MsoListParagraphCxSpFirst\" style=\"margin-bottom: .0001pt; mso-add-space: auto; line-height: normal;\"><b><span lang=\"PT-BR\" style=\"font-size: 12.0pt; font-family: 'Tahoma','sans-serif'; color: #00b0f0; mso-ansi-language: PT-BR;\">15 de fevereiro de 2014<\/span><\/b><\/p>\n<p class=\"MsoListParagraphCxSpMiddle\" style=\"margin-bottom: .0001pt; mso-add-space: auto; line-height: normal;\"><span style=\"font-family: Tahoma, sans-serif; font-size: 12pt;\">Obrigado por serem comendadores da miss\u00e3o de Deus e dos Helohims. A obra que voc\u00eas realizam \u00e9 grandios\u00edssima, comunicando ao mundo, a este planeta Geagmus todas as verdades a respeito do Vaticano e todas essas pervers\u00f5es \u00e0 humanidade que precisa realmente saber da verdade e deixar de acreditar nos matolicos; da mesma forma que os sionistas e os ma\u00e7\u00f5es.<\/span><\/p>\n<p class=\"MsoListParagraphCxSpMiddle\" style=\"margin-bottom: .0001pt; mso-add-space: auto; line-height: normal;\"><span style=\"font-family: Tahoma, sans-serif; font-size: 12pt;\">Obrigado por esse grande valor, ao trazer essas mensagens, as quais despertar\u00e3o as nossas consci\u00eancias.<\/span><\/p>\n","protected":false},"excerpt":{"rendered":"<p>\u00a013 de fevereiro de 2014 Vener\u00e1veis Seres, os quais todos os dias chegam para conhecer o despertar, mediante estes escritos: hoje, novamente saudamos todos voc\u00eas, com o objetivo de que seja a abundancia em conhecimentos e conhecissertos, buscando que a Verdade os liberte do pecado e da corrup\u00e7\u00e3o que a rameira JEZABEL gravou, maldosamente, nos [&hellip;]<\/p>\n","protected":false},"author":6,"featured_media":7985,"comment_status":"open","ping_status":"open","sticky":false,"template":"","format":"standard","meta":{"_et_pb_use_builder":"","_et_pb_old_content":"","_et_gb_content_width":"","footnotes":""},"categories":[846,857,858],"tags":[1047,1046,1045,1044,1043,1040,1042],"class_list":["post-9165","post","type-post","status-publish","format-standard","has-post-thumbnail","hentry","category-blog-pt-br","category-conspiracao-pt-br","category-destaque","tag-estado-catolico","tag-guerra-civil-espanhola","tag-jose-maria-escriva-de-balaguer","tag-o-opus-dei-a-conquista-do-mundo-por-thierry-meyssan","tag-rameira-jezabel","tag-sacerdotes-catolicos-culpaveis","tag-senhor-kumido"],"_links":{"self":[{"href":"https:\/\/www.joventaoista.org\/pt-br\/wp-json\/wp\/v2\/posts\/9165","targetHints":{"allow":["GET"]}}],"collection":[{"href":"https:\/\/www.joventaoista.org\/pt-br\/wp-json\/wp\/v2\/posts"}],"about":[{"href":"https:\/\/www.joventaoista.org\/pt-br\/wp-json\/wp\/v2\/types\/post"}],"author":[{"embeddable":true,"href":"https:\/\/www.joventaoista.org\/pt-br\/wp-json\/wp\/v2\/users\/6"}],"replies":[{"embeddable":true,"href":"https:\/\/www.joventaoista.org\/pt-br\/wp-json\/wp\/v2\/comments?post=9165"}],"version-history":[{"count":0,"href":"https:\/\/www.joventaoista.org\/pt-br\/wp-json\/wp\/v2\/posts\/9165\/revisions"}],"wp:featuredmedia":[{"embeddable":true,"href":"https:\/\/www.joventaoista.org\/pt-br\/wp-json\/wp\/v2\/media\/7985"}],"wp:attachment":[{"href":"https:\/\/www.joventaoista.org\/pt-br\/wp-json\/wp\/v2\/media?parent=9165"}],"wp:term":[{"taxonomy":"category","embeddable":true,"href":"https:\/\/www.joventaoista.org\/pt-br\/wp-json\/wp\/v2\/categories?post=9165"},{"taxonomy":"post_tag","embeddable":true,"href":"https:\/\/www.joventaoista.org\/pt-br\/wp-json\/wp\/v2\/tags?post=9165"}],"curies":[{"name":"wp","href":"https:\/\/api.w.org\/{rel}","templated":true}]}}